{"id":11985,"date":"2019-09-24T11:15:35","date_gmt":"2019-09-24T11:15:35","guid":{"rendered":"http:\/\/www.marocchallenge.eu\/winter-2019-jumilla-se-vuelca-con-la-salida\/"},"modified":"2020-04-30T05:07:06","modified_gmt":"2020-04-30T05:07:06","slug":"winter-2019-jumilla-prepares-to-host-the-maroc-inauguration","status":"publish","type":"post","link":"https:\/\/www.marocchallenge.com\/en\/winter-2019-jumilla-prepares-to-host-the-maroc-inauguration\/","title":{"rendered":"WINTER 2019: JUMILLA PREPARES TO HOST THE MAROC INAUGURATION"},"content":{"rendered":"<p><img decoding=\"async\" class=\"alignnone size-full wp-image-9315\" src=\"https:\/\/senegalchallenge.com\/wp-content\/uploads\/sites\/5\/2019\/12\/Jumilla-Spain.jpg\" alt=\"\" width=\"1280\" height=\"687\" \/><\/p>\n<h2>Jumilla will host the departure of the Maroc Challenge for the sixth time, starting November 29th and running till December 7th. The Murcian city, well known for its quality wines, will host the official departure headquarters for the next winter edition and will be the meeting point for the rally on November 29th and 30th.<\/h2>\n<p>Participants will start arriving in Jumilla on Friday, November 29th, when the technical and administrative checks will be carried out. The official departure will start at 09.00 am on Saturday from the Paseo Lorenzo Guardiola. Jumilla&#8217;s enthusiastic followers have prepared various events to celebrate the passage of the event through the city.\u00a0 The departure has had to bring its schedule forward compared to previous editions because boarding, in the port of Motril, is scheduled at 15.30.<\/p>\n<p>The event was presented this Friday in the City Council press room and the act was presided over by the mayor, Juana Guardiola, along with the Sports Councilor, Jos\u00e9 Antonio Jim\u00e9nez, the Maroc Challenge briefingman, Rui Caba\u00e7o, the head of assistance, Julio Tom\u00e1s, as well as Antonio T\u00e1rraga, representing club 4-4 Montesinos, which is the alma mater of the departure organisation.<\/p>\n<p>Both the mayor, Juana Guardiola, and the sports councilor, Jos\u00e9 Antonio Jim\u00e9nez, have highlighted &#8220;the importance that this race has chosen Jumilla as its starting point for the sixth time&#8221;. Rui Caba\u00e7o has expressed his satisfaction with the &#8220;media impact of the event, which is continually increasing on an international level&#8221;. For his part, Julio Tom\u00e1s has pointed out that &#8220;more and more technical means are used in order to make the participants increasingly comfortable and safe&#8221;, while Antonio T\u00e1rraga has indicated that &#8220;it is a source of great pride to see the race returning to Jumilla&#8221;<\/p>\n<p>&nbsp;<\/p>\n","protected":false},"excerpt":{"rendered":"<p>Jumilla will host the departure of the Maroc Challenge for<\/p>\n","protected":false},"author":5,"featured_media":10982,"comment_status":"closed","ping_status":"closed","sticky":false,"template":"","format":"standard","meta":{"footnotes":""},"categories":[90],"tags":[],"class_list":["post-11985","post","type-post","status-publish","format-standard","has-post-thumbnail","hentry","category-noticias-en"],"yoast_head":"<!-- This site is optimized with the Yoast SEO plugin v27.4 - https:\/\/yoast.com\/product\/yoast-seo-wordpress\/ -->\n<title>WINTER 2019 - JUMILLA PREPARES TO HOST THE MAROC<\/title>\n<meta name=\"description\" content=\"Jumilla will host the departure of the Maroc Challenge for the sixth time, starting November 29th and running till December 7th.\" \/>\n<meta name=\"robots\" content=\"index, follow, max-snippet:-1, max-image-preview:large, max-video-preview:-1\" \/>\n<link rel=\"canonical\" href=\"https:\/\/www.marocchallenge.com\/en\/winter-2019-jumilla-prepares-to-host-the-maroc-inauguration\/\" \/>\n<meta property=\"og:locale\" content=\"en_US\" \/>\n<meta property=\"og:type\" content=\"article\" \/>\n<meta property=\"og:title\" content=\"WINTER 2019 - JUMILLA PREPARES TO HOST THE MAROC\" \/>\n<meta property=\"og:description\" content=\"Jumilla will host the departure of the Maroc Challenge for the sixth time, starting November 29th and running till December 7th.\" \/>\n<meta property=\"og:url\" content=\"https:\/\/www.marocchallenge.com\/en\/winter-2019-jumilla-prepares-to-host-the-maroc-inauguration\/\" \/>\n<meta property=\"og:site_name\" content=\"Maroc Challenge\" \/>\n<meta property=\"article:publisher\" content=\"https:\/\/www.facebook.com\/MarocChallenge\/\" \/>\n<meta property=\"article:published_time\" content=\"2019-09-24T11:15:35+00:00\" \/>\n<meta property=\"article:modified_time\" content=\"2020-04-30T05:07:06+00:00\" \/>\n<meta property=\"og:image\" content=\"https:\/\/www.marocchallenge.com\/wp-content\/uploads\/2019\/09\/Jumilla-Spain.jpg\" \/>\n\t<meta property=\"og:image:width\" content=\"800\" \/>\n\t<meta property=\"og:image:height\" content=\"418\" \/>\n\t<meta property=\"og:image:type\" content=\"image\/jpeg\" \/>\n<meta name=\"author\" content=\"Angel Reig\" \/>\n<meta name=\"twitter:card\" content=\"summary_large_image\" \/>\n<meta name=\"twitter:creator\" content=\"@marochallenge\" \/>\n<meta name=\"twitter:site\" content=\"@marochallenge\" \/>\n<meta name=\"twitter:label1\" content=\"Written by\" \/>\n\t<meta name=\"twitter:data1\" content=\"Angel Reig\" \/>\n\t<meta name=\"twitter:label2\" content=\"Est. reading time\" \/>\n\t<meta name=\"twitter:data2\" content=\"1 minute\" \/>\n<script type=\"application\/ld+json\" class=\"yoast-schema-graph\">{\"@context\":\"https:\\\/\\\/schema.org\",\"@graph\":[{\"@type\":\"Article\",\"@id\":\"https:\\\/\\\/www.marocchallenge.com\\\/en\\\/winter-2019-jumilla-prepares-to-host-the-maroc-inauguration\\\/#article\",\"isPartOf\":{\"@id\":\"https:\\\/\\\/www.marocchallenge.com\\\/en\\\/winter-2019-jumilla-prepares-to-host-the-maroc-inauguration\\\/\"},\"author\":{\"name\":\"Angel Reig\",\"@id\":\"https:\\\/\\\/www.marocchallenge.com\\\/en\\\/#\\\/schema\\\/person\\\/a2f08c303055ab5b0da4ad6b788f15a1\"},\"headline\":\"WINTER 2019: JUMILLA PREPARES TO HOST THE MAROC INAUGURATION\",\"datePublished\":\"2019-09-24T11:15:35+00:00\",\"dateModified\":\"2020-04-30T05:07:06+00:00\",\"mainEntityOfPage\":{\"@id\":\"https:\\\/\\\/www.marocchallenge.com\\\/en\\\/winter-2019-jumilla-prepares-to-host-the-maroc-inauguration\\\/\"},\"wordCount\":305,\"publisher\":{\"@id\":\"https:\\\/\\\/www.marocchallenge.com\\\/en\\\/#organization\"},\"image\":{\"@id\":\"https:\\\/\\\/www.marocchallenge.com\\\/en\\\/winter-2019-jumilla-prepares-to-host-the-maroc-inauguration\\\/#primaryimage\"},\"thumbnailUrl\":\"https:\\\/\\\/www.marocchallenge.com\\\/wp-content\\\/uploads\\\/2019\\\/09\\\/Jumilla-Spain.jpg\",\"articleSection\":[\"Noticias\"],\"inLanguage\":\"en-US\"},{\"@type\":\"WebPage\",\"@id\":\"https:\\\/\\\/www.marocchallenge.com\\\/en\\\/winter-2019-jumilla-prepares-to-host-the-maroc-inauguration\\\/\",\"url\":\"https:\\\/\\\/www.marocchallenge.com\\\/en\\\/winter-2019-jumilla-prepares-to-host-the-maroc-inauguration\\\/\",\"name\":\"WINTER 2019 - JUMILLA PREPARES TO HOST THE MAROC\",\"isPartOf\":{\"@id\":\"https:\\\/\\\/www.marocchallenge.com\\\/en\\\/#website\"},\"primaryImageOfPage\":{\"@id\":\"https:\\\/\\\/www.marocchallenge.com\\\/en\\\/winter-2019-jumilla-prepares-to-host-the-maroc-inauguration\\\/#primaryimage\"},\"image\":{\"@id\":\"https:\\\/\\\/www.marocchallenge.com\\\/en\\\/winter-2019-jumilla-prepares-to-host-the-maroc-inauguration\\\/#primaryimage\"},\"thumbnailUrl\":\"https:\\\/\\\/www.marocchallenge.com\\\/wp-content\\\/uploads\\\/2019\\\/09\\\/Jumilla-Spain.jpg\",\"datePublished\":\"2019-09-24T11:15:35+00:00\",\"dateModified\":\"2020-04-30T05:07:06+00:00\",\"description\":\"Jumilla will host the departure of the Maroc Challenge for the sixth time, starting November 29th and running till December 7th.\",\"breadcrumb\":{\"@id\":\"https:\\\/\\\/www.marocchallenge.com\\\/en\\\/winter-2019-jumilla-prepares-to-host-the-maroc-inauguration\\\/#breadcrumb\"},\"inLanguage\":\"en-US\",\"potentialAction\":[{\"@type\":\"ReadAction\",\"target\":[\"https:\\\/\\\/www.marocchallenge.com\\\/en\\\/winter-2019-jumilla-prepares-to-host-the-maroc-inauguration\\\/\"]}]},{\"@type\":\"ImageObject\",\"inLanguage\":\"en-US\",\"@id\":\"https:\\\/\\\/www.marocchallenge.com\\\/en\\\/winter-2019-jumilla-prepares-to-host-the-maroc-inauguration\\\/#primaryimage\",\"url\":\"https:\\\/\\\/www.marocchallenge.com\\\/wp-content\\\/uploads\\\/2019\\\/09\\\/Jumilla-Spain.jpg\",\"contentUrl\":\"https:\\\/\\\/www.marocchallenge.com\\\/wp-content\\\/uploads\\\/2019\\\/09\\\/Jumilla-Spain.jpg\",\"width\":800,\"height\":418,\"caption\":\"Salida oficial jumilla\"},{\"@type\":\"BreadcrumbList\",\"@id\":\"https:\\\/\\\/www.marocchallenge.com\\\/en\\\/winter-2019-jumilla-prepares-to-host-the-maroc-inauguration\\\/#breadcrumb\",\"itemListElement\":[{\"@type\":\"ListItem\",\"position\":1,\"name\":\"Portada\",\"item\":\"https:\\\/\\\/www.marocchallenge.com\\\/en\\\/\"},{\"@type\":\"ListItem\",\"position\":2,\"name\":\"WINTER 2019: JUMILLA PREPARES TO HOST THE MAROC INAUGURATION\"}]},{\"@type\":\"WebSite\",\"@id\":\"https:\\\/\\\/www.marocchallenge.com\\\/en\\\/#website\",\"url\":\"https:\\\/\\\/www.marocchallenge.com\\\/en\\\/\",\"name\":\"Maroc Challenge\",\"description\":\"The Dakar of the 70's for today's adventurers\",\"publisher\":{\"@id\":\"https:\\\/\\\/www.marocchallenge.com\\\/en\\\/#organization\"},\"potentialAction\":[{\"@type\":\"SearchAction\",\"target\":{\"@type\":\"EntryPoint\",\"urlTemplate\":\"https:\\\/\\\/www.marocchallenge.com\\\/en\\\/?s={search_term_string}\"},\"query-input\":{\"@type\":\"PropertyValueSpecification\",\"valueRequired\":true,\"valueName\":\"search_term_string\"}}],\"inLanguage\":\"en-US\"},{\"@type\":\"Organization\",\"@id\":\"https:\\\/\\\/www.marocchallenge.com\\\/en\\\/#organization\",\"name\":\"Maroc Challenge - El Dakar de los 70's para los aventureros de hoy\",\"url\":\"https:\\\/\\\/www.marocchallenge.com\\\/en\\\/\",\"logo\":{\"@type\":\"ImageObject\",\"inLanguage\":\"en-US\",\"@id\":\"https:\\\/\\\/www.marocchallenge.com\\\/en\\\/#\\\/schema\\\/logo\\\/image\\\/\",\"url\":\"https:\\\/\\\/www.marocchallenge.com\\\/wp-content\\\/uploads\\\/2020\\\/03\\\/Logo-Maroc_Challenge.png\",\"contentUrl\":\"https:\\\/\\\/www.marocchallenge.com\\\/wp-content\\\/uploads\\\/2020\\\/03\\\/Logo-Maroc_Challenge.png\",\"width\":170,\"height\":96,\"caption\":\"Maroc Challenge - El Dakar de los 70's para los aventureros de hoy\"},\"image\":{\"@id\":\"https:\\\/\\\/www.marocchallenge.com\\\/en\\\/#\\\/schema\\\/logo\\\/image\\\/\"},\"sameAs\":[\"https:\\\/\\\/www.facebook.com\\\/MarocChallenge\\\/\",\"https:\\\/\\\/x.com\\\/marochallenge\",\"https:\\\/\\\/www.instagram.com\\\/marocchallenge\\\/\",\"https:\\\/\\\/www.linkedin.com\\\/company\\\/maroc-challenge\",\"https:\\\/\\\/www.youtube.com\\\/user\\\/MarocChallenge\"]},{\"@type\":\"Person\",\"@id\":\"https:\\\/\\\/www.marocchallenge.com\\\/en\\\/#\\\/schema\\\/person\\\/a2f08c303055ab5b0da4ad6b788f15a1\",\"name\":\"Angel Reig\",\"image\":{\"@type\":\"ImageObject\",\"inLanguage\":\"en-US\",\"@id\":\"https:\\\/\\\/secure.gravatar.com\\\/avatar\\\/4e3ec081afc2d81d22c7c54c309c01cc86a8927798cad3495fc1087930fa385e?s=96&d=mm&r=g\",\"url\":\"https:\\\/\\\/secure.gravatar.com\\\/avatar\\\/4e3ec081afc2d81d22c7c54c309c01cc86a8927798cad3495fc1087930fa385e?s=96&d=mm&r=g\",\"contentUrl\":\"https:\\\/\\\/secure.gravatar.com\\\/avatar\\\/4e3ec081afc2d81d22c7c54c309c01cc86a8927798cad3495fc1087930fa385e?s=96&d=mm&r=g\",\"caption\":\"Angel Reig\"}}]}<\/script>\n<!-- \/ Yoast SEO plugin. -->","yoast_head_json":{"title":"WINTER 2019 - JUMILLA PREPARES TO HOST THE MAROC","description":"Jumilla will host the departure of the Maroc Challenge for the sixth time, starting November 29th and running till December 7th.","robots":{"index":"index","follow":"follow","max-snippet":"max-snippet:-1","max-image-preview":"max-image-preview:large","max-video-preview":"max-video-preview:-1"},"canonical":"https:\/\/www.marocchallenge.com\/en\/winter-2019-jumilla-prepares-to-host-the-maroc-inauguration\/","og_locale":"en_US","og_type":"article","og_title":"WINTER 2019 - JUMILLA PREPARES TO HOST THE MAROC","og_description":"Jumilla will host the departure of the Maroc Challenge for the sixth time, starting November 29th and running till December 7th.","og_url":"https:\/\/www.marocchallenge.com\/en\/winter-2019-jumilla-prepares-to-host-the-maroc-inauguration\/","og_site_name":"Maroc Challenge","article_publisher":"https:\/\/www.facebook.com\/MarocChallenge\/","article_published_time":"2019-09-24T11:15:35+00:00","article_modified_time":"2020-04-30T05:07:06+00:00","og_image":[{"width":800,"height":418,"url":"https:\/\/www.marocchallenge.com\/wp-content\/uploads\/2019\/09\/Jumilla-Spain.jpg","type":"image\/jpeg"}],"author":"Angel Reig","twitter_card":"summary_large_image","twitter_creator":"@marochallenge","twitter_site":"@marochallenge","twitter_misc":{"Written by":"Angel Reig","Est. reading time":"1 minute"},"schema":{"@context":"https:\/\/schema.org","@graph":[{"@type":"Article","@id":"https:\/\/www.marocchallenge.com\/en\/winter-2019-jumilla-prepares-to-host-the-maroc-inauguration\/#article","isPartOf":{"@id":"https:\/\/www.marocchallenge.com\/en\/winter-2019-jumilla-prepares-to-host-the-maroc-inauguration\/"},"author":{"name":"Angel Reig","@id":"https:\/\/www.marocchallenge.com\/en\/#\/schema\/person\/a2f08c303055ab5b0da4ad6b788f15a1"},"headline":"WINTER 2019: JUMILLA PREPARES TO HOST THE MAROC INAUGURATION","datePublished":"2019-09-24T11:15:35+00:00","dateModified":"2020-04-30T05:07:06+00:00","mainEntityOfPage":{"@id":"https:\/\/www.marocchallenge.com\/en\/winter-2019-jumilla-prepares-to-host-the-maroc-inauguration\/"},"wordCount":305,"publisher":{"@id":"https:\/\/www.marocchallenge.com\/en\/#organization"},"image":{"@id":"https:\/\/www.marocchallenge.com\/en\/winter-2019-jumilla-prepares-to-host-the-maroc-inauguration\/#primaryimage"},"thumbnailUrl":"https:\/\/www.marocchallenge.com\/wp-content\/uploads\/2019\/09\/Jumilla-Spain.jpg","articleSection":["Noticias"],"inLanguage":"en-US"},{"@type":"WebPage","@id":"https:\/\/www.marocchallenge.com\/en\/winter-2019-jumilla-prepares-to-host-the-maroc-inauguration\/","url":"https:\/\/www.marocchallenge.com\/en\/winter-2019-jumilla-prepares-to-host-the-maroc-inauguration\/","name":"WINTER 2019 - JUMILLA PREPARES TO HOST THE MAROC","isPartOf":{"@id":"https:\/\/www.marocchallenge.com\/en\/#website"},"primaryImageOfPage":{"@id":"https:\/\/www.marocchallenge.com\/en\/winter-2019-jumilla-prepares-to-host-the-maroc-inauguration\/#primaryimage"},"image":{"@id":"https:\/\/www.marocchallenge.com\/en\/winter-2019-jumilla-prepares-to-host-the-maroc-inauguration\/#primaryimage"},"thumbnailUrl":"https:\/\/www.marocchallenge.com\/wp-content\/uploads\/2019\/09\/Jumilla-Spain.jpg","datePublished":"2019-09-24T11:15:35+00:00","dateModified":"2020-04-30T05:07:06+00:00","description":"Jumilla will host the departure of the Maroc Challenge for the sixth time, starting November 29th and running till December 7th.","breadcrumb":{"@id":"https:\/\/www.marocchallenge.com\/en\/winter-2019-jumilla-prepares-to-host-the-maroc-inauguration\/#breadcrumb"},"inLanguage":"en-US","potentialAction":[{"@type":"ReadAction","target":["https:\/\/www.marocchallenge.com\/en\/winter-2019-jumilla-prepares-to-host-the-maroc-inauguration\/"]}]},{"@type":"ImageObject","inLanguage":"en-US","@id":"https:\/\/www.marocchallenge.com\/en\/winter-2019-jumilla-prepares-to-host-the-maroc-inauguration\/#primaryimage","url":"https:\/\/www.marocchallenge.com\/wp-content\/uploads\/2019\/09\/Jumilla-Spain.jpg","contentUrl":"https:\/\/www.marocchallenge.com\/wp-content\/uploads\/2019\/09\/Jumilla-Spain.jpg","width":800,"height":418,"caption":"Salida oficial jumilla"},{"@type":"BreadcrumbList","@id":"https:\/\/www.marocchallenge.com\/en\/winter-2019-jumilla-prepares-to-host-the-maroc-inauguration\/#breadcrumb","itemListElement":[{"@type":"ListItem","position":1,"name":"Portada","item":"https:\/\/www.marocchallenge.com\/en\/"},{"@type":"ListItem","position":2,"name":"WINTER 2019: JUMILLA PREPARES TO HOST THE MAROC INAUGURATION"}]},{"@type":"WebSite","@id":"https:\/\/www.marocchallenge.com\/en\/#website","url":"https:\/\/www.marocchallenge.com\/en\/","name":"Maroc Challenge","description":"The Dakar of the 70's for today's adventurers","publisher":{"@id":"https:\/\/www.marocchallenge.com\/en\/#organization"},"potentialAction":[{"@type":"SearchAction","target":{"@type":"EntryPoint","urlTemplate":"https:\/\/www.marocchallenge.com\/en\/?s={search_term_string}"},"query-input":{"@type":"PropertyValueSpecification","valueRequired":true,"valueName":"search_term_string"}}],"inLanguage":"en-US"},{"@type":"Organization","@id":"https:\/\/www.marocchallenge.com\/en\/#organization","name":"Maroc Challenge - El Dakar de los 70's para los aventureros de hoy","url":"https:\/\/www.marocchallenge.com\/en\/","logo":{"@type":"ImageObject","inLanguage":"en-US","@id":"https:\/\/www.marocchallenge.com\/en\/#\/schema\/logo\/image\/","url":"https:\/\/www.marocchallenge.com\/wp-content\/uploads\/2020\/03\/Logo-Maroc_Challenge.png","contentUrl":"https:\/\/www.marocchallenge.com\/wp-content\/uploads\/2020\/03\/Logo-Maroc_Challenge.png","width":170,"height":96,"caption":"Maroc Challenge - El Dakar de los 70's para los aventureros de hoy"},"image":{"@id":"https:\/\/www.marocchallenge.com\/en\/#\/schema\/logo\/image\/"},"sameAs":["https:\/\/www.facebook.com\/MarocChallenge\/","https:\/\/x.com\/marochallenge","https:\/\/www.instagram.com\/marocchallenge\/","https:\/\/www.linkedin.com\/company\/maroc-challenge","https:\/\/www.youtube.com\/user\/MarocChallenge"]},{"@type":"Person","@id":"https:\/\/www.marocchallenge.com\/en\/#\/schema\/person\/a2f08c303055ab5b0da4ad6b788f15a1","name":"Angel Reig","image":{"@type":"ImageObject","inLanguage":"en-US","@id":"https:\/\/secure.gravatar.com\/avatar\/4e3ec081afc2d81d22c7c54c309c01cc86a8927798cad3495fc1087930fa385e?s=96&d=mm&r=g","url":"https:\/\/secure.gravatar.com\/avatar\/4e3ec081afc2d81d22c7c54c309c01cc86a8927798cad3495fc1087930fa385e?s=96&d=mm&r=g","contentUrl":"https:\/\/secure.gravatar.com\/avatar\/4e3ec081afc2d81d22c7c54c309c01cc86a8927798cad3495fc1087930fa385e?s=96&d=mm&r=g","caption":"Angel Reig"}}]}},"_links":{"self":[{"href":"https:\/\/www.marocchallenge.com\/en\/wp-json\/wp\/v2\/posts\/11985","targetHints":{"allow":["GET"]}}],"collection":[{"href":"https:\/\/www.marocchallenge.com\/en\/wp-json\/wp\/v2\/posts"}],"about":[{"href":"https:\/\/www.marocchallenge.com\/en\/wp-json\/wp\/v2\/types\/post"}],"author":[{"embeddable":true,"href":"https:\/\/www.marocchallenge.com\/en\/wp-json\/wp\/v2\/users\/5"}],"replies":[{"embeddable":true,"href":"https:\/\/www.marocchallenge.com\/en\/wp-json\/wp\/v2\/comments?post=11985"}],"version-history":[{"count":4,"href":"https:\/\/www.marocchallenge.com\/en\/wp-json\/wp\/v2\/posts\/11985\/revisions"}],"predecessor-version":[{"id":11990,"href":"https:\/\/www.marocchallenge.com\/en\/wp-json\/wp\/v2\/posts\/11985\/revisions\/11990"}],"wp:featuredmedia":[{"embeddable":true,"href":"https:\/\/www.marocchallenge.com\/en\/wp-json\/wp\/v2\/media\/10982"}],"wp:attachment":[{"href":"https:\/\/www.marocchallenge.com\/en\/wp-json\/wp\/v2\/media?parent=11985"}],"wp:term":[{"taxonomy":"category","embeddable":true,"href":"https:\/\/www.marocchallenge.com\/en\/wp-json\/wp\/v2\/categories?post=11985"},{"taxonomy":"post_tag","embeddable":true,"href":"https:\/\/www.marocchallenge.com\/en\/wp-json\/wp\/v2\/tags?post=11985"}],"curies":[{"name":"wp","href":"https:\/\/api.w.org\/{rel}","templated":true}]}}