{"id":11971,"date":"2019-02-20T10:25:35","date_gmt":"2019-02-20T10:25:35","guid":{"rendered":"http:\/\/www.marocchallenge.eu\/ya-tenemos-el-recorrido-para-la-spring-2019\/"},"modified":"2020-04-30T07:13:05","modified_gmt":"2020-04-30T07:13:05","slug":"ca-y-est-le-parcours-de-la-spring-2019-est-pres","status":"publish","type":"post","link":"https:\/\/www.marocchallenge.com\/fr\/ca-y-est-le-parcours-de-la-spring-2019-est-pres\/","title":{"rendered":"\u00c7A Y EST, LE PARCOURS DE LA SPRING 2019 EST PR\u00c8S"},"content":{"rendered":"<p><img decoding=\"async\" class=\"alignnone wp-image-12189 size-full\" src=\"http:\/\/www.marocchallenge.eu\/wp-content\/uploads\/2019\/02\/aq.jpg\" alt=\"\" width=\"1200\" height=\"675\" srcset=\"https:\/\/www.marocchallenge.com\/wp-content\/uploads\/2019\/02\/aq-200x113.jpg 200w, https:\/\/www.marocchallenge.com\/wp-content\/uploads\/2019\/02\/aq-300x169.jpg 300w, https:\/\/www.marocchallenge.com\/wp-content\/uploads\/2019\/02\/aq-400x225.jpg 400w, https:\/\/www.marocchallenge.com\/wp-content\/uploads\/2019\/02\/aq-600x338.jpg 600w, https:\/\/www.marocchallenge.com\/wp-content\/uploads\/2019\/02\/aq-768x432.jpg 768w, https:\/\/www.marocchallenge.com\/wp-content\/uploads\/2019\/02\/aq-800x450.jpg 800w, https:\/\/www.marocchallenge.com\/wp-content\/uploads\/2019\/02\/aq-1024x576.jpg 1024w, https:\/\/www.marocchallenge.com\/wp-content\/uploads\/2019\/02\/aq.jpg 1200w\" sizes=\"(max-width: 1200px) 100vw, 1200px\" \/><\/p>\n<h2>Une semaine apr\u00e8s avoir termin\u00e9 les reconnaissances, nous avons \u00e9labor\u00e9 les parcours pour la Spring 2019, une \u00e9dition qui se caract\u00e9risera par son itin\u00e9raire exigeant, du fait que pour la premi\u00e8re fois dans l\u2019histoire de la Maroc Challenge, il prendra son d\u00e9part \u00e0 Marrakech. Le parcours sera diff\u00e9rent selon qu\u2019on participe en cat\u00e9gorie Voiture, Raid ou Adventure..<\/h2>\n<p>La ville des mille et une nuits, avec son charme \u00e9blouissant et une activit\u00e9 fr\u00e9n\u00e9tique qui font d\u2019elle une des villes la plus spectaculaire du Maroc, nous accueillera toutes portes ouvertes.<\/p>\n<p>Le point de d\u00e9part de cette \u00e9dition permettra aux participants qui peuvent profiter de petites vacances, de jouir du charme de cette capitale imp\u00e9riale qui marquera le d\u00e9part officiel de l\u2019\u00e9preuve.<\/p>\n<p>Le parcours est tr\u00e8s semblable \u00e0 celui qui avait tant plu lors de la Winter 2018, mais avec quelques changements, quelques am\u00e9liorations, de nouvelles aires de passage et encore plus de zones de dunes pour les tout terrains, sp\u00e9cialement pour ceux qui participent dans la cat\u00e9gorie Raid. D\u2019autre part, nous avons d\u00e9cid\u00e9 d\u2019augmenter les kilom\u00e8tres sur certaines \u00e9tapes en raison de l\u2019allongement de la dur\u00e9e du jour au mois d\u2019avril.<\/p>\n<p>Le point de d\u00e9part sera \u00e0 Marrakech, en d\u00e9but de matin\u00e9e du 14 avril, o\u00f9 nous r\u00e9aliserons aussi les v\u00e9rifications la veille. Nous passerons aussi dans des villes iconiques comme Zagora et Erfoud. Mengoub est un autre des attractifs de la Spring 2019 puisque c\u2019est l\u00e0, aux bords de la fronti\u00e8re de l\u2019Alg\u00e9rie, que nous pr\u00e9parerons un fantastique campement typiquement africain, qui avait d\u00e9j\u00e0 \u00e9t\u00e9 un franc succ\u00e8s lors de la derni\u00e8re \u00e9dition. Le parcours finalisera aux bords de la M\u00e9diterran\u00e9e, pr\u00e8s de la plage de Sa\u00efdia, pour une f\u00eate qui restera encore dans les souvenirs.<\/p>\n<p>Pendant les prochaines semaines nous actualiserons les informations relatives \u00e0 chaque \u00e9tape, et nous vous d\u00e9voilerons quelques-unes de leurs caract\u00e9ristiques, ce qui vous serviront d\u2019ap\u00e9ritif pour l\u2019aventure qui vous attend.<\/p>\n<p>Soyez attentifs \u00e0 toutes les nouveaut\u00e9s\u2026<\/p>\n","protected":false},"excerpt":{"rendered":"<p>Une semaine apr\u00e8s avoir termin\u00e9 les reconnaissances, nous avons \u00e9labor\u00e9<\/p>\n","protected":false},"author":5,"featured_media":12191,"comment_status":"closed","ping_status":"closed","sticky":false,"template":"","format":"standard","meta":{"footnotes":""},"categories":[91],"tags":[],"class_list":["post-11971","post","type-post","status-publish","format-standard","has-post-thumbnail","hentry","category-noticias-fr"],"yoast_head":"<!-- This site is optimized with the Yoast SEO plugin v27.4 - https:\/\/yoast.com\/product\/yoast-seo-wordpress\/ -->\n<title>\u00c7A Y EST, LE PARCOURS DE LA SPRING 2019 EST PR\u00c8S<\/title>\n<meta name=\"description\" content=\"Une semaine apr\u00e8s avoir termin\u00e9 les reconnaissances, nous avons \u00e9labor\u00e9 les parcours pour la Spring 2019, une \u00e9dition qui se caract\u00e9risera...\" \/>\n<meta name=\"robots\" content=\"index, follow, max-snippet:-1, max-image-preview:large, max-video-preview:-1\" \/>\n<link rel=\"canonical\" href=\"https:\/\/www.marocchallenge.com\/fr\/ca-y-est-le-parcours-de-la-spring-2019-est-pres\/\" \/>\n<meta property=\"og:locale\" content=\"fr_FR\" \/>\n<meta property=\"og:type\" content=\"article\" \/>\n<meta property=\"og:title\" content=\"\u00c7A Y EST, LE PARCOURS DE LA SPRING 2019 EST PR\u00c8S\" \/>\n<meta property=\"og:description\" content=\"Une semaine apr\u00e8s avoir termin\u00e9 les reconnaissances, nous avons \u00e9labor\u00e9 les parcours pour la Spring 2019, une \u00e9dition qui se caract\u00e9risera\" \/>\n<meta property=\"og:url\" content=\"https:\/\/www.marocchallenge.com\/fr\/ca-y-est-le-parcours-de-la-spring-2019-est-pres\/\" \/>\n<meta property=\"og:site_name\" content=\"Maroc Challenge\" \/>\n<meta property=\"article:publisher\" content=\"https:\/\/www.facebook.com\/MarocChallenge\/\" \/>\n<meta property=\"article:published_time\" content=\"2019-02-20T10:25:35+00:00\" \/>\n<meta property=\"article:modified_time\" content=\"2020-04-30T07:13:05+00:00\" \/>\n<meta property=\"og:image\" content=\"https:\/\/www.marocchallenge.com\/wp-content\/uploads\/2019\/02\/aq.jpg\" \/>\n\t<meta property=\"og:image:width\" content=\"1200\" \/>\n\t<meta property=\"og:image:height\" content=\"675\" \/>\n\t<meta property=\"og:image:type\" content=\"image\/jpeg\" \/>\n<meta name=\"author\" content=\"Angel Reig\" \/>\n<meta name=\"twitter:card\" content=\"summary_large_image\" \/>\n<meta name=\"twitter:creator\" content=\"@marochallenge\" \/>\n<meta name=\"twitter:site\" content=\"@marochallenge\" \/>\n<meta name=\"twitter:label1\" content=\"\u00c9crit par\" \/>\n\t<meta name=\"twitter:data1\" content=\"Angel Reig\" \/>\n\t<meta name=\"twitter:label2\" content=\"Dur\u00e9e de lecture estim\u00e9e\" \/>\n\t<meta name=\"twitter:data2\" content=\"2 minutes\" \/>\n<script type=\"application\/ld+json\" class=\"yoast-schema-graph\">{\"@context\":\"https:\\\/\\\/schema.org\",\"@graph\":[{\"@type\":\"Article\",\"@id\":\"https:\\\/\\\/www.marocchallenge.com\\\/fr\\\/ca-y-est-le-parcours-de-la-spring-2019-est-pres\\\/#article\",\"isPartOf\":{\"@id\":\"https:\\\/\\\/www.marocchallenge.com\\\/fr\\\/ca-y-est-le-parcours-de-la-spring-2019-est-pres\\\/\"},\"author\":{\"name\":\"Angel Reig\",\"@id\":\"https:\\\/\\\/www.marocchallenge.com\\\/fr\\\/#\\\/schema\\\/person\\\/a2f08c303055ab5b0da4ad6b788f15a1\"},\"headline\":\"\u00c7A Y EST, LE PARCOURS DE LA SPRING 2019 EST PR\u00c8S\",\"datePublished\":\"2019-02-20T10:25:35+00:00\",\"dateModified\":\"2020-04-30T07:13:05+00:00\",\"mainEntityOfPage\":{\"@id\":\"https:\\\/\\\/www.marocchallenge.com\\\/fr\\\/ca-y-est-le-parcours-de-la-spring-2019-est-pres\\\/\"},\"wordCount\":374,\"publisher\":{\"@id\":\"https:\\\/\\\/www.marocchallenge.com\\\/fr\\\/#organization\"},\"image\":{\"@id\":\"https:\\\/\\\/www.marocchallenge.com\\\/fr\\\/ca-y-est-le-parcours-de-la-spring-2019-est-pres\\\/#primaryimage\"},\"thumbnailUrl\":\"https:\\\/\\\/www.marocchallenge.com\\\/wp-content\\\/uploads\\\/2019\\\/02\\\/aq.jpg\",\"articleSection\":[\"Noticias\"],\"inLanguage\":\"fr-FR\"},{\"@type\":\"WebPage\",\"@id\":\"https:\\\/\\\/www.marocchallenge.com\\\/fr\\\/ca-y-est-le-parcours-de-la-spring-2019-est-pres\\\/\",\"url\":\"https:\\\/\\\/www.marocchallenge.com\\\/fr\\\/ca-y-est-le-parcours-de-la-spring-2019-est-pres\\\/\",\"name\":\"\u00c7A Y EST, LE PARCOURS DE LA SPRING 2019 EST PR\u00c8S\",\"isPartOf\":{\"@id\":\"https:\\\/\\\/www.marocchallenge.com\\\/fr\\\/#website\"},\"primaryImageOfPage\":{\"@id\":\"https:\\\/\\\/www.marocchallenge.com\\\/fr\\\/ca-y-est-le-parcours-de-la-spring-2019-est-pres\\\/#primaryimage\"},\"image\":{\"@id\":\"https:\\\/\\\/www.marocchallenge.com\\\/fr\\\/ca-y-est-le-parcours-de-la-spring-2019-est-pres\\\/#primaryimage\"},\"thumbnailUrl\":\"https:\\\/\\\/www.marocchallenge.com\\\/wp-content\\\/uploads\\\/2019\\\/02\\\/aq.jpg\",\"datePublished\":\"2019-02-20T10:25:35+00:00\",\"dateModified\":\"2020-04-30T07:13:05+00:00\",\"description\":\"Une semaine apr\u00e8s avoir termin\u00e9 les reconnaissances, nous avons \u00e9labor\u00e9 les parcours pour la Spring 2019, une \u00e9dition qui se caract\u00e9risera...\",\"breadcrumb\":{\"@id\":\"https:\\\/\\\/www.marocchallenge.com\\\/fr\\\/ca-y-est-le-parcours-de-la-spring-2019-est-pres\\\/#breadcrumb\"},\"inLanguage\":\"fr-FR\",\"potentialAction\":[{\"@type\":\"ReadAction\",\"target\":[\"https:\\\/\\\/www.marocchallenge.com\\\/fr\\\/ca-y-est-le-parcours-de-la-spring-2019-est-pres\\\/\"]}]},{\"@type\":\"ImageObject\",\"inLanguage\":\"fr-FR\",\"@id\":\"https:\\\/\\\/www.marocchallenge.com\\\/fr\\\/ca-y-est-le-parcours-de-la-spring-2019-est-pres\\\/#primaryimage\",\"url\":\"https:\\\/\\\/www.marocchallenge.com\\\/wp-content\\\/uploads\\\/2019\\\/02\\\/aq.jpg\",\"contentUrl\":\"https:\\\/\\\/www.marocchallenge.com\\\/wp-content\\\/uploads\\\/2019\\\/02\\\/aq.jpg\",\"width\":1200,\"height\":675,\"caption\":\"Rui Cabaco BriefingMan Maroc Challenge zagora\"},{\"@type\":\"BreadcrumbList\",\"@id\":\"https:\\\/\\\/www.marocchallenge.com\\\/fr\\\/ca-y-est-le-parcours-de-la-spring-2019-est-pres\\\/#breadcrumb\",\"itemListElement\":[{\"@type\":\"ListItem\",\"position\":1,\"name\":\"Portada\",\"item\":\"https:\\\/\\\/www.marocchallenge.com\\\/fr\\\/\"},{\"@type\":\"ListItem\",\"position\":2,\"name\":\"\u00c7A Y EST, LE PARCOURS DE LA SPRING 2019 EST PR\u00c8S\"}]},{\"@type\":\"WebSite\",\"@id\":\"https:\\\/\\\/www.marocchallenge.com\\\/fr\\\/#website\",\"url\":\"https:\\\/\\\/www.marocchallenge.com\\\/fr\\\/\",\"name\":\"Maroc Challenge\",\"description\":\"Le Dakar des ann\u00e9es 70 pour les aventuriers d\u2019aujourd\u2019hui\",\"publisher\":{\"@id\":\"https:\\\/\\\/www.marocchallenge.com\\\/fr\\\/#organization\"},\"potentialAction\":[{\"@type\":\"SearchAction\",\"target\":{\"@type\":\"EntryPoint\",\"urlTemplate\":\"https:\\\/\\\/www.marocchallenge.com\\\/fr\\\/?s={search_term_string}\"},\"query-input\":{\"@type\":\"PropertyValueSpecification\",\"valueRequired\":true,\"valueName\":\"search_term_string\"}}],\"inLanguage\":\"fr-FR\"},{\"@type\":\"Organization\",\"@id\":\"https:\\\/\\\/www.marocchallenge.com\\\/fr\\\/#organization\",\"name\":\"Maroc Challenge - El Dakar de los 70's para los aventureros de hoy\",\"url\":\"https:\\\/\\\/www.marocchallenge.com\\\/fr\\\/\",\"logo\":{\"@type\":\"ImageObject\",\"inLanguage\":\"fr-FR\",\"@id\":\"https:\\\/\\\/www.marocchallenge.com\\\/fr\\\/#\\\/schema\\\/logo\\\/image\\\/\",\"url\":\"https:\\\/\\\/www.marocchallenge.com\\\/wp-content\\\/uploads\\\/2020\\\/03\\\/Logo-Maroc_Challenge.png\",\"contentUrl\":\"https:\\\/\\\/www.marocchallenge.com\\\/wp-content\\\/uploads\\\/2020\\\/03\\\/Logo-Maroc_Challenge.png\",\"width\":170,\"height\":96,\"caption\":\"Maroc Challenge - El Dakar de los 70's para los aventureros de hoy\"},\"image\":{\"@id\":\"https:\\\/\\\/www.marocchallenge.com\\\/fr\\\/#\\\/schema\\\/logo\\\/image\\\/\"},\"sameAs\":[\"https:\\\/\\\/www.facebook.com\\\/MarocChallenge\\\/\",\"https:\\\/\\\/x.com\\\/marochallenge\",\"https:\\\/\\\/www.instagram.com\\\/marocchallenge\\\/\",\"https:\\\/\\\/www.linkedin.com\\\/company\\\/maroc-challenge\",\"https:\\\/\\\/www.youtube.com\\\/user\\\/MarocChallenge\"]},{\"@type\":\"Person\",\"@id\":\"https:\\\/\\\/www.marocchallenge.com\\\/fr\\\/#\\\/schema\\\/person\\\/a2f08c303055ab5b0da4ad6b788f15a1\",\"name\":\"Angel Reig\",\"image\":{\"@type\":\"ImageObject\",\"inLanguage\":\"fr-FR\",\"@id\":\"https:\\\/\\\/secure.gravatar.com\\\/avatar\\\/4e3ec081afc2d81d22c7c54c309c01cc86a8927798cad3495fc1087930fa385e?s=96&d=mm&r=g\",\"url\":\"https:\\\/\\\/secure.gravatar.com\\\/avatar\\\/4e3ec081afc2d81d22c7c54c309c01cc86a8927798cad3495fc1087930fa385e?s=96&d=mm&r=g\",\"contentUrl\":\"https:\\\/\\\/secure.gravatar.com\\\/avatar\\\/4e3ec081afc2d81d22c7c54c309c01cc86a8927798cad3495fc1087930fa385e?s=96&d=mm&r=g\",\"caption\":\"Angel Reig\"}}]}<\/script>\n<!-- \/ Yoast SEO plugin. -->","yoast_head_json":{"title":"\u00c7A Y EST, LE PARCOURS DE LA SPRING 2019 EST PR\u00c8S","description":"Une semaine apr\u00e8s avoir termin\u00e9 les reconnaissances, nous avons \u00e9labor\u00e9 les parcours pour la Spring 2019, une \u00e9dition qui se caract\u00e9risera...","robots":{"index":"index","follow":"follow","max-snippet":"max-snippet:-1","max-image-preview":"max-image-preview:large","max-video-preview":"max-video-preview:-1"},"canonical":"https:\/\/www.marocchallenge.com\/fr\/ca-y-est-le-parcours-de-la-spring-2019-est-pres\/","og_locale":"fr_FR","og_type":"article","og_title":"\u00c7A Y EST, LE PARCOURS DE LA SPRING 2019 EST PR\u00c8S","og_description":"Une semaine apr\u00e8s avoir termin\u00e9 les reconnaissances, nous avons \u00e9labor\u00e9 les parcours pour la Spring 2019, une \u00e9dition qui se caract\u00e9risera","og_url":"https:\/\/www.marocchallenge.com\/fr\/ca-y-est-le-parcours-de-la-spring-2019-est-pres\/","og_site_name":"Maroc Challenge","article_publisher":"https:\/\/www.facebook.com\/MarocChallenge\/","article_published_time":"2019-02-20T10:25:35+00:00","article_modified_time":"2020-04-30T07:13:05+00:00","og_image":[{"width":1200,"height":675,"url":"https:\/\/www.marocchallenge.com\/wp-content\/uploads\/2019\/02\/aq.jpg","type":"image\/jpeg"}],"author":"Angel Reig","twitter_card":"summary_large_image","twitter_creator":"@marochallenge","twitter_site":"@marochallenge","twitter_misc":{"\u00c9crit par":"Angel Reig","Dur\u00e9e de lecture estim\u00e9e":"2 minutes"},"schema":{"@context":"https:\/\/schema.org","@graph":[{"@type":"Article","@id":"https:\/\/www.marocchallenge.com\/fr\/ca-y-est-le-parcours-de-la-spring-2019-est-pres\/#article","isPartOf":{"@id":"https:\/\/www.marocchallenge.com\/fr\/ca-y-est-le-parcours-de-la-spring-2019-est-pres\/"},"author":{"name":"Angel Reig","@id":"https:\/\/www.marocchallenge.com\/fr\/#\/schema\/person\/a2f08c303055ab5b0da4ad6b788f15a1"},"headline":"\u00c7A Y EST, LE PARCOURS DE LA SPRING 2019 EST PR\u00c8S","datePublished":"2019-02-20T10:25:35+00:00","dateModified":"2020-04-30T07:13:05+00:00","mainEntityOfPage":{"@id":"https:\/\/www.marocchallenge.com\/fr\/ca-y-est-le-parcours-de-la-spring-2019-est-pres\/"},"wordCount":374,"publisher":{"@id":"https:\/\/www.marocchallenge.com\/fr\/#organization"},"image":{"@id":"https:\/\/www.marocchallenge.com\/fr\/ca-y-est-le-parcours-de-la-spring-2019-est-pres\/#primaryimage"},"thumbnailUrl":"https:\/\/www.marocchallenge.com\/wp-content\/uploads\/2019\/02\/aq.jpg","articleSection":["Noticias"],"inLanguage":"fr-FR"},{"@type":"WebPage","@id":"https:\/\/www.marocchallenge.com\/fr\/ca-y-est-le-parcours-de-la-spring-2019-est-pres\/","url":"https:\/\/www.marocchallenge.com\/fr\/ca-y-est-le-parcours-de-la-spring-2019-est-pres\/","name":"\u00c7A Y EST, LE PARCOURS DE LA SPRING 2019 EST PR\u00c8S","isPartOf":{"@id":"https:\/\/www.marocchallenge.com\/fr\/#website"},"primaryImageOfPage":{"@id":"https:\/\/www.marocchallenge.com\/fr\/ca-y-est-le-parcours-de-la-spring-2019-est-pres\/#primaryimage"},"image":{"@id":"https:\/\/www.marocchallenge.com\/fr\/ca-y-est-le-parcours-de-la-spring-2019-est-pres\/#primaryimage"},"thumbnailUrl":"https:\/\/www.marocchallenge.com\/wp-content\/uploads\/2019\/02\/aq.jpg","datePublished":"2019-02-20T10:25:35+00:00","dateModified":"2020-04-30T07:13:05+00:00","description":"Une semaine apr\u00e8s avoir termin\u00e9 les reconnaissances, nous avons \u00e9labor\u00e9 les parcours pour la Spring 2019, une \u00e9dition qui se caract\u00e9risera...","breadcrumb":{"@id":"https:\/\/www.marocchallenge.com\/fr\/ca-y-est-le-parcours-de-la-spring-2019-est-pres\/#breadcrumb"},"inLanguage":"fr-FR","potentialAction":[{"@type":"ReadAction","target":["https:\/\/www.marocchallenge.com\/fr\/ca-y-est-le-parcours-de-la-spring-2019-est-pres\/"]}]},{"@type":"ImageObject","inLanguage":"fr-FR","@id":"https:\/\/www.marocchallenge.com\/fr\/ca-y-est-le-parcours-de-la-spring-2019-est-pres\/#primaryimage","url":"https:\/\/www.marocchallenge.com\/wp-content\/uploads\/2019\/02\/aq.jpg","contentUrl":"https:\/\/www.marocchallenge.com\/wp-content\/uploads\/2019\/02\/aq.jpg","width":1200,"height":675,"caption":"Rui Cabaco BriefingMan Maroc Challenge zagora"},{"@type":"BreadcrumbList","@id":"https:\/\/www.marocchallenge.com\/fr\/ca-y-est-le-parcours-de-la-spring-2019-est-pres\/#breadcrumb","itemListElement":[{"@type":"ListItem","position":1,"name":"Portada","item":"https:\/\/www.marocchallenge.com\/fr\/"},{"@type":"ListItem","position":2,"name":"\u00c7A Y EST, LE PARCOURS DE LA SPRING 2019 EST PR\u00c8S"}]},{"@type":"WebSite","@id":"https:\/\/www.marocchallenge.com\/fr\/#website","url":"https:\/\/www.marocchallenge.com\/fr\/","name":"Maroc Challenge","description":"Le Dakar des ann\u00e9es 70 pour les aventuriers d\u2019aujourd\u2019hui","publisher":{"@id":"https:\/\/www.marocchallenge.com\/fr\/#organization"},"potentialAction":[{"@type":"SearchAction","target":{"@type":"EntryPoint","urlTemplate":"https:\/\/www.marocchallenge.com\/fr\/?s={search_term_string}"},"query-input":{"@type":"PropertyValueSpecification","valueRequired":true,"valueName":"search_term_string"}}],"inLanguage":"fr-FR"},{"@type":"Organization","@id":"https:\/\/www.marocchallenge.com\/fr\/#organization","name":"Maroc Challenge - El Dakar de los 70's para los aventureros de hoy","url":"https:\/\/www.marocchallenge.com\/fr\/","logo":{"@type":"ImageObject","inLanguage":"fr-FR","@id":"https:\/\/www.marocchallenge.com\/fr\/#\/schema\/logo\/image\/","url":"https:\/\/www.marocchallenge.com\/wp-content\/uploads\/2020\/03\/Logo-Maroc_Challenge.png","contentUrl":"https:\/\/www.marocchallenge.com\/wp-content\/uploads\/2020\/03\/Logo-Maroc_Challenge.png","width":170,"height":96,"caption":"Maroc Challenge - El Dakar de los 70's para los aventureros de hoy"},"image":{"@id":"https:\/\/www.marocchallenge.com\/fr\/#\/schema\/logo\/image\/"},"sameAs":["https:\/\/www.facebook.com\/MarocChallenge\/","https:\/\/x.com\/marochallenge","https:\/\/www.instagram.com\/marocchallenge\/","https:\/\/www.linkedin.com\/company\/maroc-challenge","https:\/\/www.youtube.com\/user\/MarocChallenge"]},{"@type":"Person","@id":"https:\/\/www.marocchallenge.com\/fr\/#\/schema\/person\/a2f08c303055ab5b0da4ad6b788f15a1","name":"Angel Reig","image":{"@type":"ImageObject","inLanguage":"fr-FR","@id":"https:\/\/secure.gravatar.com\/avatar\/4e3ec081afc2d81d22c7c54c309c01cc86a8927798cad3495fc1087930fa385e?s=96&d=mm&r=g","url":"https:\/\/secure.gravatar.com\/avatar\/4e3ec081afc2d81d22c7c54c309c01cc86a8927798cad3495fc1087930fa385e?s=96&d=mm&r=g","contentUrl":"https:\/\/secure.gravatar.com\/avatar\/4e3ec081afc2d81d22c7c54c309c01cc86a8927798cad3495fc1087930fa385e?s=96&d=mm&r=g","caption":"Angel Reig"}}]}},"_links":{"self":[{"href":"https:\/\/www.marocchallenge.com\/fr\/wp-json\/wp\/v2\/posts\/11971","targetHints":{"allow":["GET"]}}],"collection":[{"href":"https:\/\/www.marocchallenge.com\/fr\/wp-json\/wp\/v2\/posts"}],"about":[{"href":"https:\/\/www.marocchallenge.com\/fr\/wp-json\/wp\/v2\/types\/post"}],"author":[{"embeddable":true,"href":"https:\/\/www.marocchallenge.com\/fr\/wp-json\/wp\/v2\/users\/5"}],"replies":[{"embeddable":true,"href":"https:\/\/www.marocchallenge.com\/fr\/wp-json\/wp\/v2\/comments?post=11971"}],"version-history":[{"count":2,"href":"https:\/\/www.marocchallenge.com\/fr\/wp-json\/wp\/v2\/posts\/11971\/revisions"}],"predecessor-version":[{"id":12200,"href":"https:\/\/www.marocchallenge.com\/fr\/wp-json\/wp\/v2\/posts\/11971\/revisions\/12200"}],"wp:featuredmedia":[{"embeddable":true,"href":"https:\/\/www.marocchallenge.com\/fr\/wp-json\/wp\/v2\/media\/12191"}],"wp:attachment":[{"href":"https:\/\/www.marocchallenge.com\/fr\/wp-json\/wp\/v2\/media?parent=11971"}],"wp:term":[{"taxonomy":"category","embeddable":true,"href":"https:\/\/www.marocchallenge.com\/fr\/wp-json\/wp\/v2\/categories?post=11971"},{"taxonomy":"post_tag","embeddable":true,"href":"https:\/\/www.marocchallenge.com\/fr\/wp-json\/wp\/v2\/tags?post=11971"}],"curies":[{"name":"wp","href":"https:\/\/api.w.org\/{rel}","templated":true}]}}