{"id":11982,"date":"2019-09-24T11:01:11","date_gmt":"2019-09-24T11:01:11","guid":{"rendered":"http:\/\/www.marocchallenge.eu\/winter-2019-jumilla-se-vuelca-con-la-salida\/"},"modified":"2020-04-30T05:09:13","modified_gmt":"2020-04-30T05:09:13","slug":"winter-2019-jumilla-se-consacre-au-depart","status":"publish","type":"post","link":"https:\/\/www.marocchallenge.com\/fr\/winter-2019-jumilla-se-consacre-au-depart\/","title":{"rendered":"WINTER 2019: JUMILLA SE CONSACRE AU DEPART"},"content":{"rendered":"<p><img decoding=\"async\" class=\"alignnone size-full wp-image-9315\" src=\"https:\/\/senegalchallenge.com\/wp-content\/uploads\/sites\/5\/2019\/12\/Jumilla-Spain.jpg\" alt=\"\" width=\"1280\" height=\"687\" \/><\/p>\n<h2>Jumilla acceuillera pour la sixi\u00e8me fois le d\u00e9part de la Maroc Challenge, qui se disputera du 29 novembre au 7 d\u00e9cembre. La ville murcienne, renomm\u00e9e pour ses vins de qualit\u00e9, sera le si\u00e8ge officiel du depart lors de la prochaine \u00e9dition d\u2019hiver et sera aussi le point de rencontre de la caravane, les 29 et 30 novembre.<\/h2>\n<p>Les participants arriveront \u00e0 Jumilla tout au long de la journ\u00e9e du 29 novembre, journ\u00e9e pendant laquelle se d\u00e9rouleront les v\u00e9rifications techniques et administratives, alors que le d\u00e9part officiel se fera \u00e0 09h00 le samedi depuis la promenade Paseo Lorenzo Guardiola. Les amis enthousiastes de Jumilla ont pr\u00e9par\u00e9 divers actes pour c\u00e9l\u00e9brer le passage de l\u2019\u00e9preuve par la ville. Le d\u00e9part se fera plus t\u00f4t que lors des \u00e9ditions ant\u00e9rieures pour raison d\u2019embarquement depuis le port de Motril, qui est pr\u00e9vu pour 15h 30.<\/p>\n<p>L\u2019\u00e9v\u00e8nement a \u00e9t\u00e9 pr\u00e9sent\u00e9 ce vendredi dans la salle de presse de la Mairie, Acte qui a \u00e9t\u00e9 pr\u00e9sid\u00e9 par la Maire, Juana Guardiola, et pendant lequel ont \u00e9t\u00e9 pr\u00e9sents le conseiller aux sports, Jos\u00e9 Antonio Jim\u00e9nez, le Briefingman de la Maroc Challenge, Rui Caba\u00e7o, le chef d\u2019assistance, Julio Tom\u00e1s ainsi que Antonio T\u00e1rraga, en repr\u00e9sentation du club 4&#215;4 Montesinos, qui est l\u2019alma mater de l\u2019organisation du d\u00e9part.<\/p>\n<p>Aussi bien la Maire, Juana Guardiola que le conseiller aux sports, Jos\u00e9 Antonio Jim\u00e9nez, ont soulign\u00e9 \u00ab\u00a0 l\u2019importance pour Jumilla du fait que cette course nous choisisse pour la sixi\u00e8me fois pour prendre son d\u00e9part \u00bb. Rui Caba\u00e7o s\u2019est montr\u00e9 r\u00e9jouit de la \u00ab\u00a0 r\u00e9percussion m\u00e9diatique de l\u2019\u00e9preuve, qui devient de plus en plus importante et internationale. Pour sa part, Julio Tom\u00e1s a soulign\u00e9 que \u00ab\u00a0 Nous employons de plus en plus de moyens techniques dans le but de rendre l\u2019\u00e9preuve plus confortable et plus s\u00fbre pour les participants\u00bb, \u00e0 son tour Antonio T\u00e1rrega a indiqu\u00e9 que \u00ab c\u2019est une fiert\u00e9 que la course revienne \u00e0 Jumilla \u00bb.<\/p>\n","protected":false},"excerpt":{"rendered":"<p>Jumilla acceuillera pour la sixi\u00e8me fois le d\u00e9part de la<\/p>\n","protected":false},"author":5,"featured_media":10983,"comment_status":"closed","ping_status":"closed","sticky":false,"template":"","format":"standard","meta":{"footnotes":""},"categories":[91],"tags":[],"class_list":["post-11982","post","type-post","status-publish","format-standard","has-post-thumbnail","hentry","category-noticias-fr"],"yoast_head":"<!-- This site is optimized with the Yoast SEO plugin v27.4 - https:\/\/yoast.com\/product\/yoast-seo-wordpress\/ -->\n<title>WINTER 2019 - JUMILLA SE CONSACRE AU DEPART<\/title>\n<meta name=\"description\" content=\"Jumilla acceuillera pour la sixi\u00e8me fois le d\u00e9part de la Maroc Challenge, qui se disputera du 29 novembre au 7 d\u00e9cembre.\" \/>\n<meta name=\"robots\" content=\"index, follow, max-snippet:-1, max-image-preview:large, max-video-preview:-1\" \/>\n<link rel=\"canonical\" href=\"https:\/\/www.marocchallenge.com\/fr\/winter-2019-jumilla-se-consacre-au-depart\/\" \/>\n<meta property=\"og:locale\" content=\"fr_FR\" \/>\n<meta property=\"og:type\" content=\"article\" \/>\n<meta property=\"og:title\" content=\"WINTER 2019 - JUMILLA SE CONSACRE AU DEPART\" \/>\n<meta property=\"og:description\" content=\"Jumilla acceuillera pour la sixi\u00e8me fois le d\u00e9part de la Maroc Challenge, qui se disputera du 29 novembre au 7 d\u00e9cembre.\" \/>\n<meta property=\"og:url\" content=\"https:\/\/www.marocchallenge.com\/fr\/winter-2019-jumilla-se-consacre-au-depart\/\" \/>\n<meta property=\"og:site_name\" content=\"Maroc Challenge\" \/>\n<meta property=\"article:publisher\" content=\"https:\/\/www.facebook.com\/MarocChallenge\/\" \/>\n<meta property=\"article:published_time\" content=\"2019-09-24T11:01:11+00:00\" \/>\n<meta property=\"article:modified_time\" content=\"2020-04-30T05:09:13+00:00\" \/>\n<meta property=\"og:image\" content=\"https:\/\/www.marocchallenge.com\/wp-content\/uploads\/2019\/09\/Jumilla-Spain.jpg\" \/>\n\t<meta property=\"og:image:width\" content=\"800\" \/>\n\t<meta property=\"og:image:height\" content=\"418\" \/>\n\t<meta property=\"og:image:type\" content=\"image\/jpeg\" \/>\n<meta name=\"author\" content=\"Angel Reig\" \/>\n<meta name=\"twitter:card\" content=\"summary_large_image\" \/>\n<meta name=\"twitter:creator\" content=\"@marochallenge\" \/>\n<meta name=\"twitter:site\" content=\"@marochallenge\" \/>\n<meta name=\"twitter:label1\" content=\"\u00c9crit par\" \/>\n\t<meta name=\"twitter:data1\" content=\"Angel Reig\" \/>\n\t<meta name=\"twitter:label2\" content=\"Dur\u00e9e de lecture estim\u00e9e\" \/>\n\t<meta name=\"twitter:data2\" content=\"2 minutes\" \/>\n<script type=\"application\/ld+json\" class=\"yoast-schema-graph\">{\"@context\":\"https:\\\/\\\/schema.org\",\"@graph\":[{\"@type\":\"Article\",\"@id\":\"https:\\\/\\\/www.marocchallenge.com\\\/fr\\\/winter-2019-jumilla-se-consacre-au-depart\\\/#article\",\"isPartOf\":{\"@id\":\"https:\\\/\\\/www.marocchallenge.com\\\/fr\\\/winter-2019-jumilla-se-consacre-au-depart\\\/\"},\"author\":{\"name\":\"Angel Reig\",\"@id\":\"https:\\\/\\\/www.marocchallenge.com\\\/fr\\\/#\\\/schema\\\/person\\\/a2f08c303055ab5b0da4ad6b788f15a1\"},\"headline\":\"WINTER 2019: JUMILLA SE CONSACRE AU DEPART\",\"datePublished\":\"2019-09-24T11:01:11+00:00\",\"dateModified\":\"2020-04-30T05:09:13+00:00\",\"mainEntityOfPage\":{\"@id\":\"https:\\\/\\\/www.marocchallenge.com\\\/fr\\\/winter-2019-jumilla-se-consacre-au-depart\\\/\"},\"wordCount\":356,\"publisher\":{\"@id\":\"https:\\\/\\\/www.marocchallenge.com\\\/fr\\\/#organization\"},\"image\":{\"@id\":\"https:\\\/\\\/www.marocchallenge.com\\\/fr\\\/winter-2019-jumilla-se-consacre-au-depart\\\/#primaryimage\"},\"thumbnailUrl\":\"https:\\\/\\\/www.marocchallenge.com\\\/wp-content\\\/uploads\\\/2019\\\/09\\\/Jumilla-Spain.jpg\",\"articleSection\":[\"Noticias\"],\"inLanguage\":\"fr-FR\"},{\"@type\":\"WebPage\",\"@id\":\"https:\\\/\\\/www.marocchallenge.com\\\/fr\\\/winter-2019-jumilla-se-consacre-au-depart\\\/\",\"url\":\"https:\\\/\\\/www.marocchallenge.com\\\/fr\\\/winter-2019-jumilla-se-consacre-au-depart\\\/\",\"name\":\"WINTER 2019 - JUMILLA SE CONSACRE AU DEPART\",\"isPartOf\":{\"@id\":\"https:\\\/\\\/www.marocchallenge.com\\\/fr\\\/#website\"},\"primaryImageOfPage\":{\"@id\":\"https:\\\/\\\/www.marocchallenge.com\\\/fr\\\/winter-2019-jumilla-se-consacre-au-depart\\\/#primaryimage\"},\"image\":{\"@id\":\"https:\\\/\\\/www.marocchallenge.com\\\/fr\\\/winter-2019-jumilla-se-consacre-au-depart\\\/#primaryimage\"},\"thumbnailUrl\":\"https:\\\/\\\/www.marocchallenge.com\\\/wp-content\\\/uploads\\\/2019\\\/09\\\/Jumilla-Spain.jpg\",\"datePublished\":\"2019-09-24T11:01:11+00:00\",\"dateModified\":\"2020-04-30T05:09:13+00:00\",\"description\":\"Jumilla acceuillera pour la sixi\u00e8me fois le d\u00e9part de la Maroc Challenge, qui se disputera du 29 novembre au 7 d\u00e9cembre.\",\"breadcrumb\":{\"@id\":\"https:\\\/\\\/www.marocchallenge.com\\\/fr\\\/winter-2019-jumilla-se-consacre-au-depart\\\/#breadcrumb\"},\"inLanguage\":\"fr-FR\",\"potentialAction\":[{\"@type\":\"ReadAction\",\"target\":[\"https:\\\/\\\/www.marocchallenge.com\\\/fr\\\/winter-2019-jumilla-se-consacre-au-depart\\\/\"]}]},{\"@type\":\"ImageObject\",\"inLanguage\":\"fr-FR\",\"@id\":\"https:\\\/\\\/www.marocchallenge.com\\\/fr\\\/winter-2019-jumilla-se-consacre-au-depart\\\/#primaryimage\",\"url\":\"https:\\\/\\\/www.marocchallenge.com\\\/wp-content\\\/uploads\\\/2019\\\/09\\\/Jumilla-Spain.jpg\",\"contentUrl\":\"https:\\\/\\\/www.marocchallenge.com\\\/wp-content\\\/uploads\\\/2019\\\/09\\\/Jumilla-Spain.jpg\",\"width\":800,\"height\":418,\"caption\":\"Salida oficial jumilla\"},{\"@type\":\"BreadcrumbList\",\"@id\":\"https:\\\/\\\/www.marocchallenge.com\\\/fr\\\/winter-2019-jumilla-se-consacre-au-depart\\\/#breadcrumb\",\"itemListElement\":[{\"@type\":\"ListItem\",\"position\":1,\"name\":\"Portada\",\"item\":\"https:\\\/\\\/www.marocchallenge.com\\\/fr\\\/\"},{\"@type\":\"ListItem\",\"position\":2,\"name\":\"WINTER 2019: JUMILLA SE CONSACRE AU DEPART\"}]},{\"@type\":\"WebSite\",\"@id\":\"https:\\\/\\\/www.marocchallenge.com\\\/fr\\\/#website\",\"url\":\"https:\\\/\\\/www.marocchallenge.com\\\/fr\\\/\",\"name\":\"Maroc Challenge\",\"description\":\"Le Dakar des ann\u00e9es 70 pour les aventuriers d\u2019aujourd\u2019hui\",\"publisher\":{\"@id\":\"https:\\\/\\\/www.marocchallenge.com\\\/fr\\\/#organization\"},\"potentialAction\":[{\"@type\":\"SearchAction\",\"target\":{\"@type\":\"EntryPoint\",\"urlTemplate\":\"https:\\\/\\\/www.marocchallenge.com\\\/fr\\\/?s={search_term_string}\"},\"query-input\":{\"@type\":\"PropertyValueSpecification\",\"valueRequired\":true,\"valueName\":\"search_term_string\"}}],\"inLanguage\":\"fr-FR\"},{\"@type\":\"Organization\",\"@id\":\"https:\\\/\\\/www.marocchallenge.com\\\/fr\\\/#organization\",\"name\":\"Maroc Challenge - El Dakar de los 70's para los aventureros de hoy\",\"url\":\"https:\\\/\\\/www.marocchallenge.com\\\/fr\\\/\",\"logo\":{\"@type\":\"ImageObject\",\"inLanguage\":\"fr-FR\",\"@id\":\"https:\\\/\\\/www.marocchallenge.com\\\/fr\\\/#\\\/schema\\\/logo\\\/image\\\/\",\"url\":\"https:\\\/\\\/www.marocchallenge.com\\\/wp-content\\\/uploads\\\/2020\\\/03\\\/Logo-Maroc_Challenge.png\",\"contentUrl\":\"https:\\\/\\\/www.marocchallenge.com\\\/wp-content\\\/uploads\\\/2020\\\/03\\\/Logo-Maroc_Challenge.png\",\"width\":170,\"height\":96,\"caption\":\"Maroc Challenge - El Dakar de los 70's para los aventureros de hoy\"},\"image\":{\"@id\":\"https:\\\/\\\/www.marocchallenge.com\\\/fr\\\/#\\\/schema\\\/logo\\\/image\\\/\"},\"sameAs\":[\"https:\\\/\\\/www.facebook.com\\\/MarocChallenge\\\/\",\"https:\\\/\\\/x.com\\\/marochallenge\",\"https:\\\/\\\/www.instagram.com\\\/marocchallenge\\\/\",\"https:\\\/\\\/www.linkedin.com\\\/company\\\/maroc-challenge\",\"https:\\\/\\\/www.youtube.com\\\/user\\\/MarocChallenge\"]},{\"@type\":\"Person\",\"@id\":\"https:\\\/\\\/www.marocchallenge.com\\\/fr\\\/#\\\/schema\\\/person\\\/a2f08c303055ab5b0da4ad6b788f15a1\",\"name\":\"Angel Reig\",\"image\":{\"@type\":\"ImageObject\",\"inLanguage\":\"fr-FR\",\"@id\":\"https:\\\/\\\/secure.gravatar.com\\\/avatar\\\/4e3ec081afc2d81d22c7c54c309c01cc86a8927798cad3495fc1087930fa385e?s=96&d=mm&r=g\",\"url\":\"https:\\\/\\\/secure.gravatar.com\\\/avatar\\\/4e3ec081afc2d81d22c7c54c309c01cc86a8927798cad3495fc1087930fa385e?s=96&d=mm&r=g\",\"contentUrl\":\"https:\\\/\\\/secure.gravatar.com\\\/avatar\\\/4e3ec081afc2d81d22c7c54c309c01cc86a8927798cad3495fc1087930fa385e?s=96&d=mm&r=g\",\"caption\":\"Angel Reig\"}}]}<\/script>\n<!-- \/ Yoast SEO plugin. -->","yoast_head_json":{"title":"WINTER 2019 - JUMILLA SE CONSACRE AU DEPART","description":"Jumilla acceuillera pour la sixi\u00e8me fois le d\u00e9part de la Maroc Challenge, qui se disputera du 29 novembre au 7 d\u00e9cembre.","robots":{"index":"index","follow":"follow","max-snippet":"max-snippet:-1","max-image-preview":"max-image-preview:large","max-video-preview":"max-video-preview:-1"},"canonical":"https:\/\/www.marocchallenge.com\/fr\/winter-2019-jumilla-se-consacre-au-depart\/","og_locale":"fr_FR","og_type":"article","og_title":"WINTER 2019 - JUMILLA SE CONSACRE AU DEPART","og_description":"Jumilla acceuillera pour la sixi\u00e8me fois le d\u00e9part de la Maroc Challenge, qui se disputera du 29 novembre au 7 d\u00e9cembre.","og_url":"https:\/\/www.marocchallenge.com\/fr\/winter-2019-jumilla-se-consacre-au-depart\/","og_site_name":"Maroc Challenge","article_publisher":"https:\/\/www.facebook.com\/MarocChallenge\/","article_published_time":"2019-09-24T11:01:11+00:00","article_modified_time":"2020-04-30T05:09:13+00:00","og_image":[{"width":800,"height":418,"url":"https:\/\/www.marocchallenge.com\/wp-content\/uploads\/2019\/09\/Jumilla-Spain.jpg","type":"image\/jpeg"}],"author":"Angel Reig","twitter_card":"summary_large_image","twitter_creator":"@marochallenge","twitter_site":"@marochallenge","twitter_misc":{"\u00c9crit par":"Angel Reig","Dur\u00e9e de lecture estim\u00e9e":"2 minutes"},"schema":{"@context":"https:\/\/schema.org","@graph":[{"@type":"Article","@id":"https:\/\/www.marocchallenge.com\/fr\/winter-2019-jumilla-se-consacre-au-depart\/#article","isPartOf":{"@id":"https:\/\/www.marocchallenge.com\/fr\/winter-2019-jumilla-se-consacre-au-depart\/"},"author":{"name":"Angel Reig","@id":"https:\/\/www.marocchallenge.com\/fr\/#\/schema\/person\/a2f08c303055ab5b0da4ad6b788f15a1"},"headline":"WINTER 2019: JUMILLA SE CONSACRE AU DEPART","datePublished":"2019-09-24T11:01:11+00:00","dateModified":"2020-04-30T05:09:13+00:00","mainEntityOfPage":{"@id":"https:\/\/www.marocchallenge.com\/fr\/winter-2019-jumilla-se-consacre-au-depart\/"},"wordCount":356,"publisher":{"@id":"https:\/\/www.marocchallenge.com\/fr\/#organization"},"image":{"@id":"https:\/\/www.marocchallenge.com\/fr\/winter-2019-jumilla-se-consacre-au-depart\/#primaryimage"},"thumbnailUrl":"https:\/\/www.marocchallenge.com\/wp-content\/uploads\/2019\/09\/Jumilla-Spain.jpg","articleSection":["Noticias"],"inLanguage":"fr-FR"},{"@type":"WebPage","@id":"https:\/\/www.marocchallenge.com\/fr\/winter-2019-jumilla-se-consacre-au-depart\/","url":"https:\/\/www.marocchallenge.com\/fr\/winter-2019-jumilla-se-consacre-au-depart\/","name":"WINTER 2019 - JUMILLA SE CONSACRE AU DEPART","isPartOf":{"@id":"https:\/\/www.marocchallenge.com\/fr\/#website"},"primaryImageOfPage":{"@id":"https:\/\/www.marocchallenge.com\/fr\/winter-2019-jumilla-se-consacre-au-depart\/#primaryimage"},"image":{"@id":"https:\/\/www.marocchallenge.com\/fr\/winter-2019-jumilla-se-consacre-au-depart\/#primaryimage"},"thumbnailUrl":"https:\/\/www.marocchallenge.com\/wp-content\/uploads\/2019\/09\/Jumilla-Spain.jpg","datePublished":"2019-09-24T11:01:11+00:00","dateModified":"2020-04-30T05:09:13+00:00","description":"Jumilla acceuillera pour la sixi\u00e8me fois le d\u00e9part de la Maroc Challenge, qui se disputera du 29 novembre au 7 d\u00e9cembre.","breadcrumb":{"@id":"https:\/\/www.marocchallenge.com\/fr\/winter-2019-jumilla-se-consacre-au-depart\/#breadcrumb"},"inLanguage":"fr-FR","potentialAction":[{"@type":"ReadAction","target":["https:\/\/www.marocchallenge.com\/fr\/winter-2019-jumilla-se-consacre-au-depart\/"]}]},{"@type":"ImageObject","inLanguage":"fr-FR","@id":"https:\/\/www.marocchallenge.com\/fr\/winter-2019-jumilla-se-consacre-au-depart\/#primaryimage","url":"https:\/\/www.marocchallenge.com\/wp-content\/uploads\/2019\/09\/Jumilla-Spain.jpg","contentUrl":"https:\/\/www.marocchallenge.com\/wp-content\/uploads\/2019\/09\/Jumilla-Spain.jpg","width":800,"height":418,"caption":"Salida oficial jumilla"},{"@type":"BreadcrumbList","@id":"https:\/\/www.marocchallenge.com\/fr\/winter-2019-jumilla-se-consacre-au-depart\/#breadcrumb","itemListElement":[{"@type":"ListItem","position":1,"name":"Portada","item":"https:\/\/www.marocchallenge.com\/fr\/"},{"@type":"ListItem","position":2,"name":"WINTER 2019: JUMILLA SE CONSACRE AU DEPART"}]},{"@type":"WebSite","@id":"https:\/\/www.marocchallenge.com\/fr\/#website","url":"https:\/\/www.marocchallenge.com\/fr\/","name":"Maroc Challenge","description":"Le Dakar des ann\u00e9es 70 pour les aventuriers d\u2019aujourd\u2019hui","publisher":{"@id":"https:\/\/www.marocchallenge.com\/fr\/#organization"},"potentialAction":[{"@type":"SearchAction","target":{"@type":"EntryPoint","urlTemplate":"https:\/\/www.marocchallenge.com\/fr\/?s={search_term_string}"},"query-input":{"@type":"PropertyValueSpecification","valueRequired":true,"valueName":"search_term_string"}}],"inLanguage":"fr-FR"},{"@type":"Organization","@id":"https:\/\/www.marocchallenge.com\/fr\/#organization","name":"Maroc Challenge - El Dakar de los 70's para los aventureros de hoy","url":"https:\/\/www.marocchallenge.com\/fr\/","logo":{"@type":"ImageObject","inLanguage":"fr-FR","@id":"https:\/\/www.marocchallenge.com\/fr\/#\/schema\/logo\/image\/","url":"https:\/\/www.marocchallenge.com\/wp-content\/uploads\/2020\/03\/Logo-Maroc_Challenge.png","contentUrl":"https:\/\/www.marocchallenge.com\/wp-content\/uploads\/2020\/03\/Logo-Maroc_Challenge.png","width":170,"height":96,"caption":"Maroc Challenge - El Dakar de los 70's para los aventureros de hoy"},"image":{"@id":"https:\/\/www.marocchallenge.com\/fr\/#\/schema\/logo\/image\/"},"sameAs":["https:\/\/www.facebook.com\/MarocChallenge\/","https:\/\/x.com\/marochallenge","https:\/\/www.instagram.com\/marocchallenge\/","https:\/\/www.linkedin.com\/company\/maroc-challenge","https:\/\/www.youtube.com\/user\/MarocChallenge"]},{"@type":"Person","@id":"https:\/\/www.marocchallenge.com\/fr\/#\/schema\/person\/a2f08c303055ab5b0da4ad6b788f15a1","name":"Angel Reig","image":{"@type":"ImageObject","inLanguage":"fr-FR","@id":"https:\/\/secure.gravatar.com\/avatar\/4e3ec081afc2d81d22c7c54c309c01cc86a8927798cad3495fc1087930fa385e?s=96&d=mm&r=g","url":"https:\/\/secure.gravatar.com\/avatar\/4e3ec081afc2d81d22c7c54c309c01cc86a8927798cad3495fc1087930fa385e?s=96&d=mm&r=g","contentUrl":"https:\/\/secure.gravatar.com\/avatar\/4e3ec081afc2d81d22c7c54c309c01cc86a8927798cad3495fc1087930fa385e?s=96&d=mm&r=g","caption":"Angel Reig"}}]}},"_links":{"self":[{"href":"https:\/\/www.marocchallenge.com\/fr\/wp-json\/wp\/v2\/posts\/11982","targetHints":{"allow":["GET"]}}],"collection":[{"href":"https:\/\/www.marocchallenge.com\/fr\/wp-json\/wp\/v2\/posts"}],"about":[{"href":"https:\/\/www.marocchallenge.com\/fr\/wp-json\/wp\/v2\/types\/post"}],"author":[{"embeddable":true,"href":"https:\/\/www.marocchallenge.com\/fr\/wp-json\/wp\/v2\/users\/5"}],"replies":[{"embeddable":true,"href":"https:\/\/www.marocchallenge.com\/fr\/wp-json\/wp\/v2\/comments?post=11982"}],"version-history":[{"count":2,"href":"https:\/\/www.marocchallenge.com\/fr\/wp-json\/wp\/v2\/posts\/11982\/revisions"}],"predecessor-version":[{"id":11991,"href":"https:\/\/www.marocchallenge.com\/fr\/wp-json\/wp\/v2\/posts\/11982\/revisions\/11991"}],"wp:featuredmedia":[{"embeddable":true,"href":"https:\/\/www.marocchallenge.com\/fr\/wp-json\/wp\/v2\/media\/10983"}],"wp:attachment":[{"href":"https:\/\/www.marocchallenge.com\/fr\/wp-json\/wp\/v2\/media?parent=11982"}],"wp:term":[{"taxonomy":"category","embeddable":true,"href":"https:\/\/www.marocchallenge.com\/fr\/wp-json\/wp\/v2\/categories?post=11982"},{"taxonomy":"post_tag","embeddable":true,"href":"https:\/\/www.marocchallenge.com\/fr\/wp-json\/wp\/v2\/tags?post=11982"}],"curies":[{"name":"wp","href":"https:\/\/api.w.org\/{rel}","templated":true}]}}