{"id":12240,"date":"2018-10-08T06:03:40","date_gmt":"2018-10-08T06:03:40","guid":{"rendered":"http:\/\/www.marocchallenge.eu\/dos-meses-la-winter-2018-gran-interes-participacion\/"},"modified":"2020-04-30T09:23:55","modified_gmt":"2020-04-30T09:23:55","slug":"a-deux-mois-de-la-winter-2018","status":"publish","type":"post","link":"https:\/\/www.marocchallenge.com\/fr\/a-deux-mois-de-la-winter-2018\/","title":{"rendered":"\u00c0 DEUX MOIS DE LA WINTER 2018, ET D\u00c9J\u00c0 UN GRAND INT\u00c9R\u00caT ET PARTICIPATION"},"content":{"rendered":"<p><img decoding=\"async\" class=\"alignnone wp-image-12233 size-full\" src=\"http:\/\/www.marocchallenge.eu\/wp-content\/uploads\/2018\/10\/az.jpg\" alt=\"\" width=\"1200\" height=\"675\" srcset=\"https:\/\/www.marocchallenge.com\/wp-content\/uploads\/2018\/10\/az-200x113.jpg 200w, https:\/\/www.marocchallenge.com\/wp-content\/uploads\/2018\/10\/az-300x169.jpg 300w, https:\/\/www.marocchallenge.com\/wp-content\/uploads\/2018\/10\/az-400x225.jpg 400w, https:\/\/www.marocchallenge.com\/wp-content\/uploads\/2018\/10\/az-600x338.jpg 600w, https:\/\/www.marocchallenge.com\/wp-content\/uploads\/2018\/10\/az-768x432.jpg 768w, https:\/\/www.marocchallenge.com\/wp-content\/uploads\/2018\/10\/az-800x450.jpg 800w, https:\/\/www.marocchallenge.com\/wp-content\/uploads\/2018\/10\/az-1024x576.jpg 1024w, https:\/\/www.marocchallenge.com\/wp-content\/uploads\/2018\/10\/az.jpg 1200w\" sizes=\"(max-width: 1200px) 100vw, 1200px\" \/><\/p>\n<h2>Il reste \u00e0 peine deux mois pour le d\u00e9part de la Winter 2018 et cette quinzi\u00e8me Maroc Challenge, qui aura lieu du 30 novembre au 8 d\u00e9cembre, vise \u00e0 un record absolu. Avec ses 160 inscrits elle se situe d\u00e9j\u00e0 comme l\u2019\u00e9dition hivernale avec le plus de participants et l\u2019arriv\u00e9e d\u2019inscriptions de derni\u00e8re minute peut la faire basculer vers une nouvelle marque absolue, pour une \u00e9dition qui compte une augmentation notable de pr\u00e9sence d\u2019\u00e9quipes \u00e9trang\u00e8res ainsi que la pr\u00e9sence de v\u00e9hicules 4&#215;2.<\/h2>\n<p>Nous vous conseillons de profiter de ces derni\u00e8res semaines pour peaufiner tous les d\u00e9tails concernant le v\u00e9hicule ainsi que le reste des pr\u00e9paratifs parce que nous insistons sur un fait, nous faisons face \u00e0 une des \u00e9ditions les plus dures. Au cours des prochaines semaines nous r\u00e9aliserons les reconnaissances et nous pourrons alors vous donner quelques d\u00e9tails de plus concernant ce qui nous attend pendant une semaine qui s\u2019annonce passionnante.<\/p>\n<p>Cette Maroc Challenge qui prend son d\u00e9part \u00e0 Midelt et arrive \u00e0 Sa\u00efdia, se pr\u00e9sente comme l\u2019une des plus int\u00e9ressantes de l\u2019histoire de l\u2019\u00e9preuve. Avec un itin\u00e9raire in\u00e9dit et de grandes doses d\u2019aventure, il ne manquera aucun ingr\u00e9dient pour que tous ceux qui sont dispos\u00e9s \u00e0 affronter l\u2019exp\u00e9rience puissent vivre une semaine inoubliable et que ceux qui ne peuvent pas venir aient envie de s\u2019inscrire la prochaine fois.<\/p>\n<p>Avec comme objectif de vous faire profiter un maximum de la Winter 2018, les parcours se pr\u00e9parent de fa\u00e7on \u00e0 ce qu\u2019ils s\u2019adaptent aux diff\u00e9rentes cat\u00e9gories de v\u00e9hicules et l\u2019itin\u00e9raire de chaque \u00e9tape sera con\u00e7u en tenant sp\u00e9cialement compte des caract\u00e9ristiques des voitures.<\/p>\n","protected":false},"excerpt":{"rendered":"<p>Il reste \u00e0 peine deux mois pour le d\u00e9part de<\/p>\n","protected":false},"author":5,"featured_media":12235,"comment_status":"closed","ping_status":"closed","sticky":false,"template":"","format":"standard","meta":{"footnotes":""},"categories":[91],"tags":[],"class_list":["post-12240","post","type-post","status-publish","format-standard","has-post-thumbnail","hentry","category-noticias-fr"],"yoast_head":"<!-- This site is optimized with the Yoast SEO plugin v27.4 - https:\/\/yoast.com\/product\/yoast-seo-wordpress\/ -->\n<title>\u00c0 DEUX MOIS DE LA WINTER 2018 - Maroc Challenge<\/title>\n<meta name=\"description\" content=\"Il reste \u00e0 peine deux mois pour le d\u00e9part de la Winter 2018 et cette quinzi\u00e8me Maroc Challenge, qui aura lieu du 30 novembre au 8 d\u00e9cembre...\" \/>\n<meta name=\"robots\" content=\"index, follow, max-snippet:-1, max-image-preview:large, max-video-preview:-1\" \/>\n<link rel=\"canonical\" href=\"https:\/\/www.marocchallenge.com\/fr\/a-deux-mois-de-la-winter-2018\/\" \/>\n<meta property=\"og:locale\" content=\"fr_FR\" \/>\n<meta property=\"og:type\" content=\"article\" \/>\n<meta property=\"og:title\" content=\"\u00c0 DEUX MOIS DE LA WINTER 2018 - Maroc Challenge\" \/>\n<meta property=\"og:description\" content=\"Il reste \u00e0 peine deux mois pour le d\u00e9part de la Winter 2018 et cette quinzi\u00e8me Maroc Challenge, qui aura lieu du 30 novembre au 8 d\u00e9cembre...\" \/>\n<meta property=\"og:url\" content=\"https:\/\/www.marocchallenge.com\/fr\/a-deux-mois-de-la-winter-2018\/\" \/>\n<meta property=\"og:site_name\" content=\"Maroc Challenge\" \/>\n<meta property=\"article:publisher\" content=\"https:\/\/www.facebook.com\/MarocChallenge\/\" \/>\n<meta property=\"article:published_time\" content=\"2018-10-08T06:03:40+00:00\" \/>\n<meta property=\"article:modified_time\" content=\"2020-04-30T09:23:55+00:00\" \/>\n<meta property=\"og:image\" content=\"https:\/\/www.marocchallenge.com\/wp-content\/uploads\/2018\/10\/az.jpg\" \/>\n\t<meta property=\"og:image:width\" content=\"1200\" \/>\n\t<meta property=\"og:image:height\" content=\"675\" \/>\n\t<meta property=\"og:image:type\" content=\"image\/jpeg\" \/>\n<meta name=\"author\" content=\"Angel Reig\" \/>\n<meta name=\"twitter:card\" content=\"summary_large_image\" \/>\n<meta name=\"twitter:creator\" content=\"@marochallenge\" \/>\n<meta name=\"twitter:site\" content=\"@marochallenge\" \/>\n<meta name=\"twitter:label1\" content=\"\u00c9crit par\" \/>\n\t<meta name=\"twitter:data1\" content=\"Angel Reig\" \/>\n\t<meta name=\"twitter:label2\" content=\"Dur\u00e9e de lecture estim\u00e9e\" \/>\n\t<meta name=\"twitter:data2\" content=\"1 minute\" \/>\n<script type=\"application\/ld+json\" class=\"yoast-schema-graph\">{\"@context\":\"https:\\\/\\\/schema.org\",\"@graph\":[{\"@type\":\"Article\",\"@id\":\"https:\\\/\\\/www.marocchallenge.com\\\/fr\\\/a-deux-mois-de-la-winter-2018\\\/#article\",\"isPartOf\":{\"@id\":\"https:\\\/\\\/www.marocchallenge.com\\\/fr\\\/a-deux-mois-de-la-winter-2018\\\/\"},\"author\":{\"name\":\"Angel Reig\",\"@id\":\"https:\\\/\\\/www.marocchallenge.com\\\/fr\\\/#\\\/schema\\\/person\\\/a2f08c303055ab5b0da4ad6b788f15a1\"},\"headline\":\"\u00c0 DEUX MOIS DE LA WINTER 2018, ET D\u00c9J\u00c0 UN GRAND INT\u00c9R\u00caT ET PARTICIPATION\",\"datePublished\":\"2018-10-08T06:03:40+00:00\",\"dateModified\":\"2020-04-30T09:23:55+00:00\",\"mainEntityOfPage\":{\"@id\":\"https:\\\/\\\/www.marocchallenge.com\\\/fr\\\/a-deux-mois-de-la-winter-2018\\\/\"},\"wordCount\":314,\"publisher\":{\"@id\":\"https:\\\/\\\/www.marocchallenge.com\\\/fr\\\/#organization\"},\"image\":{\"@id\":\"https:\\\/\\\/www.marocchallenge.com\\\/fr\\\/a-deux-mois-de-la-winter-2018\\\/#primaryimage\"},\"thumbnailUrl\":\"https:\\\/\\\/www.marocchallenge.com\\\/wp-content\\\/uploads\\\/2018\\\/10\\\/az.jpg\",\"articleSection\":[\"Noticias\"],\"inLanguage\":\"fr-FR\"},{\"@type\":\"WebPage\",\"@id\":\"https:\\\/\\\/www.marocchallenge.com\\\/fr\\\/a-deux-mois-de-la-winter-2018\\\/\",\"url\":\"https:\\\/\\\/www.marocchallenge.com\\\/fr\\\/a-deux-mois-de-la-winter-2018\\\/\",\"name\":\"\u00c0 DEUX MOIS DE LA WINTER 2018 - Maroc Challenge\",\"isPartOf\":{\"@id\":\"https:\\\/\\\/www.marocchallenge.com\\\/fr\\\/#website\"},\"primaryImageOfPage\":{\"@id\":\"https:\\\/\\\/www.marocchallenge.com\\\/fr\\\/a-deux-mois-de-la-winter-2018\\\/#primaryimage\"},\"image\":{\"@id\":\"https:\\\/\\\/www.marocchallenge.com\\\/fr\\\/a-deux-mois-de-la-winter-2018\\\/#primaryimage\"},\"thumbnailUrl\":\"https:\\\/\\\/www.marocchallenge.com\\\/wp-content\\\/uploads\\\/2018\\\/10\\\/az.jpg\",\"datePublished\":\"2018-10-08T06:03:40+00:00\",\"dateModified\":\"2020-04-30T09:23:55+00:00\",\"description\":\"Il reste \u00e0 peine deux mois pour le d\u00e9part de la Winter 2018 et cette quinzi\u00e8me Maroc Challenge, qui aura lieu du 30 novembre au 8 d\u00e9cembre...\",\"breadcrumb\":{\"@id\":\"https:\\\/\\\/www.marocchallenge.com\\\/fr\\\/a-deux-mois-de-la-winter-2018\\\/#breadcrumb\"},\"inLanguage\":\"fr-FR\",\"potentialAction\":[{\"@type\":\"ReadAction\",\"target\":[\"https:\\\/\\\/www.marocchallenge.com\\\/fr\\\/a-deux-mois-de-la-winter-2018\\\/\"]}]},{\"@type\":\"ImageObject\",\"inLanguage\":\"fr-FR\",\"@id\":\"https:\\\/\\\/www.marocchallenge.com\\\/fr\\\/a-deux-mois-de-la-winter-2018\\\/#primaryimage\",\"url\":\"https:\\\/\\\/www.marocchallenge.com\\\/wp-content\\\/uploads\\\/2018\\\/10\\\/az.jpg\",\"contentUrl\":\"https:\\\/\\\/www.marocchallenge.com\\\/wp-content\\\/uploads\\\/2018\\\/10\\\/az.jpg\",\"width\":1200,\"height\":675,\"caption\":\"Participante Maroc Challenge\"},{\"@type\":\"BreadcrumbList\",\"@id\":\"https:\\\/\\\/www.marocchallenge.com\\\/fr\\\/a-deux-mois-de-la-winter-2018\\\/#breadcrumb\",\"itemListElement\":[{\"@type\":\"ListItem\",\"position\":1,\"name\":\"Portada\",\"item\":\"https:\\\/\\\/www.marocchallenge.com\\\/fr\\\/\"},{\"@type\":\"ListItem\",\"position\":2,\"name\":\"\u00c0 DEUX MOIS DE LA WINTER 2018, ET D\u00c9J\u00c0 UN GRAND INT\u00c9R\u00caT ET PARTICIPATION\"}]},{\"@type\":\"WebSite\",\"@id\":\"https:\\\/\\\/www.marocchallenge.com\\\/fr\\\/#website\",\"url\":\"https:\\\/\\\/www.marocchallenge.com\\\/fr\\\/\",\"name\":\"Maroc Challenge\",\"description\":\"Le Dakar des ann\u00e9es 70 pour les aventuriers d\u2019aujourd\u2019hui\",\"publisher\":{\"@id\":\"https:\\\/\\\/www.marocchallenge.com\\\/fr\\\/#organization\"},\"potentialAction\":[{\"@type\":\"SearchAction\",\"target\":{\"@type\":\"EntryPoint\",\"urlTemplate\":\"https:\\\/\\\/www.marocchallenge.com\\\/fr\\\/?s={search_term_string}\"},\"query-input\":{\"@type\":\"PropertyValueSpecification\",\"valueRequired\":true,\"valueName\":\"search_term_string\"}}],\"inLanguage\":\"fr-FR\"},{\"@type\":\"Organization\",\"@id\":\"https:\\\/\\\/www.marocchallenge.com\\\/fr\\\/#organization\",\"name\":\"Maroc Challenge - El Dakar de los 70's para los aventureros de hoy\",\"url\":\"https:\\\/\\\/www.marocchallenge.com\\\/fr\\\/\",\"logo\":{\"@type\":\"ImageObject\",\"inLanguage\":\"fr-FR\",\"@id\":\"https:\\\/\\\/www.marocchallenge.com\\\/fr\\\/#\\\/schema\\\/logo\\\/image\\\/\",\"url\":\"https:\\\/\\\/www.marocchallenge.com\\\/wp-content\\\/uploads\\\/2020\\\/03\\\/Logo-Maroc_Challenge.png\",\"contentUrl\":\"https:\\\/\\\/www.marocchallenge.com\\\/wp-content\\\/uploads\\\/2020\\\/03\\\/Logo-Maroc_Challenge.png\",\"width\":170,\"height\":96,\"caption\":\"Maroc Challenge - El Dakar de los 70's para los aventureros de hoy\"},\"image\":{\"@id\":\"https:\\\/\\\/www.marocchallenge.com\\\/fr\\\/#\\\/schema\\\/logo\\\/image\\\/\"},\"sameAs\":[\"https:\\\/\\\/www.facebook.com\\\/MarocChallenge\\\/\",\"https:\\\/\\\/x.com\\\/marochallenge\",\"https:\\\/\\\/www.instagram.com\\\/marocchallenge\\\/\",\"https:\\\/\\\/www.linkedin.com\\\/company\\\/maroc-challenge\",\"https:\\\/\\\/www.youtube.com\\\/user\\\/MarocChallenge\"]},{\"@type\":\"Person\",\"@id\":\"https:\\\/\\\/www.marocchallenge.com\\\/fr\\\/#\\\/schema\\\/person\\\/a2f08c303055ab5b0da4ad6b788f15a1\",\"name\":\"Angel Reig\",\"image\":{\"@type\":\"ImageObject\",\"inLanguage\":\"fr-FR\",\"@id\":\"https:\\\/\\\/secure.gravatar.com\\\/avatar\\\/4e3ec081afc2d81d22c7c54c309c01cc86a8927798cad3495fc1087930fa385e?s=96&d=mm&r=g\",\"url\":\"https:\\\/\\\/secure.gravatar.com\\\/avatar\\\/4e3ec081afc2d81d22c7c54c309c01cc86a8927798cad3495fc1087930fa385e?s=96&d=mm&r=g\",\"contentUrl\":\"https:\\\/\\\/secure.gravatar.com\\\/avatar\\\/4e3ec081afc2d81d22c7c54c309c01cc86a8927798cad3495fc1087930fa385e?s=96&d=mm&r=g\",\"caption\":\"Angel Reig\"}}]}<\/script>\n<!-- \/ Yoast SEO plugin. -->","yoast_head_json":{"title":"\u00c0 DEUX MOIS DE LA WINTER 2018 - Maroc Challenge","description":"Il reste \u00e0 peine deux mois pour le d\u00e9part de la Winter 2018 et cette quinzi\u00e8me Maroc Challenge, qui aura lieu du 30 novembre au 8 d\u00e9cembre...","robots":{"index":"index","follow":"follow","max-snippet":"max-snippet:-1","max-image-preview":"max-image-preview:large","max-video-preview":"max-video-preview:-1"},"canonical":"https:\/\/www.marocchallenge.com\/fr\/a-deux-mois-de-la-winter-2018\/","og_locale":"fr_FR","og_type":"article","og_title":"\u00c0 DEUX MOIS DE LA WINTER 2018 - Maroc Challenge","og_description":"Il reste \u00e0 peine deux mois pour le d\u00e9part de la Winter 2018 et cette quinzi\u00e8me Maroc Challenge, qui aura lieu du 30 novembre au 8 d\u00e9cembre...","og_url":"https:\/\/www.marocchallenge.com\/fr\/a-deux-mois-de-la-winter-2018\/","og_site_name":"Maroc Challenge","article_publisher":"https:\/\/www.facebook.com\/MarocChallenge\/","article_published_time":"2018-10-08T06:03:40+00:00","article_modified_time":"2020-04-30T09:23:55+00:00","og_image":[{"width":1200,"height":675,"url":"https:\/\/www.marocchallenge.com\/wp-content\/uploads\/2018\/10\/az.jpg","type":"image\/jpeg"}],"author":"Angel Reig","twitter_card":"summary_large_image","twitter_creator":"@marochallenge","twitter_site":"@marochallenge","twitter_misc":{"\u00c9crit par":"Angel Reig","Dur\u00e9e de lecture estim\u00e9e":"1 minute"},"schema":{"@context":"https:\/\/schema.org","@graph":[{"@type":"Article","@id":"https:\/\/www.marocchallenge.com\/fr\/a-deux-mois-de-la-winter-2018\/#article","isPartOf":{"@id":"https:\/\/www.marocchallenge.com\/fr\/a-deux-mois-de-la-winter-2018\/"},"author":{"name":"Angel Reig","@id":"https:\/\/www.marocchallenge.com\/fr\/#\/schema\/person\/a2f08c303055ab5b0da4ad6b788f15a1"},"headline":"\u00c0 DEUX MOIS DE LA WINTER 2018, ET D\u00c9J\u00c0 UN GRAND INT\u00c9R\u00caT ET PARTICIPATION","datePublished":"2018-10-08T06:03:40+00:00","dateModified":"2020-04-30T09:23:55+00:00","mainEntityOfPage":{"@id":"https:\/\/www.marocchallenge.com\/fr\/a-deux-mois-de-la-winter-2018\/"},"wordCount":314,"publisher":{"@id":"https:\/\/www.marocchallenge.com\/fr\/#organization"},"image":{"@id":"https:\/\/www.marocchallenge.com\/fr\/a-deux-mois-de-la-winter-2018\/#primaryimage"},"thumbnailUrl":"https:\/\/www.marocchallenge.com\/wp-content\/uploads\/2018\/10\/az.jpg","articleSection":["Noticias"],"inLanguage":"fr-FR"},{"@type":"WebPage","@id":"https:\/\/www.marocchallenge.com\/fr\/a-deux-mois-de-la-winter-2018\/","url":"https:\/\/www.marocchallenge.com\/fr\/a-deux-mois-de-la-winter-2018\/","name":"\u00c0 DEUX MOIS DE LA WINTER 2018 - Maroc Challenge","isPartOf":{"@id":"https:\/\/www.marocchallenge.com\/fr\/#website"},"primaryImageOfPage":{"@id":"https:\/\/www.marocchallenge.com\/fr\/a-deux-mois-de-la-winter-2018\/#primaryimage"},"image":{"@id":"https:\/\/www.marocchallenge.com\/fr\/a-deux-mois-de-la-winter-2018\/#primaryimage"},"thumbnailUrl":"https:\/\/www.marocchallenge.com\/wp-content\/uploads\/2018\/10\/az.jpg","datePublished":"2018-10-08T06:03:40+00:00","dateModified":"2020-04-30T09:23:55+00:00","description":"Il reste \u00e0 peine deux mois pour le d\u00e9part de la Winter 2018 et cette quinzi\u00e8me Maroc Challenge, qui aura lieu du 30 novembre au 8 d\u00e9cembre...","breadcrumb":{"@id":"https:\/\/www.marocchallenge.com\/fr\/a-deux-mois-de-la-winter-2018\/#breadcrumb"},"inLanguage":"fr-FR","potentialAction":[{"@type":"ReadAction","target":["https:\/\/www.marocchallenge.com\/fr\/a-deux-mois-de-la-winter-2018\/"]}]},{"@type":"ImageObject","inLanguage":"fr-FR","@id":"https:\/\/www.marocchallenge.com\/fr\/a-deux-mois-de-la-winter-2018\/#primaryimage","url":"https:\/\/www.marocchallenge.com\/wp-content\/uploads\/2018\/10\/az.jpg","contentUrl":"https:\/\/www.marocchallenge.com\/wp-content\/uploads\/2018\/10\/az.jpg","width":1200,"height":675,"caption":"Participante Maroc Challenge"},{"@type":"BreadcrumbList","@id":"https:\/\/www.marocchallenge.com\/fr\/a-deux-mois-de-la-winter-2018\/#breadcrumb","itemListElement":[{"@type":"ListItem","position":1,"name":"Portada","item":"https:\/\/www.marocchallenge.com\/fr\/"},{"@type":"ListItem","position":2,"name":"\u00c0 DEUX MOIS DE LA WINTER 2018, ET D\u00c9J\u00c0 UN GRAND INT\u00c9R\u00caT ET PARTICIPATION"}]},{"@type":"WebSite","@id":"https:\/\/www.marocchallenge.com\/fr\/#website","url":"https:\/\/www.marocchallenge.com\/fr\/","name":"Maroc Challenge","description":"Le Dakar des ann\u00e9es 70 pour les aventuriers d\u2019aujourd\u2019hui","publisher":{"@id":"https:\/\/www.marocchallenge.com\/fr\/#organization"},"potentialAction":[{"@type":"SearchAction","target":{"@type":"EntryPoint","urlTemplate":"https:\/\/www.marocchallenge.com\/fr\/?s={search_term_string}"},"query-input":{"@type":"PropertyValueSpecification","valueRequired":true,"valueName":"search_term_string"}}],"inLanguage":"fr-FR"},{"@type":"Organization","@id":"https:\/\/www.marocchallenge.com\/fr\/#organization","name":"Maroc Challenge - El Dakar de los 70's para los aventureros de hoy","url":"https:\/\/www.marocchallenge.com\/fr\/","logo":{"@type":"ImageObject","inLanguage":"fr-FR","@id":"https:\/\/www.marocchallenge.com\/fr\/#\/schema\/logo\/image\/","url":"https:\/\/www.marocchallenge.com\/wp-content\/uploads\/2020\/03\/Logo-Maroc_Challenge.png","contentUrl":"https:\/\/www.marocchallenge.com\/wp-content\/uploads\/2020\/03\/Logo-Maroc_Challenge.png","width":170,"height":96,"caption":"Maroc Challenge - El Dakar de los 70's para los aventureros de hoy"},"image":{"@id":"https:\/\/www.marocchallenge.com\/fr\/#\/schema\/logo\/image\/"},"sameAs":["https:\/\/www.facebook.com\/MarocChallenge\/","https:\/\/x.com\/marochallenge","https:\/\/www.instagram.com\/marocchallenge\/","https:\/\/www.linkedin.com\/company\/maroc-challenge","https:\/\/www.youtube.com\/user\/MarocChallenge"]},{"@type":"Person","@id":"https:\/\/www.marocchallenge.com\/fr\/#\/schema\/person\/a2f08c303055ab5b0da4ad6b788f15a1","name":"Angel Reig","image":{"@type":"ImageObject","inLanguage":"fr-FR","@id":"https:\/\/secure.gravatar.com\/avatar\/4e3ec081afc2d81d22c7c54c309c01cc86a8927798cad3495fc1087930fa385e?s=96&d=mm&r=g","url":"https:\/\/secure.gravatar.com\/avatar\/4e3ec081afc2d81d22c7c54c309c01cc86a8927798cad3495fc1087930fa385e?s=96&d=mm&r=g","contentUrl":"https:\/\/secure.gravatar.com\/avatar\/4e3ec081afc2d81d22c7c54c309c01cc86a8927798cad3495fc1087930fa385e?s=96&d=mm&r=g","caption":"Angel Reig"}}]}},"_links":{"self":[{"href":"https:\/\/www.marocchallenge.com\/fr\/wp-json\/wp\/v2\/posts\/12240","targetHints":{"allow":["GET"]}}],"collection":[{"href":"https:\/\/www.marocchallenge.com\/fr\/wp-json\/wp\/v2\/posts"}],"about":[{"href":"https:\/\/www.marocchallenge.com\/fr\/wp-json\/wp\/v2\/types\/post"}],"author":[{"embeddable":true,"href":"https:\/\/www.marocchallenge.com\/fr\/wp-json\/wp\/v2\/users\/5"}],"replies":[{"embeddable":true,"href":"https:\/\/www.marocchallenge.com\/fr\/wp-json\/wp\/v2\/comments?post=12240"}],"version-history":[{"count":1,"href":"https:\/\/www.marocchallenge.com\/fr\/wp-json\/wp\/v2\/posts\/12240\/revisions"}],"predecessor-version":[{"id":12244,"href":"https:\/\/www.marocchallenge.com\/fr\/wp-json\/wp\/v2\/posts\/12240\/revisions\/12244"}],"wp:featuredmedia":[{"embeddable":true,"href":"https:\/\/www.marocchallenge.com\/fr\/wp-json\/wp\/v2\/media\/12235"}],"wp:attachment":[{"href":"https:\/\/www.marocchallenge.com\/fr\/wp-json\/wp\/v2\/media?parent=12240"}],"wp:term":[{"taxonomy":"category","embeddable":true,"href":"https:\/\/www.marocchallenge.com\/fr\/wp-json\/wp\/v2\/categories?post=12240"},{"taxonomy":"post_tag","embeddable":true,"href":"https:\/\/www.marocchallenge.com\/fr\/wp-json\/wp\/v2\/tags?post=12240"}],"curies":[{"name":"wp","href":"https:\/\/api.w.org\/{rel}","templated":true}]}}