{"id":12255,"date":"2018-07-29T06:55:28","date_gmt":"2018-07-29T06:55:28","guid":{"rendered":"http:\/\/www.marocchallenge.eu\/la-winter-2018-tendra-recorridos-adaptados-por-categorias\/"},"modified":"2020-04-30T10:06:14","modified_gmt":"2020-04-30T10:06:14","slug":"la-winter-2018-aura-des-parcours-adaptes-par-categories","status":"publish","type":"post","link":"https:\/\/www.marocchallenge.com\/fr\/la-winter-2018-aura-des-parcours-adaptes-par-categories\/","title":{"rendered":"LA WINTER 2018 AURA DES PARCOURS ADAPT\u00c9S PAR CAT\u00c9GORIES"},"content":{"rendered":"<p><img decoding=\"async\" class=\"alignnone wp-image-12248 size-full\" src=\"http:\/\/www.marocchallenge.eu\/wp-content\/uploads\/2018\/07\/az.jpg\" alt=\"\" width=\"1200\" height=\"675\" srcset=\"https:\/\/www.marocchallenge.com\/wp-content\/uploads\/2018\/07\/az-200x113.jpg 200w, https:\/\/www.marocchallenge.com\/wp-content\/uploads\/2018\/07\/az-300x169.jpg 300w, https:\/\/www.marocchallenge.com\/wp-content\/uploads\/2018\/07\/az-400x225.jpg 400w, https:\/\/www.marocchallenge.com\/wp-content\/uploads\/2018\/07\/az-600x338.jpg 600w, https:\/\/www.marocchallenge.com\/wp-content\/uploads\/2018\/07\/az-768x432.jpg 768w, https:\/\/www.marocchallenge.com\/wp-content\/uploads\/2018\/07\/az-800x450.jpg 800w, https:\/\/www.marocchallenge.com\/wp-content\/uploads\/2018\/07\/az-1024x576.jpg 1024w, https:\/\/www.marocchallenge.com\/wp-content\/uploads\/2018\/07\/az.jpg 1200w\" sizes=\"(max-width: 1200px) 100vw, 1200px\" \/><\/p>\n<h2>La quinzi\u00e8me \u00e9dition\u00a0 de la Maroc Challenge, qui se c\u00e9l\u00e9brera du 30 novembre au 8 d\u00e9cembre, partant de Midelt avec arriv\u00e9e \u00e0 Sa\u00efdia, se pr\u00e9sente comme une des plus int\u00e9ressantes de l&rsquo;histoire de l&rsquo;\u00e9preuve.\u00a0 Avec un itin\u00e9raire in\u00e9dit et des grandes doses d&rsquo;aventure les ingr\u00e9dients\u00a0 ne manqueront pas pour que tous ceux qui affrontent l&rsquo;exp\u00e9rience vivent une semaine inoubliable\u00a0 et que ceux qui ne peuvent pas venir aient envie de s&rsquo;inscrire\u00a0 pour la suivante.<\/h2>\n<p>Depuis les derni\u00e8res \u00e9ditions dans l\u2019objectif que tout le monde profite au maximum de la\u00a0Maroc Challenge, les parcours se pr\u00e9parent pour s\u2019adapter aux diff\u00e9rentes cat\u00e9gories de v\u00e9hicules. Lors de la prochaine edition &#8211; et dans le but de conserver cela pour les \u00e9ditions futures \u2013 l\u2019itin\u00e9raire chaque \u00e9tape sera cr\u00e9\u00e9 en tenant sp\u00e9cialement compte des caract\u00e9ristiques des v\u00e9hicules.<\/p>\n<p>Rui Caba\u00e7o, l\u2019organisateur de la Maroc, insiste sur le fait que\u00a0\u201c nous voulons que les participants tirent \u00a0profit de leurs v\u00e9hicules au maximum. Nous avons pens\u00e9 \u00e0 plusieurs reprises que quelques uns de parcours \u00e9taient trop courts ou au contraire \u00e9tait trop difficile selon la cat\u00e9gorie et nous pensons que la meilleure fa\u00e7on de vivre l\u2019exp\u00e9rience pour chaque participant est de l\u2019adapter a ses moyens\u201d.<\/p>\n<p>Et comment allons nous adapter les parcours? La base sera toujours la m\u00eame \u00e9tant donn\u00e9 que tous les v\u00e9hicule partagent la m\u00eame piste. Cependant nous r\u00e9aliserons des petites d\u00e9viations\u00a0 ou des parcours\u00a0 parall\u00e8les \u00a0dans des zones sp\u00e9cifiques.<\/p>\n<p>PRINCIPAUX CHANGEMENTS:<\/p>\n<p>Adventure C1\u00a0(voitures 4&#215;2 jusqu&rsquo;\u00e0 1300cm3) et\u00a0Adventure C3\u00a0(voitures 4&#215;4 jusqu&rsquo;\u00e0 1300 cm3)-<\/p>\n<p>Nous abaissons la difficult\u00e9\u00a0 de cette cat\u00e9gorie dans laquelle sont inclus les voitures types\u00a0Renault 4,\u00a0Seat Marbella,\u00a0Peugeot 205, etc. Les passages par les grandes rivi\u00e8res de sabl\u00e9s seront r\u00e9duits et lors des \u00e9tapes ou le parcours de piste est sup\u00e9rieur a 280 km nous r\u00e9aliseront quelque d\u00e9viation par route au d\u00e9part ou \u00e0 la fin de l&rsquo;\u00e9tape. Ceux-ci sont \u00e9videmment les v\u00e9hicules les plus lents et les moins puissants.<\/p>\n<p>Adventure TT1, TT2 et TT3\u00a0(tout terrains)<\/p>\n<p>Nous allons consid\u00e9rablement intensifier l\u2019aventure dans ces cat\u00e9gories. Jusqu\u2019\u00e0 pr\u00e9sent elles partageaient le m\u00eame parcours que les v\u00e9hicules\u00a04&#215;2, circonstance qui limitait le passage par les zones les plus compliqu\u00e9es pour les voitures mais qui \u00e9taient faisables pour les\u00a0Tout terrain. A compter de la\u00a0Winter \u00c9dition 2018\u00a0nous allons augmenter les passages sur sable pour ces cat\u00e9gories ainsi que les cordons de dunes et les zones hors-piste, ce qui donnera pour resultat de vraiment profiter a fond de la Maroc.<\/p>\n<p>Raid TT1, TT2 et TT3\u00a0(tout terrains )<\/p>\n<p>La difficult\u00e9 dans la cat\u00e9gorie la plus compliqu\u00e9e de la Maroc,\u00a0 destin\u00e9e aux experts, ceux qui ont d\u00e9j\u00e0 quelque exp\u00e9rience de l\u2019\u00e9preuve, va \u00eatre augment\u00e9e. Le sable sera plus pr\u00e9sent que lors des derni\u00e8res \u00e9ditions. Nous augmenterons le nombre de passages ainsi que les kilom\u00e8tres \u00e0 l&rsquo;int\u00e9rieur\u00a0 des principaux Ergs par ou passe l\u2019itin\u00e9raire de la cat\u00e9gorie Raid, en incluant aussi des zones hors piste plus techniques et plus compliqu\u00e9es.<\/p>\n<p>Les cat\u00e9gories\u00a0Adventure C2\u00a0et\u00a0C4\u00a0et\u00a0Raid\u00a0C2\u00a0et\u00a0C4\u00a0se maintiennent dans la m\u00eame philosophie et difficult\u00e9.<\/p>\n","protected":false},"excerpt":{"rendered":"<p>La quinzi\u00e8me \u00e9dition\u00a0 de la Maroc Challenge, qui se c\u00e9l\u00e9brera<\/p>\n","protected":false},"author":5,"featured_media":12250,"comment_status":"closed","ping_status":"closed","sticky":false,"template":"","format":"standard","meta":{"footnotes":""},"categories":[91],"tags":[],"class_list":["post-12255","post","type-post","status-publish","format-standard","has-post-thumbnail","hentry","category-noticias-fr"],"yoast_head":"<!-- This site is optimized with the Yoast SEO plugin v27.4 - https:\/\/yoast.com\/product\/yoast-seo-wordpress\/ -->\n<title>LA WINTER 2018 AURA DES PARCOURS ADAPT\u00c9S PAR CAT\u00c9GORIES<\/title>\n<meta name=\"description\" content=\"La quinzi\u00e8me \u00e9dition\u00a0 de la Maroc Challenge, qui se c\u00e9l\u00e9brera du 30 novembre au 8 d\u00e9cembre, partant de Midelt avec arriv\u00e9e \u00e0 Sa\u00efdia...\" \/>\n<meta name=\"robots\" content=\"index, follow, max-snippet:-1, max-image-preview:large, max-video-preview:-1\" \/>\n<link rel=\"canonical\" href=\"https:\/\/www.marocchallenge.com\/fr\/la-winter-2018-aura-des-parcours-adaptes-par-categories\/\" \/>\n<meta property=\"og:locale\" content=\"fr_FR\" \/>\n<meta property=\"og:type\" content=\"article\" \/>\n<meta property=\"og:title\" content=\"LA WINTER 2018 AURA DES PARCOURS ADAPT\u00c9S PAR CAT\u00c9GORIES\" \/>\n<meta property=\"og:description\" content=\"La quinzi\u00e8me \u00e9dition\u00a0 de la Maroc Challenge, qui se c\u00e9l\u00e9brera du 30 novembre au 8 d\u00e9cembre, partant de Midelt avec arriv\u00e9e \u00e0 Sa\u00efdia...\" \/>\n<meta property=\"og:url\" content=\"https:\/\/www.marocchallenge.com\/fr\/la-winter-2018-aura-des-parcours-adaptes-par-categories\/\" \/>\n<meta property=\"og:site_name\" content=\"Maroc Challenge\" \/>\n<meta property=\"article:publisher\" content=\"https:\/\/www.facebook.com\/MarocChallenge\/\" \/>\n<meta property=\"article:published_time\" content=\"2018-07-29T06:55:28+00:00\" \/>\n<meta property=\"article:modified_time\" content=\"2020-04-30T10:06:14+00:00\" \/>\n<meta property=\"og:image\" content=\"https:\/\/www.marocchallenge.com\/wp-content\/uploads\/2018\/07\/az.jpg\" \/>\n\t<meta property=\"og:image:width\" content=\"1200\" \/>\n\t<meta property=\"og:image:height\" content=\"675\" \/>\n\t<meta property=\"og:image:type\" content=\"image\/jpeg\" \/>\n<meta name=\"author\" content=\"Angel Reig\" \/>\n<meta name=\"twitter:card\" content=\"summary_large_image\" \/>\n<meta name=\"twitter:creator\" content=\"@marochallenge\" \/>\n<meta name=\"twitter:site\" content=\"@marochallenge\" \/>\n<meta name=\"twitter:label1\" content=\"\u00c9crit par\" \/>\n\t<meta name=\"twitter:data1\" content=\"Angel Reig\" \/>\n\t<meta name=\"twitter:label2\" content=\"Dur\u00e9e de lecture estim\u00e9e\" \/>\n\t<meta name=\"twitter:data2\" content=\"3 minutes\" \/>\n<script type=\"application\/ld+json\" class=\"yoast-schema-graph\">{\"@context\":\"https:\\\/\\\/schema.org\",\"@graph\":[{\"@type\":\"Article\",\"@id\":\"https:\\\/\\\/www.marocchallenge.com\\\/fr\\\/la-winter-2018-aura-des-parcours-adaptes-par-categories\\\/#article\",\"isPartOf\":{\"@id\":\"https:\\\/\\\/www.marocchallenge.com\\\/fr\\\/la-winter-2018-aura-des-parcours-adaptes-par-categories\\\/\"},\"author\":{\"name\":\"Angel Reig\",\"@id\":\"https:\\\/\\\/www.marocchallenge.com\\\/fr\\\/#\\\/schema\\\/person\\\/a2f08c303055ab5b0da4ad6b788f15a1\"},\"headline\":\"LA WINTER 2018 AURA DES PARCOURS ADAPT\u00c9S PAR CAT\u00c9GORIES\",\"datePublished\":\"2018-07-29T06:55:28+00:00\",\"dateModified\":\"2020-04-30T10:06:14+00:00\",\"mainEntityOfPage\":{\"@id\":\"https:\\\/\\\/www.marocchallenge.com\\\/fr\\\/la-winter-2018-aura-des-parcours-adaptes-par-categories\\\/\"},\"wordCount\":585,\"publisher\":{\"@id\":\"https:\\\/\\\/www.marocchallenge.com\\\/fr\\\/#organization\"},\"image\":{\"@id\":\"https:\\\/\\\/www.marocchallenge.com\\\/fr\\\/la-winter-2018-aura-des-parcours-adaptes-par-categories\\\/#primaryimage\"},\"thumbnailUrl\":\"https:\\\/\\\/www.marocchallenge.com\\\/wp-content\\\/uploads\\\/2018\\\/07\\\/az.jpg\",\"articleSection\":[\"Noticias\"],\"inLanguage\":\"fr-FR\"},{\"@type\":\"WebPage\",\"@id\":\"https:\\\/\\\/www.marocchallenge.com\\\/fr\\\/la-winter-2018-aura-des-parcours-adaptes-par-categories\\\/\",\"url\":\"https:\\\/\\\/www.marocchallenge.com\\\/fr\\\/la-winter-2018-aura-des-parcours-adaptes-par-categories\\\/\",\"name\":\"LA WINTER 2018 AURA DES PARCOURS ADAPT\u00c9S PAR CAT\u00c9GORIES\",\"isPartOf\":{\"@id\":\"https:\\\/\\\/www.marocchallenge.com\\\/fr\\\/#website\"},\"primaryImageOfPage\":{\"@id\":\"https:\\\/\\\/www.marocchallenge.com\\\/fr\\\/la-winter-2018-aura-des-parcours-adaptes-par-categories\\\/#primaryimage\"},\"image\":{\"@id\":\"https:\\\/\\\/www.marocchallenge.com\\\/fr\\\/la-winter-2018-aura-des-parcours-adaptes-par-categories\\\/#primaryimage\"},\"thumbnailUrl\":\"https:\\\/\\\/www.marocchallenge.com\\\/wp-content\\\/uploads\\\/2018\\\/07\\\/az.jpg\",\"datePublished\":\"2018-07-29T06:55:28+00:00\",\"dateModified\":\"2020-04-30T10:06:14+00:00\",\"description\":\"La quinzi\u00e8me \u00e9dition\u00a0 de la Maroc Challenge, qui se c\u00e9l\u00e9brera du 30 novembre au 8 d\u00e9cembre, partant de Midelt avec arriv\u00e9e \u00e0 Sa\u00efdia...\",\"breadcrumb\":{\"@id\":\"https:\\\/\\\/www.marocchallenge.com\\\/fr\\\/la-winter-2018-aura-des-parcours-adaptes-par-categories\\\/#breadcrumb\"},\"inLanguage\":\"fr-FR\",\"potentialAction\":[{\"@type\":\"ReadAction\",\"target\":[\"https:\\\/\\\/www.marocchallenge.com\\\/fr\\\/la-winter-2018-aura-des-parcours-adaptes-par-categories\\\/\"]}]},{\"@type\":\"ImageObject\",\"inLanguage\":\"fr-FR\",\"@id\":\"https:\\\/\\\/www.marocchallenge.com\\\/fr\\\/la-winter-2018-aura-des-parcours-adaptes-par-categories\\\/#primaryimage\",\"url\":\"https:\\\/\\\/www.marocchallenge.com\\\/wp-content\\\/uploads\\\/2018\\\/07\\\/az.jpg\",\"contentUrl\":\"https:\\\/\\\/www.marocchallenge.com\\\/wp-content\\\/uploads\\\/2018\\\/07\\\/az.jpg\",\"width\":1200,\"height\":675,\"caption\":\"Participante Maroc Challenge\"},{\"@type\":\"BreadcrumbList\",\"@id\":\"https:\\\/\\\/www.marocchallenge.com\\\/fr\\\/la-winter-2018-aura-des-parcours-adaptes-par-categories\\\/#breadcrumb\",\"itemListElement\":[{\"@type\":\"ListItem\",\"position\":1,\"name\":\"Portada\",\"item\":\"https:\\\/\\\/www.marocchallenge.com\\\/fr\\\/\"},{\"@type\":\"ListItem\",\"position\":2,\"name\":\"LA WINTER 2018 AURA DES PARCOURS ADAPT\u00c9S PAR CAT\u00c9GORIES\"}]},{\"@type\":\"WebSite\",\"@id\":\"https:\\\/\\\/www.marocchallenge.com\\\/fr\\\/#website\",\"url\":\"https:\\\/\\\/www.marocchallenge.com\\\/fr\\\/\",\"name\":\"Maroc Challenge\",\"description\":\"Le Dakar des ann\u00e9es 70 pour les aventuriers d\u2019aujourd\u2019hui\",\"publisher\":{\"@id\":\"https:\\\/\\\/www.marocchallenge.com\\\/fr\\\/#organization\"},\"potentialAction\":[{\"@type\":\"SearchAction\",\"target\":{\"@type\":\"EntryPoint\",\"urlTemplate\":\"https:\\\/\\\/www.marocchallenge.com\\\/fr\\\/?s={search_term_string}\"},\"query-input\":{\"@type\":\"PropertyValueSpecification\",\"valueRequired\":true,\"valueName\":\"search_term_string\"}}],\"inLanguage\":\"fr-FR\"},{\"@type\":\"Organization\",\"@id\":\"https:\\\/\\\/www.marocchallenge.com\\\/fr\\\/#organization\",\"name\":\"Maroc Challenge - El Dakar de los 70's para los aventureros de hoy\",\"url\":\"https:\\\/\\\/www.marocchallenge.com\\\/fr\\\/\",\"logo\":{\"@type\":\"ImageObject\",\"inLanguage\":\"fr-FR\",\"@id\":\"https:\\\/\\\/www.marocchallenge.com\\\/fr\\\/#\\\/schema\\\/logo\\\/image\\\/\",\"url\":\"https:\\\/\\\/www.marocchallenge.com\\\/wp-content\\\/uploads\\\/2020\\\/03\\\/Logo-Maroc_Challenge.png\",\"contentUrl\":\"https:\\\/\\\/www.marocchallenge.com\\\/wp-content\\\/uploads\\\/2020\\\/03\\\/Logo-Maroc_Challenge.png\",\"width\":170,\"height\":96,\"caption\":\"Maroc Challenge - El Dakar de los 70's para los aventureros de hoy\"},\"image\":{\"@id\":\"https:\\\/\\\/www.marocchallenge.com\\\/fr\\\/#\\\/schema\\\/logo\\\/image\\\/\"},\"sameAs\":[\"https:\\\/\\\/www.facebook.com\\\/MarocChallenge\\\/\",\"https:\\\/\\\/x.com\\\/marochallenge\",\"https:\\\/\\\/www.instagram.com\\\/marocchallenge\\\/\",\"https:\\\/\\\/www.linkedin.com\\\/company\\\/maroc-challenge\",\"https:\\\/\\\/www.youtube.com\\\/user\\\/MarocChallenge\"]},{\"@type\":\"Person\",\"@id\":\"https:\\\/\\\/www.marocchallenge.com\\\/fr\\\/#\\\/schema\\\/person\\\/a2f08c303055ab5b0da4ad6b788f15a1\",\"name\":\"Angel Reig\",\"image\":{\"@type\":\"ImageObject\",\"inLanguage\":\"fr-FR\",\"@id\":\"https:\\\/\\\/secure.gravatar.com\\\/avatar\\\/4e3ec081afc2d81d22c7c54c309c01cc86a8927798cad3495fc1087930fa385e?s=96&d=mm&r=g\",\"url\":\"https:\\\/\\\/secure.gravatar.com\\\/avatar\\\/4e3ec081afc2d81d22c7c54c309c01cc86a8927798cad3495fc1087930fa385e?s=96&d=mm&r=g\",\"contentUrl\":\"https:\\\/\\\/secure.gravatar.com\\\/avatar\\\/4e3ec081afc2d81d22c7c54c309c01cc86a8927798cad3495fc1087930fa385e?s=96&d=mm&r=g\",\"caption\":\"Angel Reig\"}}]}<\/script>\n<!-- \/ Yoast SEO plugin. -->","yoast_head_json":{"title":"LA WINTER 2018 AURA DES PARCOURS ADAPT\u00c9S PAR CAT\u00c9GORIES","description":"La quinzi\u00e8me \u00e9dition\u00a0 de la Maroc Challenge, qui se c\u00e9l\u00e9brera du 30 novembre au 8 d\u00e9cembre, partant de Midelt avec arriv\u00e9e \u00e0 Sa\u00efdia...","robots":{"index":"index","follow":"follow","max-snippet":"max-snippet:-1","max-image-preview":"max-image-preview:large","max-video-preview":"max-video-preview:-1"},"canonical":"https:\/\/www.marocchallenge.com\/fr\/la-winter-2018-aura-des-parcours-adaptes-par-categories\/","og_locale":"fr_FR","og_type":"article","og_title":"LA WINTER 2018 AURA DES PARCOURS ADAPT\u00c9S PAR CAT\u00c9GORIES","og_description":"La quinzi\u00e8me \u00e9dition\u00a0 de la Maroc Challenge, qui se c\u00e9l\u00e9brera du 30 novembre au 8 d\u00e9cembre, partant de Midelt avec arriv\u00e9e \u00e0 Sa\u00efdia...","og_url":"https:\/\/www.marocchallenge.com\/fr\/la-winter-2018-aura-des-parcours-adaptes-par-categories\/","og_site_name":"Maroc Challenge","article_publisher":"https:\/\/www.facebook.com\/MarocChallenge\/","article_published_time":"2018-07-29T06:55:28+00:00","article_modified_time":"2020-04-30T10:06:14+00:00","og_image":[{"width":1200,"height":675,"url":"https:\/\/www.marocchallenge.com\/wp-content\/uploads\/2018\/07\/az.jpg","type":"image\/jpeg"}],"author":"Angel Reig","twitter_card":"summary_large_image","twitter_creator":"@marochallenge","twitter_site":"@marochallenge","twitter_misc":{"\u00c9crit par":"Angel Reig","Dur\u00e9e de lecture estim\u00e9e":"3 minutes"},"schema":{"@context":"https:\/\/schema.org","@graph":[{"@type":"Article","@id":"https:\/\/www.marocchallenge.com\/fr\/la-winter-2018-aura-des-parcours-adaptes-par-categories\/#article","isPartOf":{"@id":"https:\/\/www.marocchallenge.com\/fr\/la-winter-2018-aura-des-parcours-adaptes-par-categories\/"},"author":{"name":"Angel Reig","@id":"https:\/\/www.marocchallenge.com\/fr\/#\/schema\/person\/a2f08c303055ab5b0da4ad6b788f15a1"},"headline":"LA WINTER 2018 AURA DES PARCOURS ADAPT\u00c9S PAR CAT\u00c9GORIES","datePublished":"2018-07-29T06:55:28+00:00","dateModified":"2020-04-30T10:06:14+00:00","mainEntityOfPage":{"@id":"https:\/\/www.marocchallenge.com\/fr\/la-winter-2018-aura-des-parcours-adaptes-par-categories\/"},"wordCount":585,"publisher":{"@id":"https:\/\/www.marocchallenge.com\/fr\/#organization"},"image":{"@id":"https:\/\/www.marocchallenge.com\/fr\/la-winter-2018-aura-des-parcours-adaptes-par-categories\/#primaryimage"},"thumbnailUrl":"https:\/\/www.marocchallenge.com\/wp-content\/uploads\/2018\/07\/az.jpg","articleSection":["Noticias"],"inLanguage":"fr-FR"},{"@type":"WebPage","@id":"https:\/\/www.marocchallenge.com\/fr\/la-winter-2018-aura-des-parcours-adaptes-par-categories\/","url":"https:\/\/www.marocchallenge.com\/fr\/la-winter-2018-aura-des-parcours-adaptes-par-categories\/","name":"LA WINTER 2018 AURA DES PARCOURS ADAPT\u00c9S PAR CAT\u00c9GORIES","isPartOf":{"@id":"https:\/\/www.marocchallenge.com\/fr\/#website"},"primaryImageOfPage":{"@id":"https:\/\/www.marocchallenge.com\/fr\/la-winter-2018-aura-des-parcours-adaptes-par-categories\/#primaryimage"},"image":{"@id":"https:\/\/www.marocchallenge.com\/fr\/la-winter-2018-aura-des-parcours-adaptes-par-categories\/#primaryimage"},"thumbnailUrl":"https:\/\/www.marocchallenge.com\/wp-content\/uploads\/2018\/07\/az.jpg","datePublished":"2018-07-29T06:55:28+00:00","dateModified":"2020-04-30T10:06:14+00:00","description":"La quinzi\u00e8me \u00e9dition\u00a0 de la Maroc Challenge, qui se c\u00e9l\u00e9brera du 30 novembre au 8 d\u00e9cembre, partant de Midelt avec arriv\u00e9e \u00e0 Sa\u00efdia...","breadcrumb":{"@id":"https:\/\/www.marocchallenge.com\/fr\/la-winter-2018-aura-des-parcours-adaptes-par-categories\/#breadcrumb"},"inLanguage":"fr-FR","potentialAction":[{"@type":"ReadAction","target":["https:\/\/www.marocchallenge.com\/fr\/la-winter-2018-aura-des-parcours-adaptes-par-categories\/"]}]},{"@type":"ImageObject","inLanguage":"fr-FR","@id":"https:\/\/www.marocchallenge.com\/fr\/la-winter-2018-aura-des-parcours-adaptes-par-categories\/#primaryimage","url":"https:\/\/www.marocchallenge.com\/wp-content\/uploads\/2018\/07\/az.jpg","contentUrl":"https:\/\/www.marocchallenge.com\/wp-content\/uploads\/2018\/07\/az.jpg","width":1200,"height":675,"caption":"Participante Maroc Challenge"},{"@type":"BreadcrumbList","@id":"https:\/\/www.marocchallenge.com\/fr\/la-winter-2018-aura-des-parcours-adaptes-par-categories\/#breadcrumb","itemListElement":[{"@type":"ListItem","position":1,"name":"Portada","item":"https:\/\/www.marocchallenge.com\/fr\/"},{"@type":"ListItem","position":2,"name":"LA WINTER 2018 AURA DES PARCOURS ADAPT\u00c9S PAR CAT\u00c9GORIES"}]},{"@type":"WebSite","@id":"https:\/\/www.marocchallenge.com\/fr\/#website","url":"https:\/\/www.marocchallenge.com\/fr\/","name":"Maroc Challenge","description":"Le Dakar des ann\u00e9es 70 pour les aventuriers d\u2019aujourd\u2019hui","publisher":{"@id":"https:\/\/www.marocchallenge.com\/fr\/#organization"},"potentialAction":[{"@type":"SearchAction","target":{"@type":"EntryPoint","urlTemplate":"https:\/\/www.marocchallenge.com\/fr\/?s={search_term_string}"},"query-input":{"@type":"PropertyValueSpecification","valueRequired":true,"valueName":"search_term_string"}}],"inLanguage":"fr-FR"},{"@type":"Organization","@id":"https:\/\/www.marocchallenge.com\/fr\/#organization","name":"Maroc Challenge - El Dakar de los 70's para los aventureros de hoy","url":"https:\/\/www.marocchallenge.com\/fr\/","logo":{"@type":"ImageObject","inLanguage":"fr-FR","@id":"https:\/\/www.marocchallenge.com\/fr\/#\/schema\/logo\/image\/","url":"https:\/\/www.marocchallenge.com\/wp-content\/uploads\/2020\/03\/Logo-Maroc_Challenge.png","contentUrl":"https:\/\/www.marocchallenge.com\/wp-content\/uploads\/2020\/03\/Logo-Maroc_Challenge.png","width":170,"height":96,"caption":"Maroc Challenge - El Dakar de los 70's para los aventureros de hoy"},"image":{"@id":"https:\/\/www.marocchallenge.com\/fr\/#\/schema\/logo\/image\/"},"sameAs":["https:\/\/www.facebook.com\/MarocChallenge\/","https:\/\/x.com\/marochallenge","https:\/\/www.instagram.com\/marocchallenge\/","https:\/\/www.linkedin.com\/company\/maroc-challenge","https:\/\/www.youtube.com\/user\/MarocChallenge"]},{"@type":"Person","@id":"https:\/\/www.marocchallenge.com\/fr\/#\/schema\/person\/a2f08c303055ab5b0da4ad6b788f15a1","name":"Angel Reig","image":{"@type":"ImageObject","inLanguage":"fr-FR","@id":"https:\/\/secure.gravatar.com\/avatar\/4e3ec081afc2d81d22c7c54c309c01cc86a8927798cad3495fc1087930fa385e?s=96&d=mm&r=g","url":"https:\/\/secure.gravatar.com\/avatar\/4e3ec081afc2d81d22c7c54c309c01cc86a8927798cad3495fc1087930fa385e?s=96&d=mm&r=g","contentUrl":"https:\/\/secure.gravatar.com\/avatar\/4e3ec081afc2d81d22c7c54c309c01cc86a8927798cad3495fc1087930fa385e?s=96&d=mm&r=g","caption":"Angel Reig"}}]}},"_links":{"self":[{"href":"https:\/\/www.marocchallenge.com\/fr\/wp-json\/wp\/v2\/posts\/12255","targetHints":{"allow":["GET"]}}],"collection":[{"href":"https:\/\/www.marocchallenge.com\/fr\/wp-json\/wp\/v2\/posts"}],"about":[{"href":"https:\/\/www.marocchallenge.com\/fr\/wp-json\/wp\/v2\/types\/post"}],"author":[{"embeddable":true,"href":"https:\/\/www.marocchallenge.com\/fr\/wp-json\/wp\/v2\/users\/5"}],"replies":[{"embeddable":true,"href":"https:\/\/www.marocchallenge.com\/fr\/wp-json\/wp\/v2\/comments?post=12255"}],"version-history":[{"count":1,"href":"https:\/\/www.marocchallenge.com\/fr\/wp-json\/wp\/v2\/posts\/12255\/revisions"}],"predecessor-version":[{"id":12259,"href":"https:\/\/www.marocchallenge.com\/fr\/wp-json\/wp\/v2\/posts\/12255\/revisions\/12259"}],"wp:featuredmedia":[{"embeddable":true,"href":"https:\/\/www.marocchallenge.com\/fr\/wp-json\/wp\/v2\/media\/12250"}],"wp:attachment":[{"href":"https:\/\/www.marocchallenge.com\/fr\/wp-json\/wp\/v2\/media?parent=12255"}],"wp:term":[{"taxonomy":"category","embeddable":true,"href":"https:\/\/www.marocchallenge.com\/fr\/wp-json\/wp\/v2\/categories?post=12255"},{"taxonomy":"post_tag","embeddable":true,"href":"https:\/\/www.marocchallenge.com\/fr\/wp-json\/wp\/v2\/tags?post=12255"}],"curies":[{"name":"wp","href":"https:\/\/api.w.org\/{rel}","templated":true}]}}