{"id":15285,"date":"2020-05-10T11:02:45","date_gmt":"2020-05-10T11:02:45","guid":{"rendered":"https:\/\/www.marocchallenge.com\/25-de-mayo-abrimos-inscripciones\/"},"modified":"2020-05-10T11:50:07","modified_gmt":"2020-05-10T11:50:07","slug":"25-mai-nous-ouvrons-les-inscriptions","status":"publish","type":"post","link":"https:\/\/www.marocchallenge.com\/fr\/25-mai-nous-ouvrons-les-inscriptions\/","title":{"rendered":"25 MAI, NOUS OUVRONS LES INSCRIPTIONS!"},"content":{"rendered":"<p><img decoding=\"async\" class=\"alignnone wp-image-15278 size-full\" src=\"https:\/\/www.marocchallenge.com\/wp-content\/uploads\/2020\/05\/Maroc-Challenge-Spring-Winter-2020.jpg\" alt=\"\" width=\"1200\" height=\"675\" srcset=\"https:\/\/www.marocchallenge.com\/wp-content\/uploads\/2020\/05\/Maroc-Challenge-Spring-Winter-2020-200x113.jpg 200w, https:\/\/www.marocchallenge.com\/wp-content\/uploads\/2020\/05\/Maroc-Challenge-Spring-Winter-2020-300x169.jpg 300w, https:\/\/www.marocchallenge.com\/wp-content\/uploads\/2020\/05\/Maroc-Challenge-Spring-Winter-2020-400x225.jpg 400w, https:\/\/www.marocchallenge.com\/wp-content\/uploads\/2020\/05\/Maroc-Challenge-Spring-Winter-2020-600x338.jpg 600w, https:\/\/www.marocchallenge.com\/wp-content\/uploads\/2020\/05\/Maroc-Challenge-Spring-Winter-2020-768x432.jpg 768w, https:\/\/www.marocchallenge.com\/wp-content\/uploads\/2020\/05\/Maroc-Challenge-Spring-Winter-2020-800x450.jpg 800w, https:\/\/www.marocchallenge.com\/wp-content\/uploads\/2020\/05\/Maroc-Challenge-Spring-Winter-2020-1024x576.jpg 1024w, https:\/\/www.marocchallenge.com\/wp-content\/uploads\/2020\/05\/Maroc-Challenge-Spring-Winter-2020.jpg 1200w\" sizes=\"(max-width: 1200px) 100vw, 1200px\" \/><\/p>\n<h2>Nous sommes en train de reprendre la main face \u00e0 la pand\u00e9mie du Covid-19, et en attendant que les choses reviennent \u00e0 la normale lors des prochaines semaines, nous avons d\u00e9cid\u00e9 d\u2019ouvrir la p\u00e9riode d\u2019inscriptions (25 mai)\u00a0 pour la Spring\/Winter2020.<\/h2>\n<p>Nous sommes en train de reprendre la main face \u00e0 la pand\u00e9mie du Covid-19, et en attendant que les choses reviennent \u00e0 la normale lors des prochaines semaines, nous avons d\u00e9cid\u00e9 d\u2019ouvrir la p\u00e9riode d\u2019inscriptions pour la Spring\/Winter2020.<\/p>\n<p>Nous avons tous envie de d\u00e9passer cette \u00e9tape et nous pensons \u00e0 de nouveaux d\u00e9fis qui nous aident \u00e0 tourner la page, r\u00e9cup\u00e9rer l\u2019esprit d\u2019aventure que nous avons en nous et affronter les grands d\u00e9fis dans le cadre de nos envies de libert\u00e9. Pour cela, nous ouvrons les inscriptions d\u00e8s le 25 mai et \u00e0 ce sujet nous rappelons que les tarifs les plus \u00e9conomiques seront disponibles du 25 au 31 mai.<\/p>\n<p>Sur notre web (<a href=\"https:\/\/www.marocchallenge.com\/fr\/\" target=\"_blank\" rel=\"noopener noreferrer\">http:\/\/www.marocchallenge.com<\/a>) vous pouvez consulter tous les d\u00e9tails concernant les inscriptions et les p\u00e9riodes \u00e9tablies afin de trouver les tarifs les plus \u00e9conomiques.<\/p>\n<p>La Maroc Challenge, avec le d\u00e9fi de vous offrir de plus nombreuses et de meilleures doses d\u2019aventures et d\u2019\u00e9motions, se c\u00e9l\u00e8brera du 4 au 12 d\u00e9cembre 2020. Cette \u00e9dition, si sp\u00e9ciale pour nous tous, apportera beaucoup de nouveaut\u00e9s: Le d\u00e9part officiel se fera \u00e0 Sa\u00efdia, au Maroc, au bord de la m\u00e9diterran\u00e9e et \u00e0 une centaine de kilom\u00e8tre de Nador, l\u2019itin\u00e9raire sera lin\u00e9aire et l\u2019\u00e9preuve finira \u00e0 Erfoud.<\/p>\n<p>Comme nous vous l\u2019avons d\u00e9j\u00e0 dit \u00e0 plusieurs reprises, nous sommes en train de vous pr\u00e9parer un parcours tr\u00e8s sp\u00e9cial, o\u00f9 les plaines d\u00e9sertiques et le sables seront l\u2019habitat pr\u00e9dominant, passant par des villages charismatiques comme Tendrara, Erfoud, FoumZguid, Zagora et Merzouga. Nous maintiendrons la m\u00eame philosophie que nous avions d\u00e9velopp\u00e9es lors des derni\u00e8res \u00e9ditions, avec des parcours adapt\u00e9s aux diff\u00e9rents types de v\u00e9hicules, qu\u2019ils soient de traction 4&#215;4 ou 4&#215;2, ainsi que par niveaux de difficult\u00e9.<\/p>\n<p>Avec le souhait que vous soyez tous en bonne sant\u00e9, et de vous voir tr\u00e8s bient\u00f4t.<\/p>\n","protected":false},"excerpt":{"rendered":"<p>Nous sommes en train de reprendre la main face \u00e0<\/p>\n","protected":false},"author":2,"featured_media":15280,"comment_status":"closed","ping_status":"closed","sticky":false,"template":"","format":"standard","meta":{"footnotes":""},"categories":[91],"tags":[],"class_list":["post-15285","post","type-post","status-publish","format-standard","has-post-thumbnail","hentry","category-noticias-fr"],"yoast_head":"<!-- This site is optimized with the Yoast SEO plugin v27.4 - https:\/\/yoast.com\/product\/yoast-seo-wordpress\/ -->\n<title>25 MAI, NOUS OUVRONS LES INSCRIPTIONS! - Maroc Challenge<\/title>\n<meta name=\"description\" content=\"Nous sommes en train de reprendre la main face \u00e0 la pand\u00e9mie du Covid-19, et en attendant que les choses reviennent \u00e0 la normale...\" \/>\n<meta name=\"robots\" content=\"index, follow, max-snippet:-1, max-image-preview:large, max-video-preview:-1\" \/>\n<link rel=\"canonical\" href=\"https:\/\/www.marocchallenge.com\/fr\/25-mai-nous-ouvrons-les-inscriptions\/\" \/>\n<meta property=\"og:locale\" content=\"fr_FR\" \/>\n<meta property=\"og:type\" content=\"article\" \/>\n<meta property=\"og:title\" content=\"25 MAI, NOUS OUVRONS LES INSCRIPTIONS!\" \/>\n<meta property=\"og:description\" content=\"Nous sommes en train de reprendre la main face \u00e0 la pand\u00e9mie du Covid-19, et en attendant que les choses reviennent \u00e0 la normale lors des prochaines semaines, nous avons d\u00e9cid\u00e9 d\u2019ouvrir la p\u00e9riode d\u2019inscriptions pour la Spring\/Winter2020.\" \/>\n<meta property=\"og:url\" content=\"https:\/\/www.marocchallenge.com\/fr\/25-mai-nous-ouvrons-les-inscriptions\/\" \/>\n<meta property=\"og:site_name\" content=\"Maroc Challenge\" \/>\n<meta property=\"article:publisher\" content=\"https:\/\/www.facebook.com\/MarocChallenge\/\" \/>\n<meta property=\"article:published_time\" content=\"2020-05-10T11:02:45+00:00\" \/>\n<meta property=\"article:modified_time\" content=\"2020-05-10T11:50:07+00:00\" \/>\n<meta property=\"og:image\" content=\"https:\/\/www.marocchallenge.com\/wp-content\/uploads\/2020\/05\/Maroc-Challenge-Spring-Winter-2020.jpg\" \/>\n\t<meta property=\"og:image:width\" content=\"1200\" \/>\n\t<meta property=\"og:image:height\" content=\"675\" \/>\n\t<meta property=\"og:image:type\" content=\"image\/jpeg\" \/>\n<meta name=\"author\" content=\"Rui Caba\u00e7o\" \/>\n<meta name=\"twitter:card\" content=\"summary_large_image\" \/>\n<meta name=\"twitter:creator\" content=\"@marochallenge\" \/>\n<meta name=\"twitter:site\" content=\"@marochallenge\" \/>\n<meta name=\"twitter:label1\" content=\"\u00c9crit par\" \/>\n\t<meta name=\"twitter:data1\" content=\"Rui Caba\u00e7o\" \/>\n\t<meta name=\"twitter:label2\" content=\"Dur\u00e9e de lecture estim\u00e9e\" \/>\n\t<meta name=\"twitter:data2\" content=\"2 minutes\" \/>\n<script type=\"application\/ld+json\" class=\"yoast-schema-graph\">{\"@context\":\"https:\\\/\\\/schema.org\",\"@graph\":[{\"@type\":\"Article\",\"@id\":\"https:\\\/\\\/www.marocchallenge.com\\\/fr\\\/25-mai-nous-ouvrons-les-inscriptions\\\/#article\",\"isPartOf\":{\"@id\":\"https:\\\/\\\/www.marocchallenge.com\\\/fr\\\/25-mai-nous-ouvrons-les-inscriptions\\\/\"},\"author\":{\"name\":\"Rui Caba\u00e7o\",\"@id\":\"https:\\\/\\\/www.marocchallenge.com\\\/fr\\\/#\\\/schema\\\/person\\\/298a597a188b0019416217b2301b9e10\"},\"headline\":\"25 MAI, NOUS OUVRONS LES INSCRIPTIONS!\",\"datePublished\":\"2020-05-10T11:02:45+00:00\",\"dateModified\":\"2020-05-10T11:50:07+00:00\",\"mainEntityOfPage\":{\"@id\":\"https:\\\/\\\/www.marocchallenge.com\\\/fr\\\/25-mai-nous-ouvrons-les-inscriptions\\\/\"},\"wordCount\":383,\"publisher\":{\"@id\":\"https:\\\/\\\/www.marocchallenge.com\\\/fr\\\/#organization\"},\"image\":{\"@id\":\"https:\\\/\\\/www.marocchallenge.com\\\/fr\\\/25-mai-nous-ouvrons-les-inscriptions\\\/#primaryimage\"},\"thumbnailUrl\":\"https:\\\/\\\/www.marocchallenge.com\\\/wp-content\\\/uploads\\\/2020\\\/05\\\/Maroc-Challenge-Spring-Winter-2020.jpg\",\"articleSection\":[\"Noticias\"],\"inLanguage\":\"fr-FR\"},{\"@type\":\"WebPage\",\"@id\":\"https:\\\/\\\/www.marocchallenge.com\\\/fr\\\/25-mai-nous-ouvrons-les-inscriptions\\\/\",\"url\":\"https:\\\/\\\/www.marocchallenge.com\\\/fr\\\/25-mai-nous-ouvrons-les-inscriptions\\\/\",\"name\":\"25 MAI, NOUS OUVRONS LES INSCRIPTIONS! - Maroc Challenge\",\"isPartOf\":{\"@id\":\"https:\\\/\\\/www.marocchallenge.com\\\/fr\\\/#website\"},\"primaryImageOfPage\":{\"@id\":\"https:\\\/\\\/www.marocchallenge.com\\\/fr\\\/25-mai-nous-ouvrons-les-inscriptions\\\/#primaryimage\"},\"image\":{\"@id\":\"https:\\\/\\\/www.marocchallenge.com\\\/fr\\\/25-mai-nous-ouvrons-les-inscriptions\\\/#primaryimage\"},\"thumbnailUrl\":\"https:\\\/\\\/www.marocchallenge.com\\\/wp-content\\\/uploads\\\/2020\\\/05\\\/Maroc-Challenge-Spring-Winter-2020.jpg\",\"datePublished\":\"2020-05-10T11:02:45+00:00\",\"dateModified\":\"2020-05-10T11:50:07+00:00\",\"description\":\"Nous sommes en train de reprendre la main face \u00e0 la pand\u00e9mie du Covid-19, et en attendant que les choses reviennent \u00e0 la normale...\",\"breadcrumb\":{\"@id\":\"https:\\\/\\\/www.marocchallenge.com\\\/fr\\\/25-mai-nous-ouvrons-les-inscriptions\\\/#breadcrumb\"},\"inLanguage\":\"fr-FR\",\"potentialAction\":[{\"@type\":\"ReadAction\",\"target\":[\"https:\\\/\\\/www.marocchallenge.com\\\/fr\\\/25-mai-nous-ouvrons-les-inscriptions\\\/\"]}]},{\"@type\":\"ImageObject\",\"inLanguage\":\"fr-FR\",\"@id\":\"https:\\\/\\\/www.marocchallenge.com\\\/fr\\\/25-mai-nous-ouvrons-les-inscriptions\\\/#primaryimage\",\"url\":\"https:\\\/\\\/www.marocchallenge.com\\\/wp-content\\\/uploads\\\/2020\\\/05\\\/Maroc-Challenge-Spring-Winter-2020.jpg\",\"contentUrl\":\"https:\\\/\\\/www.marocchallenge.com\\\/wp-content\\\/uploads\\\/2020\\\/05\\\/Maroc-Challenge-Spring-Winter-2020.jpg\",\"width\":1200,\"height\":675},{\"@type\":\"BreadcrumbList\",\"@id\":\"https:\\\/\\\/www.marocchallenge.com\\\/fr\\\/25-mai-nous-ouvrons-les-inscriptions\\\/#breadcrumb\",\"itemListElement\":[{\"@type\":\"ListItem\",\"position\":1,\"name\":\"Portada\",\"item\":\"https:\\\/\\\/www.marocchallenge.com\\\/fr\\\/\"},{\"@type\":\"ListItem\",\"position\":2,\"name\":\"25 MAI, NOUS OUVRONS LES INSCRIPTIONS!\"}]},{\"@type\":\"WebSite\",\"@id\":\"https:\\\/\\\/www.marocchallenge.com\\\/fr\\\/#website\",\"url\":\"https:\\\/\\\/www.marocchallenge.com\\\/fr\\\/\",\"name\":\"Maroc Challenge\",\"description\":\"Le Dakar des ann\u00e9es 70 pour les aventuriers d\u2019aujourd\u2019hui\",\"publisher\":{\"@id\":\"https:\\\/\\\/www.marocchallenge.com\\\/fr\\\/#organization\"},\"potentialAction\":[{\"@type\":\"SearchAction\",\"target\":{\"@type\":\"EntryPoint\",\"urlTemplate\":\"https:\\\/\\\/www.marocchallenge.com\\\/fr\\\/?s={search_term_string}\"},\"query-input\":{\"@type\":\"PropertyValueSpecification\",\"valueRequired\":true,\"valueName\":\"search_term_string\"}}],\"inLanguage\":\"fr-FR\"},{\"@type\":\"Organization\",\"@id\":\"https:\\\/\\\/www.marocchallenge.com\\\/fr\\\/#organization\",\"name\":\"Maroc Challenge - El Dakar de los 70's para los aventureros de hoy\",\"url\":\"https:\\\/\\\/www.marocchallenge.com\\\/fr\\\/\",\"logo\":{\"@type\":\"ImageObject\",\"inLanguage\":\"fr-FR\",\"@id\":\"https:\\\/\\\/www.marocchallenge.com\\\/fr\\\/#\\\/schema\\\/logo\\\/image\\\/\",\"url\":\"https:\\\/\\\/www.marocchallenge.com\\\/wp-content\\\/uploads\\\/2020\\\/03\\\/Logo-Maroc_Challenge.png\",\"contentUrl\":\"https:\\\/\\\/www.marocchallenge.com\\\/wp-content\\\/uploads\\\/2020\\\/03\\\/Logo-Maroc_Challenge.png\",\"width\":170,\"height\":96,\"caption\":\"Maroc Challenge - El Dakar de los 70's para los aventureros de hoy\"},\"image\":{\"@id\":\"https:\\\/\\\/www.marocchallenge.com\\\/fr\\\/#\\\/schema\\\/logo\\\/image\\\/\"},\"sameAs\":[\"https:\\\/\\\/www.facebook.com\\\/MarocChallenge\\\/\",\"https:\\\/\\\/x.com\\\/marochallenge\",\"https:\\\/\\\/www.instagram.com\\\/marocchallenge\\\/\",\"https:\\\/\\\/www.linkedin.com\\\/company\\\/maroc-challenge\",\"https:\\\/\\\/www.youtube.com\\\/user\\\/MarocChallenge\"]},{\"@type\":\"Person\",\"@id\":\"https:\\\/\\\/www.marocchallenge.com\\\/fr\\\/#\\\/schema\\\/person\\\/298a597a188b0019416217b2301b9e10\",\"name\":\"Rui Caba\u00e7o\",\"image\":{\"@type\":\"ImageObject\",\"inLanguage\":\"fr-FR\",\"@id\":\"https:\\\/\\\/secure.gravatar.com\\\/avatar\\\/7ac3f434351cbd7875a5f064f6695a52ab4f6ffeb48c6bffb908c8e6f0e3bf73?s=96&d=mm&r=g\",\"url\":\"https:\\\/\\\/secure.gravatar.com\\\/avatar\\\/7ac3f434351cbd7875a5f064f6695a52ab4f6ffeb48c6bffb908c8e6f0e3bf73?s=96&d=mm&r=g\",\"contentUrl\":\"https:\\\/\\\/secure.gravatar.com\\\/avatar\\\/7ac3f434351cbd7875a5f064f6695a52ab4f6ffeb48c6bffb908c8e6f0e3bf73?s=96&d=mm&r=g\",\"caption\":\"Rui Caba\u00e7o\"}}]}<\/script>\n<!-- \/ Yoast SEO plugin. -->","yoast_head_json":{"title":"25 MAI, NOUS OUVRONS LES INSCRIPTIONS! - Maroc Challenge","description":"Nous sommes en train de reprendre la main face \u00e0 la pand\u00e9mie du Covid-19, et en attendant que les choses reviennent \u00e0 la normale...","robots":{"index":"index","follow":"follow","max-snippet":"max-snippet:-1","max-image-preview":"max-image-preview:large","max-video-preview":"max-video-preview:-1"},"canonical":"https:\/\/www.marocchallenge.com\/fr\/25-mai-nous-ouvrons-les-inscriptions\/","og_locale":"fr_FR","og_type":"article","og_title":"25 MAI, NOUS OUVRONS LES INSCRIPTIONS!","og_description":"Nous sommes en train de reprendre la main face \u00e0 la pand\u00e9mie du Covid-19, et en attendant que les choses reviennent \u00e0 la normale lors des prochaines semaines, nous avons d\u00e9cid\u00e9 d\u2019ouvrir la p\u00e9riode d\u2019inscriptions pour la Spring\/Winter2020.","og_url":"https:\/\/www.marocchallenge.com\/fr\/25-mai-nous-ouvrons-les-inscriptions\/","og_site_name":"Maroc Challenge","article_publisher":"https:\/\/www.facebook.com\/MarocChallenge\/","article_published_time":"2020-05-10T11:02:45+00:00","article_modified_time":"2020-05-10T11:50:07+00:00","og_image":[{"width":1200,"height":675,"url":"https:\/\/www.marocchallenge.com\/wp-content\/uploads\/2020\/05\/Maroc-Challenge-Spring-Winter-2020.jpg","type":"image\/jpeg"}],"author":"Rui Caba\u00e7o","twitter_card":"summary_large_image","twitter_creator":"@marochallenge","twitter_site":"@marochallenge","twitter_misc":{"\u00c9crit par":"Rui Caba\u00e7o","Dur\u00e9e de lecture estim\u00e9e":"2 minutes"},"schema":{"@context":"https:\/\/schema.org","@graph":[{"@type":"Article","@id":"https:\/\/www.marocchallenge.com\/fr\/25-mai-nous-ouvrons-les-inscriptions\/#article","isPartOf":{"@id":"https:\/\/www.marocchallenge.com\/fr\/25-mai-nous-ouvrons-les-inscriptions\/"},"author":{"name":"Rui Caba\u00e7o","@id":"https:\/\/www.marocchallenge.com\/fr\/#\/schema\/person\/298a597a188b0019416217b2301b9e10"},"headline":"25 MAI, NOUS OUVRONS LES INSCRIPTIONS!","datePublished":"2020-05-10T11:02:45+00:00","dateModified":"2020-05-10T11:50:07+00:00","mainEntityOfPage":{"@id":"https:\/\/www.marocchallenge.com\/fr\/25-mai-nous-ouvrons-les-inscriptions\/"},"wordCount":383,"publisher":{"@id":"https:\/\/www.marocchallenge.com\/fr\/#organization"},"image":{"@id":"https:\/\/www.marocchallenge.com\/fr\/25-mai-nous-ouvrons-les-inscriptions\/#primaryimage"},"thumbnailUrl":"https:\/\/www.marocchallenge.com\/wp-content\/uploads\/2020\/05\/Maroc-Challenge-Spring-Winter-2020.jpg","articleSection":["Noticias"],"inLanguage":"fr-FR"},{"@type":"WebPage","@id":"https:\/\/www.marocchallenge.com\/fr\/25-mai-nous-ouvrons-les-inscriptions\/","url":"https:\/\/www.marocchallenge.com\/fr\/25-mai-nous-ouvrons-les-inscriptions\/","name":"25 MAI, NOUS OUVRONS LES INSCRIPTIONS! - Maroc Challenge","isPartOf":{"@id":"https:\/\/www.marocchallenge.com\/fr\/#website"},"primaryImageOfPage":{"@id":"https:\/\/www.marocchallenge.com\/fr\/25-mai-nous-ouvrons-les-inscriptions\/#primaryimage"},"image":{"@id":"https:\/\/www.marocchallenge.com\/fr\/25-mai-nous-ouvrons-les-inscriptions\/#primaryimage"},"thumbnailUrl":"https:\/\/www.marocchallenge.com\/wp-content\/uploads\/2020\/05\/Maroc-Challenge-Spring-Winter-2020.jpg","datePublished":"2020-05-10T11:02:45+00:00","dateModified":"2020-05-10T11:50:07+00:00","description":"Nous sommes en train de reprendre la main face \u00e0 la pand\u00e9mie du Covid-19, et en attendant que les choses reviennent \u00e0 la normale...","breadcrumb":{"@id":"https:\/\/www.marocchallenge.com\/fr\/25-mai-nous-ouvrons-les-inscriptions\/#breadcrumb"},"inLanguage":"fr-FR","potentialAction":[{"@type":"ReadAction","target":["https:\/\/www.marocchallenge.com\/fr\/25-mai-nous-ouvrons-les-inscriptions\/"]}]},{"@type":"ImageObject","inLanguage":"fr-FR","@id":"https:\/\/www.marocchallenge.com\/fr\/25-mai-nous-ouvrons-les-inscriptions\/#primaryimage","url":"https:\/\/www.marocchallenge.com\/wp-content\/uploads\/2020\/05\/Maroc-Challenge-Spring-Winter-2020.jpg","contentUrl":"https:\/\/www.marocchallenge.com\/wp-content\/uploads\/2020\/05\/Maroc-Challenge-Spring-Winter-2020.jpg","width":1200,"height":675},{"@type":"BreadcrumbList","@id":"https:\/\/www.marocchallenge.com\/fr\/25-mai-nous-ouvrons-les-inscriptions\/#breadcrumb","itemListElement":[{"@type":"ListItem","position":1,"name":"Portada","item":"https:\/\/www.marocchallenge.com\/fr\/"},{"@type":"ListItem","position":2,"name":"25 MAI, NOUS OUVRONS LES INSCRIPTIONS!"}]},{"@type":"WebSite","@id":"https:\/\/www.marocchallenge.com\/fr\/#website","url":"https:\/\/www.marocchallenge.com\/fr\/","name":"Maroc Challenge","description":"Le Dakar des ann\u00e9es 70 pour les aventuriers d\u2019aujourd\u2019hui","publisher":{"@id":"https:\/\/www.marocchallenge.com\/fr\/#organization"},"potentialAction":[{"@type":"SearchAction","target":{"@type":"EntryPoint","urlTemplate":"https:\/\/www.marocchallenge.com\/fr\/?s={search_term_string}"},"query-input":{"@type":"PropertyValueSpecification","valueRequired":true,"valueName":"search_term_string"}}],"inLanguage":"fr-FR"},{"@type":"Organization","@id":"https:\/\/www.marocchallenge.com\/fr\/#organization","name":"Maroc Challenge - El Dakar de los 70's para los aventureros de hoy","url":"https:\/\/www.marocchallenge.com\/fr\/","logo":{"@type":"ImageObject","inLanguage":"fr-FR","@id":"https:\/\/www.marocchallenge.com\/fr\/#\/schema\/logo\/image\/","url":"https:\/\/www.marocchallenge.com\/wp-content\/uploads\/2020\/03\/Logo-Maroc_Challenge.png","contentUrl":"https:\/\/www.marocchallenge.com\/wp-content\/uploads\/2020\/03\/Logo-Maroc_Challenge.png","width":170,"height":96,"caption":"Maroc Challenge - El Dakar de los 70's para los aventureros de hoy"},"image":{"@id":"https:\/\/www.marocchallenge.com\/fr\/#\/schema\/logo\/image\/"},"sameAs":["https:\/\/www.facebook.com\/MarocChallenge\/","https:\/\/x.com\/marochallenge","https:\/\/www.instagram.com\/marocchallenge\/","https:\/\/www.linkedin.com\/company\/maroc-challenge","https:\/\/www.youtube.com\/user\/MarocChallenge"]},{"@type":"Person","@id":"https:\/\/www.marocchallenge.com\/fr\/#\/schema\/person\/298a597a188b0019416217b2301b9e10","name":"Rui Caba\u00e7o","image":{"@type":"ImageObject","inLanguage":"fr-FR","@id":"https:\/\/secure.gravatar.com\/avatar\/7ac3f434351cbd7875a5f064f6695a52ab4f6ffeb48c6bffb908c8e6f0e3bf73?s=96&d=mm&r=g","url":"https:\/\/secure.gravatar.com\/avatar\/7ac3f434351cbd7875a5f064f6695a52ab4f6ffeb48c6bffb908c8e6f0e3bf73?s=96&d=mm&r=g","contentUrl":"https:\/\/secure.gravatar.com\/avatar\/7ac3f434351cbd7875a5f064f6695a52ab4f6ffeb48c6bffb908c8e6f0e3bf73?s=96&d=mm&r=g","caption":"Rui Caba\u00e7o"}}]}},"_links":{"self":[{"href":"https:\/\/www.marocchallenge.com\/fr\/wp-json\/wp\/v2\/posts\/15285","targetHints":{"allow":["GET"]}}],"collection":[{"href":"https:\/\/www.marocchallenge.com\/fr\/wp-json\/wp\/v2\/posts"}],"about":[{"href":"https:\/\/www.marocchallenge.com\/fr\/wp-json\/wp\/v2\/types\/post"}],"author":[{"embeddable":true,"href":"https:\/\/www.marocchallenge.com\/fr\/wp-json\/wp\/v2\/users\/2"}],"replies":[{"embeddable":true,"href":"https:\/\/www.marocchallenge.com\/fr\/wp-json\/wp\/v2\/comments?post=15285"}],"version-history":[{"count":5,"href":"https:\/\/www.marocchallenge.com\/fr\/wp-json\/wp\/v2\/posts\/15285\/revisions"}],"predecessor-version":[{"id":15306,"href":"https:\/\/www.marocchallenge.com\/fr\/wp-json\/wp\/v2\/posts\/15285\/revisions\/15306"}],"wp:featuredmedia":[{"embeddable":true,"href":"https:\/\/www.marocchallenge.com\/fr\/wp-json\/wp\/v2\/media\/15280"}],"wp:attachment":[{"href":"https:\/\/www.marocchallenge.com\/fr\/wp-json\/wp\/v2\/media?parent=15285"}],"wp:term":[{"taxonomy":"category","embeddable":true,"href":"https:\/\/www.marocchallenge.com\/fr\/wp-json\/wp\/v2\/categories?post=15285"},{"taxonomy":"post_tag","embeddable":true,"href":"https:\/\/www.marocchallenge.com\/fr\/wp-json\/wp\/v2\/tags?post=15285"}],"curies":[{"name":"wp","href":"https:\/\/api.w.org\/{rel}","templated":true}]}}