{"id":15437,"date":"2020-03-20T06:03:12","date_gmt":"2020-03-20T06:03:12","guid":{"rendered":"https:\/\/www.marocchallenge.com\/la-maroc-que-no-esperabamos\/"},"modified":"2020-05-20T06:24:18","modified_gmt":"2020-05-20T06:24:18","slug":"la-maroc-a-laquelle-nous-ne-nous-attendions-pas","status":"publish","type":"post","link":"https:\/\/www.marocchallenge.com\/fr\/la-maroc-a-laquelle-nous-ne-nous-attendions-pas\/","title":{"rendered":"LA MAROC \u00c0 LAQUELLE NOUS NE NOUS ATTENDIONS PAS"},"content":{"rendered":"<h2><img decoding=\"async\" class=\"alignnone wp-image-15430 size-full\" src=\"https:\/\/www.marocchallenge.com\/wp-content\/uploads\/2020\/05\/Rui-Cabaco-BriefingMan-Maroc-Challenge.jpg\" alt=\"Rui Cabaco - Briefingman Maroc Challenge\" width=\"1200\" height=\"675\" srcset=\"https:\/\/www.marocchallenge.com\/wp-content\/uploads\/2020\/05\/Rui-Cabaco-BriefingMan-Maroc-Challenge-200x113.jpg 200w, https:\/\/www.marocchallenge.com\/wp-content\/uploads\/2020\/05\/Rui-Cabaco-BriefingMan-Maroc-Challenge-300x169.jpg 300w, https:\/\/www.marocchallenge.com\/wp-content\/uploads\/2020\/05\/Rui-Cabaco-BriefingMan-Maroc-Challenge-400x225.jpg 400w, https:\/\/www.marocchallenge.com\/wp-content\/uploads\/2020\/05\/Rui-Cabaco-BriefingMan-Maroc-Challenge-600x338.jpg 600w, https:\/\/www.marocchallenge.com\/wp-content\/uploads\/2020\/05\/Rui-Cabaco-BriefingMan-Maroc-Challenge-768x432.jpg 768w, https:\/\/www.marocchallenge.com\/wp-content\/uploads\/2020\/05\/Rui-Cabaco-BriefingMan-Maroc-Challenge-800x450.jpg 800w, https:\/\/www.marocchallenge.com\/wp-content\/uploads\/2020\/05\/Rui-Cabaco-BriefingMan-Maroc-Challenge-1024x576.jpg 1024w, https:\/\/www.marocchallenge.com\/wp-content\/uploads\/2020\/05\/Rui-Cabaco-BriefingMan-Maroc-Challenge.jpg 1200w\" sizes=\"(max-width: 1200px) 100vw, 1200px\" \/><\/h2>\n<h2>Quelques heures ont pass\u00e9es depuis l\u2019annonce de la suspension de la Spring \u00c9dition 2020 et comme vous pouvez imaginer, je n\u2019aurais jamais cru que j\u2019allais devoir prendre un jour cette d\u00e9cision. Ceux d\u2019entre vous qui me connaissez, vous savez que j\u2019ai fais tout ce que j\u2019ai pu pour mener \u00e0 bien l\u2019\u00e9preuve, mais il y a des circonstances dans la vie qui nous d\u00e9passent et celle-ci, lamentablement en est une..<\/h2>\n<p>La d\u00e9ception est grande. Pour moi, pour les gens qui sont immerg\u00e9s dans l\u2019organisation et qui ont fait un grand effort pour la pr\u00e9paration et pour vous qui \u00e9tiez pr\u00eats \u00e0 vivre l\u2019aventure de votre vie. Il y a un peu moins de deux mois, nous commencions \u00e0 entendre parler d\u2019une esp\u00e8ce de Coronavirus appel\u00e9 COVID- 19 et il \u00e9tait alors impensable ou envisageable que \u00e7a nous affecte tous autant. La r\u00e9alit\u00e9 \u00e0 finalement d\u00e9pass\u00e9 toutes les attentes.<\/p>\n<p>La Maroc Challenge est pour vous une exp\u00e9rience inoubliable et ceux qui y ont particip\u00e9 par le pass\u00e9 et ceux qui y participeront dans le futur, savez que depuis l\u2019organisation nous travaillons en continu afin d\u2019am\u00e9liorer l\u2019\u00e9preuve. Pour cette \u00e9dition nous avions fait un effort consid\u00e9rable en question de logistique, effort qui passe souvent inaper\u00e7u mais qui am\u00e9liore consid\u00e9rablement le fonctionnement global de l\u2019\u00e9v\u00e8nement, autant au niveau personnel qu\u2019au niveau de l\u2019assistance aux participants. Je regrette particuli\u00e8rement que tous ces efforts ne servent maintenant plus \u00e0 rien, mais je vous assure que cet esprit de d\u00e9passement est ce qui me motive le plus pour que l\u2019\u00e9preuve s\u2019am\u00e9liore \u00e0 chaque \u00e9dition.<\/p>\n<p>J\u2019ai re\u00e7u un coup dur, comme vous. Nous sommes oblig\u00e9s de reporter une Spring dans laquelle nous avions mis tant d\u2019illusion, mais les circonstances nous ont tous d\u00e9pass\u00e9s et il n\u2019y avait pas d\u2019autre choix que de suivre les conseils et les recommandations des autorit\u00e9s.<\/p>\n<p>Vous savez que nous avons essay\u00e9 jusqu\u2019au dernier moment, en attendant une \u00e9volution positive de la crise, mais \u00e7a ne s\u2019est pas pass\u00e9 comme \u00e7a. Afin de ne pas cr\u00e9er de fausses attentes et de grandes d\u00e9ceptions, \u00e0 trois semaines du d\u00e9part de La Spring nous avons d\u00e9cid\u00e9- et j\u2019insiste, apr\u00e8s de longues d\u00e9lib\u00e9rations, en soupesant les pour et les contre &#8211; de reporter l\u2019\u00e9preuve jusqu\u2019au mois de d\u00e9cembre.<\/p>\n<p>Je sais que \u00e7a sera une grande d\u00e9ception pour vous, comme cela l\u2019a \u00e9t\u00e9 pour moi, mais \u00e9tant donn\u00e9es les circonstances exceptionnelles que nous sommes en train de vivre, c\u2019\u00e9tait ce qu\u2019il y avait de mieux \u00e0 faire. Maintenant nous parions sur le d\u00e9fi de tous nous retrouver lors du prochain mois de d\u00e9cembre, du 4 au 12, pour une \u00e9dition qui, si c\u2019est possible, sera encore plus sp\u00e9ciale que toutes celles que nous avons d\u00e9j\u00e0 disput\u00e9es.<\/p>\n<p>Rui Cabaco &#8211; BriefingMan<\/p>\n","protected":false},"excerpt":{"rendered":"<p>Quelques heures ont pass\u00e9es depuis l\u2019annonce de la suspension de<\/p>\n","protected":false},"author":2,"featured_media":15432,"comment_status":"closed","ping_status":"closed","sticky":false,"template":"","format":"standard","meta":{"footnotes":""},"categories":[91],"tags":[],"class_list":["post-15437","post","type-post","status-publish","format-standard","has-post-thumbnail","hentry","category-noticias-fr"],"yoast_head":"<!-- This site is optimized with the Yoast SEO plugin v27.4 - https:\/\/yoast.com\/product\/yoast-seo-wordpress\/ -->\n<title>LA MAROC \u00c0 LAQUELLE NOUS NE NOUS ATTENDIONS PAS - Maroc Challenge<\/title>\n<meta name=\"description\" content=\"Quelques heures ont pass\u00e9es depuis l\u2019annonce de la suspension de la Spring \u00c9dition 2020 et comme vous pouvez imaginer, je n\u2019aurais jamais...\" \/>\n<meta name=\"robots\" content=\"index, follow, max-snippet:-1, max-image-preview:large, max-video-preview:-1\" \/>\n<link rel=\"canonical\" href=\"https:\/\/www.marocchallenge.com\/fr\/la-maroc-a-laquelle-nous-ne-nous-attendions-pas\/\" \/>\n<meta property=\"og:locale\" content=\"fr_FR\" \/>\n<meta property=\"og:type\" content=\"article\" \/>\n<meta property=\"og:title\" content=\"LA MAROC \u00c0 LAQUELLE NOUS NE NOUS ATTENDIONS PAS - Maroc Challenge\" \/>\n<meta property=\"og:description\" content=\"Quelques heures ont pass\u00e9es depuis l\u2019annonce de la suspension de la Spring \u00c9dition 2020 et comme vous pouvez imaginer, je n\u2019aurais jamais cru que j\u2019allais devoir prendre un jour cette d\u00e9cision.\" \/>\n<meta property=\"og:url\" content=\"https:\/\/www.marocchallenge.com\/fr\/la-maroc-a-laquelle-nous-ne-nous-attendions-pas\/\" \/>\n<meta property=\"og:site_name\" content=\"Maroc Challenge\" \/>\n<meta property=\"article:publisher\" content=\"https:\/\/www.facebook.com\/MarocChallenge\/\" \/>\n<meta property=\"article:published_time\" content=\"2020-03-20T06:03:12+00:00\" \/>\n<meta property=\"article:modified_time\" content=\"2020-05-20T06:24:18+00:00\" \/>\n<meta property=\"og:image\" content=\"https:\/\/www.marocchallenge.com\/wp-content\/uploads\/2020\/05\/Rui-Cabaco-BriefingMan-Maroc-Challenge.jpg\" \/>\n\t<meta property=\"og:image:width\" content=\"1200\" \/>\n\t<meta property=\"og:image:height\" content=\"675\" \/>\n\t<meta property=\"og:image:type\" content=\"image\/jpeg\" \/>\n<meta name=\"author\" content=\"Rui Caba\u00e7o\" \/>\n<meta name=\"twitter:card\" content=\"summary_large_image\" \/>\n<meta name=\"twitter:creator\" content=\"@marochallenge\" \/>\n<meta name=\"twitter:site\" content=\"@marochallenge\" \/>\n<meta name=\"twitter:label1\" content=\"\u00c9crit par\" \/>\n\t<meta name=\"twitter:data1\" content=\"Rui Caba\u00e7o\" \/>\n\t<meta name=\"twitter:label2\" content=\"Dur\u00e9e de lecture estim\u00e9e\" \/>\n\t<meta name=\"twitter:data2\" content=\"3 minutes\" \/>\n<script type=\"application\/ld+json\" class=\"yoast-schema-graph\">{\"@context\":\"https:\\\/\\\/schema.org\",\"@graph\":[{\"@type\":\"Article\",\"@id\":\"https:\\\/\\\/www.marocchallenge.com\\\/fr\\\/la-maroc-a-laquelle-nous-ne-nous-attendions-pas\\\/#article\",\"isPartOf\":{\"@id\":\"https:\\\/\\\/www.marocchallenge.com\\\/fr\\\/la-maroc-a-laquelle-nous-ne-nous-attendions-pas\\\/\"},\"author\":{\"name\":\"Rui Caba\u00e7o\",\"@id\":\"https:\\\/\\\/www.marocchallenge.com\\\/fr\\\/#\\\/schema\\\/person\\\/298a597a188b0019416217b2301b9e10\"},\"headline\":\"LA MAROC \u00c0 LAQUELLE NOUS NE NOUS ATTENDIONS PAS\",\"datePublished\":\"2020-03-20T06:03:12+00:00\",\"dateModified\":\"2020-05-20T06:24:18+00:00\",\"mainEntityOfPage\":{\"@id\":\"https:\\\/\\\/www.marocchallenge.com\\\/fr\\\/la-maroc-a-laquelle-nous-ne-nous-attendions-pas\\\/\"},\"wordCount\":521,\"publisher\":{\"@id\":\"https:\\\/\\\/www.marocchallenge.com\\\/fr\\\/#organization\"},\"image\":{\"@id\":\"https:\\\/\\\/www.marocchallenge.com\\\/fr\\\/la-maroc-a-laquelle-nous-ne-nous-attendions-pas\\\/#primaryimage\"},\"thumbnailUrl\":\"https:\\\/\\\/www.marocchallenge.com\\\/wp-content\\\/uploads\\\/2020\\\/05\\\/Rui-Cabaco-BriefingMan-Maroc-Challenge.jpg\",\"articleSection\":[\"Noticias\"],\"inLanguage\":\"fr-FR\"},{\"@type\":\"WebPage\",\"@id\":\"https:\\\/\\\/www.marocchallenge.com\\\/fr\\\/la-maroc-a-laquelle-nous-ne-nous-attendions-pas\\\/\",\"url\":\"https:\\\/\\\/www.marocchallenge.com\\\/fr\\\/la-maroc-a-laquelle-nous-ne-nous-attendions-pas\\\/\",\"name\":\"LA MAROC \u00c0 LAQUELLE NOUS NE NOUS ATTENDIONS PAS - Maroc Challenge\",\"isPartOf\":{\"@id\":\"https:\\\/\\\/www.marocchallenge.com\\\/fr\\\/#website\"},\"primaryImageOfPage\":{\"@id\":\"https:\\\/\\\/www.marocchallenge.com\\\/fr\\\/la-maroc-a-laquelle-nous-ne-nous-attendions-pas\\\/#primaryimage\"},\"image\":{\"@id\":\"https:\\\/\\\/www.marocchallenge.com\\\/fr\\\/la-maroc-a-laquelle-nous-ne-nous-attendions-pas\\\/#primaryimage\"},\"thumbnailUrl\":\"https:\\\/\\\/www.marocchallenge.com\\\/wp-content\\\/uploads\\\/2020\\\/05\\\/Rui-Cabaco-BriefingMan-Maroc-Challenge.jpg\",\"datePublished\":\"2020-03-20T06:03:12+00:00\",\"dateModified\":\"2020-05-20T06:24:18+00:00\",\"description\":\"Quelques heures ont pass\u00e9es depuis l\u2019annonce de la suspension de la Spring \u00c9dition 2020 et comme vous pouvez imaginer, je n\u2019aurais jamais...\",\"breadcrumb\":{\"@id\":\"https:\\\/\\\/www.marocchallenge.com\\\/fr\\\/la-maroc-a-laquelle-nous-ne-nous-attendions-pas\\\/#breadcrumb\"},\"inLanguage\":\"fr-FR\",\"potentialAction\":[{\"@type\":\"ReadAction\",\"target\":[\"https:\\\/\\\/www.marocchallenge.com\\\/fr\\\/la-maroc-a-laquelle-nous-ne-nous-attendions-pas\\\/\"]}]},{\"@type\":\"ImageObject\",\"inLanguage\":\"fr-FR\",\"@id\":\"https:\\\/\\\/www.marocchallenge.com\\\/fr\\\/la-maroc-a-laquelle-nous-ne-nous-attendions-pas\\\/#primaryimage\",\"url\":\"https:\\\/\\\/www.marocchallenge.com\\\/wp-content\\\/uploads\\\/2020\\\/05\\\/Rui-Cabaco-BriefingMan-Maroc-Challenge.jpg\",\"contentUrl\":\"https:\\\/\\\/www.marocchallenge.com\\\/wp-content\\\/uploads\\\/2020\\\/05\\\/Rui-Cabaco-BriefingMan-Maroc-Challenge.jpg\",\"width\":1200,\"height\":675},{\"@type\":\"BreadcrumbList\",\"@id\":\"https:\\\/\\\/www.marocchallenge.com\\\/fr\\\/la-maroc-a-laquelle-nous-ne-nous-attendions-pas\\\/#breadcrumb\",\"itemListElement\":[{\"@type\":\"ListItem\",\"position\":1,\"name\":\"Portada\",\"item\":\"https:\\\/\\\/www.marocchallenge.com\\\/fr\\\/\"},{\"@type\":\"ListItem\",\"position\":2,\"name\":\"LA MAROC \u00c0 LAQUELLE NOUS NE NOUS ATTENDIONS PAS\"}]},{\"@type\":\"WebSite\",\"@id\":\"https:\\\/\\\/www.marocchallenge.com\\\/fr\\\/#website\",\"url\":\"https:\\\/\\\/www.marocchallenge.com\\\/fr\\\/\",\"name\":\"Maroc Challenge\",\"description\":\"Le Dakar des ann\u00e9es 70 pour les aventuriers d\u2019aujourd\u2019hui\",\"publisher\":{\"@id\":\"https:\\\/\\\/www.marocchallenge.com\\\/fr\\\/#organization\"},\"potentialAction\":[{\"@type\":\"SearchAction\",\"target\":{\"@type\":\"EntryPoint\",\"urlTemplate\":\"https:\\\/\\\/www.marocchallenge.com\\\/fr\\\/?s={search_term_string}\"},\"query-input\":{\"@type\":\"PropertyValueSpecification\",\"valueRequired\":true,\"valueName\":\"search_term_string\"}}],\"inLanguage\":\"fr-FR\"},{\"@type\":\"Organization\",\"@id\":\"https:\\\/\\\/www.marocchallenge.com\\\/fr\\\/#organization\",\"name\":\"Maroc Challenge - El Dakar de los 70's para los aventureros de hoy\",\"url\":\"https:\\\/\\\/www.marocchallenge.com\\\/fr\\\/\",\"logo\":{\"@type\":\"ImageObject\",\"inLanguage\":\"fr-FR\",\"@id\":\"https:\\\/\\\/www.marocchallenge.com\\\/fr\\\/#\\\/schema\\\/logo\\\/image\\\/\",\"url\":\"https:\\\/\\\/www.marocchallenge.com\\\/wp-content\\\/uploads\\\/2020\\\/03\\\/Logo-Maroc_Challenge.png\",\"contentUrl\":\"https:\\\/\\\/www.marocchallenge.com\\\/wp-content\\\/uploads\\\/2020\\\/03\\\/Logo-Maroc_Challenge.png\",\"width\":170,\"height\":96,\"caption\":\"Maroc Challenge - El Dakar de los 70's para los aventureros de hoy\"},\"image\":{\"@id\":\"https:\\\/\\\/www.marocchallenge.com\\\/fr\\\/#\\\/schema\\\/logo\\\/image\\\/\"},\"sameAs\":[\"https:\\\/\\\/www.facebook.com\\\/MarocChallenge\\\/\",\"https:\\\/\\\/x.com\\\/marochallenge\",\"https:\\\/\\\/www.instagram.com\\\/marocchallenge\\\/\",\"https:\\\/\\\/www.linkedin.com\\\/company\\\/maroc-challenge\",\"https:\\\/\\\/www.youtube.com\\\/user\\\/MarocChallenge\"]},{\"@type\":\"Person\",\"@id\":\"https:\\\/\\\/www.marocchallenge.com\\\/fr\\\/#\\\/schema\\\/person\\\/298a597a188b0019416217b2301b9e10\",\"name\":\"Rui Caba\u00e7o\",\"image\":{\"@type\":\"ImageObject\",\"inLanguage\":\"fr-FR\",\"@id\":\"https:\\\/\\\/secure.gravatar.com\\\/avatar\\\/7ac3f434351cbd7875a5f064f6695a52ab4f6ffeb48c6bffb908c8e6f0e3bf73?s=96&d=mm&r=g\",\"url\":\"https:\\\/\\\/secure.gravatar.com\\\/avatar\\\/7ac3f434351cbd7875a5f064f6695a52ab4f6ffeb48c6bffb908c8e6f0e3bf73?s=96&d=mm&r=g\",\"contentUrl\":\"https:\\\/\\\/secure.gravatar.com\\\/avatar\\\/7ac3f434351cbd7875a5f064f6695a52ab4f6ffeb48c6bffb908c8e6f0e3bf73?s=96&d=mm&r=g\",\"caption\":\"Rui Caba\u00e7o\"}}]}<\/script>\n<!-- \/ Yoast SEO plugin. -->","yoast_head_json":{"title":"LA MAROC \u00c0 LAQUELLE NOUS NE NOUS ATTENDIONS PAS - Maroc Challenge","description":"Quelques heures ont pass\u00e9es depuis l\u2019annonce de la suspension de la Spring \u00c9dition 2020 et comme vous pouvez imaginer, je n\u2019aurais jamais...","robots":{"index":"index","follow":"follow","max-snippet":"max-snippet:-1","max-image-preview":"max-image-preview:large","max-video-preview":"max-video-preview:-1"},"canonical":"https:\/\/www.marocchallenge.com\/fr\/la-maroc-a-laquelle-nous-ne-nous-attendions-pas\/","og_locale":"fr_FR","og_type":"article","og_title":"LA MAROC \u00c0 LAQUELLE NOUS NE NOUS ATTENDIONS PAS - Maroc Challenge","og_description":"Quelques heures ont pass\u00e9es depuis l\u2019annonce de la suspension de la Spring \u00c9dition 2020 et comme vous pouvez imaginer, je n\u2019aurais jamais cru que j\u2019allais devoir prendre un jour cette d\u00e9cision.","og_url":"https:\/\/www.marocchallenge.com\/fr\/la-maroc-a-laquelle-nous-ne-nous-attendions-pas\/","og_site_name":"Maroc Challenge","article_publisher":"https:\/\/www.facebook.com\/MarocChallenge\/","article_published_time":"2020-03-20T06:03:12+00:00","article_modified_time":"2020-05-20T06:24:18+00:00","og_image":[{"width":1200,"height":675,"url":"https:\/\/www.marocchallenge.com\/wp-content\/uploads\/2020\/05\/Rui-Cabaco-BriefingMan-Maroc-Challenge.jpg","type":"image\/jpeg"}],"author":"Rui Caba\u00e7o","twitter_card":"summary_large_image","twitter_creator":"@marochallenge","twitter_site":"@marochallenge","twitter_misc":{"\u00c9crit par":"Rui Caba\u00e7o","Dur\u00e9e de lecture estim\u00e9e":"3 minutes"},"schema":{"@context":"https:\/\/schema.org","@graph":[{"@type":"Article","@id":"https:\/\/www.marocchallenge.com\/fr\/la-maroc-a-laquelle-nous-ne-nous-attendions-pas\/#article","isPartOf":{"@id":"https:\/\/www.marocchallenge.com\/fr\/la-maroc-a-laquelle-nous-ne-nous-attendions-pas\/"},"author":{"name":"Rui Caba\u00e7o","@id":"https:\/\/www.marocchallenge.com\/fr\/#\/schema\/person\/298a597a188b0019416217b2301b9e10"},"headline":"LA MAROC \u00c0 LAQUELLE NOUS NE NOUS ATTENDIONS PAS","datePublished":"2020-03-20T06:03:12+00:00","dateModified":"2020-05-20T06:24:18+00:00","mainEntityOfPage":{"@id":"https:\/\/www.marocchallenge.com\/fr\/la-maroc-a-laquelle-nous-ne-nous-attendions-pas\/"},"wordCount":521,"publisher":{"@id":"https:\/\/www.marocchallenge.com\/fr\/#organization"},"image":{"@id":"https:\/\/www.marocchallenge.com\/fr\/la-maroc-a-laquelle-nous-ne-nous-attendions-pas\/#primaryimage"},"thumbnailUrl":"https:\/\/www.marocchallenge.com\/wp-content\/uploads\/2020\/05\/Rui-Cabaco-BriefingMan-Maroc-Challenge.jpg","articleSection":["Noticias"],"inLanguage":"fr-FR"},{"@type":"WebPage","@id":"https:\/\/www.marocchallenge.com\/fr\/la-maroc-a-laquelle-nous-ne-nous-attendions-pas\/","url":"https:\/\/www.marocchallenge.com\/fr\/la-maroc-a-laquelle-nous-ne-nous-attendions-pas\/","name":"LA MAROC \u00c0 LAQUELLE NOUS NE NOUS ATTENDIONS PAS - Maroc Challenge","isPartOf":{"@id":"https:\/\/www.marocchallenge.com\/fr\/#website"},"primaryImageOfPage":{"@id":"https:\/\/www.marocchallenge.com\/fr\/la-maroc-a-laquelle-nous-ne-nous-attendions-pas\/#primaryimage"},"image":{"@id":"https:\/\/www.marocchallenge.com\/fr\/la-maroc-a-laquelle-nous-ne-nous-attendions-pas\/#primaryimage"},"thumbnailUrl":"https:\/\/www.marocchallenge.com\/wp-content\/uploads\/2020\/05\/Rui-Cabaco-BriefingMan-Maroc-Challenge.jpg","datePublished":"2020-03-20T06:03:12+00:00","dateModified":"2020-05-20T06:24:18+00:00","description":"Quelques heures ont pass\u00e9es depuis l\u2019annonce de la suspension de la Spring \u00c9dition 2020 et comme vous pouvez imaginer, je n\u2019aurais jamais...","breadcrumb":{"@id":"https:\/\/www.marocchallenge.com\/fr\/la-maroc-a-laquelle-nous-ne-nous-attendions-pas\/#breadcrumb"},"inLanguage":"fr-FR","potentialAction":[{"@type":"ReadAction","target":["https:\/\/www.marocchallenge.com\/fr\/la-maroc-a-laquelle-nous-ne-nous-attendions-pas\/"]}]},{"@type":"ImageObject","inLanguage":"fr-FR","@id":"https:\/\/www.marocchallenge.com\/fr\/la-maroc-a-laquelle-nous-ne-nous-attendions-pas\/#primaryimage","url":"https:\/\/www.marocchallenge.com\/wp-content\/uploads\/2020\/05\/Rui-Cabaco-BriefingMan-Maroc-Challenge.jpg","contentUrl":"https:\/\/www.marocchallenge.com\/wp-content\/uploads\/2020\/05\/Rui-Cabaco-BriefingMan-Maroc-Challenge.jpg","width":1200,"height":675},{"@type":"BreadcrumbList","@id":"https:\/\/www.marocchallenge.com\/fr\/la-maroc-a-laquelle-nous-ne-nous-attendions-pas\/#breadcrumb","itemListElement":[{"@type":"ListItem","position":1,"name":"Portada","item":"https:\/\/www.marocchallenge.com\/fr\/"},{"@type":"ListItem","position":2,"name":"LA MAROC \u00c0 LAQUELLE NOUS NE NOUS ATTENDIONS PAS"}]},{"@type":"WebSite","@id":"https:\/\/www.marocchallenge.com\/fr\/#website","url":"https:\/\/www.marocchallenge.com\/fr\/","name":"Maroc Challenge","description":"Le Dakar des ann\u00e9es 70 pour les aventuriers d\u2019aujourd\u2019hui","publisher":{"@id":"https:\/\/www.marocchallenge.com\/fr\/#organization"},"potentialAction":[{"@type":"SearchAction","target":{"@type":"EntryPoint","urlTemplate":"https:\/\/www.marocchallenge.com\/fr\/?s={search_term_string}"},"query-input":{"@type":"PropertyValueSpecification","valueRequired":true,"valueName":"search_term_string"}}],"inLanguage":"fr-FR"},{"@type":"Organization","@id":"https:\/\/www.marocchallenge.com\/fr\/#organization","name":"Maroc Challenge - El Dakar de los 70's para los aventureros de hoy","url":"https:\/\/www.marocchallenge.com\/fr\/","logo":{"@type":"ImageObject","inLanguage":"fr-FR","@id":"https:\/\/www.marocchallenge.com\/fr\/#\/schema\/logo\/image\/","url":"https:\/\/www.marocchallenge.com\/wp-content\/uploads\/2020\/03\/Logo-Maroc_Challenge.png","contentUrl":"https:\/\/www.marocchallenge.com\/wp-content\/uploads\/2020\/03\/Logo-Maroc_Challenge.png","width":170,"height":96,"caption":"Maroc Challenge - El Dakar de los 70's para los aventureros de hoy"},"image":{"@id":"https:\/\/www.marocchallenge.com\/fr\/#\/schema\/logo\/image\/"},"sameAs":["https:\/\/www.facebook.com\/MarocChallenge\/","https:\/\/x.com\/marochallenge","https:\/\/www.instagram.com\/marocchallenge\/","https:\/\/www.linkedin.com\/company\/maroc-challenge","https:\/\/www.youtube.com\/user\/MarocChallenge"]},{"@type":"Person","@id":"https:\/\/www.marocchallenge.com\/fr\/#\/schema\/person\/298a597a188b0019416217b2301b9e10","name":"Rui Caba\u00e7o","image":{"@type":"ImageObject","inLanguage":"fr-FR","@id":"https:\/\/secure.gravatar.com\/avatar\/7ac3f434351cbd7875a5f064f6695a52ab4f6ffeb48c6bffb908c8e6f0e3bf73?s=96&d=mm&r=g","url":"https:\/\/secure.gravatar.com\/avatar\/7ac3f434351cbd7875a5f064f6695a52ab4f6ffeb48c6bffb908c8e6f0e3bf73?s=96&d=mm&r=g","contentUrl":"https:\/\/secure.gravatar.com\/avatar\/7ac3f434351cbd7875a5f064f6695a52ab4f6ffeb48c6bffb908c8e6f0e3bf73?s=96&d=mm&r=g","caption":"Rui Caba\u00e7o"}}]}},"_links":{"self":[{"href":"https:\/\/www.marocchallenge.com\/fr\/wp-json\/wp\/v2\/posts\/15437","targetHints":{"allow":["GET"]}}],"collection":[{"href":"https:\/\/www.marocchallenge.com\/fr\/wp-json\/wp\/v2\/posts"}],"about":[{"href":"https:\/\/www.marocchallenge.com\/fr\/wp-json\/wp\/v2\/types\/post"}],"author":[{"embeddable":true,"href":"https:\/\/www.marocchallenge.com\/fr\/wp-json\/wp\/v2\/users\/2"}],"replies":[{"embeddable":true,"href":"https:\/\/www.marocchallenge.com\/fr\/wp-json\/wp\/v2\/comments?post=15437"}],"version-history":[{"count":2,"href":"https:\/\/www.marocchallenge.com\/fr\/wp-json\/wp\/v2\/posts\/15437\/revisions"}],"predecessor-version":[{"id":15444,"href":"https:\/\/www.marocchallenge.com\/fr\/wp-json\/wp\/v2\/posts\/15437\/revisions\/15444"}],"wp:featuredmedia":[{"embeddable":true,"href":"https:\/\/www.marocchallenge.com\/fr\/wp-json\/wp\/v2\/media\/15432"}],"wp:attachment":[{"href":"https:\/\/www.marocchallenge.com\/fr\/wp-json\/wp\/v2\/media?parent=15437"}],"wp:term":[{"taxonomy":"category","embeddable":true,"href":"https:\/\/www.marocchallenge.com\/fr\/wp-json\/wp\/v2\/categories?post=15437"},{"taxonomy":"post_tag","embeddable":true,"href":"https:\/\/www.marocchallenge.com\/fr\/wp-json\/wp\/v2\/tags?post=15437"}],"curies":[{"name":"wp","href":"https:\/\/api.w.org\/{rel}","templated":true}]}}