{"id":15642,"date":"2020-06-03T15:01:43","date_gmt":"2020-06-03T15:01:43","guid":{"rendered":"https:\/\/www.marocchallenge.com\/el-mejor-arranque\/"},"modified":"2020-06-03T15:21:27","modified_gmt":"2020-06-03T15:21:27","slug":"le-meilleur-des-depart","status":"publish","type":"post","link":"https:\/\/www.marocchallenge.com\/fr\/le-meilleur-des-depart\/","title":{"rendered":"LE MEILLEUR DES D\u00c9PART!"},"content":{"rendered":"<h2><img decoding=\"async\" class=\"alignnone wp-image-15635 size-full\" src=\"https:\/\/www.marocchallenge.com\/wp-content\/uploads\/2020\/06\/news.jpg\" alt=\"Penafiel Racing Fest - Maroc Challenge\" width=\"1200\" height=\"675\" srcset=\"https:\/\/www.marocchallenge.com\/wp-content\/uploads\/2020\/06\/news-200x113.jpg 200w, https:\/\/www.marocchallenge.com\/wp-content\/uploads\/2020\/06\/news-300x169.jpg 300w, https:\/\/www.marocchallenge.com\/wp-content\/uploads\/2020\/06\/news-400x225.jpg 400w, https:\/\/www.marocchallenge.com\/wp-content\/uploads\/2020\/06\/news-600x338.jpg 600w, https:\/\/www.marocchallenge.com\/wp-content\/uploads\/2020\/06\/news-768x432.jpg 768w, https:\/\/www.marocchallenge.com\/wp-content\/uploads\/2020\/06\/news-800x450.jpg 800w, https:\/\/www.marocchallenge.com\/wp-content\/uploads\/2020\/06\/news-1024x576.jpg 1024w, https:\/\/www.marocchallenge.com\/wp-content\/uploads\/2020\/06\/news.jpg 1200w\" sizes=\"(max-width: 1200px) 100vw, 1200px\" \/><\/h2>\n<h2>Les perspectives ont \u00e9t\u00e9 d\u00e9pass\u00e9es et en une semaine nous avons atteint le chiffre de 134 inscrits pour la Spring\/Winter \u00c9dition Maroc Challenge, qui aura lieu du 4 au 12 d\u00e9cembre de 2020.<\/h2>\n<p>Nous ne pouvions pas mieux d\u00e9marrer. Nous avons ouvert les inscriptions le 25 avril, et le 1er juin nous avions atteint les 134 inscrits, parmi lesquels 40% vient d\u2019en dehors de l\u2019Espagne. C\u2019est une preuve irr\u00e9futable de notre envie \u00e0 tous de revenir \u00e0 la normale et de reprendre les activit\u00e9s qui nous permettent de nous sentir libres et de profiter de l\u2019aventure.<\/p>\n<p>Une des cl\u00e9s de ce succ\u00e8s d\u2019inscription est la venue des participants qui allaient participer \u00e0 la Spring \u00c9dition et qui ne veulent pas rater cette Spring\/Winter 2020 qui sera tr\u00e8s sp\u00e9ciale.<\/p>\n<p>Rui Caba\u00e7o, le briefingman de la Maroc Challenge, fait un bilan tr\u00e8s positif de la situation. <em>\u00abApr\u00e8s la d\u00e9ception subie par le report de la Spring, pour laquelle nous avions un excellent nombre de participants, nous revenons petit \u00e0 petit \u00e0 la normale. Nous avons report\u00e9 le d\u00e9but des inscriptions de pr\u00e8s d\u2019un mois, pour finir par les ouvrir au moment o\u00f9 nous entrevoyions la sortie du tunnel, et logiquement il y avait beaucoup d\u2019incertitudes. Nous savions qu\u2019il y avait beaucoup de participants de la Spring qui allaient s\u2019inscrire rapidement et qu\u2019il y avait des nouveaux qui voulaient d\u00e9couvrir l\u2019\u00e9preuve, mais le fait qu\u2019en une seule journ\u00e9e nous ayons presque atteint la centaine d\u2019inscrits, a \u00e9t\u00e9 une grande et agr\u00e9able surprise. Et cela mes chers amis, nous donne un \u00e9norme enthousiasme pour concocter une \u00e9dition qui doit \u00eatre sp\u00e9ciale et inoubliable\u00bb<\/em>.<\/p>\n<p>D\u2019autre part, sur notre page web vous pouvez consulter tous les d\u00e9tails qui font r\u00e9f\u00e9rence aux inscriptions et aux p\u00e9riodes \u00e9tablies afin de trouver les tarifs les plus \u00e9conomiques pour participer \u00e0 l\u2019\u00e9ditions qui se disputera du 4 au 12 d\u00e9cembre 2020.<\/p>\n","protected":false},"excerpt":{"rendered":"<p>Les perspectives ont \u00e9t\u00e9 d\u00e9pass\u00e9es et en une semaine nous<\/p>\n","protected":false},"author":2,"featured_media":15637,"comment_status":"closed","ping_status":"closed","sticky":false,"template":"","format":"standard","meta":{"footnotes":""},"categories":[2],"tags":[],"class_list":["post-15642","post","type-post","status-publish","format-standard","has-post-thumbnail","hentry","category-non-classifiee"],"yoast_head":"<!-- This site is optimized with the Yoast SEO plugin v27.4 - https:\/\/yoast.com\/product\/yoast-seo-wordpress\/ -->\n<title>LE MEILLEUR DES D\u00c9PART! - Maroc Challenge<\/title>\n<meta name=\"description\" content=\"Les perspectives ont \u00e9t\u00e9 d\u00e9pass\u00e9es et en une semaine nous avons atteint le chiffre de 134 inscrits pour la Spring\/Winter \u00c9dition...\" \/>\n<meta name=\"robots\" content=\"index, follow, max-snippet:-1, max-image-preview:large, max-video-preview:-1\" \/>\n<link rel=\"canonical\" href=\"https:\/\/www.marocchallenge.com\/fr\/le-meilleur-des-depart\/\" \/>\n<meta property=\"og:locale\" content=\"fr_FR\" \/>\n<meta property=\"og:type\" content=\"article\" \/>\n<meta property=\"og:title\" content=\"LE MEILLEUR DES D\u00c9PART! - Maroc Challenge\" \/>\n<meta property=\"og:description\" content=\"Les perspectives ont \u00e9t\u00e9 d\u00e9pass\u00e9es et en une semaine nous avons atteint le chiffre de 134 inscrits pour la Spring\/Winter \u00c9dition Maroc Challenge, qui aura lieu du 4 au 12 d\u00e9cembre de 2020.\" \/>\n<meta property=\"og:url\" content=\"https:\/\/www.marocchallenge.com\/fr\/le-meilleur-des-depart\/\" \/>\n<meta property=\"og:site_name\" content=\"Maroc Challenge\" \/>\n<meta property=\"article:publisher\" content=\"https:\/\/www.facebook.com\/MarocChallenge\/\" \/>\n<meta property=\"article:published_time\" content=\"2020-06-03T15:01:43+00:00\" \/>\n<meta property=\"article:modified_time\" content=\"2020-06-03T15:21:27+00:00\" \/>\n<meta property=\"og:image\" content=\"https:\/\/www.marocchallenge.com\/wp-content\/uploads\/2020\/06\/news.jpg\" \/>\n\t<meta property=\"og:image:width\" content=\"1200\" \/>\n\t<meta property=\"og:image:height\" content=\"675\" \/>\n\t<meta property=\"og:image:type\" content=\"image\/jpeg\" \/>\n<meta name=\"author\" content=\"Rui Caba\u00e7o\" \/>\n<meta name=\"twitter:card\" content=\"summary_large_image\" \/>\n<meta name=\"twitter:creator\" content=\"@marochallenge\" \/>\n<meta name=\"twitter:site\" content=\"@marochallenge\" \/>\n<meta name=\"twitter:label1\" content=\"\u00c9crit par\" \/>\n\t<meta name=\"twitter:data1\" content=\"Rui Caba\u00e7o\" \/>\n\t<meta name=\"twitter:label2\" content=\"Dur\u00e9e de lecture estim\u00e9e\" \/>\n\t<meta name=\"twitter:data2\" content=\"2 minutes\" \/>\n<script type=\"application\/ld+json\" class=\"yoast-schema-graph\">{\"@context\":\"https:\\\/\\\/schema.org\",\"@graph\":[{\"@type\":\"Article\",\"@id\":\"https:\\\/\\\/www.marocchallenge.com\\\/fr\\\/le-meilleur-des-depart\\\/#article\",\"isPartOf\":{\"@id\":\"https:\\\/\\\/www.marocchallenge.com\\\/fr\\\/le-meilleur-des-depart\\\/\"},\"author\":{\"name\":\"Rui Caba\u00e7o\",\"@id\":\"https:\\\/\\\/www.marocchallenge.com\\\/fr\\\/#\\\/schema\\\/person\\\/298a597a188b0019416217b2301b9e10\"},\"headline\":\"LE MEILLEUR DES D\u00c9PART!\",\"datePublished\":\"2020-06-03T15:01:43+00:00\",\"dateModified\":\"2020-06-03T15:21:27+00:00\",\"mainEntityOfPage\":{\"@id\":\"https:\\\/\\\/www.marocchallenge.com\\\/fr\\\/le-meilleur-des-depart\\\/\"},\"wordCount\":341,\"publisher\":{\"@id\":\"https:\\\/\\\/www.marocchallenge.com\\\/fr\\\/#organization\"},\"image\":{\"@id\":\"https:\\\/\\\/www.marocchallenge.com\\\/fr\\\/le-meilleur-des-depart\\\/#primaryimage\"},\"thumbnailUrl\":\"https:\\\/\\\/www.marocchallenge.com\\\/wp-content\\\/uploads\\\/2020\\\/06\\\/news.jpg\",\"articleSection\":[\"Non classifi\u00e9(e)\"],\"inLanguage\":\"fr-FR\"},{\"@type\":\"WebPage\",\"@id\":\"https:\\\/\\\/www.marocchallenge.com\\\/fr\\\/le-meilleur-des-depart\\\/\",\"url\":\"https:\\\/\\\/www.marocchallenge.com\\\/fr\\\/le-meilleur-des-depart\\\/\",\"name\":\"LE MEILLEUR DES D\u00c9PART! - Maroc Challenge\",\"isPartOf\":{\"@id\":\"https:\\\/\\\/www.marocchallenge.com\\\/fr\\\/#website\"},\"primaryImageOfPage\":{\"@id\":\"https:\\\/\\\/www.marocchallenge.com\\\/fr\\\/le-meilleur-des-depart\\\/#primaryimage\"},\"image\":{\"@id\":\"https:\\\/\\\/www.marocchallenge.com\\\/fr\\\/le-meilleur-des-depart\\\/#primaryimage\"},\"thumbnailUrl\":\"https:\\\/\\\/www.marocchallenge.com\\\/wp-content\\\/uploads\\\/2020\\\/06\\\/news.jpg\",\"datePublished\":\"2020-06-03T15:01:43+00:00\",\"dateModified\":\"2020-06-03T15:21:27+00:00\",\"description\":\"Les perspectives ont \u00e9t\u00e9 d\u00e9pass\u00e9es et en une semaine nous avons atteint le chiffre de 134 inscrits pour la Spring\\\/Winter \u00c9dition...\",\"breadcrumb\":{\"@id\":\"https:\\\/\\\/www.marocchallenge.com\\\/fr\\\/le-meilleur-des-depart\\\/#breadcrumb\"},\"inLanguage\":\"fr-FR\",\"potentialAction\":[{\"@type\":\"ReadAction\",\"target\":[\"https:\\\/\\\/www.marocchallenge.com\\\/fr\\\/le-meilleur-des-depart\\\/\"]}]},{\"@type\":\"ImageObject\",\"inLanguage\":\"fr-FR\",\"@id\":\"https:\\\/\\\/www.marocchallenge.com\\\/fr\\\/le-meilleur-des-depart\\\/#primaryimage\",\"url\":\"https:\\\/\\\/www.marocchallenge.com\\\/wp-content\\\/uploads\\\/2020\\\/06\\\/news.jpg\",\"contentUrl\":\"https:\\\/\\\/www.marocchallenge.com\\\/wp-content\\\/uploads\\\/2020\\\/06\\\/news.jpg\",\"width\":1200,\"height\":675,\"caption\":\"Penafiel Racing Fest - Maroc Challenge\"},{\"@type\":\"BreadcrumbList\",\"@id\":\"https:\\\/\\\/www.marocchallenge.com\\\/fr\\\/le-meilleur-des-depart\\\/#breadcrumb\",\"itemListElement\":[{\"@type\":\"ListItem\",\"position\":1,\"name\":\"Portada\",\"item\":\"https:\\\/\\\/www.marocchallenge.com\\\/fr\\\/\"},{\"@type\":\"ListItem\",\"position\":2,\"name\":\"LE MEILLEUR DES D\u00c9PART!\"}]},{\"@type\":\"WebSite\",\"@id\":\"https:\\\/\\\/www.marocchallenge.com\\\/fr\\\/#website\",\"url\":\"https:\\\/\\\/www.marocchallenge.com\\\/fr\\\/\",\"name\":\"Maroc Challenge\",\"description\":\"Le Dakar des ann\u00e9es 70 pour les aventuriers d\u2019aujourd\u2019hui\",\"publisher\":{\"@id\":\"https:\\\/\\\/www.marocchallenge.com\\\/fr\\\/#organization\"},\"potentialAction\":[{\"@type\":\"SearchAction\",\"target\":{\"@type\":\"EntryPoint\",\"urlTemplate\":\"https:\\\/\\\/www.marocchallenge.com\\\/fr\\\/?s={search_term_string}\"},\"query-input\":{\"@type\":\"PropertyValueSpecification\",\"valueRequired\":true,\"valueName\":\"search_term_string\"}}],\"inLanguage\":\"fr-FR\"},{\"@type\":\"Organization\",\"@id\":\"https:\\\/\\\/www.marocchallenge.com\\\/fr\\\/#organization\",\"name\":\"Maroc Challenge - El Dakar de los 70's para los aventureros de hoy\",\"url\":\"https:\\\/\\\/www.marocchallenge.com\\\/fr\\\/\",\"logo\":{\"@type\":\"ImageObject\",\"inLanguage\":\"fr-FR\",\"@id\":\"https:\\\/\\\/www.marocchallenge.com\\\/fr\\\/#\\\/schema\\\/logo\\\/image\\\/\",\"url\":\"https:\\\/\\\/www.marocchallenge.com\\\/wp-content\\\/uploads\\\/2020\\\/03\\\/Logo-Maroc_Challenge.png\",\"contentUrl\":\"https:\\\/\\\/www.marocchallenge.com\\\/wp-content\\\/uploads\\\/2020\\\/03\\\/Logo-Maroc_Challenge.png\",\"width\":170,\"height\":96,\"caption\":\"Maroc Challenge - El Dakar de los 70's para los aventureros de hoy\"},\"image\":{\"@id\":\"https:\\\/\\\/www.marocchallenge.com\\\/fr\\\/#\\\/schema\\\/logo\\\/image\\\/\"},\"sameAs\":[\"https:\\\/\\\/www.facebook.com\\\/MarocChallenge\\\/\",\"https:\\\/\\\/x.com\\\/marochallenge\",\"https:\\\/\\\/www.instagram.com\\\/marocchallenge\\\/\",\"https:\\\/\\\/www.linkedin.com\\\/company\\\/maroc-challenge\",\"https:\\\/\\\/www.youtube.com\\\/user\\\/MarocChallenge\"]},{\"@type\":\"Person\",\"@id\":\"https:\\\/\\\/www.marocchallenge.com\\\/fr\\\/#\\\/schema\\\/person\\\/298a597a188b0019416217b2301b9e10\",\"name\":\"Rui Caba\u00e7o\",\"image\":{\"@type\":\"ImageObject\",\"inLanguage\":\"fr-FR\",\"@id\":\"https:\\\/\\\/secure.gravatar.com\\\/avatar\\\/7ac3f434351cbd7875a5f064f6695a52ab4f6ffeb48c6bffb908c8e6f0e3bf73?s=96&d=mm&r=g\",\"url\":\"https:\\\/\\\/secure.gravatar.com\\\/avatar\\\/7ac3f434351cbd7875a5f064f6695a52ab4f6ffeb48c6bffb908c8e6f0e3bf73?s=96&d=mm&r=g\",\"contentUrl\":\"https:\\\/\\\/secure.gravatar.com\\\/avatar\\\/7ac3f434351cbd7875a5f064f6695a52ab4f6ffeb48c6bffb908c8e6f0e3bf73?s=96&d=mm&r=g\",\"caption\":\"Rui Caba\u00e7o\"}}]}<\/script>\n<!-- \/ Yoast SEO plugin. -->","yoast_head_json":{"title":"LE MEILLEUR DES D\u00c9PART! - Maroc Challenge","description":"Les perspectives ont \u00e9t\u00e9 d\u00e9pass\u00e9es et en une semaine nous avons atteint le chiffre de 134 inscrits pour la Spring\/Winter \u00c9dition...","robots":{"index":"index","follow":"follow","max-snippet":"max-snippet:-1","max-image-preview":"max-image-preview:large","max-video-preview":"max-video-preview:-1"},"canonical":"https:\/\/www.marocchallenge.com\/fr\/le-meilleur-des-depart\/","og_locale":"fr_FR","og_type":"article","og_title":"LE MEILLEUR DES D\u00c9PART! - Maroc Challenge","og_description":"Les perspectives ont \u00e9t\u00e9 d\u00e9pass\u00e9es et en une semaine nous avons atteint le chiffre de 134 inscrits pour la Spring\/Winter \u00c9dition Maroc Challenge, qui aura lieu du 4 au 12 d\u00e9cembre de 2020.","og_url":"https:\/\/www.marocchallenge.com\/fr\/le-meilleur-des-depart\/","og_site_name":"Maroc Challenge","article_publisher":"https:\/\/www.facebook.com\/MarocChallenge\/","article_published_time":"2020-06-03T15:01:43+00:00","article_modified_time":"2020-06-03T15:21:27+00:00","og_image":[{"width":1200,"height":675,"url":"https:\/\/www.marocchallenge.com\/wp-content\/uploads\/2020\/06\/news.jpg","type":"image\/jpeg"}],"author":"Rui Caba\u00e7o","twitter_card":"summary_large_image","twitter_creator":"@marochallenge","twitter_site":"@marochallenge","twitter_misc":{"\u00c9crit par":"Rui Caba\u00e7o","Dur\u00e9e de lecture estim\u00e9e":"2 minutes"},"schema":{"@context":"https:\/\/schema.org","@graph":[{"@type":"Article","@id":"https:\/\/www.marocchallenge.com\/fr\/le-meilleur-des-depart\/#article","isPartOf":{"@id":"https:\/\/www.marocchallenge.com\/fr\/le-meilleur-des-depart\/"},"author":{"name":"Rui Caba\u00e7o","@id":"https:\/\/www.marocchallenge.com\/fr\/#\/schema\/person\/298a597a188b0019416217b2301b9e10"},"headline":"LE MEILLEUR DES D\u00c9PART!","datePublished":"2020-06-03T15:01:43+00:00","dateModified":"2020-06-03T15:21:27+00:00","mainEntityOfPage":{"@id":"https:\/\/www.marocchallenge.com\/fr\/le-meilleur-des-depart\/"},"wordCount":341,"publisher":{"@id":"https:\/\/www.marocchallenge.com\/fr\/#organization"},"image":{"@id":"https:\/\/www.marocchallenge.com\/fr\/le-meilleur-des-depart\/#primaryimage"},"thumbnailUrl":"https:\/\/www.marocchallenge.com\/wp-content\/uploads\/2020\/06\/news.jpg","articleSection":["Non classifi\u00e9(e)"],"inLanguage":"fr-FR"},{"@type":"WebPage","@id":"https:\/\/www.marocchallenge.com\/fr\/le-meilleur-des-depart\/","url":"https:\/\/www.marocchallenge.com\/fr\/le-meilleur-des-depart\/","name":"LE MEILLEUR DES D\u00c9PART! - Maroc Challenge","isPartOf":{"@id":"https:\/\/www.marocchallenge.com\/fr\/#website"},"primaryImageOfPage":{"@id":"https:\/\/www.marocchallenge.com\/fr\/le-meilleur-des-depart\/#primaryimage"},"image":{"@id":"https:\/\/www.marocchallenge.com\/fr\/le-meilleur-des-depart\/#primaryimage"},"thumbnailUrl":"https:\/\/www.marocchallenge.com\/wp-content\/uploads\/2020\/06\/news.jpg","datePublished":"2020-06-03T15:01:43+00:00","dateModified":"2020-06-03T15:21:27+00:00","description":"Les perspectives ont \u00e9t\u00e9 d\u00e9pass\u00e9es et en une semaine nous avons atteint le chiffre de 134 inscrits pour la Spring\/Winter \u00c9dition...","breadcrumb":{"@id":"https:\/\/www.marocchallenge.com\/fr\/le-meilleur-des-depart\/#breadcrumb"},"inLanguage":"fr-FR","potentialAction":[{"@type":"ReadAction","target":["https:\/\/www.marocchallenge.com\/fr\/le-meilleur-des-depart\/"]}]},{"@type":"ImageObject","inLanguage":"fr-FR","@id":"https:\/\/www.marocchallenge.com\/fr\/le-meilleur-des-depart\/#primaryimage","url":"https:\/\/www.marocchallenge.com\/wp-content\/uploads\/2020\/06\/news.jpg","contentUrl":"https:\/\/www.marocchallenge.com\/wp-content\/uploads\/2020\/06\/news.jpg","width":1200,"height":675,"caption":"Penafiel Racing Fest - Maroc Challenge"},{"@type":"BreadcrumbList","@id":"https:\/\/www.marocchallenge.com\/fr\/le-meilleur-des-depart\/#breadcrumb","itemListElement":[{"@type":"ListItem","position":1,"name":"Portada","item":"https:\/\/www.marocchallenge.com\/fr\/"},{"@type":"ListItem","position":2,"name":"LE MEILLEUR DES D\u00c9PART!"}]},{"@type":"WebSite","@id":"https:\/\/www.marocchallenge.com\/fr\/#website","url":"https:\/\/www.marocchallenge.com\/fr\/","name":"Maroc Challenge","description":"Le Dakar des ann\u00e9es 70 pour les aventuriers d\u2019aujourd\u2019hui","publisher":{"@id":"https:\/\/www.marocchallenge.com\/fr\/#organization"},"potentialAction":[{"@type":"SearchAction","target":{"@type":"EntryPoint","urlTemplate":"https:\/\/www.marocchallenge.com\/fr\/?s={search_term_string}"},"query-input":{"@type":"PropertyValueSpecification","valueRequired":true,"valueName":"search_term_string"}}],"inLanguage":"fr-FR"},{"@type":"Organization","@id":"https:\/\/www.marocchallenge.com\/fr\/#organization","name":"Maroc Challenge - El Dakar de los 70's para los aventureros de hoy","url":"https:\/\/www.marocchallenge.com\/fr\/","logo":{"@type":"ImageObject","inLanguage":"fr-FR","@id":"https:\/\/www.marocchallenge.com\/fr\/#\/schema\/logo\/image\/","url":"https:\/\/www.marocchallenge.com\/wp-content\/uploads\/2020\/03\/Logo-Maroc_Challenge.png","contentUrl":"https:\/\/www.marocchallenge.com\/wp-content\/uploads\/2020\/03\/Logo-Maroc_Challenge.png","width":170,"height":96,"caption":"Maroc Challenge - El Dakar de los 70's para los aventureros de hoy"},"image":{"@id":"https:\/\/www.marocchallenge.com\/fr\/#\/schema\/logo\/image\/"},"sameAs":["https:\/\/www.facebook.com\/MarocChallenge\/","https:\/\/x.com\/marochallenge","https:\/\/www.instagram.com\/marocchallenge\/","https:\/\/www.linkedin.com\/company\/maroc-challenge","https:\/\/www.youtube.com\/user\/MarocChallenge"]},{"@type":"Person","@id":"https:\/\/www.marocchallenge.com\/fr\/#\/schema\/person\/298a597a188b0019416217b2301b9e10","name":"Rui Caba\u00e7o","image":{"@type":"ImageObject","inLanguage":"fr-FR","@id":"https:\/\/secure.gravatar.com\/avatar\/7ac3f434351cbd7875a5f064f6695a52ab4f6ffeb48c6bffb908c8e6f0e3bf73?s=96&d=mm&r=g","url":"https:\/\/secure.gravatar.com\/avatar\/7ac3f434351cbd7875a5f064f6695a52ab4f6ffeb48c6bffb908c8e6f0e3bf73?s=96&d=mm&r=g","contentUrl":"https:\/\/secure.gravatar.com\/avatar\/7ac3f434351cbd7875a5f064f6695a52ab4f6ffeb48c6bffb908c8e6f0e3bf73?s=96&d=mm&r=g","caption":"Rui Caba\u00e7o"}}]}},"_links":{"self":[{"href":"https:\/\/www.marocchallenge.com\/fr\/wp-json\/wp\/v2\/posts\/15642","targetHints":{"allow":["GET"]}}],"collection":[{"href":"https:\/\/www.marocchallenge.com\/fr\/wp-json\/wp\/v2\/posts"}],"about":[{"href":"https:\/\/www.marocchallenge.com\/fr\/wp-json\/wp\/v2\/types\/post"}],"author":[{"embeddable":true,"href":"https:\/\/www.marocchallenge.com\/fr\/wp-json\/wp\/v2\/users\/2"}],"replies":[{"embeddable":true,"href":"https:\/\/www.marocchallenge.com\/fr\/wp-json\/wp\/v2\/comments?post=15642"}],"version-history":[{"count":3,"href":"https:\/\/www.marocchallenge.com\/fr\/wp-json\/wp\/v2\/posts\/15642\/revisions"}],"predecessor-version":[{"id":15653,"href":"https:\/\/www.marocchallenge.com\/fr\/wp-json\/wp\/v2\/posts\/15642\/revisions\/15653"}],"wp:featuredmedia":[{"embeddable":true,"href":"https:\/\/www.marocchallenge.com\/fr\/wp-json\/wp\/v2\/media\/15637"}],"wp:attachment":[{"href":"https:\/\/www.marocchallenge.com\/fr\/wp-json\/wp\/v2\/media?parent=15642"}],"wp:term":[{"taxonomy":"category","embeddable":true,"href":"https:\/\/www.marocchallenge.com\/fr\/wp-json\/wp\/v2\/categories?post=15642"},{"taxonomy":"post_tag","embeddable":true,"href":"https:\/\/www.marocchallenge.com\/fr\/wp-json\/wp\/v2\/tags?post=15642"}],"curies":[{"name":"wp","href":"https:\/\/api.w.org\/{rel}","templated":true}]}}