{"id":15958,"date":"2020-10-28T08:14:02","date_gmt":"2020-10-28T08:14:02","guid":{"rendered":"https:\/\/www.marocchallenge.com\/se-aplaza-la-spring-winter-2020\/"},"modified":"2020-10-28T09:37:42","modified_gmt":"2020-10-28T09:37:42","slug":"la-spring-winter2020-est-reportee","status":"publish","type":"post","link":"https:\/\/www.marocchallenge.com\/fr\/la-spring-winter2020-est-reportee\/","title":{"rendered":"LA SPRING | WINTER 2020 EST REPORTEE"},"content":{"rendered":"<p><img decoding=\"async\" class=\"alignnone wp-image-15953 size-full\" src=\"https:\/\/www.marocchallenge.com\/wp-content\/uploads\/2020\/10\/ab.png\" alt=\"\" width=\"1200\" height=\"675\" srcset=\"https:\/\/www.marocchallenge.com\/wp-content\/uploads\/2020\/10\/ab-200x113.png 200w, https:\/\/www.marocchallenge.com\/wp-content\/uploads\/2020\/10\/ab-300x169.png 300w, https:\/\/www.marocchallenge.com\/wp-content\/uploads\/2020\/10\/ab-400x225.png 400w, https:\/\/www.marocchallenge.com\/wp-content\/uploads\/2020\/10\/ab-600x338.png 600w, https:\/\/www.marocchallenge.com\/wp-content\/uploads\/2020\/10\/ab-768x432.png 768w, https:\/\/www.marocchallenge.com\/wp-content\/uploads\/2020\/10\/ab-800x450.png 800w, https:\/\/www.marocchallenge.com\/wp-content\/uploads\/2020\/10\/ab-1024x576.png 1024w, https:\/\/www.marocchallenge.com\/wp-content\/uploads\/2020\/10\/ab.png 1200w\" sizes=\"(max-width: 1200px) 100vw, 1200px\" \/><\/p>\n<h2>Apr\u00e8s avoir mis beaucoup d\u2019espoirs, et avoir travaill\u00e9 sans rel\u00e2che, nous nous voyons dans l\u2019obligation de reporter la Spring\/Winter 2020.<\/h2>\n<p>Nous \u00e9tions dans l\u2019attente de l\u2019\u00e9volution de la pand\u00e9mie, son incidence tant au Maroc qu\u2019en Espagne et dans le reste de l\u2019Europe, attendant le dernier moment pour prendre la d\u00e9cision la plus correcte. Les derniers \u00e9v\u00e8nements, l\u2019augmentation des cas en Europe et la d\u00e9claration d\u2019un nouvel \u00e9tat d\u2019urgence sanitaire de la part du gouvernement espagnol nous a enlev\u00e9 l\u2019option de pouvoir mener l\u2019\u00e9dition de d\u00e9cembre \u00e0 la pratique.<\/p>\n","protected":false},"excerpt":{"rendered":"<p>Apr\u00e8s avoir mis beaucoup d\u2019espoirs, et avoir travaill\u00e9 sans rel\u00e2che,<\/p>\n","protected":false},"author":2,"featured_media":15953,"comment_status":"closed","ping_status":"closed","sticky":false,"template":"","format":"standard","meta":{"footnotes":""},"categories":[2],"tags":[],"class_list":["post-15958","post","type-post","status-publish","format-standard","has-post-thumbnail","hentry","category-non-classifiee"],"yoast_head":"<!-- This site is optimized with the Yoast SEO plugin v27.4 - https:\/\/yoast.com\/product\/yoast-seo-wordpress\/ -->\n<title>LA SPRING | WINTER 2020 EST REPORTEE - Maroc Challenge<\/title>\n<meta name=\"description\" content=\"Apr\u00e8s avoir mis beaucoup d\u2019espoirs, et avoir travaill\u00e9 sans rel\u00e2che, nous nous voyons dans l\u2019obligation de reporter la Spring\/Winter 2020.\" \/>\n<meta name=\"robots\" content=\"index, follow, max-snippet:-1, max-image-preview:large, max-video-preview:-1\" \/>\n<link rel=\"canonical\" href=\"https:\/\/www.marocchallenge.com\/fr\/la-spring-winter2020-est-reportee\/\" \/>\n<meta property=\"og:locale\" content=\"fr_FR\" \/>\n<meta property=\"og:type\" content=\"article\" \/>\n<meta property=\"og:title\" content=\"LA SPRING | WINTER2020 EST REPORTEE\" \/>\n<meta property=\"og:description\" content=\"Apr\u00e8s avoir mis beaucoup d\u2019espoirs, et avoir travaill\u00e9 sans rel\u00e2che, nous nous voyons dans l\u2019obligation de reporter la Spring\/Winter 2020.\" \/>\n<meta property=\"og:url\" content=\"https:\/\/www.marocchallenge.com\/fr\/la-spring-winter2020-est-reportee\/\" \/>\n<meta property=\"og:site_name\" content=\"Maroc Challenge\" \/>\n<meta property=\"article:publisher\" content=\"https:\/\/www.facebook.com\/MarocChallenge\/\" \/>\n<meta property=\"article:published_time\" content=\"2020-10-28T08:14:02+00:00\" \/>\n<meta property=\"article:modified_time\" content=\"2020-10-28T09:37:42+00:00\" \/>\n<meta property=\"og:image\" content=\"https:\/\/www.marocchallenge.com\/wp-content\/uploads\/2020\/10\/ab.png\" \/>\n\t<meta property=\"og:image:width\" content=\"1200\" \/>\n\t<meta property=\"og:image:height\" content=\"675\" \/>\n\t<meta property=\"og:image:type\" content=\"image\/png\" \/>\n<meta name=\"author\" content=\"Rui Caba\u00e7o\" \/>\n<meta name=\"twitter:card\" content=\"summary_large_image\" \/>\n<meta name=\"twitter:description\" content=\"Despu\u00e9s de haber trabajado intensamente y de haber puesto mucha ilusi\u00f3n y empe\u00f1o, nos vemos obligados a aplazar la Spring\/Winter 2020.\" \/>\n<meta name=\"twitter:creator\" content=\"@marochallenge\" \/>\n<meta name=\"twitter:site\" content=\"@marochallenge\" \/>\n<meta name=\"twitter:label1\" content=\"\u00c9crit par\" \/>\n\t<meta name=\"twitter:data1\" content=\"Rui Caba\u00e7o\" \/>\n\t<meta name=\"twitter:label2\" content=\"Dur\u00e9e de lecture estim\u00e9e\" \/>\n\t<meta name=\"twitter:data2\" content=\"1 minute\" \/>\n<script type=\"application\/ld+json\" class=\"yoast-schema-graph\">{\"@context\":\"https:\\\/\\\/schema.org\",\"@graph\":[{\"@type\":\"Article\",\"@id\":\"https:\\\/\\\/www.marocchallenge.com\\\/fr\\\/la-spring-winter2020-est-reportee\\\/#article\",\"isPartOf\":{\"@id\":\"https:\\\/\\\/www.marocchallenge.com\\\/fr\\\/la-spring-winter2020-est-reportee\\\/\"},\"author\":{\"name\":\"Rui Caba\u00e7o\",\"@id\":\"https:\\\/\\\/www.marocchallenge.com\\\/fr\\\/#\\\/schema\\\/person\\\/298a597a188b0019416217b2301b9e10\"},\"headline\":\"LA SPRING | WINTER 2020 EST REPORTEE\",\"datePublished\":\"2020-10-28T08:14:02+00:00\",\"dateModified\":\"2020-10-28T09:37:42+00:00\",\"mainEntityOfPage\":{\"@id\":\"https:\\\/\\\/www.marocchallenge.com\\\/fr\\\/la-spring-winter2020-est-reportee\\\/\"},\"wordCount\":110,\"publisher\":{\"@id\":\"https:\\\/\\\/www.marocchallenge.com\\\/fr\\\/#organization\"},\"image\":{\"@id\":\"https:\\\/\\\/www.marocchallenge.com\\\/fr\\\/la-spring-winter2020-est-reportee\\\/#primaryimage\"},\"thumbnailUrl\":\"https:\\\/\\\/www.marocchallenge.com\\\/wp-content\\\/uploads\\\/2020\\\/10\\\/ab.png\",\"articleSection\":[\"Non classifi\u00e9(e)\"],\"inLanguage\":\"fr-FR\"},{\"@type\":\"WebPage\",\"@id\":\"https:\\\/\\\/www.marocchallenge.com\\\/fr\\\/la-spring-winter2020-est-reportee\\\/\",\"url\":\"https:\\\/\\\/www.marocchallenge.com\\\/fr\\\/la-spring-winter2020-est-reportee\\\/\",\"name\":\"LA SPRING | WINTER 2020 EST REPORTEE - Maroc Challenge\",\"isPartOf\":{\"@id\":\"https:\\\/\\\/www.marocchallenge.com\\\/fr\\\/#website\"},\"primaryImageOfPage\":{\"@id\":\"https:\\\/\\\/www.marocchallenge.com\\\/fr\\\/la-spring-winter2020-est-reportee\\\/#primaryimage\"},\"image\":{\"@id\":\"https:\\\/\\\/www.marocchallenge.com\\\/fr\\\/la-spring-winter2020-est-reportee\\\/#primaryimage\"},\"thumbnailUrl\":\"https:\\\/\\\/www.marocchallenge.com\\\/wp-content\\\/uploads\\\/2020\\\/10\\\/ab.png\",\"datePublished\":\"2020-10-28T08:14:02+00:00\",\"dateModified\":\"2020-10-28T09:37:42+00:00\",\"description\":\"Apr\u00e8s avoir mis beaucoup d\u2019espoirs, et avoir travaill\u00e9 sans rel\u00e2che, nous nous voyons dans l\u2019obligation de reporter la Spring\\\/Winter 2020.\",\"breadcrumb\":{\"@id\":\"https:\\\/\\\/www.marocchallenge.com\\\/fr\\\/la-spring-winter2020-est-reportee\\\/#breadcrumb\"},\"inLanguage\":\"fr-FR\",\"potentialAction\":[{\"@type\":\"ReadAction\",\"target\":[\"https:\\\/\\\/www.marocchallenge.com\\\/fr\\\/la-spring-winter2020-est-reportee\\\/\"]}]},{\"@type\":\"ImageObject\",\"inLanguage\":\"fr-FR\",\"@id\":\"https:\\\/\\\/www.marocchallenge.com\\\/fr\\\/la-spring-winter2020-est-reportee\\\/#primaryimage\",\"url\":\"https:\\\/\\\/www.marocchallenge.com\\\/wp-content\\\/uploads\\\/2020\\\/10\\\/ab.png\",\"contentUrl\":\"https:\\\/\\\/www.marocchallenge.com\\\/wp-content\\\/uploads\\\/2020\\\/10\\\/ab.png\",\"width\":1200,\"height\":675},{\"@type\":\"BreadcrumbList\",\"@id\":\"https:\\\/\\\/www.marocchallenge.com\\\/fr\\\/la-spring-winter2020-est-reportee\\\/#breadcrumb\",\"itemListElement\":[{\"@type\":\"ListItem\",\"position\":1,\"name\":\"Portada\",\"item\":\"https:\\\/\\\/www.marocchallenge.com\\\/fr\\\/\"},{\"@type\":\"ListItem\",\"position\":2,\"name\":\"LA SPRING | WINTER 2020 EST REPORTEE\"}]},{\"@type\":\"WebSite\",\"@id\":\"https:\\\/\\\/www.marocchallenge.com\\\/fr\\\/#website\",\"url\":\"https:\\\/\\\/www.marocchallenge.com\\\/fr\\\/\",\"name\":\"Maroc Challenge\",\"description\":\"Le Dakar des ann\u00e9es 70 pour les aventuriers d\u2019aujourd\u2019hui\",\"publisher\":{\"@id\":\"https:\\\/\\\/www.marocchallenge.com\\\/fr\\\/#organization\"},\"potentialAction\":[{\"@type\":\"SearchAction\",\"target\":{\"@type\":\"EntryPoint\",\"urlTemplate\":\"https:\\\/\\\/www.marocchallenge.com\\\/fr\\\/?s={search_term_string}\"},\"query-input\":{\"@type\":\"PropertyValueSpecification\",\"valueRequired\":true,\"valueName\":\"search_term_string\"}}],\"inLanguage\":\"fr-FR\"},{\"@type\":\"Organization\",\"@id\":\"https:\\\/\\\/www.marocchallenge.com\\\/fr\\\/#organization\",\"name\":\"Maroc Challenge - El Dakar de los 70's para los aventureros de hoy\",\"url\":\"https:\\\/\\\/www.marocchallenge.com\\\/fr\\\/\",\"logo\":{\"@type\":\"ImageObject\",\"inLanguage\":\"fr-FR\",\"@id\":\"https:\\\/\\\/www.marocchallenge.com\\\/fr\\\/#\\\/schema\\\/logo\\\/image\\\/\",\"url\":\"https:\\\/\\\/www.marocchallenge.com\\\/wp-content\\\/uploads\\\/2020\\\/03\\\/Logo-Maroc_Challenge.png\",\"contentUrl\":\"https:\\\/\\\/www.marocchallenge.com\\\/wp-content\\\/uploads\\\/2020\\\/03\\\/Logo-Maroc_Challenge.png\",\"width\":170,\"height\":96,\"caption\":\"Maroc Challenge - El Dakar de los 70's para los aventureros de hoy\"},\"image\":{\"@id\":\"https:\\\/\\\/www.marocchallenge.com\\\/fr\\\/#\\\/schema\\\/logo\\\/image\\\/\"},\"sameAs\":[\"https:\\\/\\\/www.facebook.com\\\/MarocChallenge\\\/\",\"https:\\\/\\\/x.com\\\/marochallenge\",\"https:\\\/\\\/www.instagram.com\\\/marocchallenge\\\/\",\"https:\\\/\\\/www.linkedin.com\\\/company\\\/maroc-challenge\",\"https:\\\/\\\/www.youtube.com\\\/user\\\/MarocChallenge\"]},{\"@type\":\"Person\",\"@id\":\"https:\\\/\\\/www.marocchallenge.com\\\/fr\\\/#\\\/schema\\\/person\\\/298a597a188b0019416217b2301b9e10\",\"name\":\"Rui Caba\u00e7o\",\"image\":{\"@type\":\"ImageObject\",\"inLanguage\":\"fr-FR\",\"@id\":\"https:\\\/\\\/secure.gravatar.com\\\/avatar\\\/7ac3f434351cbd7875a5f064f6695a52ab4f6ffeb48c6bffb908c8e6f0e3bf73?s=96&d=mm&r=g\",\"url\":\"https:\\\/\\\/secure.gravatar.com\\\/avatar\\\/7ac3f434351cbd7875a5f064f6695a52ab4f6ffeb48c6bffb908c8e6f0e3bf73?s=96&d=mm&r=g\",\"contentUrl\":\"https:\\\/\\\/secure.gravatar.com\\\/avatar\\\/7ac3f434351cbd7875a5f064f6695a52ab4f6ffeb48c6bffb908c8e6f0e3bf73?s=96&d=mm&r=g\",\"caption\":\"Rui Caba\u00e7o\"}}]}<\/script>\n<!-- \/ Yoast SEO plugin. -->","yoast_head_json":{"title":"LA SPRING | WINTER 2020 EST REPORTEE - Maroc Challenge","description":"Apr\u00e8s avoir mis beaucoup d\u2019espoirs, et avoir travaill\u00e9 sans rel\u00e2che, nous nous voyons dans l\u2019obligation de reporter la Spring\/Winter 2020.","robots":{"index":"index","follow":"follow","max-snippet":"max-snippet:-1","max-image-preview":"max-image-preview:large","max-video-preview":"max-video-preview:-1"},"canonical":"https:\/\/www.marocchallenge.com\/fr\/la-spring-winter2020-est-reportee\/","og_locale":"fr_FR","og_type":"article","og_title":"LA SPRING | WINTER2020 EST REPORTEE","og_description":"Apr\u00e8s avoir mis beaucoup d\u2019espoirs, et avoir travaill\u00e9 sans rel\u00e2che, nous nous voyons dans l\u2019obligation de reporter la Spring\/Winter 2020.","og_url":"https:\/\/www.marocchallenge.com\/fr\/la-spring-winter2020-est-reportee\/","og_site_name":"Maroc Challenge","article_publisher":"https:\/\/www.facebook.com\/MarocChallenge\/","article_published_time":"2020-10-28T08:14:02+00:00","article_modified_time":"2020-10-28T09:37:42+00:00","og_image":[{"width":1200,"height":675,"url":"https:\/\/www.marocchallenge.com\/wp-content\/uploads\/2020\/10\/ab.png","type":"image\/png"}],"author":"Rui Caba\u00e7o","twitter_card":"summary_large_image","twitter_description":"Despu\u00e9s de haber trabajado intensamente y de haber puesto mucha ilusi\u00f3n y empe\u00f1o, nos vemos obligados a aplazar la Spring\/Winter 2020.","twitter_creator":"@marochallenge","twitter_site":"@marochallenge","twitter_misc":{"\u00c9crit par":"Rui Caba\u00e7o","Dur\u00e9e de lecture estim\u00e9e":"1 minute"},"schema":{"@context":"https:\/\/schema.org","@graph":[{"@type":"Article","@id":"https:\/\/www.marocchallenge.com\/fr\/la-spring-winter2020-est-reportee\/#article","isPartOf":{"@id":"https:\/\/www.marocchallenge.com\/fr\/la-spring-winter2020-est-reportee\/"},"author":{"name":"Rui Caba\u00e7o","@id":"https:\/\/www.marocchallenge.com\/fr\/#\/schema\/person\/298a597a188b0019416217b2301b9e10"},"headline":"LA SPRING | WINTER 2020 EST REPORTEE","datePublished":"2020-10-28T08:14:02+00:00","dateModified":"2020-10-28T09:37:42+00:00","mainEntityOfPage":{"@id":"https:\/\/www.marocchallenge.com\/fr\/la-spring-winter2020-est-reportee\/"},"wordCount":110,"publisher":{"@id":"https:\/\/www.marocchallenge.com\/fr\/#organization"},"image":{"@id":"https:\/\/www.marocchallenge.com\/fr\/la-spring-winter2020-est-reportee\/#primaryimage"},"thumbnailUrl":"https:\/\/www.marocchallenge.com\/wp-content\/uploads\/2020\/10\/ab.png","articleSection":["Non classifi\u00e9(e)"],"inLanguage":"fr-FR"},{"@type":"WebPage","@id":"https:\/\/www.marocchallenge.com\/fr\/la-spring-winter2020-est-reportee\/","url":"https:\/\/www.marocchallenge.com\/fr\/la-spring-winter2020-est-reportee\/","name":"LA SPRING | WINTER 2020 EST REPORTEE - Maroc Challenge","isPartOf":{"@id":"https:\/\/www.marocchallenge.com\/fr\/#website"},"primaryImageOfPage":{"@id":"https:\/\/www.marocchallenge.com\/fr\/la-spring-winter2020-est-reportee\/#primaryimage"},"image":{"@id":"https:\/\/www.marocchallenge.com\/fr\/la-spring-winter2020-est-reportee\/#primaryimage"},"thumbnailUrl":"https:\/\/www.marocchallenge.com\/wp-content\/uploads\/2020\/10\/ab.png","datePublished":"2020-10-28T08:14:02+00:00","dateModified":"2020-10-28T09:37:42+00:00","description":"Apr\u00e8s avoir mis beaucoup d\u2019espoirs, et avoir travaill\u00e9 sans rel\u00e2che, nous nous voyons dans l\u2019obligation de reporter la Spring\/Winter 2020.","breadcrumb":{"@id":"https:\/\/www.marocchallenge.com\/fr\/la-spring-winter2020-est-reportee\/#breadcrumb"},"inLanguage":"fr-FR","potentialAction":[{"@type":"ReadAction","target":["https:\/\/www.marocchallenge.com\/fr\/la-spring-winter2020-est-reportee\/"]}]},{"@type":"ImageObject","inLanguage":"fr-FR","@id":"https:\/\/www.marocchallenge.com\/fr\/la-spring-winter2020-est-reportee\/#primaryimage","url":"https:\/\/www.marocchallenge.com\/wp-content\/uploads\/2020\/10\/ab.png","contentUrl":"https:\/\/www.marocchallenge.com\/wp-content\/uploads\/2020\/10\/ab.png","width":1200,"height":675},{"@type":"BreadcrumbList","@id":"https:\/\/www.marocchallenge.com\/fr\/la-spring-winter2020-est-reportee\/#breadcrumb","itemListElement":[{"@type":"ListItem","position":1,"name":"Portada","item":"https:\/\/www.marocchallenge.com\/fr\/"},{"@type":"ListItem","position":2,"name":"LA SPRING | WINTER 2020 EST REPORTEE"}]},{"@type":"WebSite","@id":"https:\/\/www.marocchallenge.com\/fr\/#website","url":"https:\/\/www.marocchallenge.com\/fr\/","name":"Maroc Challenge","description":"Le Dakar des ann\u00e9es 70 pour les aventuriers d\u2019aujourd\u2019hui","publisher":{"@id":"https:\/\/www.marocchallenge.com\/fr\/#organization"},"potentialAction":[{"@type":"SearchAction","target":{"@type":"EntryPoint","urlTemplate":"https:\/\/www.marocchallenge.com\/fr\/?s={search_term_string}"},"query-input":{"@type":"PropertyValueSpecification","valueRequired":true,"valueName":"search_term_string"}}],"inLanguage":"fr-FR"},{"@type":"Organization","@id":"https:\/\/www.marocchallenge.com\/fr\/#organization","name":"Maroc Challenge - El Dakar de los 70's para los aventureros de hoy","url":"https:\/\/www.marocchallenge.com\/fr\/","logo":{"@type":"ImageObject","inLanguage":"fr-FR","@id":"https:\/\/www.marocchallenge.com\/fr\/#\/schema\/logo\/image\/","url":"https:\/\/www.marocchallenge.com\/wp-content\/uploads\/2020\/03\/Logo-Maroc_Challenge.png","contentUrl":"https:\/\/www.marocchallenge.com\/wp-content\/uploads\/2020\/03\/Logo-Maroc_Challenge.png","width":170,"height":96,"caption":"Maroc Challenge - El Dakar de los 70's para los aventureros de hoy"},"image":{"@id":"https:\/\/www.marocchallenge.com\/fr\/#\/schema\/logo\/image\/"},"sameAs":["https:\/\/www.facebook.com\/MarocChallenge\/","https:\/\/x.com\/marochallenge","https:\/\/www.instagram.com\/marocchallenge\/","https:\/\/www.linkedin.com\/company\/maroc-challenge","https:\/\/www.youtube.com\/user\/MarocChallenge"]},{"@type":"Person","@id":"https:\/\/www.marocchallenge.com\/fr\/#\/schema\/person\/298a597a188b0019416217b2301b9e10","name":"Rui Caba\u00e7o","image":{"@type":"ImageObject","inLanguage":"fr-FR","@id":"https:\/\/secure.gravatar.com\/avatar\/7ac3f434351cbd7875a5f064f6695a52ab4f6ffeb48c6bffb908c8e6f0e3bf73?s=96&d=mm&r=g","url":"https:\/\/secure.gravatar.com\/avatar\/7ac3f434351cbd7875a5f064f6695a52ab4f6ffeb48c6bffb908c8e6f0e3bf73?s=96&d=mm&r=g","contentUrl":"https:\/\/secure.gravatar.com\/avatar\/7ac3f434351cbd7875a5f064f6695a52ab4f6ffeb48c6bffb908c8e6f0e3bf73?s=96&d=mm&r=g","caption":"Rui Caba\u00e7o"}}]}},"_links":{"self":[{"href":"https:\/\/www.marocchallenge.com\/fr\/wp-json\/wp\/v2\/posts\/15958","targetHints":{"allow":["GET"]}}],"collection":[{"href":"https:\/\/www.marocchallenge.com\/fr\/wp-json\/wp\/v2\/posts"}],"about":[{"href":"https:\/\/www.marocchallenge.com\/fr\/wp-json\/wp\/v2\/types\/post"}],"author":[{"embeddable":true,"href":"https:\/\/www.marocchallenge.com\/fr\/wp-json\/wp\/v2\/users\/2"}],"replies":[{"embeddable":true,"href":"https:\/\/www.marocchallenge.com\/fr\/wp-json\/wp\/v2\/comments?post=15958"}],"version-history":[{"count":5,"href":"https:\/\/www.marocchallenge.com\/fr\/wp-json\/wp\/v2\/posts\/15958\/revisions"}],"predecessor-version":[{"id":15979,"href":"https:\/\/www.marocchallenge.com\/fr\/wp-json\/wp\/v2\/posts\/15958\/revisions\/15979"}],"wp:featuredmedia":[{"embeddable":true,"href":"https:\/\/www.marocchallenge.com\/fr\/wp-json\/wp\/v2\/media\/15953"}],"wp:attachment":[{"href":"https:\/\/www.marocchallenge.com\/fr\/wp-json\/wp\/v2\/media?parent=15958"}],"wp:term":[{"taxonomy":"category","embeddable":true,"href":"https:\/\/www.marocchallenge.com\/fr\/wp-json\/wp\/v2\/categories?post=15958"},{"taxonomy":"post_tag","embeddable":true,"href":"https:\/\/www.marocchallenge.com\/fr\/wp-json\/wp\/v2\/tags?post=15958"}],"curies":[{"name":"wp","href":"https:\/\/api.w.org\/{rel}","templated":true}]}}