{"id":16192,"date":"2020-12-01T17:42:22","date_gmt":"2020-12-01T17:42:22","guid":{"rendered":"https:\/\/www.marocchallenge.com\/abrimos-inscripciones-el-7-de-diciembre\/"},"modified":"2020-12-01T18:12:56","modified_gmt":"2020-12-01T18:12:56","slug":"nous-ouvrons-les-inscriptions-le-7-decembre","status":"publish","type":"post","link":"https:\/\/www.marocchallenge.com\/fr\/nous-ouvrons-les-inscriptions-le-7-decembre\/","title":{"rendered":"NOUS OUVRONS LES INSCRIPTIONS LE 7 D\u00c9CEMBRE !"},"content":{"rendered":"<p><img decoding=\"async\" class=\"alignnone wp-image-16185 size-full\" src=\"https:\/\/www.marocchallenge.com\/wp-content\/uploads\/2020\/12\/Spring-2021-1.jpg\" alt=\"\" width=\"1200\" height=\"675\" srcset=\"https:\/\/www.marocchallenge.com\/wp-content\/uploads\/2020\/12\/Spring-2021-1-200x113.jpg 200w, https:\/\/www.marocchallenge.com\/wp-content\/uploads\/2020\/12\/Spring-2021-1-300x169.jpg 300w, https:\/\/www.marocchallenge.com\/wp-content\/uploads\/2020\/12\/Spring-2021-1-400x225.jpg 400w, https:\/\/www.marocchallenge.com\/wp-content\/uploads\/2020\/12\/Spring-2021-1-600x338.jpg 600w, https:\/\/www.marocchallenge.com\/wp-content\/uploads\/2020\/12\/Spring-2021-1-768x432.jpg 768w, https:\/\/www.marocchallenge.com\/wp-content\/uploads\/2020\/12\/Spring-2021-1-800x450.jpg 800w, https:\/\/www.marocchallenge.com\/wp-content\/uploads\/2020\/12\/Spring-2021-1-1024x576.jpg 1024w, https:\/\/www.marocchallenge.com\/wp-content\/uploads\/2020\/12\/Spring-2021-1.jpg 1200w\" sizes=\"(max-width: 1200px) 100vw, 1200px\" \/><\/p>\n<h2>Les inscriptions pour la Spring 2021 seront ouvertes le 7 d\u00e9cembre prochain et exceptionnellement \u00e0 cause de la Covid &#8211; 19, l\u2019\u00e9preuve qui a lieu traditionnellement \u00e0 P\u00e2ques, change de date et se disputera du 28 mai au 5 juin.<\/h2>\n<p>Nous avons comme vous, tr\u00e8s envie de revenir \u00e0 la normale et pour cela nous vous avons pr\u00e9par\u00e9 un itin\u00e9raire tr\u00e8s sp\u00e9cial, qui pour la premi\u00e8re fois dans l\u2019histoire de la <strong>Maroc Challenge<\/strong>, fera commencer et terminer d\u2019\u00e9dition \u00e0 <strong>Sa\u00efdia<\/strong>.\u00a0 Le trac\u00e9 parcourra majoritairement le d\u00e9sert et les zones les plus recul\u00e9es du Maroc, traversant tout le \u00ab\u00a0<strong>plateau de Rekkam<\/strong>\u00a0\u00bb lors d\u2019une imposante premi\u00e8re \u00e9tape qui nous emm\u00e8nera \u00e0 <strong>Midelt<\/strong>. L\u2019\u00e9preuve passera par des endroits charismatiques comme <strong>Erfoud<\/strong>, <strong>Merzouga et Zagora<\/strong>. La traditionnelle nuit de camp aura lieu \u00e0 <strong>Tendrara<\/strong> apr\u00e8s l\u2019avant derni\u00e8re \u00e9tape pour finir \u00e0 nouveau au bord de la m\u00e9diterran\u00e9e.<\/p>\n<p>Sur notre page web vous pouvez consulter tous les d\u00e9tails qui font r\u00e9f\u00e9rence aux inscriptions et aux p\u00e9riodes \u00e9tablies afin de trouver les tarifs les plus \u00e9conomiques. <strong>\u00c0 ce sujet, il faut noter que le tarif le plus \u00e9conomique est seulement disponible du 7 au 13 d\u00e9cembre<\/strong>.<\/p>\n","protected":false},"excerpt":{"rendered":"<p>Les inscriptions pour la Spring 2021 seront ouvertes le 7<\/p>\n","protected":false},"author":2,"featured_media":16185,"comment_status":"closed","ping_status":"closed","sticky":false,"template":"","format":"standard","meta":{"footnotes":""},"categories":[2],"tags":[],"class_list":["post-16192","post","type-post","status-publish","format-standard","has-post-thumbnail","hentry","category-non-classifiee"],"yoast_head":"<!-- This site is optimized with the Yoast SEO plugin v27.4 - https:\/\/yoast.com\/product\/yoast-seo-wordpress\/ -->\n<title>NOUS OUVRONS LES INSCRIPTIONS LE 7 D\u00c9CEMBRE ! - Maroc Challenge<\/title>\n<meta name=\"description\" content=\"Les inscriptions pour la Spring 2021 seront ouvertes le 7 d\u00e9cembre prochain et exceptionnellement \u00e0 cause de la Covid - 19, l\u2019\u00e9preuve qui a lieu traditionnellement \u00e0 P\u00e2ques, change de date et se disputera du 28 mai au 5 juin.\" \/>\n<meta name=\"robots\" content=\"index, follow, max-snippet:-1, max-image-preview:large, max-video-preview:-1\" \/>\n<link rel=\"canonical\" href=\"https:\/\/www.marocchallenge.com\/fr\/nous-ouvrons-les-inscriptions-le-7-decembre\/\" \/>\n<meta property=\"og:locale\" content=\"fr_FR\" \/>\n<meta property=\"og:type\" content=\"article\" \/>\n<meta property=\"og:title\" content=\"NOUS OUVRONS LES INSCRIPTIONS LE 7 D\u00c9CEMBRE ! - Maroc Challenge\" \/>\n<meta property=\"og:description\" content=\"Les inscriptions pour la Spring 2021 seront ouvertes le 7 d\u00e9cembre prochain et exceptionnellement \u00e0 cause de la Covid - 19, l\u2019\u00e9preuve qui a lieu traditionnellement \u00e0 P\u00e2ques, change de date et se disputera du 28 mai au 5 juin.\" \/>\n<meta property=\"og:url\" content=\"https:\/\/www.marocchallenge.com\/fr\/nous-ouvrons-les-inscriptions-le-7-decembre\/\" \/>\n<meta property=\"og:site_name\" content=\"Maroc Challenge\" \/>\n<meta property=\"article:publisher\" content=\"https:\/\/www.facebook.com\/MarocChallenge\/\" \/>\n<meta property=\"article:published_time\" content=\"2020-12-01T17:42:22+00:00\" \/>\n<meta property=\"article:modified_time\" content=\"2020-12-01T18:12:56+00:00\" \/>\n<meta property=\"og:image\" content=\"https:\/\/www.marocchallenge.com\/wp-content\/uploads\/2020\/12\/Spring-2021-1.jpg\" \/>\n\t<meta property=\"og:image:width\" content=\"1200\" \/>\n\t<meta property=\"og:image:height\" content=\"675\" \/>\n\t<meta property=\"og:image:type\" content=\"image\/jpeg\" \/>\n<meta name=\"author\" content=\"Rui Caba\u00e7o\" \/>\n<meta name=\"twitter:card\" content=\"summary_large_image\" \/>\n<meta name=\"twitter:creator\" content=\"@marochallenge\" \/>\n<meta name=\"twitter:site\" content=\"@marochallenge\" \/>\n<meta name=\"twitter:label1\" content=\"\u00c9crit par\" \/>\n\t<meta name=\"twitter:data1\" content=\"Rui Caba\u00e7o\" \/>\n\t<meta name=\"twitter:label2\" content=\"Dur\u00e9e de lecture estim\u00e9e\" \/>\n\t<meta name=\"twitter:data2\" content=\"1 minute\" \/>\n<script type=\"application\/ld+json\" class=\"yoast-schema-graph\">{\"@context\":\"https:\\\/\\\/schema.org\",\"@graph\":[{\"@type\":\"Article\",\"@id\":\"https:\\\/\\\/www.marocchallenge.com\\\/fr\\\/nous-ouvrons-les-inscriptions-le-7-decembre\\\/#article\",\"isPartOf\":{\"@id\":\"https:\\\/\\\/www.marocchallenge.com\\\/fr\\\/nous-ouvrons-les-inscriptions-le-7-decembre\\\/\"},\"author\":{\"name\":\"Rui Caba\u00e7o\",\"@id\":\"https:\\\/\\\/www.marocchallenge.com\\\/fr\\\/#\\\/schema\\\/person\\\/298a597a188b0019416217b2301b9e10\"},\"headline\":\"NOUS OUVRONS LES INSCRIPTIONS LE 7 D\u00c9CEMBRE !\",\"datePublished\":\"2020-12-01T17:42:22+00:00\",\"dateModified\":\"2020-12-01T18:12:56+00:00\",\"mainEntityOfPage\":{\"@id\":\"https:\\\/\\\/www.marocchallenge.com\\\/fr\\\/nous-ouvrons-les-inscriptions-le-7-decembre\\\/\"},\"wordCount\":210,\"publisher\":{\"@id\":\"https:\\\/\\\/www.marocchallenge.com\\\/fr\\\/#organization\"},\"image\":{\"@id\":\"https:\\\/\\\/www.marocchallenge.com\\\/fr\\\/nous-ouvrons-les-inscriptions-le-7-decembre\\\/#primaryimage\"},\"thumbnailUrl\":\"https:\\\/\\\/www.marocchallenge.com\\\/wp-content\\\/uploads\\\/2020\\\/12\\\/Spring-2021-1.jpg\",\"articleSection\":[\"Non classifi\u00e9(e)\"],\"inLanguage\":\"fr-FR\"},{\"@type\":\"WebPage\",\"@id\":\"https:\\\/\\\/www.marocchallenge.com\\\/fr\\\/nous-ouvrons-les-inscriptions-le-7-decembre\\\/\",\"url\":\"https:\\\/\\\/www.marocchallenge.com\\\/fr\\\/nous-ouvrons-les-inscriptions-le-7-decembre\\\/\",\"name\":\"NOUS OUVRONS LES INSCRIPTIONS LE 7 D\u00c9CEMBRE ! - Maroc Challenge\",\"isPartOf\":{\"@id\":\"https:\\\/\\\/www.marocchallenge.com\\\/fr\\\/#website\"},\"primaryImageOfPage\":{\"@id\":\"https:\\\/\\\/www.marocchallenge.com\\\/fr\\\/nous-ouvrons-les-inscriptions-le-7-decembre\\\/#primaryimage\"},\"image\":{\"@id\":\"https:\\\/\\\/www.marocchallenge.com\\\/fr\\\/nous-ouvrons-les-inscriptions-le-7-decembre\\\/#primaryimage\"},\"thumbnailUrl\":\"https:\\\/\\\/www.marocchallenge.com\\\/wp-content\\\/uploads\\\/2020\\\/12\\\/Spring-2021-1.jpg\",\"datePublished\":\"2020-12-01T17:42:22+00:00\",\"dateModified\":\"2020-12-01T18:12:56+00:00\",\"description\":\"Les inscriptions pour la Spring 2021 seront ouvertes le 7 d\u00e9cembre prochain et exceptionnellement \u00e0 cause de la Covid - 19, l\u2019\u00e9preuve qui a lieu traditionnellement \u00e0 P\u00e2ques, change de date et se disputera du 28 mai au 5 juin.\",\"breadcrumb\":{\"@id\":\"https:\\\/\\\/www.marocchallenge.com\\\/fr\\\/nous-ouvrons-les-inscriptions-le-7-decembre\\\/#breadcrumb\"},\"inLanguage\":\"fr-FR\",\"potentialAction\":[{\"@type\":\"ReadAction\",\"target\":[\"https:\\\/\\\/www.marocchallenge.com\\\/fr\\\/nous-ouvrons-les-inscriptions-le-7-decembre\\\/\"]}]},{\"@type\":\"ImageObject\",\"inLanguage\":\"fr-FR\",\"@id\":\"https:\\\/\\\/www.marocchallenge.com\\\/fr\\\/nous-ouvrons-les-inscriptions-le-7-decembre\\\/#primaryimage\",\"url\":\"https:\\\/\\\/www.marocchallenge.com\\\/wp-content\\\/uploads\\\/2020\\\/12\\\/Spring-2021-1.jpg\",\"contentUrl\":\"https:\\\/\\\/www.marocchallenge.com\\\/wp-content\\\/uploads\\\/2020\\\/12\\\/Spring-2021-1.jpg\",\"width\":1200,\"height\":675},{\"@type\":\"BreadcrumbList\",\"@id\":\"https:\\\/\\\/www.marocchallenge.com\\\/fr\\\/nous-ouvrons-les-inscriptions-le-7-decembre\\\/#breadcrumb\",\"itemListElement\":[{\"@type\":\"ListItem\",\"position\":1,\"name\":\"Portada\",\"item\":\"https:\\\/\\\/www.marocchallenge.com\\\/fr\\\/\"},{\"@type\":\"ListItem\",\"position\":2,\"name\":\"NOUS OUVRONS LES INSCRIPTIONS LE 7 D\u00c9CEMBRE !\"}]},{\"@type\":\"WebSite\",\"@id\":\"https:\\\/\\\/www.marocchallenge.com\\\/fr\\\/#website\",\"url\":\"https:\\\/\\\/www.marocchallenge.com\\\/fr\\\/\",\"name\":\"Maroc Challenge\",\"description\":\"Le Dakar des ann\u00e9es 70 pour les aventuriers d\u2019aujourd\u2019hui\",\"publisher\":{\"@id\":\"https:\\\/\\\/www.marocchallenge.com\\\/fr\\\/#organization\"},\"potentialAction\":[{\"@type\":\"SearchAction\",\"target\":{\"@type\":\"EntryPoint\",\"urlTemplate\":\"https:\\\/\\\/www.marocchallenge.com\\\/fr\\\/?s={search_term_string}\"},\"query-input\":{\"@type\":\"PropertyValueSpecification\",\"valueRequired\":true,\"valueName\":\"search_term_string\"}}],\"inLanguage\":\"fr-FR\"},{\"@type\":\"Organization\",\"@id\":\"https:\\\/\\\/www.marocchallenge.com\\\/fr\\\/#organization\",\"name\":\"Maroc Challenge - El Dakar de los 70's para los aventureros de hoy\",\"url\":\"https:\\\/\\\/www.marocchallenge.com\\\/fr\\\/\",\"logo\":{\"@type\":\"ImageObject\",\"inLanguage\":\"fr-FR\",\"@id\":\"https:\\\/\\\/www.marocchallenge.com\\\/fr\\\/#\\\/schema\\\/logo\\\/image\\\/\",\"url\":\"https:\\\/\\\/www.marocchallenge.com\\\/wp-content\\\/uploads\\\/2020\\\/03\\\/Logo-Maroc_Challenge.png\",\"contentUrl\":\"https:\\\/\\\/www.marocchallenge.com\\\/wp-content\\\/uploads\\\/2020\\\/03\\\/Logo-Maroc_Challenge.png\",\"width\":170,\"height\":96,\"caption\":\"Maroc Challenge - El Dakar de los 70's para los aventureros de hoy\"},\"image\":{\"@id\":\"https:\\\/\\\/www.marocchallenge.com\\\/fr\\\/#\\\/schema\\\/logo\\\/image\\\/\"},\"sameAs\":[\"https:\\\/\\\/www.facebook.com\\\/MarocChallenge\\\/\",\"https:\\\/\\\/x.com\\\/marochallenge\",\"https:\\\/\\\/www.instagram.com\\\/marocchallenge\\\/\",\"https:\\\/\\\/www.linkedin.com\\\/company\\\/maroc-challenge\",\"https:\\\/\\\/www.youtube.com\\\/user\\\/MarocChallenge\"]},{\"@type\":\"Person\",\"@id\":\"https:\\\/\\\/www.marocchallenge.com\\\/fr\\\/#\\\/schema\\\/person\\\/298a597a188b0019416217b2301b9e10\",\"name\":\"Rui Caba\u00e7o\",\"image\":{\"@type\":\"ImageObject\",\"inLanguage\":\"fr-FR\",\"@id\":\"https:\\\/\\\/secure.gravatar.com\\\/avatar\\\/7ac3f434351cbd7875a5f064f6695a52ab4f6ffeb48c6bffb908c8e6f0e3bf73?s=96&d=mm&r=g\",\"url\":\"https:\\\/\\\/secure.gravatar.com\\\/avatar\\\/7ac3f434351cbd7875a5f064f6695a52ab4f6ffeb48c6bffb908c8e6f0e3bf73?s=96&d=mm&r=g\",\"contentUrl\":\"https:\\\/\\\/secure.gravatar.com\\\/avatar\\\/7ac3f434351cbd7875a5f064f6695a52ab4f6ffeb48c6bffb908c8e6f0e3bf73?s=96&d=mm&r=g\",\"caption\":\"Rui Caba\u00e7o\"}}]}<\/script>\n<!-- \/ Yoast SEO plugin. -->","yoast_head_json":{"title":"NOUS OUVRONS LES INSCRIPTIONS LE 7 D\u00c9CEMBRE ! - Maroc Challenge","description":"Les inscriptions pour la Spring 2021 seront ouvertes le 7 d\u00e9cembre prochain et exceptionnellement \u00e0 cause de la Covid - 19, l\u2019\u00e9preuve qui a lieu traditionnellement \u00e0 P\u00e2ques, change de date et se disputera du 28 mai au 5 juin.","robots":{"index":"index","follow":"follow","max-snippet":"max-snippet:-1","max-image-preview":"max-image-preview:large","max-video-preview":"max-video-preview:-1"},"canonical":"https:\/\/www.marocchallenge.com\/fr\/nous-ouvrons-les-inscriptions-le-7-decembre\/","og_locale":"fr_FR","og_type":"article","og_title":"NOUS OUVRONS LES INSCRIPTIONS LE 7 D\u00c9CEMBRE ! - Maroc Challenge","og_description":"Les inscriptions pour la Spring 2021 seront ouvertes le 7 d\u00e9cembre prochain et exceptionnellement \u00e0 cause de la Covid - 19, l\u2019\u00e9preuve qui a lieu traditionnellement \u00e0 P\u00e2ques, change de date et se disputera du 28 mai au 5 juin.","og_url":"https:\/\/www.marocchallenge.com\/fr\/nous-ouvrons-les-inscriptions-le-7-decembre\/","og_site_name":"Maroc Challenge","article_publisher":"https:\/\/www.facebook.com\/MarocChallenge\/","article_published_time":"2020-12-01T17:42:22+00:00","article_modified_time":"2020-12-01T18:12:56+00:00","og_image":[{"width":1200,"height":675,"url":"https:\/\/www.marocchallenge.com\/wp-content\/uploads\/2020\/12\/Spring-2021-1.jpg","type":"image\/jpeg"}],"author":"Rui Caba\u00e7o","twitter_card":"summary_large_image","twitter_creator":"@marochallenge","twitter_site":"@marochallenge","twitter_misc":{"\u00c9crit par":"Rui Caba\u00e7o","Dur\u00e9e de lecture estim\u00e9e":"1 minute"},"schema":{"@context":"https:\/\/schema.org","@graph":[{"@type":"Article","@id":"https:\/\/www.marocchallenge.com\/fr\/nous-ouvrons-les-inscriptions-le-7-decembre\/#article","isPartOf":{"@id":"https:\/\/www.marocchallenge.com\/fr\/nous-ouvrons-les-inscriptions-le-7-decembre\/"},"author":{"name":"Rui Caba\u00e7o","@id":"https:\/\/www.marocchallenge.com\/fr\/#\/schema\/person\/298a597a188b0019416217b2301b9e10"},"headline":"NOUS OUVRONS LES INSCRIPTIONS LE 7 D\u00c9CEMBRE !","datePublished":"2020-12-01T17:42:22+00:00","dateModified":"2020-12-01T18:12:56+00:00","mainEntityOfPage":{"@id":"https:\/\/www.marocchallenge.com\/fr\/nous-ouvrons-les-inscriptions-le-7-decembre\/"},"wordCount":210,"publisher":{"@id":"https:\/\/www.marocchallenge.com\/fr\/#organization"},"image":{"@id":"https:\/\/www.marocchallenge.com\/fr\/nous-ouvrons-les-inscriptions-le-7-decembre\/#primaryimage"},"thumbnailUrl":"https:\/\/www.marocchallenge.com\/wp-content\/uploads\/2020\/12\/Spring-2021-1.jpg","articleSection":["Non classifi\u00e9(e)"],"inLanguage":"fr-FR"},{"@type":"WebPage","@id":"https:\/\/www.marocchallenge.com\/fr\/nous-ouvrons-les-inscriptions-le-7-decembre\/","url":"https:\/\/www.marocchallenge.com\/fr\/nous-ouvrons-les-inscriptions-le-7-decembre\/","name":"NOUS OUVRONS LES INSCRIPTIONS LE 7 D\u00c9CEMBRE ! - Maroc Challenge","isPartOf":{"@id":"https:\/\/www.marocchallenge.com\/fr\/#website"},"primaryImageOfPage":{"@id":"https:\/\/www.marocchallenge.com\/fr\/nous-ouvrons-les-inscriptions-le-7-decembre\/#primaryimage"},"image":{"@id":"https:\/\/www.marocchallenge.com\/fr\/nous-ouvrons-les-inscriptions-le-7-decembre\/#primaryimage"},"thumbnailUrl":"https:\/\/www.marocchallenge.com\/wp-content\/uploads\/2020\/12\/Spring-2021-1.jpg","datePublished":"2020-12-01T17:42:22+00:00","dateModified":"2020-12-01T18:12:56+00:00","description":"Les inscriptions pour la Spring 2021 seront ouvertes le 7 d\u00e9cembre prochain et exceptionnellement \u00e0 cause de la Covid - 19, l\u2019\u00e9preuve qui a lieu traditionnellement \u00e0 P\u00e2ques, change de date et se disputera du 28 mai au 5 juin.","breadcrumb":{"@id":"https:\/\/www.marocchallenge.com\/fr\/nous-ouvrons-les-inscriptions-le-7-decembre\/#breadcrumb"},"inLanguage":"fr-FR","potentialAction":[{"@type":"ReadAction","target":["https:\/\/www.marocchallenge.com\/fr\/nous-ouvrons-les-inscriptions-le-7-decembre\/"]}]},{"@type":"ImageObject","inLanguage":"fr-FR","@id":"https:\/\/www.marocchallenge.com\/fr\/nous-ouvrons-les-inscriptions-le-7-decembre\/#primaryimage","url":"https:\/\/www.marocchallenge.com\/wp-content\/uploads\/2020\/12\/Spring-2021-1.jpg","contentUrl":"https:\/\/www.marocchallenge.com\/wp-content\/uploads\/2020\/12\/Spring-2021-1.jpg","width":1200,"height":675},{"@type":"BreadcrumbList","@id":"https:\/\/www.marocchallenge.com\/fr\/nous-ouvrons-les-inscriptions-le-7-decembre\/#breadcrumb","itemListElement":[{"@type":"ListItem","position":1,"name":"Portada","item":"https:\/\/www.marocchallenge.com\/fr\/"},{"@type":"ListItem","position":2,"name":"NOUS OUVRONS LES INSCRIPTIONS LE 7 D\u00c9CEMBRE !"}]},{"@type":"WebSite","@id":"https:\/\/www.marocchallenge.com\/fr\/#website","url":"https:\/\/www.marocchallenge.com\/fr\/","name":"Maroc Challenge","description":"Le Dakar des ann\u00e9es 70 pour les aventuriers d\u2019aujourd\u2019hui","publisher":{"@id":"https:\/\/www.marocchallenge.com\/fr\/#organization"},"potentialAction":[{"@type":"SearchAction","target":{"@type":"EntryPoint","urlTemplate":"https:\/\/www.marocchallenge.com\/fr\/?s={search_term_string}"},"query-input":{"@type":"PropertyValueSpecification","valueRequired":true,"valueName":"search_term_string"}}],"inLanguage":"fr-FR"},{"@type":"Organization","@id":"https:\/\/www.marocchallenge.com\/fr\/#organization","name":"Maroc Challenge - El Dakar de los 70's para los aventureros de hoy","url":"https:\/\/www.marocchallenge.com\/fr\/","logo":{"@type":"ImageObject","inLanguage":"fr-FR","@id":"https:\/\/www.marocchallenge.com\/fr\/#\/schema\/logo\/image\/","url":"https:\/\/www.marocchallenge.com\/wp-content\/uploads\/2020\/03\/Logo-Maroc_Challenge.png","contentUrl":"https:\/\/www.marocchallenge.com\/wp-content\/uploads\/2020\/03\/Logo-Maroc_Challenge.png","width":170,"height":96,"caption":"Maroc Challenge - El Dakar de los 70's para los aventureros de hoy"},"image":{"@id":"https:\/\/www.marocchallenge.com\/fr\/#\/schema\/logo\/image\/"},"sameAs":["https:\/\/www.facebook.com\/MarocChallenge\/","https:\/\/x.com\/marochallenge","https:\/\/www.instagram.com\/marocchallenge\/","https:\/\/www.linkedin.com\/company\/maroc-challenge","https:\/\/www.youtube.com\/user\/MarocChallenge"]},{"@type":"Person","@id":"https:\/\/www.marocchallenge.com\/fr\/#\/schema\/person\/298a597a188b0019416217b2301b9e10","name":"Rui Caba\u00e7o","image":{"@type":"ImageObject","inLanguage":"fr-FR","@id":"https:\/\/secure.gravatar.com\/avatar\/7ac3f434351cbd7875a5f064f6695a52ab4f6ffeb48c6bffb908c8e6f0e3bf73?s=96&d=mm&r=g","url":"https:\/\/secure.gravatar.com\/avatar\/7ac3f434351cbd7875a5f064f6695a52ab4f6ffeb48c6bffb908c8e6f0e3bf73?s=96&d=mm&r=g","contentUrl":"https:\/\/secure.gravatar.com\/avatar\/7ac3f434351cbd7875a5f064f6695a52ab4f6ffeb48c6bffb908c8e6f0e3bf73?s=96&d=mm&r=g","caption":"Rui Caba\u00e7o"}}]}},"_links":{"self":[{"href":"https:\/\/www.marocchallenge.com\/fr\/wp-json\/wp\/v2\/posts\/16192","targetHints":{"allow":["GET"]}}],"collection":[{"href":"https:\/\/www.marocchallenge.com\/fr\/wp-json\/wp\/v2\/posts"}],"about":[{"href":"https:\/\/www.marocchallenge.com\/fr\/wp-json\/wp\/v2\/types\/post"}],"author":[{"embeddable":true,"href":"https:\/\/www.marocchallenge.com\/fr\/wp-json\/wp\/v2\/users\/2"}],"replies":[{"embeddable":true,"href":"https:\/\/www.marocchallenge.com\/fr\/wp-json\/wp\/v2\/comments?post=16192"}],"version-history":[{"count":2,"href":"https:\/\/www.marocchallenge.com\/fr\/wp-json\/wp\/v2\/posts\/16192\/revisions"}],"predecessor-version":[{"id":16198,"href":"https:\/\/www.marocchallenge.com\/fr\/wp-json\/wp\/v2\/posts\/16192\/revisions\/16198"}],"wp:featuredmedia":[{"embeddable":true,"href":"https:\/\/www.marocchallenge.com\/fr\/wp-json\/wp\/v2\/media\/16185"}],"wp:attachment":[{"href":"https:\/\/www.marocchallenge.com\/fr\/wp-json\/wp\/v2\/media?parent=16192"}],"wp:term":[{"taxonomy":"category","embeddable":true,"href":"https:\/\/www.marocchallenge.com\/fr\/wp-json\/wp\/v2\/categories?post=16192"},{"taxonomy":"post_tag","embeddable":true,"href":"https:\/\/www.marocchallenge.com\/fr\/wp-json\/wp\/v2\/tags?post=16192"}],"curies":[{"name":"wp","href":"https:\/\/api.w.org\/{rel}","templated":true}]}}