{"id":16438,"date":"2021-04-09T16:58:05","date_gmt":"2021-04-09T16:58:05","guid":{"rendered":"https:\/\/www.marocchallenge.com\/se-aplaza-la-spring-2021\/"},"modified":"2021-04-09T17:03:33","modified_gmt":"2021-04-09T17:03:33","slug":"la-spring-2021-est-reportee","status":"publish","type":"post","link":"https:\/\/www.marocchallenge.com\/fr\/la-spring-2021-est-reportee\/","title":{"rendered":"LA SPRING 2021 EST REPORT\u00c9E"},"content":{"rendered":"<h2><img decoding=\"async\" class=\"alignnone wp-image-16433 size-full\" src=\"https:\/\/www.marocchallenge.com\/wp-content\/uploads\/2021\/04\/Spring-21.jpg\" alt=\"\" width=\"1200\" height=\"675\" srcset=\"https:\/\/www.marocchallenge.com\/wp-content\/uploads\/2021\/04\/Spring-21-200x113.jpg 200w, https:\/\/www.marocchallenge.com\/wp-content\/uploads\/2021\/04\/Spring-21-300x169.jpg 300w, https:\/\/www.marocchallenge.com\/wp-content\/uploads\/2021\/04\/Spring-21-400x225.jpg 400w, https:\/\/www.marocchallenge.com\/wp-content\/uploads\/2021\/04\/Spring-21-600x338.jpg 600w, https:\/\/www.marocchallenge.com\/wp-content\/uploads\/2021\/04\/Spring-21-768x432.jpg 768w, https:\/\/www.marocchallenge.com\/wp-content\/uploads\/2021\/04\/Spring-21-800x450.jpg 800w, https:\/\/www.marocchallenge.com\/wp-content\/uploads\/2021\/04\/Spring-21-1024x576.jpg 1024w, https:\/\/www.marocchallenge.com\/wp-content\/uploads\/2021\/04\/Spring-21.jpg 1200w\" sizes=\"(max-width: 1200px) 100vw, 1200px\" \/><\/h2>\n<h2>Apr\u00e8s avoir travaill\u00e9 intens\u00e9ment avec beaucoup d\u2019efforts et d\u2019illusion, nous avons \u00e9t\u00e9 oblig\u00e9s de reporter la Spring 2021 qui allait se c\u00e9l\u00e9brer du 28 mai au 5 juin.<\/h2>\n<p>Nous avons \u00e9t\u00e9 \u00e0 l\u2019expectative de l\u2019\u00e9volution de la pand\u00e9mie, suivant l\u2019incidence de celle-ci tant au Maroc qu\u2019en Espagne et en Europe, attendant jusqu\u2019au dernier moment pour prendre la mesure la plus correcte.<\/p>\n<p>Nous avons prolong\u00e9 au maximum le temps pour prendre une d\u00e9cision, mais \u00e0 cause des derni\u00e8res restrictions quant au trafic a\u00e9rien qui ont \u00e9t\u00e9 prises par le royaume du Maroc et au fait que les fronti\u00e8res maritimes sont toujours restreintes, plus les changements constants qui affectent aussi la circulation terrestre en Europe, nous n\u2019avons pas les garanties n\u00e9cessaires pour pouvoir c\u00e9l\u00e9brer la Spring 2021.<\/p>\n<p>\u00c0 partir de maintenant nous allons concentrer tous nos efforts \u00e0 commencer \u00e0 organiser la Winter 2021, et nous allons le faire avec l\u2019\u00e9lan qui nous caract\u00e9rise.<\/p>\n","protected":false},"excerpt":{"rendered":"<p>Apr\u00e8s avoir travaill\u00e9 intens\u00e9ment avec beaucoup d\u2019efforts et d\u2019illusion, nous<\/p>\n","protected":false},"author":2,"featured_media":16433,"comment_status":"closed","ping_status":"closed","sticky":false,"template":"","format":"standard","meta":{"footnotes":""},"categories":[91],"tags":[],"class_list":["post-16438","post","type-post","status-publish","format-standard","has-post-thumbnail","hentry","category-noticias-fr"],"yoast_head":"<!-- This site is optimized with the Yoast SEO plugin v27.4 - https:\/\/yoast.com\/product\/yoast-seo-wordpress\/ -->\n<title>LA SPRING 2021 EST REPORT\u00c9E - Maroc Challenge<\/title>\n<meta name=\"description\" content=\"Apr\u00e8s avoir travaill\u00e9 intens\u00e9ment avec beaucoup d\u2019efforts et d\u2019illusion, nous avons \u00e9t\u00e9 oblig\u00e9s de reporter la Spring 2021 qui allait se c\u00e9l\u00e9brer du 28 mai au 5 juin.\" \/>\n<meta name=\"robots\" content=\"index, follow, max-snippet:-1, max-image-preview:large, max-video-preview:-1\" \/>\n<link rel=\"canonical\" href=\"https:\/\/www.marocchallenge.com\/fr\/la-spring-2021-est-reportee\/\" \/>\n<meta property=\"og:locale\" content=\"fr_FR\" \/>\n<meta property=\"og:type\" content=\"article\" \/>\n<meta property=\"og:title\" content=\"LA SPRING 2021 EST REPORT\u00c9E - Maroc Challenge\" \/>\n<meta property=\"og:description\" content=\"Apr\u00e8s avoir travaill\u00e9 intens\u00e9ment avec beaucoup d\u2019efforts et d\u2019illusion, nous avons \u00e9t\u00e9 oblig\u00e9s de reporter la Spring 2021 qui allait se c\u00e9l\u00e9brer du 28 mai au 5 juin.\" \/>\n<meta property=\"og:url\" content=\"https:\/\/www.marocchallenge.com\/fr\/la-spring-2021-est-reportee\/\" \/>\n<meta property=\"og:site_name\" content=\"Maroc Challenge\" \/>\n<meta property=\"article:publisher\" content=\"https:\/\/www.facebook.com\/MarocChallenge\/\" \/>\n<meta property=\"article:published_time\" content=\"2021-04-09T16:58:05+00:00\" \/>\n<meta property=\"article:modified_time\" content=\"2021-04-09T17:03:33+00:00\" \/>\n<meta property=\"og:image\" content=\"https:\/\/www.marocchallenge.com\/wp-content\/uploads\/2021\/04\/Spring-21.jpg\" \/>\n\t<meta property=\"og:image:width\" content=\"1200\" \/>\n\t<meta property=\"og:image:height\" content=\"675\" \/>\n\t<meta property=\"og:image:type\" content=\"image\/jpeg\" \/>\n<meta name=\"author\" content=\"Rui Caba\u00e7o\" \/>\n<meta name=\"twitter:card\" content=\"summary_large_image\" \/>\n<meta name=\"twitter:creator\" content=\"@marochallenge\" \/>\n<meta name=\"twitter:site\" content=\"@marochallenge\" \/>\n<meta name=\"twitter:label1\" content=\"\u00c9crit par\" \/>\n\t<meta name=\"twitter:data1\" content=\"Rui Caba\u00e7o\" \/>\n\t<meta name=\"twitter:label2\" content=\"Dur\u00e9e de lecture estim\u00e9e\" \/>\n\t<meta name=\"twitter:data2\" content=\"1 minute\" \/>\n<script type=\"application\/ld+json\" class=\"yoast-schema-graph\">{\"@context\":\"https:\\\/\\\/schema.org\",\"@graph\":[{\"@type\":\"Article\",\"@id\":\"https:\\\/\\\/www.marocchallenge.com\\\/fr\\\/la-spring-2021-est-reportee\\\/#article\",\"isPartOf\":{\"@id\":\"https:\\\/\\\/www.marocchallenge.com\\\/fr\\\/la-spring-2021-est-reportee\\\/\"},\"author\":{\"name\":\"Rui Caba\u00e7o\",\"@id\":\"https:\\\/\\\/www.marocchallenge.com\\\/fr\\\/#\\\/schema\\\/person\\\/298a597a188b0019416217b2301b9e10\"},\"headline\":\"LA SPRING 2021 EST REPORT\u00c9E\",\"datePublished\":\"2021-04-09T16:58:05+00:00\",\"dateModified\":\"2021-04-09T17:03:33+00:00\",\"mainEntityOfPage\":{\"@id\":\"https:\\\/\\\/www.marocchallenge.com\\\/fr\\\/la-spring-2021-est-reportee\\\/\"},\"wordCount\":170,\"publisher\":{\"@id\":\"https:\\\/\\\/www.marocchallenge.com\\\/fr\\\/#organization\"},\"image\":{\"@id\":\"https:\\\/\\\/www.marocchallenge.com\\\/fr\\\/la-spring-2021-est-reportee\\\/#primaryimage\"},\"thumbnailUrl\":\"https:\\\/\\\/www.marocchallenge.com\\\/wp-content\\\/uploads\\\/2021\\\/04\\\/Spring-21.jpg\",\"articleSection\":[\"Noticias\"],\"inLanguage\":\"fr-FR\"},{\"@type\":\"WebPage\",\"@id\":\"https:\\\/\\\/www.marocchallenge.com\\\/fr\\\/la-spring-2021-est-reportee\\\/\",\"url\":\"https:\\\/\\\/www.marocchallenge.com\\\/fr\\\/la-spring-2021-est-reportee\\\/\",\"name\":\"LA SPRING 2021 EST REPORT\u00c9E - Maroc Challenge\",\"isPartOf\":{\"@id\":\"https:\\\/\\\/www.marocchallenge.com\\\/fr\\\/#website\"},\"primaryImageOfPage\":{\"@id\":\"https:\\\/\\\/www.marocchallenge.com\\\/fr\\\/la-spring-2021-est-reportee\\\/#primaryimage\"},\"image\":{\"@id\":\"https:\\\/\\\/www.marocchallenge.com\\\/fr\\\/la-spring-2021-est-reportee\\\/#primaryimage\"},\"thumbnailUrl\":\"https:\\\/\\\/www.marocchallenge.com\\\/wp-content\\\/uploads\\\/2021\\\/04\\\/Spring-21.jpg\",\"datePublished\":\"2021-04-09T16:58:05+00:00\",\"dateModified\":\"2021-04-09T17:03:33+00:00\",\"description\":\"Apr\u00e8s avoir travaill\u00e9 intens\u00e9ment avec beaucoup d\u2019efforts et d\u2019illusion, nous avons \u00e9t\u00e9 oblig\u00e9s de reporter la Spring 2021 qui allait se c\u00e9l\u00e9brer du 28 mai au 5 juin.\",\"breadcrumb\":{\"@id\":\"https:\\\/\\\/www.marocchallenge.com\\\/fr\\\/la-spring-2021-est-reportee\\\/#breadcrumb\"},\"inLanguage\":\"fr-FR\",\"potentialAction\":[{\"@type\":\"ReadAction\",\"target\":[\"https:\\\/\\\/www.marocchallenge.com\\\/fr\\\/la-spring-2021-est-reportee\\\/\"]}]},{\"@type\":\"ImageObject\",\"inLanguage\":\"fr-FR\",\"@id\":\"https:\\\/\\\/www.marocchallenge.com\\\/fr\\\/la-spring-2021-est-reportee\\\/#primaryimage\",\"url\":\"https:\\\/\\\/www.marocchallenge.com\\\/wp-content\\\/uploads\\\/2021\\\/04\\\/Spring-21.jpg\",\"contentUrl\":\"https:\\\/\\\/www.marocchallenge.com\\\/wp-content\\\/uploads\\\/2021\\\/04\\\/Spring-21.jpg\",\"width\":1200,\"height\":675},{\"@type\":\"BreadcrumbList\",\"@id\":\"https:\\\/\\\/www.marocchallenge.com\\\/fr\\\/la-spring-2021-est-reportee\\\/#breadcrumb\",\"itemListElement\":[{\"@type\":\"ListItem\",\"position\":1,\"name\":\"Portada\",\"item\":\"https:\\\/\\\/www.marocchallenge.com\\\/fr\\\/\"},{\"@type\":\"ListItem\",\"position\":2,\"name\":\"LA SPRING 2021 EST REPORT\u00c9E\"}]},{\"@type\":\"WebSite\",\"@id\":\"https:\\\/\\\/www.marocchallenge.com\\\/fr\\\/#website\",\"url\":\"https:\\\/\\\/www.marocchallenge.com\\\/fr\\\/\",\"name\":\"Maroc Challenge\",\"description\":\"Le Dakar des ann\u00e9es 70 pour les aventuriers d\u2019aujourd\u2019hui\",\"publisher\":{\"@id\":\"https:\\\/\\\/www.marocchallenge.com\\\/fr\\\/#organization\"},\"potentialAction\":[{\"@type\":\"SearchAction\",\"target\":{\"@type\":\"EntryPoint\",\"urlTemplate\":\"https:\\\/\\\/www.marocchallenge.com\\\/fr\\\/?s={search_term_string}\"},\"query-input\":{\"@type\":\"PropertyValueSpecification\",\"valueRequired\":true,\"valueName\":\"search_term_string\"}}],\"inLanguage\":\"fr-FR\"},{\"@type\":\"Organization\",\"@id\":\"https:\\\/\\\/www.marocchallenge.com\\\/fr\\\/#organization\",\"name\":\"Maroc Challenge - El Dakar de los 70's para los aventureros de hoy\",\"url\":\"https:\\\/\\\/www.marocchallenge.com\\\/fr\\\/\",\"logo\":{\"@type\":\"ImageObject\",\"inLanguage\":\"fr-FR\",\"@id\":\"https:\\\/\\\/www.marocchallenge.com\\\/fr\\\/#\\\/schema\\\/logo\\\/image\\\/\",\"url\":\"https:\\\/\\\/www.marocchallenge.com\\\/wp-content\\\/uploads\\\/2020\\\/03\\\/Logo-Maroc_Challenge.png\",\"contentUrl\":\"https:\\\/\\\/www.marocchallenge.com\\\/wp-content\\\/uploads\\\/2020\\\/03\\\/Logo-Maroc_Challenge.png\",\"width\":170,\"height\":96,\"caption\":\"Maroc Challenge - El Dakar de los 70's para los aventureros de hoy\"},\"image\":{\"@id\":\"https:\\\/\\\/www.marocchallenge.com\\\/fr\\\/#\\\/schema\\\/logo\\\/image\\\/\"},\"sameAs\":[\"https:\\\/\\\/www.facebook.com\\\/MarocChallenge\\\/\",\"https:\\\/\\\/x.com\\\/marochallenge\",\"https:\\\/\\\/www.instagram.com\\\/marocchallenge\\\/\",\"https:\\\/\\\/www.linkedin.com\\\/company\\\/maroc-challenge\",\"https:\\\/\\\/www.youtube.com\\\/user\\\/MarocChallenge\"]},{\"@type\":\"Person\",\"@id\":\"https:\\\/\\\/www.marocchallenge.com\\\/fr\\\/#\\\/schema\\\/person\\\/298a597a188b0019416217b2301b9e10\",\"name\":\"Rui Caba\u00e7o\",\"image\":{\"@type\":\"ImageObject\",\"inLanguage\":\"fr-FR\",\"@id\":\"https:\\\/\\\/secure.gravatar.com\\\/avatar\\\/7ac3f434351cbd7875a5f064f6695a52ab4f6ffeb48c6bffb908c8e6f0e3bf73?s=96&d=mm&r=g\",\"url\":\"https:\\\/\\\/secure.gravatar.com\\\/avatar\\\/7ac3f434351cbd7875a5f064f6695a52ab4f6ffeb48c6bffb908c8e6f0e3bf73?s=96&d=mm&r=g\",\"contentUrl\":\"https:\\\/\\\/secure.gravatar.com\\\/avatar\\\/7ac3f434351cbd7875a5f064f6695a52ab4f6ffeb48c6bffb908c8e6f0e3bf73?s=96&d=mm&r=g\",\"caption\":\"Rui Caba\u00e7o\"}}]}<\/script>\n<!-- \/ Yoast SEO plugin. -->","yoast_head_json":{"title":"LA SPRING 2021 EST REPORT\u00c9E - Maroc Challenge","description":"Apr\u00e8s avoir travaill\u00e9 intens\u00e9ment avec beaucoup d\u2019efforts et d\u2019illusion, nous avons \u00e9t\u00e9 oblig\u00e9s de reporter la Spring 2021 qui allait se c\u00e9l\u00e9brer du 28 mai au 5 juin.","robots":{"index":"index","follow":"follow","max-snippet":"max-snippet:-1","max-image-preview":"max-image-preview:large","max-video-preview":"max-video-preview:-1"},"canonical":"https:\/\/www.marocchallenge.com\/fr\/la-spring-2021-est-reportee\/","og_locale":"fr_FR","og_type":"article","og_title":"LA SPRING 2021 EST REPORT\u00c9E - Maroc Challenge","og_description":"Apr\u00e8s avoir travaill\u00e9 intens\u00e9ment avec beaucoup d\u2019efforts et d\u2019illusion, nous avons \u00e9t\u00e9 oblig\u00e9s de reporter la Spring 2021 qui allait se c\u00e9l\u00e9brer du 28 mai au 5 juin.","og_url":"https:\/\/www.marocchallenge.com\/fr\/la-spring-2021-est-reportee\/","og_site_name":"Maroc Challenge","article_publisher":"https:\/\/www.facebook.com\/MarocChallenge\/","article_published_time":"2021-04-09T16:58:05+00:00","article_modified_time":"2021-04-09T17:03:33+00:00","og_image":[{"width":1200,"height":675,"url":"https:\/\/www.marocchallenge.com\/wp-content\/uploads\/2021\/04\/Spring-21.jpg","type":"image\/jpeg"}],"author":"Rui Caba\u00e7o","twitter_card":"summary_large_image","twitter_creator":"@marochallenge","twitter_site":"@marochallenge","twitter_misc":{"\u00c9crit par":"Rui Caba\u00e7o","Dur\u00e9e de lecture estim\u00e9e":"1 minute"},"schema":{"@context":"https:\/\/schema.org","@graph":[{"@type":"Article","@id":"https:\/\/www.marocchallenge.com\/fr\/la-spring-2021-est-reportee\/#article","isPartOf":{"@id":"https:\/\/www.marocchallenge.com\/fr\/la-spring-2021-est-reportee\/"},"author":{"name":"Rui Caba\u00e7o","@id":"https:\/\/www.marocchallenge.com\/fr\/#\/schema\/person\/298a597a188b0019416217b2301b9e10"},"headline":"LA SPRING 2021 EST REPORT\u00c9E","datePublished":"2021-04-09T16:58:05+00:00","dateModified":"2021-04-09T17:03:33+00:00","mainEntityOfPage":{"@id":"https:\/\/www.marocchallenge.com\/fr\/la-spring-2021-est-reportee\/"},"wordCount":170,"publisher":{"@id":"https:\/\/www.marocchallenge.com\/fr\/#organization"},"image":{"@id":"https:\/\/www.marocchallenge.com\/fr\/la-spring-2021-est-reportee\/#primaryimage"},"thumbnailUrl":"https:\/\/www.marocchallenge.com\/wp-content\/uploads\/2021\/04\/Spring-21.jpg","articleSection":["Noticias"],"inLanguage":"fr-FR"},{"@type":"WebPage","@id":"https:\/\/www.marocchallenge.com\/fr\/la-spring-2021-est-reportee\/","url":"https:\/\/www.marocchallenge.com\/fr\/la-spring-2021-est-reportee\/","name":"LA SPRING 2021 EST REPORT\u00c9E - Maroc Challenge","isPartOf":{"@id":"https:\/\/www.marocchallenge.com\/fr\/#website"},"primaryImageOfPage":{"@id":"https:\/\/www.marocchallenge.com\/fr\/la-spring-2021-est-reportee\/#primaryimage"},"image":{"@id":"https:\/\/www.marocchallenge.com\/fr\/la-spring-2021-est-reportee\/#primaryimage"},"thumbnailUrl":"https:\/\/www.marocchallenge.com\/wp-content\/uploads\/2021\/04\/Spring-21.jpg","datePublished":"2021-04-09T16:58:05+00:00","dateModified":"2021-04-09T17:03:33+00:00","description":"Apr\u00e8s avoir travaill\u00e9 intens\u00e9ment avec beaucoup d\u2019efforts et d\u2019illusion, nous avons \u00e9t\u00e9 oblig\u00e9s de reporter la Spring 2021 qui allait se c\u00e9l\u00e9brer du 28 mai au 5 juin.","breadcrumb":{"@id":"https:\/\/www.marocchallenge.com\/fr\/la-spring-2021-est-reportee\/#breadcrumb"},"inLanguage":"fr-FR","potentialAction":[{"@type":"ReadAction","target":["https:\/\/www.marocchallenge.com\/fr\/la-spring-2021-est-reportee\/"]}]},{"@type":"ImageObject","inLanguage":"fr-FR","@id":"https:\/\/www.marocchallenge.com\/fr\/la-spring-2021-est-reportee\/#primaryimage","url":"https:\/\/www.marocchallenge.com\/wp-content\/uploads\/2021\/04\/Spring-21.jpg","contentUrl":"https:\/\/www.marocchallenge.com\/wp-content\/uploads\/2021\/04\/Spring-21.jpg","width":1200,"height":675},{"@type":"BreadcrumbList","@id":"https:\/\/www.marocchallenge.com\/fr\/la-spring-2021-est-reportee\/#breadcrumb","itemListElement":[{"@type":"ListItem","position":1,"name":"Portada","item":"https:\/\/www.marocchallenge.com\/fr\/"},{"@type":"ListItem","position":2,"name":"LA SPRING 2021 EST REPORT\u00c9E"}]},{"@type":"WebSite","@id":"https:\/\/www.marocchallenge.com\/fr\/#website","url":"https:\/\/www.marocchallenge.com\/fr\/","name":"Maroc Challenge","description":"Le Dakar des ann\u00e9es 70 pour les aventuriers d\u2019aujourd\u2019hui","publisher":{"@id":"https:\/\/www.marocchallenge.com\/fr\/#organization"},"potentialAction":[{"@type":"SearchAction","target":{"@type":"EntryPoint","urlTemplate":"https:\/\/www.marocchallenge.com\/fr\/?s={search_term_string}"},"query-input":{"@type":"PropertyValueSpecification","valueRequired":true,"valueName":"search_term_string"}}],"inLanguage":"fr-FR"},{"@type":"Organization","@id":"https:\/\/www.marocchallenge.com\/fr\/#organization","name":"Maroc Challenge - El Dakar de los 70's para los aventureros de hoy","url":"https:\/\/www.marocchallenge.com\/fr\/","logo":{"@type":"ImageObject","inLanguage":"fr-FR","@id":"https:\/\/www.marocchallenge.com\/fr\/#\/schema\/logo\/image\/","url":"https:\/\/www.marocchallenge.com\/wp-content\/uploads\/2020\/03\/Logo-Maroc_Challenge.png","contentUrl":"https:\/\/www.marocchallenge.com\/wp-content\/uploads\/2020\/03\/Logo-Maroc_Challenge.png","width":170,"height":96,"caption":"Maroc Challenge - El Dakar de los 70's para los aventureros de hoy"},"image":{"@id":"https:\/\/www.marocchallenge.com\/fr\/#\/schema\/logo\/image\/"},"sameAs":["https:\/\/www.facebook.com\/MarocChallenge\/","https:\/\/x.com\/marochallenge","https:\/\/www.instagram.com\/marocchallenge\/","https:\/\/www.linkedin.com\/company\/maroc-challenge","https:\/\/www.youtube.com\/user\/MarocChallenge"]},{"@type":"Person","@id":"https:\/\/www.marocchallenge.com\/fr\/#\/schema\/person\/298a597a188b0019416217b2301b9e10","name":"Rui Caba\u00e7o","image":{"@type":"ImageObject","inLanguage":"fr-FR","@id":"https:\/\/secure.gravatar.com\/avatar\/7ac3f434351cbd7875a5f064f6695a52ab4f6ffeb48c6bffb908c8e6f0e3bf73?s=96&d=mm&r=g","url":"https:\/\/secure.gravatar.com\/avatar\/7ac3f434351cbd7875a5f064f6695a52ab4f6ffeb48c6bffb908c8e6f0e3bf73?s=96&d=mm&r=g","contentUrl":"https:\/\/secure.gravatar.com\/avatar\/7ac3f434351cbd7875a5f064f6695a52ab4f6ffeb48c6bffb908c8e6f0e3bf73?s=96&d=mm&r=g","caption":"Rui Caba\u00e7o"}}]}},"_links":{"self":[{"href":"https:\/\/www.marocchallenge.com\/fr\/wp-json\/wp\/v2\/posts\/16438","targetHints":{"allow":["GET"]}}],"collection":[{"href":"https:\/\/www.marocchallenge.com\/fr\/wp-json\/wp\/v2\/posts"}],"about":[{"href":"https:\/\/www.marocchallenge.com\/fr\/wp-json\/wp\/v2\/types\/post"}],"author":[{"embeddable":true,"href":"https:\/\/www.marocchallenge.com\/fr\/wp-json\/wp\/v2\/users\/2"}],"replies":[{"embeddable":true,"href":"https:\/\/www.marocchallenge.com\/fr\/wp-json\/wp\/v2\/comments?post=16438"}],"version-history":[{"count":2,"href":"https:\/\/www.marocchallenge.com\/fr\/wp-json\/wp\/v2\/posts\/16438\/revisions"}],"predecessor-version":[{"id":16444,"href":"https:\/\/www.marocchallenge.com\/fr\/wp-json\/wp\/v2\/posts\/16438\/revisions\/16444"}],"wp:featuredmedia":[{"embeddable":true,"href":"https:\/\/www.marocchallenge.com\/fr\/wp-json\/wp\/v2\/media\/16433"}],"wp:attachment":[{"href":"https:\/\/www.marocchallenge.com\/fr\/wp-json\/wp\/v2\/media?parent=16438"}],"wp:term":[{"taxonomy":"category","embeddable":true,"href":"https:\/\/www.marocchallenge.com\/fr\/wp-json\/wp\/v2\/categories?post=16438"},{"taxonomy":"post_tag","embeddable":true,"href":"https:\/\/www.marocchallenge.com\/fr\/wp-json\/wp\/v2\/tags?post=16438"}],"curies":[{"name":"wp","href":"https:\/\/api.w.org\/{rel}","templated":true}]}}