{"id":17403,"date":"2021-09-24T15:32:43","date_gmt":"2021-09-24T15:32:43","guid":{"rendered":"https:\/\/www.marocchallenge.com\/reconocimientos-winter-2021\/"},"modified":"2021-09-24T15:39:33","modified_gmt":"2021-09-24T15:39:33","slug":"reconnaissances-winter-2021","status":"publish","type":"post","link":"https:\/\/www.marocchallenge.com\/fr\/reconnaissances-winter-2021\/","title":{"rendered":"RECONNAISSANCES WINTER 2021"},"content":{"rendered":"<h2><img decoding=\"async\" class=\"alignnone size-full wp-image-17398\" src=\"https:\/\/www.marocchallenge.com\/wp-content\/uploads\/2021\/09\/Winter-2021-News6-1.jpg\" alt=\"\" width=\"1200\" height=\"675\" srcset=\"https:\/\/www.marocchallenge.com\/wp-content\/uploads\/2021\/09\/Winter-2021-News6-1-200x113.jpg 200w, https:\/\/www.marocchallenge.com\/wp-content\/uploads\/2021\/09\/Winter-2021-News6-1-300x169.jpg 300w, https:\/\/www.marocchallenge.com\/wp-content\/uploads\/2021\/09\/Winter-2021-News6-1-400x225.jpg 400w, https:\/\/www.marocchallenge.com\/wp-content\/uploads\/2021\/09\/Winter-2021-News6-1-600x338.jpg 600w, https:\/\/www.marocchallenge.com\/wp-content\/uploads\/2021\/09\/Winter-2021-News6-1-768x432.jpg 768w, https:\/\/www.marocchallenge.com\/wp-content\/uploads\/2021\/09\/Winter-2021-News6-1-800x450.jpg 800w, https:\/\/www.marocchallenge.com\/wp-content\/uploads\/2021\/09\/Winter-2021-News6-1-1024x576.jpg 1024w, https:\/\/www.marocchallenge.com\/wp-content\/uploads\/2021\/09\/Winter-2021-News6-1.jpg 1200w\" sizes=\"(max-width: 1200px) 100vw, 1200px\" \/><\/h2>\n<h2>On a fix\u00e9 la date pour les reconnaissances pour la Winter 2021 qui se r\u00e9aliseront d\u00e9but novembre.<\/h2>\n<p>Deux ans apr\u00e8s les derni\u00e8res reconnaissances que nous avions effectu\u00e9es, l\u2019envie de revenir au Maroc est \u00e9norme et nous sommes impatients de parcourir \u00e0 nouveau ses pistes. Nous sommes aussi tr\u00e8s impatients de nous retrouver avec nos amis et collaborateurs de la Maroc Challenge.<\/p>\n<p>L\u2019importante participation de la Winter 2021, qui se disputera du 3 au 11 d\u00e9cembre, fait que ces reconnaissances soient un peu diff\u00e9rentes de celles que nous r\u00e9alisons d\u2019habitude, mais ce sont des d\u00e9tails que nous actualiserons tout au long des prochaines semaines. Nous pouvons d\u00e9j\u00e0 vous annoncer que, comme d\u2019habitude vous pourrez les suivre sur les r\u00e9seaux sociaux.<\/p>\n<p>Le compte \u00e0 rebours pour la Winter 2021 a commenc\u00e9, restez attentifs \u00e0 toutes les nouveaut\u00e9s de cette \u00e9dition unique, que nous vous d\u00e9voilerons \u00e0 mesure que le jour tant attendu du d\u00e9part approche.<\/p>\n","protected":false},"excerpt":{"rendered":"<p>On a fix\u00e9 la date pour les reconnaissances pour la<\/p>\n","protected":false},"author":2,"featured_media":17398,"comment_status":"closed","ping_status":"closed","sticky":false,"template":"","format":"standard","meta":{"footnotes":""},"categories":[91],"tags":[],"class_list":["post-17403","post","type-post","status-publish","format-standard","has-post-thumbnail","hentry","category-noticias-fr"],"yoast_head":"<!-- This site is optimized with the Yoast SEO plugin v27.4 - https:\/\/yoast.com\/product\/yoast-seo-wordpress\/ -->\n<title>RECONNAISSANCES WINTER 2021 - Maroc Challenge<\/title>\n<meta name=\"description\" content=\"On a fix\u00e9 la date pour les reconnaissances pour la Winter 2021 qui se r\u00e9aliseront d\u00e9but novembre.\" \/>\n<meta name=\"robots\" content=\"index, follow, max-snippet:-1, max-image-preview:large, max-video-preview:-1\" \/>\n<link rel=\"canonical\" href=\"https:\/\/www.marocchallenge.com\/fr\/reconnaissances-winter-2021\/\" \/>\n<meta property=\"og:locale\" content=\"fr_FR\" \/>\n<meta property=\"og:type\" content=\"article\" \/>\n<meta property=\"og:title\" content=\"RECONNAISSANCES WINTER 2021 - Maroc Challenge\" \/>\n<meta property=\"og:description\" content=\"On a fix\u00e9 la date pour les reconnaissances pour la Winter 2021 qui se r\u00e9aliseront d\u00e9but novembre.\" \/>\n<meta property=\"og:url\" content=\"https:\/\/www.marocchallenge.com\/fr\/reconnaissances-winter-2021\/\" \/>\n<meta property=\"og:site_name\" content=\"Maroc Challenge\" \/>\n<meta property=\"article:publisher\" content=\"https:\/\/www.facebook.com\/MarocChallenge\/\" \/>\n<meta property=\"article:published_time\" content=\"2021-09-24T15:32:43+00:00\" \/>\n<meta property=\"article:modified_time\" content=\"2021-09-24T15:39:33+00:00\" \/>\n<meta property=\"og:image\" content=\"https:\/\/www.marocchallenge.com\/wp-content\/uploads\/2021\/09\/Winter-2021-News6-1.jpg\" \/>\n\t<meta property=\"og:image:width\" content=\"1200\" \/>\n\t<meta property=\"og:image:height\" content=\"675\" \/>\n\t<meta property=\"og:image:type\" content=\"image\/jpeg\" \/>\n<meta name=\"author\" content=\"Rui Caba\u00e7o\" \/>\n<meta name=\"twitter:card\" content=\"summary_large_image\" \/>\n<meta name=\"twitter:creator\" content=\"@marochallenge\" \/>\n<meta name=\"twitter:site\" content=\"@marochallenge\" \/>\n<meta name=\"twitter:label1\" content=\"\u00c9crit par\" \/>\n\t<meta name=\"twitter:data1\" content=\"Rui Caba\u00e7o\" \/>\n\t<meta name=\"twitter:label2\" content=\"Dur\u00e9e de lecture estim\u00e9e\" \/>\n\t<meta name=\"twitter:data2\" content=\"1 minute\" \/>\n<script type=\"application\/ld+json\" class=\"yoast-schema-graph\">{\"@context\":\"https:\\\/\\\/schema.org\",\"@graph\":[{\"@type\":\"Article\",\"@id\":\"https:\\\/\\\/www.marocchallenge.com\\\/fr\\\/reconnaissances-winter-2021\\\/#article\",\"isPartOf\":{\"@id\":\"https:\\\/\\\/www.marocchallenge.com\\\/fr\\\/reconnaissances-winter-2021\\\/\"},\"author\":{\"name\":\"Rui Caba\u00e7o\",\"@id\":\"https:\\\/\\\/www.marocchallenge.com\\\/fr\\\/#\\\/schema\\\/person\\\/298a597a188b0019416217b2301b9e10\"},\"headline\":\"RECONNAISSANCES WINTER 2021\",\"datePublished\":\"2021-09-24T15:32:43+00:00\",\"dateModified\":\"2021-09-24T15:39:33+00:00\",\"mainEntityOfPage\":{\"@id\":\"https:\\\/\\\/www.marocchallenge.com\\\/fr\\\/reconnaissances-winter-2021\\\/\"},\"wordCount\":165,\"publisher\":{\"@id\":\"https:\\\/\\\/www.marocchallenge.com\\\/fr\\\/#organization\"},\"image\":{\"@id\":\"https:\\\/\\\/www.marocchallenge.com\\\/fr\\\/reconnaissances-winter-2021\\\/#primaryimage\"},\"thumbnailUrl\":\"https:\\\/\\\/www.marocchallenge.com\\\/wp-content\\\/uploads\\\/2021\\\/09\\\/Winter-2021-News6-1.jpg\",\"articleSection\":[\"Noticias\"],\"inLanguage\":\"fr-FR\"},{\"@type\":\"WebPage\",\"@id\":\"https:\\\/\\\/www.marocchallenge.com\\\/fr\\\/reconnaissances-winter-2021\\\/\",\"url\":\"https:\\\/\\\/www.marocchallenge.com\\\/fr\\\/reconnaissances-winter-2021\\\/\",\"name\":\"RECONNAISSANCES WINTER 2021 - Maroc Challenge\",\"isPartOf\":{\"@id\":\"https:\\\/\\\/www.marocchallenge.com\\\/fr\\\/#website\"},\"primaryImageOfPage\":{\"@id\":\"https:\\\/\\\/www.marocchallenge.com\\\/fr\\\/reconnaissances-winter-2021\\\/#primaryimage\"},\"image\":{\"@id\":\"https:\\\/\\\/www.marocchallenge.com\\\/fr\\\/reconnaissances-winter-2021\\\/#primaryimage\"},\"thumbnailUrl\":\"https:\\\/\\\/www.marocchallenge.com\\\/wp-content\\\/uploads\\\/2021\\\/09\\\/Winter-2021-News6-1.jpg\",\"datePublished\":\"2021-09-24T15:32:43+00:00\",\"dateModified\":\"2021-09-24T15:39:33+00:00\",\"description\":\"On a fix\u00e9 la date pour les reconnaissances pour la Winter 2021 qui se r\u00e9aliseront d\u00e9but novembre.\",\"breadcrumb\":{\"@id\":\"https:\\\/\\\/www.marocchallenge.com\\\/fr\\\/reconnaissances-winter-2021\\\/#breadcrumb\"},\"inLanguage\":\"fr-FR\",\"potentialAction\":[{\"@type\":\"ReadAction\",\"target\":[\"https:\\\/\\\/www.marocchallenge.com\\\/fr\\\/reconnaissances-winter-2021\\\/\"]}]},{\"@type\":\"ImageObject\",\"inLanguage\":\"fr-FR\",\"@id\":\"https:\\\/\\\/www.marocchallenge.com\\\/fr\\\/reconnaissances-winter-2021\\\/#primaryimage\",\"url\":\"https:\\\/\\\/www.marocchallenge.com\\\/wp-content\\\/uploads\\\/2021\\\/09\\\/Winter-2021-News6-1.jpg\",\"contentUrl\":\"https:\\\/\\\/www.marocchallenge.com\\\/wp-content\\\/uploads\\\/2021\\\/09\\\/Winter-2021-News6-1.jpg\",\"width\":1200,\"height\":675},{\"@type\":\"BreadcrumbList\",\"@id\":\"https:\\\/\\\/www.marocchallenge.com\\\/fr\\\/reconnaissances-winter-2021\\\/#breadcrumb\",\"itemListElement\":[{\"@type\":\"ListItem\",\"position\":1,\"name\":\"Portada\",\"item\":\"https:\\\/\\\/www.marocchallenge.com\\\/fr\\\/\"},{\"@type\":\"ListItem\",\"position\":2,\"name\":\"RECONNAISSANCES WINTER 2021\"}]},{\"@type\":\"WebSite\",\"@id\":\"https:\\\/\\\/www.marocchallenge.com\\\/fr\\\/#website\",\"url\":\"https:\\\/\\\/www.marocchallenge.com\\\/fr\\\/\",\"name\":\"Maroc Challenge\",\"description\":\"Le Dakar des ann\u00e9es 70 pour les aventuriers d\u2019aujourd\u2019hui\",\"publisher\":{\"@id\":\"https:\\\/\\\/www.marocchallenge.com\\\/fr\\\/#organization\"},\"potentialAction\":[{\"@type\":\"SearchAction\",\"target\":{\"@type\":\"EntryPoint\",\"urlTemplate\":\"https:\\\/\\\/www.marocchallenge.com\\\/fr\\\/?s={search_term_string}\"},\"query-input\":{\"@type\":\"PropertyValueSpecification\",\"valueRequired\":true,\"valueName\":\"search_term_string\"}}],\"inLanguage\":\"fr-FR\"},{\"@type\":\"Organization\",\"@id\":\"https:\\\/\\\/www.marocchallenge.com\\\/fr\\\/#organization\",\"name\":\"Maroc Challenge - El Dakar de los 70's para los aventureros de hoy\",\"url\":\"https:\\\/\\\/www.marocchallenge.com\\\/fr\\\/\",\"logo\":{\"@type\":\"ImageObject\",\"inLanguage\":\"fr-FR\",\"@id\":\"https:\\\/\\\/www.marocchallenge.com\\\/fr\\\/#\\\/schema\\\/logo\\\/image\\\/\",\"url\":\"https:\\\/\\\/www.marocchallenge.com\\\/wp-content\\\/uploads\\\/2020\\\/03\\\/Logo-Maroc_Challenge.png\",\"contentUrl\":\"https:\\\/\\\/www.marocchallenge.com\\\/wp-content\\\/uploads\\\/2020\\\/03\\\/Logo-Maroc_Challenge.png\",\"width\":170,\"height\":96,\"caption\":\"Maroc Challenge - El Dakar de los 70's para los aventureros de hoy\"},\"image\":{\"@id\":\"https:\\\/\\\/www.marocchallenge.com\\\/fr\\\/#\\\/schema\\\/logo\\\/image\\\/\"},\"sameAs\":[\"https:\\\/\\\/www.facebook.com\\\/MarocChallenge\\\/\",\"https:\\\/\\\/x.com\\\/marochallenge\",\"https:\\\/\\\/www.instagram.com\\\/marocchallenge\\\/\",\"https:\\\/\\\/www.linkedin.com\\\/company\\\/maroc-challenge\",\"https:\\\/\\\/www.youtube.com\\\/user\\\/MarocChallenge\"]},{\"@type\":\"Person\",\"@id\":\"https:\\\/\\\/www.marocchallenge.com\\\/fr\\\/#\\\/schema\\\/person\\\/298a597a188b0019416217b2301b9e10\",\"name\":\"Rui Caba\u00e7o\",\"image\":{\"@type\":\"ImageObject\",\"inLanguage\":\"fr-FR\",\"@id\":\"https:\\\/\\\/secure.gravatar.com\\\/avatar\\\/7ac3f434351cbd7875a5f064f6695a52ab4f6ffeb48c6bffb908c8e6f0e3bf73?s=96&d=mm&r=g\",\"url\":\"https:\\\/\\\/secure.gravatar.com\\\/avatar\\\/7ac3f434351cbd7875a5f064f6695a52ab4f6ffeb48c6bffb908c8e6f0e3bf73?s=96&d=mm&r=g\",\"contentUrl\":\"https:\\\/\\\/secure.gravatar.com\\\/avatar\\\/7ac3f434351cbd7875a5f064f6695a52ab4f6ffeb48c6bffb908c8e6f0e3bf73?s=96&d=mm&r=g\",\"caption\":\"Rui Caba\u00e7o\"}}]}<\/script>\n<!-- \/ Yoast SEO plugin. -->","yoast_head_json":{"title":"RECONNAISSANCES WINTER 2021 - Maroc Challenge","description":"On a fix\u00e9 la date pour les reconnaissances pour la Winter 2021 qui se r\u00e9aliseront d\u00e9but novembre.","robots":{"index":"index","follow":"follow","max-snippet":"max-snippet:-1","max-image-preview":"max-image-preview:large","max-video-preview":"max-video-preview:-1"},"canonical":"https:\/\/www.marocchallenge.com\/fr\/reconnaissances-winter-2021\/","og_locale":"fr_FR","og_type":"article","og_title":"RECONNAISSANCES WINTER 2021 - Maroc Challenge","og_description":"On a fix\u00e9 la date pour les reconnaissances pour la Winter 2021 qui se r\u00e9aliseront d\u00e9but novembre.","og_url":"https:\/\/www.marocchallenge.com\/fr\/reconnaissances-winter-2021\/","og_site_name":"Maroc Challenge","article_publisher":"https:\/\/www.facebook.com\/MarocChallenge\/","article_published_time":"2021-09-24T15:32:43+00:00","article_modified_time":"2021-09-24T15:39:33+00:00","og_image":[{"width":1200,"height":675,"url":"https:\/\/www.marocchallenge.com\/wp-content\/uploads\/2021\/09\/Winter-2021-News6-1.jpg","type":"image\/jpeg"}],"author":"Rui Caba\u00e7o","twitter_card":"summary_large_image","twitter_creator":"@marochallenge","twitter_site":"@marochallenge","twitter_misc":{"\u00c9crit par":"Rui Caba\u00e7o","Dur\u00e9e de lecture estim\u00e9e":"1 minute"},"schema":{"@context":"https:\/\/schema.org","@graph":[{"@type":"Article","@id":"https:\/\/www.marocchallenge.com\/fr\/reconnaissances-winter-2021\/#article","isPartOf":{"@id":"https:\/\/www.marocchallenge.com\/fr\/reconnaissances-winter-2021\/"},"author":{"name":"Rui Caba\u00e7o","@id":"https:\/\/www.marocchallenge.com\/fr\/#\/schema\/person\/298a597a188b0019416217b2301b9e10"},"headline":"RECONNAISSANCES WINTER 2021","datePublished":"2021-09-24T15:32:43+00:00","dateModified":"2021-09-24T15:39:33+00:00","mainEntityOfPage":{"@id":"https:\/\/www.marocchallenge.com\/fr\/reconnaissances-winter-2021\/"},"wordCount":165,"publisher":{"@id":"https:\/\/www.marocchallenge.com\/fr\/#organization"},"image":{"@id":"https:\/\/www.marocchallenge.com\/fr\/reconnaissances-winter-2021\/#primaryimage"},"thumbnailUrl":"https:\/\/www.marocchallenge.com\/wp-content\/uploads\/2021\/09\/Winter-2021-News6-1.jpg","articleSection":["Noticias"],"inLanguage":"fr-FR"},{"@type":"WebPage","@id":"https:\/\/www.marocchallenge.com\/fr\/reconnaissances-winter-2021\/","url":"https:\/\/www.marocchallenge.com\/fr\/reconnaissances-winter-2021\/","name":"RECONNAISSANCES WINTER 2021 - Maroc Challenge","isPartOf":{"@id":"https:\/\/www.marocchallenge.com\/fr\/#website"},"primaryImageOfPage":{"@id":"https:\/\/www.marocchallenge.com\/fr\/reconnaissances-winter-2021\/#primaryimage"},"image":{"@id":"https:\/\/www.marocchallenge.com\/fr\/reconnaissances-winter-2021\/#primaryimage"},"thumbnailUrl":"https:\/\/www.marocchallenge.com\/wp-content\/uploads\/2021\/09\/Winter-2021-News6-1.jpg","datePublished":"2021-09-24T15:32:43+00:00","dateModified":"2021-09-24T15:39:33+00:00","description":"On a fix\u00e9 la date pour les reconnaissances pour la Winter 2021 qui se r\u00e9aliseront d\u00e9but novembre.","breadcrumb":{"@id":"https:\/\/www.marocchallenge.com\/fr\/reconnaissances-winter-2021\/#breadcrumb"},"inLanguage":"fr-FR","potentialAction":[{"@type":"ReadAction","target":["https:\/\/www.marocchallenge.com\/fr\/reconnaissances-winter-2021\/"]}]},{"@type":"ImageObject","inLanguage":"fr-FR","@id":"https:\/\/www.marocchallenge.com\/fr\/reconnaissances-winter-2021\/#primaryimage","url":"https:\/\/www.marocchallenge.com\/wp-content\/uploads\/2021\/09\/Winter-2021-News6-1.jpg","contentUrl":"https:\/\/www.marocchallenge.com\/wp-content\/uploads\/2021\/09\/Winter-2021-News6-1.jpg","width":1200,"height":675},{"@type":"BreadcrumbList","@id":"https:\/\/www.marocchallenge.com\/fr\/reconnaissances-winter-2021\/#breadcrumb","itemListElement":[{"@type":"ListItem","position":1,"name":"Portada","item":"https:\/\/www.marocchallenge.com\/fr\/"},{"@type":"ListItem","position":2,"name":"RECONNAISSANCES WINTER 2021"}]},{"@type":"WebSite","@id":"https:\/\/www.marocchallenge.com\/fr\/#website","url":"https:\/\/www.marocchallenge.com\/fr\/","name":"Maroc Challenge","description":"Le Dakar des ann\u00e9es 70 pour les aventuriers d\u2019aujourd\u2019hui","publisher":{"@id":"https:\/\/www.marocchallenge.com\/fr\/#organization"},"potentialAction":[{"@type":"SearchAction","target":{"@type":"EntryPoint","urlTemplate":"https:\/\/www.marocchallenge.com\/fr\/?s={search_term_string}"},"query-input":{"@type":"PropertyValueSpecification","valueRequired":true,"valueName":"search_term_string"}}],"inLanguage":"fr-FR"},{"@type":"Organization","@id":"https:\/\/www.marocchallenge.com\/fr\/#organization","name":"Maroc Challenge - El Dakar de los 70's para los aventureros de hoy","url":"https:\/\/www.marocchallenge.com\/fr\/","logo":{"@type":"ImageObject","inLanguage":"fr-FR","@id":"https:\/\/www.marocchallenge.com\/fr\/#\/schema\/logo\/image\/","url":"https:\/\/www.marocchallenge.com\/wp-content\/uploads\/2020\/03\/Logo-Maroc_Challenge.png","contentUrl":"https:\/\/www.marocchallenge.com\/wp-content\/uploads\/2020\/03\/Logo-Maroc_Challenge.png","width":170,"height":96,"caption":"Maroc Challenge - El Dakar de los 70's para los aventureros de hoy"},"image":{"@id":"https:\/\/www.marocchallenge.com\/fr\/#\/schema\/logo\/image\/"},"sameAs":["https:\/\/www.facebook.com\/MarocChallenge\/","https:\/\/x.com\/marochallenge","https:\/\/www.instagram.com\/marocchallenge\/","https:\/\/www.linkedin.com\/company\/maroc-challenge","https:\/\/www.youtube.com\/user\/MarocChallenge"]},{"@type":"Person","@id":"https:\/\/www.marocchallenge.com\/fr\/#\/schema\/person\/298a597a188b0019416217b2301b9e10","name":"Rui Caba\u00e7o","image":{"@type":"ImageObject","inLanguage":"fr-FR","@id":"https:\/\/secure.gravatar.com\/avatar\/7ac3f434351cbd7875a5f064f6695a52ab4f6ffeb48c6bffb908c8e6f0e3bf73?s=96&d=mm&r=g","url":"https:\/\/secure.gravatar.com\/avatar\/7ac3f434351cbd7875a5f064f6695a52ab4f6ffeb48c6bffb908c8e6f0e3bf73?s=96&d=mm&r=g","contentUrl":"https:\/\/secure.gravatar.com\/avatar\/7ac3f434351cbd7875a5f064f6695a52ab4f6ffeb48c6bffb908c8e6f0e3bf73?s=96&d=mm&r=g","caption":"Rui Caba\u00e7o"}}]}},"_links":{"self":[{"href":"https:\/\/www.marocchallenge.com\/fr\/wp-json\/wp\/v2\/posts\/17403","targetHints":{"allow":["GET"]}}],"collection":[{"href":"https:\/\/www.marocchallenge.com\/fr\/wp-json\/wp\/v2\/posts"}],"about":[{"href":"https:\/\/www.marocchallenge.com\/fr\/wp-json\/wp\/v2\/types\/post"}],"author":[{"embeddable":true,"href":"https:\/\/www.marocchallenge.com\/fr\/wp-json\/wp\/v2\/users\/2"}],"replies":[{"embeddable":true,"href":"https:\/\/www.marocchallenge.com\/fr\/wp-json\/wp\/v2\/comments?post=17403"}],"version-history":[{"count":2,"href":"https:\/\/www.marocchallenge.com\/fr\/wp-json\/wp\/v2\/posts\/17403\/revisions"}],"predecessor-version":[{"id":17409,"href":"https:\/\/www.marocchallenge.com\/fr\/wp-json\/wp\/v2\/posts\/17403\/revisions\/17409"}],"wp:featuredmedia":[{"embeddable":true,"href":"https:\/\/www.marocchallenge.com\/fr\/wp-json\/wp\/v2\/media\/17398"}],"wp:attachment":[{"href":"https:\/\/www.marocchallenge.com\/fr\/wp-json\/wp\/v2\/media?parent=17403"}],"wp:term":[{"taxonomy":"category","embeddable":true,"href":"https:\/\/www.marocchallenge.com\/fr\/wp-json\/wp\/v2\/categories?post=17403"},{"taxonomy":"post_tag","embeddable":true,"href":"https:\/\/www.marocchallenge.com\/fr\/wp-json\/wp\/v2\/tags?post=17403"}],"curies":[{"name":"wp","href":"https:\/\/api.w.org\/{rel}","templated":true}]}}