{"id":18591,"date":"2022-08-20T10:04:35","date_gmt":"2022-08-20T10:04:35","guid":{"rendered":"https:\/\/www.marocchallenge.com\/el-deseo-mas-preciado-entrevista-a-rui-cabaco\/"},"modified":"2022-08-20T10:17:10","modified_gmt":"2022-08-20T10:17:10","slug":"le-souhait-le-plus-precieux-entretien-avec-rui-cabaco","status":"publish","type":"post","link":"https:\/\/www.marocchallenge.com\/fr\/le-souhait-le-plus-precieux-entretien-avec-rui-cabaco\/","title":{"rendered":"LE SOUHAIT LE PLUS PRECIEUX &#8211; ENTRETIEN AVEC RUI CABA\u00c7O"},"content":{"rendered":"<h2><img decoding=\"async\" class=\"alignnone wp-image-18586 size-full\" src=\"https:\/\/www.marocchallenge.com\/wp-content\/uploads\/2022\/08\/Rui-Cabaco.png\" alt=\"\" width=\"1200\" height=\"675\" srcset=\"https:\/\/www.marocchallenge.com\/wp-content\/uploads\/2022\/08\/Rui-Cabaco-200x113.png 200w, https:\/\/www.marocchallenge.com\/wp-content\/uploads\/2022\/08\/Rui-Cabaco-300x169.png 300w, https:\/\/www.marocchallenge.com\/wp-content\/uploads\/2022\/08\/Rui-Cabaco-400x225.png 400w, https:\/\/www.marocchallenge.com\/wp-content\/uploads\/2022\/08\/Rui-Cabaco-600x338.png 600w, https:\/\/www.marocchallenge.com\/wp-content\/uploads\/2022\/08\/Rui-Cabaco-768x432.png 768w, https:\/\/www.marocchallenge.com\/wp-content\/uploads\/2022\/08\/Rui-Cabaco-800x450.png 800w, https:\/\/www.marocchallenge.com\/wp-content\/uploads\/2022\/08\/Rui-Cabaco-1024x576.png 1024w, https:\/\/www.marocchallenge.com\/wp-content\/uploads\/2022\/08\/Rui-Cabaco.png 1200w\" sizes=\"(max-width: 1200px) 100vw, 1200px\" \/><\/h2>\n<h2>Rui Caba\u00e7o, briefingman du Maroc Challenge, analyse la prochaine Winter 2022, trois ans apr\u00e8s la tenue de la derni\u00e8re \u00e9dition et apr\u00e8s avoir surmont\u00e9 la pand\u00e9mie qui a \u00e9court\u00e9 nos souhaits. La p\u00e9riode a \u00e9t\u00e9 longue, mais Rui et son \u00e9quipe n&rsquo;ont pas baiss\u00e9 la garde, pr\u00e9parant les retrouvailles, qui auront lieu du 2 au 9 d\u00e9cembre.<\/h2>\n<p><strong>Comment faites-vous face au retour au Maroc apr\u00e8s la pand\u00e9mie ?<\/strong><\/p>\n<p><em>Nous y faisons face avec beaucoup d&rsquo;enthousiasme, d&rsquo;\u00e9nergie et une grande envie d&rsquo;organiser une nouvelle \u00e9dition. Il ne nous est jamais venu \u00e0 l&rsquo;esprit de nous \u00e9loigner de notre passion pendant si longtemps.<\/em><\/p>\n<p><strong>L&rsquo;hiver 2022 sera-t-il plus que la 18e \u00e9dition du Maroc pour vous, l&rsquo;organisation et les participants ? Ces trois ann\u00e9es ont-elles \u00e9t\u00e9 difficiles ?<\/strong><\/p>\n<p><em>Pour l&rsquo;organisation, c&rsquo;est litt\u00e9ralement une travers\u00e9e du d\u00e9sert, \u00e0 pied et sans eau&#8230; Je dis cela pour plaisanter, mais cela a \u00e9t\u00e9 vraiment difficile, car cela fait presque 3 ans que nous n&rsquo;avons pas organis\u00e9 d&rsquo;\u00e9v\u00e9nements. Il a \u00e9t\u00e9 tr\u00e8s difficile de maintenir toute la structure que nous avons&#8230; mais nous devions le faire parce que nous ne pouvions pas g\u00e2cher un projet qui, jusqu&rsquo;en 2019, \u00e9tait l&rsquo;un des \u00e9v\u00e9nements les plus reconnus \u00e0 l&rsquo;\u00e9chelle europ\u00e9enne et qui continue d&rsquo;\u00eatre une r\u00e9f\u00e9rence.<\/em><\/p>\n<p><em>Pour les participants, cela a \u00e9galement \u00e9t\u00e9 difficile. L&rsquo;aventure commence bien avant l&rsquo;\u00e9v\u00e9nement lui-m\u00eame, qu&rsquo;il s&rsquo;agisse du moment de la pr\u00e9paration ou de l&rsquo;achat d&rsquo;un v\u00e9hicule, de l&rsquo;excitation de l&rsquo;\u00e9v\u00e9nement et pour beaucoup, de se lancer sur un terrain inconnu&#8230; Tout cela entra\u00eene une forte charge \u00e9motionnelle qui a \u00e9t\u00e9 tronqu\u00e9es par les constants reports&#8230; La frustration a \u00e9t\u00e9 la m\u00eame pour les participants comme pour les organisateurs.<\/em><\/p>\n<p><strong>Il reste encore quelques mois&#8230; \u00cates-vous impatient ?<\/strong><\/p>\n<p><em>Oui, je suis tr\u00e8s impatient, j&rsquo;ai h\u00e2te de rencontrer les participants, les collaborateurs et les amis au Maroc, \u00e9couter leurs histoires et leurs craintes d&rsquo;affronter une nouvelle aventure. D&rsquo;autre part, je me r\u00e9jouis d\u00e9j\u00e0 de profiter de toutes les possibilit\u00e9s fantastiques que le pays offre pour la conduite offroad.<\/em><\/p>\n<p><strong>Y aura-t-il beaucoup de nouveaut\u00e9s pour les participants ?<\/strong><\/p>\n<p><em>Nous avons pr\u00e9par\u00e9 beaucoup de nouveaut\u00e9s pour les futures \u00e9ditions de la Maroc, mais nous les mettrons en \u0153uvre progressivement dans les prochaines \u00e9ditions. Pour le moment, pour cette Winter, nous allons mettre en place un nouveau syst\u00e8me de communication pour les participants et nous allons am\u00e9liorer la communication avec toutes les \u00e9quipes dont la langue n&rsquo;est pas l&rsquo;espagnol et aussi une augmentation de la difficult\u00e9 pour les cat\u00e9gories Adventure C3 et C4 (voitures utilitaires avec traction 4&#215;4), avec plus de zones sablonneuses et plus de cr\u00eates de dunes.<\/em><\/p>\n<p><strong>Quand les reconnaissance auront-t-elles lieu ?<\/strong><\/p>\n<p><em>Les reconnaissances auront lieu au d\u00e9but du mois d&rsquo;octobre, comme toujours vous pourrez nous suivre quotidiennement sur nos r\u00e9seaux sociaux.<\/em><\/p>\n<p>&nbsp;<\/p>\n","protected":false},"excerpt":{"rendered":"<p>Rui Caba\u00e7o, briefingman du Maroc Challenge, analyse la prochaine Winter<\/p>\n","protected":false},"author":2,"featured_media":18586,"comment_status":"closed","ping_status":"closed","sticky":false,"template":"","format":"standard","meta":{"footnotes":""},"categories":[91],"tags":[],"class_list":["post-18591","post","type-post","status-publish","format-standard","has-post-thumbnail","hentry","category-noticias-fr"],"yoast_head":"<!-- This site is optimized with the Yoast SEO plugin v27.4 - https:\/\/yoast.com\/product\/yoast-seo-wordpress\/ -->\n<title>LE SOUHAIT LE PLUS PRECIEUX - ENTRETIEN AVEC RUI CABA\u00c7O - Maroc Challenge<\/title>\n<meta name=\"description\" content=\"Rui Caba\u00e7o, briefingman du Maroc Challenge, analyse la prochaine Winter 2022, trois ans apr\u00e8s la tenue de la derni\u00e8re \u00e9dition et apr\u00e8s avoir surmont\u00e9 la pand\u00e9mie qui a \u00e9court\u00e9 nos souhaits.\" \/>\n<meta name=\"robots\" content=\"index, follow, max-snippet:-1, max-image-preview:large, max-video-preview:-1\" \/>\n<link rel=\"canonical\" href=\"https:\/\/www.marocchallenge.com\/fr\/le-souhait-le-plus-precieux-entretien-avec-rui-cabaco\/\" \/>\n<meta property=\"og:locale\" content=\"fr_FR\" \/>\n<meta property=\"og:type\" content=\"article\" \/>\n<meta property=\"og:title\" content=\"LE SOUHAIT LE PLUS PRECIEUX - ENTRETIEN AVEC RUI CABA\u00c7O - Maroc Challenge\" \/>\n<meta property=\"og:description\" content=\"Rui Caba\u00e7o, briefingman du Maroc Challenge, analyse la prochaine Winter 2022, trois ans apr\u00e8s la tenue de la derni\u00e8re \u00e9dition et apr\u00e8s avoir surmont\u00e9 la pand\u00e9mie qui a \u00e9court\u00e9 nos souhaits.\" \/>\n<meta property=\"og:url\" content=\"https:\/\/www.marocchallenge.com\/fr\/le-souhait-le-plus-precieux-entretien-avec-rui-cabaco\/\" \/>\n<meta property=\"og:site_name\" content=\"Maroc Challenge\" \/>\n<meta property=\"article:publisher\" content=\"https:\/\/www.facebook.com\/MarocChallenge\/\" \/>\n<meta property=\"article:published_time\" content=\"2022-08-20T10:04:35+00:00\" \/>\n<meta property=\"article:modified_time\" content=\"2022-08-20T10:17:10+00:00\" \/>\n<meta property=\"og:image\" content=\"https:\/\/www.marocchallenge.com\/wp-content\/uploads\/2022\/08\/Rui-Cabaco.png\" \/>\n\t<meta property=\"og:image:width\" content=\"1200\" \/>\n\t<meta property=\"og:image:height\" content=\"675\" \/>\n\t<meta property=\"og:image:type\" content=\"image\/png\" \/>\n<meta name=\"author\" content=\"Rui Caba\u00e7o\" \/>\n<meta name=\"twitter:card\" content=\"summary_large_image\" \/>\n<meta name=\"twitter:creator\" content=\"@marochallenge\" \/>\n<meta name=\"twitter:site\" content=\"@marochallenge\" \/>\n<meta name=\"twitter:label1\" content=\"\u00c9crit par\" \/>\n\t<meta name=\"twitter:data1\" content=\"Rui Caba\u00e7o\" \/>\n\t<meta name=\"twitter:label2\" content=\"Dur\u00e9e de lecture estim\u00e9e\" \/>\n\t<meta name=\"twitter:data2\" content=\"3 minutes\" \/>\n<script type=\"application\/ld+json\" class=\"yoast-schema-graph\">{\"@context\":\"https:\\\/\\\/schema.org\",\"@graph\":[{\"@type\":\"Article\",\"@id\":\"https:\\\/\\\/www.marocchallenge.com\\\/fr\\\/le-souhait-le-plus-precieux-entretien-avec-rui-cabaco\\\/#article\",\"isPartOf\":{\"@id\":\"https:\\\/\\\/www.marocchallenge.com\\\/fr\\\/le-souhait-le-plus-precieux-entretien-avec-rui-cabaco\\\/\"},\"author\":{\"name\":\"Rui Caba\u00e7o\",\"@id\":\"https:\\\/\\\/www.marocchallenge.com\\\/fr\\\/#\\\/schema\\\/person\\\/298a597a188b0019416217b2301b9e10\"},\"headline\":\"LE SOUHAIT LE PLUS PRECIEUX &#8211; ENTRETIEN AVEC RUI CABA\u00c7O\",\"datePublished\":\"2022-08-20T10:04:35+00:00\",\"dateModified\":\"2022-08-20T10:17:10+00:00\",\"mainEntityOfPage\":{\"@id\":\"https:\\\/\\\/www.marocchallenge.com\\\/fr\\\/le-souhait-le-plus-precieux-entretien-avec-rui-cabaco\\\/\"},\"wordCount\":525,\"publisher\":{\"@id\":\"https:\\\/\\\/www.marocchallenge.com\\\/fr\\\/#organization\"},\"image\":{\"@id\":\"https:\\\/\\\/www.marocchallenge.com\\\/fr\\\/le-souhait-le-plus-precieux-entretien-avec-rui-cabaco\\\/#primaryimage\"},\"thumbnailUrl\":\"https:\\\/\\\/www.marocchallenge.com\\\/wp-content\\\/uploads\\\/2022\\\/08\\\/Rui-Cabaco.png\",\"articleSection\":[\"Noticias\"],\"inLanguage\":\"fr-FR\"},{\"@type\":\"WebPage\",\"@id\":\"https:\\\/\\\/www.marocchallenge.com\\\/fr\\\/le-souhait-le-plus-precieux-entretien-avec-rui-cabaco\\\/\",\"url\":\"https:\\\/\\\/www.marocchallenge.com\\\/fr\\\/le-souhait-le-plus-precieux-entretien-avec-rui-cabaco\\\/\",\"name\":\"LE SOUHAIT LE PLUS PRECIEUX - ENTRETIEN AVEC RUI CABA\u00c7O - Maroc Challenge\",\"isPartOf\":{\"@id\":\"https:\\\/\\\/www.marocchallenge.com\\\/fr\\\/#website\"},\"primaryImageOfPage\":{\"@id\":\"https:\\\/\\\/www.marocchallenge.com\\\/fr\\\/le-souhait-le-plus-precieux-entretien-avec-rui-cabaco\\\/#primaryimage\"},\"image\":{\"@id\":\"https:\\\/\\\/www.marocchallenge.com\\\/fr\\\/le-souhait-le-plus-precieux-entretien-avec-rui-cabaco\\\/#primaryimage\"},\"thumbnailUrl\":\"https:\\\/\\\/www.marocchallenge.com\\\/wp-content\\\/uploads\\\/2022\\\/08\\\/Rui-Cabaco.png\",\"datePublished\":\"2022-08-20T10:04:35+00:00\",\"dateModified\":\"2022-08-20T10:17:10+00:00\",\"description\":\"Rui Caba\u00e7o, briefingman du Maroc Challenge, analyse la prochaine Winter 2022, trois ans apr\u00e8s la tenue de la derni\u00e8re \u00e9dition et apr\u00e8s avoir surmont\u00e9 la pand\u00e9mie qui a \u00e9court\u00e9 nos souhaits.\",\"breadcrumb\":{\"@id\":\"https:\\\/\\\/www.marocchallenge.com\\\/fr\\\/le-souhait-le-plus-precieux-entretien-avec-rui-cabaco\\\/#breadcrumb\"},\"inLanguage\":\"fr-FR\",\"potentialAction\":[{\"@type\":\"ReadAction\",\"target\":[\"https:\\\/\\\/www.marocchallenge.com\\\/fr\\\/le-souhait-le-plus-precieux-entretien-avec-rui-cabaco\\\/\"]}]},{\"@type\":\"ImageObject\",\"inLanguage\":\"fr-FR\",\"@id\":\"https:\\\/\\\/www.marocchallenge.com\\\/fr\\\/le-souhait-le-plus-precieux-entretien-avec-rui-cabaco\\\/#primaryimage\",\"url\":\"https:\\\/\\\/www.marocchallenge.com\\\/wp-content\\\/uploads\\\/2022\\\/08\\\/Rui-Cabaco.png\",\"contentUrl\":\"https:\\\/\\\/www.marocchallenge.com\\\/wp-content\\\/uploads\\\/2022\\\/08\\\/Rui-Cabaco.png\",\"width\":1200,\"height\":675},{\"@type\":\"BreadcrumbList\",\"@id\":\"https:\\\/\\\/www.marocchallenge.com\\\/fr\\\/le-souhait-le-plus-precieux-entretien-avec-rui-cabaco\\\/#breadcrumb\",\"itemListElement\":[{\"@type\":\"ListItem\",\"position\":1,\"name\":\"Portada\",\"item\":\"https:\\\/\\\/www.marocchallenge.com\\\/fr\\\/\"},{\"@type\":\"ListItem\",\"position\":2,\"name\":\"LE SOUHAIT LE PLUS PRECIEUX &#8211; ENTRETIEN AVEC RUI CABA\u00c7O\"}]},{\"@type\":\"WebSite\",\"@id\":\"https:\\\/\\\/www.marocchallenge.com\\\/fr\\\/#website\",\"url\":\"https:\\\/\\\/www.marocchallenge.com\\\/fr\\\/\",\"name\":\"Maroc Challenge\",\"description\":\"Le Dakar des ann\u00e9es 70 pour les aventuriers d\u2019aujourd\u2019hui\",\"publisher\":{\"@id\":\"https:\\\/\\\/www.marocchallenge.com\\\/fr\\\/#organization\"},\"potentialAction\":[{\"@type\":\"SearchAction\",\"target\":{\"@type\":\"EntryPoint\",\"urlTemplate\":\"https:\\\/\\\/www.marocchallenge.com\\\/fr\\\/?s={search_term_string}\"},\"query-input\":{\"@type\":\"PropertyValueSpecification\",\"valueRequired\":true,\"valueName\":\"search_term_string\"}}],\"inLanguage\":\"fr-FR\"},{\"@type\":\"Organization\",\"@id\":\"https:\\\/\\\/www.marocchallenge.com\\\/fr\\\/#organization\",\"name\":\"Maroc Challenge - El Dakar de los 70's para los aventureros de hoy\",\"url\":\"https:\\\/\\\/www.marocchallenge.com\\\/fr\\\/\",\"logo\":{\"@type\":\"ImageObject\",\"inLanguage\":\"fr-FR\",\"@id\":\"https:\\\/\\\/www.marocchallenge.com\\\/fr\\\/#\\\/schema\\\/logo\\\/image\\\/\",\"url\":\"https:\\\/\\\/www.marocchallenge.com\\\/wp-content\\\/uploads\\\/2020\\\/03\\\/Logo-Maroc_Challenge.png\",\"contentUrl\":\"https:\\\/\\\/www.marocchallenge.com\\\/wp-content\\\/uploads\\\/2020\\\/03\\\/Logo-Maroc_Challenge.png\",\"width\":170,\"height\":96,\"caption\":\"Maroc Challenge - El Dakar de los 70's para los aventureros de hoy\"},\"image\":{\"@id\":\"https:\\\/\\\/www.marocchallenge.com\\\/fr\\\/#\\\/schema\\\/logo\\\/image\\\/\"},\"sameAs\":[\"https:\\\/\\\/www.facebook.com\\\/MarocChallenge\\\/\",\"https:\\\/\\\/x.com\\\/marochallenge\",\"https:\\\/\\\/www.instagram.com\\\/marocchallenge\\\/\",\"https:\\\/\\\/www.linkedin.com\\\/company\\\/maroc-challenge\",\"https:\\\/\\\/www.youtube.com\\\/user\\\/MarocChallenge\"]},{\"@type\":\"Person\",\"@id\":\"https:\\\/\\\/www.marocchallenge.com\\\/fr\\\/#\\\/schema\\\/person\\\/298a597a188b0019416217b2301b9e10\",\"name\":\"Rui Caba\u00e7o\",\"image\":{\"@type\":\"ImageObject\",\"inLanguage\":\"fr-FR\",\"@id\":\"https:\\\/\\\/secure.gravatar.com\\\/avatar\\\/7ac3f434351cbd7875a5f064f6695a52ab4f6ffeb48c6bffb908c8e6f0e3bf73?s=96&d=mm&r=g\",\"url\":\"https:\\\/\\\/secure.gravatar.com\\\/avatar\\\/7ac3f434351cbd7875a5f064f6695a52ab4f6ffeb48c6bffb908c8e6f0e3bf73?s=96&d=mm&r=g\",\"contentUrl\":\"https:\\\/\\\/secure.gravatar.com\\\/avatar\\\/7ac3f434351cbd7875a5f064f6695a52ab4f6ffeb48c6bffb908c8e6f0e3bf73?s=96&d=mm&r=g\",\"caption\":\"Rui Caba\u00e7o\"}}]}<\/script>\n<!-- \/ Yoast SEO plugin. -->","yoast_head_json":{"title":"LE SOUHAIT LE PLUS PRECIEUX - ENTRETIEN AVEC RUI CABA\u00c7O - Maroc Challenge","description":"Rui Caba\u00e7o, briefingman du Maroc Challenge, analyse la prochaine Winter 2022, trois ans apr\u00e8s la tenue de la derni\u00e8re \u00e9dition et apr\u00e8s avoir surmont\u00e9 la pand\u00e9mie qui a \u00e9court\u00e9 nos souhaits.","robots":{"index":"index","follow":"follow","max-snippet":"max-snippet:-1","max-image-preview":"max-image-preview:large","max-video-preview":"max-video-preview:-1"},"canonical":"https:\/\/www.marocchallenge.com\/fr\/le-souhait-le-plus-precieux-entretien-avec-rui-cabaco\/","og_locale":"fr_FR","og_type":"article","og_title":"LE SOUHAIT LE PLUS PRECIEUX - ENTRETIEN AVEC RUI CABA\u00c7O - Maroc Challenge","og_description":"Rui Caba\u00e7o, briefingman du Maroc Challenge, analyse la prochaine Winter 2022, trois ans apr\u00e8s la tenue de la derni\u00e8re \u00e9dition et apr\u00e8s avoir surmont\u00e9 la pand\u00e9mie qui a \u00e9court\u00e9 nos souhaits.","og_url":"https:\/\/www.marocchallenge.com\/fr\/le-souhait-le-plus-precieux-entretien-avec-rui-cabaco\/","og_site_name":"Maroc Challenge","article_publisher":"https:\/\/www.facebook.com\/MarocChallenge\/","article_published_time":"2022-08-20T10:04:35+00:00","article_modified_time":"2022-08-20T10:17:10+00:00","og_image":[{"width":1200,"height":675,"url":"https:\/\/www.marocchallenge.com\/wp-content\/uploads\/2022\/08\/Rui-Cabaco.png","type":"image\/png"}],"author":"Rui Caba\u00e7o","twitter_card":"summary_large_image","twitter_creator":"@marochallenge","twitter_site":"@marochallenge","twitter_misc":{"\u00c9crit par":"Rui Caba\u00e7o","Dur\u00e9e de lecture estim\u00e9e":"3 minutes"},"schema":{"@context":"https:\/\/schema.org","@graph":[{"@type":"Article","@id":"https:\/\/www.marocchallenge.com\/fr\/le-souhait-le-plus-precieux-entretien-avec-rui-cabaco\/#article","isPartOf":{"@id":"https:\/\/www.marocchallenge.com\/fr\/le-souhait-le-plus-precieux-entretien-avec-rui-cabaco\/"},"author":{"name":"Rui Caba\u00e7o","@id":"https:\/\/www.marocchallenge.com\/fr\/#\/schema\/person\/298a597a188b0019416217b2301b9e10"},"headline":"LE SOUHAIT LE PLUS PRECIEUX &#8211; ENTRETIEN AVEC RUI CABA\u00c7O","datePublished":"2022-08-20T10:04:35+00:00","dateModified":"2022-08-20T10:17:10+00:00","mainEntityOfPage":{"@id":"https:\/\/www.marocchallenge.com\/fr\/le-souhait-le-plus-precieux-entretien-avec-rui-cabaco\/"},"wordCount":525,"publisher":{"@id":"https:\/\/www.marocchallenge.com\/fr\/#organization"},"image":{"@id":"https:\/\/www.marocchallenge.com\/fr\/le-souhait-le-plus-precieux-entretien-avec-rui-cabaco\/#primaryimage"},"thumbnailUrl":"https:\/\/www.marocchallenge.com\/wp-content\/uploads\/2022\/08\/Rui-Cabaco.png","articleSection":["Noticias"],"inLanguage":"fr-FR"},{"@type":"WebPage","@id":"https:\/\/www.marocchallenge.com\/fr\/le-souhait-le-plus-precieux-entretien-avec-rui-cabaco\/","url":"https:\/\/www.marocchallenge.com\/fr\/le-souhait-le-plus-precieux-entretien-avec-rui-cabaco\/","name":"LE SOUHAIT LE PLUS PRECIEUX - ENTRETIEN AVEC RUI CABA\u00c7O - Maroc Challenge","isPartOf":{"@id":"https:\/\/www.marocchallenge.com\/fr\/#website"},"primaryImageOfPage":{"@id":"https:\/\/www.marocchallenge.com\/fr\/le-souhait-le-plus-precieux-entretien-avec-rui-cabaco\/#primaryimage"},"image":{"@id":"https:\/\/www.marocchallenge.com\/fr\/le-souhait-le-plus-precieux-entretien-avec-rui-cabaco\/#primaryimage"},"thumbnailUrl":"https:\/\/www.marocchallenge.com\/wp-content\/uploads\/2022\/08\/Rui-Cabaco.png","datePublished":"2022-08-20T10:04:35+00:00","dateModified":"2022-08-20T10:17:10+00:00","description":"Rui Caba\u00e7o, briefingman du Maroc Challenge, analyse la prochaine Winter 2022, trois ans apr\u00e8s la tenue de la derni\u00e8re \u00e9dition et apr\u00e8s avoir surmont\u00e9 la pand\u00e9mie qui a \u00e9court\u00e9 nos souhaits.","breadcrumb":{"@id":"https:\/\/www.marocchallenge.com\/fr\/le-souhait-le-plus-precieux-entretien-avec-rui-cabaco\/#breadcrumb"},"inLanguage":"fr-FR","potentialAction":[{"@type":"ReadAction","target":["https:\/\/www.marocchallenge.com\/fr\/le-souhait-le-plus-precieux-entretien-avec-rui-cabaco\/"]}]},{"@type":"ImageObject","inLanguage":"fr-FR","@id":"https:\/\/www.marocchallenge.com\/fr\/le-souhait-le-plus-precieux-entretien-avec-rui-cabaco\/#primaryimage","url":"https:\/\/www.marocchallenge.com\/wp-content\/uploads\/2022\/08\/Rui-Cabaco.png","contentUrl":"https:\/\/www.marocchallenge.com\/wp-content\/uploads\/2022\/08\/Rui-Cabaco.png","width":1200,"height":675},{"@type":"BreadcrumbList","@id":"https:\/\/www.marocchallenge.com\/fr\/le-souhait-le-plus-precieux-entretien-avec-rui-cabaco\/#breadcrumb","itemListElement":[{"@type":"ListItem","position":1,"name":"Portada","item":"https:\/\/www.marocchallenge.com\/fr\/"},{"@type":"ListItem","position":2,"name":"LE SOUHAIT LE PLUS PRECIEUX &#8211; ENTRETIEN AVEC RUI CABA\u00c7O"}]},{"@type":"WebSite","@id":"https:\/\/www.marocchallenge.com\/fr\/#website","url":"https:\/\/www.marocchallenge.com\/fr\/","name":"Maroc Challenge","description":"Le Dakar des ann\u00e9es 70 pour les aventuriers d\u2019aujourd\u2019hui","publisher":{"@id":"https:\/\/www.marocchallenge.com\/fr\/#organization"},"potentialAction":[{"@type":"SearchAction","target":{"@type":"EntryPoint","urlTemplate":"https:\/\/www.marocchallenge.com\/fr\/?s={search_term_string}"},"query-input":{"@type":"PropertyValueSpecification","valueRequired":true,"valueName":"search_term_string"}}],"inLanguage":"fr-FR"},{"@type":"Organization","@id":"https:\/\/www.marocchallenge.com\/fr\/#organization","name":"Maroc Challenge - El Dakar de los 70's para los aventureros de hoy","url":"https:\/\/www.marocchallenge.com\/fr\/","logo":{"@type":"ImageObject","inLanguage":"fr-FR","@id":"https:\/\/www.marocchallenge.com\/fr\/#\/schema\/logo\/image\/","url":"https:\/\/www.marocchallenge.com\/wp-content\/uploads\/2020\/03\/Logo-Maroc_Challenge.png","contentUrl":"https:\/\/www.marocchallenge.com\/wp-content\/uploads\/2020\/03\/Logo-Maroc_Challenge.png","width":170,"height":96,"caption":"Maroc Challenge - El Dakar de los 70's para los aventureros de hoy"},"image":{"@id":"https:\/\/www.marocchallenge.com\/fr\/#\/schema\/logo\/image\/"},"sameAs":["https:\/\/www.facebook.com\/MarocChallenge\/","https:\/\/x.com\/marochallenge","https:\/\/www.instagram.com\/marocchallenge\/","https:\/\/www.linkedin.com\/company\/maroc-challenge","https:\/\/www.youtube.com\/user\/MarocChallenge"]},{"@type":"Person","@id":"https:\/\/www.marocchallenge.com\/fr\/#\/schema\/person\/298a597a188b0019416217b2301b9e10","name":"Rui Caba\u00e7o","image":{"@type":"ImageObject","inLanguage":"fr-FR","@id":"https:\/\/secure.gravatar.com\/avatar\/7ac3f434351cbd7875a5f064f6695a52ab4f6ffeb48c6bffb908c8e6f0e3bf73?s=96&d=mm&r=g","url":"https:\/\/secure.gravatar.com\/avatar\/7ac3f434351cbd7875a5f064f6695a52ab4f6ffeb48c6bffb908c8e6f0e3bf73?s=96&d=mm&r=g","contentUrl":"https:\/\/secure.gravatar.com\/avatar\/7ac3f434351cbd7875a5f064f6695a52ab4f6ffeb48c6bffb908c8e6f0e3bf73?s=96&d=mm&r=g","caption":"Rui Caba\u00e7o"}}]}},"_links":{"self":[{"href":"https:\/\/www.marocchallenge.com\/fr\/wp-json\/wp\/v2\/posts\/18591","targetHints":{"allow":["GET"]}}],"collection":[{"href":"https:\/\/www.marocchallenge.com\/fr\/wp-json\/wp\/v2\/posts"}],"about":[{"href":"https:\/\/www.marocchallenge.com\/fr\/wp-json\/wp\/v2\/types\/post"}],"author":[{"embeddable":true,"href":"https:\/\/www.marocchallenge.com\/fr\/wp-json\/wp\/v2\/users\/2"}],"replies":[{"embeddable":true,"href":"https:\/\/www.marocchallenge.com\/fr\/wp-json\/wp\/v2\/comments?post=18591"}],"version-history":[{"count":2,"href":"https:\/\/www.marocchallenge.com\/fr\/wp-json\/wp\/v2\/posts\/18591\/revisions"}],"predecessor-version":[{"id":18597,"href":"https:\/\/www.marocchallenge.com\/fr\/wp-json\/wp\/v2\/posts\/18591\/revisions\/18597"}],"wp:featuredmedia":[{"embeddable":true,"href":"https:\/\/www.marocchallenge.com\/fr\/wp-json\/wp\/v2\/media\/18586"}],"wp:attachment":[{"href":"https:\/\/www.marocchallenge.com\/fr\/wp-json\/wp\/v2\/media?parent=18591"}],"wp:term":[{"taxonomy":"category","embeddable":true,"href":"https:\/\/www.marocchallenge.com\/fr\/wp-json\/wp\/v2\/categories?post=18591"},{"taxonomy":"post_tag","embeddable":true,"href":"https:\/\/www.marocchallenge.com\/fr\/wp-json\/wp\/v2\/tags?post=18591"}],"curies":[{"name":"wp","href":"https:\/\/api.w.org\/{rel}","templated":true}]}}