{"id":19606,"date":"2023-01-31T10:28:39","date_gmt":"2023-01-31T10:28:39","guid":{"rendered":"https:\/\/www.marocchallenge.com\/recorrido-muy-renovado\/"},"modified":"2023-01-31T10:38:59","modified_gmt":"2023-01-31T10:38:59","slug":"un-parcours-tres-remanie","status":"publish","type":"post","link":"https:\/\/www.marocchallenge.com\/fr\/un-parcours-tres-remanie\/","title":{"rendered":"UN PARCOURS TRES REMANIE"},"content":{"rendered":"<h2><img decoding=\"async\" class=\"alignnone wp-image-19598 size-full\" src=\"https:\/\/www.marocchallenge.com\/wp-content\/uploads\/2023\/01\/Maroc-Challenge-31_01.png\" alt=\"\" width=\"1200\" height=\"675\" srcset=\"https:\/\/www.marocchallenge.com\/wp-content\/uploads\/2023\/01\/Maroc-Challenge-31_01-200x113.png 200w, https:\/\/www.marocchallenge.com\/wp-content\/uploads\/2023\/01\/Maroc-Challenge-31_01-300x169.png 300w, https:\/\/www.marocchallenge.com\/wp-content\/uploads\/2023\/01\/Maroc-Challenge-31_01-400x225.png 400w, https:\/\/www.marocchallenge.com\/wp-content\/uploads\/2023\/01\/Maroc-Challenge-31_01-600x338.png 600w, https:\/\/www.marocchallenge.com\/wp-content\/uploads\/2023\/01\/Maroc-Challenge-31_01-768x432.png 768w, https:\/\/www.marocchallenge.com\/wp-content\/uploads\/2023\/01\/Maroc-Challenge-31_01-800x450.png 800w, https:\/\/www.marocchallenge.com\/wp-content\/uploads\/2023\/01\/Maroc-Challenge-31_01-1024x576.png 1024w, https:\/\/www.marocchallenge.com\/wp-content\/uploads\/2023\/01\/Maroc-Challenge-31_01.png 1200w\" sizes=\"(max-width: 1200px) 100vw, 1200px\" \/><\/h2>\n<h2>La r\u00e9novation du parcours est l&rsquo;aspect le plus important apr\u00e8s les reconnaissances de la Maroc Challenge Spring Edition 2023, qui se tiendra du 31 mars au 8 avril. L&rsquo;\u00e9v\u00e9nement d\u00e9butera \u00e0 Sa\u00efdia et, apr\u00e8s six jours intenses de course, se terminera pr\u00e8s de l&rsquo;Erg Chebbi.<\/h2>\n<p>Il y a des endroits comme Erfoud, Merzouga et Zagora, qui constituent l&rsquo;axe cl\u00e9 sur lequel se d\u00e9place l&rsquo;\u00e9v\u00e9nement, dans le but de trouver les pistes les plus d\u00e9sertiques et celles qui peuvent nous apporter les plus grandes doses d&rsquo;aventure. \u00c0 cette occasion, <strong>les parcours ont \u00e9t\u00e9 reconfigur\u00e9s, en renouvelant la plupart des \u00e9tapes, certaines dans des lieux totalement nouveaux et d&rsquo;autres dans des endroits peu fr\u00e9quent\u00e9s, afin de les diversifier et de les diff\u00e9rencier au maximum des autres \u00e9ditions.<\/strong><\/p>\n<p>Nous avons essay\u00e9, dans le respect des standards de s\u00e9curit\u00e9, de trouver des pistes plus rapides et en meilleur \u00e9tat, qui n&rsquo;affectent pas autant la m\u00e9canique des v\u00e9hicules. <strong>La difficult\u00e9 r\u00e9side d\u00e9sormais dans les zones sablonneuses, en recherchant un \u00e9quilibre entre m\u00e9canique, vitesse et plaisir pour donner la sensation de conduire un peu plus vite.<\/strong><\/p>\n<p>Pour commencer, il y aura un tron\u00e7on de 5 kilom\u00e8tres le long de la plage de Ras el Ma \u00e0 Sa\u00efdia. C&rsquo;est quelque chose de diff\u00e9rent pour le d\u00e9but de la Maroc, c&rsquo;est tr\u00e8s amusant et toutes les cat\u00e9gories vont partager le m\u00eame parcours car le sable est relativement dur. <strong>Ce sera un d\u00e9part m\u00e9morable.<\/strong> Ensuite, nous traverserons le Plateau de Rekkam jusqu&rsquo;au campement de Matarka, qui se trouvera cette fois-ci \u00e0 la fin de la premi\u00e8re journ\u00e9e.<\/p>\n<p>La troisi\u00e8me \u00e9tape, entre Erfoud et Zagora, se fera \u00e9galement sur des pistes rapides et des zones pratiquement nouvelles, en passant plus au nord, par Fezzou. Ce sera une \u00e9tape difficile avec beaucoup de kilom\u00e8tres \u00e0 parcourir. <strong>La boucle de Zagora, qui sera affront\u00e9e le lendemain, a \u00e9galement \u00e9t\u00e9 compl\u00e8tement r\u00e9nov\u00e9e<\/strong>. Elle partira de Mhamid et passera par Foum Zguid apr\u00e8s avoir travers\u00e9 l&rsquo;Oasis Sacr\u00e9e et le lac Iriki, avec des parcours diff\u00e9rents selon les cat\u00e9gories. Attention aux C3 et C4, qui pour la premi\u00e8re fois entreront dans des zones sablonneuses au cours de cette journ\u00e9e.<\/p>\n<p><strong>Il y aura beaucoup de nouvelles pistes rapides le long du parcours, mais les zones sablonneuses et les dunes seront maintenues<\/strong>, puisque comme c\u2019est la tradition, l&rsquo;Erg Chebbi sera travers\u00e9 sur la troisi\u00e8me \u00e9tape et les cordons d&rsquo;Ouzina sur la cinqui\u00e8me \u00e9tape pour la cat\u00e9gorie Raid. L&rsquo;\u00e9tape entre Zagora et Erfoud est \u00e9galement une nouveaut\u00e9 pour tous les participants car ils passeront par la Cit\u00e9 Perdue et des pistes qui offrent des vues spectaculaires sur les mines de phosphore, d&rsquo;h\u00e9matites et de limonite dans les environs de Taouz.<\/p>\n<p>La sixi\u00e8me \u00e9tape d\u00e9butera \u00e0 Erfoud et se terminera au pied de l&rsquo;Erg Chebbi.<strong> Elle sera lin\u00e9aire et, bien qu&rsquo;elle soit courte, elle ne sera pas facile. Il faudra \u00eatre prudents car cela peut g\u00e9n\u00e9rer de nombreuses surprises <\/strong>\u00e0 cause de l\u2019absence de track et seulement quelques waypoints de rep\u00e8re sur lesquels les participants devront \u00ab\u00a0marcher\u00a0\u00bb \u00e0 la recherche du meilleur et du plus rapide chemin vers la ligne d&rsquo;arriv\u00e9e tant attendue.<\/p>\n","protected":false},"excerpt":{"rendered":"<p>La r\u00e9novation du parcours est l&rsquo;aspect le plus important apr\u00e8s<\/p>\n","protected":false},"author":2,"featured_media":19600,"comment_status":"closed","ping_status":"closed","sticky":false,"template":"","format":"standard","meta":{"footnotes":""},"categories":[91],"tags":[],"class_list":["post-19606","post","type-post","status-publish","format-standard","has-post-thumbnail","hentry","category-noticias-fr"],"yoast_head":"<!-- This site is optimized with the Yoast SEO plugin v27.4 - https:\/\/yoast.com\/product\/yoast-seo-wordpress\/ -->\n<title>UN PARCOURS TRES REMANIE - Maroc Challenge<\/title>\n<meta name=\"description\" content=\"La r\u00e9novation du parcours est l&#039;aspect le plus important apr\u00e8s les reconnaissances de la Maroc Challenge Spring Edition 2023, qui se tiendra du 31 mars au 8 avril.\" \/>\n<meta name=\"robots\" content=\"index, follow, max-snippet:-1, max-image-preview:large, max-video-preview:-1\" \/>\n<link rel=\"canonical\" href=\"https:\/\/www.marocchallenge.com\/fr\/un-parcours-tres-remanie\/\" \/>\n<meta property=\"og:locale\" content=\"fr_FR\" \/>\n<meta property=\"og:type\" content=\"article\" \/>\n<meta property=\"og:title\" content=\"UN PARCOURS TRES REMANIE - Maroc Challenge\" \/>\n<meta property=\"og:description\" content=\"La r\u00e9novation du parcours est l&#039;aspect le plus important apr\u00e8s les reconnaissances de la Maroc Challenge Spring Edition 2023, qui se tiendra du 31 mars au 8 avril.\" \/>\n<meta property=\"og:url\" content=\"https:\/\/www.marocchallenge.com\/fr\/un-parcours-tres-remanie\/\" \/>\n<meta property=\"og:site_name\" content=\"Maroc Challenge\" \/>\n<meta property=\"article:publisher\" content=\"https:\/\/www.facebook.com\/MarocChallenge\/\" \/>\n<meta property=\"article:published_time\" content=\"2023-01-31T10:28:39+00:00\" \/>\n<meta property=\"article:modified_time\" content=\"2023-01-31T10:38:59+00:00\" \/>\n<meta property=\"og:image\" content=\"https:\/\/www.marocchallenge.com\/wp-content\/uploads\/2023\/01\/Maroc-Challenge-31_01.png\" \/>\n\t<meta property=\"og:image:width\" content=\"1200\" \/>\n\t<meta property=\"og:image:height\" content=\"675\" \/>\n\t<meta property=\"og:image:type\" content=\"image\/png\" \/>\n<meta name=\"author\" content=\"Rui Caba\u00e7o\" \/>\n<meta name=\"twitter:card\" content=\"summary_large_image\" \/>\n<meta name=\"twitter:creator\" content=\"@marochallenge\" \/>\n<meta name=\"twitter:site\" content=\"@marochallenge\" \/>\n<meta name=\"twitter:label1\" content=\"\u00c9crit par\" \/>\n\t<meta name=\"twitter:data1\" content=\"Rui Caba\u00e7o\" \/>\n\t<meta name=\"twitter:label2\" content=\"Dur\u00e9e de lecture estim\u00e9e\" \/>\n\t<meta name=\"twitter:data2\" content=\"3 minutes\" \/>\n<script type=\"application\/ld+json\" class=\"yoast-schema-graph\">{\"@context\":\"https:\\\/\\\/schema.org\",\"@graph\":[{\"@type\":\"Article\",\"@id\":\"https:\\\/\\\/www.marocchallenge.com\\\/fr\\\/un-parcours-tres-remanie\\\/#article\",\"isPartOf\":{\"@id\":\"https:\\\/\\\/www.marocchallenge.com\\\/fr\\\/un-parcours-tres-remanie\\\/\"},\"author\":{\"name\":\"Rui Caba\u00e7o\",\"@id\":\"https:\\\/\\\/www.marocchallenge.com\\\/fr\\\/#\\\/schema\\\/person\\\/298a597a188b0019416217b2301b9e10\"},\"headline\":\"UN PARCOURS TRES REMANIE\",\"datePublished\":\"2023-01-31T10:28:39+00:00\",\"dateModified\":\"2023-01-31T10:38:59+00:00\",\"mainEntityOfPage\":{\"@id\":\"https:\\\/\\\/www.marocchallenge.com\\\/fr\\\/un-parcours-tres-remanie\\\/\"},\"wordCount\":582,\"publisher\":{\"@id\":\"https:\\\/\\\/www.marocchallenge.com\\\/fr\\\/#organization\"},\"image\":{\"@id\":\"https:\\\/\\\/www.marocchallenge.com\\\/fr\\\/un-parcours-tres-remanie\\\/#primaryimage\"},\"thumbnailUrl\":\"https:\\\/\\\/www.marocchallenge.com\\\/wp-content\\\/uploads\\\/2023\\\/01\\\/Maroc-Challenge-31_01.png\",\"articleSection\":[\"Noticias\"],\"inLanguage\":\"fr-FR\"},{\"@type\":\"WebPage\",\"@id\":\"https:\\\/\\\/www.marocchallenge.com\\\/fr\\\/un-parcours-tres-remanie\\\/\",\"url\":\"https:\\\/\\\/www.marocchallenge.com\\\/fr\\\/un-parcours-tres-remanie\\\/\",\"name\":\"UN PARCOURS TRES REMANIE - Maroc Challenge\",\"isPartOf\":{\"@id\":\"https:\\\/\\\/www.marocchallenge.com\\\/fr\\\/#website\"},\"primaryImageOfPage\":{\"@id\":\"https:\\\/\\\/www.marocchallenge.com\\\/fr\\\/un-parcours-tres-remanie\\\/#primaryimage\"},\"image\":{\"@id\":\"https:\\\/\\\/www.marocchallenge.com\\\/fr\\\/un-parcours-tres-remanie\\\/#primaryimage\"},\"thumbnailUrl\":\"https:\\\/\\\/www.marocchallenge.com\\\/wp-content\\\/uploads\\\/2023\\\/01\\\/Maroc-Challenge-31_01.png\",\"datePublished\":\"2023-01-31T10:28:39+00:00\",\"dateModified\":\"2023-01-31T10:38:59+00:00\",\"description\":\"La r\u00e9novation du parcours est l'aspect le plus important apr\u00e8s les reconnaissances de la Maroc Challenge Spring Edition 2023, qui se tiendra du 31 mars au 8 avril.\",\"breadcrumb\":{\"@id\":\"https:\\\/\\\/www.marocchallenge.com\\\/fr\\\/un-parcours-tres-remanie\\\/#breadcrumb\"},\"inLanguage\":\"fr-FR\",\"potentialAction\":[{\"@type\":\"ReadAction\",\"target\":[\"https:\\\/\\\/www.marocchallenge.com\\\/fr\\\/un-parcours-tres-remanie\\\/\"]}]},{\"@type\":\"ImageObject\",\"inLanguage\":\"fr-FR\",\"@id\":\"https:\\\/\\\/www.marocchallenge.com\\\/fr\\\/un-parcours-tres-remanie\\\/#primaryimage\",\"url\":\"https:\\\/\\\/www.marocchallenge.com\\\/wp-content\\\/uploads\\\/2023\\\/01\\\/Maroc-Challenge-31_01.png\",\"contentUrl\":\"https:\\\/\\\/www.marocchallenge.com\\\/wp-content\\\/uploads\\\/2023\\\/01\\\/Maroc-Challenge-31_01.png\",\"width\":1200,\"height\":675},{\"@type\":\"BreadcrumbList\",\"@id\":\"https:\\\/\\\/www.marocchallenge.com\\\/fr\\\/un-parcours-tres-remanie\\\/#breadcrumb\",\"itemListElement\":[{\"@type\":\"ListItem\",\"position\":1,\"name\":\"Portada\",\"item\":\"https:\\\/\\\/www.marocchallenge.com\\\/fr\\\/\"},{\"@type\":\"ListItem\",\"position\":2,\"name\":\"UN PARCOURS TRES REMANIE\"}]},{\"@type\":\"WebSite\",\"@id\":\"https:\\\/\\\/www.marocchallenge.com\\\/fr\\\/#website\",\"url\":\"https:\\\/\\\/www.marocchallenge.com\\\/fr\\\/\",\"name\":\"Maroc Challenge\",\"description\":\"Le Dakar des ann\u00e9es 70 pour les aventuriers d\u2019aujourd\u2019hui\",\"publisher\":{\"@id\":\"https:\\\/\\\/www.marocchallenge.com\\\/fr\\\/#organization\"},\"potentialAction\":[{\"@type\":\"SearchAction\",\"target\":{\"@type\":\"EntryPoint\",\"urlTemplate\":\"https:\\\/\\\/www.marocchallenge.com\\\/fr\\\/?s={search_term_string}\"},\"query-input\":{\"@type\":\"PropertyValueSpecification\",\"valueRequired\":true,\"valueName\":\"search_term_string\"}}],\"inLanguage\":\"fr-FR\"},{\"@type\":\"Organization\",\"@id\":\"https:\\\/\\\/www.marocchallenge.com\\\/fr\\\/#organization\",\"name\":\"Maroc Challenge - El Dakar de los 70's para los aventureros de hoy\",\"url\":\"https:\\\/\\\/www.marocchallenge.com\\\/fr\\\/\",\"logo\":{\"@type\":\"ImageObject\",\"inLanguage\":\"fr-FR\",\"@id\":\"https:\\\/\\\/www.marocchallenge.com\\\/fr\\\/#\\\/schema\\\/logo\\\/image\\\/\",\"url\":\"https:\\\/\\\/www.marocchallenge.com\\\/wp-content\\\/uploads\\\/2020\\\/03\\\/Logo-Maroc_Challenge.png\",\"contentUrl\":\"https:\\\/\\\/www.marocchallenge.com\\\/wp-content\\\/uploads\\\/2020\\\/03\\\/Logo-Maroc_Challenge.png\",\"width\":170,\"height\":96,\"caption\":\"Maroc Challenge - El Dakar de los 70's para los aventureros de hoy\"},\"image\":{\"@id\":\"https:\\\/\\\/www.marocchallenge.com\\\/fr\\\/#\\\/schema\\\/logo\\\/image\\\/\"},\"sameAs\":[\"https:\\\/\\\/www.facebook.com\\\/MarocChallenge\\\/\",\"https:\\\/\\\/x.com\\\/marochallenge\",\"https:\\\/\\\/www.instagram.com\\\/marocchallenge\\\/\",\"https:\\\/\\\/www.linkedin.com\\\/company\\\/maroc-challenge\",\"https:\\\/\\\/www.youtube.com\\\/user\\\/MarocChallenge\"]},{\"@type\":\"Person\",\"@id\":\"https:\\\/\\\/www.marocchallenge.com\\\/fr\\\/#\\\/schema\\\/person\\\/298a597a188b0019416217b2301b9e10\",\"name\":\"Rui Caba\u00e7o\",\"image\":{\"@type\":\"ImageObject\",\"inLanguage\":\"fr-FR\",\"@id\":\"https:\\\/\\\/secure.gravatar.com\\\/avatar\\\/7ac3f434351cbd7875a5f064f6695a52ab4f6ffeb48c6bffb908c8e6f0e3bf73?s=96&d=mm&r=g\",\"url\":\"https:\\\/\\\/secure.gravatar.com\\\/avatar\\\/7ac3f434351cbd7875a5f064f6695a52ab4f6ffeb48c6bffb908c8e6f0e3bf73?s=96&d=mm&r=g\",\"contentUrl\":\"https:\\\/\\\/secure.gravatar.com\\\/avatar\\\/7ac3f434351cbd7875a5f064f6695a52ab4f6ffeb48c6bffb908c8e6f0e3bf73?s=96&d=mm&r=g\",\"caption\":\"Rui Caba\u00e7o\"}}]}<\/script>\n<!-- \/ Yoast SEO plugin. -->","yoast_head_json":{"title":"UN PARCOURS TRES REMANIE - Maroc Challenge","description":"La r\u00e9novation du parcours est l'aspect le plus important apr\u00e8s les reconnaissances de la Maroc Challenge Spring Edition 2023, qui se tiendra du 31 mars au 8 avril.","robots":{"index":"index","follow":"follow","max-snippet":"max-snippet:-1","max-image-preview":"max-image-preview:large","max-video-preview":"max-video-preview:-1"},"canonical":"https:\/\/www.marocchallenge.com\/fr\/un-parcours-tres-remanie\/","og_locale":"fr_FR","og_type":"article","og_title":"UN PARCOURS TRES REMANIE - Maroc Challenge","og_description":"La r\u00e9novation du parcours est l'aspect le plus important apr\u00e8s les reconnaissances de la Maroc Challenge Spring Edition 2023, qui se tiendra du 31 mars au 8 avril.","og_url":"https:\/\/www.marocchallenge.com\/fr\/un-parcours-tres-remanie\/","og_site_name":"Maroc Challenge","article_publisher":"https:\/\/www.facebook.com\/MarocChallenge\/","article_published_time":"2023-01-31T10:28:39+00:00","article_modified_time":"2023-01-31T10:38:59+00:00","og_image":[{"width":1200,"height":675,"url":"https:\/\/www.marocchallenge.com\/wp-content\/uploads\/2023\/01\/Maroc-Challenge-31_01.png","type":"image\/png"}],"author":"Rui Caba\u00e7o","twitter_card":"summary_large_image","twitter_creator":"@marochallenge","twitter_site":"@marochallenge","twitter_misc":{"\u00c9crit par":"Rui Caba\u00e7o","Dur\u00e9e de lecture estim\u00e9e":"3 minutes"},"schema":{"@context":"https:\/\/schema.org","@graph":[{"@type":"Article","@id":"https:\/\/www.marocchallenge.com\/fr\/un-parcours-tres-remanie\/#article","isPartOf":{"@id":"https:\/\/www.marocchallenge.com\/fr\/un-parcours-tres-remanie\/"},"author":{"name":"Rui Caba\u00e7o","@id":"https:\/\/www.marocchallenge.com\/fr\/#\/schema\/person\/298a597a188b0019416217b2301b9e10"},"headline":"UN PARCOURS TRES REMANIE","datePublished":"2023-01-31T10:28:39+00:00","dateModified":"2023-01-31T10:38:59+00:00","mainEntityOfPage":{"@id":"https:\/\/www.marocchallenge.com\/fr\/un-parcours-tres-remanie\/"},"wordCount":582,"publisher":{"@id":"https:\/\/www.marocchallenge.com\/fr\/#organization"},"image":{"@id":"https:\/\/www.marocchallenge.com\/fr\/un-parcours-tres-remanie\/#primaryimage"},"thumbnailUrl":"https:\/\/www.marocchallenge.com\/wp-content\/uploads\/2023\/01\/Maroc-Challenge-31_01.png","articleSection":["Noticias"],"inLanguage":"fr-FR"},{"@type":"WebPage","@id":"https:\/\/www.marocchallenge.com\/fr\/un-parcours-tres-remanie\/","url":"https:\/\/www.marocchallenge.com\/fr\/un-parcours-tres-remanie\/","name":"UN PARCOURS TRES REMANIE - Maroc Challenge","isPartOf":{"@id":"https:\/\/www.marocchallenge.com\/fr\/#website"},"primaryImageOfPage":{"@id":"https:\/\/www.marocchallenge.com\/fr\/un-parcours-tres-remanie\/#primaryimage"},"image":{"@id":"https:\/\/www.marocchallenge.com\/fr\/un-parcours-tres-remanie\/#primaryimage"},"thumbnailUrl":"https:\/\/www.marocchallenge.com\/wp-content\/uploads\/2023\/01\/Maroc-Challenge-31_01.png","datePublished":"2023-01-31T10:28:39+00:00","dateModified":"2023-01-31T10:38:59+00:00","description":"La r\u00e9novation du parcours est l'aspect le plus important apr\u00e8s les reconnaissances de la Maroc Challenge Spring Edition 2023, qui se tiendra du 31 mars au 8 avril.","breadcrumb":{"@id":"https:\/\/www.marocchallenge.com\/fr\/un-parcours-tres-remanie\/#breadcrumb"},"inLanguage":"fr-FR","potentialAction":[{"@type":"ReadAction","target":["https:\/\/www.marocchallenge.com\/fr\/un-parcours-tres-remanie\/"]}]},{"@type":"ImageObject","inLanguage":"fr-FR","@id":"https:\/\/www.marocchallenge.com\/fr\/un-parcours-tres-remanie\/#primaryimage","url":"https:\/\/www.marocchallenge.com\/wp-content\/uploads\/2023\/01\/Maroc-Challenge-31_01.png","contentUrl":"https:\/\/www.marocchallenge.com\/wp-content\/uploads\/2023\/01\/Maroc-Challenge-31_01.png","width":1200,"height":675},{"@type":"BreadcrumbList","@id":"https:\/\/www.marocchallenge.com\/fr\/un-parcours-tres-remanie\/#breadcrumb","itemListElement":[{"@type":"ListItem","position":1,"name":"Portada","item":"https:\/\/www.marocchallenge.com\/fr\/"},{"@type":"ListItem","position":2,"name":"UN PARCOURS TRES REMANIE"}]},{"@type":"WebSite","@id":"https:\/\/www.marocchallenge.com\/fr\/#website","url":"https:\/\/www.marocchallenge.com\/fr\/","name":"Maroc Challenge","description":"Le Dakar des ann\u00e9es 70 pour les aventuriers d\u2019aujourd\u2019hui","publisher":{"@id":"https:\/\/www.marocchallenge.com\/fr\/#organization"},"potentialAction":[{"@type":"SearchAction","target":{"@type":"EntryPoint","urlTemplate":"https:\/\/www.marocchallenge.com\/fr\/?s={search_term_string}"},"query-input":{"@type":"PropertyValueSpecification","valueRequired":true,"valueName":"search_term_string"}}],"inLanguage":"fr-FR"},{"@type":"Organization","@id":"https:\/\/www.marocchallenge.com\/fr\/#organization","name":"Maroc Challenge - El Dakar de los 70's para los aventureros de hoy","url":"https:\/\/www.marocchallenge.com\/fr\/","logo":{"@type":"ImageObject","inLanguage":"fr-FR","@id":"https:\/\/www.marocchallenge.com\/fr\/#\/schema\/logo\/image\/","url":"https:\/\/www.marocchallenge.com\/wp-content\/uploads\/2020\/03\/Logo-Maroc_Challenge.png","contentUrl":"https:\/\/www.marocchallenge.com\/wp-content\/uploads\/2020\/03\/Logo-Maroc_Challenge.png","width":170,"height":96,"caption":"Maroc Challenge - El Dakar de los 70's para los aventureros de hoy"},"image":{"@id":"https:\/\/www.marocchallenge.com\/fr\/#\/schema\/logo\/image\/"},"sameAs":["https:\/\/www.facebook.com\/MarocChallenge\/","https:\/\/x.com\/marochallenge","https:\/\/www.instagram.com\/marocchallenge\/","https:\/\/www.linkedin.com\/company\/maroc-challenge","https:\/\/www.youtube.com\/user\/MarocChallenge"]},{"@type":"Person","@id":"https:\/\/www.marocchallenge.com\/fr\/#\/schema\/person\/298a597a188b0019416217b2301b9e10","name":"Rui Caba\u00e7o","image":{"@type":"ImageObject","inLanguage":"fr-FR","@id":"https:\/\/secure.gravatar.com\/avatar\/7ac3f434351cbd7875a5f064f6695a52ab4f6ffeb48c6bffb908c8e6f0e3bf73?s=96&d=mm&r=g","url":"https:\/\/secure.gravatar.com\/avatar\/7ac3f434351cbd7875a5f064f6695a52ab4f6ffeb48c6bffb908c8e6f0e3bf73?s=96&d=mm&r=g","contentUrl":"https:\/\/secure.gravatar.com\/avatar\/7ac3f434351cbd7875a5f064f6695a52ab4f6ffeb48c6bffb908c8e6f0e3bf73?s=96&d=mm&r=g","caption":"Rui Caba\u00e7o"}}]}},"_links":{"self":[{"href":"https:\/\/www.marocchallenge.com\/fr\/wp-json\/wp\/v2\/posts\/19606","targetHints":{"allow":["GET"]}}],"collection":[{"href":"https:\/\/www.marocchallenge.com\/fr\/wp-json\/wp\/v2\/posts"}],"about":[{"href":"https:\/\/www.marocchallenge.com\/fr\/wp-json\/wp\/v2\/types\/post"}],"author":[{"embeddable":true,"href":"https:\/\/www.marocchallenge.com\/fr\/wp-json\/wp\/v2\/users\/2"}],"replies":[{"embeddable":true,"href":"https:\/\/www.marocchallenge.com\/fr\/wp-json\/wp\/v2\/comments?post=19606"}],"version-history":[{"count":3,"href":"https:\/\/www.marocchallenge.com\/fr\/wp-json\/wp\/v2\/posts\/19606\/revisions"}],"predecessor-version":[{"id":19613,"href":"https:\/\/www.marocchallenge.com\/fr\/wp-json\/wp\/v2\/posts\/19606\/revisions\/19613"}],"wp:featuredmedia":[{"embeddable":true,"href":"https:\/\/www.marocchallenge.com\/fr\/wp-json\/wp\/v2\/media\/19600"}],"wp:attachment":[{"href":"https:\/\/www.marocchallenge.com\/fr\/wp-json\/wp\/v2\/media?parent=19606"}],"wp:term":[{"taxonomy":"category","embeddable":true,"href":"https:\/\/www.marocchallenge.com\/fr\/wp-json\/wp\/v2\/categories?post=19606"},{"taxonomy":"post_tag","embeddable":true,"href":"https:\/\/www.marocchallenge.com\/fr\/wp-json\/wp\/v2\/tags?post=19606"}],"curies":[{"name":"wp","href":"https:\/\/api.w.org\/{rel}","templated":true}]}}