{"id":20682,"date":"2023-05-25T05:46:44","date_gmt":"2023-05-25T05:46:44","guid":{"rendered":"https:\/\/www.marocchallenge.com\/la-maroc-challenge-y-la-tunisie-challenge-en-el-penafiel-racing-fest\/"},"modified":"2023-05-25T06:30:52","modified_gmt":"2023-05-25T06:30:52","slug":"la-maroc-challenge-et-la-tunisie-challenge-a-la-penafiel-racing-fest","status":"publish","type":"post","link":"https:\/\/www.marocchallenge.com\/fr\/la-maroc-challenge-et-la-tunisie-challenge-a-la-penafiel-racing-fest\/","title":{"rendered":"LA MAROC CHALLENGE ET LA TUNISIE CHALLENGE, A LA PENAFIEL RACING FEST"},"content":{"rendered":"<p><img decoding=\"async\" class=\"alignnone wp-image-20672 size-full\" src=\"https:\/\/www.marocchallenge.com\/wp-content\/uploads\/2023\/05\/Maroc-Challenge-25_05-Recovered.png\" alt=\"\" width=\"1200\" height=\"675\" srcset=\"https:\/\/www.marocchallenge.com\/wp-content\/uploads\/2023\/05\/Maroc-Challenge-25_05-Recovered-200x113.png 200w, https:\/\/www.marocchallenge.com\/wp-content\/uploads\/2023\/05\/Maroc-Challenge-25_05-Recovered-300x169.png 300w, https:\/\/www.marocchallenge.com\/wp-content\/uploads\/2023\/05\/Maroc-Challenge-25_05-Recovered-400x225.png 400w, https:\/\/www.marocchallenge.com\/wp-content\/uploads\/2023\/05\/Maroc-Challenge-25_05-Recovered-600x338.png 600w, https:\/\/www.marocchallenge.com\/wp-content\/uploads\/2023\/05\/Maroc-Challenge-25_05-Recovered-768x432.png 768w, https:\/\/www.marocchallenge.com\/wp-content\/uploads\/2023\/05\/Maroc-Challenge-25_05-Recovered-800x450.png 800w, https:\/\/www.marocchallenge.com\/wp-content\/uploads\/2023\/05\/Maroc-Challenge-25_05-Recovered-1024x576.png 1024w, https:\/\/www.marocchallenge.com\/wp-content\/uploads\/2023\/05\/Maroc-Challenge-25_05-Recovered.png 1200w\" sizes=\"(max-width: 1200px) 100vw, 1200px\" \/><\/p>\n<h2>La Maroc Challenge et la Tunisie Challenge seront pr\u00e9sentes \u00e0 la Penafiel Racing Fest, qui se tiendra dans cette ville portugaise du 16 au 18 juin.<\/h2>\n<p>Nous vous attendons sur notre stand \u00e0 cet impressionnant \u00e9v\u00e9nement du monde de l&rsquo;automobile pour vous donner tous les d\u00e9tails des deux \u00e9v\u00e9nements. Vous y trouverez \u00e9galement la <strong>Mercedes CLK V8 de 300 ch<\/strong> (BriefingCar) et d&rsquo;autres v\u00e9hicules qui ont particip\u00e9 \u00e0 nos essais.<\/p>\n<p>La vingti\u00e8me \u00e9dition de la <strong>Maroc Challenge<\/strong> se d\u00e9roulera du <strong>1er au 9 d\u00e9cembre<\/strong>, avec un d\u00e9part \u00e0 Ifrane et une arriv\u00e9e \u00e0 Merzouga, \u00e0 proximit\u00e9 de l&rsquo;imposant Erg Chebbi. La <strong>Tunisie Challenge<\/strong>, qui en est \u00e0 sa troisi\u00e8me \u00e9dition et se disputera du <strong>11 au 20 octobre<\/strong> partira de Hammamet pour se terminer, apr\u00e8s cinq \u00e9tapes, sur l&rsquo;\u00eele de Djerba.<\/p>\n<p><strong>Le succ\u00e8s de cet \u00e9v\u00e9nement, qui r\u00e9unis des dizaines de milliers de supporters pendant ses trois jours de comp\u00e9tition est impressionnant, et c\u2019est pour cette raison que aussi bien la Maroc Chalenge que la Tunisie Challenge<\/strong> se sont associ\u00e9es \u00e0 l&rsquo;\u00e9v\u00e9nement afin que les supporters portugais et espagnols pr\u00e9sents puissent nous conna\u00eetre de pr\u00e8s et partager notre passion pour l&rsquo;aventure.<\/p>\n<p><strong>La ville de Penafiel, proche de Porto et au c\u0153ur des sections embl\u00e9matiques du Rallye du Portugal<\/strong>, deviendra \u00e0 la mi-juin, la capitale du sport automobile. Pendant trois jours les amateurs pourront profiter d&rsquo;un \u00e9v\u00e9nement qui r\u00e9unit<strong> 6 modalit\u00e9s avec des courses sur deux et quatre roues, avec le Troph\u00e9e Joaquim Santos comme point d&rsquo;orgue du festival<\/strong>.<\/p>\n<p>Pour plus d&rsquo;informations, vous pouvez consulter le site web de l&rsquo;\u00e9v\u00e9nement :\u00a0<a href=\"https:\/\/racingfest.pt\/\" target=\"_blank\" rel=\"noopener\"><strong>https:\/\/racingfest.pt\/<\/strong><\/a><\/p>\n","protected":false},"excerpt":{"rendered":"<p>La Maroc Challenge et la Tunisie Challenge seront pr\u00e9sentes \u00e0<\/p>\n","protected":false},"author":2,"featured_media":20674,"comment_status":"closed","ping_status":"closed","sticky":false,"template":"","format":"standard","meta":{"footnotes":""},"categories":[2],"tags":[],"class_list":["post-20682","post","type-post","status-publish","format-standard","has-post-thumbnail","hentry","category-non-classifiee"],"yoast_head":"<!-- This site is optimized with the Yoast SEO plugin v27.4 - https:\/\/yoast.com\/product\/yoast-seo-wordpress\/ -->\n<title>LA MAROC CHALLENGE ET LA TUNISIE CHALLENGE, A LA PENAFIEL RACING FEST - Maroc Challenge<\/title>\n<meta name=\"description\" content=\"La Maroc Challenge et la Tunisie Challenge seront pr\u00e9sentes \u00e0 la Penafiel Racing Fest, qui se tiendra dans cette ville portugaise du 16 au 18 juin.\" \/>\n<meta name=\"robots\" content=\"index, follow, max-snippet:-1, max-image-preview:large, max-video-preview:-1\" \/>\n<link rel=\"canonical\" href=\"https:\/\/www.marocchallenge.com\/fr\/la-maroc-challenge-et-la-tunisie-challenge-a-la-penafiel-racing-fest\/\" \/>\n<meta property=\"og:locale\" content=\"fr_FR\" \/>\n<meta property=\"og:type\" content=\"article\" \/>\n<meta property=\"og:title\" content=\"LA MAROC CHALLENGE ET LA TUNISIE CHALLENGE, A LA PENAFIEL RACING FEST - Maroc Challenge\" \/>\n<meta property=\"og:description\" content=\"La Maroc Challenge et la Tunisie Challenge seront pr\u00e9sentes \u00e0 la Penafiel Racing Fest, qui se tiendra dans cette ville portugaise du 16 au 18 juin.\" \/>\n<meta property=\"og:url\" content=\"https:\/\/www.marocchallenge.com\/fr\/la-maroc-challenge-et-la-tunisie-challenge-a-la-penafiel-racing-fest\/\" \/>\n<meta property=\"og:site_name\" content=\"Maroc Challenge\" \/>\n<meta property=\"article:publisher\" content=\"https:\/\/www.facebook.com\/MarocChallenge\/\" \/>\n<meta property=\"article:published_time\" content=\"2023-05-25T05:46:44+00:00\" \/>\n<meta property=\"article:modified_time\" content=\"2023-05-25T06:30:52+00:00\" \/>\n<meta property=\"og:image\" content=\"https:\/\/www.marocchallenge.com\/wp-content\/uploads\/2023\/05\/Maroc-Challenge-25_05-Recovered.png\" \/>\n\t<meta property=\"og:image:width\" content=\"1200\" \/>\n\t<meta property=\"og:image:height\" content=\"675\" \/>\n\t<meta property=\"og:image:type\" content=\"image\/png\" \/>\n<meta name=\"author\" content=\"Rui Caba\u00e7o\" \/>\n<meta name=\"twitter:card\" content=\"summary_large_image\" \/>\n<meta name=\"twitter:creator\" content=\"@marochallenge\" \/>\n<meta name=\"twitter:site\" content=\"@marochallenge\" \/>\n<meta name=\"twitter:label1\" content=\"\u00c9crit par\" \/>\n\t<meta name=\"twitter:data1\" content=\"Rui Caba\u00e7o\" \/>\n\t<meta name=\"twitter:label2\" content=\"Dur\u00e9e de lecture estim\u00e9e\" \/>\n\t<meta name=\"twitter:data2\" content=\"2 minutes\" \/>\n<script type=\"application\/ld+json\" class=\"yoast-schema-graph\">{\"@context\":\"https:\\\/\\\/schema.org\",\"@graph\":[{\"@type\":\"Article\",\"@id\":\"https:\\\/\\\/www.marocchallenge.com\\\/fr\\\/la-maroc-challenge-et-la-tunisie-challenge-a-la-penafiel-racing-fest\\\/#article\",\"isPartOf\":{\"@id\":\"https:\\\/\\\/www.marocchallenge.com\\\/fr\\\/la-maroc-challenge-et-la-tunisie-challenge-a-la-penafiel-racing-fest\\\/\"},\"author\":{\"name\":\"Rui Caba\u00e7o\",\"@id\":\"https:\\\/\\\/www.marocchallenge.com\\\/fr\\\/#\\\/schema\\\/person\\\/298a597a188b0019416217b2301b9e10\"},\"headline\":\"LA MAROC CHALLENGE ET LA TUNISIE CHALLENGE, A LA PENAFIEL RACING FEST\",\"datePublished\":\"2023-05-25T05:46:44+00:00\",\"dateModified\":\"2023-05-25T06:30:52+00:00\",\"mainEntityOfPage\":{\"@id\":\"https:\\\/\\\/www.marocchallenge.com\\\/fr\\\/la-maroc-challenge-et-la-tunisie-challenge-a-la-penafiel-racing-fest\\\/\"},\"wordCount\":297,\"publisher\":{\"@id\":\"https:\\\/\\\/www.marocchallenge.com\\\/fr\\\/#organization\"},\"image\":{\"@id\":\"https:\\\/\\\/www.marocchallenge.com\\\/fr\\\/la-maroc-challenge-et-la-tunisie-challenge-a-la-penafiel-racing-fest\\\/#primaryimage\"},\"thumbnailUrl\":\"https:\\\/\\\/www.marocchallenge.com\\\/wp-content\\\/uploads\\\/2023\\\/05\\\/Maroc-Challenge-25_05-Recovered.png\",\"articleSection\":[\"Non classifi\u00e9(e)\"],\"inLanguage\":\"fr-FR\"},{\"@type\":\"WebPage\",\"@id\":\"https:\\\/\\\/www.marocchallenge.com\\\/fr\\\/la-maroc-challenge-et-la-tunisie-challenge-a-la-penafiel-racing-fest\\\/\",\"url\":\"https:\\\/\\\/www.marocchallenge.com\\\/fr\\\/la-maroc-challenge-et-la-tunisie-challenge-a-la-penafiel-racing-fest\\\/\",\"name\":\"LA MAROC CHALLENGE ET LA TUNISIE CHALLENGE, A LA PENAFIEL RACING FEST - Maroc Challenge\",\"isPartOf\":{\"@id\":\"https:\\\/\\\/www.marocchallenge.com\\\/fr\\\/#website\"},\"primaryImageOfPage\":{\"@id\":\"https:\\\/\\\/www.marocchallenge.com\\\/fr\\\/la-maroc-challenge-et-la-tunisie-challenge-a-la-penafiel-racing-fest\\\/#primaryimage\"},\"image\":{\"@id\":\"https:\\\/\\\/www.marocchallenge.com\\\/fr\\\/la-maroc-challenge-et-la-tunisie-challenge-a-la-penafiel-racing-fest\\\/#primaryimage\"},\"thumbnailUrl\":\"https:\\\/\\\/www.marocchallenge.com\\\/wp-content\\\/uploads\\\/2023\\\/05\\\/Maroc-Challenge-25_05-Recovered.png\",\"datePublished\":\"2023-05-25T05:46:44+00:00\",\"dateModified\":\"2023-05-25T06:30:52+00:00\",\"description\":\"La Maroc Challenge et la Tunisie Challenge seront pr\u00e9sentes \u00e0 la Penafiel Racing Fest, qui se tiendra dans cette ville portugaise du 16 au 18 juin.\",\"breadcrumb\":{\"@id\":\"https:\\\/\\\/www.marocchallenge.com\\\/fr\\\/la-maroc-challenge-et-la-tunisie-challenge-a-la-penafiel-racing-fest\\\/#breadcrumb\"},\"inLanguage\":\"fr-FR\",\"potentialAction\":[{\"@type\":\"ReadAction\",\"target\":[\"https:\\\/\\\/www.marocchallenge.com\\\/fr\\\/la-maroc-challenge-et-la-tunisie-challenge-a-la-penafiel-racing-fest\\\/\"]}]},{\"@type\":\"ImageObject\",\"inLanguage\":\"fr-FR\",\"@id\":\"https:\\\/\\\/www.marocchallenge.com\\\/fr\\\/la-maroc-challenge-et-la-tunisie-challenge-a-la-penafiel-racing-fest\\\/#primaryimage\",\"url\":\"https:\\\/\\\/www.marocchallenge.com\\\/wp-content\\\/uploads\\\/2023\\\/05\\\/Maroc-Challenge-25_05-Recovered.png\",\"contentUrl\":\"https:\\\/\\\/www.marocchallenge.com\\\/wp-content\\\/uploads\\\/2023\\\/05\\\/Maroc-Challenge-25_05-Recovered.png\",\"width\":1200,\"height\":675},{\"@type\":\"BreadcrumbList\",\"@id\":\"https:\\\/\\\/www.marocchallenge.com\\\/fr\\\/la-maroc-challenge-et-la-tunisie-challenge-a-la-penafiel-racing-fest\\\/#breadcrumb\",\"itemListElement\":[{\"@type\":\"ListItem\",\"position\":1,\"name\":\"Portada\",\"item\":\"https:\\\/\\\/www.marocchallenge.com\\\/fr\\\/\"},{\"@type\":\"ListItem\",\"position\":2,\"name\":\"LA MAROC CHALLENGE ET LA TUNISIE CHALLENGE, A LA PENAFIEL RACING FEST\"}]},{\"@type\":\"WebSite\",\"@id\":\"https:\\\/\\\/www.marocchallenge.com\\\/fr\\\/#website\",\"url\":\"https:\\\/\\\/www.marocchallenge.com\\\/fr\\\/\",\"name\":\"Maroc Challenge\",\"description\":\"Le Dakar des ann\u00e9es 70 pour les aventuriers d\u2019aujourd\u2019hui\",\"publisher\":{\"@id\":\"https:\\\/\\\/www.marocchallenge.com\\\/fr\\\/#organization\"},\"potentialAction\":[{\"@type\":\"SearchAction\",\"target\":{\"@type\":\"EntryPoint\",\"urlTemplate\":\"https:\\\/\\\/www.marocchallenge.com\\\/fr\\\/?s={search_term_string}\"},\"query-input\":{\"@type\":\"PropertyValueSpecification\",\"valueRequired\":true,\"valueName\":\"search_term_string\"}}],\"inLanguage\":\"fr-FR\"},{\"@type\":\"Organization\",\"@id\":\"https:\\\/\\\/www.marocchallenge.com\\\/fr\\\/#organization\",\"name\":\"Maroc Challenge - El Dakar de los 70's para los aventureros de hoy\",\"url\":\"https:\\\/\\\/www.marocchallenge.com\\\/fr\\\/\",\"logo\":{\"@type\":\"ImageObject\",\"inLanguage\":\"fr-FR\",\"@id\":\"https:\\\/\\\/www.marocchallenge.com\\\/fr\\\/#\\\/schema\\\/logo\\\/image\\\/\",\"url\":\"https:\\\/\\\/www.marocchallenge.com\\\/wp-content\\\/uploads\\\/2020\\\/03\\\/Logo-Maroc_Challenge.png\",\"contentUrl\":\"https:\\\/\\\/www.marocchallenge.com\\\/wp-content\\\/uploads\\\/2020\\\/03\\\/Logo-Maroc_Challenge.png\",\"width\":170,\"height\":96,\"caption\":\"Maroc Challenge - El Dakar de los 70's para los aventureros de hoy\"},\"image\":{\"@id\":\"https:\\\/\\\/www.marocchallenge.com\\\/fr\\\/#\\\/schema\\\/logo\\\/image\\\/\"},\"sameAs\":[\"https:\\\/\\\/www.facebook.com\\\/MarocChallenge\\\/\",\"https:\\\/\\\/x.com\\\/marochallenge\",\"https:\\\/\\\/www.instagram.com\\\/marocchallenge\\\/\",\"https:\\\/\\\/www.linkedin.com\\\/company\\\/maroc-challenge\",\"https:\\\/\\\/www.youtube.com\\\/user\\\/MarocChallenge\"]},{\"@type\":\"Person\",\"@id\":\"https:\\\/\\\/www.marocchallenge.com\\\/fr\\\/#\\\/schema\\\/person\\\/298a597a188b0019416217b2301b9e10\",\"name\":\"Rui Caba\u00e7o\",\"image\":{\"@type\":\"ImageObject\",\"inLanguage\":\"fr-FR\",\"@id\":\"https:\\\/\\\/secure.gravatar.com\\\/avatar\\\/7ac3f434351cbd7875a5f064f6695a52ab4f6ffeb48c6bffb908c8e6f0e3bf73?s=96&d=mm&r=g\",\"url\":\"https:\\\/\\\/secure.gravatar.com\\\/avatar\\\/7ac3f434351cbd7875a5f064f6695a52ab4f6ffeb48c6bffb908c8e6f0e3bf73?s=96&d=mm&r=g\",\"contentUrl\":\"https:\\\/\\\/secure.gravatar.com\\\/avatar\\\/7ac3f434351cbd7875a5f064f6695a52ab4f6ffeb48c6bffb908c8e6f0e3bf73?s=96&d=mm&r=g\",\"caption\":\"Rui Caba\u00e7o\"}}]}<\/script>\n<!-- \/ Yoast SEO plugin. -->","yoast_head_json":{"title":"LA MAROC CHALLENGE ET LA TUNISIE CHALLENGE, A LA PENAFIEL RACING FEST - Maroc Challenge","description":"La Maroc Challenge et la Tunisie Challenge seront pr\u00e9sentes \u00e0 la Penafiel Racing Fest, qui se tiendra dans cette ville portugaise du 16 au 18 juin.","robots":{"index":"index","follow":"follow","max-snippet":"max-snippet:-1","max-image-preview":"max-image-preview:large","max-video-preview":"max-video-preview:-1"},"canonical":"https:\/\/www.marocchallenge.com\/fr\/la-maroc-challenge-et-la-tunisie-challenge-a-la-penafiel-racing-fest\/","og_locale":"fr_FR","og_type":"article","og_title":"LA MAROC CHALLENGE ET LA TUNISIE CHALLENGE, A LA PENAFIEL RACING FEST - Maroc Challenge","og_description":"La Maroc Challenge et la Tunisie Challenge seront pr\u00e9sentes \u00e0 la Penafiel Racing Fest, qui se tiendra dans cette ville portugaise du 16 au 18 juin.","og_url":"https:\/\/www.marocchallenge.com\/fr\/la-maroc-challenge-et-la-tunisie-challenge-a-la-penafiel-racing-fest\/","og_site_name":"Maroc Challenge","article_publisher":"https:\/\/www.facebook.com\/MarocChallenge\/","article_published_time":"2023-05-25T05:46:44+00:00","article_modified_time":"2023-05-25T06:30:52+00:00","og_image":[{"width":1200,"height":675,"url":"https:\/\/www.marocchallenge.com\/wp-content\/uploads\/2023\/05\/Maroc-Challenge-25_05-Recovered.png","type":"image\/png"}],"author":"Rui Caba\u00e7o","twitter_card":"summary_large_image","twitter_creator":"@marochallenge","twitter_site":"@marochallenge","twitter_misc":{"\u00c9crit par":"Rui Caba\u00e7o","Dur\u00e9e de lecture estim\u00e9e":"2 minutes"},"schema":{"@context":"https:\/\/schema.org","@graph":[{"@type":"Article","@id":"https:\/\/www.marocchallenge.com\/fr\/la-maroc-challenge-et-la-tunisie-challenge-a-la-penafiel-racing-fest\/#article","isPartOf":{"@id":"https:\/\/www.marocchallenge.com\/fr\/la-maroc-challenge-et-la-tunisie-challenge-a-la-penafiel-racing-fest\/"},"author":{"name":"Rui Caba\u00e7o","@id":"https:\/\/www.marocchallenge.com\/fr\/#\/schema\/person\/298a597a188b0019416217b2301b9e10"},"headline":"LA MAROC CHALLENGE ET LA TUNISIE CHALLENGE, A LA PENAFIEL RACING FEST","datePublished":"2023-05-25T05:46:44+00:00","dateModified":"2023-05-25T06:30:52+00:00","mainEntityOfPage":{"@id":"https:\/\/www.marocchallenge.com\/fr\/la-maroc-challenge-et-la-tunisie-challenge-a-la-penafiel-racing-fest\/"},"wordCount":297,"publisher":{"@id":"https:\/\/www.marocchallenge.com\/fr\/#organization"},"image":{"@id":"https:\/\/www.marocchallenge.com\/fr\/la-maroc-challenge-et-la-tunisie-challenge-a-la-penafiel-racing-fest\/#primaryimage"},"thumbnailUrl":"https:\/\/www.marocchallenge.com\/wp-content\/uploads\/2023\/05\/Maroc-Challenge-25_05-Recovered.png","articleSection":["Non classifi\u00e9(e)"],"inLanguage":"fr-FR"},{"@type":"WebPage","@id":"https:\/\/www.marocchallenge.com\/fr\/la-maroc-challenge-et-la-tunisie-challenge-a-la-penafiel-racing-fest\/","url":"https:\/\/www.marocchallenge.com\/fr\/la-maroc-challenge-et-la-tunisie-challenge-a-la-penafiel-racing-fest\/","name":"LA MAROC CHALLENGE ET LA TUNISIE CHALLENGE, A LA PENAFIEL RACING FEST - Maroc Challenge","isPartOf":{"@id":"https:\/\/www.marocchallenge.com\/fr\/#website"},"primaryImageOfPage":{"@id":"https:\/\/www.marocchallenge.com\/fr\/la-maroc-challenge-et-la-tunisie-challenge-a-la-penafiel-racing-fest\/#primaryimage"},"image":{"@id":"https:\/\/www.marocchallenge.com\/fr\/la-maroc-challenge-et-la-tunisie-challenge-a-la-penafiel-racing-fest\/#primaryimage"},"thumbnailUrl":"https:\/\/www.marocchallenge.com\/wp-content\/uploads\/2023\/05\/Maroc-Challenge-25_05-Recovered.png","datePublished":"2023-05-25T05:46:44+00:00","dateModified":"2023-05-25T06:30:52+00:00","description":"La Maroc Challenge et la Tunisie Challenge seront pr\u00e9sentes \u00e0 la Penafiel Racing Fest, qui se tiendra dans cette ville portugaise du 16 au 18 juin.","breadcrumb":{"@id":"https:\/\/www.marocchallenge.com\/fr\/la-maroc-challenge-et-la-tunisie-challenge-a-la-penafiel-racing-fest\/#breadcrumb"},"inLanguage":"fr-FR","potentialAction":[{"@type":"ReadAction","target":["https:\/\/www.marocchallenge.com\/fr\/la-maroc-challenge-et-la-tunisie-challenge-a-la-penafiel-racing-fest\/"]}]},{"@type":"ImageObject","inLanguage":"fr-FR","@id":"https:\/\/www.marocchallenge.com\/fr\/la-maroc-challenge-et-la-tunisie-challenge-a-la-penafiel-racing-fest\/#primaryimage","url":"https:\/\/www.marocchallenge.com\/wp-content\/uploads\/2023\/05\/Maroc-Challenge-25_05-Recovered.png","contentUrl":"https:\/\/www.marocchallenge.com\/wp-content\/uploads\/2023\/05\/Maroc-Challenge-25_05-Recovered.png","width":1200,"height":675},{"@type":"BreadcrumbList","@id":"https:\/\/www.marocchallenge.com\/fr\/la-maroc-challenge-et-la-tunisie-challenge-a-la-penafiel-racing-fest\/#breadcrumb","itemListElement":[{"@type":"ListItem","position":1,"name":"Portada","item":"https:\/\/www.marocchallenge.com\/fr\/"},{"@type":"ListItem","position":2,"name":"LA MAROC CHALLENGE ET LA TUNISIE CHALLENGE, A LA PENAFIEL RACING FEST"}]},{"@type":"WebSite","@id":"https:\/\/www.marocchallenge.com\/fr\/#website","url":"https:\/\/www.marocchallenge.com\/fr\/","name":"Maroc Challenge","description":"Le Dakar des ann\u00e9es 70 pour les aventuriers d\u2019aujourd\u2019hui","publisher":{"@id":"https:\/\/www.marocchallenge.com\/fr\/#organization"},"potentialAction":[{"@type":"SearchAction","target":{"@type":"EntryPoint","urlTemplate":"https:\/\/www.marocchallenge.com\/fr\/?s={search_term_string}"},"query-input":{"@type":"PropertyValueSpecification","valueRequired":true,"valueName":"search_term_string"}}],"inLanguage":"fr-FR"},{"@type":"Organization","@id":"https:\/\/www.marocchallenge.com\/fr\/#organization","name":"Maroc Challenge - El Dakar de los 70's para los aventureros de hoy","url":"https:\/\/www.marocchallenge.com\/fr\/","logo":{"@type":"ImageObject","inLanguage":"fr-FR","@id":"https:\/\/www.marocchallenge.com\/fr\/#\/schema\/logo\/image\/","url":"https:\/\/www.marocchallenge.com\/wp-content\/uploads\/2020\/03\/Logo-Maroc_Challenge.png","contentUrl":"https:\/\/www.marocchallenge.com\/wp-content\/uploads\/2020\/03\/Logo-Maroc_Challenge.png","width":170,"height":96,"caption":"Maroc Challenge - El Dakar de los 70's para los aventureros de hoy"},"image":{"@id":"https:\/\/www.marocchallenge.com\/fr\/#\/schema\/logo\/image\/"},"sameAs":["https:\/\/www.facebook.com\/MarocChallenge\/","https:\/\/x.com\/marochallenge","https:\/\/www.instagram.com\/marocchallenge\/","https:\/\/www.linkedin.com\/company\/maroc-challenge","https:\/\/www.youtube.com\/user\/MarocChallenge"]},{"@type":"Person","@id":"https:\/\/www.marocchallenge.com\/fr\/#\/schema\/person\/298a597a188b0019416217b2301b9e10","name":"Rui Caba\u00e7o","image":{"@type":"ImageObject","inLanguage":"fr-FR","@id":"https:\/\/secure.gravatar.com\/avatar\/7ac3f434351cbd7875a5f064f6695a52ab4f6ffeb48c6bffb908c8e6f0e3bf73?s=96&d=mm&r=g","url":"https:\/\/secure.gravatar.com\/avatar\/7ac3f434351cbd7875a5f064f6695a52ab4f6ffeb48c6bffb908c8e6f0e3bf73?s=96&d=mm&r=g","contentUrl":"https:\/\/secure.gravatar.com\/avatar\/7ac3f434351cbd7875a5f064f6695a52ab4f6ffeb48c6bffb908c8e6f0e3bf73?s=96&d=mm&r=g","caption":"Rui Caba\u00e7o"}}]}},"_links":{"self":[{"href":"https:\/\/www.marocchallenge.com\/fr\/wp-json\/wp\/v2\/posts\/20682","targetHints":{"allow":["GET"]}}],"collection":[{"href":"https:\/\/www.marocchallenge.com\/fr\/wp-json\/wp\/v2\/posts"}],"about":[{"href":"https:\/\/www.marocchallenge.com\/fr\/wp-json\/wp\/v2\/types\/post"}],"author":[{"embeddable":true,"href":"https:\/\/www.marocchallenge.com\/fr\/wp-json\/wp\/v2\/users\/2"}],"replies":[{"embeddable":true,"href":"https:\/\/www.marocchallenge.com\/fr\/wp-json\/wp\/v2\/comments?post=20682"}],"version-history":[{"count":2,"href":"https:\/\/www.marocchallenge.com\/fr\/wp-json\/wp\/v2\/posts\/20682\/revisions"}],"predecessor-version":[{"id":20689,"href":"https:\/\/www.marocchallenge.com\/fr\/wp-json\/wp\/v2\/posts\/20682\/revisions\/20689"}],"wp:featuredmedia":[{"embeddable":true,"href":"https:\/\/www.marocchallenge.com\/fr\/wp-json\/wp\/v2\/media\/20674"}],"wp:attachment":[{"href":"https:\/\/www.marocchallenge.com\/fr\/wp-json\/wp\/v2\/media?parent=20682"}],"wp:term":[{"taxonomy":"category","embeddable":true,"href":"https:\/\/www.marocchallenge.com\/fr\/wp-json\/wp\/v2\/categories?post=20682"},{"taxonomy":"post_tag","embeddable":true,"href":"https:\/\/www.marocchallenge.com\/fr\/wp-json\/wp\/v2\/tags?post=20682"}],"curies":[{"name":"wp","href":"https:\/\/api.w.org\/{rel}","templated":true}]}}