{"id":20815,"date":"2023-09-06T15:49:10","date_gmt":"2023-09-06T15:49:10","guid":{"rendered":"https:\/\/www.marocchallenge.com\/empezamos-los-reconocimientos-en-breve\/"},"modified":"2023-09-06T15:57:50","modified_gmt":"2023-09-06T15:57:50","slug":"nous-commencerons-bientot-les-reconnaissances","status":"publish","type":"post","link":"https:\/\/www.marocchallenge.com\/fr\/nous-commencerons-bientot-les-reconnaissances\/","title":{"rendered":"NOUS COMMENCERONS BIENTOT LES RECONNAISSANCES !"},"content":{"rendered":"<h2><img decoding=\"async\" class=\"alignnone wp-image-20808 size-full\" src=\"https:\/\/www.marocchallenge.com\/wp-content\/uploads\/2023\/09\/Maroc-Challenge-06_09-1.png\" alt=\"\" width=\"1200\" height=\"675\" srcset=\"https:\/\/www.marocchallenge.com\/wp-content\/uploads\/2023\/09\/Maroc-Challenge-06_09-1-200x113.png 200w, https:\/\/www.marocchallenge.com\/wp-content\/uploads\/2023\/09\/Maroc-Challenge-06_09-1-300x169.png 300w, https:\/\/www.marocchallenge.com\/wp-content\/uploads\/2023\/09\/Maroc-Challenge-06_09-1-400x225.png 400w, https:\/\/www.marocchallenge.com\/wp-content\/uploads\/2023\/09\/Maroc-Challenge-06_09-1-600x338.png 600w, https:\/\/www.marocchallenge.com\/wp-content\/uploads\/2023\/09\/Maroc-Challenge-06_09-1-768x432.png 768w, https:\/\/www.marocchallenge.com\/wp-content\/uploads\/2023\/09\/Maroc-Challenge-06_09-1-800x450.png 800w, https:\/\/www.marocchallenge.com\/wp-content\/uploads\/2023\/09\/Maroc-Challenge-06_09-1-1024x576.png 1024w, https:\/\/www.marocchallenge.com\/wp-content\/uploads\/2023\/09\/Maroc-Challenge-06_09-1.png 1200w\" sizes=\"(max-width: 1200px) 100vw, 1200px\" \/><\/h2>\n<h2>La Maroc Challenge Winter Edition 2023 prend forme et une \u00e9quipe de l&rsquo;organisation se rend au Maroc pour commencer les reconnaissances de l&rsquo;\u00e9v\u00e9nement sur le terrain et finaliser le trac\u00e9 d&rsquo;une aventure qui se d\u00e9roulera du 1er au 9 d\u00e9cembre.<\/h2>\n<p>Le d\u00e9fi que nous nous sommes fix\u00e9 pour les prochains jours est d&rsquo;explorer de nouvelles zones et de trouver de nouveaux passages et terrains qui seront une alternative aux \u00e9tapes traditionnelles de l&rsquo;\u00e9v\u00e9nement afin de renouveler l&rsquo;esprit de d\u00e9passement qui caract\u00e9rise l&rsquo;\u00e9v\u00e9nement. Comme d&rsquo;habitude, la difficult\u00e9 sera adapt\u00e9e aux diff\u00e9rentes cat\u00e9gories.<\/p>\n<p>L&rsquo;\u00e9pine dorsale de cette vingti\u00e8me \u00e9dition de la Maroc Challenge vous est d\u00e8s \u00e0 pr\u00e9sent d\u00e9voil\u00e9e\u00a0: Le point de d\u00e9part sera \u00e0 Ifrane, pour r\u00e9cup\u00e9rer la travers\u00e9e de la chaine de l&rsquo;Atlas, habituellement tr\u00e8s intense en hiver et la nuit en bivouac \u00e0 l&rsquo;issue de la deuxi\u00e8me \u00e9tape \u00e0 Talsint, apr\u00e8s avoir p\u00e9n\u00e9tr\u00e9 les pistes toujours spectaculaires du Plateau de Rekkam.<\/p>\n<p>De Talsint, nous nous dirigerons vers Erfoud, o\u00f9 nous aurons notre premier contact avec le sable et les dunes. D&rsquo;Erfoud, nous irons \u00e0 Zagora pour revenir lors d\u2019une autre journ\u00e9e marathon et terminer la derni\u00e8re \u00e9tape pr\u00e8s de l&rsquo;Erg Chebbi, la fin la plus attendue par tous les participants et o\u00f9, une fois de plus, aura lieu la c\u00e9r\u00e9monie de remise des prix.<\/p>\n","protected":false},"excerpt":{"rendered":"<p>La Maroc Challenge Winter Edition 2023 prend forme et une<\/p>\n","protected":false},"author":2,"featured_media":20810,"comment_status":"closed","ping_status":"closed","sticky":false,"template":"","format":"standard","meta":{"footnotes":""},"categories":[91],"tags":[],"class_list":["post-20815","post","type-post","status-publish","format-standard","has-post-thumbnail","hentry","category-noticias-fr"],"yoast_head":"<!-- This site is optimized with the Yoast SEO plugin v27.4 - https:\/\/yoast.com\/product\/yoast-seo-wordpress\/ -->\n<title>NOUS COMMENCERONS BIENTOT LES RECONNAISSANCES ! - Maroc Challenge<\/title>\n<meta name=\"description\" content=\"La Maroc Challenge Winter Edition 2023 prend forme et une \u00e9quipe de l&#039;organisation se rend au Maroc pour commencer les reconnaissances de l&#039;\u00e9v\u00e9nement sur le terrain...\" \/>\n<meta name=\"robots\" content=\"index, follow, max-snippet:-1, max-image-preview:large, max-video-preview:-1\" \/>\n<link rel=\"canonical\" href=\"https:\/\/www.marocchallenge.com\/fr\/nous-commencerons-bientot-les-reconnaissances\/\" \/>\n<meta property=\"og:locale\" content=\"fr_FR\" \/>\n<meta property=\"og:type\" content=\"article\" \/>\n<meta property=\"og:title\" content=\"NOUS COMMENCERONS BIENTOT LES RECONNAISSANCES ! - Maroc Challenge\" \/>\n<meta property=\"og:description\" content=\"La Maroc Challenge Winter Edition 2023 prend forme et une \u00e9quipe de l&#039;organisation se rend au Maroc pour commencer les reconnaissances de l&#039;\u00e9v\u00e9nement sur le terrain...\" \/>\n<meta property=\"og:url\" content=\"https:\/\/www.marocchallenge.com\/fr\/nous-commencerons-bientot-les-reconnaissances\/\" \/>\n<meta property=\"og:site_name\" content=\"Maroc Challenge\" \/>\n<meta property=\"article:publisher\" content=\"https:\/\/www.facebook.com\/MarocChallenge\/\" \/>\n<meta property=\"article:published_time\" content=\"2023-09-06T15:49:10+00:00\" \/>\n<meta property=\"article:modified_time\" content=\"2023-09-06T15:57:50+00:00\" \/>\n<meta property=\"og:image\" content=\"https:\/\/www.marocchallenge.com\/wp-content\/uploads\/2023\/09\/Maroc-Challenge-06_09-1.png\" \/>\n\t<meta property=\"og:image:width\" content=\"1200\" \/>\n\t<meta property=\"og:image:height\" content=\"675\" \/>\n\t<meta property=\"og:image:type\" content=\"image\/png\" \/>\n<meta name=\"author\" content=\"Rui Caba\u00e7o\" \/>\n<meta name=\"twitter:card\" content=\"summary_large_image\" \/>\n<meta name=\"twitter:creator\" content=\"@marochallenge\" \/>\n<meta name=\"twitter:site\" content=\"@marochallenge\" \/>\n<meta name=\"twitter:label1\" content=\"\u00c9crit par\" \/>\n\t<meta name=\"twitter:data1\" content=\"Rui Caba\u00e7o\" \/>\n\t<meta name=\"twitter:label2\" content=\"Dur\u00e9e de lecture estim\u00e9e\" \/>\n\t<meta name=\"twitter:data2\" content=\"2 minutes\" \/>\n<script type=\"application\/ld+json\" class=\"yoast-schema-graph\">{\"@context\":\"https:\\\/\\\/schema.org\",\"@graph\":[{\"@type\":\"Article\",\"@id\":\"https:\\\/\\\/www.marocchallenge.com\\\/fr\\\/nous-commencerons-bientot-les-reconnaissances\\\/#article\",\"isPartOf\":{\"@id\":\"https:\\\/\\\/www.marocchallenge.com\\\/fr\\\/nous-commencerons-bientot-les-reconnaissances\\\/\"},\"author\":{\"name\":\"Rui Caba\u00e7o\",\"@id\":\"https:\\\/\\\/www.marocchallenge.com\\\/fr\\\/#\\\/schema\\\/person\\\/298a597a188b0019416217b2301b9e10\"},\"headline\":\"NOUS COMMENCERONS BIENTOT LES RECONNAISSANCES !\",\"datePublished\":\"2023-09-06T15:49:10+00:00\",\"dateModified\":\"2023-09-06T15:57:50+00:00\",\"mainEntityOfPage\":{\"@id\":\"https:\\\/\\\/www.marocchallenge.com\\\/fr\\\/nous-commencerons-bientot-les-reconnaissances\\\/\"},\"wordCount\":257,\"publisher\":{\"@id\":\"https:\\\/\\\/www.marocchallenge.com\\\/fr\\\/#organization\"},\"image\":{\"@id\":\"https:\\\/\\\/www.marocchallenge.com\\\/fr\\\/nous-commencerons-bientot-les-reconnaissances\\\/#primaryimage\"},\"thumbnailUrl\":\"https:\\\/\\\/www.marocchallenge.com\\\/wp-content\\\/uploads\\\/2023\\\/09\\\/Maroc-Challenge-06_09-1.png\",\"articleSection\":[\"Noticias\"],\"inLanguage\":\"fr-FR\"},{\"@type\":\"WebPage\",\"@id\":\"https:\\\/\\\/www.marocchallenge.com\\\/fr\\\/nous-commencerons-bientot-les-reconnaissances\\\/\",\"url\":\"https:\\\/\\\/www.marocchallenge.com\\\/fr\\\/nous-commencerons-bientot-les-reconnaissances\\\/\",\"name\":\"NOUS COMMENCERONS BIENTOT LES RECONNAISSANCES ! - Maroc Challenge\",\"isPartOf\":{\"@id\":\"https:\\\/\\\/www.marocchallenge.com\\\/fr\\\/#website\"},\"primaryImageOfPage\":{\"@id\":\"https:\\\/\\\/www.marocchallenge.com\\\/fr\\\/nous-commencerons-bientot-les-reconnaissances\\\/#primaryimage\"},\"image\":{\"@id\":\"https:\\\/\\\/www.marocchallenge.com\\\/fr\\\/nous-commencerons-bientot-les-reconnaissances\\\/#primaryimage\"},\"thumbnailUrl\":\"https:\\\/\\\/www.marocchallenge.com\\\/wp-content\\\/uploads\\\/2023\\\/09\\\/Maroc-Challenge-06_09-1.png\",\"datePublished\":\"2023-09-06T15:49:10+00:00\",\"dateModified\":\"2023-09-06T15:57:50+00:00\",\"description\":\"La Maroc Challenge Winter Edition 2023 prend forme et une \u00e9quipe de l'organisation se rend au Maroc pour commencer les reconnaissances de l'\u00e9v\u00e9nement sur le terrain...\",\"breadcrumb\":{\"@id\":\"https:\\\/\\\/www.marocchallenge.com\\\/fr\\\/nous-commencerons-bientot-les-reconnaissances\\\/#breadcrumb\"},\"inLanguage\":\"fr-FR\",\"potentialAction\":[{\"@type\":\"ReadAction\",\"target\":[\"https:\\\/\\\/www.marocchallenge.com\\\/fr\\\/nous-commencerons-bientot-les-reconnaissances\\\/\"]}]},{\"@type\":\"ImageObject\",\"inLanguage\":\"fr-FR\",\"@id\":\"https:\\\/\\\/www.marocchallenge.com\\\/fr\\\/nous-commencerons-bientot-les-reconnaissances\\\/#primaryimage\",\"url\":\"https:\\\/\\\/www.marocchallenge.com\\\/wp-content\\\/uploads\\\/2023\\\/09\\\/Maroc-Challenge-06_09-1.png\",\"contentUrl\":\"https:\\\/\\\/www.marocchallenge.com\\\/wp-content\\\/uploads\\\/2023\\\/09\\\/Maroc-Challenge-06_09-1.png\",\"width\":1200,\"height\":675},{\"@type\":\"BreadcrumbList\",\"@id\":\"https:\\\/\\\/www.marocchallenge.com\\\/fr\\\/nous-commencerons-bientot-les-reconnaissances\\\/#breadcrumb\",\"itemListElement\":[{\"@type\":\"ListItem\",\"position\":1,\"name\":\"Portada\",\"item\":\"https:\\\/\\\/www.marocchallenge.com\\\/fr\\\/\"},{\"@type\":\"ListItem\",\"position\":2,\"name\":\"NOUS COMMENCERONS BIENTOT LES RECONNAISSANCES !\"}]},{\"@type\":\"WebSite\",\"@id\":\"https:\\\/\\\/www.marocchallenge.com\\\/fr\\\/#website\",\"url\":\"https:\\\/\\\/www.marocchallenge.com\\\/fr\\\/\",\"name\":\"Maroc Challenge\",\"description\":\"Le Dakar des ann\u00e9es 70 pour les aventuriers d\u2019aujourd\u2019hui\",\"publisher\":{\"@id\":\"https:\\\/\\\/www.marocchallenge.com\\\/fr\\\/#organization\"},\"potentialAction\":[{\"@type\":\"SearchAction\",\"target\":{\"@type\":\"EntryPoint\",\"urlTemplate\":\"https:\\\/\\\/www.marocchallenge.com\\\/fr\\\/?s={search_term_string}\"},\"query-input\":{\"@type\":\"PropertyValueSpecification\",\"valueRequired\":true,\"valueName\":\"search_term_string\"}}],\"inLanguage\":\"fr-FR\"},{\"@type\":\"Organization\",\"@id\":\"https:\\\/\\\/www.marocchallenge.com\\\/fr\\\/#organization\",\"name\":\"Maroc Challenge - El Dakar de los 70's para los aventureros de hoy\",\"url\":\"https:\\\/\\\/www.marocchallenge.com\\\/fr\\\/\",\"logo\":{\"@type\":\"ImageObject\",\"inLanguage\":\"fr-FR\",\"@id\":\"https:\\\/\\\/www.marocchallenge.com\\\/fr\\\/#\\\/schema\\\/logo\\\/image\\\/\",\"url\":\"https:\\\/\\\/www.marocchallenge.com\\\/wp-content\\\/uploads\\\/2020\\\/03\\\/Logo-Maroc_Challenge.png\",\"contentUrl\":\"https:\\\/\\\/www.marocchallenge.com\\\/wp-content\\\/uploads\\\/2020\\\/03\\\/Logo-Maroc_Challenge.png\",\"width\":170,\"height\":96,\"caption\":\"Maroc Challenge - El Dakar de los 70's para los aventureros de hoy\"},\"image\":{\"@id\":\"https:\\\/\\\/www.marocchallenge.com\\\/fr\\\/#\\\/schema\\\/logo\\\/image\\\/\"},\"sameAs\":[\"https:\\\/\\\/www.facebook.com\\\/MarocChallenge\\\/\",\"https:\\\/\\\/x.com\\\/marochallenge\",\"https:\\\/\\\/www.instagram.com\\\/marocchallenge\\\/\",\"https:\\\/\\\/www.linkedin.com\\\/company\\\/maroc-challenge\",\"https:\\\/\\\/www.youtube.com\\\/user\\\/MarocChallenge\"]},{\"@type\":\"Person\",\"@id\":\"https:\\\/\\\/www.marocchallenge.com\\\/fr\\\/#\\\/schema\\\/person\\\/298a597a188b0019416217b2301b9e10\",\"name\":\"Rui Caba\u00e7o\",\"image\":{\"@type\":\"ImageObject\",\"inLanguage\":\"fr-FR\",\"@id\":\"https:\\\/\\\/secure.gravatar.com\\\/avatar\\\/7ac3f434351cbd7875a5f064f6695a52ab4f6ffeb48c6bffb908c8e6f0e3bf73?s=96&d=mm&r=g\",\"url\":\"https:\\\/\\\/secure.gravatar.com\\\/avatar\\\/7ac3f434351cbd7875a5f064f6695a52ab4f6ffeb48c6bffb908c8e6f0e3bf73?s=96&d=mm&r=g\",\"contentUrl\":\"https:\\\/\\\/secure.gravatar.com\\\/avatar\\\/7ac3f434351cbd7875a5f064f6695a52ab4f6ffeb48c6bffb908c8e6f0e3bf73?s=96&d=mm&r=g\",\"caption\":\"Rui Caba\u00e7o\"}}]}<\/script>\n<!-- \/ Yoast SEO plugin. -->","yoast_head_json":{"title":"NOUS COMMENCERONS BIENTOT LES RECONNAISSANCES ! - Maroc Challenge","description":"La Maroc Challenge Winter Edition 2023 prend forme et une \u00e9quipe de l'organisation se rend au Maroc pour commencer les reconnaissances de l'\u00e9v\u00e9nement sur le terrain...","robots":{"index":"index","follow":"follow","max-snippet":"max-snippet:-1","max-image-preview":"max-image-preview:large","max-video-preview":"max-video-preview:-1"},"canonical":"https:\/\/www.marocchallenge.com\/fr\/nous-commencerons-bientot-les-reconnaissances\/","og_locale":"fr_FR","og_type":"article","og_title":"NOUS COMMENCERONS BIENTOT LES RECONNAISSANCES ! - Maroc Challenge","og_description":"La Maroc Challenge Winter Edition 2023 prend forme et une \u00e9quipe de l'organisation se rend au Maroc pour commencer les reconnaissances de l'\u00e9v\u00e9nement sur le terrain...","og_url":"https:\/\/www.marocchallenge.com\/fr\/nous-commencerons-bientot-les-reconnaissances\/","og_site_name":"Maroc Challenge","article_publisher":"https:\/\/www.facebook.com\/MarocChallenge\/","article_published_time":"2023-09-06T15:49:10+00:00","article_modified_time":"2023-09-06T15:57:50+00:00","og_image":[{"width":1200,"height":675,"url":"https:\/\/www.marocchallenge.com\/wp-content\/uploads\/2023\/09\/Maroc-Challenge-06_09-1.png","type":"image\/png"}],"author":"Rui Caba\u00e7o","twitter_card":"summary_large_image","twitter_creator":"@marochallenge","twitter_site":"@marochallenge","twitter_misc":{"\u00c9crit par":"Rui Caba\u00e7o","Dur\u00e9e de lecture estim\u00e9e":"2 minutes"},"schema":{"@context":"https:\/\/schema.org","@graph":[{"@type":"Article","@id":"https:\/\/www.marocchallenge.com\/fr\/nous-commencerons-bientot-les-reconnaissances\/#article","isPartOf":{"@id":"https:\/\/www.marocchallenge.com\/fr\/nous-commencerons-bientot-les-reconnaissances\/"},"author":{"name":"Rui Caba\u00e7o","@id":"https:\/\/www.marocchallenge.com\/fr\/#\/schema\/person\/298a597a188b0019416217b2301b9e10"},"headline":"NOUS COMMENCERONS BIENTOT LES RECONNAISSANCES !","datePublished":"2023-09-06T15:49:10+00:00","dateModified":"2023-09-06T15:57:50+00:00","mainEntityOfPage":{"@id":"https:\/\/www.marocchallenge.com\/fr\/nous-commencerons-bientot-les-reconnaissances\/"},"wordCount":257,"publisher":{"@id":"https:\/\/www.marocchallenge.com\/fr\/#organization"},"image":{"@id":"https:\/\/www.marocchallenge.com\/fr\/nous-commencerons-bientot-les-reconnaissances\/#primaryimage"},"thumbnailUrl":"https:\/\/www.marocchallenge.com\/wp-content\/uploads\/2023\/09\/Maroc-Challenge-06_09-1.png","articleSection":["Noticias"],"inLanguage":"fr-FR"},{"@type":"WebPage","@id":"https:\/\/www.marocchallenge.com\/fr\/nous-commencerons-bientot-les-reconnaissances\/","url":"https:\/\/www.marocchallenge.com\/fr\/nous-commencerons-bientot-les-reconnaissances\/","name":"NOUS COMMENCERONS BIENTOT LES RECONNAISSANCES ! - Maroc Challenge","isPartOf":{"@id":"https:\/\/www.marocchallenge.com\/fr\/#website"},"primaryImageOfPage":{"@id":"https:\/\/www.marocchallenge.com\/fr\/nous-commencerons-bientot-les-reconnaissances\/#primaryimage"},"image":{"@id":"https:\/\/www.marocchallenge.com\/fr\/nous-commencerons-bientot-les-reconnaissances\/#primaryimage"},"thumbnailUrl":"https:\/\/www.marocchallenge.com\/wp-content\/uploads\/2023\/09\/Maroc-Challenge-06_09-1.png","datePublished":"2023-09-06T15:49:10+00:00","dateModified":"2023-09-06T15:57:50+00:00","description":"La Maroc Challenge Winter Edition 2023 prend forme et une \u00e9quipe de l'organisation se rend au Maroc pour commencer les reconnaissances de l'\u00e9v\u00e9nement sur le terrain...","breadcrumb":{"@id":"https:\/\/www.marocchallenge.com\/fr\/nous-commencerons-bientot-les-reconnaissances\/#breadcrumb"},"inLanguage":"fr-FR","potentialAction":[{"@type":"ReadAction","target":["https:\/\/www.marocchallenge.com\/fr\/nous-commencerons-bientot-les-reconnaissances\/"]}]},{"@type":"ImageObject","inLanguage":"fr-FR","@id":"https:\/\/www.marocchallenge.com\/fr\/nous-commencerons-bientot-les-reconnaissances\/#primaryimage","url":"https:\/\/www.marocchallenge.com\/wp-content\/uploads\/2023\/09\/Maroc-Challenge-06_09-1.png","contentUrl":"https:\/\/www.marocchallenge.com\/wp-content\/uploads\/2023\/09\/Maroc-Challenge-06_09-1.png","width":1200,"height":675},{"@type":"BreadcrumbList","@id":"https:\/\/www.marocchallenge.com\/fr\/nous-commencerons-bientot-les-reconnaissances\/#breadcrumb","itemListElement":[{"@type":"ListItem","position":1,"name":"Portada","item":"https:\/\/www.marocchallenge.com\/fr\/"},{"@type":"ListItem","position":2,"name":"NOUS COMMENCERONS BIENTOT LES RECONNAISSANCES !"}]},{"@type":"WebSite","@id":"https:\/\/www.marocchallenge.com\/fr\/#website","url":"https:\/\/www.marocchallenge.com\/fr\/","name":"Maroc Challenge","description":"Le Dakar des ann\u00e9es 70 pour les aventuriers d\u2019aujourd\u2019hui","publisher":{"@id":"https:\/\/www.marocchallenge.com\/fr\/#organization"},"potentialAction":[{"@type":"SearchAction","target":{"@type":"EntryPoint","urlTemplate":"https:\/\/www.marocchallenge.com\/fr\/?s={search_term_string}"},"query-input":{"@type":"PropertyValueSpecification","valueRequired":true,"valueName":"search_term_string"}}],"inLanguage":"fr-FR"},{"@type":"Organization","@id":"https:\/\/www.marocchallenge.com\/fr\/#organization","name":"Maroc Challenge - El Dakar de los 70's para los aventureros de hoy","url":"https:\/\/www.marocchallenge.com\/fr\/","logo":{"@type":"ImageObject","inLanguage":"fr-FR","@id":"https:\/\/www.marocchallenge.com\/fr\/#\/schema\/logo\/image\/","url":"https:\/\/www.marocchallenge.com\/wp-content\/uploads\/2020\/03\/Logo-Maroc_Challenge.png","contentUrl":"https:\/\/www.marocchallenge.com\/wp-content\/uploads\/2020\/03\/Logo-Maroc_Challenge.png","width":170,"height":96,"caption":"Maroc Challenge - El Dakar de los 70's para los aventureros de hoy"},"image":{"@id":"https:\/\/www.marocchallenge.com\/fr\/#\/schema\/logo\/image\/"},"sameAs":["https:\/\/www.facebook.com\/MarocChallenge\/","https:\/\/x.com\/marochallenge","https:\/\/www.instagram.com\/marocchallenge\/","https:\/\/www.linkedin.com\/company\/maroc-challenge","https:\/\/www.youtube.com\/user\/MarocChallenge"]},{"@type":"Person","@id":"https:\/\/www.marocchallenge.com\/fr\/#\/schema\/person\/298a597a188b0019416217b2301b9e10","name":"Rui Caba\u00e7o","image":{"@type":"ImageObject","inLanguage":"fr-FR","@id":"https:\/\/secure.gravatar.com\/avatar\/7ac3f434351cbd7875a5f064f6695a52ab4f6ffeb48c6bffb908c8e6f0e3bf73?s=96&d=mm&r=g","url":"https:\/\/secure.gravatar.com\/avatar\/7ac3f434351cbd7875a5f064f6695a52ab4f6ffeb48c6bffb908c8e6f0e3bf73?s=96&d=mm&r=g","contentUrl":"https:\/\/secure.gravatar.com\/avatar\/7ac3f434351cbd7875a5f064f6695a52ab4f6ffeb48c6bffb908c8e6f0e3bf73?s=96&d=mm&r=g","caption":"Rui Caba\u00e7o"}}]}},"_links":{"self":[{"href":"https:\/\/www.marocchallenge.com\/fr\/wp-json\/wp\/v2\/posts\/20815","targetHints":{"allow":["GET"]}}],"collection":[{"href":"https:\/\/www.marocchallenge.com\/fr\/wp-json\/wp\/v2\/posts"}],"about":[{"href":"https:\/\/www.marocchallenge.com\/fr\/wp-json\/wp\/v2\/types\/post"}],"author":[{"embeddable":true,"href":"https:\/\/www.marocchallenge.com\/fr\/wp-json\/wp\/v2\/users\/2"}],"replies":[{"embeddable":true,"href":"https:\/\/www.marocchallenge.com\/fr\/wp-json\/wp\/v2\/comments?post=20815"}],"version-history":[{"count":2,"href":"https:\/\/www.marocchallenge.com\/fr\/wp-json\/wp\/v2\/posts\/20815\/revisions"}],"predecessor-version":[{"id":20821,"href":"https:\/\/www.marocchallenge.com\/fr\/wp-json\/wp\/v2\/posts\/20815\/revisions\/20821"}],"wp:featuredmedia":[{"embeddable":true,"href":"https:\/\/www.marocchallenge.com\/fr\/wp-json\/wp\/v2\/media\/20810"}],"wp:attachment":[{"href":"https:\/\/www.marocchallenge.com\/fr\/wp-json\/wp\/v2\/media?parent=20815"}],"wp:term":[{"taxonomy":"category","embeddable":true,"href":"https:\/\/www.marocchallenge.com\/fr\/wp-json\/wp\/v2\/categories?post=20815"},{"taxonomy":"post_tag","embeddable":true,"href":"https:\/\/www.marocchallenge.com\/fr\/wp-json\/wp\/v2\/tags?post=20815"}],"curies":[{"name":"wp","href":"https:\/\/api.w.org\/{rel}","templated":true}]}}