{"id":21035,"date":"2023-11-28T06:24:17","date_gmt":"2023-11-28T06:24:17","guid":{"rendered":"https:\/\/www.marocchallenge.com\/recorrido-renovado-mas-emocion-y-mayor-aventura\/"},"modified":"2023-11-28T06:30:48","modified_gmt":"2023-11-28T06:30:48","slug":"un-parcours-renouvele-plus-demotions-et-plus-daventures","status":"publish","type":"post","link":"https:\/\/www.marocchallenge.com\/fr\/un-parcours-renouvele-plus-demotions-et-plus-daventures\/","title":{"rendered":"UN PARCOURS RENOUVELE, PLUS D&rsquo;EMOTIONS ET PLUS D&rsquo;AVENTURES"},"content":{"rendered":"<h2><img decoding=\"async\" class=\"alignnone wp-image-21028 size-full\" src=\"https:\/\/www.marocchallenge.com\/wp-content\/uploads\/2023\/11\/Maroc-Challenge-28_11-.png\" alt=\"\" width=\"1200\" height=\"675\" srcset=\"https:\/\/www.marocchallenge.com\/wp-content\/uploads\/2023\/11\/Maroc-Challenge-28_11--200x113.png 200w, https:\/\/www.marocchallenge.com\/wp-content\/uploads\/2023\/11\/Maroc-Challenge-28_11--300x169.png 300w, https:\/\/www.marocchallenge.com\/wp-content\/uploads\/2023\/11\/Maroc-Challenge-28_11--400x225.png 400w, https:\/\/www.marocchallenge.com\/wp-content\/uploads\/2023\/11\/Maroc-Challenge-28_11--600x338.png 600w, https:\/\/www.marocchallenge.com\/wp-content\/uploads\/2023\/11\/Maroc-Challenge-28_11--768x432.png 768w, https:\/\/www.marocchallenge.com\/wp-content\/uploads\/2023\/11\/Maroc-Challenge-28_11--800x450.png 800w, https:\/\/www.marocchallenge.com\/wp-content\/uploads\/2023\/11\/Maroc-Challenge-28_11--1024x576.png 1024w, https:\/\/www.marocchallenge.com\/wp-content\/uploads\/2023\/11\/Maroc-Challenge-28_11-.png 1200w\" sizes=\"(max-width: 1200px) 100vw, 1200px\" \/><\/h2>\n<h2>La Maroc Challenge f\u00eatera sa vingti\u00e8me \u00e9dition lors de la Winter 2023 et l&rsquo;\u00e9v\u00e9nement a toutes les bonnes raisons de maintenir sa position de r\u00e9f\u00e9rence comme course amateur.<\/h2>\n<p><strong>Le parcours a \u00e9t\u00e9 renouvel\u00e9 par rapport aux derni\u00e8res \u00e9ditions, l&rsquo;objectif \u00e9tant de rendre l&rsquo;\u00e9v\u00e9nement plus attrayant pour les participants, afin qu&rsquo;ils puissent vivre plus d&rsquo;aventures <\/strong>au cours d&rsquo;une semaine inoubliable pour tous.<\/p>\n<p>La Winter 2023 se d\u00e9roulera du 1er au 9 d\u00e9cembre et partira d&rsquo;Ifrane, \u00e0 1 700 m\u00e8tres d&rsquo;altitude, o\u00f9 se d\u00e9rouleront les v\u00e9rifications techniques le deuxi\u00e8me jour, en r\u00e9cup\u00e9rant le passage \u00e0 travers la chaine de montagnes de l&rsquo;Atlas, et se terminera \u00e0 Merzouga, au pied des dunes du mythique Erg Chebbi. <strong>200 \u00e9quipes se sont inscrites pour participer \u00e0 la Maroc Challenge, le nombre le plus \u00e9lev\u00e9 de l&rsquo;histoire de l&rsquo;\u00e9v\u00e9nement<\/strong>.<\/p>\n<p>La travers\u00e9e de l&rsquo;Atlas signifie que dans les premi\u00e8res \u00e9tapes, le froid, la pluie, la boue et peut-\u00eatre m\u00eame la neige peuvent \u00eatre les protagonistes durant les deux premiers jours. <strong>Les conditions vari\u00e9es du terrain et la climatologie rendent le d\u00e9fi encore plus grand et augmentent le d\u00e9sir de profiter pleinement de l&rsquo;aventure, la conduite et l&rsquo;esprit qui ont caract\u00e9ris\u00e9 cet \u00e9v\u00e9nement<\/strong> tout au long de son histoire.<\/p>\n<p>Apr\u00e8s avoir travers\u00e9 les montagnes de l&rsquo;Atlas, la Maroc p\u00e9n\u00e8trera sur les pistes spectaculaires du Plateau de Rekkam o\u00f9, \u00e0 l&rsquo;issue de la deuxi\u00e8me \u00e9tape, se trouvera le d\u00e9sormais habituel bivouac. <strong>Talsint \u00e9tait le lieu initialement choisi pour installer le camp, mais ce sera finalement \u00e0 Matarka, \u00e0 peu pr\u00e8s au m\u00eame endroit que lors de la Spring 2023<\/strong>. Ce changement a \u00e9t\u00e9 effectu\u00e9 pour am\u00e9liorer le trac\u00e9 de deux \u00e9tapes, la deuxi\u00e8me et la troisi\u00e8me, augmentant ainsi la difficult\u00e9, le kilom\u00e9trage et la dur\u00e9e de l&rsquo;\u00e9tape.<\/p>\n<p>De Matarka nous irons vers Erfoud, o\u00f9 nous aurons le premier contact avec le sable et les dunes, sans oublier que <strong>les difficult\u00e9s, comme \u00e0 l&rsquo;accoutum\u00e9e, seront adapt\u00e9es aux diff\u00e9rentes cat\u00e9gories. <\/strong>Depuis Erfoud, l&rsquo;\u00e9preuve se d\u00e9placera vers Zagora pour revenir le lendemain pour une nouvelle journ\u00e9e marathon et terminer la derni\u00e8re \u00e9tape \u00e0 c\u00f4t\u00e9 de l&rsquo;Erg Chebbi, l&rsquo;arriv\u00e9e r\u00eav\u00e9e pour tous ceux qui se lancent dans l&rsquo;aventure de la Maroc Challenge et o\u00f9 se d\u00e9roulera la distribution des prix.<\/p>\n","protected":false},"excerpt":{"rendered":"<p>La Maroc Challenge f\u00eatera sa vingti\u00e8me \u00e9dition lors de la<\/p>\n","protected":false},"author":2,"featured_media":21030,"comment_status":"closed","ping_status":"closed","sticky":false,"template":"","format":"standard","meta":{"footnotes":""},"categories":[91],"tags":[],"class_list":["post-21035","post","type-post","status-publish","format-standard","has-post-thumbnail","hentry","category-noticias-fr"],"yoast_head":"<!-- This site is optimized with the Yoast SEO plugin v27.4 - https:\/\/yoast.com\/product\/yoast-seo-wordpress\/ -->\n<title>UN PARCOURS RENOUVELE, PLUS D&#039;EMOTIONS ET PLUS D&#039;AVENTURES - Maroc Challenge<\/title>\n<meta name=\"description\" content=\"La Maroc Challenge f\u00eatera sa vingti\u00e8me \u00e9dition lors de la Winter 2023 et l&#039;\u00e9v\u00e9nement a toutes les bonnes raisons de maintenir sa position de r\u00e9f\u00e9rence comme course amateur.\" \/>\n<meta name=\"robots\" content=\"index, follow, max-snippet:-1, max-image-preview:large, max-video-preview:-1\" \/>\n<link rel=\"canonical\" href=\"https:\/\/www.marocchallenge.com\/fr\/un-parcours-renouvele-plus-demotions-et-plus-daventures\/\" \/>\n<meta property=\"og:locale\" content=\"fr_FR\" \/>\n<meta property=\"og:type\" content=\"article\" \/>\n<meta property=\"og:title\" content=\"UN PARCOURS RENOUVELE, PLUS D&#039;EMOTIONS ET PLUS D&#039;AVENTURES - Maroc Challenge\" \/>\n<meta property=\"og:description\" content=\"La Maroc Challenge f\u00eatera sa vingti\u00e8me \u00e9dition lors de la Winter 2023 et l&#039;\u00e9v\u00e9nement a toutes les bonnes raisons de maintenir sa position de r\u00e9f\u00e9rence comme course amateur.\" \/>\n<meta property=\"og:url\" content=\"https:\/\/www.marocchallenge.com\/fr\/un-parcours-renouvele-plus-demotions-et-plus-daventures\/\" \/>\n<meta property=\"og:site_name\" content=\"Maroc Challenge\" \/>\n<meta property=\"article:publisher\" content=\"https:\/\/www.facebook.com\/MarocChallenge\/\" \/>\n<meta property=\"article:published_time\" content=\"2023-11-28T06:24:17+00:00\" \/>\n<meta property=\"article:modified_time\" content=\"2023-11-28T06:30:48+00:00\" \/>\n<meta property=\"og:image\" content=\"https:\/\/www.marocchallenge.com\/wp-content\/uploads\/2023\/11\/Maroc-Challenge-28_11-.png\" \/>\n\t<meta property=\"og:image:width\" content=\"1200\" \/>\n\t<meta property=\"og:image:height\" content=\"675\" \/>\n\t<meta property=\"og:image:type\" content=\"image\/png\" \/>\n<meta name=\"author\" content=\"Rui Caba\u00e7o\" \/>\n<meta name=\"twitter:card\" content=\"summary_large_image\" \/>\n<meta name=\"twitter:creator\" content=\"@marochallenge\" \/>\n<meta name=\"twitter:site\" content=\"@marochallenge\" \/>\n<meta name=\"twitter:label1\" content=\"\u00c9crit par\" \/>\n\t<meta name=\"twitter:data1\" content=\"Rui Caba\u00e7o\" \/>\n\t<meta name=\"twitter:label2\" content=\"Dur\u00e9e de lecture estim\u00e9e\" \/>\n\t<meta name=\"twitter:data2\" content=\"2 minutes\" \/>\n<script type=\"application\/ld+json\" class=\"yoast-schema-graph\">{\"@context\":\"https:\\\/\\\/schema.org\",\"@graph\":[{\"@type\":\"Article\",\"@id\":\"https:\\\/\\\/www.marocchallenge.com\\\/fr\\\/un-parcours-renouvele-plus-demotions-et-plus-daventures\\\/#article\",\"isPartOf\":{\"@id\":\"https:\\\/\\\/www.marocchallenge.com\\\/fr\\\/un-parcours-renouvele-plus-demotions-et-plus-daventures\\\/\"},\"author\":{\"name\":\"Rui Caba\u00e7o\",\"@id\":\"https:\\\/\\\/www.marocchallenge.com\\\/fr\\\/#\\\/schema\\\/person\\\/298a597a188b0019416217b2301b9e10\"},\"headline\":\"UN PARCOURS RENOUVELE, PLUS D&rsquo;EMOTIONS ET PLUS D&rsquo;AVENTURES\",\"datePublished\":\"2023-11-28T06:24:17+00:00\",\"dateModified\":\"2023-11-28T06:30:48+00:00\",\"mainEntityOfPage\":{\"@id\":\"https:\\\/\\\/www.marocchallenge.com\\\/fr\\\/un-parcours-renouvele-plus-demotions-et-plus-daventures\\\/\"},\"wordCount\":433,\"publisher\":{\"@id\":\"https:\\\/\\\/www.marocchallenge.com\\\/fr\\\/#organization\"},\"image\":{\"@id\":\"https:\\\/\\\/www.marocchallenge.com\\\/fr\\\/un-parcours-renouvele-plus-demotions-et-plus-daventures\\\/#primaryimage\"},\"thumbnailUrl\":\"https:\\\/\\\/www.marocchallenge.com\\\/wp-content\\\/uploads\\\/2023\\\/11\\\/Maroc-Challenge-28_11-.png\",\"articleSection\":[\"Noticias\"],\"inLanguage\":\"fr-FR\"},{\"@type\":\"WebPage\",\"@id\":\"https:\\\/\\\/www.marocchallenge.com\\\/fr\\\/un-parcours-renouvele-plus-demotions-et-plus-daventures\\\/\",\"url\":\"https:\\\/\\\/www.marocchallenge.com\\\/fr\\\/un-parcours-renouvele-plus-demotions-et-plus-daventures\\\/\",\"name\":\"UN PARCOURS RENOUVELE, PLUS D'EMOTIONS ET PLUS D'AVENTURES - Maroc Challenge\",\"isPartOf\":{\"@id\":\"https:\\\/\\\/www.marocchallenge.com\\\/fr\\\/#website\"},\"primaryImageOfPage\":{\"@id\":\"https:\\\/\\\/www.marocchallenge.com\\\/fr\\\/un-parcours-renouvele-plus-demotions-et-plus-daventures\\\/#primaryimage\"},\"image\":{\"@id\":\"https:\\\/\\\/www.marocchallenge.com\\\/fr\\\/un-parcours-renouvele-plus-demotions-et-plus-daventures\\\/#primaryimage\"},\"thumbnailUrl\":\"https:\\\/\\\/www.marocchallenge.com\\\/wp-content\\\/uploads\\\/2023\\\/11\\\/Maroc-Challenge-28_11-.png\",\"datePublished\":\"2023-11-28T06:24:17+00:00\",\"dateModified\":\"2023-11-28T06:30:48+00:00\",\"description\":\"La Maroc Challenge f\u00eatera sa vingti\u00e8me \u00e9dition lors de la Winter 2023 et l'\u00e9v\u00e9nement a toutes les bonnes raisons de maintenir sa position de r\u00e9f\u00e9rence comme course amateur.\",\"breadcrumb\":{\"@id\":\"https:\\\/\\\/www.marocchallenge.com\\\/fr\\\/un-parcours-renouvele-plus-demotions-et-plus-daventures\\\/#breadcrumb\"},\"inLanguage\":\"fr-FR\",\"potentialAction\":[{\"@type\":\"ReadAction\",\"target\":[\"https:\\\/\\\/www.marocchallenge.com\\\/fr\\\/un-parcours-renouvele-plus-demotions-et-plus-daventures\\\/\"]}]},{\"@type\":\"ImageObject\",\"inLanguage\":\"fr-FR\",\"@id\":\"https:\\\/\\\/www.marocchallenge.com\\\/fr\\\/un-parcours-renouvele-plus-demotions-et-plus-daventures\\\/#primaryimage\",\"url\":\"https:\\\/\\\/www.marocchallenge.com\\\/wp-content\\\/uploads\\\/2023\\\/11\\\/Maroc-Challenge-28_11-.png\",\"contentUrl\":\"https:\\\/\\\/www.marocchallenge.com\\\/wp-content\\\/uploads\\\/2023\\\/11\\\/Maroc-Challenge-28_11-.png\",\"width\":1200,\"height\":675},{\"@type\":\"BreadcrumbList\",\"@id\":\"https:\\\/\\\/www.marocchallenge.com\\\/fr\\\/un-parcours-renouvele-plus-demotions-et-plus-daventures\\\/#breadcrumb\",\"itemListElement\":[{\"@type\":\"ListItem\",\"position\":1,\"name\":\"Portada\",\"item\":\"https:\\\/\\\/www.marocchallenge.com\\\/fr\\\/\"},{\"@type\":\"ListItem\",\"position\":2,\"name\":\"UN PARCOURS RENOUVELE, PLUS D&#8217;EMOTIONS ET PLUS D&#8217;AVENTURES\"}]},{\"@type\":\"WebSite\",\"@id\":\"https:\\\/\\\/www.marocchallenge.com\\\/fr\\\/#website\",\"url\":\"https:\\\/\\\/www.marocchallenge.com\\\/fr\\\/\",\"name\":\"Maroc Challenge\",\"description\":\"Le Dakar des ann\u00e9es 70 pour les aventuriers d\u2019aujourd\u2019hui\",\"publisher\":{\"@id\":\"https:\\\/\\\/www.marocchallenge.com\\\/fr\\\/#organization\"},\"potentialAction\":[{\"@type\":\"SearchAction\",\"target\":{\"@type\":\"EntryPoint\",\"urlTemplate\":\"https:\\\/\\\/www.marocchallenge.com\\\/fr\\\/?s={search_term_string}\"},\"query-input\":{\"@type\":\"PropertyValueSpecification\",\"valueRequired\":true,\"valueName\":\"search_term_string\"}}],\"inLanguage\":\"fr-FR\"},{\"@type\":\"Organization\",\"@id\":\"https:\\\/\\\/www.marocchallenge.com\\\/fr\\\/#organization\",\"name\":\"Maroc Challenge - El Dakar de los 70's para los aventureros de hoy\",\"url\":\"https:\\\/\\\/www.marocchallenge.com\\\/fr\\\/\",\"logo\":{\"@type\":\"ImageObject\",\"inLanguage\":\"fr-FR\",\"@id\":\"https:\\\/\\\/www.marocchallenge.com\\\/fr\\\/#\\\/schema\\\/logo\\\/image\\\/\",\"url\":\"https:\\\/\\\/www.marocchallenge.com\\\/wp-content\\\/uploads\\\/2020\\\/03\\\/Logo-Maroc_Challenge.png\",\"contentUrl\":\"https:\\\/\\\/www.marocchallenge.com\\\/wp-content\\\/uploads\\\/2020\\\/03\\\/Logo-Maroc_Challenge.png\",\"width\":170,\"height\":96,\"caption\":\"Maroc Challenge - El Dakar de los 70's para los aventureros de hoy\"},\"image\":{\"@id\":\"https:\\\/\\\/www.marocchallenge.com\\\/fr\\\/#\\\/schema\\\/logo\\\/image\\\/\"},\"sameAs\":[\"https:\\\/\\\/www.facebook.com\\\/MarocChallenge\\\/\",\"https:\\\/\\\/x.com\\\/marochallenge\",\"https:\\\/\\\/www.instagram.com\\\/marocchallenge\\\/\",\"https:\\\/\\\/www.linkedin.com\\\/company\\\/maroc-challenge\",\"https:\\\/\\\/www.youtube.com\\\/user\\\/MarocChallenge\"]},{\"@type\":\"Person\",\"@id\":\"https:\\\/\\\/www.marocchallenge.com\\\/fr\\\/#\\\/schema\\\/person\\\/298a597a188b0019416217b2301b9e10\",\"name\":\"Rui Caba\u00e7o\",\"image\":{\"@type\":\"ImageObject\",\"inLanguage\":\"fr-FR\",\"@id\":\"https:\\\/\\\/secure.gravatar.com\\\/avatar\\\/7ac3f434351cbd7875a5f064f6695a52ab4f6ffeb48c6bffb908c8e6f0e3bf73?s=96&d=mm&r=g\",\"url\":\"https:\\\/\\\/secure.gravatar.com\\\/avatar\\\/7ac3f434351cbd7875a5f064f6695a52ab4f6ffeb48c6bffb908c8e6f0e3bf73?s=96&d=mm&r=g\",\"contentUrl\":\"https:\\\/\\\/secure.gravatar.com\\\/avatar\\\/7ac3f434351cbd7875a5f064f6695a52ab4f6ffeb48c6bffb908c8e6f0e3bf73?s=96&d=mm&r=g\",\"caption\":\"Rui Caba\u00e7o\"}}]}<\/script>\n<!-- \/ Yoast SEO plugin. -->","yoast_head_json":{"title":"UN PARCOURS RENOUVELE, PLUS D'EMOTIONS ET PLUS D'AVENTURES - Maroc Challenge","description":"La Maroc Challenge f\u00eatera sa vingti\u00e8me \u00e9dition lors de la Winter 2023 et l'\u00e9v\u00e9nement a toutes les bonnes raisons de maintenir sa position de r\u00e9f\u00e9rence comme course amateur.","robots":{"index":"index","follow":"follow","max-snippet":"max-snippet:-1","max-image-preview":"max-image-preview:large","max-video-preview":"max-video-preview:-1"},"canonical":"https:\/\/www.marocchallenge.com\/fr\/un-parcours-renouvele-plus-demotions-et-plus-daventures\/","og_locale":"fr_FR","og_type":"article","og_title":"UN PARCOURS RENOUVELE, PLUS D'EMOTIONS ET PLUS D'AVENTURES - Maroc Challenge","og_description":"La Maroc Challenge f\u00eatera sa vingti\u00e8me \u00e9dition lors de la Winter 2023 et l'\u00e9v\u00e9nement a toutes les bonnes raisons de maintenir sa position de r\u00e9f\u00e9rence comme course amateur.","og_url":"https:\/\/www.marocchallenge.com\/fr\/un-parcours-renouvele-plus-demotions-et-plus-daventures\/","og_site_name":"Maroc Challenge","article_publisher":"https:\/\/www.facebook.com\/MarocChallenge\/","article_published_time":"2023-11-28T06:24:17+00:00","article_modified_time":"2023-11-28T06:30:48+00:00","og_image":[{"width":1200,"height":675,"url":"https:\/\/www.marocchallenge.com\/wp-content\/uploads\/2023\/11\/Maroc-Challenge-28_11-.png","type":"image\/png"}],"author":"Rui Caba\u00e7o","twitter_card":"summary_large_image","twitter_creator":"@marochallenge","twitter_site":"@marochallenge","twitter_misc":{"\u00c9crit par":"Rui Caba\u00e7o","Dur\u00e9e de lecture estim\u00e9e":"2 minutes"},"schema":{"@context":"https:\/\/schema.org","@graph":[{"@type":"Article","@id":"https:\/\/www.marocchallenge.com\/fr\/un-parcours-renouvele-plus-demotions-et-plus-daventures\/#article","isPartOf":{"@id":"https:\/\/www.marocchallenge.com\/fr\/un-parcours-renouvele-plus-demotions-et-plus-daventures\/"},"author":{"name":"Rui Caba\u00e7o","@id":"https:\/\/www.marocchallenge.com\/fr\/#\/schema\/person\/298a597a188b0019416217b2301b9e10"},"headline":"UN PARCOURS RENOUVELE, PLUS D&rsquo;EMOTIONS ET PLUS D&rsquo;AVENTURES","datePublished":"2023-11-28T06:24:17+00:00","dateModified":"2023-11-28T06:30:48+00:00","mainEntityOfPage":{"@id":"https:\/\/www.marocchallenge.com\/fr\/un-parcours-renouvele-plus-demotions-et-plus-daventures\/"},"wordCount":433,"publisher":{"@id":"https:\/\/www.marocchallenge.com\/fr\/#organization"},"image":{"@id":"https:\/\/www.marocchallenge.com\/fr\/un-parcours-renouvele-plus-demotions-et-plus-daventures\/#primaryimage"},"thumbnailUrl":"https:\/\/www.marocchallenge.com\/wp-content\/uploads\/2023\/11\/Maroc-Challenge-28_11-.png","articleSection":["Noticias"],"inLanguage":"fr-FR"},{"@type":"WebPage","@id":"https:\/\/www.marocchallenge.com\/fr\/un-parcours-renouvele-plus-demotions-et-plus-daventures\/","url":"https:\/\/www.marocchallenge.com\/fr\/un-parcours-renouvele-plus-demotions-et-plus-daventures\/","name":"UN PARCOURS RENOUVELE, PLUS D'EMOTIONS ET PLUS D'AVENTURES - Maroc Challenge","isPartOf":{"@id":"https:\/\/www.marocchallenge.com\/fr\/#website"},"primaryImageOfPage":{"@id":"https:\/\/www.marocchallenge.com\/fr\/un-parcours-renouvele-plus-demotions-et-plus-daventures\/#primaryimage"},"image":{"@id":"https:\/\/www.marocchallenge.com\/fr\/un-parcours-renouvele-plus-demotions-et-plus-daventures\/#primaryimage"},"thumbnailUrl":"https:\/\/www.marocchallenge.com\/wp-content\/uploads\/2023\/11\/Maroc-Challenge-28_11-.png","datePublished":"2023-11-28T06:24:17+00:00","dateModified":"2023-11-28T06:30:48+00:00","description":"La Maroc Challenge f\u00eatera sa vingti\u00e8me \u00e9dition lors de la Winter 2023 et l'\u00e9v\u00e9nement a toutes les bonnes raisons de maintenir sa position de r\u00e9f\u00e9rence comme course amateur.","breadcrumb":{"@id":"https:\/\/www.marocchallenge.com\/fr\/un-parcours-renouvele-plus-demotions-et-plus-daventures\/#breadcrumb"},"inLanguage":"fr-FR","potentialAction":[{"@type":"ReadAction","target":["https:\/\/www.marocchallenge.com\/fr\/un-parcours-renouvele-plus-demotions-et-plus-daventures\/"]}]},{"@type":"ImageObject","inLanguage":"fr-FR","@id":"https:\/\/www.marocchallenge.com\/fr\/un-parcours-renouvele-plus-demotions-et-plus-daventures\/#primaryimage","url":"https:\/\/www.marocchallenge.com\/wp-content\/uploads\/2023\/11\/Maroc-Challenge-28_11-.png","contentUrl":"https:\/\/www.marocchallenge.com\/wp-content\/uploads\/2023\/11\/Maroc-Challenge-28_11-.png","width":1200,"height":675},{"@type":"BreadcrumbList","@id":"https:\/\/www.marocchallenge.com\/fr\/un-parcours-renouvele-plus-demotions-et-plus-daventures\/#breadcrumb","itemListElement":[{"@type":"ListItem","position":1,"name":"Portada","item":"https:\/\/www.marocchallenge.com\/fr\/"},{"@type":"ListItem","position":2,"name":"UN PARCOURS RENOUVELE, PLUS D&#8217;EMOTIONS ET PLUS D&#8217;AVENTURES"}]},{"@type":"WebSite","@id":"https:\/\/www.marocchallenge.com\/fr\/#website","url":"https:\/\/www.marocchallenge.com\/fr\/","name":"Maroc Challenge","description":"Le Dakar des ann\u00e9es 70 pour les aventuriers d\u2019aujourd\u2019hui","publisher":{"@id":"https:\/\/www.marocchallenge.com\/fr\/#organization"},"potentialAction":[{"@type":"SearchAction","target":{"@type":"EntryPoint","urlTemplate":"https:\/\/www.marocchallenge.com\/fr\/?s={search_term_string}"},"query-input":{"@type":"PropertyValueSpecification","valueRequired":true,"valueName":"search_term_string"}}],"inLanguage":"fr-FR"},{"@type":"Organization","@id":"https:\/\/www.marocchallenge.com\/fr\/#organization","name":"Maroc Challenge - El Dakar de los 70's para los aventureros de hoy","url":"https:\/\/www.marocchallenge.com\/fr\/","logo":{"@type":"ImageObject","inLanguage":"fr-FR","@id":"https:\/\/www.marocchallenge.com\/fr\/#\/schema\/logo\/image\/","url":"https:\/\/www.marocchallenge.com\/wp-content\/uploads\/2020\/03\/Logo-Maroc_Challenge.png","contentUrl":"https:\/\/www.marocchallenge.com\/wp-content\/uploads\/2020\/03\/Logo-Maroc_Challenge.png","width":170,"height":96,"caption":"Maroc Challenge - El Dakar de los 70's para los aventureros de hoy"},"image":{"@id":"https:\/\/www.marocchallenge.com\/fr\/#\/schema\/logo\/image\/"},"sameAs":["https:\/\/www.facebook.com\/MarocChallenge\/","https:\/\/x.com\/marochallenge","https:\/\/www.instagram.com\/marocchallenge\/","https:\/\/www.linkedin.com\/company\/maroc-challenge","https:\/\/www.youtube.com\/user\/MarocChallenge"]},{"@type":"Person","@id":"https:\/\/www.marocchallenge.com\/fr\/#\/schema\/person\/298a597a188b0019416217b2301b9e10","name":"Rui Caba\u00e7o","image":{"@type":"ImageObject","inLanguage":"fr-FR","@id":"https:\/\/secure.gravatar.com\/avatar\/7ac3f434351cbd7875a5f064f6695a52ab4f6ffeb48c6bffb908c8e6f0e3bf73?s=96&d=mm&r=g","url":"https:\/\/secure.gravatar.com\/avatar\/7ac3f434351cbd7875a5f064f6695a52ab4f6ffeb48c6bffb908c8e6f0e3bf73?s=96&d=mm&r=g","contentUrl":"https:\/\/secure.gravatar.com\/avatar\/7ac3f434351cbd7875a5f064f6695a52ab4f6ffeb48c6bffb908c8e6f0e3bf73?s=96&d=mm&r=g","caption":"Rui Caba\u00e7o"}}]}},"_links":{"self":[{"href":"https:\/\/www.marocchallenge.com\/fr\/wp-json\/wp\/v2\/posts\/21035","targetHints":{"allow":["GET"]}}],"collection":[{"href":"https:\/\/www.marocchallenge.com\/fr\/wp-json\/wp\/v2\/posts"}],"about":[{"href":"https:\/\/www.marocchallenge.com\/fr\/wp-json\/wp\/v2\/types\/post"}],"author":[{"embeddable":true,"href":"https:\/\/www.marocchallenge.com\/fr\/wp-json\/wp\/v2\/users\/2"}],"replies":[{"embeddable":true,"href":"https:\/\/www.marocchallenge.com\/fr\/wp-json\/wp\/v2\/comments?post=21035"}],"version-history":[{"count":2,"href":"https:\/\/www.marocchallenge.com\/fr\/wp-json\/wp\/v2\/posts\/21035\/revisions"}],"predecessor-version":[{"id":21041,"href":"https:\/\/www.marocchallenge.com\/fr\/wp-json\/wp\/v2\/posts\/21035\/revisions\/21041"}],"wp:featuredmedia":[{"embeddable":true,"href":"https:\/\/www.marocchallenge.com\/fr\/wp-json\/wp\/v2\/media\/21030"}],"wp:attachment":[{"href":"https:\/\/www.marocchallenge.com\/fr\/wp-json\/wp\/v2\/media?parent=21035"}],"wp:term":[{"taxonomy":"category","embeddable":true,"href":"https:\/\/www.marocchallenge.com\/fr\/wp-json\/wp\/v2\/categories?post=21035"},{"taxonomy":"post_tag","embeddable":true,"href":"https:\/\/www.marocchallenge.com\/fr\/wp-json\/wp\/v2\/tags?post=21035"}],"curies":[{"name":"wp","href":"https:\/\/api.w.org\/{rel}","templated":true}]}}