{"id":22772,"date":"2025-01-29T13:11:00","date_gmt":"2025-01-29T13:11:00","guid":{"rendered":"https:\/\/www.marocchallenge.com\/los-reconocimientos-en-febrero\/"},"modified":"2025-01-29T13:18:31","modified_gmt":"2025-01-29T13:18:31","slug":"les-reconnaissances-commencent-en-fevrier","status":"publish","type":"post","link":"https:\/\/www.marocchallenge.com\/fr\/les-reconnaissances-commencent-en-fevrier\/","title":{"rendered":"LES RECONNAISSANCES COMMENCENT EN F\u00c9VRIER !"},"content":{"rendered":"<h2><img decoding=\"async\" class=\"alignnone size-full wp-image-22765\" src=\"https:\/\/www.marocchallenge.com\/wp-content\/uploads\/2025\/01\/Maroc-Challenge-29_01-Recovered.png\" alt=\"\" width=\"1200\" height=\"675\" srcset=\"https:\/\/www.marocchallenge.com\/wp-content\/uploads\/2025\/01\/Maroc-Challenge-29_01-Recovered-200x113.png 200w, https:\/\/www.marocchallenge.com\/wp-content\/uploads\/2025\/01\/Maroc-Challenge-29_01-Recovered-300x169.png 300w, https:\/\/www.marocchallenge.com\/wp-content\/uploads\/2025\/01\/Maroc-Challenge-29_01-Recovered-400x225.png 400w, https:\/\/www.marocchallenge.com\/wp-content\/uploads\/2025\/01\/Maroc-Challenge-29_01-Recovered-600x338.png 600w, https:\/\/www.marocchallenge.com\/wp-content\/uploads\/2025\/01\/Maroc-Challenge-29_01-Recovered-768x432.png 768w, https:\/\/www.marocchallenge.com\/wp-content\/uploads\/2025\/01\/Maroc-Challenge-29_01-Recovered-800x450.png 800w, https:\/\/www.marocchallenge.com\/wp-content\/uploads\/2025\/01\/Maroc-Challenge-29_01-Recovered-1024x576.png 1024w, https:\/\/www.marocchallenge.com\/wp-content\/uploads\/2025\/01\/Maroc-Challenge-29_01-Recovered.png 1200w\" sizes=\"(max-width: 1200px) 100vw, 1200px\" \/><\/h2>\n<h2>La Maroc Challenge Spring 2025, qui se d\u00e9roulera du 11 au 19 avril, a officiellement commenc\u00e9 son compte \u00e0 rebours. D\u00e9but f\u00e9vrier, une \u00e9quipe se rendra au Maroc pour effectuer les reconnaissances de l\u2019itin\u00e9raire pr\u00e9vu et v\u00e9rifier les diff\u00e9rentes zones que traversera cette \u00e9dition, afin de proposer un parcours \u00e0 la hauteur des attentes des participants.<\/h2>\n<p>Cette \u00e9dition apporte des nouveaut\u00e9s importantes. L\u2019un des changements les plus remarquables est que le rallye d\u00e9butera et se terminera \u00e0 Sa\u00efdia, avec un itin\u00e9raire renouvel\u00e9 con\u00e7u pour explorer de nouvelles zones qui repr\u00e9senteront un v\u00e9ritable d\u00e9fi pour les participants.<\/p>\n<p>Lors de cette Spring 2025, le passage par l\u2019Atlas sera de retour, un \u00e9l\u00e9ment embl\u00e9matique de la comp\u00e9tition, offrant des paysages spectaculaires et le d\u00e9fi suppl\u00e9mentaire d\u2019une m\u00e9t\u00e9o impr\u00e9visible. Depuis Midelt, le parcours conduira les participants \u00e0 Erfoud, o\u00f9 deux \u00e9tapes en boucle seront organis\u00e9es. Ces \u00e9tapes permettront aux \u00e9quipes de parcourir les trajets avec des v\u00e9hicules all\u00e9g\u00e9s, offrant ainsi plus de s\u00e9curit\u00e9 et de confort. La majorit\u00e9 de ces \u00e9tapes sera marqu\u00e9e par le sable, avec toujours un objectif : explorer les zones les plus inhospitali\u00e8res du d\u00e9sert marocain.<\/p>\n<p>Nous partagerons bient\u00f4t plus de d\u00e9tails sur l\u2019itin\u00e9raire, mais ce que nous pouvons d\u00e9j\u00e0 confirmer, c\u2019est que les parcours, fid\u00e8les \u00e0 la philosophie de la Maroc Challenge, seront adapt\u00e9s et con\u00e7us pour \u00eatre accessibles \u00e0 toutes les cat\u00e9gories.<\/p>\n","protected":false},"excerpt":{"rendered":"<p>La Maroc Challenge Spring 2025, qui se d\u00e9roulera du 11<\/p>\n","protected":false},"author":2,"featured_media":22767,"comment_status":"closed","ping_status":"closed","sticky":false,"template":"","format":"standard","meta":{"footnotes":""},"categories":[91],"tags":[],"class_list":["post-22772","post","type-post","status-publish","format-standard","has-post-thumbnail","hentry","category-noticias-fr"],"yoast_head":"<!-- This site is optimized with the Yoast SEO plugin v27.4 - https:\/\/yoast.com\/product\/yoast-seo-wordpress\/ -->\n<title>LES RECONNAISSANCES COMMENCENT EN F\u00c9VRIER ! - Maroc Challenge<\/title>\n<meta name=\"description\" content=\"D\u00e9but f\u00e9vrier, une \u00e9quipe se rendra au Maroc pour effectuer les reconnaissances de l\u2019itin\u00e9raire pr\u00e9vu et v\u00e9rifier les diff\u00e9rentes zones que traversera cette \u00e9dition, afin de proposer un parcours \u00e0 la hauteur des attentes des participants.\" \/>\n<meta name=\"robots\" content=\"index, follow, max-snippet:-1, max-image-preview:large, max-video-preview:-1\" \/>\n<link rel=\"canonical\" href=\"https:\/\/www.marocchallenge.com\/fr\/les-reconnaissances-commencent-en-fevrier\/\" \/>\n<meta property=\"og:locale\" content=\"fr_FR\" \/>\n<meta property=\"og:type\" content=\"article\" \/>\n<meta property=\"og:title\" content=\"LES RECONNAISSANCES COMMENCENT EN F\u00c9VRIER ! - Maroc Challenge\" \/>\n<meta property=\"og:description\" content=\"D\u00e9but f\u00e9vrier, une \u00e9quipe se rendra au Maroc pour effectuer les reconnaissances de l\u2019itin\u00e9raire pr\u00e9vu et v\u00e9rifier les diff\u00e9rentes zones que traversera cette \u00e9dition, afin de proposer un parcours \u00e0 la hauteur des attentes des participants.\" \/>\n<meta property=\"og:url\" content=\"https:\/\/www.marocchallenge.com\/fr\/les-reconnaissances-commencent-en-fevrier\/\" \/>\n<meta property=\"og:site_name\" content=\"Maroc Challenge\" \/>\n<meta property=\"article:publisher\" content=\"https:\/\/www.facebook.com\/MarocChallenge\/\" \/>\n<meta property=\"article:published_time\" content=\"2025-01-29T13:11:00+00:00\" \/>\n<meta property=\"article:modified_time\" content=\"2025-01-29T13:18:31+00:00\" \/>\n<meta property=\"og:image\" content=\"https:\/\/www.marocchallenge.com\/wp-content\/uploads\/2025\/01\/Maroc-Challenge-29_01-Recovered.png\" \/>\n\t<meta property=\"og:image:width\" content=\"1200\" \/>\n\t<meta property=\"og:image:height\" content=\"675\" \/>\n\t<meta property=\"og:image:type\" content=\"image\/png\" \/>\n<meta name=\"author\" content=\"Rui Caba\u00e7o\" \/>\n<meta name=\"twitter:card\" content=\"summary_large_image\" \/>\n<meta name=\"twitter:creator\" content=\"@marochallenge\" \/>\n<meta name=\"twitter:site\" content=\"@marochallenge\" \/>\n<meta name=\"twitter:label1\" content=\"\u00c9crit par\" \/>\n\t<meta name=\"twitter:data1\" content=\"Rui Caba\u00e7o\" \/>\n\t<meta name=\"twitter:label2\" content=\"Dur\u00e9e de lecture estim\u00e9e\" \/>\n\t<meta name=\"twitter:data2\" content=\"2 minutes\" \/>\n<script type=\"application\/ld+json\" class=\"yoast-schema-graph\">{\"@context\":\"https:\\\/\\\/schema.org\",\"@graph\":[{\"@type\":\"Article\",\"@id\":\"https:\\\/\\\/www.marocchallenge.com\\\/fr\\\/les-reconnaissances-commencent-en-fevrier\\\/#article\",\"isPartOf\":{\"@id\":\"https:\\\/\\\/www.marocchallenge.com\\\/fr\\\/les-reconnaissances-commencent-en-fevrier\\\/\"},\"author\":{\"name\":\"Rui Caba\u00e7o\",\"@id\":\"https:\\\/\\\/www.marocchallenge.com\\\/fr\\\/#\\\/schema\\\/person\\\/298a597a188b0019416217b2301b9e10\"},\"headline\":\"LES RECONNAISSANCES COMMENCENT EN F\u00c9VRIER !\",\"datePublished\":\"2025-01-29T13:11:00+00:00\",\"dateModified\":\"2025-01-29T13:18:31+00:00\",\"mainEntityOfPage\":{\"@id\":\"https:\\\/\\\/www.marocchallenge.com\\\/fr\\\/les-reconnaissances-commencent-en-fevrier\\\/\"},\"wordCount\":264,\"publisher\":{\"@id\":\"https:\\\/\\\/www.marocchallenge.com\\\/fr\\\/#organization\"},\"image\":{\"@id\":\"https:\\\/\\\/www.marocchallenge.com\\\/fr\\\/les-reconnaissances-commencent-en-fevrier\\\/#primaryimage\"},\"thumbnailUrl\":\"https:\\\/\\\/www.marocchallenge.com\\\/wp-content\\\/uploads\\\/2025\\\/01\\\/Maroc-Challenge-29_01-Recovered.png\",\"articleSection\":[\"Noticias\"],\"inLanguage\":\"fr-FR\"},{\"@type\":\"WebPage\",\"@id\":\"https:\\\/\\\/www.marocchallenge.com\\\/fr\\\/les-reconnaissances-commencent-en-fevrier\\\/\",\"url\":\"https:\\\/\\\/www.marocchallenge.com\\\/fr\\\/les-reconnaissances-commencent-en-fevrier\\\/\",\"name\":\"LES RECONNAISSANCES COMMENCENT EN F\u00c9VRIER ! - Maroc Challenge\",\"isPartOf\":{\"@id\":\"https:\\\/\\\/www.marocchallenge.com\\\/fr\\\/#website\"},\"primaryImageOfPage\":{\"@id\":\"https:\\\/\\\/www.marocchallenge.com\\\/fr\\\/les-reconnaissances-commencent-en-fevrier\\\/#primaryimage\"},\"image\":{\"@id\":\"https:\\\/\\\/www.marocchallenge.com\\\/fr\\\/les-reconnaissances-commencent-en-fevrier\\\/#primaryimage\"},\"thumbnailUrl\":\"https:\\\/\\\/www.marocchallenge.com\\\/wp-content\\\/uploads\\\/2025\\\/01\\\/Maroc-Challenge-29_01-Recovered.png\",\"datePublished\":\"2025-01-29T13:11:00+00:00\",\"dateModified\":\"2025-01-29T13:18:31+00:00\",\"description\":\"D\u00e9but f\u00e9vrier, une \u00e9quipe se rendra au Maroc pour effectuer les reconnaissances de l\u2019itin\u00e9raire pr\u00e9vu et v\u00e9rifier les diff\u00e9rentes zones que traversera cette \u00e9dition, afin de proposer un parcours \u00e0 la hauteur des attentes des participants.\",\"breadcrumb\":{\"@id\":\"https:\\\/\\\/www.marocchallenge.com\\\/fr\\\/les-reconnaissances-commencent-en-fevrier\\\/#breadcrumb\"},\"inLanguage\":\"fr-FR\",\"potentialAction\":[{\"@type\":\"ReadAction\",\"target\":[\"https:\\\/\\\/www.marocchallenge.com\\\/fr\\\/les-reconnaissances-commencent-en-fevrier\\\/\"]}]},{\"@type\":\"ImageObject\",\"inLanguage\":\"fr-FR\",\"@id\":\"https:\\\/\\\/www.marocchallenge.com\\\/fr\\\/les-reconnaissances-commencent-en-fevrier\\\/#primaryimage\",\"url\":\"https:\\\/\\\/www.marocchallenge.com\\\/wp-content\\\/uploads\\\/2025\\\/01\\\/Maroc-Challenge-29_01-Recovered.png\",\"contentUrl\":\"https:\\\/\\\/www.marocchallenge.com\\\/wp-content\\\/uploads\\\/2025\\\/01\\\/Maroc-Challenge-29_01-Recovered.png\",\"width\":1200,\"height\":675},{\"@type\":\"BreadcrumbList\",\"@id\":\"https:\\\/\\\/www.marocchallenge.com\\\/fr\\\/les-reconnaissances-commencent-en-fevrier\\\/#breadcrumb\",\"itemListElement\":[{\"@type\":\"ListItem\",\"position\":1,\"name\":\"Portada\",\"item\":\"https:\\\/\\\/www.marocchallenge.com\\\/fr\\\/\"},{\"@type\":\"ListItem\",\"position\":2,\"name\":\"LES RECONNAISSANCES COMMENCENT EN F\u00c9VRIER !\"}]},{\"@type\":\"WebSite\",\"@id\":\"https:\\\/\\\/www.marocchallenge.com\\\/fr\\\/#website\",\"url\":\"https:\\\/\\\/www.marocchallenge.com\\\/fr\\\/\",\"name\":\"Maroc Challenge\",\"description\":\"Le Dakar des ann\u00e9es 70 pour les aventuriers d\u2019aujourd\u2019hui\",\"publisher\":{\"@id\":\"https:\\\/\\\/www.marocchallenge.com\\\/fr\\\/#organization\"},\"potentialAction\":[{\"@type\":\"SearchAction\",\"target\":{\"@type\":\"EntryPoint\",\"urlTemplate\":\"https:\\\/\\\/www.marocchallenge.com\\\/fr\\\/?s={search_term_string}\"},\"query-input\":{\"@type\":\"PropertyValueSpecification\",\"valueRequired\":true,\"valueName\":\"search_term_string\"}}],\"inLanguage\":\"fr-FR\"},{\"@type\":\"Organization\",\"@id\":\"https:\\\/\\\/www.marocchallenge.com\\\/fr\\\/#organization\",\"name\":\"Maroc Challenge - El Dakar de los 70's para los aventureros de hoy\",\"url\":\"https:\\\/\\\/www.marocchallenge.com\\\/fr\\\/\",\"logo\":{\"@type\":\"ImageObject\",\"inLanguage\":\"fr-FR\",\"@id\":\"https:\\\/\\\/www.marocchallenge.com\\\/fr\\\/#\\\/schema\\\/logo\\\/image\\\/\",\"url\":\"https:\\\/\\\/www.marocchallenge.com\\\/wp-content\\\/uploads\\\/2020\\\/03\\\/Logo-Maroc_Challenge.png\",\"contentUrl\":\"https:\\\/\\\/www.marocchallenge.com\\\/wp-content\\\/uploads\\\/2020\\\/03\\\/Logo-Maroc_Challenge.png\",\"width\":170,\"height\":96,\"caption\":\"Maroc Challenge - El Dakar de los 70's para los aventureros de hoy\"},\"image\":{\"@id\":\"https:\\\/\\\/www.marocchallenge.com\\\/fr\\\/#\\\/schema\\\/logo\\\/image\\\/\"},\"sameAs\":[\"https:\\\/\\\/www.facebook.com\\\/MarocChallenge\\\/\",\"https:\\\/\\\/x.com\\\/marochallenge\",\"https:\\\/\\\/www.instagram.com\\\/marocchallenge\\\/\",\"https:\\\/\\\/www.linkedin.com\\\/company\\\/maroc-challenge\",\"https:\\\/\\\/www.youtube.com\\\/user\\\/MarocChallenge\"]},{\"@type\":\"Person\",\"@id\":\"https:\\\/\\\/www.marocchallenge.com\\\/fr\\\/#\\\/schema\\\/person\\\/298a597a188b0019416217b2301b9e10\",\"name\":\"Rui Caba\u00e7o\",\"image\":{\"@type\":\"ImageObject\",\"inLanguage\":\"fr-FR\",\"@id\":\"https:\\\/\\\/secure.gravatar.com\\\/avatar\\\/7ac3f434351cbd7875a5f064f6695a52ab4f6ffeb48c6bffb908c8e6f0e3bf73?s=96&d=mm&r=g\",\"url\":\"https:\\\/\\\/secure.gravatar.com\\\/avatar\\\/7ac3f434351cbd7875a5f064f6695a52ab4f6ffeb48c6bffb908c8e6f0e3bf73?s=96&d=mm&r=g\",\"contentUrl\":\"https:\\\/\\\/secure.gravatar.com\\\/avatar\\\/7ac3f434351cbd7875a5f064f6695a52ab4f6ffeb48c6bffb908c8e6f0e3bf73?s=96&d=mm&r=g\",\"caption\":\"Rui Caba\u00e7o\"}}]}<\/script>\n<!-- \/ Yoast SEO plugin. -->","yoast_head_json":{"title":"LES RECONNAISSANCES COMMENCENT EN F\u00c9VRIER ! - Maroc Challenge","description":"D\u00e9but f\u00e9vrier, une \u00e9quipe se rendra au Maroc pour effectuer les reconnaissances de l\u2019itin\u00e9raire pr\u00e9vu et v\u00e9rifier les diff\u00e9rentes zones que traversera cette \u00e9dition, afin de proposer un parcours \u00e0 la hauteur des attentes des participants.","robots":{"index":"index","follow":"follow","max-snippet":"max-snippet:-1","max-image-preview":"max-image-preview:large","max-video-preview":"max-video-preview:-1"},"canonical":"https:\/\/www.marocchallenge.com\/fr\/les-reconnaissances-commencent-en-fevrier\/","og_locale":"fr_FR","og_type":"article","og_title":"LES RECONNAISSANCES COMMENCENT EN F\u00c9VRIER ! - Maroc Challenge","og_description":"D\u00e9but f\u00e9vrier, une \u00e9quipe se rendra au Maroc pour effectuer les reconnaissances de l\u2019itin\u00e9raire pr\u00e9vu et v\u00e9rifier les diff\u00e9rentes zones que traversera cette \u00e9dition, afin de proposer un parcours \u00e0 la hauteur des attentes des participants.","og_url":"https:\/\/www.marocchallenge.com\/fr\/les-reconnaissances-commencent-en-fevrier\/","og_site_name":"Maroc Challenge","article_publisher":"https:\/\/www.facebook.com\/MarocChallenge\/","article_published_time":"2025-01-29T13:11:00+00:00","article_modified_time":"2025-01-29T13:18:31+00:00","og_image":[{"width":1200,"height":675,"url":"https:\/\/www.marocchallenge.com\/wp-content\/uploads\/2025\/01\/Maroc-Challenge-29_01-Recovered.png","type":"image\/png"}],"author":"Rui Caba\u00e7o","twitter_card":"summary_large_image","twitter_creator":"@marochallenge","twitter_site":"@marochallenge","twitter_misc":{"\u00c9crit par":"Rui Caba\u00e7o","Dur\u00e9e de lecture estim\u00e9e":"2 minutes"},"schema":{"@context":"https:\/\/schema.org","@graph":[{"@type":"Article","@id":"https:\/\/www.marocchallenge.com\/fr\/les-reconnaissances-commencent-en-fevrier\/#article","isPartOf":{"@id":"https:\/\/www.marocchallenge.com\/fr\/les-reconnaissances-commencent-en-fevrier\/"},"author":{"name":"Rui Caba\u00e7o","@id":"https:\/\/www.marocchallenge.com\/fr\/#\/schema\/person\/298a597a188b0019416217b2301b9e10"},"headline":"LES RECONNAISSANCES COMMENCENT EN F\u00c9VRIER !","datePublished":"2025-01-29T13:11:00+00:00","dateModified":"2025-01-29T13:18:31+00:00","mainEntityOfPage":{"@id":"https:\/\/www.marocchallenge.com\/fr\/les-reconnaissances-commencent-en-fevrier\/"},"wordCount":264,"publisher":{"@id":"https:\/\/www.marocchallenge.com\/fr\/#organization"},"image":{"@id":"https:\/\/www.marocchallenge.com\/fr\/les-reconnaissances-commencent-en-fevrier\/#primaryimage"},"thumbnailUrl":"https:\/\/www.marocchallenge.com\/wp-content\/uploads\/2025\/01\/Maroc-Challenge-29_01-Recovered.png","articleSection":["Noticias"],"inLanguage":"fr-FR"},{"@type":"WebPage","@id":"https:\/\/www.marocchallenge.com\/fr\/les-reconnaissances-commencent-en-fevrier\/","url":"https:\/\/www.marocchallenge.com\/fr\/les-reconnaissances-commencent-en-fevrier\/","name":"LES RECONNAISSANCES COMMENCENT EN F\u00c9VRIER ! - Maroc Challenge","isPartOf":{"@id":"https:\/\/www.marocchallenge.com\/fr\/#website"},"primaryImageOfPage":{"@id":"https:\/\/www.marocchallenge.com\/fr\/les-reconnaissances-commencent-en-fevrier\/#primaryimage"},"image":{"@id":"https:\/\/www.marocchallenge.com\/fr\/les-reconnaissances-commencent-en-fevrier\/#primaryimage"},"thumbnailUrl":"https:\/\/www.marocchallenge.com\/wp-content\/uploads\/2025\/01\/Maroc-Challenge-29_01-Recovered.png","datePublished":"2025-01-29T13:11:00+00:00","dateModified":"2025-01-29T13:18:31+00:00","description":"D\u00e9but f\u00e9vrier, une \u00e9quipe se rendra au Maroc pour effectuer les reconnaissances de l\u2019itin\u00e9raire pr\u00e9vu et v\u00e9rifier les diff\u00e9rentes zones que traversera cette \u00e9dition, afin de proposer un parcours \u00e0 la hauteur des attentes des participants.","breadcrumb":{"@id":"https:\/\/www.marocchallenge.com\/fr\/les-reconnaissances-commencent-en-fevrier\/#breadcrumb"},"inLanguage":"fr-FR","potentialAction":[{"@type":"ReadAction","target":["https:\/\/www.marocchallenge.com\/fr\/les-reconnaissances-commencent-en-fevrier\/"]}]},{"@type":"ImageObject","inLanguage":"fr-FR","@id":"https:\/\/www.marocchallenge.com\/fr\/les-reconnaissances-commencent-en-fevrier\/#primaryimage","url":"https:\/\/www.marocchallenge.com\/wp-content\/uploads\/2025\/01\/Maroc-Challenge-29_01-Recovered.png","contentUrl":"https:\/\/www.marocchallenge.com\/wp-content\/uploads\/2025\/01\/Maroc-Challenge-29_01-Recovered.png","width":1200,"height":675},{"@type":"BreadcrumbList","@id":"https:\/\/www.marocchallenge.com\/fr\/les-reconnaissances-commencent-en-fevrier\/#breadcrumb","itemListElement":[{"@type":"ListItem","position":1,"name":"Portada","item":"https:\/\/www.marocchallenge.com\/fr\/"},{"@type":"ListItem","position":2,"name":"LES RECONNAISSANCES COMMENCENT EN F\u00c9VRIER !"}]},{"@type":"WebSite","@id":"https:\/\/www.marocchallenge.com\/fr\/#website","url":"https:\/\/www.marocchallenge.com\/fr\/","name":"Maroc Challenge","description":"Le Dakar des ann\u00e9es 70 pour les aventuriers d\u2019aujourd\u2019hui","publisher":{"@id":"https:\/\/www.marocchallenge.com\/fr\/#organization"},"potentialAction":[{"@type":"SearchAction","target":{"@type":"EntryPoint","urlTemplate":"https:\/\/www.marocchallenge.com\/fr\/?s={search_term_string}"},"query-input":{"@type":"PropertyValueSpecification","valueRequired":true,"valueName":"search_term_string"}}],"inLanguage":"fr-FR"},{"@type":"Organization","@id":"https:\/\/www.marocchallenge.com\/fr\/#organization","name":"Maroc Challenge - El Dakar de los 70's para los aventureros de hoy","url":"https:\/\/www.marocchallenge.com\/fr\/","logo":{"@type":"ImageObject","inLanguage":"fr-FR","@id":"https:\/\/www.marocchallenge.com\/fr\/#\/schema\/logo\/image\/","url":"https:\/\/www.marocchallenge.com\/wp-content\/uploads\/2020\/03\/Logo-Maroc_Challenge.png","contentUrl":"https:\/\/www.marocchallenge.com\/wp-content\/uploads\/2020\/03\/Logo-Maroc_Challenge.png","width":170,"height":96,"caption":"Maroc Challenge - El Dakar de los 70's para los aventureros de hoy"},"image":{"@id":"https:\/\/www.marocchallenge.com\/fr\/#\/schema\/logo\/image\/"},"sameAs":["https:\/\/www.facebook.com\/MarocChallenge\/","https:\/\/x.com\/marochallenge","https:\/\/www.instagram.com\/marocchallenge\/","https:\/\/www.linkedin.com\/company\/maroc-challenge","https:\/\/www.youtube.com\/user\/MarocChallenge"]},{"@type":"Person","@id":"https:\/\/www.marocchallenge.com\/fr\/#\/schema\/person\/298a597a188b0019416217b2301b9e10","name":"Rui Caba\u00e7o","image":{"@type":"ImageObject","inLanguage":"fr-FR","@id":"https:\/\/secure.gravatar.com\/avatar\/7ac3f434351cbd7875a5f064f6695a52ab4f6ffeb48c6bffb908c8e6f0e3bf73?s=96&d=mm&r=g","url":"https:\/\/secure.gravatar.com\/avatar\/7ac3f434351cbd7875a5f064f6695a52ab4f6ffeb48c6bffb908c8e6f0e3bf73?s=96&d=mm&r=g","contentUrl":"https:\/\/secure.gravatar.com\/avatar\/7ac3f434351cbd7875a5f064f6695a52ab4f6ffeb48c6bffb908c8e6f0e3bf73?s=96&d=mm&r=g","caption":"Rui Caba\u00e7o"}}]}},"_links":{"self":[{"href":"https:\/\/www.marocchallenge.com\/fr\/wp-json\/wp\/v2\/posts\/22772","targetHints":{"allow":["GET"]}}],"collection":[{"href":"https:\/\/www.marocchallenge.com\/fr\/wp-json\/wp\/v2\/posts"}],"about":[{"href":"https:\/\/www.marocchallenge.com\/fr\/wp-json\/wp\/v2\/types\/post"}],"author":[{"embeddable":true,"href":"https:\/\/www.marocchallenge.com\/fr\/wp-json\/wp\/v2\/users\/2"}],"replies":[{"embeddable":true,"href":"https:\/\/www.marocchallenge.com\/fr\/wp-json\/wp\/v2\/comments?post=22772"}],"version-history":[{"count":2,"href":"https:\/\/www.marocchallenge.com\/fr\/wp-json\/wp\/v2\/posts\/22772\/revisions"}],"predecessor-version":[{"id":22778,"href":"https:\/\/www.marocchallenge.com\/fr\/wp-json\/wp\/v2\/posts\/22772\/revisions\/22778"}],"wp:featuredmedia":[{"embeddable":true,"href":"https:\/\/www.marocchallenge.com\/fr\/wp-json\/wp\/v2\/media\/22767"}],"wp:attachment":[{"href":"https:\/\/www.marocchallenge.com\/fr\/wp-json\/wp\/v2\/media?parent=22772"}],"wp:term":[{"taxonomy":"category","embeddable":true,"href":"https:\/\/www.marocchallenge.com\/fr\/wp-json\/wp\/v2\/categories?post=22772"},{"taxonomy":"post_tag","embeddable":true,"href":"https:\/\/www.marocchallenge.com\/fr\/wp-json\/wp\/v2\/tags?post=22772"}],"curies":[{"name":"wp","href":"https:\/\/api.w.org\/{rel}","templated":true}]}}