{"id":23176,"date":"2025-05-05T00:00:32","date_gmt":"2025-05-05T00:00:32","guid":{"rendered":"https:\/\/www.marocchallenge.com\/mas-arena-y-dunas-para-la-winter-2025\/"},"modified":"2025-05-04T20:25:05","modified_gmt":"2025-05-04T20:25:05","slug":"plus-de-sable-et-de-dunes-pour-la-winter-2025","status":"publish","type":"post","link":"https:\/\/www.marocchallenge.com\/fr\/plus-de-sable-et-de-dunes-pour-la-winter-2025\/","title":{"rendered":"PLUS DE SABLE ET DE DUNES POUR LA WINTER 2025 !"},"content":{"rendered":"<p><img decoding=\"async\" class=\"alignnone wp-image-23158 size-full\" src=\"https:\/\/www.marocchallenge.com\/wp-content\/uploads\/2025\/05\/Maroc-Challenge-05_05.png\" alt=\"\" width=\"1200\" height=\"675\" srcset=\"https:\/\/www.marocchallenge.com\/wp-content\/uploads\/2025\/05\/Maroc-Challenge-05_05-200x113.png 200w, https:\/\/www.marocchallenge.com\/wp-content\/uploads\/2025\/05\/Maroc-Challenge-05_05-300x169.png 300w, https:\/\/www.marocchallenge.com\/wp-content\/uploads\/2025\/05\/Maroc-Challenge-05_05-400x225.png 400w, https:\/\/www.marocchallenge.com\/wp-content\/uploads\/2025\/05\/Maroc-Challenge-05_05-600x338.png 600w, https:\/\/www.marocchallenge.com\/wp-content\/uploads\/2025\/05\/Maroc-Challenge-05_05-768x432.png 768w, https:\/\/www.marocchallenge.com\/wp-content\/uploads\/2025\/05\/Maroc-Challenge-05_05-800x450.png 800w, https:\/\/www.marocchallenge.com\/wp-content\/uploads\/2025\/05\/Maroc-Challenge-05_05-1024x576.png 1024w, https:\/\/www.marocchallenge.com\/wp-content\/uploads\/2025\/05\/Maroc-Challenge-05_05.png 1200w\" sizes=\"(max-width: 1200px) 100vw, 1200px\" \/><\/p>\n<h2>Les inscriptions pour la Winter 2025 sont d\u00e9j\u00e0 ouvertes et, avec elles, nous vous d\u00e9voilons les premiers d\u00e9tails d&rsquo;une \u00e9dition o\u00f9 le sable et les dunes seront \u00e0 nouveau les grands protagonistes.<\/h2>\n<p>La 24e \u00e9dition du <em>Maroc Challenge<\/em>, qui se d\u00e9roulera du <strong>28 novembre au 6 d\u00e9cembre<\/strong>, d\u00e9butera \u00e0 <strong>Er-Rachidia<\/strong>, o\u00f9 auront \u00e9galement lieu les v\u00e9rifications administratives et techniques, pour se conclure apr\u00e8s six \u00e9tapes intenses et exigeantes au pied de l\u2019<strong>Erg Chebbi<\/strong>.<\/p>\n<p>Cette \u00e9dition sera r\u00e9solument tourn\u00e9e vers le d\u00e9sert, avec des \u00e9tapes <strong>100 % off-road<\/strong> et tr\u00e8s peu de liaisons routi\u00e8res. L\u2019itin\u00e9raire sera renouvel\u00e9, alternant zones in\u00e9dites et lieux embl\u00e9matiques du <em>Maroc Challenge<\/em>. Du premier au dernier jour, <strong>le sable et les dunes seront omnipr\u00e9sents<\/strong>.<\/p>\n<p>Le bivouac traditionnel, apr\u00e8s la troisi\u00e8me \u00e9tape, sera install\u00e9 \u00e0 <strong>Sidi Ali<\/strong>, pr\u00e8s du lac <strong>Maider<\/strong> et du village de <strong>Tafraoute<\/strong>, aux alentours de <strong>Tissint<\/strong>, \u00e0 mi-chemin entre <strong>Zagora et Erfoud<\/strong>.<\/p>\n<p>Ce sera l\u2019une des \u00e9ditions les plus <strong>aventuri\u00e8res et exigeantes<\/strong> de l\u2019histoire de l\u2019\u00e9preuve, absolument inoubliable, comme toutes celles o\u00f9 le sable et les dunes dominent. Comme toujours, les difficult\u00e9s seront <strong>adapt\u00e9es \u00e0 chaque cat\u00e9gorie<\/strong>, avec d\u2019importantes <strong>nouveaut\u00e9s<\/strong> pour cette \u00e9dition.<\/p>\n<p>Dans le but de continuer \u00e0 offrir un espace d\u2019\u00e9volution pour tous les participants, la <em>Winter 2025<\/em> introduit <strong>quatre nouvelles cat\u00e9gories<\/strong> :<br \/>\n<strong>RAID C2, RAID C2 PRO, RAID C4 PRO et RAID TT PRO<\/strong>, con\u00e7ues pour accompagner la progression de nos \u00e9quipes les plus exp\u00e9riment\u00e9es.<\/p>\n<p>Sur notre site web, vous trouverez tous les d\u00e9tails concernant les nouvelles cat\u00e9gories, les inscriptions et les p\u00e9riodes permettant de b\u00e9n\u00e9ficier des tarifs les plus avantageux.<\/p>\n","protected":false},"excerpt":{"rendered":"<p>Les inscriptions pour la Winter 2025 sont d\u00e9j\u00e0 ouvertes et,<\/p>\n","protected":false},"author":2,"featured_media":23160,"comment_status":"closed","ping_status":"closed","sticky":false,"template":"","format":"standard","meta":{"footnotes":""},"categories":[91],"tags":[],"class_list":["post-23176","post","type-post","status-publish","format-standard","has-post-thumbnail","hentry","category-noticias-fr"],"yoast_head":"<!-- This site is optimized with the Yoast SEO plugin v27.4 - https:\/\/yoast.com\/product\/yoast-seo-wordpress\/ -->\n<title>PLUS DE SABLE ET DE DUNES POUR LA WINTER 2025 ! - Maroc Challenge<\/title>\n<meta name=\"description\" content=\"Les inscriptions pour la Winter 2025 sont d\u00e9j\u00e0 ouvertes et, avec elles, nous vous d\u00e9voilons les premiers d\u00e9tails d&#039;une \u00e9dition o\u00f9 le sable et les dunes seront \u00e0 nouveau les grands protagonistes.\" \/>\n<meta name=\"robots\" content=\"index, follow, max-snippet:-1, max-image-preview:large, max-video-preview:-1\" \/>\n<link rel=\"canonical\" href=\"https:\/\/www.marocchallenge.com\/fr\/plus-de-sable-et-de-dunes-pour-la-winter-2025\/\" \/>\n<meta property=\"og:locale\" content=\"fr_FR\" \/>\n<meta property=\"og:type\" content=\"article\" \/>\n<meta property=\"og:title\" content=\"PLUS DE SABLE ET DE DUNES POUR LA WINTER 2025 ! - Maroc Challenge\" \/>\n<meta property=\"og:description\" content=\"Les inscriptions pour la Winter 2025 sont d\u00e9j\u00e0 ouvertes et, avec elles, nous vous d\u00e9voilons les premiers d\u00e9tails d&#039;une \u00e9dition o\u00f9 le sable et les dunes seront \u00e0 nouveau les grands protagonistes.\" \/>\n<meta property=\"og:url\" content=\"https:\/\/www.marocchallenge.com\/fr\/plus-de-sable-et-de-dunes-pour-la-winter-2025\/\" \/>\n<meta property=\"og:site_name\" content=\"Maroc Challenge\" \/>\n<meta property=\"article:publisher\" content=\"https:\/\/www.facebook.com\/MarocChallenge\/\" \/>\n<meta property=\"article:published_time\" content=\"2025-05-05T00:00:32+00:00\" \/>\n<meta property=\"og:image\" content=\"https:\/\/www.marocchallenge.com\/wp-content\/uploads\/2025\/05\/Maroc-Challenge-05_05.png\" \/>\n\t<meta property=\"og:image:width\" content=\"1200\" \/>\n\t<meta property=\"og:image:height\" content=\"675\" \/>\n\t<meta property=\"og:image:type\" content=\"image\/png\" \/>\n<meta name=\"author\" content=\"Rui Caba\u00e7o\" \/>\n<meta name=\"twitter:card\" content=\"summary_large_image\" \/>\n<meta name=\"twitter:creator\" content=\"@marochallenge\" \/>\n<meta name=\"twitter:site\" content=\"@marochallenge\" \/>\n<meta name=\"twitter:label1\" content=\"\u00c9crit par\" \/>\n\t<meta name=\"twitter:data1\" content=\"Rui Caba\u00e7o\" \/>\n\t<meta name=\"twitter:label2\" content=\"Dur\u00e9e de lecture estim\u00e9e\" \/>\n\t<meta name=\"twitter:data2\" content=\"2 minutes\" \/>\n<script type=\"application\/ld+json\" class=\"yoast-schema-graph\">{\"@context\":\"https:\\\/\\\/schema.org\",\"@graph\":[{\"@type\":\"Article\",\"@id\":\"https:\\\/\\\/www.marocchallenge.com\\\/fr\\\/plus-de-sable-et-de-dunes-pour-la-winter-2025\\\/#article\",\"isPartOf\":{\"@id\":\"https:\\\/\\\/www.marocchallenge.com\\\/fr\\\/plus-de-sable-et-de-dunes-pour-la-winter-2025\\\/\"},\"author\":{\"name\":\"Rui Caba\u00e7o\",\"@id\":\"https:\\\/\\\/www.marocchallenge.com\\\/fr\\\/#\\\/schema\\\/person\\\/298a597a188b0019416217b2301b9e10\"},\"headline\":\"PLUS DE SABLE ET DE DUNES POUR LA WINTER 2025 !\",\"datePublished\":\"2025-05-05T00:00:32+00:00\",\"mainEntityOfPage\":{\"@id\":\"https:\\\/\\\/www.marocchallenge.com\\\/fr\\\/plus-de-sable-et-de-dunes-pour-la-winter-2025\\\/\"},\"wordCount\":298,\"publisher\":{\"@id\":\"https:\\\/\\\/www.marocchallenge.com\\\/fr\\\/#organization\"},\"image\":{\"@id\":\"https:\\\/\\\/www.marocchallenge.com\\\/fr\\\/plus-de-sable-et-de-dunes-pour-la-winter-2025\\\/#primaryimage\"},\"thumbnailUrl\":\"https:\\\/\\\/www.marocchallenge.com\\\/wp-content\\\/uploads\\\/2025\\\/05\\\/Maroc-Challenge-05_05.png\",\"articleSection\":[\"Noticias\"],\"inLanguage\":\"fr-FR\"},{\"@type\":\"WebPage\",\"@id\":\"https:\\\/\\\/www.marocchallenge.com\\\/fr\\\/plus-de-sable-et-de-dunes-pour-la-winter-2025\\\/\",\"url\":\"https:\\\/\\\/www.marocchallenge.com\\\/fr\\\/plus-de-sable-et-de-dunes-pour-la-winter-2025\\\/\",\"name\":\"PLUS DE SABLE ET DE DUNES POUR LA WINTER 2025 ! - Maroc Challenge\",\"isPartOf\":{\"@id\":\"https:\\\/\\\/www.marocchallenge.com\\\/fr\\\/#website\"},\"primaryImageOfPage\":{\"@id\":\"https:\\\/\\\/www.marocchallenge.com\\\/fr\\\/plus-de-sable-et-de-dunes-pour-la-winter-2025\\\/#primaryimage\"},\"image\":{\"@id\":\"https:\\\/\\\/www.marocchallenge.com\\\/fr\\\/plus-de-sable-et-de-dunes-pour-la-winter-2025\\\/#primaryimage\"},\"thumbnailUrl\":\"https:\\\/\\\/www.marocchallenge.com\\\/wp-content\\\/uploads\\\/2025\\\/05\\\/Maroc-Challenge-05_05.png\",\"datePublished\":\"2025-05-05T00:00:32+00:00\",\"description\":\"Les inscriptions pour la Winter 2025 sont d\u00e9j\u00e0 ouvertes et, avec elles, nous vous d\u00e9voilons les premiers d\u00e9tails d'une \u00e9dition o\u00f9 le sable et les dunes seront \u00e0 nouveau les grands protagonistes.\",\"breadcrumb\":{\"@id\":\"https:\\\/\\\/www.marocchallenge.com\\\/fr\\\/plus-de-sable-et-de-dunes-pour-la-winter-2025\\\/#breadcrumb\"},\"inLanguage\":\"fr-FR\",\"potentialAction\":[{\"@type\":\"ReadAction\",\"target\":[\"https:\\\/\\\/www.marocchallenge.com\\\/fr\\\/plus-de-sable-et-de-dunes-pour-la-winter-2025\\\/\"]}]},{\"@type\":\"ImageObject\",\"inLanguage\":\"fr-FR\",\"@id\":\"https:\\\/\\\/www.marocchallenge.com\\\/fr\\\/plus-de-sable-et-de-dunes-pour-la-winter-2025\\\/#primaryimage\",\"url\":\"https:\\\/\\\/www.marocchallenge.com\\\/wp-content\\\/uploads\\\/2025\\\/05\\\/Maroc-Challenge-05_05.png\",\"contentUrl\":\"https:\\\/\\\/www.marocchallenge.com\\\/wp-content\\\/uploads\\\/2025\\\/05\\\/Maroc-Challenge-05_05.png\",\"width\":1200,\"height\":675},{\"@type\":\"BreadcrumbList\",\"@id\":\"https:\\\/\\\/www.marocchallenge.com\\\/fr\\\/plus-de-sable-et-de-dunes-pour-la-winter-2025\\\/#breadcrumb\",\"itemListElement\":[{\"@type\":\"ListItem\",\"position\":1,\"name\":\"Portada\",\"item\":\"https:\\\/\\\/www.marocchallenge.com\\\/fr\\\/\"},{\"@type\":\"ListItem\",\"position\":2,\"name\":\"PLUS DE SABLE ET DE DUNES POUR LA WINTER 2025 !\"}]},{\"@type\":\"WebSite\",\"@id\":\"https:\\\/\\\/www.marocchallenge.com\\\/fr\\\/#website\",\"url\":\"https:\\\/\\\/www.marocchallenge.com\\\/fr\\\/\",\"name\":\"Maroc Challenge\",\"description\":\"Le Dakar des ann\u00e9es 70 pour les aventuriers d\u2019aujourd\u2019hui\",\"publisher\":{\"@id\":\"https:\\\/\\\/www.marocchallenge.com\\\/fr\\\/#organization\"},\"potentialAction\":[{\"@type\":\"SearchAction\",\"target\":{\"@type\":\"EntryPoint\",\"urlTemplate\":\"https:\\\/\\\/www.marocchallenge.com\\\/fr\\\/?s={search_term_string}\"},\"query-input\":{\"@type\":\"PropertyValueSpecification\",\"valueRequired\":true,\"valueName\":\"search_term_string\"}}],\"inLanguage\":\"fr-FR\"},{\"@type\":\"Organization\",\"@id\":\"https:\\\/\\\/www.marocchallenge.com\\\/fr\\\/#organization\",\"name\":\"Maroc Challenge - El Dakar de los 70's para los aventureros de hoy\",\"url\":\"https:\\\/\\\/www.marocchallenge.com\\\/fr\\\/\",\"logo\":{\"@type\":\"ImageObject\",\"inLanguage\":\"fr-FR\",\"@id\":\"https:\\\/\\\/www.marocchallenge.com\\\/fr\\\/#\\\/schema\\\/logo\\\/image\\\/\",\"url\":\"https:\\\/\\\/www.marocchallenge.com\\\/wp-content\\\/uploads\\\/2020\\\/03\\\/Logo-Maroc_Challenge.png\",\"contentUrl\":\"https:\\\/\\\/www.marocchallenge.com\\\/wp-content\\\/uploads\\\/2020\\\/03\\\/Logo-Maroc_Challenge.png\",\"width\":170,\"height\":96,\"caption\":\"Maroc Challenge - El Dakar de los 70's para los aventureros de hoy\"},\"image\":{\"@id\":\"https:\\\/\\\/www.marocchallenge.com\\\/fr\\\/#\\\/schema\\\/logo\\\/image\\\/\"},\"sameAs\":[\"https:\\\/\\\/www.facebook.com\\\/MarocChallenge\\\/\",\"https:\\\/\\\/x.com\\\/marochallenge\",\"https:\\\/\\\/www.instagram.com\\\/marocchallenge\\\/\",\"https:\\\/\\\/www.linkedin.com\\\/company\\\/maroc-challenge\",\"https:\\\/\\\/www.youtube.com\\\/user\\\/MarocChallenge\"]},{\"@type\":\"Person\",\"@id\":\"https:\\\/\\\/www.marocchallenge.com\\\/fr\\\/#\\\/schema\\\/person\\\/298a597a188b0019416217b2301b9e10\",\"name\":\"Rui Caba\u00e7o\",\"image\":{\"@type\":\"ImageObject\",\"inLanguage\":\"fr-FR\",\"@id\":\"https:\\\/\\\/secure.gravatar.com\\\/avatar\\\/7ac3f434351cbd7875a5f064f6695a52ab4f6ffeb48c6bffb908c8e6f0e3bf73?s=96&d=mm&r=g\",\"url\":\"https:\\\/\\\/secure.gravatar.com\\\/avatar\\\/7ac3f434351cbd7875a5f064f6695a52ab4f6ffeb48c6bffb908c8e6f0e3bf73?s=96&d=mm&r=g\",\"contentUrl\":\"https:\\\/\\\/secure.gravatar.com\\\/avatar\\\/7ac3f434351cbd7875a5f064f6695a52ab4f6ffeb48c6bffb908c8e6f0e3bf73?s=96&d=mm&r=g\",\"caption\":\"Rui Caba\u00e7o\"}}]}<\/script>\n<!-- \/ Yoast SEO plugin. -->","yoast_head_json":{"title":"PLUS DE SABLE ET DE DUNES POUR LA WINTER 2025 ! - Maroc Challenge","description":"Les inscriptions pour la Winter 2025 sont d\u00e9j\u00e0 ouvertes et, avec elles, nous vous d\u00e9voilons les premiers d\u00e9tails d'une \u00e9dition o\u00f9 le sable et les dunes seront \u00e0 nouveau les grands protagonistes.","robots":{"index":"index","follow":"follow","max-snippet":"max-snippet:-1","max-image-preview":"max-image-preview:large","max-video-preview":"max-video-preview:-1"},"canonical":"https:\/\/www.marocchallenge.com\/fr\/plus-de-sable-et-de-dunes-pour-la-winter-2025\/","og_locale":"fr_FR","og_type":"article","og_title":"PLUS DE SABLE ET DE DUNES POUR LA WINTER 2025 ! - Maroc Challenge","og_description":"Les inscriptions pour la Winter 2025 sont d\u00e9j\u00e0 ouvertes et, avec elles, nous vous d\u00e9voilons les premiers d\u00e9tails d'une \u00e9dition o\u00f9 le sable et les dunes seront \u00e0 nouveau les grands protagonistes.","og_url":"https:\/\/www.marocchallenge.com\/fr\/plus-de-sable-et-de-dunes-pour-la-winter-2025\/","og_site_name":"Maroc Challenge","article_publisher":"https:\/\/www.facebook.com\/MarocChallenge\/","article_published_time":"2025-05-05T00:00:32+00:00","og_image":[{"width":1200,"height":675,"url":"https:\/\/www.marocchallenge.com\/wp-content\/uploads\/2025\/05\/Maroc-Challenge-05_05.png","type":"image\/png"}],"author":"Rui Caba\u00e7o","twitter_card":"summary_large_image","twitter_creator":"@marochallenge","twitter_site":"@marochallenge","twitter_misc":{"\u00c9crit par":"Rui Caba\u00e7o","Dur\u00e9e de lecture estim\u00e9e":"2 minutes"},"schema":{"@context":"https:\/\/schema.org","@graph":[{"@type":"Article","@id":"https:\/\/www.marocchallenge.com\/fr\/plus-de-sable-et-de-dunes-pour-la-winter-2025\/#article","isPartOf":{"@id":"https:\/\/www.marocchallenge.com\/fr\/plus-de-sable-et-de-dunes-pour-la-winter-2025\/"},"author":{"name":"Rui Caba\u00e7o","@id":"https:\/\/www.marocchallenge.com\/fr\/#\/schema\/person\/298a597a188b0019416217b2301b9e10"},"headline":"PLUS DE SABLE ET DE DUNES POUR LA WINTER 2025 !","datePublished":"2025-05-05T00:00:32+00:00","mainEntityOfPage":{"@id":"https:\/\/www.marocchallenge.com\/fr\/plus-de-sable-et-de-dunes-pour-la-winter-2025\/"},"wordCount":298,"publisher":{"@id":"https:\/\/www.marocchallenge.com\/fr\/#organization"},"image":{"@id":"https:\/\/www.marocchallenge.com\/fr\/plus-de-sable-et-de-dunes-pour-la-winter-2025\/#primaryimage"},"thumbnailUrl":"https:\/\/www.marocchallenge.com\/wp-content\/uploads\/2025\/05\/Maroc-Challenge-05_05.png","articleSection":["Noticias"],"inLanguage":"fr-FR"},{"@type":"WebPage","@id":"https:\/\/www.marocchallenge.com\/fr\/plus-de-sable-et-de-dunes-pour-la-winter-2025\/","url":"https:\/\/www.marocchallenge.com\/fr\/plus-de-sable-et-de-dunes-pour-la-winter-2025\/","name":"PLUS DE SABLE ET DE DUNES POUR LA WINTER 2025 ! - Maroc Challenge","isPartOf":{"@id":"https:\/\/www.marocchallenge.com\/fr\/#website"},"primaryImageOfPage":{"@id":"https:\/\/www.marocchallenge.com\/fr\/plus-de-sable-et-de-dunes-pour-la-winter-2025\/#primaryimage"},"image":{"@id":"https:\/\/www.marocchallenge.com\/fr\/plus-de-sable-et-de-dunes-pour-la-winter-2025\/#primaryimage"},"thumbnailUrl":"https:\/\/www.marocchallenge.com\/wp-content\/uploads\/2025\/05\/Maroc-Challenge-05_05.png","datePublished":"2025-05-05T00:00:32+00:00","description":"Les inscriptions pour la Winter 2025 sont d\u00e9j\u00e0 ouvertes et, avec elles, nous vous d\u00e9voilons les premiers d\u00e9tails d'une \u00e9dition o\u00f9 le sable et les dunes seront \u00e0 nouveau les grands protagonistes.","breadcrumb":{"@id":"https:\/\/www.marocchallenge.com\/fr\/plus-de-sable-et-de-dunes-pour-la-winter-2025\/#breadcrumb"},"inLanguage":"fr-FR","potentialAction":[{"@type":"ReadAction","target":["https:\/\/www.marocchallenge.com\/fr\/plus-de-sable-et-de-dunes-pour-la-winter-2025\/"]}]},{"@type":"ImageObject","inLanguage":"fr-FR","@id":"https:\/\/www.marocchallenge.com\/fr\/plus-de-sable-et-de-dunes-pour-la-winter-2025\/#primaryimage","url":"https:\/\/www.marocchallenge.com\/wp-content\/uploads\/2025\/05\/Maroc-Challenge-05_05.png","contentUrl":"https:\/\/www.marocchallenge.com\/wp-content\/uploads\/2025\/05\/Maroc-Challenge-05_05.png","width":1200,"height":675},{"@type":"BreadcrumbList","@id":"https:\/\/www.marocchallenge.com\/fr\/plus-de-sable-et-de-dunes-pour-la-winter-2025\/#breadcrumb","itemListElement":[{"@type":"ListItem","position":1,"name":"Portada","item":"https:\/\/www.marocchallenge.com\/fr\/"},{"@type":"ListItem","position":2,"name":"PLUS DE SABLE ET DE DUNES POUR LA WINTER 2025 !"}]},{"@type":"WebSite","@id":"https:\/\/www.marocchallenge.com\/fr\/#website","url":"https:\/\/www.marocchallenge.com\/fr\/","name":"Maroc Challenge","description":"Le Dakar des ann\u00e9es 70 pour les aventuriers d\u2019aujourd\u2019hui","publisher":{"@id":"https:\/\/www.marocchallenge.com\/fr\/#organization"},"potentialAction":[{"@type":"SearchAction","target":{"@type":"EntryPoint","urlTemplate":"https:\/\/www.marocchallenge.com\/fr\/?s={search_term_string}"},"query-input":{"@type":"PropertyValueSpecification","valueRequired":true,"valueName":"search_term_string"}}],"inLanguage":"fr-FR"},{"@type":"Organization","@id":"https:\/\/www.marocchallenge.com\/fr\/#organization","name":"Maroc Challenge - El Dakar de los 70's para los aventureros de hoy","url":"https:\/\/www.marocchallenge.com\/fr\/","logo":{"@type":"ImageObject","inLanguage":"fr-FR","@id":"https:\/\/www.marocchallenge.com\/fr\/#\/schema\/logo\/image\/","url":"https:\/\/www.marocchallenge.com\/wp-content\/uploads\/2020\/03\/Logo-Maroc_Challenge.png","contentUrl":"https:\/\/www.marocchallenge.com\/wp-content\/uploads\/2020\/03\/Logo-Maroc_Challenge.png","width":170,"height":96,"caption":"Maroc Challenge - El Dakar de los 70's para los aventureros de hoy"},"image":{"@id":"https:\/\/www.marocchallenge.com\/fr\/#\/schema\/logo\/image\/"},"sameAs":["https:\/\/www.facebook.com\/MarocChallenge\/","https:\/\/x.com\/marochallenge","https:\/\/www.instagram.com\/marocchallenge\/","https:\/\/www.linkedin.com\/company\/maroc-challenge","https:\/\/www.youtube.com\/user\/MarocChallenge"]},{"@type":"Person","@id":"https:\/\/www.marocchallenge.com\/fr\/#\/schema\/person\/298a597a188b0019416217b2301b9e10","name":"Rui Caba\u00e7o","image":{"@type":"ImageObject","inLanguage":"fr-FR","@id":"https:\/\/secure.gravatar.com\/avatar\/7ac3f434351cbd7875a5f064f6695a52ab4f6ffeb48c6bffb908c8e6f0e3bf73?s=96&d=mm&r=g","url":"https:\/\/secure.gravatar.com\/avatar\/7ac3f434351cbd7875a5f064f6695a52ab4f6ffeb48c6bffb908c8e6f0e3bf73?s=96&d=mm&r=g","contentUrl":"https:\/\/secure.gravatar.com\/avatar\/7ac3f434351cbd7875a5f064f6695a52ab4f6ffeb48c6bffb908c8e6f0e3bf73?s=96&d=mm&r=g","caption":"Rui Caba\u00e7o"}}]}},"_links":{"self":[{"href":"https:\/\/www.marocchallenge.com\/fr\/wp-json\/wp\/v2\/posts\/23176","targetHints":{"allow":["GET"]}}],"collection":[{"href":"https:\/\/www.marocchallenge.com\/fr\/wp-json\/wp\/v2\/posts"}],"about":[{"href":"https:\/\/www.marocchallenge.com\/fr\/wp-json\/wp\/v2\/types\/post"}],"author":[{"embeddable":true,"href":"https:\/\/www.marocchallenge.com\/fr\/wp-json\/wp\/v2\/users\/2"}],"replies":[{"embeddable":true,"href":"https:\/\/www.marocchallenge.com\/fr\/wp-json\/wp\/v2\/comments?post=23176"}],"version-history":[{"count":3,"href":"https:\/\/www.marocchallenge.com\/fr\/wp-json\/wp\/v2\/posts\/23176\/revisions"}],"predecessor-version":[{"id":23184,"href":"https:\/\/www.marocchallenge.com\/fr\/wp-json\/wp\/v2\/posts\/23176\/revisions\/23184"}],"wp:featuredmedia":[{"embeddable":true,"href":"https:\/\/www.marocchallenge.com\/fr\/wp-json\/wp\/v2\/media\/23160"}],"wp:attachment":[{"href":"https:\/\/www.marocchallenge.com\/fr\/wp-json\/wp\/v2\/media?parent=23176"}],"wp:term":[{"taxonomy":"category","embeddable":true,"href":"https:\/\/www.marocchallenge.com\/fr\/wp-json\/wp\/v2\/categories?post=23176"},{"taxonomy":"post_tag","embeddable":true,"href":"https:\/\/www.marocchallenge.com\/fr\/wp-json\/wp\/v2\/tags?post=23176"}],"curies":[{"name":"wp","href":"https:\/\/api.w.org\/{rel}","templated":true}]}}