{"id":23917,"date":"2025-11-28T08:41:43","date_gmt":"2025-11-28T08:41:43","guid":{"rendered":"https:\/\/www.marocchallenge.com\/24th-edition-of-the-maroc-challenge-sets-a-new-participation-record\/"},"modified":"2025-11-28T09:22:18","modified_gmt":"2025-11-28T09:22:18","slug":"la-24e-edition-du-maroc-challenge-bat-un-record-de-participation","status":"publish","type":"post","link":"https:\/\/www.marocchallenge.com\/fr\/la-24e-edition-du-maroc-challenge-bat-un-record-de-participation\/","title":{"rendered":"LA 24E \u00c9DITION DU MAROC CHALLENGE BAT UN RECORD DE PARTICIPATION"},"content":{"rendered":"<h2><img decoding=\"async\" class=\"alignnone wp-image-23910 size-full\" src=\"https:\/\/www.marocchallenge.com\/wp-content\/uploads\/2025\/11\/Maroc-Challenge-28_11.png\" alt=\"\" width=\"1200\" height=\"675\" srcset=\"https:\/\/www.marocchallenge.com\/wp-content\/uploads\/2025\/11\/Maroc-Challenge-28_11-200x113.png 200w, https:\/\/www.marocchallenge.com\/wp-content\/uploads\/2025\/11\/Maroc-Challenge-28_11-300x169.png 300w, https:\/\/www.marocchallenge.com\/wp-content\/uploads\/2025\/11\/Maroc-Challenge-28_11-400x225.png 400w, https:\/\/www.marocchallenge.com\/wp-content\/uploads\/2025\/11\/Maroc-Challenge-28_11-600x338.png 600w, https:\/\/www.marocchallenge.com\/wp-content\/uploads\/2025\/11\/Maroc-Challenge-28_11-768x432.png 768w, https:\/\/www.marocchallenge.com\/wp-content\/uploads\/2025\/11\/Maroc-Challenge-28_11-800x450.png 800w, https:\/\/www.marocchallenge.com\/wp-content\/uploads\/2025\/11\/Maroc-Challenge-28_11-1024x576.png 1024w, https:\/\/www.marocchallenge.com\/wp-content\/uploads\/2025\/11\/Maroc-Challenge-28_11.png 1200w\" sizes=\"(max-width: 1200px) 100vw, 1200px\" \/><\/h2>\n<h2>Ce week-end marque le d\u00e9but de la 24e \u00e9dition du Maroc Challenge \u00e0 Er-Rachidia, la porte du d\u00e9sert marocain. Les v\u00e9rifications administratives et techniques auront lieu samedi, tandis que le d\u00e9part officiel sera donn\u00e9 dimanche avec un nombre d\u2019\u00e9quipes record.<\/h2>\n<p>Avec <strong>198 inscrits<\/strong>, le chiffre le plus \u00e9lev\u00e9 de toute son histoire, l\u2019\u00e9preuve comptera <strong>six \u00e9tapes exigeantes<\/strong>, qui se termineront le <strong>vendredi 5 d\u00e9cembre<\/strong> au pied de l\u2019<strong>Erg Chebbi<\/strong>.<\/p>\n<p>L\u2019\u00e9v\u00e9nement fr\u00f4le les <strong>200 \u00e9quipes<\/strong> et se distingue par son caract\u00e8re de plus en plus international, confirmant sa position comme l\u2019un des rallyes amateurs de r\u00e9f\u00e9rence organis\u00e9s au Maroc. Les <strong>198 participants issus de quinze pays<\/strong> t\u00e9moignent de l\u2019attrait de cette grande aventure, qui \u00e9largit progressivement ses horizons.<\/p>\n<p>Cette \u00e9dition sera r\u00e9solument tourn\u00e9e vers <strong>le d\u00e9sert<\/strong>, avec des \u00e9tapes <strong>100 % off-road<\/strong> et tr\u00e8s peu de liaisons routi\u00e8res. Le parcours a \u00e9t\u00e9 renouvel\u00e9, alternant <strong>nouvelles zones<\/strong> et <strong>points embl\u00e9matiques<\/strong> du Maroc Challenge. De la premi\u00e8re \u00e0 la derni\u00e8re journ\u00e9e, <strong>sable et dunes<\/strong> seront au rendez-vous. Ce sera l\u2019une des \u00e9ditions les plus <strong>aventuri\u00e8res et exigeantes<\/strong> de l\u2019histoire de l\u2019\u00e9preuve. Comme toujours, la difficult\u00e9 sera adapt\u00e9e \u00e0 chaque cat\u00e9gorie. De plus, <strong>quatre nouvelles cat\u00e9gories<\/strong> (C2 RAID, CX2 PRO RAID, CX4 PRO RAID et PRO RAID TT) ont \u00e9t\u00e9 ajout\u00e9es pour accompagner l\u2019\u00e9volution des participants.<\/p>\n<p>L\u2019\u00e9dition Winter 2025 d\u00e9butera par une \u00e9tape entre <strong>Er-Rachidia et M\u2019Hamid<\/strong>, suivie d\u2019une deuxi\u00e8me \u00e9tape se terminant \u00e0 <strong>Zagora<\/strong>. La traditionnelle <strong>nuit de bivouac<\/strong>, apr\u00e8s la troisi\u00e8me \u00e9tape, aura lieu \u00e0 <strong>Sidi Ali<\/strong>, pr\u00e8s du lac Maider et du village de Tafraoute. <strong>Erfoud<\/strong> accueillera l\u2019arriv\u00e9e de la quatri\u00e8me journ\u00e9e et sera aussi le centre du <strong>boucle<\/strong> pr\u00e9vue pour la cinqui\u00e8me \u00e9tape. Le Maroc Challenge se terminera par une <strong>sixi\u00e8me \u00e9tape de navigation par waypoints<\/strong> au pied du l\u00e9gendaire <strong>Erg Chebbi<\/strong>.<\/p>\n<p>Le r\u00e8glement comprend plusieurs nouveaut\u00e9s. S\u2019\u00e9carter de plus de <strong>100 m\u00e8tres<\/strong> du track entra\u00eenera une p\u00e9nalit\u00e9 de <strong>25 points par minute<\/strong> (auparavant 250 m\u00e8tres \u00e9taient permis). Les <strong>articles 14 et 15<\/strong> ont \u00e9t\u00e9 partiellement modifi\u00e9s : en cas d\u2019\u00e9galit\u00e9, sera avantag\u00e9 l\u2019\u00e9quipage ayant parcouru <strong>la distance la plus courte<\/strong> dans la zone autoris\u00e9e. Cette r\u00e8gle s\u2019appliquera \u00e9galement pour d\u00e9partager les \u00e9galit\u00e9s au classement final.<\/p>\n<p>Un autre changement notable concerne la <strong>vitesse maximale sur piste<\/strong> pour certaines cat\u00e9gories b\u00e9n\u00e9ficiant de mesures de s\u00e9curit\u00e9 suppl\u00e9mentaires. Selon l\u2019article 11.5, la vitesse maximale g\u00e9n\u00e9rale est de <strong>80 km\/h<\/strong>, mais pour les cat\u00e9gories <strong>SSV, CX2 Pro Raid, CX4 Pro Raid et Pro Raid TT<\/strong>, elle passe \u00e0 <strong>90 km\/h<\/strong>.<\/p>\n<p>Tous les d\u00e9tails concernant l\u2019\u00e9preuve sont disponibles sur notre site web.<\/p>\n","protected":false},"excerpt":{"rendered":"<p>Ce week-end marque le d\u00e9but de la 24e \u00e9dition du<\/p>\n","protected":false},"author":2,"featured_media":23911,"comment_status":"closed","ping_status":"closed","sticky":false,"template":"","format":"standard","meta":{"footnotes":""},"categories":[91],"tags":[],"class_list":["post-23917","post","type-post","status-publish","format-standard","has-post-thumbnail","hentry","category-noticias-fr"],"yoast_head":"<!-- This site is optimized with the Yoast SEO plugin v27.4 - https:\/\/yoast.com\/product\/yoast-seo-wordpress\/ -->\n<title>LA 24E \u00c9DITION DU MAROC CHALLENGE BAT UN RECORD DE PARTICIPATION - Maroc Challenge<\/title>\n<meta name=\"description\" content=\"Ce week-end marque le d\u00e9but de la 24e \u00e9dition du Maroc Challenge \u00e0 Er-Rachidia, la porte du d\u00e9sert marocain. Les v\u00e9rifications administratives et techniques auront lieu samedi, tandis que le d\u00e9part officiel sera donn\u00e9 dimanche avec un nombre d\u2019\u00e9quipes record.\" \/>\n<meta name=\"robots\" content=\"index, follow, max-snippet:-1, max-image-preview:large, max-video-preview:-1\" \/>\n<link rel=\"canonical\" href=\"https:\/\/www.marocchallenge.com\/fr\/la-24e-edition-du-maroc-challenge-bat-un-record-de-participation\/\" \/>\n<meta property=\"og:locale\" content=\"fr_FR\" \/>\n<meta property=\"og:type\" content=\"article\" \/>\n<meta property=\"og:title\" content=\"LA 24E \u00c9DITION DU MAROC CHALLENGE BAT UN RECORD DE PARTICIPATION - Maroc Challenge\" \/>\n<meta property=\"og:description\" content=\"Ce week-end marque le d\u00e9but de la 24e \u00e9dition du Maroc Challenge \u00e0 Er-Rachidia, la porte du d\u00e9sert marocain. Les v\u00e9rifications administratives et techniques auront lieu samedi, tandis que le d\u00e9part officiel sera donn\u00e9 dimanche avec un nombre d\u2019\u00e9quipes record.\" \/>\n<meta property=\"og:url\" content=\"https:\/\/www.marocchallenge.com\/fr\/la-24e-edition-du-maroc-challenge-bat-un-record-de-participation\/\" \/>\n<meta property=\"og:site_name\" content=\"Maroc Challenge\" \/>\n<meta property=\"article:publisher\" content=\"https:\/\/www.facebook.com\/MarocChallenge\/\" \/>\n<meta property=\"article:published_time\" content=\"2025-11-28T08:41:43+00:00\" \/>\n<meta property=\"article:modified_time\" content=\"2025-11-28T09:22:18+00:00\" \/>\n<meta property=\"og:image\" content=\"https:\/\/www.marocchallenge.com\/wp-content\/uploads\/2025\/11\/Maroc-Challenge-28_11.png\" \/>\n\t<meta property=\"og:image:width\" content=\"1200\" \/>\n\t<meta property=\"og:image:height\" content=\"675\" \/>\n\t<meta property=\"og:image:type\" content=\"image\/png\" \/>\n<meta name=\"author\" content=\"Rui Caba\u00e7o\" \/>\n<meta name=\"twitter:card\" content=\"summary_large_image\" \/>\n<meta name=\"twitter:creator\" content=\"@marochallenge\" \/>\n<meta name=\"twitter:site\" content=\"@marochallenge\" \/>\n<meta name=\"twitter:label1\" content=\"\u00c9crit par\" \/>\n\t<meta name=\"twitter:data1\" content=\"Rui Caba\u00e7o\" \/>\n\t<meta name=\"twitter:label2\" content=\"Dur\u00e9e de lecture estim\u00e9e\" \/>\n\t<meta name=\"twitter:data2\" content=\"3 minutes\" \/>\n<script type=\"application\/ld+json\" class=\"yoast-schema-graph\">{\"@context\":\"https:\\\/\\\/schema.org\",\"@graph\":[{\"@type\":\"Article\",\"@id\":\"https:\\\/\\\/www.marocchallenge.com\\\/fr\\\/la-24e-edition-du-maroc-challenge-bat-un-record-de-participation\\\/#article\",\"isPartOf\":{\"@id\":\"https:\\\/\\\/www.marocchallenge.com\\\/fr\\\/la-24e-edition-du-maroc-challenge-bat-un-record-de-participation\\\/\"},\"author\":{\"name\":\"Rui Caba\u00e7o\",\"@id\":\"https:\\\/\\\/www.marocchallenge.com\\\/fr\\\/#\\\/schema\\\/person\\\/298a597a188b0019416217b2301b9e10\"},\"headline\":\"LA 24E \u00c9DITION DU MAROC CHALLENGE BAT UN RECORD DE PARTICIPATION\",\"datePublished\":\"2025-11-28T08:41:43+00:00\",\"dateModified\":\"2025-11-28T09:22:18+00:00\",\"mainEntityOfPage\":{\"@id\":\"https:\\\/\\\/www.marocchallenge.com\\\/fr\\\/la-24e-edition-du-maroc-challenge-bat-un-record-de-participation\\\/\"},\"wordCount\":486,\"publisher\":{\"@id\":\"https:\\\/\\\/www.marocchallenge.com\\\/fr\\\/#organization\"},\"image\":{\"@id\":\"https:\\\/\\\/www.marocchallenge.com\\\/fr\\\/la-24e-edition-du-maroc-challenge-bat-un-record-de-participation\\\/#primaryimage\"},\"thumbnailUrl\":\"https:\\\/\\\/www.marocchallenge.com\\\/wp-content\\\/uploads\\\/2025\\\/11\\\/Maroc-Challenge-28_11.png\",\"articleSection\":[\"Noticias\"],\"inLanguage\":\"fr-FR\"},{\"@type\":\"WebPage\",\"@id\":\"https:\\\/\\\/www.marocchallenge.com\\\/fr\\\/la-24e-edition-du-maroc-challenge-bat-un-record-de-participation\\\/\",\"url\":\"https:\\\/\\\/www.marocchallenge.com\\\/fr\\\/la-24e-edition-du-maroc-challenge-bat-un-record-de-participation\\\/\",\"name\":\"LA 24E \u00c9DITION DU MAROC CHALLENGE BAT UN RECORD DE PARTICIPATION - Maroc Challenge\",\"isPartOf\":{\"@id\":\"https:\\\/\\\/www.marocchallenge.com\\\/fr\\\/#website\"},\"primaryImageOfPage\":{\"@id\":\"https:\\\/\\\/www.marocchallenge.com\\\/fr\\\/la-24e-edition-du-maroc-challenge-bat-un-record-de-participation\\\/#primaryimage\"},\"image\":{\"@id\":\"https:\\\/\\\/www.marocchallenge.com\\\/fr\\\/la-24e-edition-du-maroc-challenge-bat-un-record-de-participation\\\/#primaryimage\"},\"thumbnailUrl\":\"https:\\\/\\\/www.marocchallenge.com\\\/wp-content\\\/uploads\\\/2025\\\/11\\\/Maroc-Challenge-28_11.png\",\"datePublished\":\"2025-11-28T08:41:43+00:00\",\"dateModified\":\"2025-11-28T09:22:18+00:00\",\"description\":\"Ce week-end marque le d\u00e9but de la 24e \u00e9dition du Maroc Challenge \u00e0 Er-Rachidia, la porte du d\u00e9sert marocain. Les v\u00e9rifications administratives et techniques auront lieu samedi, tandis que le d\u00e9part officiel sera donn\u00e9 dimanche avec un nombre d\u2019\u00e9quipes record.\",\"breadcrumb\":{\"@id\":\"https:\\\/\\\/www.marocchallenge.com\\\/fr\\\/la-24e-edition-du-maroc-challenge-bat-un-record-de-participation\\\/#breadcrumb\"},\"inLanguage\":\"fr-FR\",\"potentialAction\":[{\"@type\":\"ReadAction\",\"target\":[\"https:\\\/\\\/www.marocchallenge.com\\\/fr\\\/la-24e-edition-du-maroc-challenge-bat-un-record-de-participation\\\/\"]}]},{\"@type\":\"ImageObject\",\"inLanguage\":\"fr-FR\",\"@id\":\"https:\\\/\\\/www.marocchallenge.com\\\/fr\\\/la-24e-edition-du-maroc-challenge-bat-un-record-de-participation\\\/#primaryimage\",\"url\":\"https:\\\/\\\/www.marocchallenge.com\\\/wp-content\\\/uploads\\\/2025\\\/11\\\/Maroc-Challenge-28_11.png\",\"contentUrl\":\"https:\\\/\\\/www.marocchallenge.com\\\/wp-content\\\/uploads\\\/2025\\\/11\\\/Maroc-Challenge-28_11.png\",\"width\":1200,\"height\":675},{\"@type\":\"BreadcrumbList\",\"@id\":\"https:\\\/\\\/www.marocchallenge.com\\\/fr\\\/la-24e-edition-du-maroc-challenge-bat-un-record-de-participation\\\/#breadcrumb\",\"itemListElement\":[{\"@type\":\"ListItem\",\"position\":1,\"name\":\"Portada\",\"item\":\"https:\\\/\\\/www.marocchallenge.com\\\/fr\\\/\"},{\"@type\":\"ListItem\",\"position\":2,\"name\":\"LA 24E \u00c9DITION DU MAROC CHALLENGE BAT UN RECORD DE PARTICIPATION\"}]},{\"@type\":\"WebSite\",\"@id\":\"https:\\\/\\\/www.marocchallenge.com\\\/fr\\\/#website\",\"url\":\"https:\\\/\\\/www.marocchallenge.com\\\/fr\\\/\",\"name\":\"Maroc Challenge\",\"description\":\"Le Dakar des ann\u00e9es 70 pour les aventuriers d\u2019aujourd\u2019hui\",\"publisher\":{\"@id\":\"https:\\\/\\\/www.marocchallenge.com\\\/fr\\\/#organization\"},\"potentialAction\":[{\"@type\":\"SearchAction\",\"target\":{\"@type\":\"EntryPoint\",\"urlTemplate\":\"https:\\\/\\\/www.marocchallenge.com\\\/fr\\\/?s={search_term_string}\"},\"query-input\":{\"@type\":\"PropertyValueSpecification\",\"valueRequired\":true,\"valueName\":\"search_term_string\"}}],\"inLanguage\":\"fr-FR\"},{\"@type\":\"Organization\",\"@id\":\"https:\\\/\\\/www.marocchallenge.com\\\/fr\\\/#organization\",\"name\":\"Maroc Challenge - El Dakar de los 70's para los aventureros de hoy\",\"url\":\"https:\\\/\\\/www.marocchallenge.com\\\/fr\\\/\",\"logo\":{\"@type\":\"ImageObject\",\"inLanguage\":\"fr-FR\",\"@id\":\"https:\\\/\\\/www.marocchallenge.com\\\/fr\\\/#\\\/schema\\\/logo\\\/image\\\/\",\"url\":\"https:\\\/\\\/www.marocchallenge.com\\\/wp-content\\\/uploads\\\/2020\\\/03\\\/Logo-Maroc_Challenge.png\",\"contentUrl\":\"https:\\\/\\\/www.marocchallenge.com\\\/wp-content\\\/uploads\\\/2020\\\/03\\\/Logo-Maroc_Challenge.png\",\"width\":170,\"height\":96,\"caption\":\"Maroc Challenge - El Dakar de los 70's para los aventureros de hoy\"},\"image\":{\"@id\":\"https:\\\/\\\/www.marocchallenge.com\\\/fr\\\/#\\\/schema\\\/logo\\\/image\\\/\"},\"sameAs\":[\"https:\\\/\\\/www.facebook.com\\\/MarocChallenge\\\/\",\"https:\\\/\\\/x.com\\\/marochallenge\",\"https:\\\/\\\/www.instagram.com\\\/marocchallenge\\\/\",\"https:\\\/\\\/www.linkedin.com\\\/company\\\/maroc-challenge\",\"https:\\\/\\\/www.youtube.com\\\/user\\\/MarocChallenge\"]},{\"@type\":\"Person\",\"@id\":\"https:\\\/\\\/www.marocchallenge.com\\\/fr\\\/#\\\/schema\\\/person\\\/298a597a188b0019416217b2301b9e10\",\"name\":\"Rui Caba\u00e7o\",\"image\":{\"@type\":\"ImageObject\",\"inLanguage\":\"fr-FR\",\"@id\":\"https:\\\/\\\/secure.gravatar.com\\\/avatar\\\/7ac3f434351cbd7875a5f064f6695a52ab4f6ffeb48c6bffb908c8e6f0e3bf73?s=96&d=mm&r=g\",\"url\":\"https:\\\/\\\/secure.gravatar.com\\\/avatar\\\/7ac3f434351cbd7875a5f064f6695a52ab4f6ffeb48c6bffb908c8e6f0e3bf73?s=96&d=mm&r=g\",\"contentUrl\":\"https:\\\/\\\/secure.gravatar.com\\\/avatar\\\/7ac3f434351cbd7875a5f064f6695a52ab4f6ffeb48c6bffb908c8e6f0e3bf73?s=96&d=mm&r=g\",\"caption\":\"Rui Caba\u00e7o\"}}]}<\/script>\n<!-- \/ Yoast SEO plugin. -->","yoast_head_json":{"title":"LA 24E \u00c9DITION DU MAROC CHALLENGE BAT UN RECORD DE PARTICIPATION - Maroc Challenge","description":"Ce week-end marque le d\u00e9but de la 24e \u00e9dition du Maroc Challenge \u00e0 Er-Rachidia, la porte du d\u00e9sert marocain. Les v\u00e9rifications administratives et techniques auront lieu samedi, tandis que le d\u00e9part officiel sera donn\u00e9 dimanche avec un nombre d\u2019\u00e9quipes record.","robots":{"index":"index","follow":"follow","max-snippet":"max-snippet:-1","max-image-preview":"max-image-preview:large","max-video-preview":"max-video-preview:-1"},"canonical":"https:\/\/www.marocchallenge.com\/fr\/la-24e-edition-du-maroc-challenge-bat-un-record-de-participation\/","og_locale":"fr_FR","og_type":"article","og_title":"LA 24E \u00c9DITION DU MAROC CHALLENGE BAT UN RECORD DE PARTICIPATION - Maroc Challenge","og_description":"Ce week-end marque le d\u00e9but de la 24e \u00e9dition du Maroc Challenge \u00e0 Er-Rachidia, la porte du d\u00e9sert marocain. Les v\u00e9rifications administratives et techniques auront lieu samedi, tandis que le d\u00e9part officiel sera donn\u00e9 dimanche avec un nombre d\u2019\u00e9quipes record.","og_url":"https:\/\/www.marocchallenge.com\/fr\/la-24e-edition-du-maroc-challenge-bat-un-record-de-participation\/","og_site_name":"Maroc Challenge","article_publisher":"https:\/\/www.facebook.com\/MarocChallenge\/","article_published_time":"2025-11-28T08:41:43+00:00","article_modified_time":"2025-11-28T09:22:18+00:00","og_image":[{"width":1200,"height":675,"url":"https:\/\/www.marocchallenge.com\/wp-content\/uploads\/2025\/11\/Maroc-Challenge-28_11.png","type":"image\/png"}],"author":"Rui Caba\u00e7o","twitter_card":"summary_large_image","twitter_creator":"@marochallenge","twitter_site":"@marochallenge","twitter_misc":{"\u00c9crit par":"Rui Caba\u00e7o","Dur\u00e9e de lecture estim\u00e9e":"3 minutes"},"schema":{"@context":"https:\/\/schema.org","@graph":[{"@type":"Article","@id":"https:\/\/www.marocchallenge.com\/fr\/la-24e-edition-du-maroc-challenge-bat-un-record-de-participation\/#article","isPartOf":{"@id":"https:\/\/www.marocchallenge.com\/fr\/la-24e-edition-du-maroc-challenge-bat-un-record-de-participation\/"},"author":{"name":"Rui Caba\u00e7o","@id":"https:\/\/www.marocchallenge.com\/fr\/#\/schema\/person\/298a597a188b0019416217b2301b9e10"},"headline":"LA 24E \u00c9DITION DU MAROC CHALLENGE BAT UN RECORD DE PARTICIPATION","datePublished":"2025-11-28T08:41:43+00:00","dateModified":"2025-11-28T09:22:18+00:00","mainEntityOfPage":{"@id":"https:\/\/www.marocchallenge.com\/fr\/la-24e-edition-du-maroc-challenge-bat-un-record-de-participation\/"},"wordCount":486,"publisher":{"@id":"https:\/\/www.marocchallenge.com\/fr\/#organization"},"image":{"@id":"https:\/\/www.marocchallenge.com\/fr\/la-24e-edition-du-maroc-challenge-bat-un-record-de-participation\/#primaryimage"},"thumbnailUrl":"https:\/\/www.marocchallenge.com\/wp-content\/uploads\/2025\/11\/Maroc-Challenge-28_11.png","articleSection":["Noticias"],"inLanguage":"fr-FR"},{"@type":"WebPage","@id":"https:\/\/www.marocchallenge.com\/fr\/la-24e-edition-du-maroc-challenge-bat-un-record-de-participation\/","url":"https:\/\/www.marocchallenge.com\/fr\/la-24e-edition-du-maroc-challenge-bat-un-record-de-participation\/","name":"LA 24E \u00c9DITION DU MAROC CHALLENGE BAT UN RECORD DE PARTICIPATION - Maroc Challenge","isPartOf":{"@id":"https:\/\/www.marocchallenge.com\/fr\/#website"},"primaryImageOfPage":{"@id":"https:\/\/www.marocchallenge.com\/fr\/la-24e-edition-du-maroc-challenge-bat-un-record-de-participation\/#primaryimage"},"image":{"@id":"https:\/\/www.marocchallenge.com\/fr\/la-24e-edition-du-maroc-challenge-bat-un-record-de-participation\/#primaryimage"},"thumbnailUrl":"https:\/\/www.marocchallenge.com\/wp-content\/uploads\/2025\/11\/Maroc-Challenge-28_11.png","datePublished":"2025-11-28T08:41:43+00:00","dateModified":"2025-11-28T09:22:18+00:00","description":"Ce week-end marque le d\u00e9but de la 24e \u00e9dition du Maroc Challenge \u00e0 Er-Rachidia, la porte du d\u00e9sert marocain. Les v\u00e9rifications administratives et techniques auront lieu samedi, tandis que le d\u00e9part officiel sera donn\u00e9 dimanche avec un nombre d\u2019\u00e9quipes record.","breadcrumb":{"@id":"https:\/\/www.marocchallenge.com\/fr\/la-24e-edition-du-maroc-challenge-bat-un-record-de-participation\/#breadcrumb"},"inLanguage":"fr-FR","potentialAction":[{"@type":"ReadAction","target":["https:\/\/www.marocchallenge.com\/fr\/la-24e-edition-du-maroc-challenge-bat-un-record-de-participation\/"]}]},{"@type":"ImageObject","inLanguage":"fr-FR","@id":"https:\/\/www.marocchallenge.com\/fr\/la-24e-edition-du-maroc-challenge-bat-un-record-de-participation\/#primaryimage","url":"https:\/\/www.marocchallenge.com\/wp-content\/uploads\/2025\/11\/Maroc-Challenge-28_11.png","contentUrl":"https:\/\/www.marocchallenge.com\/wp-content\/uploads\/2025\/11\/Maroc-Challenge-28_11.png","width":1200,"height":675},{"@type":"BreadcrumbList","@id":"https:\/\/www.marocchallenge.com\/fr\/la-24e-edition-du-maroc-challenge-bat-un-record-de-participation\/#breadcrumb","itemListElement":[{"@type":"ListItem","position":1,"name":"Portada","item":"https:\/\/www.marocchallenge.com\/fr\/"},{"@type":"ListItem","position":2,"name":"LA 24E \u00c9DITION DU MAROC CHALLENGE BAT UN RECORD DE PARTICIPATION"}]},{"@type":"WebSite","@id":"https:\/\/www.marocchallenge.com\/fr\/#website","url":"https:\/\/www.marocchallenge.com\/fr\/","name":"Maroc Challenge","description":"Le Dakar des ann\u00e9es 70 pour les aventuriers d\u2019aujourd\u2019hui","publisher":{"@id":"https:\/\/www.marocchallenge.com\/fr\/#organization"},"potentialAction":[{"@type":"SearchAction","target":{"@type":"EntryPoint","urlTemplate":"https:\/\/www.marocchallenge.com\/fr\/?s={search_term_string}"},"query-input":{"@type":"PropertyValueSpecification","valueRequired":true,"valueName":"search_term_string"}}],"inLanguage":"fr-FR"},{"@type":"Organization","@id":"https:\/\/www.marocchallenge.com\/fr\/#organization","name":"Maroc Challenge - El Dakar de los 70's para los aventureros de hoy","url":"https:\/\/www.marocchallenge.com\/fr\/","logo":{"@type":"ImageObject","inLanguage":"fr-FR","@id":"https:\/\/www.marocchallenge.com\/fr\/#\/schema\/logo\/image\/","url":"https:\/\/www.marocchallenge.com\/wp-content\/uploads\/2020\/03\/Logo-Maroc_Challenge.png","contentUrl":"https:\/\/www.marocchallenge.com\/wp-content\/uploads\/2020\/03\/Logo-Maroc_Challenge.png","width":170,"height":96,"caption":"Maroc Challenge - El Dakar de los 70's para los aventureros de hoy"},"image":{"@id":"https:\/\/www.marocchallenge.com\/fr\/#\/schema\/logo\/image\/"},"sameAs":["https:\/\/www.facebook.com\/MarocChallenge\/","https:\/\/x.com\/marochallenge","https:\/\/www.instagram.com\/marocchallenge\/","https:\/\/www.linkedin.com\/company\/maroc-challenge","https:\/\/www.youtube.com\/user\/MarocChallenge"]},{"@type":"Person","@id":"https:\/\/www.marocchallenge.com\/fr\/#\/schema\/person\/298a597a188b0019416217b2301b9e10","name":"Rui Caba\u00e7o","image":{"@type":"ImageObject","inLanguage":"fr-FR","@id":"https:\/\/secure.gravatar.com\/avatar\/7ac3f434351cbd7875a5f064f6695a52ab4f6ffeb48c6bffb908c8e6f0e3bf73?s=96&d=mm&r=g","url":"https:\/\/secure.gravatar.com\/avatar\/7ac3f434351cbd7875a5f064f6695a52ab4f6ffeb48c6bffb908c8e6f0e3bf73?s=96&d=mm&r=g","contentUrl":"https:\/\/secure.gravatar.com\/avatar\/7ac3f434351cbd7875a5f064f6695a52ab4f6ffeb48c6bffb908c8e6f0e3bf73?s=96&d=mm&r=g","caption":"Rui Caba\u00e7o"}}]}},"_links":{"self":[{"href":"https:\/\/www.marocchallenge.com\/fr\/wp-json\/wp\/v2\/posts\/23917","targetHints":{"allow":["GET"]}}],"collection":[{"href":"https:\/\/www.marocchallenge.com\/fr\/wp-json\/wp\/v2\/posts"}],"about":[{"href":"https:\/\/www.marocchallenge.com\/fr\/wp-json\/wp\/v2\/types\/post"}],"author":[{"embeddable":true,"href":"https:\/\/www.marocchallenge.com\/fr\/wp-json\/wp\/v2\/users\/2"}],"replies":[{"embeddable":true,"href":"https:\/\/www.marocchallenge.com\/fr\/wp-json\/wp\/v2\/comments?post=23917"}],"version-history":[{"count":2,"href":"https:\/\/www.marocchallenge.com\/fr\/wp-json\/wp\/v2\/posts\/23917\/revisions"}],"predecessor-version":[{"id":23921,"href":"https:\/\/www.marocchallenge.com\/fr\/wp-json\/wp\/v2\/posts\/23917\/revisions\/23921"}],"wp:featuredmedia":[{"embeddable":true,"href":"https:\/\/www.marocchallenge.com\/fr\/wp-json\/wp\/v2\/media\/23911"}],"wp:attachment":[{"href":"https:\/\/www.marocchallenge.com\/fr\/wp-json\/wp\/v2\/media?parent=23917"}],"wp:term":[{"taxonomy":"category","embeddable":true,"href":"https:\/\/www.marocchallenge.com\/fr\/wp-json\/wp\/v2\/categories?post=23917"},{"taxonomy":"post_tag","embeddable":true,"href":"https:\/\/www.marocchallenge.com\/fr\/wp-json\/wp\/v2\/tags?post=23917"}],"curies":[{"name":"wp","href":"https:\/\/api.w.org\/{rel}","templated":true}]}}