{"id":23946,"date":"2025-12-09T08:15:23","date_gmt":"2025-12-09T08:15:23","guid":{"rendered":"https:\/\/www.marocchallenge.com\/arena-y-dunas-para-una-maroc-challenge-de-record\/"},"modified":"2025-12-09T08:41:32","modified_gmt":"2025-12-09T08:41:32","slug":"du-sable-et-des-dunes-pour-un-maroc-challenge-record","status":"publish","type":"post","link":"https:\/\/www.marocchallenge.com\/fr\/du-sable-et-des-dunes-pour-un-maroc-challenge-record\/","title":{"rendered":"DU SABLE ET DES DUNES POUR UN MAROC CHALLENGE RECORD"},"content":{"rendered":"<h2><img decoding=\"async\" class=\"alignnone wp-image-23936 size-full\" src=\"https:\/\/www.marocchallenge.com\/wp-content\/uploads\/2025\/12\/Maroc-Challenge-09_12.png\" alt=\"\" width=\"1200\" height=\"675\" srcset=\"https:\/\/www.marocchallenge.com\/wp-content\/uploads\/2025\/12\/Maroc-Challenge-09_12-200x113.png 200w, https:\/\/www.marocchallenge.com\/wp-content\/uploads\/2025\/12\/Maroc-Challenge-09_12-300x169.png 300w, https:\/\/www.marocchallenge.com\/wp-content\/uploads\/2025\/12\/Maroc-Challenge-09_12-400x225.png 400w, https:\/\/www.marocchallenge.com\/wp-content\/uploads\/2025\/12\/Maroc-Challenge-09_12-600x338.png 600w, https:\/\/www.marocchallenge.com\/wp-content\/uploads\/2025\/12\/Maroc-Challenge-09_12-768x432.png 768w, https:\/\/www.marocchallenge.com\/wp-content\/uploads\/2025\/12\/Maroc-Challenge-09_12-800x450.png 800w, https:\/\/www.marocchallenge.com\/wp-content\/uploads\/2025\/12\/Maroc-Challenge-09_12-1024x576.png 1024w, https:\/\/www.marocchallenge.com\/wp-content\/uploads\/2025\/12\/Maroc-Challenge-09_12.png 1200w\" sizes=\"(max-width: 1200px) 100vw, 1200px\" \/><\/h2>\n<h2>La 24e \u00e9dition du Maroc Challenge, organis\u00e9e du 29 novembre au 5 d\u00e9cembre, avec un parcours renouvel\u00e9, beaucoup de sable et six \u00e9tapes riches en aventure, a pleinement r\u00e9pondu aux attentes.<\/h2>\n<p data-start=\"3709\" data-end=\"4072\">Les participants, b\u00e9n\u00e9ficiant d\u2019une m\u00e9t\u00e9o plus cl\u00e9mente que lors des derni\u00e8res \u00e9ditions, ont d\u00fb affronter un trac\u00e9 exigeant, con\u00e7u avec de vastes zones de sable et de dunes.<\/p>\n<p data-start=\"4074\" data-end=\"4679\"><strong>Avec 198 \u00e9quipes inscrites provenant de quinze pays, l\u2019\u00e9preuve est de plus en plus internationale et, apr\u00e8s 24 \u00e9ditions, s\u2019est impos\u00e9e comme une r\u00e9f\u00e9rence<\/strong> parmi les comp\u00e9titions automobiles amateurs organis\u00e9es au Maroc. L\u2019aventure a \u00e9t\u00e9 passionnante, spectaculaire et implacable, combinant une grande vari\u00e9t\u00e9 de pistes avec de larges zones sablonneuses et des dunes. En raison du manque de pluie et de la chaleur des derniers mois, le terrain \u00e9tait particuli\u00e8rement difficile, avec un sable extr\u00eamement mou et instable, exigeant une vigilance accrue, notamment dans les zones de poussi\u00e8re et de fesh-fesh.<\/p>\n<p data-start=\"4681\" data-end=\"4974\">Le record de participation a cr\u00e9\u00e9 une ambiance exceptionnelle et a confirm\u00e9 la sensation d\u2019avoir atteint les objectifs fix\u00e9s. Sur les 198 v\u00e9hicules au d\u00e9part de cette Winter 2025, <strong>135 sont parvenus \u00e0 terminer l\u2019\u00e9preuve, qui s\u2019est r\u00e9v\u00e9l\u00e9e aussi dure et exigeante que technique et divertissante<\/strong>.<\/p>\n<p data-start=\"4976\" data-end=\"5442\"><strong>Cette 24e \u00e9dition a \u00e9t\u00e9 une nouvelle fois une exp\u00e9rience marquante<\/strong>. L\u2019aventure a d\u00e9but\u00e9 \u00e0 Er-Rachidia o\u00f9, apr\u00e8s les v\u00e9rifications, la premi\u00e8re \u00e9tape est partie en direction de M\u2019Hamid, point de d\u00e9part d\u2019une \u00e9dition spectaculaire qui a ensuite propos\u00e9 des arriv\u00e9es de stage \u00e0 Zagora, Sidi Ali \u2014o\u00f9 s\u2019est tenue la traditionnelle nuit de bivouac\u2014 et Erfoud, ville ayant accueilli le d\u00e9part de deux \u00e9tapes avant que la course ne se conclue au pied du mythique Erg Chebbi.<\/p>\n<p data-start=\"5444\" data-end=\"6247\"><strong>Rui Caba\u00e7o, briefingman du Maroc Challenge, souligne que \u00ab le bilan de l\u2019\u00e9preuve est positif. Nous avons eu une importante participation, une grande diversit\u00e9 de nationalit\u00e9s, une vari\u00e9t\u00e9 impressionnante de voitures, certaines particuli\u00e8rement originales \u00bb<\/strong>. Il ajoute que \u00ab les parcours sont de plus en plus adapt\u00e9s aux cat\u00e9gories et \u00e9labor\u00e9s avec davantage de pr\u00e9cision, afin de proposer des variantes mieux adapt\u00e9es au terrain pour que chacun puisse profiter pleinement \u00bb. Enfin, en vue d\u2019am\u00e9liorer l\u2019\u00e9preuve, il indique : \u00ab Nous avions promis davantage de sable, et il y en a eu, mais nous avons \u00e9galement constat\u00e9 que pour les prochaines \u00e9ditions il faudra augmenter les zones de dunes pour les SSV. Ils ont besoin de plus de sable et de dunes, et nous \u00e9tudions d\u00e9j\u00e0 des solutions pour y parvenir. \u00bb<\/p>\n<h3 data-start=\"6249\" data-end=\"6268\"><strong data-start=\"6253\" data-end=\"6268\">CLASSEMENTS<\/strong><\/h3>\n<p data-start=\"6270\" data-end=\"6527\"><strong data-start=\"6270\" data-end=\"6296\">Adventure (Voitures) :<\/strong><\/p>\n<p data-start=\"6270\" data-end=\"6527\">\u2022 Adventure C1 : <em data-start=\"6316\" data-end=\"6329\">JORDIS TEAM<\/em> (Peugeot 205)<br data-start=\"6343\" data-end=\"6346\" \/>\u2022 Adventure C2 : <em data-start=\"6363\" data-end=\"6378\">TEAM TOURAINE<\/em> (BMW 1602)<br data-start=\"6389\" data-end=\"6392\" \/>\u2022 Adventure C3 : <em data-start=\"6409\" data-end=\"6431\">TEAM 2CV RTH &#8211; DD4\/4<\/em> (Citro\u00ebn 2CV 4&#215;4)<br data-start=\"6449\" data-end=\"6452\" \/>\u2022 Adventure C4 : <em data-start=\"6469\" data-end=\"6510\">GORDITOS TEAM &amp; PILOTES PER UN SOMRIURE<\/em> (Subaru Impreza)<\/p>\n<p data-start=\"6529\" data-end=\"6711\"><strong data-start=\"6529\" data-end=\"6550\">Raid (Voitures) :<\/strong><\/p>\n<p data-start=\"6529\" data-end=\"6711\">\u2022 C2 RAID : <em data-start=\"6565\" data-end=\"6584\">ON THE ROAD AGAIN<\/em> (BMW E28)<br data-start=\"6594\" data-end=\"6597\" \/>\u2022 CX2 PRO RAID : <em data-start=\"6614\" data-end=\"6648\">TEAM 2CV RTH &#8211; DEUGGY 001 PEGASE<\/em> (Citro\u00ebn 2CV)<br data-start=\"6662\" data-end=\"6665\" \/>\u2022 CX4 PRO RAID : <em data-start=\"6682\" data-end=\"6697\">TEAM MC QUEEN<\/em> (Porsche 964)<\/p>\n<p data-start=\"6713\" data-end=\"7015\"><strong data-start=\"6713\" data-end=\"6737\">Adventure TT (4&#215;4) :<\/strong><\/p>\n<p data-start=\"6713\" data-end=\"7015\">\u2022 Adventure TT1 : <em data-start=\"6758\" data-end=\"6778\">TEAM MAGIA MOTOR 1<\/em> (Suzuki Jimny)<br data-start=\"6793\" data-end=\"6796\" \/>\u2022 Adventure TT2 : <em data-start=\"6814\" data-end=\"6832\">SOLER MOTORSPORT<\/em> (Jeep Wrangler)<br data-start=\"6848\" data-end=\"6851\" \/>\u2022 Adventure TT3 : <em data-start=\"6869\" data-end=\"6882\">TRAIL DUNES<\/em> (Toyota Land Cruiser KDJ 155)<br data-start=\"6912\" data-end=\"6915\" \/>\u2022 Adventure Lite : <em data-start=\"6934\" data-end=\"6950\">BIG GREEN TEAM<\/em> (Toyota Land Cruiser)<br data-start=\"6972\" data-end=\"6975\" \/>\u2022 Adventure SUV : <em data-start=\"6993\" data-end=\"7001\">RODSAN<\/em> (Toyota RAV4)<\/p>\n<p data-start=\"7017\" data-end=\"7139\"><strong data-start=\"7017\" data-end=\"7036\">Raid TT &amp; SSV :<\/strong><\/p>\n<p data-start=\"7017\" data-end=\"7139\">\u2022 Raid TT : <em data-start=\"7051\" data-end=\"7067\">HOTEL SUR TEAM<\/em> (Mitsubishi Montero)<br data-start=\"7088\" data-end=\"7091\" \/>\u2022 SSV : <em data-start=\"7099\" data-end=\"7118\">FREEBUGGY1-JOANKI<\/em> (Can-Am Maverick X3)<\/p>\n<p data-start=\"7141\" data-end=\"7223\"><strong>Classements complets :<\/strong><\/p>\n<p><a href=\"https:\/\/lb.suckmytrack.com\/maroc-challenge-we-2025\/generals\"><strong>https:\/\/lb.suckmytrack.com\/maroc-challenge-we-2025\/generals<\/strong><\/a><\/p>\n","protected":false},"excerpt":{"rendered":"<p>La 24e \u00e9dition du Maroc Challenge, organis\u00e9e du 29 novembre<\/p>\n","protected":false},"author":2,"featured_media":23938,"comment_status":"closed","ping_status":"closed","sticky":false,"template":"","format":"standard","meta":{"footnotes":""},"categories":[91],"tags":[],"class_list":["post-23946","post","type-post","status-publish","format-standard","has-post-thumbnail","hentry","category-noticias-fr"],"yoast_head":"<!-- This site is optimized with the Yoast SEO plugin v27.4 - https:\/\/yoast.com\/product\/yoast-seo-wordpress\/ -->\n<title>DU SABLE ET DES DUNES POUR UN MAROC CHALLENGE RECORD - Maroc Challenge<\/title>\n<meta name=\"description\" content=\"La 24\u00aa edici\u00f3n de la Maroc Challenge, que se celebr\u00f3 del 29 de noviembre al 5 de diciembre, con un recorrido renovado, mucha arena y seis etapas de apasionantes aventuras, respondi\u00f3 a las expectativas que hab\u00eda generado.\" \/>\n<meta name=\"robots\" content=\"index, follow, max-snippet:-1, max-image-preview:large, max-video-preview:-1\" \/>\n<link rel=\"canonical\" href=\"https:\/\/www.marocchallenge.com\/fr\/du-sable-et-des-dunes-pour-un-maroc-challenge-record\/\" \/>\n<meta property=\"og:locale\" content=\"fr_FR\" \/>\n<meta property=\"og:type\" content=\"article\" \/>\n<meta property=\"og:title\" content=\"DU SABLE ET DES DUNES POUR UN MAROC CHALLENGE RECORD - Maroc Challenge\" \/>\n<meta property=\"og:description\" content=\"La 24\u00aa edici\u00f3n de la Maroc Challenge, que se celebr\u00f3 del 29 de noviembre al 5 de diciembre, con un recorrido renovado, mucha arena y seis etapas de apasionantes aventuras, respondi\u00f3 a las expectativas que hab\u00eda generado.\" \/>\n<meta property=\"og:url\" content=\"https:\/\/www.marocchallenge.com\/fr\/du-sable-et-des-dunes-pour-un-maroc-challenge-record\/\" \/>\n<meta property=\"og:site_name\" content=\"Maroc Challenge\" \/>\n<meta property=\"article:publisher\" content=\"https:\/\/www.facebook.com\/MarocChallenge\/\" \/>\n<meta property=\"article:published_time\" content=\"2025-12-09T08:15:23+00:00\" \/>\n<meta property=\"article:modified_time\" content=\"2025-12-09T08:41:32+00:00\" \/>\n<meta property=\"og:image\" content=\"https:\/\/www.marocchallenge.com\/wp-content\/uploads\/2025\/12\/Maroc-Challenge-09_12.png\" \/>\n\t<meta property=\"og:image:width\" content=\"1200\" \/>\n\t<meta property=\"og:image:height\" content=\"675\" \/>\n\t<meta property=\"og:image:type\" content=\"image\/png\" \/>\n<meta name=\"author\" content=\"Rui Caba\u00e7o\" \/>\n<meta name=\"twitter:card\" content=\"summary_large_image\" \/>\n<meta name=\"twitter:creator\" content=\"@marochallenge\" \/>\n<meta name=\"twitter:site\" content=\"@marochallenge\" \/>\n<meta name=\"twitter:label1\" content=\"\u00c9crit par\" \/>\n\t<meta name=\"twitter:data1\" content=\"Rui Caba\u00e7o\" \/>\n\t<meta name=\"twitter:label2\" content=\"Dur\u00e9e de lecture estim\u00e9e\" \/>\n\t<meta name=\"twitter:data2\" content=\"4 minutes\" \/>\n<script type=\"application\/ld+json\" class=\"yoast-schema-graph\">{\"@context\":\"https:\\\/\\\/schema.org\",\"@graph\":[{\"@type\":\"Article\",\"@id\":\"https:\\\/\\\/www.marocchallenge.com\\\/fr\\\/du-sable-et-des-dunes-pour-un-maroc-challenge-record\\\/#article\",\"isPartOf\":{\"@id\":\"https:\\\/\\\/www.marocchallenge.com\\\/fr\\\/du-sable-et-des-dunes-pour-un-maroc-challenge-record\\\/\"},\"author\":{\"name\":\"Rui Caba\u00e7o\",\"@id\":\"https:\\\/\\\/www.marocchallenge.com\\\/fr\\\/#\\\/schema\\\/person\\\/298a597a188b0019416217b2301b9e10\"},\"headline\":\"DU SABLE ET DES DUNES POUR UN MAROC CHALLENGE RECORD\",\"datePublished\":\"2025-12-09T08:15:23+00:00\",\"dateModified\":\"2025-12-09T08:41:32+00:00\",\"mainEntityOfPage\":{\"@id\":\"https:\\\/\\\/www.marocchallenge.com\\\/fr\\\/du-sable-et-des-dunes-pour-un-maroc-challenge-record\\\/\"},\"wordCount\":584,\"publisher\":{\"@id\":\"https:\\\/\\\/www.marocchallenge.com\\\/fr\\\/#organization\"},\"image\":{\"@id\":\"https:\\\/\\\/www.marocchallenge.com\\\/fr\\\/du-sable-et-des-dunes-pour-un-maroc-challenge-record\\\/#primaryimage\"},\"thumbnailUrl\":\"https:\\\/\\\/www.marocchallenge.com\\\/wp-content\\\/uploads\\\/2025\\\/12\\\/Maroc-Challenge-09_12.png\",\"articleSection\":[\"Noticias\"],\"inLanguage\":\"fr-FR\"},{\"@type\":\"WebPage\",\"@id\":\"https:\\\/\\\/www.marocchallenge.com\\\/fr\\\/du-sable-et-des-dunes-pour-un-maroc-challenge-record\\\/\",\"url\":\"https:\\\/\\\/www.marocchallenge.com\\\/fr\\\/du-sable-et-des-dunes-pour-un-maroc-challenge-record\\\/\",\"name\":\"DU SABLE ET DES DUNES POUR UN MAROC CHALLENGE RECORD - Maroc Challenge\",\"isPartOf\":{\"@id\":\"https:\\\/\\\/www.marocchallenge.com\\\/fr\\\/#website\"},\"primaryImageOfPage\":{\"@id\":\"https:\\\/\\\/www.marocchallenge.com\\\/fr\\\/du-sable-et-des-dunes-pour-un-maroc-challenge-record\\\/#primaryimage\"},\"image\":{\"@id\":\"https:\\\/\\\/www.marocchallenge.com\\\/fr\\\/du-sable-et-des-dunes-pour-un-maroc-challenge-record\\\/#primaryimage\"},\"thumbnailUrl\":\"https:\\\/\\\/www.marocchallenge.com\\\/wp-content\\\/uploads\\\/2025\\\/12\\\/Maroc-Challenge-09_12.png\",\"datePublished\":\"2025-12-09T08:15:23+00:00\",\"dateModified\":\"2025-12-09T08:41:32+00:00\",\"description\":\"La 24\u00aa edici\u00f3n de la Maroc Challenge, que se celebr\u00f3 del 29 de noviembre al 5 de diciembre, con un recorrido renovado, mucha arena y seis etapas de apasionantes aventuras, respondi\u00f3 a las expectativas que hab\u00eda generado.\",\"breadcrumb\":{\"@id\":\"https:\\\/\\\/www.marocchallenge.com\\\/fr\\\/du-sable-et-des-dunes-pour-un-maroc-challenge-record\\\/#breadcrumb\"},\"inLanguage\":\"fr-FR\",\"potentialAction\":[{\"@type\":\"ReadAction\",\"target\":[\"https:\\\/\\\/www.marocchallenge.com\\\/fr\\\/du-sable-et-des-dunes-pour-un-maroc-challenge-record\\\/\"]}]},{\"@type\":\"ImageObject\",\"inLanguage\":\"fr-FR\",\"@id\":\"https:\\\/\\\/www.marocchallenge.com\\\/fr\\\/du-sable-et-des-dunes-pour-un-maroc-challenge-record\\\/#primaryimage\",\"url\":\"https:\\\/\\\/www.marocchallenge.com\\\/wp-content\\\/uploads\\\/2025\\\/12\\\/Maroc-Challenge-09_12.png\",\"contentUrl\":\"https:\\\/\\\/www.marocchallenge.com\\\/wp-content\\\/uploads\\\/2025\\\/12\\\/Maroc-Challenge-09_12.png\",\"width\":1200,\"height\":675},{\"@type\":\"BreadcrumbList\",\"@id\":\"https:\\\/\\\/www.marocchallenge.com\\\/fr\\\/du-sable-et-des-dunes-pour-un-maroc-challenge-record\\\/#breadcrumb\",\"itemListElement\":[{\"@type\":\"ListItem\",\"position\":1,\"name\":\"Portada\",\"item\":\"https:\\\/\\\/www.marocchallenge.com\\\/fr\\\/\"},{\"@type\":\"ListItem\",\"position\":2,\"name\":\"DU SABLE ET DES DUNES POUR UN MAROC CHALLENGE RECORD\"}]},{\"@type\":\"WebSite\",\"@id\":\"https:\\\/\\\/www.marocchallenge.com\\\/fr\\\/#website\",\"url\":\"https:\\\/\\\/www.marocchallenge.com\\\/fr\\\/\",\"name\":\"Maroc Challenge\",\"description\":\"Le Dakar des ann\u00e9es 70 pour les aventuriers d\u2019aujourd\u2019hui\",\"publisher\":{\"@id\":\"https:\\\/\\\/www.marocchallenge.com\\\/fr\\\/#organization\"},\"potentialAction\":[{\"@type\":\"SearchAction\",\"target\":{\"@type\":\"EntryPoint\",\"urlTemplate\":\"https:\\\/\\\/www.marocchallenge.com\\\/fr\\\/?s={search_term_string}\"},\"query-input\":{\"@type\":\"PropertyValueSpecification\",\"valueRequired\":true,\"valueName\":\"search_term_string\"}}],\"inLanguage\":\"fr-FR\"},{\"@type\":\"Organization\",\"@id\":\"https:\\\/\\\/www.marocchallenge.com\\\/fr\\\/#organization\",\"name\":\"Maroc Challenge - El Dakar de los 70's para los aventureros de hoy\",\"url\":\"https:\\\/\\\/www.marocchallenge.com\\\/fr\\\/\",\"logo\":{\"@type\":\"ImageObject\",\"inLanguage\":\"fr-FR\",\"@id\":\"https:\\\/\\\/www.marocchallenge.com\\\/fr\\\/#\\\/schema\\\/logo\\\/image\\\/\",\"url\":\"https:\\\/\\\/www.marocchallenge.com\\\/wp-content\\\/uploads\\\/2020\\\/03\\\/Logo-Maroc_Challenge.png\",\"contentUrl\":\"https:\\\/\\\/www.marocchallenge.com\\\/wp-content\\\/uploads\\\/2020\\\/03\\\/Logo-Maroc_Challenge.png\",\"width\":170,\"height\":96,\"caption\":\"Maroc Challenge - El Dakar de los 70's para los aventureros de hoy\"},\"image\":{\"@id\":\"https:\\\/\\\/www.marocchallenge.com\\\/fr\\\/#\\\/schema\\\/logo\\\/image\\\/\"},\"sameAs\":[\"https:\\\/\\\/www.facebook.com\\\/MarocChallenge\\\/\",\"https:\\\/\\\/x.com\\\/marochallenge\",\"https:\\\/\\\/www.instagram.com\\\/marocchallenge\\\/\",\"https:\\\/\\\/www.linkedin.com\\\/company\\\/maroc-challenge\",\"https:\\\/\\\/www.youtube.com\\\/user\\\/MarocChallenge\"]},{\"@type\":\"Person\",\"@id\":\"https:\\\/\\\/www.marocchallenge.com\\\/fr\\\/#\\\/schema\\\/person\\\/298a597a188b0019416217b2301b9e10\",\"name\":\"Rui Caba\u00e7o\",\"image\":{\"@type\":\"ImageObject\",\"inLanguage\":\"fr-FR\",\"@id\":\"https:\\\/\\\/secure.gravatar.com\\\/avatar\\\/7ac3f434351cbd7875a5f064f6695a52ab4f6ffeb48c6bffb908c8e6f0e3bf73?s=96&d=mm&r=g\",\"url\":\"https:\\\/\\\/secure.gravatar.com\\\/avatar\\\/7ac3f434351cbd7875a5f064f6695a52ab4f6ffeb48c6bffb908c8e6f0e3bf73?s=96&d=mm&r=g\",\"contentUrl\":\"https:\\\/\\\/secure.gravatar.com\\\/avatar\\\/7ac3f434351cbd7875a5f064f6695a52ab4f6ffeb48c6bffb908c8e6f0e3bf73?s=96&d=mm&r=g\",\"caption\":\"Rui Caba\u00e7o\"}}]}<\/script>\n<!-- \/ Yoast SEO plugin. -->","yoast_head_json":{"title":"DU SABLE ET DES DUNES POUR UN MAROC CHALLENGE RECORD - Maroc Challenge","description":"La 24\u00aa edici\u00f3n de la Maroc Challenge, que se celebr\u00f3 del 29 de noviembre al 5 de diciembre, con un recorrido renovado, mucha arena y seis etapas de apasionantes aventuras, respondi\u00f3 a las expectativas que hab\u00eda generado.","robots":{"index":"index","follow":"follow","max-snippet":"max-snippet:-1","max-image-preview":"max-image-preview:large","max-video-preview":"max-video-preview:-1"},"canonical":"https:\/\/www.marocchallenge.com\/fr\/du-sable-et-des-dunes-pour-un-maroc-challenge-record\/","og_locale":"fr_FR","og_type":"article","og_title":"DU SABLE ET DES DUNES POUR UN MAROC CHALLENGE RECORD - Maroc Challenge","og_description":"La 24\u00aa edici\u00f3n de la Maroc Challenge, que se celebr\u00f3 del 29 de noviembre al 5 de diciembre, con un recorrido renovado, mucha arena y seis etapas de apasionantes aventuras, respondi\u00f3 a las expectativas que hab\u00eda generado.","og_url":"https:\/\/www.marocchallenge.com\/fr\/du-sable-et-des-dunes-pour-un-maroc-challenge-record\/","og_site_name":"Maroc Challenge","article_publisher":"https:\/\/www.facebook.com\/MarocChallenge\/","article_published_time":"2025-12-09T08:15:23+00:00","article_modified_time":"2025-12-09T08:41:32+00:00","og_image":[{"width":1200,"height":675,"url":"https:\/\/www.marocchallenge.com\/wp-content\/uploads\/2025\/12\/Maroc-Challenge-09_12.png","type":"image\/png"}],"author":"Rui Caba\u00e7o","twitter_card":"summary_large_image","twitter_creator":"@marochallenge","twitter_site":"@marochallenge","twitter_misc":{"\u00c9crit par":"Rui Caba\u00e7o","Dur\u00e9e de lecture estim\u00e9e":"4 minutes"},"schema":{"@context":"https:\/\/schema.org","@graph":[{"@type":"Article","@id":"https:\/\/www.marocchallenge.com\/fr\/du-sable-et-des-dunes-pour-un-maroc-challenge-record\/#article","isPartOf":{"@id":"https:\/\/www.marocchallenge.com\/fr\/du-sable-et-des-dunes-pour-un-maroc-challenge-record\/"},"author":{"name":"Rui Caba\u00e7o","@id":"https:\/\/www.marocchallenge.com\/fr\/#\/schema\/person\/298a597a188b0019416217b2301b9e10"},"headline":"DU SABLE ET DES DUNES POUR UN MAROC CHALLENGE RECORD","datePublished":"2025-12-09T08:15:23+00:00","dateModified":"2025-12-09T08:41:32+00:00","mainEntityOfPage":{"@id":"https:\/\/www.marocchallenge.com\/fr\/du-sable-et-des-dunes-pour-un-maroc-challenge-record\/"},"wordCount":584,"publisher":{"@id":"https:\/\/www.marocchallenge.com\/fr\/#organization"},"image":{"@id":"https:\/\/www.marocchallenge.com\/fr\/du-sable-et-des-dunes-pour-un-maroc-challenge-record\/#primaryimage"},"thumbnailUrl":"https:\/\/www.marocchallenge.com\/wp-content\/uploads\/2025\/12\/Maroc-Challenge-09_12.png","articleSection":["Noticias"],"inLanguage":"fr-FR"},{"@type":"WebPage","@id":"https:\/\/www.marocchallenge.com\/fr\/du-sable-et-des-dunes-pour-un-maroc-challenge-record\/","url":"https:\/\/www.marocchallenge.com\/fr\/du-sable-et-des-dunes-pour-un-maroc-challenge-record\/","name":"DU SABLE ET DES DUNES POUR UN MAROC CHALLENGE RECORD - Maroc Challenge","isPartOf":{"@id":"https:\/\/www.marocchallenge.com\/fr\/#website"},"primaryImageOfPage":{"@id":"https:\/\/www.marocchallenge.com\/fr\/du-sable-et-des-dunes-pour-un-maroc-challenge-record\/#primaryimage"},"image":{"@id":"https:\/\/www.marocchallenge.com\/fr\/du-sable-et-des-dunes-pour-un-maroc-challenge-record\/#primaryimage"},"thumbnailUrl":"https:\/\/www.marocchallenge.com\/wp-content\/uploads\/2025\/12\/Maroc-Challenge-09_12.png","datePublished":"2025-12-09T08:15:23+00:00","dateModified":"2025-12-09T08:41:32+00:00","description":"La 24\u00aa edici\u00f3n de la Maroc Challenge, que se celebr\u00f3 del 29 de noviembre al 5 de diciembre, con un recorrido renovado, mucha arena y seis etapas de apasionantes aventuras, respondi\u00f3 a las expectativas que hab\u00eda generado.","breadcrumb":{"@id":"https:\/\/www.marocchallenge.com\/fr\/du-sable-et-des-dunes-pour-un-maroc-challenge-record\/#breadcrumb"},"inLanguage":"fr-FR","potentialAction":[{"@type":"ReadAction","target":["https:\/\/www.marocchallenge.com\/fr\/du-sable-et-des-dunes-pour-un-maroc-challenge-record\/"]}]},{"@type":"ImageObject","inLanguage":"fr-FR","@id":"https:\/\/www.marocchallenge.com\/fr\/du-sable-et-des-dunes-pour-un-maroc-challenge-record\/#primaryimage","url":"https:\/\/www.marocchallenge.com\/wp-content\/uploads\/2025\/12\/Maroc-Challenge-09_12.png","contentUrl":"https:\/\/www.marocchallenge.com\/wp-content\/uploads\/2025\/12\/Maroc-Challenge-09_12.png","width":1200,"height":675},{"@type":"BreadcrumbList","@id":"https:\/\/www.marocchallenge.com\/fr\/du-sable-et-des-dunes-pour-un-maroc-challenge-record\/#breadcrumb","itemListElement":[{"@type":"ListItem","position":1,"name":"Portada","item":"https:\/\/www.marocchallenge.com\/fr\/"},{"@type":"ListItem","position":2,"name":"DU SABLE ET DES DUNES POUR UN MAROC CHALLENGE RECORD"}]},{"@type":"WebSite","@id":"https:\/\/www.marocchallenge.com\/fr\/#website","url":"https:\/\/www.marocchallenge.com\/fr\/","name":"Maroc Challenge","description":"Le Dakar des ann\u00e9es 70 pour les aventuriers d\u2019aujourd\u2019hui","publisher":{"@id":"https:\/\/www.marocchallenge.com\/fr\/#organization"},"potentialAction":[{"@type":"SearchAction","target":{"@type":"EntryPoint","urlTemplate":"https:\/\/www.marocchallenge.com\/fr\/?s={search_term_string}"},"query-input":{"@type":"PropertyValueSpecification","valueRequired":true,"valueName":"search_term_string"}}],"inLanguage":"fr-FR"},{"@type":"Organization","@id":"https:\/\/www.marocchallenge.com\/fr\/#organization","name":"Maroc Challenge - El Dakar de los 70's para los aventureros de hoy","url":"https:\/\/www.marocchallenge.com\/fr\/","logo":{"@type":"ImageObject","inLanguage":"fr-FR","@id":"https:\/\/www.marocchallenge.com\/fr\/#\/schema\/logo\/image\/","url":"https:\/\/www.marocchallenge.com\/wp-content\/uploads\/2020\/03\/Logo-Maroc_Challenge.png","contentUrl":"https:\/\/www.marocchallenge.com\/wp-content\/uploads\/2020\/03\/Logo-Maroc_Challenge.png","width":170,"height":96,"caption":"Maroc Challenge - El Dakar de los 70's para los aventureros de hoy"},"image":{"@id":"https:\/\/www.marocchallenge.com\/fr\/#\/schema\/logo\/image\/"},"sameAs":["https:\/\/www.facebook.com\/MarocChallenge\/","https:\/\/x.com\/marochallenge","https:\/\/www.instagram.com\/marocchallenge\/","https:\/\/www.linkedin.com\/company\/maroc-challenge","https:\/\/www.youtube.com\/user\/MarocChallenge"]},{"@type":"Person","@id":"https:\/\/www.marocchallenge.com\/fr\/#\/schema\/person\/298a597a188b0019416217b2301b9e10","name":"Rui Caba\u00e7o","image":{"@type":"ImageObject","inLanguage":"fr-FR","@id":"https:\/\/secure.gravatar.com\/avatar\/7ac3f434351cbd7875a5f064f6695a52ab4f6ffeb48c6bffb908c8e6f0e3bf73?s=96&d=mm&r=g","url":"https:\/\/secure.gravatar.com\/avatar\/7ac3f434351cbd7875a5f064f6695a52ab4f6ffeb48c6bffb908c8e6f0e3bf73?s=96&d=mm&r=g","contentUrl":"https:\/\/secure.gravatar.com\/avatar\/7ac3f434351cbd7875a5f064f6695a52ab4f6ffeb48c6bffb908c8e6f0e3bf73?s=96&d=mm&r=g","caption":"Rui Caba\u00e7o"}}]}},"_links":{"self":[{"href":"https:\/\/www.marocchallenge.com\/fr\/wp-json\/wp\/v2\/posts\/23946","targetHints":{"allow":["GET"]}}],"collection":[{"href":"https:\/\/www.marocchallenge.com\/fr\/wp-json\/wp\/v2\/posts"}],"about":[{"href":"https:\/\/www.marocchallenge.com\/fr\/wp-json\/wp\/v2\/types\/post"}],"author":[{"embeddable":true,"href":"https:\/\/www.marocchallenge.com\/fr\/wp-json\/wp\/v2\/users\/2"}],"replies":[{"embeddable":true,"href":"https:\/\/www.marocchallenge.com\/fr\/wp-json\/wp\/v2\/comments?post=23946"}],"version-history":[{"count":3,"href":"https:\/\/www.marocchallenge.com\/fr\/wp-json\/wp\/v2\/posts\/23946\/revisions"}],"predecessor-version":[{"id":23956,"href":"https:\/\/www.marocchallenge.com\/fr\/wp-json\/wp\/v2\/posts\/23946\/revisions\/23956"}],"wp:featuredmedia":[{"embeddable":true,"href":"https:\/\/www.marocchallenge.com\/fr\/wp-json\/wp\/v2\/media\/23938"}],"wp:attachment":[{"href":"https:\/\/www.marocchallenge.com\/fr\/wp-json\/wp\/v2\/media?parent=23946"}],"wp:term":[{"taxonomy":"category","embeddable":true,"href":"https:\/\/www.marocchallenge.com\/fr\/wp-json\/wp\/v2\/categories?post=23946"},{"taxonomy":"post_tag","embeddable":true,"href":"https:\/\/www.marocchallenge.com\/fr\/wp-json\/wp\/v2\/tags?post=23946"}],"curies":[{"name":"wp","href":"https:\/\/api.w.org\/{rel}","templated":true}]}}