{"id":23998,"date":"2025-12-11T06:21:14","date_gmt":"2025-12-11T06:21:14","guid":{"rendered":"https:\/\/www.marocchallenge.com\/spring-2026-abrimos-inscripciones-el-15-de-diciembre\/"},"modified":"2025-12-11T06:32:06","modified_gmt":"2025-12-11T06:32:06","slug":"spring-2026-ouverture-des-inscriptions-le-15-decembre","status":"publish","type":"post","link":"https:\/\/www.marocchallenge.com\/fr\/spring-2026-ouverture-des-inscriptions-le-15-decembre\/","title":{"rendered":"SPRING 2026 : OUVERTURE DES INSCRIPTIONS LE 15 D\u00c9CEMBRE !"},"content":{"rendered":"<h2><img decoding=\"async\" class=\"alignnone wp-image-23991 size-full\" src=\"https:\/\/www.marocchallenge.com\/wp-content\/uploads\/2025\/12\/MarocChallenge-11-12.png\" alt=\"\" width=\"1200\" height=\"675\" srcset=\"https:\/\/www.marocchallenge.com\/wp-content\/uploads\/2025\/12\/MarocChallenge-11-12-200x113.png 200w, https:\/\/www.marocchallenge.com\/wp-content\/uploads\/2025\/12\/MarocChallenge-11-12-300x169.png 300w, https:\/\/www.marocchallenge.com\/wp-content\/uploads\/2025\/12\/MarocChallenge-11-12-400x225.png 400w, https:\/\/www.marocchallenge.com\/wp-content\/uploads\/2025\/12\/MarocChallenge-11-12-600x338.png 600w, https:\/\/www.marocchallenge.com\/wp-content\/uploads\/2025\/12\/MarocChallenge-11-12-768x432.png 768w, https:\/\/www.marocchallenge.com\/wp-content\/uploads\/2025\/12\/MarocChallenge-11-12-800x450.png 800w, https:\/\/www.marocchallenge.com\/wp-content\/uploads\/2025\/12\/MarocChallenge-11-12-1024x576.png 1024w, https:\/\/www.marocchallenge.com\/wp-content\/uploads\/2025\/12\/MarocChallenge-11-12.png 1200w\" sizes=\"(max-width: 1200px) 100vw, 1200px\" \/><\/h2>\n<h2>Les inscriptions pour la prochaine \u00e9dition du Maroc Challenge ouvriront le 15 d\u00e9cembre. Les premiers d\u00e9tails de la Spring 2026, qui se d\u00e9roulera du 27 mars au 4 avril, seront pr\u00e9sent\u00e9s dans les prochaines semaines.<\/h2>\n<p>Nous venons de rentrer du Maroc et nous sommes d\u00e9j\u00e0 en <strong>train de finaliser le programme provisoire, que nous d\u00e9voilerons tr\u00e8s bient\u00f4t. Il sera rempli de d\u00e9fis, avec beaucoup de sable et de dunes<\/strong>, et l\u2019ambition de consolider notre position comme l\u2019un des \u00e9v\u00e9nements amateurs de r\u00e9f\u00e9rence organis\u00e9s au Maroc.<\/p>\n<p><strong>Si vous ne souhaitez pas manquer cette exp\u00e9rience passionnante, vous pouvez d\u00e9j\u00e0 r\u00e9server les dates du 27 mars au 4 avril et les partager avec vos amis<\/strong> : ce sera le point de rencontre de cette nouvelle aventure du Maroc Challenge, une 25e \u00e9dition tr\u00e8s sp\u00e9ciale et pleine de nouveaut\u00e9s.<\/p>\n<p><strong>\u00c0 partir du 15 d\u00e9cembre<\/strong>, vous pourrez consulter sur notre site web tous les d\u00e9tails relatifs aux inscriptions ainsi que les p\u00e9riodes d\u00e9finies pour b\u00e9n\u00e9ficier des tarifs les plus avantageux.<\/p>\n","protected":false},"excerpt":{"rendered":"<p>Les inscriptions pour la prochaine \u00e9dition du Maroc Challenge ouvriront<\/p>\n","protected":false},"author":2,"featured_media":23993,"comment_status":"closed","ping_status":"closed","sticky":false,"template":"","format":"standard","meta":{"footnotes":""},"categories":[91],"tags":[],"class_list":["post-23998","post","type-post","status-publish","format-standard","has-post-thumbnail","hentry","category-noticias-fr"],"yoast_head":"<!-- This site is optimized with the Yoast SEO plugin v27.4 - https:\/\/yoast.com\/product\/yoast-seo-wordpress\/ -->\n<title>SPRING 2026 : OUVERTURE DES INSCRIPTIONS LE 15 D\u00c9CEMBRE ! - Maroc Challenge<\/title>\n<meta name=\"description\" content=\"Les inscriptions pour la prochaine \u00e9dition du Maroc Challenge ouvriront le 15 d\u00e9cembre. Les premiers d\u00e9tails de la Spring 2026, qui se d\u00e9roulera du 27 mars au 4 avril, seront pr\u00e9sent\u00e9s dans les prochaines semaines.\" \/>\n<meta name=\"robots\" content=\"index, follow, max-snippet:-1, max-image-preview:large, max-video-preview:-1\" \/>\n<link rel=\"canonical\" href=\"https:\/\/www.marocchallenge.com\/fr\/spring-2026-ouverture-des-inscriptions-le-15-decembre\/\" \/>\n<meta property=\"og:locale\" content=\"fr_FR\" \/>\n<meta property=\"og:type\" content=\"article\" \/>\n<meta property=\"og:title\" content=\"SPRING 2026 : OUVERTURE DES INSCRIPTIONS LE 15 D\u00c9CEMBRE ! - Maroc Challenge\" \/>\n<meta property=\"og:description\" content=\"Les inscriptions pour la prochaine \u00e9dition du Maroc Challenge ouvriront le 15 d\u00e9cembre. Les premiers d\u00e9tails de la Spring 2026, qui se d\u00e9roulera du 27 mars au 4 avril, seront pr\u00e9sent\u00e9s dans les prochaines semaines.\" \/>\n<meta property=\"og:url\" content=\"https:\/\/www.marocchallenge.com\/fr\/spring-2026-ouverture-des-inscriptions-le-15-decembre\/\" \/>\n<meta property=\"og:site_name\" content=\"Maroc Challenge\" \/>\n<meta property=\"article:publisher\" content=\"https:\/\/www.facebook.com\/MarocChallenge\/\" \/>\n<meta property=\"article:published_time\" content=\"2025-12-11T06:21:14+00:00\" \/>\n<meta property=\"article:modified_time\" content=\"2025-12-11T06:32:06+00:00\" \/>\n<meta property=\"og:image\" content=\"https:\/\/www.marocchallenge.com\/wp-content\/uploads\/2025\/12\/MarocChallenge-11-12.png\" \/>\n\t<meta property=\"og:image:width\" content=\"1200\" \/>\n\t<meta property=\"og:image:height\" content=\"675\" \/>\n\t<meta property=\"og:image:type\" content=\"image\/png\" \/>\n<meta name=\"author\" content=\"Rui Caba\u00e7o\" \/>\n<meta name=\"twitter:card\" content=\"summary_large_image\" \/>\n<meta name=\"twitter:creator\" content=\"@marochallenge\" \/>\n<meta name=\"twitter:site\" content=\"@marochallenge\" \/>\n<meta name=\"twitter:label1\" content=\"\u00c9crit par\" \/>\n\t<meta name=\"twitter:data1\" content=\"Rui Caba\u00e7o\" \/>\n\t<meta name=\"twitter:label2\" content=\"Dur\u00e9e de lecture estim\u00e9e\" \/>\n\t<meta name=\"twitter:data2\" content=\"2 minutes\" \/>\n<script type=\"application\/ld+json\" class=\"yoast-schema-graph\">{\"@context\":\"https:\\\/\\\/schema.org\",\"@graph\":[{\"@type\":\"Article\",\"@id\":\"https:\\\/\\\/www.marocchallenge.com\\\/fr\\\/spring-2026-ouverture-des-inscriptions-le-15-decembre\\\/#article\",\"isPartOf\":{\"@id\":\"https:\\\/\\\/www.marocchallenge.com\\\/fr\\\/spring-2026-ouverture-des-inscriptions-le-15-decembre\\\/\"},\"author\":{\"name\":\"Rui Caba\u00e7o\",\"@id\":\"https:\\\/\\\/www.marocchallenge.com\\\/fr\\\/#\\\/schema\\\/person\\\/298a597a188b0019416217b2301b9e10\"},\"headline\":\"SPRING 2026 : OUVERTURE DES INSCRIPTIONS LE 15 D\u00c9CEMBRE !\",\"datePublished\":\"2025-12-11T06:21:14+00:00\",\"dateModified\":\"2025-12-11T06:32:06+00:00\",\"mainEntityOfPage\":{\"@id\":\"https:\\\/\\\/www.marocchallenge.com\\\/fr\\\/spring-2026-ouverture-des-inscriptions-le-15-decembre\\\/\"},\"wordCount\":191,\"publisher\":{\"@id\":\"https:\\\/\\\/www.marocchallenge.com\\\/fr\\\/#organization\"},\"image\":{\"@id\":\"https:\\\/\\\/www.marocchallenge.com\\\/fr\\\/spring-2026-ouverture-des-inscriptions-le-15-decembre\\\/#primaryimage\"},\"thumbnailUrl\":\"https:\\\/\\\/www.marocchallenge.com\\\/wp-content\\\/uploads\\\/2025\\\/12\\\/MarocChallenge-11-12.png\",\"articleSection\":[\"Noticias\"],\"inLanguage\":\"fr-FR\"},{\"@type\":\"WebPage\",\"@id\":\"https:\\\/\\\/www.marocchallenge.com\\\/fr\\\/spring-2026-ouverture-des-inscriptions-le-15-decembre\\\/\",\"url\":\"https:\\\/\\\/www.marocchallenge.com\\\/fr\\\/spring-2026-ouverture-des-inscriptions-le-15-decembre\\\/\",\"name\":\"SPRING 2026 : OUVERTURE DES INSCRIPTIONS LE 15 D\u00c9CEMBRE ! - Maroc Challenge\",\"isPartOf\":{\"@id\":\"https:\\\/\\\/www.marocchallenge.com\\\/fr\\\/#website\"},\"primaryImageOfPage\":{\"@id\":\"https:\\\/\\\/www.marocchallenge.com\\\/fr\\\/spring-2026-ouverture-des-inscriptions-le-15-decembre\\\/#primaryimage\"},\"image\":{\"@id\":\"https:\\\/\\\/www.marocchallenge.com\\\/fr\\\/spring-2026-ouverture-des-inscriptions-le-15-decembre\\\/#primaryimage\"},\"thumbnailUrl\":\"https:\\\/\\\/www.marocchallenge.com\\\/wp-content\\\/uploads\\\/2025\\\/12\\\/MarocChallenge-11-12.png\",\"datePublished\":\"2025-12-11T06:21:14+00:00\",\"dateModified\":\"2025-12-11T06:32:06+00:00\",\"description\":\"Les inscriptions pour la prochaine \u00e9dition du Maroc Challenge ouvriront le 15 d\u00e9cembre. Les premiers d\u00e9tails de la Spring 2026, qui se d\u00e9roulera du 27 mars au 4 avril, seront pr\u00e9sent\u00e9s dans les prochaines semaines.\",\"breadcrumb\":{\"@id\":\"https:\\\/\\\/www.marocchallenge.com\\\/fr\\\/spring-2026-ouverture-des-inscriptions-le-15-decembre\\\/#breadcrumb\"},\"inLanguage\":\"fr-FR\",\"potentialAction\":[{\"@type\":\"ReadAction\",\"target\":[\"https:\\\/\\\/www.marocchallenge.com\\\/fr\\\/spring-2026-ouverture-des-inscriptions-le-15-decembre\\\/\"]}]},{\"@type\":\"ImageObject\",\"inLanguage\":\"fr-FR\",\"@id\":\"https:\\\/\\\/www.marocchallenge.com\\\/fr\\\/spring-2026-ouverture-des-inscriptions-le-15-decembre\\\/#primaryimage\",\"url\":\"https:\\\/\\\/www.marocchallenge.com\\\/wp-content\\\/uploads\\\/2025\\\/12\\\/MarocChallenge-11-12.png\",\"contentUrl\":\"https:\\\/\\\/www.marocchallenge.com\\\/wp-content\\\/uploads\\\/2025\\\/12\\\/MarocChallenge-11-12.png\",\"width\":1200,\"height\":675},{\"@type\":\"BreadcrumbList\",\"@id\":\"https:\\\/\\\/www.marocchallenge.com\\\/fr\\\/spring-2026-ouverture-des-inscriptions-le-15-decembre\\\/#breadcrumb\",\"itemListElement\":[{\"@type\":\"ListItem\",\"position\":1,\"name\":\"Portada\",\"item\":\"https:\\\/\\\/www.marocchallenge.com\\\/fr\\\/\"},{\"@type\":\"ListItem\",\"position\":2,\"name\":\"SPRING 2026 : OUVERTURE DES INSCRIPTIONS LE 15 D\u00c9CEMBRE !\"}]},{\"@type\":\"WebSite\",\"@id\":\"https:\\\/\\\/www.marocchallenge.com\\\/fr\\\/#website\",\"url\":\"https:\\\/\\\/www.marocchallenge.com\\\/fr\\\/\",\"name\":\"Maroc Challenge\",\"description\":\"Le Dakar des ann\u00e9es 70 pour les aventuriers d\u2019aujourd\u2019hui\",\"publisher\":{\"@id\":\"https:\\\/\\\/www.marocchallenge.com\\\/fr\\\/#organization\"},\"potentialAction\":[{\"@type\":\"SearchAction\",\"target\":{\"@type\":\"EntryPoint\",\"urlTemplate\":\"https:\\\/\\\/www.marocchallenge.com\\\/fr\\\/?s={search_term_string}\"},\"query-input\":{\"@type\":\"PropertyValueSpecification\",\"valueRequired\":true,\"valueName\":\"search_term_string\"}}],\"inLanguage\":\"fr-FR\"},{\"@type\":\"Organization\",\"@id\":\"https:\\\/\\\/www.marocchallenge.com\\\/fr\\\/#organization\",\"name\":\"Maroc Challenge - El Dakar de los 70's para los aventureros de hoy\",\"url\":\"https:\\\/\\\/www.marocchallenge.com\\\/fr\\\/\",\"logo\":{\"@type\":\"ImageObject\",\"inLanguage\":\"fr-FR\",\"@id\":\"https:\\\/\\\/www.marocchallenge.com\\\/fr\\\/#\\\/schema\\\/logo\\\/image\\\/\",\"url\":\"https:\\\/\\\/www.marocchallenge.com\\\/wp-content\\\/uploads\\\/2020\\\/03\\\/Logo-Maroc_Challenge.png\",\"contentUrl\":\"https:\\\/\\\/www.marocchallenge.com\\\/wp-content\\\/uploads\\\/2020\\\/03\\\/Logo-Maroc_Challenge.png\",\"width\":170,\"height\":96,\"caption\":\"Maroc Challenge - El Dakar de los 70's para los aventureros de hoy\"},\"image\":{\"@id\":\"https:\\\/\\\/www.marocchallenge.com\\\/fr\\\/#\\\/schema\\\/logo\\\/image\\\/\"},\"sameAs\":[\"https:\\\/\\\/www.facebook.com\\\/MarocChallenge\\\/\",\"https:\\\/\\\/x.com\\\/marochallenge\",\"https:\\\/\\\/www.instagram.com\\\/marocchallenge\\\/\",\"https:\\\/\\\/www.linkedin.com\\\/company\\\/maroc-challenge\",\"https:\\\/\\\/www.youtube.com\\\/user\\\/MarocChallenge\"]},{\"@type\":\"Person\",\"@id\":\"https:\\\/\\\/www.marocchallenge.com\\\/fr\\\/#\\\/schema\\\/person\\\/298a597a188b0019416217b2301b9e10\",\"name\":\"Rui Caba\u00e7o\",\"image\":{\"@type\":\"ImageObject\",\"inLanguage\":\"fr-FR\",\"@id\":\"https:\\\/\\\/secure.gravatar.com\\\/avatar\\\/7ac3f434351cbd7875a5f064f6695a52ab4f6ffeb48c6bffb908c8e6f0e3bf73?s=96&d=mm&r=g\",\"url\":\"https:\\\/\\\/secure.gravatar.com\\\/avatar\\\/7ac3f434351cbd7875a5f064f6695a52ab4f6ffeb48c6bffb908c8e6f0e3bf73?s=96&d=mm&r=g\",\"contentUrl\":\"https:\\\/\\\/secure.gravatar.com\\\/avatar\\\/7ac3f434351cbd7875a5f064f6695a52ab4f6ffeb48c6bffb908c8e6f0e3bf73?s=96&d=mm&r=g\",\"caption\":\"Rui Caba\u00e7o\"}}]}<\/script>\n<!-- \/ Yoast SEO plugin. -->","yoast_head_json":{"title":"SPRING 2026 : OUVERTURE DES INSCRIPTIONS LE 15 D\u00c9CEMBRE ! - Maroc Challenge","description":"Les inscriptions pour la prochaine \u00e9dition du Maroc Challenge ouvriront le 15 d\u00e9cembre. Les premiers d\u00e9tails de la Spring 2026, qui se d\u00e9roulera du 27 mars au 4 avril, seront pr\u00e9sent\u00e9s dans les prochaines semaines.","robots":{"index":"index","follow":"follow","max-snippet":"max-snippet:-1","max-image-preview":"max-image-preview:large","max-video-preview":"max-video-preview:-1"},"canonical":"https:\/\/www.marocchallenge.com\/fr\/spring-2026-ouverture-des-inscriptions-le-15-decembre\/","og_locale":"fr_FR","og_type":"article","og_title":"SPRING 2026 : OUVERTURE DES INSCRIPTIONS LE 15 D\u00c9CEMBRE ! - Maroc Challenge","og_description":"Les inscriptions pour la prochaine \u00e9dition du Maroc Challenge ouvriront le 15 d\u00e9cembre. Les premiers d\u00e9tails de la Spring 2026, qui se d\u00e9roulera du 27 mars au 4 avril, seront pr\u00e9sent\u00e9s dans les prochaines semaines.","og_url":"https:\/\/www.marocchallenge.com\/fr\/spring-2026-ouverture-des-inscriptions-le-15-decembre\/","og_site_name":"Maroc Challenge","article_publisher":"https:\/\/www.facebook.com\/MarocChallenge\/","article_published_time":"2025-12-11T06:21:14+00:00","article_modified_time":"2025-12-11T06:32:06+00:00","og_image":[{"width":1200,"height":675,"url":"https:\/\/www.marocchallenge.com\/wp-content\/uploads\/2025\/12\/MarocChallenge-11-12.png","type":"image\/png"}],"author":"Rui Caba\u00e7o","twitter_card":"summary_large_image","twitter_creator":"@marochallenge","twitter_site":"@marochallenge","twitter_misc":{"\u00c9crit par":"Rui Caba\u00e7o","Dur\u00e9e de lecture estim\u00e9e":"2 minutes"},"schema":{"@context":"https:\/\/schema.org","@graph":[{"@type":"Article","@id":"https:\/\/www.marocchallenge.com\/fr\/spring-2026-ouverture-des-inscriptions-le-15-decembre\/#article","isPartOf":{"@id":"https:\/\/www.marocchallenge.com\/fr\/spring-2026-ouverture-des-inscriptions-le-15-decembre\/"},"author":{"name":"Rui Caba\u00e7o","@id":"https:\/\/www.marocchallenge.com\/fr\/#\/schema\/person\/298a597a188b0019416217b2301b9e10"},"headline":"SPRING 2026 : OUVERTURE DES INSCRIPTIONS LE 15 D\u00c9CEMBRE !","datePublished":"2025-12-11T06:21:14+00:00","dateModified":"2025-12-11T06:32:06+00:00","mainEntityOfPage":{"@id":"https:\/\/www.marocchallenge.com\/fr\/spring-2026-ouverture-des-inscriptions-le-15-decembre\/"},"wordCount":191,"publisher":{"@id":"https:\/\/www.marocchallenge.com\/fr\/#organization"},"image":{"@id":"https:\/\/www.marocchallenge.com\/fr\/spring-2026-ouverture-des-inscriptions-le-15-decembre\/#primaryimage"},"thumbnailUrl":"https:\/\/www.marocchallenge.com\/wp-content\/uploads\/2025\/12\/MarocChallenge-11-12.png","articleSection":["Noticias"],"inLanguage":"fr-FR"},{"@type":"WebPage","@id":"https:\/\/www.marocchallenge.com\/fr\/spring-2026-ouverture-des-inscriptions-le-15-decembre\/","url":"https:\/\/www.marocchallenge.com\/fr\/spring-2026-ouverture-des-inscriptions-le-15-decembre\/","name":"SPRING 2026 : OUVERTURE DES INSCRIPTIONS LE 15 D\u00c9CEMBRE ! - Maroc Challenge","isPartOf":{"@id":"https:\/\/www.marocchallenge.com\/fr\/#website"},"primaryImageOfPage":{"@id":"https:\/\/www.marocchallenge.com\/fr\/spring-2026-ouverture-des-inscriptions-le-15-decembre\/#primaryimage"},"image":{"@id":"https:\/\/www.marocchallenge.com\/fr\/spring-2026-ouverture-des-inscriptions-le-15-decembre\/#primaryimage"},"thumbnailUrl":"https:\/\/www.marocchallenge.com\/wp-content\/uploads\/2025\/12\/MarocChallenge-11-12.png","datePublished":"2025-12-11T06:21:14+00:00","dateModified":"2025-12-11T06:32:06+00:00","description":"Les inscriptions pour la prochaine \u00e9dition du Maroc Challenge ouvriront le 15 d\u00e9cembre. Les premiers d\u00e9tails de la Spring 2026, qui se d\u00e9roulera du 27 mars au 4 avril, seront pr\u00e9sent\u00e9s dans les prochaines semaines.","breadcrumb":{"@id":"https:\/\/www.marocchallenge.com\/fr\/spring-2026-ouverture-des-inscriptions-le-15-decembre\/#breadcrumb"},"inLanguage":"fr-FR","potentialAction":[{"@type":"ReadAction","target":["https:\/\/www.marocchallenge.com\/fr\/spring-2026-ouverture-des-inscriptions-le-15-decembre\/"]}]},{"@type":"ImageObject","inLanguage":"fr-FR","@id":"https:\/\/www.marocchallenge.com\/fr\/spring-2026-ouverture-des-inscriptions-le-15-decembre\/#primaryimage","url":"https:\/\/www.marocchallenge.com\/wp-content\/uploads\/2025\/12\/MarocChallenge-11-12.png","contentUrl":"https:\/\/www.marocchallenge.com\/wp-content\/uploads\/2025\/12\/MarocChallenge-11-12.png","width":1200,"height":675},{"@type":"BreadcrumbList","@id":"https:\/\/www.marocchallenge.com\/fr\/spring-2026-ouverture-des-inscriptions-le-15-decembre\/#breadcrumb","itemListElement":[{"@type":"ListItem","position":1,"name":"Portada","item":"https:\/\/www.marocchallenge.com\/fr\/"},{"@type":"ListItem","position":2,"name":"SPRING 2026 : OUVERTURE DES INSCRIPTIONS LE 15 D\u00c9CEMBRE !"}]},{"@type":"WebSite","@id":"https:\/\/www.marocchallenge.com\/fr\/#website","url":"https:\/\/www.marocchallenge.com\/fr\/","name":"Maroc Challenge","description":"Le Dakar des ann\u00e9es 70 pour les aventuriers d\u2019aujourd\u2019hui","publisher":{"@id":"https:\/\/www.marocchallenge.com\/fr\/#organization"},"potentialAction":[{"@type":"SearchAction","target":{"@type":"EntryPoint","urlTemplate":"https:\/\/www.marocchallenge.com\/fr\/?s={search_term_string}"},"query-input":{"@type":"PropertyValueSpecification","valueRequired":true,"valueName":"search_term_string"}}],"inLanguage":"fr-FR"},{"@type":"Organization","@id":"https:\/\/www.marocchallenge.com\/fr\/#organization","name":"Maroc Challenge - El Dakar de los 70's para los aventureros de hoy","url":"https:\/\/www.marocchallenge.com\/fr\/","logo":{"@type":"ImageObject","inLanguage":"fr-FR","@id":"https:\/\/www.marocchallenge.com\/fr\/#\/schema\/logo\/image\/","url":"https:\/\/www.marocchallenge.com\/wp-content\/uploads\/2020\/03\/Logo-Maroc_Challenge.png","contentUrl":"https:\/\/www.marocchallenge.com\/wp-content\/uploads\/2020\/03\/Logo-Maroc_Challenge.png","width":170,"height":96,"caption":"Maroc Challenge - El Dakar de los 70's para los aventureros de hoy"},"image":{"@id":"https:\/\/www.marocchallenge.com\/fr\/#\/schema\/logo\/image\/"},"sameAs":["https:\/\/www.facebook.com\/MarocChallenge\/","https:\/\/x.com\/marochallenge","https:\/\/www.instagram.com\/marocchallenge\/","https:\/\/www.linkedin.com\/company\/maroc-challenge","https:\/\/www.youtube.com\/user\/MarocChallenge"]},{"@type":"Person","@id":"https:\/\/www.marocchallenge.com\/fr\/#\/schema\/person\/298a597a188b0019416217b2301b9e10","name":"Rui Caba\u00e7o","image":{"@type":"ImageObject","inLanguage":"fr-FR","@id":"https:\/\/secure.gravatar.com\/avatar\/7ac3f434351cbd7875a5f064f6695a52ab4f6ffeb48c6bffb908c8e6f0e3bf73?s=96&d=mm&r=g","url":"https:\/\/secure.gravatar.com\/avatar\/7ac3f434351cbd7875a5f064f6695a52ab4f6ffeb48c6bffb908c8e6f0e3bf73?s=96&d=mm&r=g","contentUrl":"https:\/\/secure.gravatar.com\/avatar\/7ac3f434351cbd7875a5f064f6695a52ab4f6ffeb48c6bffb908c8e6f0e3bf73?s=96&d=mm&r=g","caption":"Rui Caba\u00e7o"}}]}},"_links":{"self":[{"href":"https:\/\/www.marocchallenge.com\/fr\/wp-json\/wp\/v2\/posts\/23998","targetHints":{"allow":["GET"]}}],"collection":[{"href":"https:\/\/www.marocchallenge.com\/fr\/wp-json\/wp\/v2\/posts"}],"about":[{"href":"https:\/\/www.marocchallenge.com\/fr\/wp-json\/wp\/v2\/types\/post"}],"author":[{"embeddable":true,"href":"https:\/\/www.marocchallenge.com\/fr\/wp-json\/wp\/v2\/users\/2"}],"replies":[{"embeddable":true,"href":"https:\/\/www.marocchallenge.com\/fr\/wp-json\/wp\/v2\/comments?post=23998"}],"version-history":[{"count":3,"href":"https:\/\/www.marocchallenge.com\/fr\/wp-json\/wp\/v2\/posts\/23998\/revisions"}],"predecessor-version":[{"id":24005,"href":"https:\/\/www.marocchallenge.com\/fr\/wp-json\/wp\/v2\/posts\/23998\/revisions\/24005"}],"wp:featuredmedia":[{"embeddable":true,"href":"https:\/\/www.marocchallenge.com\/fr\/wp-json\/wp\/v2\/media\/23993"}],"wp:attachment":[{"href":"https:\/\/www.marocchallenge.com\/fr\/wp-json\/wp\/v2\/media?parent=23998"}],"wp:term":[{"taxonomy":"category","embeddable":true,"href":"https:\/\/www.marocchallenge.com\/fr\/wp-json\/wp\/v2\/categories?post=23998"},{"taxonomy":"post_tag","embeddable":true,"href":"https:\/\/www.marocchallenge.com\/fr\/wp-json\/wp\/v2\/tags?post=23998"}],"curies":[{"name":"wp","href":"https:\/\/api.w.org\/{rel}","templated":true}]}}