{"id":24111,"date":"2025-12-15T08:25:31","date_gmt":"2025-12-15T08:25:31","guid":{"rendered":"https:\/\/www.marocchallenge.com\/arena-de-principio-a-fin-para-la-spring-2026\/"},"modified":"2025-12-15T08:32:41","modified_gmt":"2025-12-15T08:32:41","slug":"du-sable-du-debut-a-la-fin-pour-la-spring-2026","status":"publish","type":"post","link":"https:\/\/www.marocchallenge.com\/fr\/du-sable-du-debut-a-la-fin-pour-la-spring-2026\/","title":{"rendered":"DU SABLE DU D\u00c9BUT \u00c0 LA FIN POUR LA SPRING 2026 !"},"content":{"rendered":"<h2><img decoding=\"async\" class=\"alignnone wp-image-24103 size-full\" src=\"https:\/\/www.marocchallenge.com\/wp-content\/uploads\/2025\/12\/MarocChallenge-14-12.png\" alt=\"\" width=\"1200\" height=\"675\" srcset=\"https:\/\/www.marocchallenge.com\/wp-content\/uploads\/2025\/12\/MarocChallenge-14-12-200x113.png 200w, https:\/\/www.marocchallenge.com\/wp-content\/uploads\/2025\/12\/MarocChallenge-14-12-300x169.png 300w, https:\/\/www.marocchallenge.com\/wp-content\/uploads\/2025\/12\/MarocChallenge-14-12-400x225.png 400w, https:\/\/www.marocchallenge.com\/wp-content\/uploads\/2025\/12\/MarocChallenge-14-12-600x338.png 600w, https:\/\/www.marocchallenge.com\/wp-content\/uploads\/2025\/12\/MarocChallenge-14-12-768x432.png 768w, https:\/\/www.marocchallenge.com\/wp-content\/uploads\/2025\/12\/MarocChallenge-14-12-800x450.png 800w, https:\/\/www.marocchallenge.com\/wp-content\/uploads\/2025\/12\/MarocChallenge-14-12-1024x576.png 1024w, https:\/\/www.marocchallenge.com\/wp-content\/uploads\/2025\/12\/MarocChallenge-14-12.png 1200w\" sizes=\"(max-width: 1200px) 100vw, 1200px\" \/><\/h2>\n<h2>Les inscriptions pour la Spring 2026 sont d\u00e9sormais ouvertes et nous souhaitons d\u00e9voiler les premiers d\u00e9tails d\u2019une \u00e9dition o\u00f9 le sable et les dunes seront \u00e0 nouveau les grands protagonistes, dans la continuit\u00e9 de la Winter 2025.<\/h2>\n<p>La <strong>25e \u00e9dition du Maroc Challenge<\/strong>, qui se d\u00e9roulera du <strong>27 mars au 4 avril<\/strong>, d\u00e9butera \u00e0 <strong>Erfoud<\/strong>, o\u00f9 auront \u00e9galement lieu les <strong>v\u00e9rifications administratives et techniques<\/strong>. Apr\u00e8s <strong>six \u00e9tapes<\/strong>, l\u2019\u00e9preuve se terminera au pied de l\u2019<strong>Erg Chebbi<\/strong>, avec du sable du <strong>premier au dernier kilom\u00e8tre<\/strong>.<\/p>\n<p>Le parcours de la <strong>Spring 2026<\/strong> sera un m\u00e9lange de la derni\u00e8re <strong>Winter<\/strong>, mais avec des <strong>\u00e9tapes diff\u00e9rentes<\/strong>. Il se d\u00e9roulera globalement dans les m\u00eames zones, avec toutefois des <strong>variations de parcours<\/strong>, dans l\u2019objectif de proposer \u00e0 nouveau une \u00e9dition avec <strong>beaucoup de d\u00e9sert et de dunes<\/strong>.<\/p>\n<p>Nous maintenons notre engagement \u00e0 concevoir des <strong>parcours adapt\u00e9s aux diff\u00e9rentes cat\u00e9gories<\/strong>, en \u00e9largissant les zones sableuses pour les <strong>SSV<\/strong>, des v\u00e9hicules particuli\u00e8rement efficaces dans les dunes. En plus de l\u2019<strong>Erg Chebbi<\/strong> et des dunes d\u2019<strong>Ouzina<\/strong>, l\u2019itin\u00e9raire traversera \u00e0 nouveau l\u2019<strong>Erg Chegaga<\/strong>, comme ce fut le cas pour la premi\u00e8re fois lors de la <strong>Winter 2025<\/strong>.<br \/>\nNous travaillons \u00e0 l\u2019am\u00e9lioration d\u2019une \u00e9dition dont le parcours avait d\u00e9j\u00e0 \u00e9t\u00e9 tr\u00e8s appr\u00e9ci\u00e9 par les participants, en soignant chaque d\u00e9tail gr\u00e2ce \u00e0 l\u2019exp\u00e9rience acquise en d\u00e9cembre.<\/p>\n<p><strong>Zagora<\/strong> accueillera l\u2019arriv\u00e9e de la <strong>deuxi\u00e8me \u00e9tape<\/strong>, <strong>M\u2019Hamid<\/strong> celle de la <strong>troisi\u00e8me<\/strong>, et la <strong>quatri\u00e8me \u00e9tape<\/strong> se terminera au <strong>camp de Sidi Ali<\/strong>. Le <strong>bivouac<\/strong> traditionnel sera de nouveau install\u00e9 pr\u00e8s du <strong>lac Maider<\/strong>, \u00e0 proximit\u00e9 de la localit\u00e9 de <strong>Tafraoute<\/strong>, situ\u00e9e \u00e0 mi-chemin entre <strong>M\u2019Hamid et Erfoud<\/strong>.<\/p>\n<p>Ce sera une \u00e9dition <strong>tr\u00e8s sp\u00e9ciale<\/strong>. D\u2019une part, nous c\u00e9l\u00e9brerons le <strong>25e anniversaire<\/strong> du Maroc Challenge et, d\u2019autre part, il s\u2019agira de l\u2019une des \u00e9ditions <strong>les plus aventureuses et exigeantes<\/strong>, absolument <strong>inoubliable<\/strong>, avec <strong>beaucoup de sable et de dunes<\/strong>.<\/p>\n<p>Sur notre <strong>site web<\/strong>, vous pourrez consulter plus d\u2019informations sur l\u2019\u00e9preuve, ainsi que le <strong>calendrier des inscriptions<\/strong> et les <strong>p\u00e9riodes pr\u00e9vues<\/strong> pour b\u00e9n\u00e9ficier des <strong>tarifs les plus avantageux<\/strong>.<\/p>\n","protected":false},"excerpt":{"rendered":"<p>Les inscriptions pour la Spring 2026 sont d\u00e9sormais ouvertes et<\/p>\n","protected":false},"author":2,"featured_media":24105,"comment_status":"closed","ping_status":"closed","sticky":false,"template":"","format":"standard","meta":{"footnotes":""},"categories":[91],"tags":[],"class_list":["post-24111","post","type-post","status-publish","format-standard","has-post-thumbnail","hentry","category-noticias-fr"],"yoast_head":"<!-- This site is optimized with the Yoast SEO plugin v27.4 - https:\/\/yoast.com\/product\/yoast-seo-wordpress\/ -->\n<title>DU SABLE DU D\u00c9BUT \u00c0 LA FIN POUR LA SPRING 2026 ! - Maroc Challenge<\/title>\n<meta name=\"description\" content=\"Les inscriptions pour la Spring 2026 sont d\u00e9sormais ouvertes et nous souhaitons d\u00e9voiler les premiers d\u00e9tails d\u2019une \u00e9dition o\u00f9 le sable et les dunes seront \u00e0 nouveau les grands protagonistes, dans la continuit\u00e9 de la Winter 2025.\" \/>\n<meta name=\"robots\" content=\"index, follow, max-snippet:-1, max-image-preview:large, max-video-preview:-1\" \/>\n<link rel=\"canonical\" href=\"https:\/\/www.marocchallenge.com\/fr\/du-sable-du-debut-a-la-fin-pour-la-spring-2026\/\" \/>\n<meta property=\"og:locale\" content=\"fr_FR\" \/>\n<meta property=\"og:type\" content=\"article\" \/>\n<meta property=\"og:title\" content=\"DU SABLE DU D\u00c9BUT \u00c0 LA FIN POUR LA SPRING 2026 ! - Maroc Challenge\" \/>\n<meta property=\"og:description\" content=\"Les inscriptions pour la Spring 2026 sont d\u00e9sormais ouvertes et nous souhaitons d\u00e9voiler les premiers d\u00e9tails d\u2019une \u00e9dition o\u00f9 le sable et les dunes seront \u00e0 nouveau les grands protagonistes, dans la continuit\u00e9 de la Winter 2025.\" \/>\n<meta property=\"og:url\" content=\"https:\/\/www.marocchallenge.com\/fr\/du-sable-du-debut-a-la-fin-pour-la-spring-2026\/\" \/>\n<meta property=\"og:site_name\" content=\"Maroc Challenge\" \/>\n<meta property=\"article:publisher\" content=\"https:\/\/www.facebook.com\/MarocChallenge\/\" \/>\n<meta property=\"article:published_time\" content=\"2025-12-15T08:25:31+00:00\" \/>\n<meta property=\"article:modified_time\" content=\"2025-12-15T08:32:41+00:00\" \/>\n<meta property=\"og:image\" content=\"https:\/\/www.marocchallenge.com\/wp-content\/uploads\/2025\/12\/MarocChallenge-14-12.png\" \/>\n\t<meta property=\"og:image:width\" content=\"1200\" \/>\n\t<meta property=\"og:image:height\" content=\"675\" \/>\n\t<meta property=\"og:image:type\" content=\"image\/png\" \/>\n<meta name=\"author\" content=\"Rui Caba\u00e7o\" \/>\n<meta name=\"twitter:card\" content=\"summary_large_image\" \/>\n<meta name=\"twitter:creator\" content=\"@marochallenge\" \/>\n<meta name=\"twitter:site\" content=\"@marochallenge\" \/>\n<meta name=\"twitter:label1\" content=\"\u00c9crit par\" \/>\n\t<meta name=\"twitter:data1\" content=\"Rui Caba\u00e7o\" \/>\n\t<meta name=\"twitter:label2\" content=\"Dur\u00e9e de lecture estim\u00e9e\" \/>\n\t<meta name=\"twitter:data2\" content=\"2 minutes\" \/>\n<script type=\"application\/ld+json\" class=\"yoast-schema-graph\">{\"@context\":\"https:\\\/\\\/schema.org\",\"@graph\":[{\"@type\":\"Article\",\"@id\":\"https:\\\/\\\/www.marocchallenge.com\\\/fr\\\/du-sable-du-debut-a-la-fin-pour-la-spring-2026\\\/#article\",\"isPartOf\":{\"@id\":\"https:\\\/\\\/www.marocchallenge.com\\\/fr\\\/du-sable-du-debut-a-la-fin-pour-la-spring-2026\\\/\"},\"author\":{\"name\":\"Rui Caba\u00e7o\",\"@id\":\"https:\\\/\\\/www.marocchallenge.com\\\/fr\\\/#\\\/schema\\\/person\\\/298a597a188b0019416217b2301b9e10\"},\"headline\":\"DU SABLE DU D\u00c9BUT \u00c0 LA FIN POUR LA SPRING 2026 !\",\"datePublished\":\"2025-12-15T08:25:31+00:00\",\"dateModified\":\"2025-12-15T08:32:41+00:00\",\"mainEntityOfPage\":{\"@id\":\"https:\\\/\\\/www.marocchallenge.com\\\/fr\\\/du-sable-du-debut-a-la-fin-pour-la-spring-2026\\\/\"},\"wordCount\":386,\"publisher\":{\"@id\":\"https:\\\/\\\/www.marocchallenge.com\\\/fr\\\/#organization\"},\"image\":{\"@id\":\"https:\\\/\\\/www.marocchallenge.com\\\/fr\\\/du-sable-du-debut-a-la-fin-pour-la-spring-2026\\\/#primaryimage\"},\"thumbnailUrl\":\"https:\\\/\\\/www.marocchallenge.com\\\/wp-content\\\/uploads\\\/2025\\\/12\\\/MarocChallenge-14-12.png\",\"articleSection\":[\"Noticias\"],\"inLanguage\":\"fr-FR\"},{\"@type\":\"WebPage\",\"@id\":\"https:\\\/\\\/www.marocchallenge.com\\\/fr\\\/du-sable-du-debut-a-la-fin-pour-la-spring-2026\\\/\",\"url\":\"https:\\\/\\\/www.marocchallenge.com\\\/fr\\\/du-sable-du-debut-a-la-fin-pour-la-spring-2026\\\/\",\"name\":\"DU SABLE DU D\u00c9BUT \u00c0 LA FIN POUR LA SPRING 2026 ! - Maroc Challenge\",\"isPartOf\":{\"@id\":\"https:\\\/\\\/www.marocchallenge.com\\\/fr\\\/#website\"},\"primaryImageOfPage\":{\"@id\":\"https:\\\/\\\/www.marocchallenge.com\\\/fr\\\/du-sable-du-debut-a-la-fin-pour-la-spring-2026\\\/#primaryimage\"},\"image\":{\"@id\":\"https:\\\/\\\/www.marocchallenge.com\\\/fr\\\/du-sable-du-debut-a-la-fin-pour-la-spring-2026\\\/#primaryimage\"},\"thumbnailUrl\":\"https:\\\/\\\/www.marocchallenge.com\\\/wp-content\\\/uploads\\\/2025\\\/12\\\/MarocChallenge-14-12.png\",\"datePublished\":\"2025-12-15T08:25:31+00:00\",\"dateModified\":\"2025-12-15T08:32:41+00:00\",\"description\":\"Les inscriptions pour la Spring 2026 sont d\u00e9sormais ouvertes et nous souhaitons d\u00e9voiler les premiers d\u00e9tails d\u2019une \u00e9dition o\u00f9 le sable et les dunes seront \u00e0 nouveau les grands protagonistes, dans la continuit\u00e9 de la Winter 2025.\",\"breadcrumb\":{\"@id\":\"https:\\\/\\\/www.marocchallenge.com\\\/fr\\\/du-sable-du-debut-a-la-fin-pour-la-spring-2026\\\/#breadcrumb\"},\"inLanguage\":\"fr-FR\",\"potentialAction\":[{\"@type\":\"ReadAction\",\"target\":[\"https:\\\/\\\/www.marocchallenge.com\\\/fr\\\/du-sable-du-debut-a-la-fin-pour-la-spring-2026\\\/\"]}]},{\"@type\":\"ImageObject\",\"inLanguage\":\"fr-FR\",\"@id\":\"https:\\\/\\\/www.marocchallenge.com\\\/fr\\\/du-sable-du-debut-a-la-fin-pour-la-spring-2026\\\/#primaryimage\",\"url\":\"https:\\\/\\\/www.marocchallenge.com\\\/wp-content\\\/uploads\\\/2025\\\/12\\\/MarocChallenge-14-12.png\",\"contentUrl\":\"https:\\\/\\\/www.marocchallenge.com\\\/wp-content\\\/uploads\\\/2025\\\/12\\\/MarocChallenge-14-12.png\",\"width\":1200,\"height\":675},{\"@type\":\"BreadcrumbList\",\"@id\":\"https:\\\/\\\/www.marocchallenge.com\\\/fr\\\/du-sable-du-debut-a-la-fin-pour-la-spring-2026\\\/#breadcrumb\",\"itemListElement\":[{\"@type\":\"ListItem\",\"position\":1,\"name\":\"Portada\",\"item\":\"https:\\\/\\\/www.marocchallenge.com\\\/fr\\\/\"},{\"@type\":\"ListItem\",\"position\":2,\"name\":\"DU SABLE DU D\u00c9BUT \u00c0 LA FIN POUR LA SPRING 2026 !\"}]},{\"@type\":\"WebSite\",\"@id\":\"https:\\\/\\\/www.marocchallenge.com\\\/fr\\\/#website\",\"url\":\"https:\\\/\\\/www.marocchallenge.com\\\/fr\\\/\",\"name\":\"Maroc Challenge\",\"description\":\"Le Dakar des ann\u00e9es 70 pour les aventuriers d\u2019aujourd\u2019hui\",\"publisher\":{\"@id\":\"https:\\\/\\\/www.marocchallenge.com\\\/fr\\\/#organization\"},\"potentialAction\":[{\"@type\":\"SearchAction\",\"target\":{\"@type\":\"EntryPoint\",\"urlTemplate\":\"https:\\\/\\\/www.marocchallenge.com\\\/fr\\\/?s={search_term_string}\"},\"query-input\":{\"@type\":\"PropertyValueSpecification\",\"valueRequired\":true,\"valueName\":\"search_term_string\"}}],\"inLanguage\":\"fr-FR\"},{\"@type\":\"Organization\",\"@id\":\"https:\\\/\\\/www.marocchallenge.com\\\/fr\\\/#organization\",\"name\":\"Maroc Challenge - El Dakar de los 70's para los aventureros de hoy\",\"url\":\"https:\\\/\\\/www.marocchallenge.com\\\/fr\\\/\",\"logo\":{\"@type\":\"ImageObject\",\"inLanguage\":\"fr-FR\",\"@id\":\"https:\\\/\\\/www.marocchallenge.com\\\/fr\\\/#\\\/schema\\\/logo\\\/image\\\/\",\"url\":\"https:\\\/\\\/www.marocchallenge.com\\\/wp-content\\\/uploads\\\/2020\\\/03\\\/Logo-Maroc_Challenge.png\",\"contentUrl\":\"https:\\\/\\\/www.marocchallenge.com\\\/wp-content\\\/uploads\\\/2020\\\/03\\\/Logo-Maroc_Challenge.png\",\"width\":170,\"height\":96,\"caption\":\"Maroc Challenge - El Dakar de los 70's para los aventureros de hoy\"},\"image\":{\"@id\":\"https:\\\/\\\/www.marocchallenge.com\\\/fr\\\/#\\\/schema\\\/logo\\\/image\\\/\"},\"sameAs\":[\"https:\\\/\\\/www.facebook.com\\\/MarocChallenge\\\/\",\"https:\\\/\\\/x.com\\\/marochallenge\",\"https:\\\/\\\/www.instagram.com\\\/marocchallenge\\\/\",\"https:\\\/\\\/www.linkedin.com\\\/company\\\/maroc-challenge\",\"https:\\\/\\\/www.youtube.com\\\/user\\\/MarocChallenge\"]},{\"@type\":\"Person\",\"@id\":\"https:\\\/\\\/www.marocchallenge.com\\\/fr\\\/#\\\/schema\\\/person\\\/298a597a188b0019416217b2301b9e10\",\"name\":\"Rui Caba\u00e7o\",\"image\":{\"@type\":\"ImageObject\",\"inLanguage\":\"fr-FR\",\"@id\":\"https:\\\/\\\/secure.gravatar.com\\\/avatar\\\/7ac3f434351cbd7875a5f064f6695a52ab4f6ffeb48c6bffb908c8e6f0e3bf73?s=96&d=mm&r=g\",\"url\":\"https:\\\/\\\/secure.gravatar.com\\\/avatar\\\/7ac3f434351cbd7875a5f064f6695a52ab4f6ffeb48c6bffb908c8e6f0e3bf73?s=96&d=mm&r=g\",\"contentUrl\":\"https:\\\/\\\/secure.gravatar.com\\\/avatar\\\/7ac3f434351cbd7875a5f064f6695a52ab4f6ffeb48c6bffb908c8e6f0e3bf73?s=96&d=mm&r=g\",\"caption\":\"Rui Caba\u00e7o\"}}]}<\/script>\n<!-- \/ Yoast SEO plugin. -->","yoast_head_json":{"title":"DU SABLE DU D\u00c9BUT \u00c0 LA FIN POUR LA SPRING 2026 ! - Maroc Challenge","description":"Les inscriptions pour la Spring 2026 sont d\u00e9sormais ouvertes et nous souhaitons d\u00e9voiler les premiers d\u00e9tails d\u2019une \u00e9dition o\u00f9 le sable et les dunes seront \u00e0 nouveau les grands protagonistes, dans la continuit\u00e9 de la Winter 2025.","robots":{"index":"index","follow":"follow","max-snippet":"max-snippet:-1","max-image-preview":"max-image-preview:large","max-video-preview":"max-video-preview:-1"},"canonical":"https:\/\/www.marocchallenge.com\/fr\/du-sable-du-debut-a-la-fin-pour-la-spring-2026\/","og_locale":"fr_FR","og_type":"article","og_title":"DU SABLE DU D\u00c9BUT \u00c0 LA FIN POUR LA SPRING 2026 ! - Maroc Challenge","og_description":"Les inscriptions pour la Spring 2026 sont d\u00e9sormais ouvertes et nous souhaitons d\u00e9voiler les premiers d\u00e9tails d\u2019une \u00e9dition o\u00f9 le sable et les dunes seront \u00e0 nouveau les grands protagonistes, dans la continuit\u00e9 de la Winter 2025.","og_url":"https:\/\/www.marocchallenge.com\/fr\/du-sable-du-debut-a-la-fin-pour-la-spring-2026\/","og_site_name":"Maroc Challenge","article_publisher":"https:\/\/www.facebook.com\/MarocChallenge\/","article_published_time":"2025-12-15T08:25:31+00:00","article_modified_time":"2025-12-15T08:32:41+00:00","og_image":[{"width":1200,"height":675,"url":"https:\/\/www.marocchallenge.com\/wp-content\/uploads\/2025\/12\/MarocChallenge-14-12.png","type":"image\/png"}],"author":"Rui Caba\u00e7o","twitter_card":"summary_large_image","twitter_creator":"@marochallenge","twitter_site":"@marochallenge","twitter_misc":{"\u00c9crit par":"Rui Caba\u00e7o","Dur\u00e9e de lecture estim\u00e9e":"2 minutes"},"schema":{"@context":"https:\/\/schema.org","@graph":[{"@type":"Article","@id":"https:\/\/www.marocchallenge.com\/fr\/du-sable-du-debut-a-la-fin-pour-la-spring-2026\/#article","isPartOf":{"@id":"https:\/\/www.marocchallenge.com\/fr\/du-sable-du-debut-a-la-fin-pour-la-spring-2026\/"},"author":{"name":"Rui Caba\u00e7o","@id":"https:\/\/www.marocchallenge.com\/fr\/#\/schema\/person\/298a597a188b0019416217b2301b9e10"},"headline":"DU SABLE DU D\u00c9BUT \u00c0 LA FIN POUR LA SPRING 2026 !","datePublished":"2025-12-15T08:25:31+00:00","dateModified":"2025-12-15T08:32:41+00:00","mainEntityOfPage":{"@id":"https:\/\/www.marocchallenge.com\/fr\/du-sable-du-debut-a-la-fin-pour-la-spring-2026\/"},"wordCount":386,"publisher":{"@id":"https:\/\/www.marocchallenge.com\/fr\/#organization"},"image":{"@id":"https:\/\/www.marocchallenge.com\/fr\/du-sable-du-debut-a-la-fin-pour-la-spring-2026\/#primaryimage"},"thumbnailUrl":"https:\/\/www.marocchallenge.com\/wp-content\/uploads\/2025\/12\/MarocChallenge-14-12.png","articleSection":["Noticias"],"inLanguage":"fr-FR"},{"@type":"WebPage","@id":"https:\/\/www.marocchallenge.com\/fr\/du-sable-du-debut-a-la-fin-pour-la-spring-2026\/","url":"https:\/\/www.marocchallenge.com\/fr\/du-sable-du-debut-a-la-fin-pour-la-spring-2026\/","name":"DU SABLE DU D\u00c9BUT \u00c0 LA FIN POUR LA SPRING 2026 ! - Maroc Challenge","isPartOf":{"@id":"https:\/\/www.marocchallenge.com\/fr\/#website"},"primaryImageOfPage":{"@id":"https:\/\/www.marocchallenge.com\/fr\/du-sable-du-debut-a-la-fin-pour-la-spring-2026\/#primaryimage"},"image":{"@id":"https:\/\/www.marocchallenge.com\/fr\/du-sable-du-debut-a-la-fin-pour-la-spring-2026\/#primaryimage"},"thumbnailUrl":"https:\/\/www.marocchallenge.com\/wp-content\/uploads\/2025\/12\/MarocChallenge-14-12.png","datePublished":"2025-12-15T08:25:31+00:00","dateModified":"2025-12-15T08:32:41+00:00","description":"Les inscriptions pour la Spring 2026 sont d\u00e9sormais ouvertes et nous souhaitons d\u00e9voiler les premiers d\u00e9tails d\u2019une \u00e9dition o\u00f9 le sable et les dunes seront \u00e0 nouveau les grands protagonistes, dans la continuit\u00e9 de la Winter 2025.","breadcrumb":{"@id":"https:\/\/www.marocchallenge.com\/fr\/du-sable-du-debut-a-la-fin-pour-la-spring-2026\/#breadcrumb"},"inLanguage":"fr-FR","potentialAction":[{"@type":"ReadAction","target":["https:\/\/www.marocchallenge.com\/fr\/du-sable-du-debut-a-la-fin-pour-la-spring-2026\/"]}]},{"@type":"ImageObject","inLanguage":"fr-FR","@id":"https:\/\/www.marocchallenge.com\/fr\/du-sable-du-debut-a-la-fin-pour-la-spring-2026\/#primaryimage","url":"https:\/\/www.marocchallenge.com\/wp-content\/uploads\/2025\/12\/MarocChallenge-14-12.png","contentUrl":"https:\/\/www.marocchallenge.com\/wp-content\/uploads\/2025\/12\/MarocChallenge-14-12.png","width":1200,"height":675},{"@type":"BreadcrumbList","@id":"https:\/\/www.marocchallenge.com\/fr\/du-sable-du-debut-a-la-fin-pour-la-spring-2026\/#breadcrumb","itemListElement":[{"@type":"ListItem","position":1,"name":"Portada","item":"https:\/\/www.marocchallenge.com\/fr\/"},{"@type":"ListItem","position":2,"name":"DU SABLE DU D\u00c9BUT \u00c0 LA FIN POUR LA SPRING 2026 !"}]},{"@type":"WebSite","@id":"https:\/\/www.marocchallenge.com\/fr\/#website","url":"https:\/\/www.marocchallenge.com\/fr\/","name":"Maroc Challenge","description":"Le Dakar des ann\u00e9es 70 pour les aventuriers d\u2019aujourd\u2019hui","publisher":{"@id":"https:\/\/www.marocchallenge.com\/fr\/#organization"},"potentialAction":[{"@type":"SearchAction","target":{"@type":"EntryPoint","urlTemplate":"https:\/\/www.marocchallenge.com\/fr\/?s={search_term_string}"},"query-input":{"@type":"PropertyValueSpecification","valueRequired":true,"valueName":"search_term_string"}}],"inLanguage":"fr-FR"},{"@type":"Organization","@id":"https:\/\/www.marocchallenge.com\/fr\/#organization","name":"Maroc Challenge - El Dakar de los 70's para los aventureros de hoy","url":"https:\/\/www.marocchallenge.com\/fr\/","logo":{"@type":"ImageObject","inLanguage":"fr-FR","@id":"https:\/\/www.marocchallenge.com\/fr\/#\/schema\/logo\/image\/","url":"https:\/\/www.marocchallenge.com\/wp-content\/uploads\/2020\/03\/Logo-Maroc_Challenge.png","contentUrl":"https:\/\/www.marocchallenge.com\/wp-content\/uploads\/2020\/03\/Logo-Maroc_Challenge.png","width":170,"height":96,"caption":"Maroc Challenge - El Dakar de los 70's para los aventureros de hoy"},"image":{"@id":"https:\/\/www.marocchallenge.com\/fr\/#\/schema\/logo\/image\/"},"sameAs":["https:\/\/www.facebook.com\/MarocChallenge\/","https:\/\/x.com\/marochallenge","https:\/\/www.instagram.com\/marocchallenge\/","https:\/\/www.linkedin.com\/company\/maroc-challenge","https:\/\/www.youtube.com\/user\/MarocChallenge"]},{"@type":"Person","@id":"https:\/\/www.marocchallenge.com\/fr\/#\/schema\/person\/298a597a188b0019416217b2301b9e10","name":"Rui Caba\u00e7o","image":{"@type":"ImageObject","inLanguage":"fr-FR","@id":"https:\/\/secure.gravatar.com\/avatar\/7ac3f434351cbd7875a5f064f6695a52ab4f6ffeb48c6bffb908c8e6f0e3bf73?s=96&d=mm&r=g","url":"https:\/\/secure.gravatar.com\/avatar\/7ac3f434351cbd7875a5f064f6695a52ab4f6ffeb48c6bffb908c8e6f0e3bf73?s=96&d=mm&r=g","contentUrl":"https:\/\/secure.gravatar.com\/avatar\/7ac3f434351cbd7875a5f064f6695a52ab4f6ffeb48c6bffb908c8e6f0e3bf73?s=96&d=mm&r=g","caption":"Rui Caba\u00e7o"}}]}},"_links":{"self":[{"href":"https:\/\/www.marocchallenge.com\/fr\/wp-json\/wp\/v2\/posts\/24111","targetHints":{"allow":["GET"]}}],"collection":[{"href":"https:\/\/www.marocchallenge.com\/fr\/wp-json\/wp\/v2\/posts"}],"about":[{"href":"https:\/\/www.marocchallenge.com\/fr\/wp-json\/wp\/v2\/types\/post"}],"author":[{"embeddable":true,"href":"https:\/\/www.marocchallenge.com\/fr\/wp-json\/wp\/v2\/users\/2"}],"replies":[{"embeddable":true,"href":"https:\/\/www.marocchallenge.com\/fr\/wp-json\/wp\/v2\/comments?post=24111"}],"version-history":[{"count":2,"href":"https:\/\/www.marocchallenge.com\/fr\/wp-json\/wp\/v2\/posts\/24111\/revisions"}],"predecessor-version":[{"id":24117,"href":"https:\/\/www.marocchallenge.com\/fr\/wp-json\/wp\/v2\/posts\/24111\/revisions\/24117"}],"wp:featuredmedia":[{"embeddable":true,"href":"https:\/\/www.marocchallenge.com\/fr\/wp-json\/wp\/v2\/media\/24105"}],"wp:attachment":[{"href":"https:\/\/www.marocchallenge.com\/fr\/wp-json\/wp\/v2\/media?parent=24111"}],"wp:term":[{"taxonomy":"category","embeddable":true,"href":"https:\/\/www.marocchallenge.com\/fr\/wp-json\/wp\/v2\/categories?post=24111"},{"taxonomy":"post_tag","embeddable":true,"href":"https:\/\/www.marocchallenge.com\/fr\/wp-json\/wp\/v2\/tags?post=24111"}],"curies":[{"name":"wp","href":"https:\/\/api.w.org\/{rel}","templated":true}]}}