{"id":24307,"date":"2026-03-05T14:21:58","date_gmt":"2026-03-05T14:21:58","guid":{"rendered":"https:\/\/www.marocchallenge.com\/mas-arena-y-dunas-que-nunca\/"},"modified":"2026-03-05T14:27:47","modified_gmt":"2026-03-05T14:27:47","slug":"plus-de-sable-et-de-dunes-que-jamais","status":"publish","type":"post","link":"https:\/\/www.marocchallenge.com\/fr\/plus-de-sable-et-de-dunes-que-jamais\/","title":{"rendered":"PLUS DE SABLE ET DE DUNES QUE JAMAIS !"},"content":{"rendered":"<h2><img decoding=\"async\" class=\"alignnone wp-image-24300 size-full\" src=\"https:\/\/www.marocchallenge.com\/wp-content\/uploads\/2026\/03\/MarocChallenge-05-03-Recuperado.png\" alt=\"\" width=\"1200\" height=\"675\" srcset=\"https:\/\/www.marocchallenge.com\/wp-content\/uploads\/2026\/03\/MarocChallenge-05-03-Recuperado-200x113.png 200w, https:\/\/www.marocchallenge.com\/wp-content\/uploads\/2026\/03\/MarocChallenge-05-03-Recuperado-300x169.png 300w, https:\/\/www.marocchallenge.com\/wp-content\/uploads\/2026\/03\/MarocChallenge-05-03-Recuperado-400x225.png 400w, https:\/\/www.marocchallenge.com\/wp-content\/uploads\/2026\/03\/MarocChallenge-05-03-Recuperado-600x338.png 600w, https:\/\/www.marocchallenge.com\/wp-content\/uploads\/2026\/03\/MarocChallenge-05-03-Recuperado-768x432.png 768w, https:\/\/www.marocchallenge.com\/wp-content\/uploads\/2026\/03\/MarocChallenge-05-03-Recuperado-800x450.png 800w, https:\/\/www.marocchallenge.com\/wp-content\/uploads\/2026\/03\/MarocChallenge-05-03-Recuperado-1024x576.png 1024w, https:\/\/www.marocchallenge.com\/wp-content\/uploads\/2026\/03\/MarocChallenge-05-03-Recuperado.png 1200w\" sizes=\"(max-width: 1200px) 100vw, 1200px\" \/><\/h2>\n<h2>Nous avons termin\u00e9 les reconnaissances de la Spring 2026, qui se d\u00e9roulera du 27 mars au 4 avril, et nous sommes convaincus qu\u2019elle sera \u00e0 nouveau une \u00e9dition inoubliable.<\/h2>\n<p>Une \u00e9quipe de l\u2019organisation s\u2019est rendue au Maroc afin de v\u00e9rifier les tracks et les diff\u00e9rentes zones que traversera cette \u00e9dition, proposant un parcours \u00e0 la hauteur des attentes suscit\u00e9es.<\/p>\n<p>Ce sera l\u2019une des \u00e9ditions les plus aventureuses et exigeantes du Maroc Challenge, absolument s\u00e9lective, avec plus de sable et de dunes que jamais au cours des 24 \u00e9ditions d\u00e9j\u00e0 disput\u00e9es, et avec des niveaux de difficult\u00e9 clairement d\u00e9finis selon chaque cat\u00e9gorie.<\/p>\n<p>Nous avons conclu cette longue et intense semaine de reconnaissances aux abords de l\u2019Erg Chebbi, l\u2019un des lieux les plus embl\u00e9matiques du d\u00e9sert marocain. Nous le traverserons \u00e0 deux reprises dans son int\u00e9gralit\u00e9, du nord au sud et inversement, ainsi que longitudinalement par le Passage des Chameaux, en franchissant \u00e9galement les rivi\u00e8res de sable qui l\u2019entourent.<\/p>\n<p>Outre l\u2019Erg Chebbi, les dunes d\u2019Ouzina et l\u2019Erg Chegaga, nous avons int\u00e9gr\u00e9 au parcours de nouvelles zones de sable in\u00e9dites dans l\u2019histoire du Maroc. Durant six \u00e9tapes, avec Erfoud comme point le plus au nord et Foum Zguid comme point le plus au sud, les participants traverseront \u00e9galement d\u2019imposantes plaines comprenant des zones de fesh-fesh, des gu\u00e9s, des pistes sablonneuses ainsi que d\u2019autres plus rapides et techniques, toujours \u00e0 la recherche des meilleurs trac\u00e9s.<\/p>\n<p>Il convient \u00e9galement de souligner la majest\u00e9 des paysages, qui permettront de vivre pleinement l\u2019aventure du Maroc Challenge.<\/p>\n<p>L\u2019utilisation de trois v\u00e9hicules aux caract\u00e9ristiques diff\u00e9rentes \u2014 Mercedes CLK (Coches), Nissan Patrol Long (Adventure TT) et Nissan Patrol Court (Raid et SSV) \u2014 nous a permis d\u2019adapter avec davantage de pr\u00e9cision les parcours et les tracks aux exigences sp\u00e9cifiques de chaque cat\u00e9gorie.<\/p>\n<p>Tous les d\u00e9tails de l\u2019\u00e9preuve sont disponibles sur nos r\u00e9seaux sociaux, sur notre site web et sur la nouvelle application du Maroc Challenge.<\/p>\n","protected":false},"excerpt":{"rendered":"<p>Nous avons termin\u00e9 les reconnaissances de la Spring 2026, qui<\/p>\n","protected":false},"author":2,"featured_media":24302,"comment_status":"closed","ping_status":"closed","sticky":false,"template":"","format":"standard","meta":{"footnotes":""},"categories":[91],"tags":[],"class_list":["post-24307","post","type-post","status-publish","format-standard","has-post-thumbnail","hentry","category-noticias-fr"],"yoast_head":"<!-- This site is optimized with the Yoast SEO plugin v27.4 - https:\/\/yoast.com\/product\/yoast-seo-wordpress\/ -->\n<title>PLUS DE SABLE ET DE DUNES QUE JAMAIS ! - Maroc Challenge<\/title>\n<meta name=\"description\" content=\"Nous avons termin\u00e9 les reconnaissances de la Spring 2026, qui se d\u00e9roulera du 27 mars au 4 avril, et nous sommes convaincus qu\u2019elle sera \u00e0 nouveau une \u00e9dition inoubliable.\" \/>\n<meta name=\"robots\" content=\"index, follow, max-snippet:-1, max-image-preview:large, max-video-preview:-1\" \/>\n<link rel=\"canonical\" href=\"https:\/\/www.marocchallenge.com\/fr\/plus-de-sable-et-de-dunes-que-jamais\/\" \/>\n<meta property=\"og:locale\" content=\"fr_FR\" \/>\n<meta property=\"og:type\" content=\"article\" \/>\n<meta property=\"og:title\" content=\"PLUS DE SABLE ET DE DUNES QUE JAMAIS ! - Maroc Challenge\" \/>\n<meta property=\"og:description\" content=\"Nous avons termin\u00e9 les reconnaissances de la Spring 2026, qui se d\u00e9roulera du 27 mars au 4 avril, et nous sommes convaincus qu\u2019elle sera \u00e0 nouveau une \u00e9dition inoubliable.\" \/>\n<meta property=\"og:url\" content=\"https:\/\/www.marocchallenge.com\/fr\/plus-de-sable-et-de-dunes-que-jamais\/\" \/>\n<meta property=\"og:site_name\" content=\"Maroc Challenge\" \/>\n<meta property=\"article:publisher\" content=\"https:\/\/www.facebook.com\/MarocChallenge\/\" \/>\n<meta property=\"article:published_time\" content=\"2026-03-05T14:21:58+00:00\" \/>\n<meta property=\"article:modified_time\" content=\"2026-03-05T14:27:47+00:00\" \/>\n<meta property=\"og:image\" content=\"https:\/\/www.marocchallenge.com\/wp-content\/uploads\/2026\/03\/MarocChallenge-05-03-Recuperado.png\" \/>\n\t<meta property=\"og:image:width\" content=\"1200\" \/>\n\t<meta property=\"og:image:height\" content=\"675\" \/>\n\t<meta property=\"og:image:type\" content=\"image\/png\" \/>\n<meta name=\"author\" content=\"Rui Caba\u00e7o\" \/>\n<meta name=\"twitter:card\" content=\"summary_large_image\" \/>\n<meta name=\"twitter:creator\" content=\"@marochallenge\" \/>\n<meta name=\"twitter:site\" content=\"@marochallenge\" \/>\n<meta name=\"twitter:label1\" content=\"\u00c9crit par\" \/>\n\t<meta name=\"twitter:data1\" content=\"Rui Caba\u00e7o\" \/>\n\t<meta name=\"twitter:label2\" content=\"Dur\u00e9e de lecture estim\u00e9e\" \/>\n\t<meta name=\"twitter:data2\" content=\"2 minutes\" \/>\n<script type=\"application\/ld+json\" class=\"yoast-schema-graph\">{\"@context\":\"https:\\\/\\\/schema.org\",\"@graph\":[{\"@type\":\"Article\",\"@id\":\"https:\\\/\\\/www.marocchallenge.com\\\/fr\\\/plus-de-sable-et-de-dunes-que-jamais\\\/#article\",\"isPartOf\":{\"@id\":\"https:\\\/\\\/www.marocchallenge.com\\\/fr\\\/plus-de-sable-et-de-dunes-que-jamais\\\/\"},\"author\":{\"name\":\"Rui Caba\u00e7o\",\"@id\":\"https:\\\/\\\/www.marocchallenge.com\\\/fr\\\/#\\\/schema\\\/person\\\/298a597a188b0019416217b2301b9e10\"},\"headline\":\"PLUS DE SABLE ET DE DUNES QUE JAMAIS !\",\"datePublished\":\"2026-03-05T14:21:58+00:00\",\"dateModified\":\"2026-03-05T14:27:47+00:00\",\"mainEntityOfPage\":{\"@id\":\"https:\\\/\\\/www.marocchallenge.com\\\/fr\\\/plus-de-sable-et-de-dunes-que-jamais\\\/\"},\"wordCount\":355,\"publisher\":{\"@id\":\"https:\\\/\\\/www.marocchallenge.com\\\/fr\\\/#organization\"},\"image\":{\"@id\":\"https:\\\/\\\/www.marocchallenge.com\\\/fr\\\/plus-de-sable-et-de-dunes-que-jamais\\\/#primaryimage\"},\"thumbnailUrl\":\"https:\\\/\\\/www.marocchallenge.com\\\/wp-content\\\/uploads\\\/2026\\\/03\\\/MarocChallenge-05-03-Recuperado.png\",\"articleSection\":[\"Noticias\"],\"inLanguage\":\"fr-FR\"},{\"@type\":\"WebPage\",\"@id\":\"https:\\\/\\\/www.marocchallenge.com\\\/fr\\\/plus-de-sable-et-de-dunes-que-jamais\\\/\",\"url\":\"https:\\\/\\\/www.marocchallenge.com\\\/fr\\\/plus-de-sable-et-de-dunes-que-jamais\\\/\",\"name\":\"PLUS DE SABLE ET DE DUNES QUE JAMAIS ! - Maroc Challenge\",\"isPartOf\":{\"@id\":\"https:\\\/\\\/www.marocchallenge.com\\\/fr\\\/#website\"},\"primaryImageOfPage\":{\"@id\":\"https:\\\/\\\/www.marocchallenge.com\\\/fr\\\/plus-de-sable-et-de-dunes-que-jamais\\\/#primaryimage\"},\"image\":{\"@id\":\"https:\\\/\\\/www.marocchallenge.com\\\/fr\\\/plus-de-sable-et-de-dunes-que-jamais\\\/#primaryimage\"},\"thumbnailUrl\":\"https:\\\/\\\/www.marocchallenge.com\\\/wp-content\\\/uploads\\\/2026\\\/03\\\/MarocChallenge-05-03-Recuperado.png\",\"datePublished\":\"2026-03-05T14:21:58+00:00\",\"dateModified\":\"2026-03-05T14:27:47+00:00\",\"description\":\"Nous avons termin\u00e9 les reconnaissances de la Spring 2026, qui se d\u00e9roulera du 27 mars au 4 avril, et nous sommes convaincus qu\u2019elle sera \u00e0 nouveau une \u00e9dition inoubliable.\",\"breadcrumb\":{\"@id\":\"https:\\\/\\\/www.marocchallenge.com\\\/fr\\\/plus-de-sable-et-de-dunes-que-jamais\\\/#breadcrumb\"},\"inLanguage\":\"fr-FR\",\"potentialAction\":[{\"@type\":\"ReadAction\",\"target\":[\"https:\\\/\\\/www.marocchallenge.com\\\/fr\\\/plus-de-sable-et-de-dunes-que-jamais\\\/\"]}]},{\"@type\":\"ImageObject\",\"inLanguage\":\"fr-FR\",\"@id\":\"https:\\\/\\\/www.marocchallenge.com\\\/fr\\\/plus-de-sable-et-de-dunes-que-jamais\\\/#primaryimage\",\"url\":\"https:\\\/\\\/www.marocchallenge.com\\\/wp-content\\\/uploads\\\/2026\\\/03\\\/MarocChallenge-05-03-Recuperado.png\",\"contentUrl\":\"https:\\\/\\\/www.marocchallenge.com\\\/wp-content\\\/uploads\\\/2026\\\/03\\\/MarocChallenge-05-03-Recuperado.png\",\"width\":1200,\"height\":675},{\"@type\":\"BreadcrumbList\",\"@id\":\"https:\\\/\\\/www.marocchallenge.com\\\/fr\\\/plus-de-sable-et-de-dunes-que-jamais\\\/#breadcrumb\",\"itemListElement\":[{\"@type\":\"ListItem\",\"position\":1,\"name\":\"Portada\",\"item\":\"https:\\\/\\\/www.marocchallenge.com\\\/fr\\\/\"},{\"@type\":\"ListItem\",\"position\":2,\"name\":\"PLUS DE SABLE ET DE DUNES QUE JAMAIS !\"}]},{\"@type\":\"WebSite\",\"@id\":\"https:\\\/\\\/www.marocchallenge.com\\\/fr\\\/#website\",\"url\":\"https:\\\/\\\/www.marocchallenge.com\\\/fr\\\/\",\"name\":\"Maroc Challenge\",\"description\":\"Le Dakar des ann\u00e9es 70 pour les aventuriers d\u2019aujourd\u2019hui\",\"publisher\":{\"@id\":\"https:\\\/\\\/www.marocchallenge.com\\\/fr\\\/#organization\"},\"potentialAction\":[{\"@type\":\"SearchAction\",\"target\":{\"@type\":\"EntryPoint\",\"urlTemplate\":\"https:\\\/\\\/www.marocchallenge.com\\\/fr\\\/?s={search_term_string}\"},\"query-input\":{\"@type\":\"PropertyValueSpecification\",\"valueRequired\":true,\"valueName\":\"search_term_string\"}}],\"inLanguage\":\"fr-FR\"},{\"@type\":\"Organization\",\"@id\":\"https:\\\/\\\/www.marocchallenge.com\\\/fr\\\/#organization\",\"name\":\"Maroc Challenge - El Dakar de los 70's para los aventureros de hoy\",\"url\":\"https:\\\/\\\/www.marocchallenge.com\\\/fr\\\/\",\"logo\":{\"@type\":\"ImageObject\",\"inLanguage\":\"fr-FR\",\"@id\":\"https:\\\/\\\/www.marocchallenge.com\\\/fr\\\/#\\\/schema\\\/logo\\\/image\\\/\",\"url\":\"https:\\\/\\\/www.marocchallenge.com\\\/wp-content\\\/uploads\\\/2020\\\/03\\\/Logo-Maroc_Challenge.png\",\"contentUrl\":\"https:\\\/\\\/www.marocchallenge.com\\\/wp-content\\\/uploads\\\/2020\\\/03\\\/Logo-Maroc_Challenge.png\",\"width\":170,\"height\":96,\"caption\":\"Maroc Challenge - El Dakar de los 70's para los aventureros de hoy\"},\"image\":{\"@id\":\"https:\\\/\\\/www.marocchallenge.com\\\/fr\\\/#\\\/schema\\\/logo\\\/image\\\/\"},\"sameAs\":[\"https:\\\/\\\/www.facebook.com\\\/MarocChallenge\\\/\",\"https:\\\/\\\/x.com\\\/marochallenge\",\"https:\\\/\\\/www.instagram.com\\\/marocchallenge\\\/\",\"https:\\\/\\\/www.linkedin.com\\\/company\\\/maroc-challenge\",\"https:\\\/\\\/www.youtube.com\\\/user\\\/MarocChallenge\"]},{\"@type\":\"Person\",\"@id\":\"https:\\\/\\\/www.marocchallenge.com\\\/fr\\\/#\\\/schema\\\/person\\\/298a597a188b0019416217b2301b9e10\",\"name\":\"Rui Caba\u00e7o\",\"image\":{\"@type\":\"ImageObject\",\"inLanguage\":\"fr-FR\",\"@id\":\"https:\\\/\\\/secure.gravatar.com\\\/avatar\\\/7ac3f434351cbd7875a5f064f6695a52ab4f6ffeb48c6bffb908c8e6f0e3bf73?s=96&d=mm&r=g\",\"url\":\"https:\\\/\\\/secure.gravatar.com\\\/avatar\\\/7ac3f434351cbd7875a5f064f6695a52ab4f6ffeb48c6bffb908c8e6f0e3bf73?s=96&d=mm&r=g\",\"contentUrl\":\"https:\\\/\\\/secure.gravatar.com\\\/avatar\\\/7ac3f434351cbd7875a5f064f6695a52ab4f6ffeb48c6bffb908c8e6f0e3bf73?s=96&d=mm&r=g\",\"caption\":\"Rui Caba\u00e7o\"}}]}<\/script>\n<!-- \/ Yoast SEO plugin. -->","yoast_head_json":{"title":"PLUS DE SABLE ET DE DUNES QUE JAMAIS ! - Maroc Challenge","description":"Nous avons termin\u00e9 les reconnaissances de la Spring 2026, qui se d\u00e9roulera du 27 mars au 4 avril, et nous sommes convaincus qu\u2019elle sera \u00e0 nouveau une \u00e9dition inoubliable.","robots":{"index":"index","follow":"follow","max-snippet":"max-snippet:-1","max-image-preview":"max-image-preview:large","max-video-preview":"max-video-preview:-1"},"canonical":"https:\/\/www.marocchallenge.com\/fr\/plus-de-sable-et-de-dunes-que-jamais\/","og_locale":"fr_FR","og_type":"article","og_title":"PLUS DE SABLE ET DE DUNES QUE JAMAIS ! - Maroc Challenge","og_description":"Nous avons termin\u00e9 les reconnaissances de la Spring 2026, qui se d\u00e9roulera du 27 mars au 4 avril, et nous sommes convaincus qu\u2019elle sera \u00e0 nouveau une \u00e9dition inoubliable.","og_url":"https:\/\/www.marocchallenge.com\/fr\/plus-de-sable-et-de-dunes-que-jamais\/","og_site_name":"Maroc Challenge","article_publisher":"https:\/\/www.facebook.com\/MarocChallenge\/","article_published_time":"2026-03-05T14:21:58+00:00","article_modified_time":"2026-03-05T14:27:47+00:00","og_image":[{"width":1200,"height":675,"url":"https:\/\/www.marocchallenge.com\/wp-content\/uploads\/2026\/03\/MarocChallenge-05-03-Recuperado.png","type":"image\/png"}],"author":"Rui Caba\u00e7o","twitter_card":"summary_large_image","twitter_creator":"@marochallenge","twitter_site":"@marochallenge","twitter_misc":{"\u00c9crit par":"Rui Caba\u00e7o","Dur\u00e9e de lecture estim\u00e9e":"2 minutes"},"schema":{"@context":"https:\/\/schema.org","@graph":[{"@type":"Article","@id":"https:\/\/www.marocchallenge.com\/fr\/plus-de-sable-et-de-dunes-que-jamais\/#article","isPartOf":{"@id":"https:\/\/www.marocchallenge.com\/fr\/plus-de-sable-et-de-dunes-que-jamais\/"},"author":{"name":"Rui Caba\u00e7o","@id":"https:\/\/www.marocchallenge.com\/fr\/#\/schema\/person\/298a597a188b0019416217b2301b9e10"},"headline":"PLUS DE SABLE ET DE DUNES QUE JAMAIS !","datePublished":"2026-03-05T14:21:58+00:00","dateModified":"2026-03-05T14:27:47+00:00","mainEntityOfPage":{"@id":"https:\/\/www.marocchallenge.com\/fr\/plus-de-sable-et-de-dunes-que-jamais\/"},"wordCount":355,"publisher":{"@id":"https:\/\/www.marocchallenge.com\/fr\/#organization"},"image":{"@id":"https:\/\/www.marocchallenge.com\/fr\/plus-de-sable-et-de-dunes-que-jamais\/#primaryimage"},"thumbnailUrl":"https:\/\/www.marocchallenge.com\/wp-content\/uploads\/2026\/03\/MarocChallenge-05-03-Recuperado.png","articleSection":["Noticias"],"inLanguage":"fr-FR"},{"@type":"WebPage","@id":"https:\/\/www.marocchallenge.com\/fr\/plus-de-sable-et-de-dunes-que-jamais\/","url":"https:\/\/www.marocchallenge.com\/fr\/plus-de-sable-et-de-dunes-que-jamais\/","name":"PLUS DE SABLE ET DE DUNES QUE JAMAIS ! - Maroc Challenge","isPartOf":{"@id":"https:\/\/www.marocchallenge.com\/fr\/#website"},"primaryImageOfPage":{"@id":"https:\/\/www.marocchallenge.com\/fr\/plus-de-sable-et-de-dunes-que-jamais\/#primaryimage"},"image":{"@id":"https:\/\/www.marocchallenge.com\/fr\/plus-de-sable-et-de-dunes-que-jamais\/#primaryimage"},"thumbnailUrl":"https:\/\/www.marocchallenge.com\/wp-content\/uploads\/2026\/03\/MarocChallenge-05-03-Recuperado.png","datePublished":"2026-03-05T14:21:58+00:00","dateModified":"2026-03-05T14:27:47+00:00","description":"Nous avons termin\u00e9 les reconnaissances de la Spring 2026, qui se d\u00e9roulera du 27 mars au 4 avril, et nous sommes convaincus qu\u2019elle sera \u00e0 nouveau une \u00e9dition inoubliable.","breadcrumb":{"@id":"https:\/\/www.marocchallenge.com\/fr\/plus-de-sable-et-de-dunes-que-jamais\/#breadcrumb"},"inLanguage":"fr-FR","potentialAction":[{"@type":"ReadAction","target":["https:\/\/www.marocchallenge.com\/fr\/plus-de-sable-et-de-dunes-que-jamais\/"]}]},{"@type":"ImageObject","inLanguage":"fr-FR","@id":"https:\/\/www.marocchallenge.com\/fr\/plus-de-sable-et-de-dunes-que-jamais\/#primaryimage","url":"https:\/\/www.marocchallenge.com\/wp-content\/uploads\/2026\/03\/MarocChallenge-05-03-Recuperado.png","contentUrl":"https:\/\/www.marocchallenge.com\/wp-content\/uploads\/2026\/03\/MarocChallenge-05-03-Recuperado.png","width":1200,"height":675},{"@type":"BreadcrumbList","@id":"https:\/\/www.marocchallenge.com\/fr\/plus-de-sable-et-de-dunes-que-jamais\/#breadcrumb","itemListElement":[{"@type":"ListItem","position":1,"name":"Portada","item":"https:\/\/www.marocchallenge.com\/fr\/"},{"@type":"ListItem","position":2,"name":"PLUS DE SABLE ET DE DUNES QUE JAMAIS !"}]},{"@type":"WebSite","@id":"https:\/\/www.marocchallenge.com\/fr\/#website","url":"https:\/\/www.marocchallenge.com\/fr\/","name":"Maroc Challenge","description":"Le Dakar des ann\u00e9es 70 pour les aventuriers d\u2019aujourd\u2019hui","publisher":{"@id":"https:\/\/www.marocchallenge.com\/fr\/#organization"},"potentialAction":[{"@type":"SearchAction","target":{"@type":"EntryPoint","urlTemplate":"https:\/\/www.marocchallenge.com\/fr\/?s={search_term_string}"},"query-input":{"@type":"PropertyValueSpecification","valueRequired":true,"valueName":"search_term_string"}}],"inLanguage":"fr-FR"},{"@type":"Organization","@id":"https:\/\/www.marocchallenge.com\/fr\/#organization","name":"Maroc Challenge - El Dakar de los 70's para los aventureros de hoy","url":"https:\/\/www.marocchallenge.com\/fr\/","logo":{"@type":"ImageObject","inLanguage":"fr-FR","@id":"https:\/\/www.marocchallenge.com\/fr\/#\/schema\/logo\/image\/","url":"https:\/\/www.marocchallenge.com\/wp-content\/uploads\/2020\/03\/Logo-Maroc_Challenge.png","contentUrl":"https:\/\/www.marocchallenge.com\/wp-content\/uploads\/2020\/03\/Logo-Maroc_Challenge.png","width":170,"height":96,"caption":"Maroc Challenge - El Dakar de los 70's para los aventureros de hoy"},"image":{"@id":"https:\/\/www.marocchallenge.com\/fr\/#\/schema\/logo\/image\/"},"sameAs":["https:\/\/www.facebook.com\/MarocChallenge\/","https:\/\/x.com\/marochallenge","https:\/\/www.instagram.com\/marocchallenge\/","https:\/\/www.linkedin.com\/company\/maroc-challenge","https:\/\/www.youtube.com\/user\/MarocChallenge"]},{"@type":"Person","@id":"https:\/\/www.marocchallenge.com\/fr\/#\/schema\/person\/298a597a188b0019416217b2301b9e10","name":"Rui Caba\u00e7o","image":{"@type":"ImageObject","inLanguage":"fr-FR","@id":"https:\/\/secure.gravatar.com\/avatar\/7ac3f434351cbd7875a5f064f6695a52ab4f6ffeb48c6bffb908c8e6f0e3bf73?s=96&d=mm&r=g","url":"https:\/\/secure.gravatar.com\/avatar\/7ac3f434351cbd7875a5f064f6695a52ab4f6ffeb48c6bffb908c8e6f0e3bf73?s=96&d=mm&r=g","contentUrl":"https:\/\/secure.gravatar.com\/avatar\/7ac3f434351cbd7875a5f064f6695a52ab4f6ffeb48c6bffb908c8e6f0e3bf73?s=96&d=mm&r=g","caption":"Rui Caba\u00e7o"}}]}},"_links":{"self":[{"href":"https:\/\/www.marocchallenge.com\/fr\/wp-json\/wp\/v2\/posts\/24307","targetHints":{"allow":["GET"]}}],"collection":[{"href":"https:\/\/www.marocchallenge.com\/fr\/wp-json\/wp\/v2\/posts"}],"about":[{"href":"https:\/\/www.marocchallenge.com\/fr\/wp-json\/wp\/v2\/types\/post"}],"author":[{"embeddable":true,"href":"https:\/\/www.marocchallenge.com\/fr\/wp-json\/wp\/v2\/users\/2"}],"replies":[{"embeddable":true,"href":"https:\/\/www.marocchallenge.com\/fr\/wp-json\/wp\/v2\/comments?post=24307"}],"version-history":[{"count":2,"href":"https:\/\/www.marocchallenge.com\/fr\/wp-json\/wp\/v2\/posts\/24307\/revisions"}],"predecessor-version":[{"id":24313,"href":"https:\/\/www.marocchallenge.com\/fr\/wp-json\/wp\/v2\/posts\/24307\/revisions\/24313"}],"wp:featuredmedia":[{"embeddable":true,"href":"https:\/\/www.marocchallenge.com\/fr\/wp-json\/wp\/v2\/media\/24302"}],"wp:attachment":[{"href":"https:\/\/www.marocchallenge.com\/fr\/wp-json\/wp\/v2\/media?parent=24307"}],"wp:term":[{"taxonomy":"category","embeddable":true,"href":"https:\/\/www.marocchallenge.com\/fr\/wp-json\/wp\/v2\/categories?post=24307"},{"taxonomy":"post_tag","embeddable":true,"href":"https:\/\/www.marocchallenge.com\/fr\/wp-json\/wp\/v2\/tags?post=24307"}],"curies":[{"name":"wp","href":"https:\/\/api.w.org\/{rel}","templated":true}]}}