{"id":11972,"date":"2019-02-20T10:25:35","date_gmt":"2019-02-20T10:25:35","guid":{"rendered":"http:\/\/www.marocchallenge.eu\/ya-tenemos-el-recorrido-para-la-spring-2019\/"},"modified":"2020-04-30T07:10:47","modified_gmt":"2020-04-30T07:10:47","slug":"abbiamo-gia-pronto-il-percorso-della-spring-2019","status":"publish","type":"post","link":"https:\/\/www.marocchallenge.com\/it\/abbiamo-gia-pronto-il-percorso-della-spring-2019\/","title":{"rendered":"ABBIAMO GI\u00c0 PRONTO IL PERCORSO DELLA SPRING 2019"},"content":{"rendered":"<p><img decoding=\"async\" class=\"alignnone wp-image-12189 size-full\" src=\"http:\/\/www.marocchallenge.eu\/wp-content\/uploads\/2019\/02\/aq.jpg\" alt=\"\" width=\"1200\" height=\"675\" srcset=\"https:\/\/www.marocchallenge.com\/wp-content\/uploads\/2019\/02\/aq-200x113.jpg 200w, https:\/\/www.marocchallenge.com\/wp-content\/uploads\/2019\/02\/aq-300x169.jpg 300w, https:\/\/www.marocchallenge.com\/wp-content\/uploads\/2019\/02\/aq-400x225.jpg 400w, https:\/\/www.marocchallenge.com\/wp-content\/uploads\/2019\/02\/aq-600x338.jpg 600w, https:\/\/www.marocchallenge.com\/wp-content\/uploads\/2019\/02\/aq-768x432.jpg 768w, https:\/\/www.marocchallenge.com\/wp-content\/uploads\/2019\/02\/aq-800x450.jpg 800w, https:\/\/www.marocchallenge.com\/wp-content\/uploads\/2019\/02\/aq-1024x576.jpg 1024w, https:\/\/www.marocchallenge.com\/wp-content\/uploads\/2019\/02\/aq.jpg 1200w\" sizes=\"(max-width: 1200px) 100vw, 1200px\" \/><\/p>\n<h2>Ad una settimana dalla fine dei riconoscimenti abbiamo gi\u00e0 elaborato il percorso della Spring 2019, un\u2019edizione che sar\u00e0 caratterizzata, oltre che dall\u2019esigente itinerario, dal fatto che per la prima volta nella storia la Maroc Challenge partir\u00e0 da Marrakech. Il percorso sar\u00e0 diverso a seconda della categoria, Auto, Adventure e Raid.<\/h2>\n<p>La citt\u00e0 delle Mille e Una Notte, incantevole e frenetica, \u00e8 una delle citt\u00e0 pi\u00f9 spettacolari del Marocco e ci accoglier\u00e0 a braccia aperte. Il punto di partenza di questa edizione permetter\u00e0 a tutti i partecipanti che lo desiderano di godersi delle piccole vacanze in quest\u2019incantevole citt\u00e0 imperiale, che segner\u00e0 l\u2019inizio ufficiale della prova.<\/p>\n<p>Il percorso \u00e8 molto simile a quello che \u00e8 tanto piaciuto della Winter 2018, sebbene con qualche ritocco, qualche miglioramento, nuove aree di passaggio e ancora pi\u00f9 zone di sabbia per i fuoristrada, specialmente quelli che partecipano nella categoria Raid. Abbiamo deciso, d\u2019altra parte, di aumentare il chilometraggio di alcune tappe grazie alle maggiori ore di luce di aprile.<\/p>\n<p>Il punto di partenza sar\u00e0 a Marrakech, nelle prime ore di domenica 14 aprile, mentre il giorno prima si realizzeranno le verifiche; la Spring passer\u00e0 attraverso citt\u00e0 simbolo come Zagora e Erfoud. Mengoub \u00e8 un\u2019altra attrazione della Spring 2019 visto che proprio l\u00ec, alla frontiera con l\u2019Algeria, verr\u00e0 preparato un fantastico accampamento tipico africano, gran successo gi\u00e0 durante la prima edizione. Il percorso terminer\u00e0 sulle rive del Mediterraneo, vicino alla spiaggia di Saidia, in una grande festa da ricordare.<\/p>\n<p>Durante le prossime settimane aggiorneremo le informazioni relative ad ogni tappa e vi sveleremo alcune delle sue caratteristiche come aperitivo prima della grande avventura che vi aspetta.<\/p>\n<p>Attenti a tutte le novit\u00e0\u2026<\/p>\n","protected":false},"excerpt":{"rendered":"<p>Ad una settimana dalla fine dei riconoscimenti abbiamo gi\u00e0 elaborato<\/p>\n","protected":false},"author":5,"featured_media":12192,"comment_status":"closed","ping_status":"closed","sticky":false,"template":"","format":"standard","meta":{"footnotes":""},"categories":[92],"tags":[],"class_list":["post-11972","post","type-post","status-publish","format-standard","has-post-thumbnail","hentry","category-noticias-it"],"yoast_head":"<!-- This site is optimized with the Yoast SEO plugin v27.4 - https:\/\/yoast.com\/product\/yoast-seo-wordpress\/ -->\n<title>ABBIAMO GI\u00c0 PRONTO IL PERCORSO DELLA SPRING 2019<\/title>\n<meta name=\"description\" content=\"Ad una settimana dalla fine dei riconoscimenti abbiamo gi\u00e0 elaborato il percorso della Spring 2019, un\u2019edizione che sar\u00e0 caratterizzata,\" \/>\n<meta name=\"robots\" content=\"index, follow, max-snippet:-1, max-image-preview:large, max-video-preview:-1\" \/>\n<link rel=\"canonical\" href=\"https:\/\/www.marocchallenge.com\/it\/abbiamo-gia-pronto-il-percorso-della-spring-2019\/\" \/>\n<meta property=\"og:locale\" content=\"it_IT\" \/>\n<meta property=\"og:type\" content=\"article\" \/>\n<meta property=\"og:title\" content=\"ABBIAMO GI\u00c0 PRONTO IL PERCORSO DELLA SPRING 2019\" \/>\n<meta property=\"og:description\" content=\"Ad una settimana dalla fine dei riconoscimenti abbiamo gi\u00e0 elaborato il percorso della Spring 2019, un\u2019edizione che sar\u00e0 caratterizzata,\" \/>\n<meta property=\"og:url\" content=\"https:\/\/www.marocchallenge.com\/it\/abbiamo-gia-pronto-il-percorso-della-spring-2019\/\" \/>\n<meta property=\"og:site_name\" content=\"Maroc Challenge\" \/>\n<meta property=\"article:publisher\" content=\"https:\/\/www.facebook.com\/MarocChallenge\/\" \/>\n<meta property=\"article:published_time\" content=\"2019-02-20T10:25:35+00:00\" \/>\n<meta property=\"article:modified_time\" content=\"2020-04-30T07:10:47+00:00\" \/>\n<meta property=\"og:image\" content=\"https:\/\/www.marocchallenge.com\/wp-content\/uploads\/2019\/02\/aq.jpg\" \/>\n\t<meta property=\"og:image:width\" content=\"1200\" \/>\n\t<meta property=\"og:image:height\" content=\"675\" \/>\n\t<meta property=\"og:image:type\" content=\"image\/jpeg\" \/>\n<meta name=\"author\" content=\"Angel Reig\" \/>\n<meta name=\"twitter:card\" content=\"summary_large_image\" \/>\n<meta name=\"twitter:creator\" content=\"@marochallenge\" \/>\n<meta name=\"twitter:site\" content=\"@marochallenge\" \/>\n<meta name=\"twitter:label1\" content=\"Scritto da\" \/>\n\t<meta name=\"twitter:data1\" content=\"Angel Reig\" \/>\n\t<meta name=\"twitter:label2\" content=\"Tempo di lettura stimato\" \/>\n\t<meta name=\"twitter:data2\" content=\"1 minuto\" \/>\n<script type=\"application\/ld+json\" class=\"yoast-schema-graph\">{\"@context\":\"https:\\\/\\\/schema.org\",\"@graph\":[{\"@type\":\"Article\",\"@id\":\"https:\\\/\\\/www.marocchallenge.com\\\/it\\\/abbiamo-gia-pronto-il-percorso-della-spring-2019\\\/#article\",\"isPartOf\":{\"@id\":\"https:\\\/\\\/www.marocchallenge.com\\\/it\\\/abbiamo-gia-pronto-il-percorso-della-spring-2019\\\/\"},\"author\":{\"name\":\"Angel Reig\",\"@id\":\"https:\\\/\\\/www.marocchallenge.com\\\/it\\\/#\\\/schema\\\/person\\\/a2f08c303055ab5b0da4ad6b788f15a1\"},\"headline\":\"ABBIAMO GI\u00c0 PRONTO IL PERCORSO DELLA SPRING 2019\",\"datePublished\":\"2019-02-20T10:25:35+00:00\",\"dateModified\":\"2020-04-30T07:10:47+00:00\",\"mainEntityOfPage\":{\"@id\":\"https:\\\/\\\/www.marocchallenge.com\\\/it\\\/abbiamo-gia-pronto-il-percorso-della-spring-2019\\\/\"},\"wordCount\":280,\"publisher\":{\"@id\":\"https:\\\/\\\/www.marocchallenge.com\\\/it\\\/#organization\"},\"image\":{\"@id\":\"https:\\\/\\\/www.marocchallenge.com\\\/it\\\/abbiamo-gia-pronto-il-percorso-della-spring-2019\\\/#primaryimage\"},\"thumbnailUrl\":\"https:\\\/\\\/www.marocchallenge.com\\\/wp-content\\\/uploads\\\/2019\\\/02\\\/aq.jpg\",\"articleSection\":[\"Noticias\"],\"inLanguage\":\"it-IT\"},{\"@type\":\"WebPage\",\"@id\":\"https:\\\/\\\/www.marocchallenge.com\\\/it\\\/abbiamo-gia-pronto-il-percorso-della-spring-2019\\\/\",\"url\":\"https:\\\/\\\/www.marocchallenge.com\\\/it\\\/abbiamo-gia-pronto-il-percorso-della-spring-2019\\\/\",\"name\":\"ABBIAMO GI\u00c0 PRONTO IL PERCORSO DELLA SPRING 2019\",\"isPartOf\":{\"@id\":\"https:\\\/\\\/www.marocchallenge.com\\\/it\\\/#website\"},\"primaryImageOfPage\":{\"@id\":\"https:\\\/\\\/www.marocchallenge.com\\\/it\\\/abbiamo-gia-pronto-il-percorso-della-spring-2019\\\/#primaryimage\"},\"image\":{\"@id\":\"https:\\\/\\\/www.marocchallenge.com\\\/it\\\/abbiamo-gia-pronto-il-percorso-della-spring-2019\\\/#primaryimage\"},\"thumbnailUrl\":\"https:\\\/\\\/www.marocchallenge.com\\\/wp-content\\\/uploads\\\/2019\\\/02\\\/aq.jpg\",\"datePublished\":\"2019-02-20T10:25:35+00:00\",\"dateModified\":\"2020-04-30T07:10:47+00:00\",\"description\":\"Ad una settimana dalla fine dei riconoscimenti abbiamo gi\u00e0 elaborato il percorso della Spring 2019, un\u2019edizione che sar\u00e0 caratterizzata,\",\"breadcrumb\":{\"@id\":\"https:\\\/\\\/www.marocchallenge.com\\\/it\\\/abbiamo-gia-pronto-il-percorso-della-spring-2019\\\/#breadcrumb\"},\"inLanguage\":\"it-IT\",\"potentialAction\":[{\"@type\":\"ReadAction\",\"target\":[\"https:\\\/\\\/www.marocchallenge.com\\\/it\\\/abbiamo-gia-pronto-il-percorso-della-spring-2019\\\/\"]}]},{\"@type\":\"ImageObject\",\"inLanguage\":\"it-IT\",\"@id\":\"https:\\\/\\\/www.marocchallenge.com\\\/it\\\/abbiamo-gia-pronto-il-percorso-della-spring-2019\\\/#primaryimage\",\"url\":\"https:\\\/\\\/www.marocchallenge.com\\\/wp-content\\\/uploads\\\/2019\\\/02\\\/aq.jpg\",\"contentUrl\":\"https:\\\/\\\/www.marocchallenge.com\\\/wp-content\\\/uploads\\\/2019\\\/02\\\/aq.jpg\",\"width\":1200,\"height\":675,\"caption\":\"Rui Cabaco BriefingMan Maroc Challenge zagora\"},{\"@type\":\"BreadcrumbList\",\"@id\":\"https:\\\/\\\/www.marocchallenge.com\\\/it\\\/abbiamo-gia-pronto-il-percorso-della-spring-2019\\\/#breadcrumb\",\"itemListElement\":[{\"@type\":\"ListItem\",\"position\":1,\"name\":\"Portada\",\"item\":\"https:\\\/\\\/www.marocchallenge.com\\\/it\\\/\"},{\"@type\":\"ListItem\",\"position\":2,\"name\":\"ABBIAMO GI\u00c0 PRONTO IL PERCORSO DELLA SPRING 2019\"}]},{\"@type\":\"WebSite\",\"@id\":\"https:\\\/\\\/www.marocchallenge.com\\\/it\\\/#website\",\"url\":\"https:\\\/\\\/www.marocchallenge.com\\\/it\\\/\",\"name\":\"Maroc Challenge\",\"description\":\"La Dakar degli anni 70 pergli avventurosi di oggi\",\"publisher\":{\"@id\":\"https:\\\/\\\/www.marocchallenge.com\\\/it\\\/#organization\"},\"potentialAction\":[{\"@type\":\"SearchAction\",\"target\":{\"@type\":\"EntryPoint\",\"urlTemplate\":\"https:\\\/\\\/www.marocchallenge.com\\\/it\\\/?s={search_term_string}\"},\"query-input\":{\"@type\":\"PropertyValueSpecification\",\"valueRequired\":true,\"valueName\":\"search_term_string\"}}],\"inLanguage\":\"it-IT\"},{\"@type\":\"Organization\",\"@id\":\"https:\\\/\\\/www.marocchallenge.com\\\/it\\\/#organization\",\"name\":\"Maroc Challenge - El Dakar de los 70's para los aventureros de hoy\",\"url\":\"https:\\\/\\\/www.marocchallenge.com\\\/it\\\/\",\"logo\":{\"@type\":\"ImageObject\",\"inLanguage\":\"it-IT\",\"@id\":\"https:\\\/\\\/www.marocchallenge.com\\\/it\\\/#\\\/schema\\\/logo\\\/image\\\/\",\"url\":\"https:\\\/\\\/www.marocchallenge.com\\\/wp-content\\\/uploads\\\/2020\\\/03\\\/Logo-Maroc_Challenge.png\",\"contentUrl\":\"https:\\\/\\\/www.marocchallenge.com\\\/wp-content\\\/uploads\\\/2020\\\/03\\\/Logo-Maroc_Challenge.png\",\"width\":170,\"height\":96,\"caption\":\"Maroc Challenge - El Dakar de los 70's para los aventureros de hoy\"},\"image\":{\"@id\":\"https:\\\/\\\/www.marocchallenge.com\\\/it\\\/#\\\/schema\\\/logo\\\/image\\\/\"},\"sameAs\":[\"https:\\\/\\\/www.facebook.com\\\/MarocChallenge\\\/\",\"https:\\\/\\\/x.com\\\/marochallenge\",\"https:\\\/\\\/www.instagram.com\\\/marocchallenge\\\/\",\"https:\\\/\\\/www.linkedin.com\\\/company\\\/maroc-challenge\",\"https:\\\/\\\/www.youtube.com\\\/user\\\/MarocChallenge\"]},{\"@type\":\"Person\",\"@id\":\"https:\\\/\\\/www.marocchallenge.com\\\/it\\\/#\\\/schema\\\/person\\\/a2f08c303055ab5b0da4ad6b788f15a1\",\"name\":\"Angel Reig\",\"image\":{\"@type\":\"ImageObject\",\"inLanguage\":\"it-IT\",\"@id\":\"https:\\\/\\\/secure.gravatar.com\\\/avatar\\\/4e3ec081afc2d81d22c7c54c309c01cc86a8927798cad3495fc1087930fa385e?s=96&d=mm&r=g\",\"url\":\"https:\\\/\\\/secure.gravatar.com\\\/avatar\\\/4e3ec081afc2d81d22c7c54c309c01cc86a8927798cad3495fc1087930fa385e?s=96&d=mm&r=g\",\"contentUrl\":\"https:\\\/\\\/secure.gravatar.com\\\/avatar\\\/4e3ec081afc2d81d22c7c54c309c01cc86a8927798cad3495fc1087930fa385e?s=96&d=mm&r=g\",\"caption\":\"Angel Reig\"}}]}<\/script>\n<!-- \/ Yoast SEO plugin. -->","yoast_head_json":{"title":"ABBIAMO GI\u00c0 PRONTO IL PERCORSO DELLA SPRING 2019","description":"Ad una settimana dalla fine dei riconoscimenti abbiamo gi\u00e0 elaborato il percorso della Spring 2019, un\u2019edizione che sar\u00e0 caratterizzata,","robots":{"index":"index","follow":"follow","max-snippet":"max-snippet:-1","max-image-preview":"max-image-preview:large","max-video-preview":"max-video-preview:-1"},"canonical":"https:\/\/www.marocchallenge.com\/it\/abbiamo-gia-pronto-il-percorso-della-spring-2019\/","og_locale":"it_IT","og_type":"article","og_title":"ABBIAMO GI\u00c0 PRONTO IL PERCORSO DELLA SPRING 2019","og_description":"Ad una settimana dalla fine dei riconoscimenti abbiamo gi\u00e0 elaborato il percorso della Spring 2019, un\u2019edizione che sar\u00e0 caratterizzata,","og_url":"https:\/\/www.marocchallenge.com\/it\/abbiamo-gia-pronto-il-percorso-della-spring-2019\/","og_site_name":"Maroc Challenge","article_publisher":"https:\/\/www.facebook.com\/MarocChallenge\/","article_published_time":"2019-02-20T10:25:35+00:00","article_modified_time":"2020-04-30T07:10:47+00:00","og_image":[{"width":1200,"height":675,"url":"https:\/\/www.marocchallenge.com\/wp-content\/uploads\/2019\/02\/aq.jpg","type":"image\/jpeg"}],"author":"Angel Reig","twitter_card":"summary_large_image","twitter_creator":"@marochallenge","twitter_site":"@marochallenge","twitter_misc":{"Scritto da":"Angel Reig","Tempo di lettura stimato":"1 minuto"},"schema":{"@context":"https:\/\/schema.org","@graph":[{"@type":"Article","@id":"https:\/\/www.marocchallenge.com\/it\/abbiamo-gia-pronto-il-percorso-della-spring-2019\/#article","isPartOf":{"@id":"https:\/\/www.marocchallenge.com\/it\/abbiamo-gia-pronto-il-percorso-della-spring-2019\/"},"author":{"name":"Angel Reig","@id":"https:\/\/www.marocchallenge.com\/it\/#\/schema\/person\/a2f08c303055ab5b0da4ad6b788f15a1"},"headline":"ABBIAMO GI\u00c0 PRONTO IL PERCORSO DELLA SPRING 2019","datePublished":"2019-02-20T10:25:35+00:00","dateModified":"2020-04-30T07:10:47+00:00","mainEntityOfPage":{"@id":"https:\/\/www.marocchallenge.com\/it\/abbiamo-gia-pronto-il-percorso-della-spring-2019\/"},"wordCount":280,"publisher":{"@id":"https:\/\/www.marocchallenge.com\/it\/#organization"},"image":{"@id":"https:\/\/www.marocchallenge.com\/it\/abbiamo-gia-pronto-il-percorso-della-spring-2019\/#primaryimage"},"thumbnailUrl":"https:\/\/www.marocchallenge.com\/wp-content\/uploads\/2019\/02\/aq.jpg","articleSection":["Noticias"],"inLanguage":"it-IT"},{"@type":"WebPage","@id":"https:\/\/www.marocchallenge.com\/it\/abbiamo-gia-pronto-il-percorso-della-spring-2019\/","url":"https:\/\/www.marocchallenge.com\/it\/abbiamo-gia-pronto-il-percorso-della-spring-2019\/","name":"ABBIAMO GI\u00c0 PRONTO IL PERCORSO DELLA SPRING 2019","isPartOf":{"@id":"https:\/\/www.marocchallenge.com\/it\/#website"},"primaryImageOfPage":{"@id":"https:\/\/www.marocchallenge.com\/it\/abbiamo-gia-pronto-il-percorso-della-spring-2019\/#primaryimage"},"image":{"@id":"https:\/\/www.marocchallenge.com\/it\/abbiamo-gia-pronto-il-percorso-della-spring-2019\/#primaryimage"},"thumbnailUrl":"https:\/\/www.marocchallenge.com\/wp-content\/uploads\/2019\/02\/aq.jpg","datePublished":"2019-02-20T10:25:35+00:00","dateModified":"2020-04-30T07:10:47+00:00","description":"Ad una settimana dalla fine dei riconoscimenti abbiamo gi\u00e0 elaborato il percorso della Spring 2019, un\u2019edizione che sar\u00e0 caratterizzata,","breadcrumb":{"@id":"https:\/\/www.marocchallenge.com\/it\/abbiamo-gia-pronto-il-percorso-della-spring-2019\/#breadcrumb"},"inLanguage":"it-IT","potentialAction":[{"@type":"ReadAction","target":["https:\/\/www.marocchallenge.com\/it\/abbiamo-gia-pronto-il-percorso-della-spring-2019\/"]}]},{"@type":"ImageObject","inLanguage":"it-IT","@id":"https:\/\/www.marocchallenge.com\/it\/abbiamo-gia-pronto-il-percorso-della-spring-2019\/#primaryimage","url":"https:\/\/www.marocchallenge.com\/wp-content\/uploads\/2019\/02\/aq.jpg","contentUrl":"https:\/\/www.marocchallenge.com\/wp-content\/uploads\/2019\/02\/aq.jpg","width":1200,"height":675,"caption":"Rui Cabaco BriefingMan Maroc Challenge zagora"},{"@type":"BreadcrumbList","@id":"https:\/\/www.marocchallenge.com\/it\/abbiamo-gia-pronto-il-percorso-della-spring-2019\/#breadcrumb","itemListElement":[{"@type":"ListItem","position":1,"name":"Portada","item":"https:\/\/www.marocchallenge.com\/it\/"},{"@type":"ListItem","position":2,"name":"ABBIAMO GI\u00c0 PRONTO IL PERCORSO DELLA SPRING 2019"}]},{"@type":"WebSite","@id":"https:\/\/www.marocchallenge.com\/it\/#website","url":"https:\/\/www.marocchallenge.com\/it\/","name":"Maroc Challenge","description":"La Dakar degli anni 70 pergli avventurosi di oggi","publisher":{"@id":"https:\/\/www.marocchallenge.com\/it\/#organization"},"potentialAction":[{"@type":"SearchAction","target":{"@type":"EntryPoint","urlTemplate":"https:\/\/www.marocchallenge.com\/it\/?s={search_term_string}"},"query-input":{"@type":"PropertyValueSpecification","valueRequired":true,"valueName":"search_term_string"}}],"inLanguage":"it-IT"},{"@type":"Organization","@id":"https:\/\/www.marocchallenge.com\/it\/#organization","name":"Maroc Challenge - El Dakar de los 70's para los aventureros de hoy","url":"https:\/\/www.marocchallenge.com\/it\/","logo":{"@type":"ImageObject","inLanguage":"it-IT","@id":"https:\/\/www.marocchallenge.com\/it\/#\/schema\/logo\/image\/","url":"https:\/\/www.marocchallenge.com\/wp-content\/uploads\/2020\/03\/Logo-Maroc_Challenge.png","contentUrl":"https:\/\/www.marocchallenge.com\/wp-content\/uploads\/2020\/03\/Logo-Maroc_Challenge.png","width":170,"height":96,"caption":"Maroc Challenge - El Dakar de los 70's para los aventureros de hoy"},"image":{"@id":"https:\/\/www.marocchallenge.com\/it\/#\/schema\/logo\/image\/"},"sameAs":["https:\/\/www.facebook.com\/MarocChallenge\/","https:\/\/x.com\/marochallenge","https:\/\/www.instagram.com\/marocchallenge\/","https:\/\/www.linkedin.com\/company\/maroc-challenge","https:\/\/www.youtube.com\/user\/MarocChallenge"]},{"@type":"Person","@id":"https:\/\/www.marocchallenge.com\/it\/#\/schema\/person\/a2f08c303055ab5b0da4ad6b788f15a1","name":"Angel Reig","image":{"@type":"ImageObject","inLanguage":"it-IT","@id":"https:\/\/secure.gravatar.com\/avatar\/4e3ec081afc2d81d22c7c54c309c01cc86a8927798cad3495fc1087930fa385e?s=96&d=mm&r=g","url":"https:\/\/secure.gravatar.com\/avatar\/4e3ec081afc2d81d22c7c54c309c01cc86a8927798cad3495fc1087930fa385e?s=96&d=mm&r=g","contentUrl":"https:\/\/secure.gravatar.com\/avatar\/4e3ec081afc2d81d22c7c54c309c01cc86a8927798cad3495fc1087930fa385e?s=96&d=mm&r=g","caption":"Angel Reig"}}]}},"_links":{"self":[{"href":"https:\/\/www.marocchallenge.com\/it\/wp-json\/wp\/v2\/posts\/11972","targetHints":{"allow":["GET"]}}],"collection":[{"href":"https:\/\/www.marocchallenge.com\/it\/wp-json\/wp\/v2\/posts"}],"about":[{"href":"https:\/\/www.marocchallenge.com\/it\/wp-json\/wp\/v2\/types\/post"}],"author":[{"embeddable":true,"href":"https:\/\/www.marocchallenge.com\/it\/wp-json\/wp\/v2\/users\/5"}],"replies":[{"embeddable":true,"href":"https:\/\/www.marocchallenge.com\/it\/wp-json\/wp\/v2\/comments?post=11972"}],"version-history":[{"count":2,"href":"https:\/\/www.marocchallenge.com\/it\/wp-json\/wp\/v2\/posts\/11972\/revisions"}],"predecessor-version":[{"id":12201,"href":"https:\/\/www.marocchallenge.com\/it\/wp-json\/wp\/v2\/posts\/11972\/revisions\/12201"}],"wp:featuredmedia":[{"embeddable":true,"href":"https:\/\/www.marocchallenge.com\/it\/wp-json\/wp\/v2\/media\/12192"}],"wp:attachment":[{"href":"https:\/\/www.marocchallenge.com\/it\/wp-json\/wp\/v2\/media?parent=11972"}],"wp:term":[{"taxonomy":"category","embeddable":true,"href":"https:\/\/www.marocchallenge.com\/it\/wp-json\/wp\/v2\/categories?post=11972"},{"taxonomy":"post_tag","embeddable":true,"href":"https:\/\/www.marocchallenge.com\/it\/wp-json\/wp\/v2\/tags?post=11972"}],"curies":[{"name":"wp","href":"https:\/\/api.w.org\/{rel}","templated":true}]}}