{"id":11983,"date":"2019-09-24T11:01:11","date_gmt":"2019-09-24T11:01:11","guid":{"rendered":"http:\/\/www.marocchallenge.eu\/winter-2019-jumilla-se-vuelca-con-la-salida\/"},"modified":"2020-04-30T05:11:06","modified_gmt":"2020-04-30T05:11:06","slug":"winter-2019-jumilla-si-prepara-alla-partenza","status":"publish","type":"post","link":"https:\/\/www.marocchallenge.com\/it\/winter-2019-jumilla-si-prepara-alla-partenza\/","title":{"rendered":"WINTER 2019: JUMILLA SI PREPARA ALLA PARTENZA"},"content":{"rendered":"<p><img decoding=\"async\" class=\"alignnone size-full wp-image-9315\" src=\"https:\/\/senegalchallenge.com\/wp-content\/uploads\/sites\/5\/2019\/12\/Jumilla-Spain.jpg\" alt=\"\" width=\"1280\" height=\"687\" \/><\/p>\n<h2>Jumilla accoglier\u00e0 per la sesta volta la partenza di Maroc Challenge, che si disputer\u00e0 dal 29 novembre al 7 dicembre. La citt\u00e0 della regione di Murcia, famosa per i suoi vini di qualit\u00e0, sar\u00e0 la sede ufficiale della partenza nella prossima edizione invernale e sar\u00e0 il punto d\u2019incontro del corteo di auto nei giorni 29 e 30 novembre.<\/h2>\n<p>I partecipanti cominceranno ad arrivare a Jumilla il venerd\u00ec 29 Novembre, che sar\u00e0 il giorno in cui realizzeremo le verifiche tecniche e amministrative, mentre la partenza ufficiale avverr\u00e0 il sabato alle ore 9:00 dal Paseo Lorenzo Guardiola. Gli entusiasti amici di Jumilla hanno preparato vari eventi per festeggiare il passaggio della gara. La partenza \u00e8 stata anticipata rispetto alle edizioni anteriori perch\u00e9 l\u2019imbarco, dal porto di Motril, \u00e8 previsto per le ore 15:30.<\/p>\n<p>L&#8217;evento \u00e8 stato presentato questo venerd\u00ec in un comunicato stampa del comune, presieduto dalla sindaca Juana Guardiola e a cui hanno partecipato anche l\u2019assessore allo sport Jos\u00e9 Antonio Jim\u00e9nez, il briefingman della Maroc, Rui Caba\u00e7o, il capo dell\u2019assistenza Julio Tom\u00e1s, e Antonio T\u00e1rraga, in rappresentanza del Club 4&#215;4 Montesinos, l\u2019alma mater dell\u2019organizzazione della partenza.<\/p>\n<p>Tanto la sindaca Juana Guardiola, come l\u2019assessore allo Sport, Jos\u00e9 Antonio Jim\u00e9nez, hanno sottolineato \u201cl\u2019importanza che ha per Jumilla il fatto che la gara ci abbia scelto per la sesta volta come punto di partenza\u201d. Rui Caba\u00e7o si \u00e8 mostrato soddisfatto per la \u201cripercussione mediatica della prova, sempre maggiore e sempre pi\u00f9 internazionale\u201d. Da parte sua, Julio Tom\u00e1s ha segnalato che \u201cvengono utilizzati sempre pi\u00f9 mezzi tecnici con l\u2019obiettivo di far sentire i partecipanti pi\u00f9 comodi e sicuri\u201d, mentre Antonio T\u00e1rraga ha detto che \u201c\u00e8 motivo di orgoglio che la gara torni a Jumilla\u201d.<\/p>\n","protected":false},"excerpt":{"rendered":"<p>Jumilla accoglier\u00e0 per la sesta volta la partenza di Maroc<\/p>\n","protected":false},"author":5,"featured_media":10984,"comment_status":"closed","ping_status":"closed","sticky":false,"template":"","format":"standard","meta":{"footnotes":""},"categories":[92],"tags":[],"class_list":["post-11983","post","type-post","status-publish","format-standard","has-post-thumbnail","hentry","category-noticias-it"],"yoast_head":"<!-- This site is optimized with the Yoast SEO plugin v27.4 - https:\/\/yoast.com\/product\/yoast-seo-wordpress\/ -->\n<title>WINTER 2019: JUMILLA SI PREPARA ALLA PARTENZA<\/title>\n<meta name=\"description\" content=\"Jumilla accoglier\u00e0 per la sesta volta la partenza di Maroc Challenge, che si disputer\u00e0 dal 29 novembre al 7 dicembre.\" \/>\n<meta name=\"robots\" content=\"index, follow, max-snippet:-1, max-image-preview:large, max-video-preview:-1\" \/>\n<link rel=\"canonical\" href=\"https:\/\/www.marocchallenge.com\/it\/winter-2019-jumilla-si-prepara-alla-partenza\/\" \/>\n<meta property=\"og:locale\" content=\"it_IT\" \/>\n<meta property=\"og:type\" content=\"article\" \/>\n<meta property=\"og:title\" content=\"WINTER 2019: JUMILLA SI PREPARA ALLA PARTENZA\" \/>\n<meta property=\"og:description\" content=\"Jumilla accoglier\u00e0 per la sesta volta la partenza di Maroc Challenge, che si disputer\u00e0 dal 29 novembre al 7 dicembre.\" \/>\n<meta property=\"og:url\" content=\"https:\/\/www.marocchallenge.com\/it\/winter-2019-jumilla-si-prepara-alla-partenza\/\" \/>\n<meta property=\"og:site_name\" content=\"Maroc Challenge\" \/>\n<meta property=\"article:publisher\" content=\"https:\/\/www.facebook.com\/MarocChallenge\/\" \/>\n<meta property=\"article:published_time\" content=\"2019-09-24T11:01:11+00:00\" \/>\n<meta property=\"article:modified_time\" content=\"2020-04-30T05:11:06+00:00\" \/>\n<meta property=\"og:image\" content=\"https:\/\/www.marocchallenge.com\/wp-content\/uploads\/2019\/09\/Jumilla-Spain.jpg\" \/>\n\t<meta property=\"og:image:width\" content=\"800\" \/>\n\t<meta property=\"og:image:height\" content=\"418\" \/>\n\t<meta property=\"og:image:type\" content=\"image\/jpeg\" \/>\n<meta name=\"author\" content=\"Angel Reig\" \/>\n<meta name=\"twitter:card\" content=\"summary_large_image\" \/>\n<meta name=\"twitter:creator\" content=\"@marochallenge\" \/>\n<meta name=\"twitter:site\" content=\"@marochallenge\" \/>\n<meta name=\"twitter:label1\" content=\"Scritto da\" \/>\n\t<meta name=\"twitter:data1\" content=\"Angel Reig\" \/>\n\t<meta name=\"twitter:label2\" content=\"Tempo di lettura stimato\" \/>\n\t<meta name=\"twitter:data2\" content=\"1 minuto\" \/>\n<script type=\"application\/ld+json\" class=\"yoast-schema-graph\">{\"@context\":\"https:\\\/\\\/schema.org\",\"@graph\":[{\"@type\":\"Article\",\"@id\":\"https:\\\/\\\/www.marocchallenge.com\\\/it\\\/winter-2019-jumilla-si-prepara-alla-partenza\\\/#article\",\"isPartOf\":{\"@id\":\"https:\\\/\\\/www.marocchallenge.com\\\/it\\\/winter-2019-jumilla-si-prepara-alla-partenza\\\/\"},\"author\":{\"name\":\"Angel Reig\",\"@id\":\"https:\\\/\\\/www.marocchallenge.com\\\/it\\\/#\\\/schema\\\/person\\\/a2f08c303055ab5b0da4ad6b788f15a1\"},\"headline\":\"WINTER 2019: JUMILLA SI PREPARA ALLA PARTENZA\",\"datePublished\":\"2019-09-24T11:01:11+00:00\",\"dateModified\":\"2020-04-30T05:11:06+00:00\",\"mainEntityOfPage\":{\"@id\":\"https:\\\/\\\/www.marocchallenge.com\\\/it\\\/winter-2019-jumilla-si-prepara-alla-partenza\\\/\"},\"wordCount\":291,\"publisher\":{\"@id\":\"https:\\\/\\\/www.marocchallenge.com\\\/it\\\/#organization\"},\"image\":{\"@id\":\"https:\\\/\\\/www.marocchallenge.com\\\/it\\\/winter-2019-jumilla-si-prepara-alla-partenza\\\/#primaryimage\"},\"thumbnailUrl\":\"https:\\\/\\\/www.marocchallenge.com\\\/wp-content\\\/uploads\\\/2019\\\/09\\\/Jumilla-Spain.jpg\",\"articleSection\":[\"Noticias\"],\"inLanguage\":\"it-IT\"},{\"@type\":\"WebPage\",\"@id\":\"https:\\\/\\\/www.marocchallenge.com\\\/it\\\/winter-2019-jumilla-si-prepara-alla-partenza\\\/\",\"url\":\"https:\\\/\\\/www.marocchallenge.com\\\/it\\\/winter-2019-jumilla-si-prepara-alla-partenza\\\/\",\"name\":\"WINTER 2019: JUMILLA SI PREPARA ALLA PARTENZA\",\"isPartOf\":{\"@id\":\"https:\\\/\\\/www.marocchallenge.com\\\/it\\\/#website\"},\"primaryImageOfPage\":{\"@id\":\"https:\\\/\\\/www.marocchallenge.com\\\/it\\\/winter-2019-jumilla-si-prepara-alla-partenza\\\/#primaryimage\"},\"image\":{\"@id\":\"https:\\\/\\\/www.marocchallenge.com\\\/it\\\/winter-2019-jumilla-si-prepara-alla-partenza\\\/#primaryimage\"},\"thumbnailUrl\":\"https:\\\/\\\/www.marocchallenge.com\\\/wp-content\\\/uploads\\\/2019\\\/09\\\/Jumilla-Spain.jpg\",\"datePublished\":\"2019-09-24T11:01:11+00:00\",\"dateModified\":\"2020-04-30T05:11:06+00:00\",\"description\":\"Jumilla accoglier\u00e0 per la sesta volta la partenza di Maroc Challenge, che si disputer\u00e0 dal 29 novembre al 7 dicembre.\",\"breadcrumb\":{\"@id\":\"https:\\\/\\\/www.marocchallenge.com\\\/it\\\/winter-2019-jumilla-si-prepara-alla-partenza\\\/#breadcrumb\"},\"inLanguage\":\"it-IT\",\"potentialAction\":[{\"@type\":\"ReadAction\",\"target\":[\"https:\\\/\\\/www.marocchallenge.com\\\/it\\\/winter-2019-jumilla-si-prepara-alla-partenza\\\/\"]}]},{\"@type\":\"ImageObject\",\"inLanguage\":\"it-IT\",\"@id\":\"https:\\\/\\\/www.marocchallenge.com\\\/it\\\/winter-2019-jumilla-si-prepara-alla-partenza\\\/#primaryimage\",\"url\":\"https:\\\/\\\/www.marocchallenge.com\\\/wp-content\\\/uploads\\\/2019\\\/09\\\/Jumilla-Spain.jpg\",\"contentUrl\":\"https:\\\/\\\/www.marocchallenge.com\\\/wp-content\\\/uploads\\\/2019\\\/09\\\/Jumilla-Spain.jpg\",\"width\":800,\"height\":418,\"caption\":\"Salida oficial jumilla\"},{\"@type\":\"BreadcrumbList\",\"@id\":\"https:\\\/\\\/www.marocchallenge.com\\\/it\\\/winter-2019-jumilla-si-prepara-alla-partenza\\\/#breadcrumb\",\"itemListElement\":[{\"@type\":\"ListItem\",\"position\":1,\"name\":\"Portada\",\"item\":\"https:\\\/\\\/www.marocchallenge.com\\\/it\\\/\"},{\"@type\":\"ListItem\",\"position\":2,\"name\":\"WINTER 2019: JUMILLA SI PREPARA ALLA PARTENZA\"}]},{\"@type\":\"WebSite\",\"@id\":\"https:\\\/\\\/www.marocchallenge.com\\\/it\\\/#website\",\"url\":\"https:\\\/\\\/www.marocchallenge.com\\\/it\\\/\",\"name\":\"Maroc Challenge\",\"description\":\"La Dakar degli anni 70 pergli avventurosi di oggi\",\"publisher\":{\"@id\":\"https:\\\/\\\/www.marocchallenge.com\\\/it\\\/#organization\"},\"potentialAction\":[{\"@type\":\"SearchAction\",\"target\":{\"@type\":\"EntryPoint\",\"urlTemplate\":\"https:\\\/\\\/www.marocchallenge.com\\\/it\\\/?s={search_term_string}\"},\"query-input\":{\"@type\":\"PropertyValueSpecification\",\"valueRequired\":true,\"valueName\":\"search_term_string\"}}],\"inLanguage\":\"it-IT\"},{\"@type\":\"Organization\",\"@id\":\"https:\\\/\\\/www.marocchallenge.com\\\/it\\\/#organization\",\"name\":\"Maroc Challenge - El Dakar de los 70's para los aventureros de hoy\",\"url\":\"https:\\\/\\\/www.marocchallenge.com\\\/it\\\/\",\"logo\":{\"@type\":\"ImageObject\",\"inLanguage\":\"it-IT\",\"@id\":\"https:\\\/\\\/www.marocchallenge.com\\\/it\\\/#\\\/schema\\\/logo\\\/image\\\/\",\"url\":\"https:\\\/\\\/www.marocchallenge.com\\\/wp-content\\\/uploads\\\/2020\\\/03\\\/Logo-Maroc_Challenge.png\",\"contentUrl\":\"https:\\\/\\\/www.marocchallenge.com\\\/wp-content\\\/uploads\\\/2020\\\/03\\\/Logo-Maroc_Challenge.png\",\"width\":170,\"height\":96,\"caption\":\"Maroc Challenge - El Dakar de los 70's para los aventureros de hoy\"},\"image\":{\"@id\":\"https:\\\/\\\/www.marocchallenge.com\\\/it\\\/#\\\/schema\\\/logo\\\/image\\\/\"},\"sameAs\":[\"https:\\\/\\\/www.facebook.com\\\/MarocChallenge\\\/\",\"https:\\\/\\\/x.com\\\/marochallenge\",\"https:\\\/\\\/www.instagram.com\\\/marocchallenge\\\/\",\"https:\\\/\\\/www.linkedin.com\\\/company\\\/maroc-challenge\",\"https:\\\/\\\/www.youtube.com\\\/user\\\/MarocChallenge\"]},{\"@type\":\"Person\",\"@id\":\"https:\\\/\\\/www.marocchallenge.com\\\/it\\\/#\\\/schema\\\/person\\\/a2f08c303055ab5b0da4ad6b788f15a1\",\"name\":\"Angel Reig\",\"image\":{\"@type\":\"ImageObject\",\"inLanguage\":\"it-IT\",\"@id\":\"https:\\\/\\\/secure.gravatar.com\\\/avatar\\\/4e3ec081afc2d81d22c7c54c309c01cc86a8927798cad3495fc1087930fa385e?s=96&d=mm&r=g\",\"url\":\"https:\\\/\\\/secure.gravatar.com\\\/avatar\\\/4e3ec081afc2d81d22c7c54c309c01cc86a8927798cad3495fc1087930fa385e?s=96&d=mm&r=g\",\"contentUrl\":\"https:\\\/\\\/secure.gravatar.com\\\/avatar\\\/4e3ec081afc2d81d22c7c54c309c01cc86a8927798cad3495fc1087930fa385e?s=96&d=mm&r=g\",\"caption\":\"Angel Reig\"}}]}<\/script>\n<!-- \/ Yoast SEO plugin. -->","yoast_head_json":{"title":"WINTER 2019: JUMILLA SI PREPARA ALLA PARTENZA","description":"Jumilla accoglier\u00e0 per la sesta volta la partenza di Maroc Challenge, che si disputer\u00e0 dal 29 novembre al 7 dicembre.","robots":{"index":"index","follow":"follow","max-snippet":"max-snippet:-1","max-image-preview":"max-image-preview:large","max-video-preview":"max-video-preview:-1"},"canonical":"https:\/\/www.marocchallenge.com\/it\/winter-2019-jumilla-si-prepara-alla-partenza\/","og_locale":"it_IT","og_type":"article","og_title":"WINTER 2019: JUMILLA SI PREPARA ALLA PARTENZA","og_description":"Jumilla accoglier\u00e0 per la sesta volta la partenza di Maroc Challenge, che si disputer\u00e0 dal 29 novembre al 7 dicembre.","og_url":"https:\/\/www.marocchallenge.com\/it\/winter-2019-jumilla-si-prepara-alla-partenza\/","og_site_name":"Maroc Challenge","article_publisher":"https:\/\/www.facebook.com\/MarocChallenge\/","article_published_time":"2019-09-24T11:01:11+00:00","article_modified_time":"2020-04-30T05:11:06+00:00","og_image":[{"width":800,"height":418,"url":"https:\/\/www.marocchallenge.com\/wp-content\/uploads\/2019\/09\/Jumilla-Spain.jpg","type":"image\/jpeg"}],"author":"Angel Reig","twitter_card":"summary_large_image","twitter_creator":"@marochallenge","twitter_site":"@marochallenge","twitter_misc":{"Scritto da":"Angel Reig","Tempo di lettura stimato":"1 minuto"},"schema":{"@context":"https:\/\/schema.org","@graph":[{"@type":"Article","@id":"https:\/\/www.marocchallenge.com\/it\/winter-2019-jumilla-si-prepara-alla-partenza\/#article","isPartOf":{"@id":"https:\/\/www.marocchallenge.com\/it\/winter-2019-jumilla-si-prepara-alla-partenza\/"},"author":{"name":"Angel Reig","@id":"https:\/\/www.marocchallenge.com\/it\/#\/schema\/person\/a2f08c303055ab5b0da4ad6b788f15a1"},"headline":"WINTER 2019: JUMILLA SI PREPARA ALLA PARTENZA","datePublished":"2019-09-24T11:01:11+00:00","dateModified":"2020-04-30T05:11:06+00:00","mainEntityOfPage":{"@id":"https:\/\/www.marocchallenge.com\/it\/winter-2019-jumilla-si-prepara-alla-partenza\/"},"wordCount":291,"publisher":{"@id":"https:\/\/www.marocchallenge.com\/it\/#organization"},"image":{"@id":"https:\/\/www.marocchallenge.com\/it\/winter-2019-jumilla-si-prepara-alla-partenza\/#primaryimage"},"thumbnailUrl":"https:\/\/www.marocchallenge.com\/wp-content\/uploads\/2019\/09\/Jumilla-Spain.jpg","articleSection":["Noticias"],"inLanguage":"it-IT"},{"@type":"WebPage","@id":"https:\/\/www.marocchallenge.com\/it\/winter-2019-jumilla-si-prepara-alla-partenza\/","url":"https:\/\/www.marocchallenge.com\/it\/winter-2019-jumilla-si-prepara-alla-partenza\/","name":"WINTER 2019: JUMILLA SI PREPARA ALLA PARTENZA","isPartOf":{"@id":"https:\/\/www.marocchallenge.com\/it\/#website"},"primaryImageOfPage":{"@id":"https:\/\/www.marocchallenge.com\/it\/winter-2019-jumilla-si-prepara-alla-partenza\/#primaryimage"},"image":{"@id":"https:\/\/www.marocchallenge.com\/it\/winter-2019-jumilla-si-prepara-alla-partenza\/#primaryimage"},"thumbnailUrl":"https:\/\/www.marocchallenge.com\/wp-content\/uploads\/2019\/09\/Jumilla-Spain.jpg","datePublished":"2019-09-24T11:01:11+00:00","dateModified":"2020-04-30T05:11:06+00:00","description":"Jumilla accoglier\u00e0 per la sesta volta la partenza di Maroc Challenge, che si disputer\u00e0 dal 29 novembre al 7 dicembre.","breadcrumb":{"@id":"https:\/\/www.marocchallenge.com\/it\/winter-2019-jumilla-si-prepara-alla-partenza\/#breadcrumb"},"inLanguage":"it-IT","potentialAction":[{"@type":"ReadAction","target":["https:\/\/www.marocchallenge.com\/it\/winter-2019-jumilla-si-prepara-alla-partenza\/"]}]},{"@type":"ImageObject","inLanguage":"it-IT","@id":"https:\/\/www.marocchallenge.com\/it\/winter-2019-jumilla-si-prepara-alla-partenza\/#primaryimage","url":"https:\/\/www.marocchallenge.com\/wp-content\/uploads\/2019\/09\/Jumilla-Spain.jpg","contentUrl":"https:\/\/www.marocchallenge.com\/wp-content\/uploads\/2019\/09\/Jumilla-Spain.jpg","width":800,"height":418,"caption":"Salida oficial jumilla"},{"@type":"BreadcrumbList","@id":"https:\/\/www.marocchallenge.com\/it\/winter-2019-jumilla-si-prepara-alla-partenza\/#breadcrumb","itemListElement":[{"@type":"ListItem","position":1,"name":"Portada","item":"https:\/\/www.marocchallenge.com\/it\/"},{"@type":"ListItem","position":2,"name":"WINTER 2019: JUMILLA SI PREPARA ALLA PARTENZA"}]},{"@type":"WebSite","@id":"https:\/\/www.marocchallenge.com\/it\/#website","url":"https:\/\/www.marocchallenge.com\/it\/","name":"Maroc Challenge","description":"La Dakar degli anni 70 pergli avventurosi di oggi","publisher":{"@id":"https:\/\/www.marocchallenge.com\/it\/#organization"},"potentialAction":[{"@type":"SearchAction","target":{"@type":"EntryPoint","urlTemplate":"https:\/\/www.marocchallenge.com\/it\/?s={search_term_string}"},"query-input":{"@type":"PropertyValueSpecification","valueRequired":true,"valueName":"search_term_string"}}],"inLanguage":"it-IT"},{"@type":"Organization","@id":"https:\/\/www.marocchallenge.com\/it\/#organization","name":"Maroc Challenge - El Dakar de los 70's para los aventureros de hoy","url":"https:\/\/www.marocchallenge.com\/it\/","logo":{"@type":"ImageObject","inLanguage":"it-IT","@id":"https:\/\/www.marocchallenge.com\/it\/#\/schema\/logo\/image\/","url":"https:\/\/www.marocchallenge.com\/wp-content\/uploads\/2020\/03\/Logo-Maroc_Challenge.png","contentUrl":"https:\/\/www.marocchallenge.com\/wp-content\/uploads\/2020\/03\/Logo-Maroc_Challenge.png","width":170,"height":96,"caption":"Maroc Challenge - El Dakar de los 70's para los aventureros de hoy"},"image":{"@id":"https:\/\/www.marocchallenge.com\/it\/#\/schema\/logo\/image\/"},"sameAs":["https:\/\/www.facebook.com\/MarocChallenge\/","https:\/\/x.com\/marochallenge","https:\/\/www.instagram.com\/marocchallenge\/","https:\/\/www.linkedin.com\/company\/maroc-challenge","https:\/\/www.youtube.com\/user\/MarocChallenge"]},{"@type":"Person","@id":"https:\/\/www.marocchallenge.com\/it\/#\/schema\/person\/a2f08c303055ab5b0da4ad6b788f15a1","name":"Angel Reig","image":{"@type":"ImageObject","inLanguage":"it-IT","@id":"https:\/\/secure.gravatar.com\/avatar\/4e3ec081afc2d81d22c7c54c309c01cc86a8927798cad3495fc1087930fa385e?s=96&d=mm&r=g","url":"https:\/\/secure.gravatar.com\/avatar\/4e3ec081afc2d81d22c7c54c309c01cc86a8927798cad3495fc1087930fa385e?s=96&d=mm&r=g","contentUrl":"https:\/\/secure.gravatar.com\/avatar\/4e3ec081afc2d81d22c7c54c309c01cc86a8927798cad3495fc1087930fa385e?s=96&d=mm&r=g","caption":"Angel Reig"}}]}},"_links":{"self":[{"href":"https:\/\/www.marocchallenge.com\/it\/wp-json\/wp\/v2\/posts\/11983","targetHints":{"allow":["GET"]}}],"collection":[{"href":"https:\/\/www.marocchallenge.com\/it\/wp-json\/wp\/v2\/posts"}],"about":[{"href":"https:\/\/www.marocchallenge.com\/it\/wp-json\/wp\/v2\/types\/post"}],"author":[{"embeddable":true,"href":"https:\/\/www.marocchallenge.com\/it\/wp-json\/wp\/v2\/users\/5"}],"replies":[{"embeddable":true,"href":"https:\/\/www.marocchallenge.com\/it\/wp-json\/wp\/v2\/comments?post=11983"}],"version-history":[{"count":2,"href":"https:\/\/www.marocchallenge.com\/it\/wp-json\/wp\/v2\/posts\/11983\/revisions"}],"predecessor-version":[{"id":11993,"href":"https:\/\/www.marocchallenge.com\/it\/wp-json\/wp\/v2\/posts\/11983\/revisions\/11993"}],"wp:featuredmedia":[{"embeddable":true,"href":"https:\/\/www.marocchallenge.com\/it\/wp-json\/wp\/v2\/media\/10984"}],"wp:attachment":[{"href":"https:\/\/www.marocchallenge.com\/it\/wp-json\/wp\/v2\/media?parent=11983"}],"wp:term":[{"taxonomy":"category","embeddable":true,"href":"https:\/\/www.marocchallenge.com\/it\/wp-json\/wp\/v2\/categories?post=11983"},{"taxonomy":"post_tag","embeddable":true,"href":"https:\/\/www.marocchallenge.com\/it\/wp-json\/wp\/v2\/tags?post=11983"}],"curies":[{"name":"wp","href":"https:\/\/api.w.org\/{rel}","templated":true}]}}