{"id":12301,"date":"2018-04-21T18:10:09","date_gmt":"2018-04-21T18:10:09","guid":{"rendered":"http:\/\/www.marocchallenge.eu\/la-maroc-es-una-prueba-de-aventuras-y-desafios\/"},"modified":"2020-04-30T13:58:29","modified_gmt":"2020-04-30T13:58:29","slug":"avventure-e-sfide-intervista-a-rui-cabaco","status":"publish","type":"post","link":"https:\/\/www.marocchallenge.com\/it\/avventure-e-sfide-intervista-a-rui-cabaco\/","title":{"rendered":"&#8220;LA MAROC \u00c8 UNA GARA FATTA DI AVVENTURE E SFIDE&#8221; INTERVISTA A RUI CABA\u00c7O"},"content":{"rendered":"<p><img decoding=\"async\" class=\"alignnone wp-image-12293 size-full\" src=\"http:\/\/www.marocchallenge.eu\/wp-content\/uploads\/2018\/04\/as.jpg\" alt=\"\" width=\"1200\" height=\"675\" srcset=\"https:\/\/www.marocchallenge.com\/wp-content\/uploads\/2018\/04\/as-200x113.jpg 200w, https:\/\/www.marocchallenge.com\/wp-content\/uploads\/2018\/04\/as-300x169.jpg 300w, https:\/\/www.marocchallenge.com\/wp-content\/uploads\/2018\/04\/as-400x225.jpg 400w, https:\/\/www.marocchallenge.com\/wp-content\/uploads\/2018\/04\/as-600x338.jpg 600w, https:\/\/www.marocchallenge.com\/wp-content\/uploads\/2018\/04\/as-768x432.jpg 768w, https:\/\/www.marocchallenge.com\/wp-content\/uploads\/2018\/04\/as-800x450.jpg 800w, https:\/\/www.marocchallenge.com\/wp-content\/uploads\/2018\/04\/as-1024x576.jpg 1024w, https:\/\/www.marocchallenge.com\/wp-content\/uploads\/2018\/04\/as.jpg 1200w\" sizes=\"(max-width: 1200px) 100vw, 1200px\" \/><\/p>\n<h2>La Maroc Challenge affronter\u00e0, dal 30 novembre al 7 dicembre, la sua quindicesima edizione, cambiando drasticamente il proprio itinerario con l&#8217;obiettivo di offrire pi\u00f9 stimoli e di risultare pi\u00f9 attraente e spettacolare per i partecipanti. Rui Caba\u00e7o, organizzatore della gara, ci da le sue impressioni prima di un&#8217;edizione che si preannuncia appassionante.<\/h2>\n<p><strong>Cosa significa per te arrivare alla quindicesima edizione? Lo avresti mai immaginato quando hai ideato la prima?<\/strong><\/p>\n<p>Quando mi venne l&#8217;idea di creare la Maroc Challenge avevo l&#8217;illusione e la speranza che potesse essere un progetto per il futuro, ma non mi sarei mai potuto immaginare di arrivare alla quindicesima edizione e soprattutto di continuare a crescere, e che la gara ottenesse sempre pi\u00f9 riconoscimento a livello internazionale. Mi sento molto fortunato a poter organizzare la Maroc. E&#8217; straordinario unire la mia passione all&#8217;entusiasmo di ogni partecipante edizione dopo edizione. La Maroc si \u00e8 evoluta molto rispetto alle prime edizioni, tanto a livello di percorso come di professionalit\u00e0 nell&#8217;organizzazione, e in entrambi i casi continuiamo a crescere. Vogliamo essere una gara con una struttura sempre pi\u00f9 professionale per avventurosi e amatori con un costo di partecipazione molto economico.<\/p>\n<p><strong>L&#8217;ultima Spring ha avuto un percorso in loop. La prossima Winter torner\u00e0 ad un formato itinerante. Come mai?<\/strong><\/p>\n<p>In 15 edizioni non abbiamo mai avuto un percorso uguale. Abbiamo mixato molte tappe in comune per\u00f2 sono state tutte differenti. Il formato in loop lo abbiamo provato per la prima volta durante la Spring 2018 e l&#8217;ho fatto per creare qualcosa di innovativo. E&#8217; piaciuto a molti partecipanti, principalmente per la comodit\u00e0 e per il fatto che i veicoli coprono le tappe senza il peso abituale delle tappe itineranti. La Winter ritorna ad essere itinerante perch\u00e9 il formato originale della Maroc. Dal mio punto di vista, questo percorso trasmette pi\u00f9 avventura e pi\u00f9 variet\u00e0 di paesaggio. Qual \u00e8 il formato corretto? Non ne esiste uno in concreto. Tutti i percorsi hanno qualcosa di positivo e negativo, l&#8217;importante \u00e8 la sfida che ognuno si propone in ogni edizione e questa sfida, cerchiamo di trasmetterla ai partecipanti.<\/p>\n<p><strong>La Spring \u00e8 iniziata ad Erfoud e la Winter comincer\u00e0 a Midelt, come mai questo cambio di formato rispetto alla tradizione che vuole che la gara cominci appena entrati in territorio marocchino? Le verifiche saranno in Spagna, in nave o al punto di partenza?<\/strong><\/p>\n<p>L&#8217;idea \u00e8 di cominciare sempre pi\u00f9 a sud del Marocco, con l&#8217;unico obiettivo di poter offrire tappe con pi\u00f9 km di pista, con zone e paesaggi pi\u00f9 desertici, pi\u00f9 sabbia, dune e di conseguenza pi\u00f9 avventura. Le verifiche della Winter si realizzeranno in Spagna, al porto di Motril prima di imbarcarci per il Marocco.<\/p>\n<p><strong>La sabbia e le dune sono state le grandi protagoniste delle ultime edizioni. Sar\u00e0 lo stesso per la prossima Winter?<\/strong><\/p>\n<p>Si, e sempre di pi\u00f9 sar\u00e0 cos\u00ec, principalmente per la categoria Raid, che sono i partecipanti con pi\u00f9 esperienza nella Maroc. Ci sono alcune squadre in questa categoria che hanno partecipato a pi\u00f9 di 9 edizioni e sono gi\u00e0 delle &#8220;leggende&#8221; nella Maroc. Da ben due edizioni abbiamo cominciato a introdurre zone di dune e per la Winter ne introdurremo ancora di pi\u00f9 che nelle edizioni anteriori&#8230; La prossima edizione promette ancora pi\u00f9 avventura.<\/p>\n<p><strong>E&#8217; facile pensare ad un percorso affidabile tanto per le categorie Adventure e Raid come per i veicoli 4&#215;2 e 4&#215;4?<\/strong><\/p>\n<p>Sempre di pi\u00f9 pensiamo a percorsi adatti a distinte categorie e, anche se non \u00e8 facile, cerchiamo di far s\u00ec che siano affidabili. Per motivi di trazione, la categoria dei 4&#215;2, che per me rimane una delle pi\u00f9 impegnative, passa attraverso zone differenti&#8230; Penso che a volte, se i partecipanti si facessero un&#8217;idea di dove dovranno passare, ci penserebbero su due volte per\u00f2 l&#8217;importante \u00e8 che tutti arrivino a destinazione, con pi\u00f9 o meno problemi. Nel caso dei 4&#215;4, cerchiamo sempre pi\u00f9 zone fuori pista e pi\u00f9 adatte a questo tipo di veicoli. L&#8217;obiettivo \u00e8 che tutti i partecipanti delle diverse categorie possano godersi al massimo il loro veicolo lungo le piste marocchine.<\/p>\n<p><strong>La prossima edizione termina a Saidia, per la prima volta, sulle rive del Mediterraneo. Cosa ricercate attraverso questo cambio? Come mai?<\/strong><\/p>\n<p>Mi piace terminare vicino al mare. Nella prima edizione della Maroc avevamo fissato l&#8217;arrivo nella spiaggia di Sidi-Kauoki, en Essaouira (sull&#8217;Atlantico), e arrivare a meta \u00e8 stata una sensazione indescrivibile, sia per me che per i partecipanti. L&#8217;arrivo sulle rive del Mediterraneo a Saidia cerca di evocare il finale di Sidi-Kauoki e, allo stesso tempo, terminare vicino al punto di partenza per il ritorno in Spagna.<\/p>\n","protected":false},"excerpt":{"rendered":"<p>La Maroc Challenge affronter\u00e0, dal 30 novembre al 7 dicembre,<\/p>\n","protected":false},"author":5,"featured_media":12296,"comment_status":"closed","ping_status":"closed","sticky":false,"template":"","format":"standard","meta":{"footnotes":""},"categories":[92],"tags":[],"class_list":["post-12301","post","type-post","status-publish","format-standard","has-post-thumbnail","hentry","category-noticias-it"],"yoast_head":"<!-- This site is optimized with the Yoast SEO plugin v27.4 - https:\/\/yoast.com\/product\/yoast-seo-wordpress\/ -->\n<title>AVVENTURE E SFIDE INTERVISTA A RUI CABA\u00c7O<\/title>\n<meta name=\"description\" content=\"La Maroc Challenge affronter\u00e0, dal 30 novembre al 7 dicembre, la sua quindicesima edizione, cambiando drasticamente il proprio itinerario...\" \/>\n<meta name=\"robots\" content=\"index, follow, max-snippet:-1, max-image-preview:large, max-video-preview:-1\" \/>\n<link rel=\"canonical\" href=\"https:\/\/www.marocchallenge.com\/it\/avventure-e-sfide-intervista-a-rui-cabaco\/\" \/>\n<meta property=\"og:locale\" content=\"it_IT\" \/>\n<meta property=\"og:type\" content=\"article\" \/>\n<meta property=\"og:title\" content=\"AVVENTURE E SFIDE INTERVISTA A RUI CABA\u00c7O\" \/>\n<meta property=\"og:description\" content=\"La Maroc Challenge affronter\u00e0, dal 30 novembre al 7 dicembre, la sua quindicesima edizione, cambiando drasticamente il proprio itinerario...\" \/>\n<meta property=\"og:url\" content=\"https:\/\/www.marocchallenge.com\/it\/avventure-e-sfide-intervista-a-rui-cabaco\/\" \/>\n<meta property=\"og:site_name\" content=\"Maroc Challenge\" \/>\n<meta property=\"article:publisher\" content=\"https:\/\/www.facebook.com\/MarocChallenge\/\" \/>\n<meta property=\"article:published_time\" content=\"2018-04-21T18:10:09+00:00\" \/>\n<meta property=\"article:modified_time\" content=\"2020-04-30T13:58:29+00:00\" \/>\n<meta property=\"og:image\" content=\"https:\/\/www.marocchallenge.com\/wp-content\/uploads\/2018\/04\/as.jpg\" \/>\n\t<meta property=\"og:image:width\" content=\"1200\" \/>\n\t<meta property=\"og:image:height\" content=\"675\" \/>\n\t<meta property=\"og:image:type\" content=\"image\/jpeg\" \/>\n<meta name=\"author\" content=\"Angel Reig\" \/>\n<meta name=\"twitter:card\" content=\"summary_large_image\" \/>\n<meta name=\"twitter:creator\" content=\"@marochallenge\" \/>\n<meta name=\"twitter:site\" content=\"@marochallenge\" \/>\n<meta name=\"twitter:label1\" content=\"Scritto da\" \/>\n\t<meta name=\"twitter:data1\" content=\"Angel Reig\" \/>\n\t<meta name=\"twitter:label2\" content=\"Tempo di lettura stimato\" \/>\n\t<meta name=\"twitter:data2\" content=\"4 minuti\" \/>\n<script type=\"application\/ld+json\" class=\"yoast-schema-graph\">{\"@context\":\"https:\\\/\\\/schema.org\",\"@graph\":[{\"@type\":\"Article\",\"@id\":\"https:\\\/\\\/www.marocchallenge.com\\\/it\\\/avventure-e-sfide-intervista-a-rui-cabaco\\\/#article\",\"isPartOf\":{\"@id\":\"https:\\\/\\\/www.marocchallenge.com\\\/it\\\/avventure-e-sfide-intervista-a-rui-cabaco\\\/\"},\"author\":{\"name\":\"Angel Reig\",\"@id\":\"https:\\\/\\\/www.marocchallenge.com\\\/it\\\/#\\\/schema\\\/person\\\/a2f08c303055ab5b0da4ad6b788f15a1\"},\"headline\":\"&#8220;LA MAROC \u00c8 UNA GARA FATTA DI AVVENTURE E SFIDE&#8221; INTERVISTA A RUI CABA\u00c7O\",\"datePublished\":\"2018-04-21T18:10:09+00:00\",\"dateModified\":\"2020-04-30T13:58:29+00:00\",\"mainEntityOfPage\":{\"@id\":\"https:\\\/\\\/www.marocchallenge.com\\\/it\\\/avventure-e-sfide-intervista-a-rui-cabaco\\\/\"},\"wordCount\":775,\"publisher\":{\"@id\":\"https:\\\/\\\/www.marocchallenge.com\\\/it\\\/#organization\"},\"image\":{\"@id\":\"https:\\\/\\\/www.marocchallenge.com\\\/it\\\/avventure-e-sfide-intervista-a-rui-cabaco\\\/#primaryimage\"},\"thumbnailUrl\":\"https:\\\/\\\/www.marocchallenge.com\\\/wp-content\\\/uploads\\\/2018\\\/04\\\/as.jpg\",\"articleSection\":[\"Noticias\"],\"inLanguage\":\"it-IT\"},{\"@type\":\"WebPage\",\"@id\":\"https:\\\/\\\/www.marocchallenge.com\\\/it\\\/avventure-e-sfide-intervista-a-rui-cabaco\\\/\",\"url\":\"https:\\\/\\\/www.marocchallenge.com\\\/it\\\/avventure-e-sfide-intervista-a-rui-cabaco\\\/\",\"name\":\"AVVENTURE E SFIDE INTERVISTA A RUI CABA\u00c7O\",\"isPartOf\":{\"@id\":\"https:\\\/\\\/www.marocchallenge.com\\\/it\\\/#website\"},\"primaryImageOfPage\":{\"@id\":\"https:\\\/\\\/www.marocchallenge.com\\\/it\\\/avventure-e-sfide-intervista-a-rui-cabaco\\\/#primaryimage\"},\"image\":{\"@id\":\"https:\\\/\\\/www.marocchallenge.com\\\/it\\\/avventure-e-sfide-intervista-a-rui-cabaco\\\/#primaryimage\"},\"thumbnailUrl\":\"https:\\\/\\\/www.marocchallenge.com\\\/wp-content\\\/uploads\\\/2018\\\/04\\\/as.jpg\",\"datePublished\":\"2018-04-21T18:10:09+00:00\",\"dateModified\":\"2020-04-30T13:58:29+00:00\",\"description\":\"La Maroc Challenge affronter\u00e0, dal 30 novembre al 7 dicembre, la sua quindicesima edizione, cambiando drasticamente il proprio itinerario...\",\"breadcrumb\":{\"@id\":\"https:\\\/\\\/www.marocchallenge.com\\\/it\\\/avventure-e-sfide-intervista-a-rui-cabaco\\\/#breadcrumb\"},\"inLanguage\":\"it-IT\",\"potentialAction\":[{\"@type\":\"ReadAction\",\"target\":[\"https:\\\/\\\/www.marocchallenge.com\\\/it\\\/avventure-e-sfide-intervista-a-rui-cabaco\\\/\"]}]},{\"@type\":\"ImageObject\",\"inLanguage\":\"it-IT\",\"@id\":\"https:\\\/\\\/www.marocchallenge.com\\\/it\\\/avventure-e-sfide-intervista-a-rui-cabaco\\\/#primaryimage\",\"url\":\"https:\\\/\\\/www.marocchallenge.com\\\/wp-content\\\/uploads\\\/2018\\\/04\\\/as.jpg\",\"contentUrl\":\"https:\\\/\\\/www.marocchallenge.com\\\/wp-content\\\/uploads\\\/2018\\\/04\\\/as.jpg\",\"width\":1200,\"height\":675,\"caption\":\"Rui Cabaco BriefingMan de la Maroc Challenge\"},{\"@type\":\"BreadcrumbList\",\"@id\":\"https:\\\/\\\/www.marocchallenge.com\\\/it\\\/avventure-e-sfide-intervista-a-rui-cabaco\\\/#breadcrumb\",\"itemListElement\":[{\"@type\":\"ListItem\",\"position\":1,\"name\":\"Portada\",\"item\":\"https:\\\/\\\/www.marocchallenge.com\\\/it\\\/\"},{\"@type\":\"ListItem\",\"position\":2,\"name\":\"&#8220;LA MAROC \u00c8 UNA GARA FATTA DI AVVENTURE E SFIDE&#8221; INTERVISTA A RUI CABA\u00c7O\"}]},{\"@type\":\"WebSite\",\"@id\":\"https:\\\/\\\/www.marocchallenge.com\\\/it\\\/#website\",\"url\":\"https:\\\/\\\/www.marocchallenge.com\\\/it\\\/\",\"name\":\"Maroc Challenge\",\"description\":\"La Dakar degli anni 70 pergli avventurosi di oggi\",\"publisher\":{\"@id\":\"https:\\\/\\\/www.marocchallenge.com\\\/it\\\/#organization\"},\"potentialAction\":[{\"@type\":\"SearchAction\",\"target\":{\"@type\":\"EntryPoint\",\"urlTemplate\":\"https:\\\/\\\/www.marocchallenge.com\\\/it\\\/?s={search_term_string}\"},\"query-input\":{\"@type\":\"PropertyValueSpecification\",\"valueRequired\":true,\"valueName\":\"search_term_string\"}}],\"inLanguage\":\"it-IT\"},{\"@type\":\"Organization\",\"@id\":\"https:\\\/\\\/www.marocchallenge.com\\\/it\\\/#organization\",\"name\":\"Maroc Challenge - El Dakar de los 70's para los aventureros de hoy\",\"url\":\"https:\\\/\\\/www.marocchallenge.com\\\/it\\\/\",\"logo\":{\"@type\":\"ImageObject\",\"inLanguage\":\"it-IT\",\"@id\":\"https:\\\/\\\/www.marocchallenge.com\\\/it\\\/#\\\/schema\\\/logo\\\/image\\\/\",\"url\":\"https:\\\/\\\/www.marocchallenge.com\\\/wp-content\\\/uploads\\\/2020\\\/03\\\/Logo-Maroc_Challenge.png\",\"contentUrl\":\"https:\\\/\\\/www.marocchallenge.com\\\/wp-content\\\/uploads\\\/2020\\\/03\\\/Logo-Maroc_Challenge.png\",\"width\":170,\"height\":96,\"caption\":\"Maroc Challenge - El Dakar de los 70's para los aventureros de hoy\"},\"image\":{\"@id\":\"https:\\\/\\\/www.marocchallenge.com\\\/it\\\/#\\\/schema\\\/logo\\\/image\\\/\"},\"sameAs\":[\"https:\\\/\\\/www.facebook.com\\\/MarocChallenge\\\/\",\"https:\\\/\\\/x.com\\\/marochallenge\",\"https:\\\/\\\/www.instagram.com\\\/marocchallenge\\\/\",\"https:\\\/\\\/www.linkedin.com\\\/company\\\/maroc-challenge\",\"https:\\\/\\\/www.youtube.com\\\/user\\\/MarocChallenge\"]},{\"@type\":\"Person\",\"@id\":\"https:\\\/\\\/www.marocchallenge.com\\\/it\\\/#\\\/schema\\\/person\\\/a2f08c303055ab5b0da4ad6b788f15a1\",\"name\":\"Angel Reig\",\"image\":{\"@type\":\"ImageObject\",\"inLanguage\":\"it-IT\",\"@id\":\"https:\\\/\\\/secure.gravatar.com\\\/avatar\\\/4e3ec081afc2d81d22c7c54c309c01cc86a8927798cad3495fc1087930fa385e?s=96&d=mm&r=g\",\"url\":\"https:\\\/\\\/secure.gravatar.com\\\/avatar\\\/4e3ec081afc2d81d22c7c54c309c01cc86a8927798cad3495fc1087930fa385e?s=96&d=mm&r=g\",\"contentUrl\":\"https:\\\/\\\/secure.gravatar.com\\\/avatar\\\/4e3ec081afc2d81d22c7c54c309c01cc86a8927798cad3495fc1087930fa385e?s=96&d=mm&r=g\",\"caption\":\"Angel Reig\"}}]}<\/script>\n<!-- \/ Yoast SEO plugin. -->","yoast_head_json":{"title":"AVVENTURE E SFIDE INTERVISTA A RUI CABA\u00c7O","description":"La Maroc Challenge affronter\u00e0, dal 30 novembre al 7 dicembre, la sua quindicesima edizione, cambiando drasticamente il proprio itinerario...","robots":{"index":"index","follow":"follow","max-snippet":"max-snippet:-1","max-image-preview":"max-image-preview:large","max-video-preview":"max-video-preview:-1"},"canonical":"https:\/\/www.marocchallenge.com\/it\/avventure-e-sfide-intervista-a-rui-cabaco\/","og_locale":"it_IT","og_type":"article","og_title":"AVVENTURE E SFIDE INTERVISTA A RUI CABA\u00c7O","og_description":"La Maroc Challenge affronter\u00e0, dal 30 novembre al 7 dicembre, la sua quindicesima edizione, cambiando drasticamente il proprio itinerario...","og_url":"https:\/\/www.marocchallenge.com\/it\/avventure-e-sfide-intervista-a-rui-cabaco\/","og_site_name":"Maroc Challenge","article_publisher":"https:\/\/www.facebook.com\/MarocChallenge\/","article_published_time":"2018-04-21T18:10:09+00:00","article_modified_time":"2020-04-30T13:58:29+00:00","og_image":[{"width":1200,"height":675,"url":"https:\/\/www.marocchallenge.com\/wp-content\/uploads\/2018\/04\/as.jpg","type":"image\/jpeg"}],"author":"Angel Reig","twitter_card":"summary_large_image","twitter_creator":"@marochallenge","twitter_site":"@marochallenge","twitter_misc":{"Scritto da":"Angel Reig","Tempo di lettura stimato":"4 minuti"},"schema":{"@context":"https:\/\/schema.org","@graph":[{"@type":"Article","@id":"https:\/\/www.marocchallenge.com\/it\/avventure-e-sfide-intervista-a-rui-cabaco\/#article","isPartOf":{"@id":"https:\/\/www.marocchallenge.com\/it\/avventure-e-sfide-intervista-a-rui-cabaco\/"},"author":{"name":"Angel Reig","@id":"https:\/\/www.marocchallenge.com\/it\/#\/schema\/person\/a2f08c303055ab5b0da4ad6b788f15a1"},"headline":"&#8220;LA MAROC \u00c8 UNA GARA FATTA DI AVVENTURE E SFIDE&#8221; INTERVISTA A RUI CABA\u00c7O","datePublished":"2018-04-21T18:10:09+00:00","dateModified":"2020-04-30T13:58:29+00:00","mainEntityOfPage":{"@id":"https:\/\/www.marocchallenge.com\/it\/avventure-e-sfide-intervista-a-rui-cabaco\/"},"wordCount":775,"publisher":{"@id":"https:\/\/www.marocchallenge.com\/it\/#organization"},"image":{"@id":"https:\/\/www.marocchallenge.com\/it\/avventure-e-sfide-intervista-a-rui-cabaco\/#primaryimage"},"thumbnailUrl":"https:\/\/www.marocchallenge.com\/wp-content\/uploads\/2018\/04\/as.jpg","articleSection":["Noticias"],"inLanguage":"it-IT"},{"@type":"WebPage","@id":"https:\/\/www.marocchallenge.com\/it\/avventure-e-sfide-intervista-a-rui-cabaco\/","url":"https:\/\/www.marocchallenge.com\/it\/avventure-e-sfide-intervista-a-rui-cabaco\/","name":"AVVENTURE E SFIDE INTERVISTA A RUI CABA\u00c7O","isPartOf":{"@id":"https:\/\/www.marocchallenge.com\/it\/#website"},"primaryImageOfPage":{"@id":"https:\/\/www.marocchallenge.com\/it\/avventure-e-sfide-intervista-a-rui-cabaco\/#primaryimage"},"image":{"@id":"https:\/\/www.marocchallenge.com\/it\/avventure-e-sfide-intervista-a-rui-cabaco\/#primaryimage"},"thumbnailUrl":"https:\/\/www.marocchallenge.com\/wp-content\/uploads\/2018\/04\/as.jpg","datePublished":"2018-04-21T18:10:09+00:00","dateModified":"2020-04-30T13:58:29+00:00","description":"La Maroc Challenge affronter\u00e0, dal 30 novembre al 7 dicembre, la sua quindicesima edizione, cambiando drasticamente il proprio itinerario...","breadcrumb":{"@id":"https:\/\/www.marocchallenge.com\/it\/avventure-e-sfide-intervista-a-rui-cabaco\/#breadcrumb"},"inLanguage":"it-IT","potentialAction":[{"@type":"ReadAction","target":["https:\/\/www.marocchallenge.com\/it\/avventure-e-sfide-intervista-a-rui-cabaco\/"]}]},{"@type":"ImageObject","inLanguage":"it-IT","@id":"https:\/\/www.marocchallenge.com\/it\/avventure-e-sfide-intervista-a-rui-cabaco\/#primaryimage","url":"https:\/\/www.marocchallenge.com\/wp-content\/uploads\/2018\/04\/as.jpg","contentUrl":"https:\/\/www.marocchallenge.com\/wp-content\/uploads\/2018\/04\/as.jpg","width":1200,"height":675,"caption":"Rui Cabaco BriefingMan de la Maroc Challenge"},{"@type":"BreadcrumbList","@id":"https:\/\/www.marocchallenge.com\/it\/avventure-e-sfide-intervista-a-rui-cabaco\/#breadcrumb","itemListElement":[{"@type":"ListItem","position":1,"name":"Portada","item":"https:\/\/www.marocchallenge.com\/it\/"},{"@type":"ListItem","position":2,"name":"&#8220;LA MAROC \u00c8 UNA GARA FATTA DI AVVENTURE E SFIDE&#8221; INTERVISTA A RUI CABA\u00c7O"}]},{"@type":"WebSite","@id":"https:\/\/www.marocchallenge.com\/it\/#website","url":"https:\/\/www.marocchallenge.com\/it\/","name":"Maroc Challenge","description":"La Dakar degli anni 70 pergli avventurosi di oggi","publisher":{"@id":"https:\/\/www.marocchallenge.com\/it\/#organization"},"potentialAction":[{"@type":"SearchAction","target":{"@type":"EntryPoint","urlTemplate":"https:\/\/www.marocchallenge.com\/it\/?s={search_term_string}"},"query-input":{"@type":"PropertyValueSpecification","valueRequired":true,"valueName":"search_term_string"}}],"inLanguage":"it-IT"},{"@type":"Organization","@id":"https:\/\/www.marocchallenge.com\/it\/#organization","name":"Maroc Challenge - El Dakar de los 70's para los aventureros de hoy","url":"https:\/\/www.marocchallenge.com\/it\/","logo":{"@type":"ImageObject","inLanguage":"it-IT","@id":"https:\/\/www.marocchallenge.com\/it\/#\/schema\/logo\/image\/","url":"https:\/\/www.marocchallenge.com\/wp-content\/uploads\/2020\/03\/Logo-Maroc_Challenge.png","contentUrl":"https:\/\/www.marocchallenge.com\/wp-content\/uploads\/2020\/03\/Logo-Maroc_Challenge.png","width":170,"height":96,"caption":"Maroc Challenge - El Dakar de los 70's para los aventureros de hoy"},"image":{"@id":"https:\/\/www.marocchallenge.com\/it\/#\/schema\/logo\/image\/"},"sameAs":["https:\/\/www.facebook.com\/MarocChallenge\/","https:\/\/x.com\/marochallenge","https:\/\/www.instagram.com\/marocchallenge\/","https:\/\/www.linkedin.com\/company\/maroc-challenge","https:\/\/www.youtube.com\/user\/MarocChallenge"]},{"@type":"Person","@id":"https:\/\/www.marocchallenge.com\/it\/#\/schema\/person\/a2f08c303055ab5b0da4ad6b788f15a1","name":"Angel Reig","image":{"@type":"ImageObject","inLanguage":"it-IT","@id":"https:\/\/secure.gravatar.com\/avatar\/4e3ec081afc2d81d22c7c54c309c01cc86a8927798cad3495fc1087930fa385e?s=96&d=mm&r=g","url":"https:\/\/secure.gravatar.com\/avatar\/4e3ec081afc2d81d22c7c54c309c01cc86a8927798cad3495fc1087930fa385e?s=96&d=mm&r=g","contentUrl":"https:\/\/secure.gravatar.com\/avatar\/4e3ec081afc2d81d22c7c54c309c01cc86a8927798cad3495fc1087930fa385e?s=96&d=mm&r=g","caption":"Angel Reig"}}]}},"_links":{"self":[{"href":"https:\/\/www.marocchallenge.com\/it\/wp-json\/wp\/v2\/posts\/12301","targetHints":{"allow":["GET"]}}],"collection":[{"href":"https:\/\/www.marocchallenge.com\/it\/wp-json\/wp\/v2\/posts"}],"about":[{"href":"https:\/\/www.marocchallenge.com\/it\/wp-json\/wp\/v2\/types\/post"}],"author":[{"embeddable":true,"href":"https:\/\/www.marocchallenge.com\/it\/wp-json\/wp\/v2\/users\/5"}],"replies":[{"embeddable":true,"href":"https:\/\/www.marocchallenge.com\/it\/wp-json\/wp\/v2\/comments?post=12301"}],"version-history":[{"count":2,"href":"https:\/\/www.marocchallenge.com\/it\/wp-json\/wp\/v2\/posts\/12301\/revisions"}],"predecessor-version":[{"id":12308,"href":"https:\/\/www.marocchallenge.com\/it\/wp-json\/wp\/v2\/posts\/12301\/revisions\/12308"}],"wp:featuredmedia":[{"embeddable":true,"href":"https:\/\/www.marocchallenge.com\/it\/wp-json\/wp\/v2\/media\/12296"}],"wp:attachment":[{"href":"https:\/\/www.marocchallenge.com\/it\/wp-json\/wp\/v2\/media?parent=12301"}],"wp:term":[{"taxonomy":"category","embeddable":true,"href":"https:\/\/www.marocchallenge.com\/it\/wp-json\/wp\/v2\/categories?post=12301"},{"taxonomy":"post_tag","embeddable":true,"href":"https:\/\/www.marocchallenge.com\/it\/wp-json\/wp\/v2\/tags?post=12301"}],"curies":[{"name":"wp","href":"https:\/\/api.w.org\/{rel}","templated":true}]}}