{"id":15286,"date":"2020-05-10T11:02:45","date_gmt":"2020-05-10T11:02:45","guid":{"rendered":"https:\/\/www.marocchallenge.com\/25-de-mayo-abrimos-inscripciones\/"},"modified":"2020-05-10T11:51:19","modified_gmt":"2020-05-10T11:51:19","slug":"25-maggio-apriamo-le-iscrizioni","status":"publish","type":"post","link":"https:\/\/www.marocchallenge.com\/it\/25-maggio-apriamo-le-iscrizioni\/","title":{"rendered":"25 MAGGIO, APRIAMO LE ISCRIZIONI!"},"content":{"rendered":"<p><img decoding=\"async\" class=\"alignnone wp-image-15278 size-full\" src=\"https:\/\/www.marocchallenge.com\/wp-content\/uploads\/2020\/05\/Maroc-Challenge-Spring-Winter-2020.jpg\" alt=\"\" width=\"1200\" height=\"675\" srcset=\"https:\/\/www.marocchallenge.com\/wp-content\/uploads\/2020\/05\/Maroc-Challenge-Spring-Winter-2020-200x113.jpg 200w, https:\/\/www.marocchallenge.com\/wp-content\/uploads\/2020\/05\/Maroc-Challenge-Spring-Winter-2020-300x169.jpg 300w, https:\/\/www.marocchallenge.com\/wp-content\/uploads\/2020\/05\/Maroc-Challenge-Spring-Winter-2020-400x225.jpg 400w, https:\/\/www.marocchallenge.com\/wp-content\/uploads\/2020\/05\/Maroc-Challenge-Spring-Winter-2020-600x338.jpg 600w, https:\/\/www.marocchallenge.com\/wp-content\/uploads\/2020\/05\/Maroc-Challenge-Spring-Winter-2020-768x432.jpg 768w, https:\/\/www.marocchallenge.com\/wp-content\/uploads\/2020\/05\/Maroc-Challenge-Spring-Winter-2020-800x450.jpg 800w, https:\/\/www.marocchallenge.com\/wp-content\/uploads\/2020\/05\/Maroc-Challenge-Spring-Winter-2020-1024x576.jpg 1024w, https:\/\/www.marocchallenge.com\/wp-content\/uploads\/2020\/05\/Maroc-Challenge-Spring-Winter-2020.jpg 1200w\" sizes=\"(max-width: 1200px) 100vw, 1200px\" \/><\/p>\n<h2>Stiamo superando la pandemia del Covid-19 e, sperando che le cose si normalizzino durante le prossime settimane, abbiamo deciso di aprire il periodo di iscrizioni (25 maggio) alla Spring\/Winter 2020.<\/h2>\n<p>Tutti abbiamo voglia di superare questa tappa e stiamo pensando a nuove sfide che ci aiutino a voltare pagina, recuperare la vena avventurosa che abbiamo dentro e affrontare le grandi sfide nascoste in fondo al nostro spirito libero. Per questo motivo, apriremo le iscrizioni il prossimo 25 maggio e, a proposito, ricordiamo che la tariffa pi\u00f9 economica sar\u00e0 disponibile dal 25 al 31 maggio.<\/p>\n<p>Alla nostra pagina web (<a href=\"https:\/\/www.marocchallenge.com\/it\/\" target=\"_blank\" rel=\"noopener noreferrer\">http:\/\/www.marocchallenge.com<\/a>) potrete consultare tutti i dettagli che si riferiscono alle iscrizioni e i periodi stabiliti per trovare le tariffe pi\u00f9 economiche.<\/p>\n<p>La Maroc Challenge, con la sfida di offrivi pi\u00f9 e migliori dosi di avventura ed emozioni, si svolger\u00e0 dal 4 al 12 dicembre del 2020. Quest\u2019edizione cos\u00ec speciale per tutti noi porter\u00e0 molte novit\u00e0: la partenza ufficiale sar\u00e0 a Saidia, in Marocco, sulle rive del Mediterraneo e a un centinaio di chilometri da Nador, l\u2019itinerario sar\u00e0 lineare e la gara terminer\u00e0 a Erfoud.<\/p>\n<p>Come vi abbiamo gi\u00e0 commentato in diverse occasioni, vi stiamo preparando un percorso molto speciale, dove le pianure desertiche e la sabbia saranno l\u2019habitat predominante, passeremo per villaggi carismatici come Tendrera, Erfoud, Foum, Zguid, Zagora e Merzouga. Manterremo la stessa filosofia che abbiamo sviluppato durante le ultime edizioni, con i percorsi adattati ai diversi tipi di veicoli, sia a trazione 4&#215;2 sia 4&#215;4, oltre a vari livelli di difficolt\u00e0.<\/p>\n<p>Con l\u2019augurio che stiate tutti bene e la voglia di rivedervi molto presto.<\/p>\n","protected":false},"excerpt":{"rendered":"<p>Stiamo superando la pandemia del Covid-19 e, sperando che le<\/p>\n","protected":false},"author":2,"featured_media":15281,"comment_status":"closed","ping_status":"closed","sticky":false,"template":"","format":"standard","meta":{"footnotes":""},"categories":[92],"tags":[],"class_list":["post-15286","post","type-post","status-publish","format-standard","has-post-thumbnail","hentry","category-noticias-it"],"yoast_head":"<!-- This site is optimized with the Yoast SEO plugin v27.4 - https:\/\/yoast.com\/product\/yoast-seo-wordpress\/ -->\n<title>25 MAGGIO, APRIAMO LE ISCRIZIONI! - Maroc Challenge<\/title>\n<meta name=\"description\" content=\"Stiamo superando la pandemia del Covid-19 e, sperando che le cose si normalizzino durante le prossime settimane, abbiamo deciso di aprire...\" \/>\n<meta name=\"robots\" content=\"index, follow, max-snippet:-1, max-image-preview:large, max-video-preview:-1\" \/>\n<link rel=\"canonical\" href=\"https:\/\/www.marocchallenge.com\/it\/25-maggio-apriamo-le-iscrizioni\/\" \/>\n<meta property=\"og:locale\" content=\"it_IT\" \/>\n<meta property=\"og:type\" content=\"article\" \/>\n<meta property=\"og:title\" content=\"25 MAGGIO, APRIAMO LE ISCRIZIONI!\" \/>\n<meta property=\"og:description\" content=\"Stiamo superando la pandemia del Covid-19 e, sperando che le cose si normalizzino durante le prossime settimane, abbiamo deciso di aprire il periodo di iscrizioni alla Spring\/Winter 2020.\" \/>\n<meta property=\"og:url\" content=\"https:\/\/www.marocchallenge.com\/it\/25-maggio-apriamo-le-iscrizioni\/\" \/>\n<meta property=\"og:site_name\" content=\"Maroc Challenge\" \/>\n<meta property=\"article:publisher\" content=\"https:\/\/www.facebook.com\/MarocChallenge\/\" \/>\n<meta property=\"article:published_time\" content=\"2020-05-10T11:02:45+00:00\" \/>\n<meta property=\"article:modified_time\" content=\"2020-05-10T11:51:19+00:00\" \/>\n<meta property=\"og:image\" content=\"https:\/\/www.marocchallenge.com\/wp-content\/uploads\/2020\/05\/Maroc-Challenge-Spring-Winter-2020.jpg\" \/>\n\t<meta property=\"og:image:width\" content=\"1200\" \/>\n\t<meta property=\"og:image:height\" content=\"675\" \/>\n\t<meta property=\"og:image:type\" content=\"image\/jpeg\" \/>\n<meta name=\"author\" content=\"Rui Caba\u00e7o\" \/>\n<meta name=\"twitter:card\" content=\"summary_large_image\" \/>\n<meta name=\"twitter:creator\" content=\"@marochallenge\" \/>\n<meta name=\"twitter:site\" content=\"@marochallenge\" \/>\n<meta name=\"twitter:label1\" content=\"Scritto da\" \/>\n\t<meta name=\"twitter:data1\" content=\"Rui Caba\u00e7o\" \/>\n\t<meta name=\"twitter:label2\" content=\"Tempo di lettura stimato\" \/>\n\t<meta name=\"twitter:data2\" content=\"1 minuto\" \/>\n<script type=\"application\/ld+json\" class=\"yoast-schema-graph\">{\"@context\":\"https:\\\/\\\/schema.org\",\"@graph\":[{\"@type\":\"Article\",\"@id\":\"https:\\\/\\\/www.marocchallenge.com\\\/it\\\/25-maggio-apriamo-le-iscrizioni\\\/#article\",\"isPartOf\":{\"@id\":\"https:\\\/\\\/www.marocchallenge.com\\\/it\\\/25-maggio-apriamo-le-iscrizioni\\\/\"},\"author\":{\"name\":\"Rui Caba\u00e7o\",\"@id\":\"https:\\\/\\\/www.marocchallenge.com\\\/it\\\/#\\\/schema\\\/person\\\/298a597a188b0019416217b2301b9e10\"},\"headline\":\"25 MAGGIO, APRIAMO LE ISCRIZIONI!\",\"datePublished\":\"2020-05-10T11:02:45+00:00\",\"dateModified\":\"2020-05-10T11:51:19+00:00\",\"mainEntityOfPage\":{\"@id\":\"https:\\\/\\\/www.marocchallenge.com\\\/it\\\/25-maggio-apriamo-le-iscrizioni\\\/\"},\"wordCount\":268,\"publisher\":{\"@id\":\"https:\\\/\\\/www.marocchallenge.com\\\/it\\\/#organization\"},\"image\":{\"@id\":\"https:\\\/\\\/www.marocchallenge.com\\\/it\\\/25-maggio-apriamo-le-iscrizioni\\\/#primaryimage\"},\"thumbnailUrl\":\"https:\\\/\\\/www.marocchallenge.com\\\/wp-content\\\/uploads\\\/2020\\\/05\\\/Maroc-Challenge-Spring-Winter-2020.jpg\",\"articleSection\":[\"Noticias\"],\"inLanguage\":\"it-IT\"},{\"@type\":\"WebPage\",\"@id\":\"https:\\\/\\\/www.marocchallenge.com\\\/it\\\/25-maggio-apriamo-le-iscrizioni\\\/\",\"url\":\"https:\\\/\\\/www.marocchallenge.com\\\/it\\\/25-maggio-apriamo-le-iscrizioni\\\/\",\"name\":\"25 MAGGIO, APRIAMO LE ISCRIZIONI! - Maroc Challenge\",\"isPartOf\":{\"@id\":\"https:\\\/\\\/www.marocchallenge.com\\\/it\\\/#website\"},\"primaryImageOfPage\":{\"@id\":\"https:\\\/\\\/www.marocchallenge.com\\\/it\\\/25-maggio-apriamo-le-iscrizioni\\\/#primaryimage\"},\"image\":{\"@id\":\"https:\\\/\\\/www.marocchallenge.com\\\/it\\\/25-maggio-apriamo-le-iscrizioni\\\/#primaryimage\"},\"thumbnailUrl\":\"https:\\\/\\\/www.marocchallenge.com\\\/wp-content\\\/uploads\\\/2020\\\/05\\\/Maroc-Challenge-Spring-Winter-2020.jpg\",\"datePublished\":\"2020-05-10T11:02:45+00:00\",\"dateModified\":\"2020-05-10T11:51:19+00:00\",\"description\":\"Stiamo superando la pandemia del Covid-19 e, sperando che le cose si normalizzino durante le prossime settimane, abbiamo deciso di aprire...\",\"breadcrumb\":{\"@id\":\"https:\\\/\\\/www.marocchallenge.com\\\/it\\\/25-maggio-apriamo-le-iscrizioni\\\/#breadcrumb\"},\"inLanguage\":\"it-IT\",\"potentialAction\":[{\"@type\":\"ReadAction\",\"target\":[\"https:\\\/\\\/www.marocchallenge.com\\\/it\\\/25-maggio-apriamo-le-iscrizioni\\\/\"]}]},{\"@type\":\"ImageObject\",\"inLanguage\":\"it-IT\",\"@id\":\"https:\\\/\\\/www.marocchallenge.com\\\/it\\\/25-maggio-apriamo-le-iscrizioni\\\/#primaryimage\",\"url\":\"https:\\\/\\\/www.marocchallenge.com\\\/wp-content\\\/uploads\\\/2020\\\/05\\\/Maroc-Challenge-Spring-Winter-2020.jpg\",\"contentUrl\":\"https:\\\/\\\/www.marocchallenge.com\\\/wp-content\\\/uploads\\\/2020\\\/05\\\/Maroc-Challenge-Spring-Winter-2020.jpg\",\"width\":1200,\"height\":675},{\"@type\":\"BreadcrumbList\",\"@id\":\"https:\\\/\\\/www.marocchallenge.com\\\/it\\\/25-maggio-apriamo-le-iscrizioni\\\/#breadcrumb\",\"itemListElement\":[{\"@type\":\"ListItem\",\"position\":1,\"name\":\"Portada\",\"item\":\"https:\\\/\\\/www.marocchallenge.com\\\/it\\\/\"},{\"@type\":\"ListItem\",\"position\":2,\"name\":\"25 MAGGIO, APRIAMO LE ISCRIZIONI!\"}]},{\"@type\":\"WebSite\",\"@id\":\"https:\\\/\\\/www.marocchallenge.com\\\/it\\\/#website\",\"url\":\"https:\\\/\\\/www.marocchallenge.com\\\/it\\\/\",\"name\":\"Maroc Challenge\",\"description\":\"La Dakar degli anni 70 pergli avventurosi di oggi\",\"publisher\":{\"@id\":\"https:\\\/\\\/www.marocchallenge.com\\\/it\\\/#organization\"},\"potentialAction\":[{\"@type\":\"SearchAction\",\"target\":{\"@type\":\"EntryPoint\",\"urlTemplate\":\"https:\\\/\\\/www.marocchallenge.com\\\/it\\\/?s={search_term_string}\"},\"query-input\":{\"@type\":\"PropertyValueSpecification\",\"valueRequired\":true,\"valueName\":\"search_term_string\"}}],\"inLanguage\":\"it-IT\"},{\"@type\":\"Organization\",\"@id\":\"https:\\\/\\\/www.marocchallenge.com\\\/it\\\/#organization\",\"name\":\"Maroc Challenge - El Dakar de los 70's para los aventureros de hoy\",\"url\":\"https:\\\/\\\/www.marocchallenge.com\\\/it\\\/\",\"logo\":{\"@type\":\"ImageObject\",\"inLanguage\":\"it-IT\",\"@id\":\"https:\\\/\\\/www.marocchallenge.com\\\/it\\\/#\\\/schema\\\/logo\\\/image\\\/\",\"url\":\"https:\\\/\\\/www.marocchallenge.com\\\/wp-content\\\/uploads\\\/2020\\\/03\\\/Logo-Maroc_Challenge.png\",\"contentUrl\":\"https:\\\/\\\/www.marocchallenge.com\\\/wp-content\\\/uploads\\\/2020\\\/03\\\/Logo-Maroc_Challenge.png\",\"width\":170,\"height\":96,\"caption\":\"Maroc Challenge - El Dakar de los 70's para los aventureros de hoy\"},\"image\":{\"@id\":\"https:\\\/\\\/www.marocchallenge.com\\\/it\\\/#\\\/schema\\\/logo\\\/image\\\/\"},\"sameAs\":[\"https:\\\/\\\/www.facebook.com\\\/MarocChallenge\\\/\",\"https:\\\/\\\/x.com\\\/marochallenge\",\"https:\\\/\\\/www.instagram.com\\\/marocchallenge\\\/\",\"https:\\\/\\\/www.linkedin.com\\\/company\\\/maroc-challenge\",\"https:\\\/\\\/www.youtube.com\\\/user\\\/MarocChallenge\"]},{\"@type\":\"Person\",\"@id\":\"https:\\\/\\\/www.marocchallenge.com\\\/it\\\/#\\\/schema\\\/person\\\/298a597a188b0019416217b2301b9e10\",\"name\":\"Rui Caba\u00e7o\",\"image\":{\"@type\":\"ImageObject\",\"inLanguage\":\"it-IT\",\"@id\":\"https:\\\/\\\/secure.gravatar.com\\\/avatar\\\/7ac3f434351cbd7875a5f064f6695a52ab4f6ffeb48c6bffb908c8e6f0e3bf73?s=96&d=mm&r=g\",\"url\":\"https:\\\/\\\/secure.gravatar.com\\\/avatar\\\/7ac3f434351cbd7875a5f064f6695a52ab4f6ffeb48c6bffb908c8e6f0e3bf73?s=96&d=mm&r=g\",\"contentUrl\":\"https:\\\/\\\/secure.gravatar.com\\\/avatar\\\/7ac3f434351cbd7875a5f064f6695a52ab4f6ffeb48c6bffb908c8e6f0e3bf73?s=96&d=mm&r=g\",\"caption\":\"Rui Caba\u00e7o\"}}]}<\/script>\n<!-- \/ Yoast SEO plugin. -->","yoast_head_json":{"title":"25 MAGGIO, APRIAMO LE ISCRIZIONI! - Maroc Challenge","description":"Stiamo superando la pandemia del Covid-19 e, sperando che le cose si normalizzino durante le prossime settimane, abbiamo deciso di aprire...","robots":{"index":"index","follow":"follow","max-snippet":"max-snippet:-1","max-image-preview":"max-image-preview:large","max-video-preview":"max-video-preview:-1"},"canonical":"https:\/\/www.marocchallenge.com\/it\/25-maggio-apriamo-le-iscrizioni\/","og_locale":"it_IT","og_type":"article","og_title":"25 MAGGIO, APRIAMO LE ISCRIZIONI!","og_description":"Stiamo superando la pandemia del Covid-19 e, sperando che le cose si normalizzino durante le prossime settimane, abbiamo deciso di aprire il periodo di iscrizioni alla Spring\/Winter 2020.","og_url":"https:\/\/www.marocchallenge.com\/it\/25-maggio-apriamo-le-iscrizioni\/","og_site_name":"Maroc Challenge","article_publisher":"https:\/\/www.facebook.com\/MarocChallenge\/","article_published_time":"2020-05-10T11:02:45+00:00","article_modified_time":"2020-05-10T11:51:19+00:00","og_image":[{"width":1200,"height":675,"url":"https:\/\/www.marocchallenge.com\/wp-content\/uploads\/2020\/05\/Maroc-Challenge-Spring-Winter-2020.jpg","type":"image\/jpeg"}],"author":"Rui Caba\u00e7o","twitter_card":"summary_large_image","twitter_creator":"@marochallenge","twitter_site":"@marochallenge","twitter_misc":{"Scritto da":"Rui Caba\u00e7o","Tempo di lettura stimato":"1 minuto"},"schema":{"@context":"https:\/\/schema.org","@graph":[{"@type":"Article","@id":"https:\/\/www.marocchallenge.com\/it\/25-maggio-apriamo-le-iscrizioni\/#article","isPartOf":{"@id":"https:\/\/www.marocchallenge.com\/it\/25-maggio-apriamo-le-iscrizioni\/"},"author":{"name":"Rui Caba\u00e7o","@id":"https:\/\/www.marocchallenge.com\/it\/#\/schema\/person\/298a597a188b0019416217b2301b9e10"},"headline":"25 MAGGIO, APRIAMO LE ISCRIZIONI!","datePublished":"2020-05-10T11:02:45+00:00","dateModified":"2020-05-10T11:51:19+00:00","mainEntityOfPage":{"@id":"https:\/\/www.marocchallenge.com\/it\/25-maggio-apriamo-le-iscrizioni\/"},"wordCount":268,"publisher":{"@id":"https:\/\/www.marocchallenge.com\/it\/#organization"},"image":{"@id":"https:\/\/www.marocchallenge.com\/it\/25-maggio-apriamo-le-iscrizioni\/#primaryimage"},"thumbnailUrl":"https:\/\/www.marocchallenge.com\/wp-content\/uploads\/2020\/05\/Maroc-Challenge-Spring-Winter-2020.jpg","articleSection":["Noticias"],"inLanguage":"it-IT"},{"@type":"WebPage","@id":"https:\/\/www.marocchallenge.com\/it\/25-maggio-apriamo-le-iscrizioni\/","url":"https:\/\/www.marocchallenge.com\/it\/25-maggio-apriamo-le-iscrizioni\/","name":"25 MAGGIO, APRIAMO LE ISCRIZIONI! - Maroc Challenge","isPartOf":{"@id":"https:\/\/www.marocchallenge.com\/it\/#website"},"primaryImageOfPage":{"@id":"https:\/\/www.marocchallenge.com\/it\/25-maggio-apriamo-le-iscrizioni\/#primaryimage"},"image":{"@id":"https:\/\/www.marocchallenge.com\/it\/25-maggio-apriamo-le-iscrizioni\/#primaryimage"},"thumbnailUrl":"https:\/\/www.marocchallenge.com\/wp-content\/uploads\/2020\/05\/Maroc-Challenge-Spring-Winter-2020.jpg","datePublished":"2020-05-10T11:02:45+00:00","dateModified":"2020-05-10T11:51:19+00:00","description":"Stiamo superando la pandemia del Covid-19 e, sperando che le cose si normalizzino durante le prossime settimane, abbiamo deciso di aprire...","breadcrumb":{"@id":"https:\/\/www.marocchallenge.com\/it\/25-maggio-apriamo-le-iscrizioni\/#breadcrumb"},"inLanguage":"it-IT","potentialAction":[{"@type":"ReadAction","target":["https:\/\/www.marocchallenge.com\/it\/25-maggio-apriamo-le-iscrizioni\/"]}]},{"@type":"ImageObject","inLanguage":"it-IT","@id":"https:\/\/www.marocchallenge.com\/it\/25-maggio-apriamo-le-iscrizioni\/#primaryimage","url":"https:\/\/www.marocchallenge.com\/wp-content\/uploads\/2020\/05\/Maroc-Challenge-Spring-Winter-2020.jpg","contentUrl":"https:\/\/www.marocchallenge.com\/wp-content\/uploads\/2020\/05\/Maroc-Challenge-Spring-Winter-2020.jpg","width":1200,"height":675},{"@type":"BreadcrumbList","@id":"https:\/\/www.marocchallenge.com\/it\/25-maggio-apriamo-le-iscrizioni\/#breadcrumb","itemListElement":[{"@type":"ListItem","position":1,"name":"Portada","item":"https:\/\/www.marocchallenge.com\/it\/"},{"@type":"ListItem","position":2,"name":"25 MAGGIO, APRIAMO LE ISCRIZIONI!"}]},{"@type":"WebSite","@id":"https:\/\/www.marocchallenge.com\/it\/#website","url":"https:\/\/www.marocchallenge.com\/it\/","name":"Maroc Challenge","description":"La Dakar degli anni 70 pergli avventurosi di oggi","publisher":{"@id":"https:\/\/www.marocchallenge.com\/it\/#organization"},"potentialAction":[{"@type":"SearchAction","target":{"@type":"EntryPoint","urlTemplate":"https:\/\/www.marocchallenge.com\/it\/?s={search_term_string}"},"query-input":{"@type":"PropertyValueSpecification","valueRequired":true,"valueName":"search_term_string"}}],"inLanguage":"it-IT"},{"@type":"Organization","@id":"https:\/\/www.marocchallenge.com\/it\/#organization","name":"Maroc Challenge - El Dakar de los 70's para los aventureros de hoy","url":"https:\/\/www.marocchallenge.com\/it\/","logo":{"@type":"ImageObject","inLanguage":"it-IT","@id":"https:\/\/www.marocchallenge.com\/it\/#\/schema\/logo\/image\/","url":"https:\/\/www.marocchallenge.com\/wp-content\/uploads\/2020\/03\/Logo-Maroc_Challenge.png","contentUrl":"https:\/\/www.marocchallenge.com\/wp-content\/uploads\/2020\/03\/Logo-Maroc_Challenge.png","width":170,"height":96,"caption":"Maroc Challenge - El Dakar de los 70's para los aventureros de hoy"},"image":{"@id":"https:\/\/www.marocchallenge.com\/it\/#\/schema\/logo\/image\/"},"sameAs":["https:\/\/www.facebook.com\/MarocChallenge\/","https:\/\/x.com\/marochallenge","https:\/\/www.instagram.com\/marocchallenge\/","https:\/\/www.linkedin.com\/company\/maroc-challenge","https:\/\/www.youtube.com\/user\/MarocChallenge"]},{"@type":"Person","@id":"https:\/\/www.marocchallenge.com\/it\/#\/schema\/person\/298a597a188b0019416217b2301b9e10","name":"Rui Caba\u00e7o","image":{"@type":"ImageObject","inLanguage":"it-IT","@id":"https:\/\/secure.gravatar.com\/avatar\/7ac3f434351cbd7875a5f064f6695a52ab4f6ffeb48c6bffb908c8e6f0e3bf73?s=96&d=mm&r=g","url":"https:\/\/secure.gravatar.com\/avatar\/7ac3f434351cbd7875a5f064f6695a52ab4f6ffeb48c6bffb908c8e6f0e3bf73?s=96&d=mm&r=g","contentUrl":"https:\/\/secure.gravatar.com\/avatar\/7ac3f434351cbd7875a5f064f6695a52ab4f6ffeb48c6bffb908c8e6f0e3bf73?s=96&d=mm&r=g","caption":"Rui Caba\u00e7o"}}]}},"_links":{"self":[{"href":"https:\/\/www.marocchallenge.com\/it\/wp-json\/wp\/v2\/posts\/15286","targetHints":{"allow":["GET"]}}],"collection":[{"href":"https:\/\/www.marocchallenge.com\/it\/wp-json\/wp\/v2\/posts"}],"about":[{"href":"https:\/\/www.marocchallenge.com\/it\/wp-json\/wp\/v2\/types\/post"}],"author":[{"embeddable":true,"href":"https:\/\/www.marocchallenge.com\/it\/wp-json\/wp\/v2\/users\/2"}],"replies":[{"embeddable":true,"href":"https:\/\/www.marocchallenge.com\/it\/wp-json\/wp\/v2\/comments?post=15286"}],"version-history":[{"count":5,"href":"https:\/\/www.marocchallenge.com\/it\/wp-json\/wp\/v2\/posts\/15286\/revisions"}],"predecessor-version":[{"id":15307,"href":"https:\/\/www.marocchallenge.com\/it\/wp-json\/wp\/v2\/posts\/15286\/revisions\/15307"}],"wp:featuredmedia":[{"embeddable":true,"href":"https:\/\/www.marocchallenge.com\/it\/wp-json\/wp\/v2\/media\/15281"}],"wp:attachment":[{"href":"https:\/\/www.marocchallenge.com\/it\/wp-json\/wp\/v2\/media?parent=15286"}],"wp:term":[{"taxonomy":"category","embeddable":true,"href":"https:\/\/www.marocchallenge.com\/it\/wp-json\/wp\/v2\/categories?post=15286"},{"taxonomy":"post_tag","embeddable":true,"href":"https:\/\/www.marocchallenge.com\/it\/wp-json\/wp\/v2\/tags?post=15286"}],"curies":[{"name":"wp","href":"https:\/\/api.w.org\/{rel}","templated":true}]}}