{"id":15438,"date":"2020-03-20T06:03:12","date_gmt":"2020-03-20T06:03:12","guid":{"rendered":"https:\/\/www.marocchallenge.com\/la-maroc-que-no-esperabamos\/"},"modified":"2020-05-20T06:30:13","modified_gmt":"2020-05-20T06:30:13","slug":"la-maroc-che-non-ci-aspettavamo","status":"publish","type":"post","link":"https:\/\/www.marocchallenge.com\/it\/la-maroc-che-non-ci-aspettavamo\/","title":{"rendered":"LA MAROC CHE NON CI ASPETTAVAMO"},"content":{"rendered":"<h2><img decoding=\"async\" class=\"alignnone wp-image-15430 size-full\" src=\"https:\/\/www.marocchallenge.com\/wp-content\/uploads\/2020\/05\/Rui-Cabaco-BriefingMan-Maroc-Challenge.jpg\" alt=\"Rui Cabaco - Briefingman Maroc Challenge\" width=\"1200\" height=\"675\" srcset=\"https:\/\/www.marocchallenge.com\/wp-content\/uploads\/2020\/05\/Rui-Cabaco-BriefingMan-Maroc-Challenge-200x113.jpg 200w, https:\/\/www.marocchallenge.com\/wp-content\/uploads\/2020\/05\/Rui-Cabaco-BriefingMan-Maroc-Challenge-300x169.jpg 300w, https:\/\/www.marocchallenge.com\/wp-content\/uploads\/2020\/05\/Rui-Cabaco-BriefingMan-Maroc-Challenge-400x225.jpg 400w, https:\/\/www.marocchallenge.com\/wp-content\/uploads\/2020\/05\/Rui-Cabaco-BriefingMan-Maroc-Challenge-600x338.jpg 600w, https:\/\/www.marocchallenge.com\/wp-content\/uploads\/2020\/05\/Rui-Cabaco-BriefingMan-Maroc-Challenge-768x432.jpg 768w, https:\/\/www.marocchallenge.com\/wp-content\/uploads\/2020\/05\/Rui-Cabaco-BriefingMan-Maroc-Challenge-800x450.jpg 800w, https:\/\/www.marocchallenge.com\/wp-content\/uploads\/2020\/05\/Rui-Cabaco-BriefingMan-Maroc-Challenge-1024x576.jpg 1024w, https:\/\/www.marocchallenge.com\/wp-content\/uploads\/2020\/05\/Rui-Cabaco-BriefingMan-Maroc-Challenge.jpg 1200w\" sizes=\"(max-width: 1200px) 100vw, 1200px\" \/><\/h2>\n<h2>Sono passate poche ore dall\u2019annuncio del rinvio della Spring Edition 2020 e come potete immaginare, non avrei mai pensato di dover prendere una decisione simile. Chi mi conosce sa che ho fatto tutto il possibile e anche di pi\u00f9 per poter mandare avanti la prova, per\u00f2 a volte nella vita ci sono circostanze che ci superano e questa, sicuramente e infelicemente, \u00e8 stata una di quelle..<\/h2>\n<p>La delusione \u00e8 grande. Per me, per la gente che fa parte dell\u2019organizzazione e che ha fatto un grande sforzo di preparazione e anche per tutti voi che eravate disposti a vivere l\u2019avventura della vostra vita. Poco pi\u00f9 di due mesi fa abbiamo sentito parlare di una specie di Coronavirus chiamata COVID-19 ed era impensabile pensare o capire che avrebbe tanto inciso sulle nostre vite. La realt\u00e0 ha superato qualsiasi aspettativa.<\/p>\n<p>La Maroc Challenge per molti di voi \u00e8 un\u2019esperienza indimenticabile e chi l\u2019ha vissuta in passato e la vivr\u00e0 in futuro sa che dall\u2019organizzazione stiamo lavorando continuamente per migliorare. Per quest\u2019edizione avevamo fatto uno sforzo notevole per le questioni logistiche che alle volte passano inosservate ma che migliorano il funzionamento globale dell\u2019evento tanto a livello di esperienza personale quanto di assistenza ai partecipanti. Mi dispiace tanto che questi sforzi restino vani, per\u00f2 vi assicuro che questa voglia di miglioramento \u00e8 ci\u00f2 che mi motiva a migliorare edizione dopo edizione.<\/p>\n<p>Abbiamo preso una bella batosta, io come voi. Siamo obbligati a rinviare una Spring nella quale avevamo messo molti sogni, per\u00f2 le circostanze ci hanno superato e non c\u2019era scelta, abbiamo seguito i consigli e le raccomandazioni delle autorit\u00e0.<\/p>\n<p>Sapete che ci abbiamo provato fino all\u2019ultimo, sperando in un\u2019evoluzione positiva della crisi, ma non \u00e8 stato cos\u00ec. Per non creare false aspettative e grandi delusioni, a tre settimane dall\u2019inizio della Spring abbiamo deciso -insisto, dopo averci pensato molto e pesato i pro e i contro- di rinviare la prova al mese di dicembre.<\/p>\n<p>So che sar\u00e0 una delusione molto grande per voi, come lo \u00e8 stata per me, per\u00f2 date le circostanze eccezionali che stiamo vivendo ora, era la cosa migliore. Adesso ci diamo l\u2019obiettivo di vederci tutti il prossimo dicembre, dal 4 al 12, un\u2019edizione che se possibile sar\u00e0 la pi\u00f9 speciale di tutte quelle disputate finora.<\/p>\n<p>Rui Cabaco &#8211; BriefingMan<\/p>\n","protected":false},"excerpt":{"rendered":"<p>Sono passate poche ore dall\u2019annuncio del rinvio della Spring Edition<\/p>\n","protected":false},"author":2,"featured_media":15433,"comment_status":"closed","ping_status":"closed","sticky":false,"template":"","format":"standard","meta":{"footnotes":""},"categories":[92],"tags":[],"class_list":["post-15438","post","type-post","status-publish","format-standard","has-post-thumbnail","hentry","category-noticias-it"],"yoast_head":"<!-- This site is optimized with the Yoast SEO plugin v27.4 - https:\/\/yoast.com\/product\/yoast-seo-wordpress\/ -->\n<title>LA MAROC CHE NON CI ASPETTAVAMO - Maroc Challenge<\/title>\n<meta name=\"description\" content=\"Sono passate poche ore dall\u2019annuncio del rinvio della Spring Edition 2020 e come potete immaginare, non avrei mai pensato di dover...\" \/>\n<meta name=\"robots\" content=\"index, follow, max-snippet:-1, max-image-preview:large, max-video-preview:-1\" \/>\n<link rel=\"canonical\" href=\"https:\/\/www.marocchallenge.com\/it\/la-maroc-che-non-ci-aspettavamo\/\" \/>\n<meta property=\"og:locale\" content=\"it_IT\" \/>\n<meta property=\"og:type\" content=\"article\" \/>\n<meta property=\"og:title\" content=\"LA MAROC CHE NON CI ASPETTAVAMO - Maroc Challenge\" \/>\n<meta property=\"og:description\" content=\"Sono passate poche ore dall\u2019annuncio del rinvio della Spring Edition 2020 e come potete immaginare, non avrei mai pensato di dover prendere una decisione simile.\" \/>\n<meta property=\"og:url\" content=\"https:\/\/www.marocchallenge.com\/it\/la-maroc-che-non-ci-aspettavamo\/\" \/>\n<meta property=\"og:site_name\" content=\"Maroc Challenge\" \/>\n<meta property=\"article:publisher\" content=\"https:\/\/www.facebook.com\/MarocChallenge\/\" \/>\n<meta property=\"article:published_time\" content=\"2020-03-20T06:03:12+00:00\" \/>\n<meta property=\"article:modified_time\" content=\"2020-05-20T06:30:13+00:00\" \/>\n<meta property=\"og:image\" content=\"https:\/\/www.marocchallenge.com\/wp-content\/uploads\/2020\/05\/Rui-Cabaco-BriefingMan-Maroc-Challenge.jpg\" \/>\n\t<meta property=\"og:image:width\" content=\"1200\" \/>\n\t<meta property=\"og:image:height\" content=\"675\" \/>\n\t<meta property=\"og:image:type\" content=\"image\/jpeg\" \/>\n<meta name=\"author\" content=\"Rui Caba\u00e7o\" \/>\n<meta name=\"twitter:card\" content=\"summary_large_image\" \/>\n<meta name=\"twitter:creator\" content=\"@marochallenge\" \/>\n<meta name=\"twitter:site\" content=\"@marochallenge\" \/>\n<meta name=\"twitter:label1\" content=\"Scritto da\" \/>\n\t<meta name=\"twitter:data1\" content=\"Rui Caba\u00e7o\" \/>\n\t<meta name=\"twitter:label2\" content=\"Tempo di lettura stimato\" \/>\n\t<meta name=\"twitter:data2\" content=\"2 minuti\" \/>\n<script type=\"application\/ld+json\" class=\"yoast-schema-graph\">{\"@context\":\"https:\\\/\\\/schema.org\",\"@graph\":[{\"@type\":\"Article\",\"@id\":\"https:\\\/\\\/www.marocchallenge.com\\\/it\\\/la-maroc-che-non-ci-aspettavamo\\\/#article\",\"isPartOf\":{\"@id\":\"https:\\\/\\\/www.marocchallenge.com\\\/it\\\/la-maroc-che-non-ci-aspettavamo\\\/\"},\"author\":{\"name\":\"Rui Caba\u00e7o\",\"@id\":\"https:\\\/\\\/www.marocchallenge.com\\\/it\\\/#\\\/schema\\\/person\\\/298a597a188b0019416217b2301b9e10\"},\"headline\":\"LA MAROC CHE NON CI ASPETTAVAMO\",\"datePublished\":\"2020-03-20T06:03:12+00:00\",\"dateModified\":\"2020-05-20T06:30:13+00:00\",\"mainEntityOfPage\":{\"@id\":\"https:\\\/\\\/www.marocchallenge.com\\\/it\\\/la-maroc-che-non-ci-aspettavamo\\\/\"},\"wordCount\":389,\"publisher\":{\"@id\":\"https:\\\/\\\/www.marocchallenge.com\\\/it\\\/#organization\"},\"image\":{\"@id\":\"https:\\\/\\\/www.marocchallenge.com\\\/it\\\/la-maroc-che-non-ci-aspettavamo\\\/#primaryimage\"},\"thumbnailUrl\":\"https:\\\/\\\/www.marocchallenge.com\\\/wp-content\\\/uploads\\\/2020\\\/05\\\/Rui-Cabaco-BriefingMan-Maroc-Challenge.jpg\",\"articleSection\":[\"Noticias\"],\"inLanguage\":\"it-IT\"},{\"@type\":\"WebPage\",\"@id\":\"https:\\\/\\\/www.marocchallenge.com\\\/it\\\/la-maroc-che-non-ci-aspettavamo\\\/\",\"url\":\"https:\\\/\\\/www.marocchallenge.com\\\/it\\\/la-maroc-che-non-ci-aspettavamo\\\/\",\"name\":\"LA MAROC CHE NON CI ASPETTAVAMO - Maroc Challenge\",\"isPartOf\":{\"@id\":\"https:\\\/\\\/www.marocchallenge.com\\\/it\\\/#website\"},\"primaryImageOfPage\":{\"@id\":\"https:\\\/\\\/www.marocchallenge.com\\\/it\\\/la-maroc-che-non-ci-aspettavamo\\\/#primaryimage\"},\"image\":{\"@id\":\"https:\\\/\\\/www.marocchallenge.com\\\/it\\\/la-maroc-che-non-ci-aspettavamo\\\/#primaryimage\"},\"thumbnailUrl\":\"https:\\\/\\\/www.marocchallenge.com\\\/wp-content\\\/uploads\\\/2020\\\/05\\\/Rui-Cabaco-BriefingMan-Maroc-Challenge.jpg\",\"datePublished\":\"2020-03-20T06:03:12+00:00\",\"dateModified\":\"2020-05-20T06:30:13+00:00\",\"description\":\"Sono passate poche ore dall\u2019annuncio del rinvio della Spring Edition 2020 e come potete immaginare, non avrei mai pensato di dover...\",\"breadcrumb\":{\"@id\":\"https:\\\/\\\/www.marocchallenge.com\\\/it\\\/la-maroc-che-non-ci-aspettavamo\\\/#breadcrumb\"},\"inLanguage\":\"it-IT\",\"potentialAction\":[{\"@type\":\"ReadAction\",\"target\":[\"https:\\\/\\\/www.marocchallenge.com\\\/it\\\/la-maroc-che-non-ci-aspettavamo\\\/\"]}]},{\"@type\":\"ImageObject\",\"inLanguage\":\"it-IT\",\"@id\":\"https:\\\/\\\/www.marocchallenge.com\\\/it\\\/la-maroc-che-non-ci-aspettavamo\\\/#primaryimage\",\"url\":\"https:\\\/\\\/www.marocchallenge.com\\\/wp-content\\\/uploads\\\/2020\\\/05\\\/Rui-Cabaco-BriefingMan-Maroc-Challenge.jpg\",\"contentUrl\":\"https:\\\/\\\/www.marocchallenge.com\\\/wp-content\\\/uploads\\\/2020\\\/05\\\/Rui-Cabaco-BriefingMan-Maroc-Challenge.jpg\",\"width\":1200,\"height\":675},{\"@type\":\"BreadcrumbList\",\"@id\":\"https:\\\/\\\/www.marocchallenge.com\\\/it\\\/la-maroc-che-non-ci-aspettavamo\\\/#breadcrumb\",\"itemListElement\":[{\"@type\":\"ListItem\",\"position\":1,\"name\":\"Portada\",\"item\":\"https:\\\/\\\/www.marocchallenge.com\\\/it\\\/\"},{\"@type\":\"ListItem\",\"position\":2,\"name\":\"LA MAROC CHE NON CI ASPETTAVAMO\"}]},{\"@type\":\"WebSite\",\"@id\":\"https:\\\/\\\/www.marocchallenge.com\\\/it\\\/#website\",\"url\":\"https:\\\/\\\/www.marocchallenge.com\\\/it\\\/\",\"name\":\"Maroc Challenge\",\"description\":\"La Dakar degli anni 70 pergli avventurosi di oggi\",\"publisher\":{\"@id\":\"https:\\\/\\\/www.marocchallenge.com\\\/it\\\/#organization\"},\"potentialAction\":[{\"@type\":\"SearchAction\",\"target\":{\"@type\":\"EntryPoint\",\"urlTemplate\":\"https:\\\/\\\/www.marocchallenge.com\\\/it\\\/?s={search_term_string}\"},\"query-input\":{\"@type\":\"PropertyValueSpecification\",\"valueRequired\":true,\"valueName\":\"search_term_string\"}}],\"inLanguage\":\"it-IT\"},{\"@type\":\"Organization\",\"@id\":\"https:\\\/\\\/www.marocchallenge.com\\\/it\\\/#organization\",\"name\":\"Maroc Challenge - El Dakar de los 70's para los aventureros de hoy\",\"url\":\"https:\\\/\\\/www.marocchallenge.com\\\/it\\\/\",\"logo\":{\"@type\":\"ImageObject\",\"inLanguage\":\"it-IT\",\"@id\":\"https:\\\/\\\/www.marocchallenge.com\\\/it\\\/#\\\/schema\\\/logo\\\/image\\\/\",\"url\":\"https:\\\/\\\/www.marocchallenge.com\\\/wp-content\\\/uploads\\\/2020\\\/03\\\/Logo-Maroc_Challenge.png\",\"contentUrl\":\"https:\\\/\\\/www.marocchallenge.com\\\/wp-content\\\/uploads\\\/2020\\\/03\\\/Logo-Maroc_Challenge.png\",\"width\":170,\"height\":96,\"caption\":\"Maroc Challenge - El Dakar de los 70's para los aventureros de hoy\"},\"image\":{\"@id\":\"https:\\\/\\\/www.marocchallenge.com\\\/it\\\/#\\\/schema\\\/logo\\\/image\\\/\"},\"sameAs\":[\"https:\\\/\\\/www.facebook.com\\\/MarocChallenge\\\/\",\"https:\\\/\\\/x.com\\\/marochallenge\",\"https:\\\/\\\/www.instagram.com\\\/marocchallenge\\\/\",\"https:\\\/\\\/www.linkedin.com\\\/company\\\/maroc-challenge\",\"https:\\\/\\\/www.youtube.com\\\/user\\\/MarocChallenge\"]},{\"@type\":\"Person\",\"@id\":\"https:\\\/\\\/www.marocchallenge.com\\\/it\\\/#\\\/schema\\\/person\\\/298a597a188b0019416217b2301b9e10\",\"name\":\"Rui Caba\u00e7o\",\"image\":{\"@type\":\"ImageObject\",\"inLanguage\":\"it-IT\",\"@id\":\"https:\\\/\\\/secure.gravatar.com\\\/avatar\\\/7ac3f434351cbd7875a5f064f6695a52ab4f6ffeb48c6bffb908c8e6f0e3bf73?s=96&d=mm&r=g\",\"url\":\"https:\\\/\\\/secure.gravatar.com\\\/avatar\\\/7ac3f434351cbd7875a5f064f6695a52ab4f6ffeb48c6bffb908c8e6f0e3bf73?s=96&d=mm&r=g\",\"contentUrl\":\"https:\\\/\\\/secure.gravatar.com\\\/avatar\\\/7ac3f434351cbd7875a5f064f6695a52ab4f6ffeb48c6bffb908c8e6f0e3bf73?s=96&d=mm&r=g\",\"caption\":\"Rui Caba\u00e7o\"}}]}<\/script>\n<!-- \/ Yoast SEO plugin. -->","yoast_head_json":{"title":"LA MAROC CHE NON CI ASPETTAVAMO - Maroc Challenge","description":"Sono passate poche ore dall\u2019annuncio del rinvio della Spring Edition 2020 e come potete immaginare, non avrei mai pensato di dover...","robots":{"index":"index","follow":"follow","max-snippet":"max-snippet:-1","max-image-preview":"max-image-preview:large","max-video-preview":"max-video-preview:-1"},"canonical":"https:\/\/www.marocchallenge.com\/it\/la-maroc-che-non-ci-aspettavamo\/","og_locale":"it_IT","og_type":"article","og_title":"LA MAROC CHE NON CI ASPETTAVAMO - Maroc Challenge","og_description":"Sono passate poche ore dall\u2019annuncio del rinvio della Spring Edition 2020 e come potete immaginare, non avrei mai pensato di dover prendere una decisione simile.","og_url":"https:\/\/www.marocchallenge.com\/it\/la-maroc-che-non-ci-aspettavamo\/","og_site_name":"Maroc Challenge","article_publisher":"https:\/\/www.facebook.com\/MarocChallenge\/","article_published_time":"2020-03-20T06:03:12+00:00","article_modified_time":"2020-05-20T06:30:13+00:00","og_image":[{"width":1200,"height":675,"url":"https:\/\/www.marocchallenge.com\/wp-content\/uploads\/2020\/05\/Rui-Cabaco-BriefingMan-Maroc-Challenge.jpg","type":"image\/jpeg"}],"author":"Rui Caba\u00e7o","twitter_card":"summary_large_image","twitter_creator":"@marochallenge","twitter_site":"@marochallenge","twitter_misc":{"Scritto da":"Rui Caba\u00e7o","Tempo di lettura stimato":"2 minuti"},"schema":{"@context":"https:\/\/schema.org","@graph":[{"@type":"Article","@id":"https:\/\/www.marocchallenge.com\/it\/la-maroc-che-non-ci-aspettavamo\/#article","isPartOf":{"@id":"https:\/\/www.marocchallenge.com\/it\/la-maroc-che-non-ci-aspettavamo\/"},"author":{"name":"Rui Caba\u00e7o","@id":"https:\/\/www.marocchallenge.com\/it\/#\/schema\/person\/298a597a188b0019416217b2301b9e10"},"headline":"LA MAROC CHE NON CI ASPETTAVAMO","datePublished":"2020-03-20T06:03:12+00:00","dateModified":"2020-05-20T06:30:13+00:00","mainEntityOfPage":{"@id":"https:\/\/www.marocchallenge.com\/it\/la-maroc-che-non-ci-aspettavamo\/"},"wordCount":389,"publisher":{"@id":"https:\/\/www.marocchallenge.com\/it\/#organization"},"image":{"@id":"https:\/\/www.marocchallenge.com\/it\/la-maroc-che-non-ci-aspettavamo\/#primaryimage"},"thumbnailUrl":"https:\/\/www.marocchallenge.com\/wp-content\/uploads\/2020\/05\/Rui-Cabaco-BriefingMan-Maroc-Challenge.jpg","articleSection":["Noticias"],"inLanguage":"it-IT"},{"@type":"WebPage","@id":"https:\/\/www.marocchallenge.com\/it\/la-maroc-che-non-ci-aspettavamo\/","url":"https:\/\/www.marocchallenge.com\/it\/la-maroc-che-non-ci-aspettavamo\/","name":"LA MAROC CHE NON CI ASPETTAVAMO - Maroc Challenge","isPartOf":{"@id":"https:\/\/www.marocchallenge.com\/it\/#website"},"primaryImageOfPage":{"@id":"https:\/\/www.marocchallenge.com\/it\/la-maroc-che-non-ci-aspettavamo\/#primaryimage"},"image":{"@id":"https:\/\/www.marocchallenge.com\/it\/la-maroc-che-non-ci-aspettavamo\/#primaryimage"},"thumbnailUrl":"https:\/\/www.marocchallenge.com\/wp-content\/uploads\/2020\/05\/Rui-Cabaco-BriefingMan-Maroc-Challenge.jpg","datePublished":"2020-03-20T06:03:12+00:00","dateModified":"2020-05-20T06:30:13+00:00","description":"Sono passate poche ore dall\u2019annuncio del rinvio della Spring Edition 2020 e come potete immaginare, non avrei mai pensato di dover...","breadcrumb":{"@id":"https:\/\/www.marocchallenge.com\/it\/la-maroc-che-non-ci-aspettavamo\/#breadcrumb"},"inLanguage":"it-IT","potentialAction":[{"@type":"ReadAction","target":["https:\/\/www.marocchallenge.com\/it\/la-maroc-che-non-ci-aspettavamo\/"]}]},{"@type":"ImageObject","inLanguage":"it-IT","@id":"https:\/\/www.marocchallenge.com\/it\/la-maroc-che-non-ci-aspettavamo\/#primaryimage","url":"https:\/\/www.marocchallenge.com\/wp-content\/uploads\/2020\/05\/Rui-Cabaco-BriefingMan-Maroc-Challenge.jpg","contentUrl":"https:\/\/www.marocchallenge.com\/wp-content\/uploads\/2020\/05\/Rui-Cabaco-BriefingMan-Maroc-Challenge.jpg","width":1200,"height":675},{"@type":"BreadcrumbList","@id":"https:\/\/www.marocchallenge.com\/it\/la-maroc-che-non-ci-aspettavamo\/#breadcrumb","itemListElement":[{"@type":"ListItem","position":1,"name":"Portada","item":"https:\/\/www.marocchallenge.com\/it\/"},{"@type":"ListItem","position":2,"name":"LA MAROC CHE NON CI ASPETTAVAMO"}]},{"@type":"WebSite","@id":"https:\/\/www.marocchallenge.com\/it\/#website","url":"https:\/\/www.marocchallenge.com\/it\/","name":"Maroc Challenge","description":"La Dakar degli anni 70 pergli avventurosi di oggi","publisher":{"@id":"https:\/\/www.marocchallenge.com\/it\/#organization"},"potentialAction":[{"@type":"SearchAction","target":{"@type":"EntryPoint","urlTemplate":"https:\/\/www.marocchallenge.com\/it\/?s={search_term_string}"},"query-input":{"@type":"PropertyValueSpecification","valueRequired":true,"valueName":"search_term_string"}}],"inLanguage":"it-IT"},{"@type":"Organization","@id":"https:\/\/www.marocchallenge.com\/it\/#organization","name":"Maroc Challenge - El Dakar de los 70's para los aventureros de hoy","url":"https:\/\/www.marocchallenge.com\/it\/","logo":{"@type":"ImageObject","inLanguage":"it-IT","@id":"https:\/\/www.marocchallenge.com\/it\/#\/schema\/logo\/image\/","url":"https:\/\/www.marocchallenge.com\/wp-content\/uploads\/2020\/03\/Logo-Maroc_Challenge.png","contentUrl":"https:\/\/www.marocchallenge.com\/wp-content\/uploads\/2020\/03\/Logo-Maroc_Challenge.png","width":170,"height":96,"caption":"Maroc Challenge - El Dakar de los 70's para los aventureros de hoy"},"image":{"@id":"https:\/\/www.marocchallenge.com\/it\/#\/schema\/logo\/image\/"},"sameAs":["https:\/\/www.facebook.com\/MarocChallenge\/","https:\/\/x.com\/marochallenge","https:\/\/www.instagram.com\/marocchallenge\/","https:\/\/www.linkedin.com\/company\/maroc-challenge","https:\/\/www.youtube.com\/user\/MarocChallenge"]},{"@type":"Person","@id":"https:\/\/www.marocchallenge.com\/it\/#\/schema\/person\/298a597a188b0019416217b2301b9e10","name":"Rui Caba\u00e7o","image":{"@type":"ImageObject","inLanguage":"it-IT","@id":"https:\/\/secure.gravatar.com\/avatar\/7ac3f434351cbd7875a5f064f6695a52ab4f6ffeb48c6bffb908c8e6f0e3bf73?s=96&d=mm&r=g","url":"https:\/\/secure.gravatar.com\/avatar\/7ac3f434351cbd7875a5f064f6695a52ab4f6ffeb48c6bffb908c8e6f0e3bf73?s=96&d=mm&r=g","contentUrl":"https:\/\/secure.gravatar.com\/avatar\/7ac3f434351cbd7875a5f064f6695a52ab4f6ffeb48c6bffb908c8e6f0e3bf73?s=96&d=mm&r=g","caption":"Rui Caba\u00e7o"}}]}},"_links":{"self":[{"href":"https:\/\/www.marocchallenge.com\/it\/wp-json\/wp\/v2\/posts\/15438","targetHints":{"allow":["GET"]}}],"collection":[{"href":"https:\/\/www.marocchallenge.com\/it\/wp-json\/wp\/v2\/posts"}],"about":[{"href":"https:\/\/www.marocchallenge.com\/it\/wp-json\/wp\/v2\/types\/post"}],"author":[{"embeddable":true,"href":"https:\/\/www.marocchallenge.com\/it\/wp-json\/wp\/v2\/users\/2"}],"replies":[{"embeddable":true,"href":"https:\/\/www.marocchallenge.com\/it\/wp-json\/wp\/v2\/comments?post=15438"}],"version-history":[{"count":2,"href":"https:\/\/www.marocchallenge.com\/it\/wp-json\/wp\/v2\/posts\/15438\/revisions"}],"predecessor-version":[{"id":15446,"href":"https:\/\/www.marocchallenge.com\/it\/wp-json\/wp\/v2\/posts\/15438\/revisions\/15446"}],"wp:featuredmedia":[{"embeddable":true,"href":"https:\/\/www.marocchallenge.com\/it\/wp-json\/wp\/v2\/media\/15433"}],"wp:attachment":[{"href":"https:\/\/www.marocchallenge.com\/it\/wp-json\/wp\/v2\/media?parent=15438"}],"wp:term":[{"taxonomy":"category","embeddable":true,"href":"https:\/\/www.marocchallenge.com\/it\/wp-json\/wp\/v2\/categories?post=15438"},{"taxonomy":"post_tag","embeddable":true,"href":"https:\/\/www.marocchallenge.com\/it\/wp-json\/wp\/v2\/tags?post=15438"}],"curies":[{"name":"wp","href":"https:\/\/api.w.org\/{rel}","templated":true}]}}