{"id":15643,"date":"2020-06-03T15:01:43","date_gmt":"2020-06-03T15:01:43","guid":{"rendered":"https:\/\/www.marocchallenge.com\/el-mejor-arranque\/"},"modified":"2020-06-03T15:34:31","modified_gmt":"2020-06-03T15:34:31","slug":"un-ottimo-inizio","status":"publish","type":"post","link":"https:\/\/www.marocchallenge.com\/it\/un-ottimo-inizio\/","title":{"rendered":"UN OTTIMO INIZIO!"},"content":{"rendered":"<h2><img decoding=\"async\" class=\"alignnone wp-image-15635 size-full\" src=\"https:\/\/www.marocchallenge.com\/wp-content\/uploads\/2020\/06\/news.jpg\" alt=\"Penafiel Racing Fest - Maroc Challenge\" width=\"1200\" height=\"675\" srcset=\"https:\/\/www.marocchallenge.com\/wp-content\/uploads\/2020\/06\/news-200x113.jpg 200w, https:\/\/www.marocchallenge.com\/wp-content\/uploads\/2020\/06\/news-300x169.jpg 300w, https:\/\/www.marocchallenge.com\/wp-content\/uploads\/2020\/06\/news-400x225.jpg 400w, https:\/\/www.marocchallenge.com\/wp-content\/uploads\/2020\/06\/news-600x338.jpg 600w, https:\/\/www.marocchallenge.com\/wp-content\/uploads\/2020\/06\/news-768x432.jpg 768w, https:\/\/www.marocchallenge.com\/wp-content\/uploads\/2020\/06\/news-800x450.jpg 800w, https:\/\/www.marocchallenge.com\/wp-content\/uploads\/2020\/06\/news-1024x576.jpg 1024w, https:\/\/www.marocchallenge.com\/wp-content\/uploads\/2020\/06\/news.jpg 1200w\" sizes=\"(max-width: 1200px) 100vw, 1200px\" \/><\/h2>\n<h2>Abbiamo superato ogni aspettativa e in una settimana abbiamo gi\u00e0 raggiunto la cifra di 134 iscritti per la Spring\/Winter Maroc Challenge, che si svolger\u00e0 dal 4 al 12 dicembre 2020.<\/h2>\n<p>Non potevamo cominciare meglio. Abbiamo aperto le iscrizioni lo scorso 25 aprile e il 1 giugno avevamo gi\u00e0 raggiunto i 134 iscritti, di cui un 40% circa vengono da fuori dalla Spagna. \u00c8 la prova che tutti noi abbiamo tanta voglia di tornare alla normalit\u00e0 e riprendere attivit\u00e0 che ci permettano di sentirci liberi e goderci l\u2019avventura.<\/p>\n<p>Una delle chiavi del successo di queste iscrizioni \u00e8 la partecipazione di coloro che erano iscritti alla Spring Edition e che ora non vogliono perdersi questa Spring\/winter molto speciale.<\/p>\n<p>Rui Caba\u00e7o, briefingman della Maroc Challenge, fa un bilancio molto positivo della situazione. <em>\u201cDopo la delusione che ha significato dover rimandare la Spring, per la quale contavamo su un\u2019eccellente partecipazione, poco a poco torniamo alla normalit\u00e0. Abbiamo posposto l\u2019inizio delle iscrizioni di circa un mese per aprirle una volta vista un po\u2019 di luce in fondo al tunnel, logicamente c\u2019era molta incertezza.\u00a0 Sapevamo che c\u2019erano partecipanti della Spring che si sarebbero iscritti subito e che c\u2019era gente nuova che voleva scoprire la gara, per\u00f2 il fatto che in un giorno abbiamo raggiunto quasi i 100 iscritti \u00e8 stata una bella sorpresa. Questo, cari amici, ci d\u00e0 senza dubbio pi\u00f9 forza ed entusiasmo per disegnare un\u2019edizione che dovr\u00e0 essere speciale e indimenticabile.\u201d<\/em><\/p>\n<p>D\u2019altra parte, alla nostra pagina web potete consultare tutti i dettagli riguardanti le iscrizioni e i periodi stabiliti per godere delle tariffe pi\u00f9 economiche, per partecipare ad un\u2019edizione che si disputer\u00e0 dal 4 al 12 dicembre 2020.<\/p>\n","protected":false},"excerpt":{"rendered":"<p>Abbiamo superato ogni aspettativa e in una settimana abbiamo gi\u00e0<\/p>\n","protected":false},"author":2,"featured_media":15638,"comment_status":"closed","ping_status":"closed","sticky":false,"template":"","format":"standard","meta":{"footnotes":""},"categories":[4],"tags":[],"class_list":["post-15643","post","type-post","status-publish","format-standard","has-post-thumbnail","hentry","category-non-categorizzato"],"yoast_head":"<!-- This site is optimized with the Yoast SEO plugin v27.4 - https:\/\/yoast.com\/product\/yoast-seo-wordpress\/ -->\n<title>UN OTTIMO INIZIO! - Maroc Challenge<\/title>\n<meta name=\"description\" content=\"Abbiamo superato ogni aspettativa e in una settimana abbiamo gi\u00e0 raggiunto la cifra di 134 iscritti per la Spring\/Winter Maroc Challenge,\" \/>\n<meta name=\"robots\" content=\"index, follow, max-snippet:-1, max-image-preview:large, max-video-preview:-1\" \/>\n<link rel=\"canonical\" href=\"https:\/\/www.marocchallenge.com\/it\/un-ottimo-inizio\/\" \/>\n<meta property=\"og:locale\" content=\"it_IT\" \/>\n<meta property=\"og:type\" content=\"article\" \/>\n<meta property=\"og:title\" content=\"UN OTTIMO INIZIO! - Maroc Challenge\" \/>\n<meta property=\"og:description\" content=\"Abbiamo superato ogni aspettativa e in una settimana abbiamo gi\u00e0 raggiunto la cifra di 134 iscritti per la Spring\/Winter Maroc Challenge, che si svolger\u00e0 dal 4 al 12 dicembre 2020.\" \/>\n<meta property=\"og:url\" content=\"https:\/\/www.marocchallenge.com\/it\/un-ottimo-inizio\/\" \/>\n<meta property=\"og:site_name\" content=\"Maroc Challenge\" \/>\n<meta property=\"article:publisher\" content=\"https:\/\/www.facebook.com\/MarocChallenge\/\" \/>\n<meta property=\"article:published_time\" content=\"2020-06-03T15:01:43+00:00\" \/>\n<meta property=\"article:modified_time\" content=\"2020-06-03T15:34:31+00:00\" \/>\n<meta property=\"og:image\" content=\"https:\/\/www.marocchallenge.com\/wp-content\/uploads\/2020\/06\/news.jpg\" \/>\n\t<meta property=\"og:image:width\" content=\"1200\" \/>\n\t<meta property=\"og:image:height\" content=\"675\" \/>\n\t<meta property=\"og:image:type\" content=\"image\/jpeg\" \/>\n<meta name=\"author\" content=\"Rui Caba\u00e7o\" \/>\n<meta name=\"twitter:card\" content=\"summary_large_image\" \/>\n<meta name=\"twitter:creator\" content=\"@marochallenge\" \/>\n<meta name=\"twitter:site\" content=\"@marochallenge\" \/>\n<meta name=\"twitter:label1\" content=\"Scritto da\" \/>\n\t<meta name=\"twitter:data1\" content=\"Rui Caba\u00e7o\" \/>\n\t<meta name=\"twitter:label2\" content=\"Tempo di lettura stimato\" \/>\n\t<meta name=\"twitter:data2\" content=\"1 minuto\" \/>\n<script type=\"application\/ld+json\" class=\"yoast-schema-graph\">{\"@context\":\"https:\\\/\\\/schema.org\",\"@graph\":[{\"@type\":\"Article\",\"@id\":\"https:\\\/\\\/www.marocchallenge.com\\\/it\\\/un-ottimo-inizio\\\/#article\",\"isPartOf\":{\"@id\":\"https:\\\/\\\/www.marocchallenge.com\\\/it\\\/un-ottimo-inizio\\\/\"},\"author\":{\"name\":\"Rui Caba\u00e7o\",\"@id\":\"https:\\\/\\\/www.marocchallenge.com\\\/it\\\/#\\\/schema\\\/person\\\/298a597a188b0019416217b2301b9e10\"},\"headline\":\"UN OTTIMO INIZIO!\",\"datePublished\":\"2020-06-03T15:01:43+00:00\",\"dateModified\":\"2020-06-03T15:34:31+00:00\",\"mainEntityOfPage\":{\"@id\":\"https:\\\/\\\/www.marocchallenge.com\\\/it\\\/un-ottimo-inizio\\\/\"},\"wordCount\":274,\"publisher\":{\"@id\":\"https:\\\/\\\/www.marocchallenge.com\\\/it\\\/#organization\"},\"image\":{\"@id\":\"https:\\\/\\\/www.marocchallenge.com\\\/it\\\/un-ottimo-inizio\\\/#primaryimage\"},\"thumbnailUrl\":\"https:\\\/\\\/www.marocchallenge.com\\\/wp-content\\\/uploads\\\/2020\\\/06\\\/news.jpg\",\"articleSection\":[\"Non categorizzato\"],\"inLanguage\":\"it-IT\"},{\"@type\":\"WebPage\",\"@id\":\"https:\\\/\\\/www.marocchallenge.com\\\/it\\\/un-ottimo-inizio\\\/\",\"url\":\"https:\\\/\\\/www.marocchallenge.com\\\/it\\\/un-ottimo-inizio\\\/\",\"name\":\"UN OTTIMO INIZIO! - Maroc Challenge\",\"isPartOf\":{\"@id\":\"https:\\\/\\\/www.marocchallenge.com\\\/it\\\/#website\"},\"primaryImageOfPage\":{\"@id\":\"https:\\\/\\\/www.marocchallenge.com\\\/it\\\/un-ottimo-inizio\\\/#primaryimage\"},\"image\":{\"@id\":\"https:\\\/\\\/www.marocchallenge.com\\\/it\\\/un-ottimo-inizio\\\/#primaryimage\"},\"thumbnailUrl\":\"https:\\\/\\\/www.marocchallenge.com\\\/wp-content\\\/uploads\\\/2020\\\/06\\\/news.jpg\",\"datePublished\":\"2020-06-03T15:01:43+00:00\",\"dateModified\":\"2020-06-03T15:34:31+00:00\",\"description\":\"Abbiamo superato ogni aspettativa e in una settimana abbiamo gi\u00e0 raggiunto la cifra di 134 iscritti per la Spring\\\/Winter Maroc Challenge,\",\"breadcrumb\":{\"@id\":\"https:\\\/\\\/www.marocchallenge.com\\\/it\\\/un-ottimo-inizio\\\/#breadcrumb\"},\"inLanguage\":\"it-IT\",\"potentialAction\":[{\"@type\":\"ReadAction\",\"target\":[\"https:\\\/\\\/www.marocchallenge.com\\\/it\\\/un-ottimo-inizio\\\/\"]}]},{\"@type\":\"ImageObject\",\"inLanguage\":\"it-IT\",\"@id\":\"https:\\\/\\\/www.marocchallenge.com\\\/it\\\/un-ottimo-inizio\\\/#primaryimage\",\"url\":\"https:\\\/\\\/www.marocchallenge.com\\\/wp-content\\\/uploads\\\/2020\\\/06\\\/news.jpg\",\"contentUrl\":\"https:\\\/\\\/www.marocchallenge.com\\\/wp-content\\\/uploads\\\/2020\\\/06\\\/news.jpg\",\"width\":1200,\"height\":675,\"caption\":\"Penafiel Racing Fest - Maroc Challenge\"},{\"@type\":\"BreadcrumbList\",\"@id\":\"https:\\\/\\\/www.marocchallenge.com\\\/it\\\/un-ottimo-inizio\\\/#breadcrumb\",\"itemListElement\":[{\"@type\":\"ListItem\",\"position\":1,\"name\":\"Portada\",\"item\":\"https:\\\/\\\/www.marocchallenge.com\\\/it\\\/\"},{\"@type\":\"ListItem\",\"position\":2,\"name\":\"UN OTTIMO INIZIO!\"}]},{\"@type\":\"WebSite\",\"@id\":\"https:\\\/\\\/www.marocchallenge.com\\\/it\\\/#website\",\"url\":\"https:\\\/\\\/www.marocchallenge.com\\\/it\\\/\",\"name\":\"Maroc Challenge\",\"description\":\"La Dakar degli anni 70 pergli avventurosi di oggi\",\"publisher\":{\"@id\":\"https:\\\/\\\/www.marocchallenge.com\\\/it\\\/#organization\"},\"potentialAction\":[{\"@type\":\"SearchAction\",\"target\":{\"@type\":\"EntryPoint\",\"urlTemplate\":\"https:\\\/\\\/www.marocchallenge.com\\\/it\\\/?s={search_term_string}\"},\"query-input\":{\"@type\":\"PropertyValueSpecification\",\"valueRequired\":true,\"valueName\":\"search_term_string\"}}],\"inLanguage\":\"it-IT\"},{\"@type\":\"Organization\",\"@id\":\"https:\\\/\\\/www.marocchallenge.com\\\/it\\\/#organization\",\"name\":\"Maroc Challenge - El Dakar de los 70's para los aventureros de hoy\",\"url\":\"https:\\\/\\\/www.marocchallenge.com\\\/it\\\/\",\"logo\":{\"@type\":\"ImageObject\",\"inLanguage\":\"it-IT\",\"@id\":\"https:\\\/\\\/www.marocchallenge.com\\\/it\\\/#\\\/schema\\\/logo\\\/image\\\/\",\"url\":\"https:\\\/\\\/www.marocchallenge.com\\\/wp-content\\\/uploads\\\/2020\\\/03\\\/Logo-Maroc_Challenge.png\",\"contentUrl\":\"https:\\\/\\\/www.marocchallenge.com\\\/wp-content\\\/uploads\\\/2020\\\/03\\\/Logo-Maroc_Challenge.png\",\"width\":170,\"height\":96,\"caption\":\"Maroc Challenge - El Dakar de los 70's para los aventureros de hoy\"},\"image\":{\"@id\":\"https:\\\/\\\/www.marocchallenge.com\\\/it\\\/#\\\/schema\\\/logo\\\/image\\\/\"},\"sameAs\":[\"https:\\\/\\\/www.facebook.com\\\/MarocChallenge\\\/\",\"https:\\\/\\\/x.com\\\/marochallenge\",\"https:\\\/\\\/www.instagram.com\\\/marocchallenge\\\/\",\"https:\\\/\\\/www.linkedin.com\\\/company\\\/maroc-challenge\",\"https:\\\/\\\/www.youtube.com\\\/user\\\/MarocChallenge\"]},{\"@type\":\"Person\",\"@id\":\"https:\\\/\\\/www.marocchallenge.com\\\/it\\\/#\\\/schema\\\/person\\\/298a597a188b0019416217b2301b9e10\",\"name\":\"Rui Caba\u00e7o\",\"image\":{\"@type\":\"ImageObject\",\"inLanguage\":\"it-IT\",\"@id\":\"https:\\\/\\\/secure.gravatar.com\\\/avatar\\\/7ac3f434351cbd7875a5f064f6695a52ab4f6ffeb48c6bffb908c8e6f0e3bf73?s=96&d=mm&r=g\",\"url\":\"https:\\\/\\\/secure.gravatar.com\\\/avatar\\\/7ac3f434351cbd7875a5f064f6695a52ab4f6ffeb48c6bffb908c8e6f0e3bf73?s=96&d=mm&r=g\",\"contentUrl\":\"https:\\\/\\\/secure.gravatar.com\\\/avatar\\\/7ac3f434351cbd7875a5f064f6695a52ab4f6ffeb48c6bffb908c8e6f0e3bf73?s=96&d=mm&r=g\",\"caption\":\"Rui Caba\u00e7o\"}}]}<\/script>\n<!-- \/ Yoast SEO plugin. -->","yoast_head_json":{"title":"UN OTTIMO INIZIO! - Maroc Challenge","description":"Abbiamo superato ogni aspettativa e in una settimana abbiamo gi\u00e0 raggiunto la cifra di 134 iscritti per la Spring\/Winter Maroc Challenge,","robots":{"index":"index","follow":"follow","max-snippet":"max-snippet:-1","max-image-preview":"max-image-preview:large","max-video-preview":"max-video-preview:-1"},"canonical":"https:\/\/www.marocchallenge.com\/it\/un-ottimo-inizio\/","og_locale":"it_IT","og_type":"article","og_title":"UN OTTIMO INIZIO! - Maroc Challenge","og_description":"Abbiamo superato ogni aspettativa e in una settimana abbiamo gi\u00e0 raggiunto la cifra di 134 iscritti per la Spring\/Winter Maroc Challenge, che si svolger\u00e0 dal 4 al 12 dicembre 2020.","og_url":"https:\/\/www.marocchallenge.com\/it\/un-ottimo-inizio\/","og_site_name":"Maroc Challenge","article_publisher":"https:\/\/www.facebook.com\/MarocChallenge\/","article_published_time":"2020-06-03T15:01:43+00:00","article_modified_time":"2020-06-03T15:34:31+00:00","og_image":[{"width":1200,"height":675,"url":"https:\/\/www.marocchallenge.com\/wp-content\/uploads\/2020\/06\/news.jpg","type":"image\/jpeg"}],"author":"Rui Caba\u00e7o","twitter_card":"summary_large_image","twitter_creator":"@marochallenge","twitter_site":"@marochallenge","twitter_misc":{"Scritto da":"Rui Caba\u00e7o","Tempo di lettura stimato":"1 minuto"},"schema":{"@context":"https:\/\/schema.org","@graph":[{"@type":"Article","@id":"https:\/\/www.marocchallenge.com\/it\/un-ottimo-inizio\/#article","isPartOf":{"@id":"https:\/\/www.marocchallenge.com\/it\/un-ottimo-inizio\/"},"author":{"name":"Rui Caba\u00e7o","@id":"https:\/\/www.marocchallenge.com\/it\/#\/schema\/person\/298a597a188b0019416217b2301b9e10"},"headline":"UN OTTIMO INIZIO!","datePublished":"2020-06-03T15:01:43+00:00","dateModified":"2020-06-03T15:34:31+00:00","mainEntityOfPage":{"@id":"https:\/\/www.marocchallenge.com\/it\/un-ottimo-inizio\/"},"wordCount":274,"publisher":{"@id":"https:\/\/www.marocchallenge.com\/it\/#organization"},"image":{"@id":"https:\/\/www.marocchallenge.com\/it\/un-ottimo-inizio\/#primaryimage"},"thumbnailUrl":"https:\/\/www.marocchallenge.com\/wp-content\/uploads\/2020\/06\/news.jpg","articleSection":["Non categorizzato"],"inLanguage":"it-IT"},{"@type":"WebPage","@id":"https:\/\/www.marocchallenge.com\/it\/un-ottimo-inizio\/","url":"https:\/\/www.marocchallenge.com\/it\/un-ottimo-inizio\/","name":"UN OTTIMO INIZIO! - Maroc Challenge","isPartOf":{"@id":"https:\/\/www.marocchallenge.com\/it\/#website"},"primaryImageOfPage":{"@id":"https:\/\/www.marocchallenge.com\/it\/un-ottimo-inizio\/#primaryimage"},"image":{"@id":"https:\/\/www.marocchallenge.com\/it\/un-ottimo-inizio\/#primaryimage"},"thumbnailUrl":"https:\/\/www.marocchallenge.com\/wp-content\/uploads\/2020\/06\/news.jpg","datePublished":"2020-06-03T15:01:43+00:00","dateModified":"2020-06-03T15:34:31+00:00","description":"Abbiamo superato ogni aspettativa e in una settimana abbiamo gi\u00e0 raggiunto la cifra di 134 iscritti per la Spring\/Winter Maroc Challenge,","breadcrumb":{"@id":"https:\/\/www.marocchallenge.com\/it\/un-ottimo-inizio\/#breadcrumb"},"inLanguage":"it-IT","potentialAction":[{"@type":"ReadAction","target":["https:\/\/www.marocchallenge.com\/it\/un-ottimo-inizio\/"]}]},{"@type":"ImageObject","inLanguage":"it-IT","@id":"https:\/\/www.marocchallenge.com\/it\/un-ottimo-inizio\/#primaryimage","url":"https:\/\/www.marocchallenge.com\/wp-content\/uploads\/2020\/06\/news.jpg","contentUrl":"https:\/\/www.marocchallenge.com\/wp-content\/uploads\/2020\/06\/news.jpg","width":1200,"height":675,"caption":"Penafiel Racing Fest - Maroc Challenge"},{"@type":"BreadcrumbList","@id":"https:\/\/www.marocchallenge.com\/it\/un-ottimo-inizio\/#breadcrumb","itemListElement":[{"@type":"ListItem","position":1,"name":"Portada","item":"https:\/\/www.marocchallenge.com\/it\/"},{"@type":"ListItem","position":2,"name":"UN OTTIMO INIZIO!"}]},{"@type":"WebSite","@id":"https:\/\/www.marocchallenge.com\/it\/#website","url":"https:\/\/www.marocchallenge.com\/it\/","name":"Maroc Challenge","description":"La Dakar degli anni 70 pergli avventurosi di oggi","publisher":{"@id":"https:\/\/www.marocchallenge.com\/it\/#organization"},"potentialAction":[{"@type":"SearchAction","target":{"@type":"EntryPoint","urlTemplate":"https:\/\/www.marocchallenge.com\/it\/?s={search_term_string}"},"query-input":{"@type":"PropertyValueSpecification","valueRequired":true,"valueName":"search_term_string"}}],"inLanguage":"it-IT"},{"@type":"Organization","@id":"https:\/\/www.marocchallenge.com\/it\/#organization","name":"Maroc Challenge - El Dakar de los 70's para los aventureros de hoy","url":"https:\/\/www.marocchallenge.com\/it\/","logo":{"@type":"ImageObject","inLanguage":"it-IT","@id":"https:\/\/www.marocchallenge.com\/it\/#\/schema\/logo\/image\/","url":"https:\/\/www.marocchallenge.com\/wp-content\/uploads\/2020\/03\/Logo-Maroc_Challenge.png","contentUrl":"https:\/\/www.marocchallenge.com\/wp-content\/uploads\/2020\/03\/Logo-Maroc_Challenge.png","width":170,"height":96,"caption":"Maroc Challenge - El Dakar de los 70's para los aventureros de hoy"},"image":{"@id":"https:\/\/www.marocchallenge.com\/it\/#\/schema\/logo\/image\/"},"sameAs":["https:\/\/www.facebook.com\/MarocChallenge\/","https:\/\/x.com\/marochallenge","https:\/\/www.instagram.com\/marocchallenge\/","https:\/\/www.linkedin.com\/company\/maroc-challenge","https:\/\/www.youtube.com\/user\/MarocChallenge"]},{"@type":"Person","@id":"https:\/\/www.marocchallenge.com\/it\/#\/schema\/person\/298a597a188b0019416217b2301b9e10","name":"Rui Caba\u00e7o","image":{"@type":"ImageObject","inLanguage":"it-IT","@id":"https:\/\/secure.gravatar.com\/avatar\/7ac3f434351cbd7875a5f064f6695a52ab4f6ffeb48c6bffb908c8e6f0e3bf73?s=96&d=mm&r=g","url":"https:\/\/secure.gravatar.com\/avatar\/7ac3f434351cbd7875a5f064f6695a52ab4f6ffeb48c6bffb908c8e6f0e3bf73?s=96&d=mm&r=g","contentUrl":"https:\/\/secure.gravatar.com\/avatar\/7ac3f434351cbd7875a5f064f6695a52ab4f6ffeb48c6bffb908c8e6f0e3bf73?s=96&d=mm&r=g","caption":"Rui Caba\u00e7o"}}]}},"_links":{"self":[{"href":"https:\/\/www.marocchallenge.com\/it\/wp-json\/wp\/v2\/posts\/15643","targetHints":{"allow":["GET"]}}],"collection":[{"href":"https:\/\/www.marocchallenge.com\/it\/wp-json\/wp\/v2\/posts"}],"about":[{"href":"https:\/\/www.marocchallenge.com\/it\/wp-json\/wp\/v2\/types\/post"}],"author":[{"embeddable":true,"href":"https:\/\/www.marocchallenge.com\/it\/wp-json\/wp\/v2\/users\/2"}],"replies":[{"embeddable":true,"href":"https:\/\/www.marocchallenge.com\/it\/wp-json\/wp\/v2\/comments?post=15643"}],"version-history":[{"count":3,"href":"https:\/\/www.marocchallenge.com\/it\/wp-json\/wp\/v2\/posts\/15643\/revisions"}],"predecessor-version":[{"id":15655,"href":"https:\/\/www.marocchallenge.com\/it\/wp-json\/wp\/v2\/posts\/15643\/revisions\/15655"}],"wp:featuredmedia":[{"embeddable":true,"href":"https:\/\/www.marocchallenge.com\/it\/wp-json\/wp\/v2\/media\/15638"}],"wp:attachment":[{"href":"https:\/\/www.marocchallenge.com\/it\/wp-json\/wp\/v2\/media?parent=15643"}],"wp:term":[{"taxonomy":"category","embeddable":true,"href":"https:\/\/www.marocchallenge.com\/it\/wp-json\/wp\/v2\/categories?post=15643"},{"taxonomy":"post_tag","embeddable":true,"href":"https:\/\/www.marocchallenge.com\/it\/wp-json\/wp\/v2\/tags?post=15643"}],"curies":[{"name":"wp","href":"https:\/\/api.w.org\/{rel}","templated":true}]}}