{"id":16054,"date":"2020-11-03T18:33:43","date_gmt":"2020-11-03T18:33:43","guid":{"rendered":"https:\/\/www.marocchallenge.com\/we-are-already-preparing-the-spring-2021\/"},"modified":"2020-11-04T06:12:06","modified_gmt":"2020-11-04T06:12:06","slug":"stiamo-gia-preparando-la-spring-2021","status":"publish","type":"post","link":"https:\/\/www.marocchallenge.com\/it\/stiamo-gia-preparando-la-spring-2021\/","title":{"rendered":"STIAMO GI\u00c0 PREPARANDO LA SPRING 2021!"},"content":{"rendered":"<p><img decoding=\"async\" class=\"alignnone wp-image-16039 size-full\" src=\"https:\/\/www.marocchallenge.com\/wp-content\/uploads\/2020\/11\/Recorrido-Spring-Winter-2020b.png\" alt=\"\" width=\"1200\" height=\"675\" srcset=\"https:\/\/www.marocchallenge.com\/wp-content\/uploads\/2020\/11\/Recorrido-Spring-Winter-2020b-200x113.png 200w, https:\/\/www.marocchallenge.com\/wp-content\/uploads\/2020\/11\/Recorrido-Spring-Winter-2020b-300x169.png 300w, https:\/\/www.marocchallenge.com\/wp-content\/uploads\/2020\/11\/Recorrido-Spring-Winter-2020b-400x225.png 400w, https:\/\/www.marocchallenge.com\/wp-content\/uploads\/2020\/11\/Recorrido-Spring-Winter-2020b-600x338.png 600w, https:\/\/www.marocchallenge.com\/wp-content\/uploads\/2020\/11\/Recorrido-Spring-Winter-2020b-768x432.png 768w, https:\/\/www.marocchallenge.com\/wp-content\/uploads\/2020\/11\/Recorrido-Spring-Winter-2020b-800x450.png 800w, https:\/\/www.marocchallenge.com\/wp-content\/uploads\/2020\/11\/Recorrido-Spring-Winter-2020b-1024x576.png 1024w, https:\/\/www.marocchallenge.com\/wp-content\/uploads\/2020\/11\/Recorrido-Spring-Winter-2020b.png 1200w\" sizes=\"(max-width: 1200px) 100vw, 1200px\" \/><\/p>\n<h2>Stiamo gi\u00e0 preparando la Spring 2021, che per la prima volta nella storia cambier\u00e0 le sue tradizionali date pasquali , si disputer\u00e0 infatti dal 28 maggio al 5 giugno.<\/h2>\n<p><strong>Rui Cabaco , briefingman della Maroc Challenge<\/strong>, spiega i motivi che hanno portato l\u2019organizzazione a prendere la decisione del cambio di date. \u201c<em>Abbiamo optato per questa nuova data dal <strong>28 maggio al 5 giugno<\/strong> perch\u00e9 consideriamo che dobbiamo avere le maggiori garanzie possibili per poter celebrare l\u2019edizione. La settimana di Pasqua 2021 \u00e8 a fine marzo e data l\u2019evoluzione attuale del coronavirus, tanto in Italia, Spagna come in Europa, tale data ci sembrava troppo vicina e rischiosa.\u201d,<\/em> spiega e indica che<em> \u201csperiamo che tutti i nostri partecipanti capiscano che questa \u00e8 l\u2019opzione pi\u00f9 sicura per non dover posporre un\u2019altra edizione<\/em>.\u201d<\/p>\n<p>Rui Cabaco sottolinea anche che \u201c<em>lavorare con la situazione attuale \u00e8 un incubo. bisogna cercare di prendere le migliori decisioni per non dover poi di nuovo posporre un\u2019altra edizione. Questa decisione ci permette di lavorare con pi\u00f9 margine e ci d\u00e0 pi\u00f9 tempo per adattarci a qualsiasi necessit\u00e0<\/em>\u201d.<\/p>\n<p>La <strong>Spring 2021<\/strong> porter\u00e0 novit\u00e0, una delle pi\u00f9 importanti \u00e8 che comincer\u00e0 e terminer\u00e0 a <strong>Saidia<\/strong>, il percorso predominante sar\u00e0 il deserto e le zone pi\u00f9 remote della terra alauita, attraversando <strong>l\u2019altopiano di Rekam<\/strong> in una super prima tappa che ci porter\u00e0 a <strong>Midelt<\/strong> e passando per zone emblematiche come <strong>Erfoud, Merzouga e Zagora<\/strong>. L\u2019ormai tradizionale notte in accampamento si far\u00e0 a <strong>Tendrara<\/strong>, dopo la penultima tappa, per terminare poi nuovamente sulle rive del Mediterraneo.<\/p>\n<p>Prossimamente vi forniremo pi\u00f9 dettagli sulla Spring 2021.<\/p>\n<p>&nbsp;<\/p>\n","protected":false},"excerpt":{"rendered":"<p>Stiamo gi\u00e0 preparando la Spring 2021, che per la prima<\/p>\n","protected":false},"author":2,"featured_media":16039,"comment_status":"closed","ping_status":"closed","sticky":false,"template":"","format":"standard","meta":{"footnotes":""},"categories":[4],"tags":[],"class_list":["post-16054","post","type-post","status-publish","format-standard","has-post-thumbnail","hentry","category-non-categorizzato"],"yoast_head":"<!-- This site is optimized with the Yoast SEO plugin v27.4 - https:\/\/yoast.com\/product\/yoast-seo-wordpress\/ -->\n<title>STIAMO GI\u00c0 PREPARANDO LA SPRING 2021! - Maroc Challenge<\/title>\n<meta name=\"description\" content=\"Stiamo gi\u00e0 preparando la Spring 2021, che per la prima volta nella storia cambier\u00e0 le sue tradizionali date pasquali , si disputer\u00e0 infatti dal 28 maggio al 5 giugno.\" \/>\n<meta name=\"robots\" content=\"index, follow, max-snippet:-1, max-image-preview:large, max-video-preview:-1\" \/>\n<link rel=\"canonical\" href=\"https:\/\/www.marocchallenge.com\/it\/stiamo-gia-preparando-la-spring-2021\/\" \/>\n<meta property=\"og:locale\" content=\"it_IT\" \/>\n<meta property=\"og:type\" content=\"article\" \/>\n<meta property=\"og:title\" content=\"STIAMO GI\u00c0 PREPARANDO LA SPRING 2021\" \/>\n<meta property=\"og:description\" content=\"Stiamo gi\u00e0 preparando la Spring 2021, che per la prima volta nella storia cambier\u00e0 le sue tradizionali date pasquali , si disputer\u00e0 infatti dal 28 maggio al 5 giugno.\" \/>\n<meta property=\"og:url\" content=\"https:\/\/www.marocchallenge.com\/it\/stiamo-gia-preparando-la-spring-2021\/\" \/>\n<meta property=\"og:site_name\" content=\"Maroc Challenge\" \/>\n<meta property=\"article:publisher\" content=\"https:\/\/www.facebook.com\/MarocChallenge\/\" \/>\n<meta property=\"article:published_time\" content=\"2020-11-03T18:33:43+00:00\" \/>\n<meta property=\"article:modified_time\" content=\"2020-11-04T06:12:06+00:00\" \/>\n<meta property=\"og:image\" content=\"https:\/\/www.marocchallenge.com\/wp-content\/uploads\/2020\/11\/Recorrido-Spring-Winter-2020b.png\" \/>\n\t<meta property=\"og:image:width\" content=\"1200\" \/>\n\t<meta property=\"og:image:height\" content=\"675\" \/>\n\t<meta property=\"og:image:type\" content=\"image\/png\" \/>\n<meta name=\"author\" content=\"Rui Caba\u00e7o\" \/>\n<meta name=\"twitter:card\" content=\"summary_large_image\" \/>\n<meta name=\"twitter:creator\" content=\"@marochallenge\" \/>\n<meta name=\"twitter:site\" content=\"@marochallenge\" \/>\n<meta name=\"twitter:label1\" content=\"Scritto da\" \/>\n\t<meta name=\"twitter:data1\" content=\"Rui Caba\u00e7o\" \/>\n\t<meta name=\"twitter:label2\" content=\"Tempo di lettura stimato\" \/>\n\t<meta name=\"twitter:data2\" content=\"1 minuto\" \/>\n<script type=\"application\/ld+json\" class=\"yoast-schema-graph\">{\"@context\":\"https:\\\/\\\/schema.org\",\"@graph\":[{\"@type\":\"Article\",\"@id\":\"https:\\\/\\\/www.marocchallenge.com\\\/it\\\/stiamo-gia-preparando-la-spring-2021\\\/#article\",\"isPartOf\":{\"@id\":\"https:\\\/\\\/www.marocchallenge.com\\\/it\\\/stiamo-gia-preparando-la-spring-2021\\\/\"},\"author\":{\"name\":\"Rui Caba\u00e7o\",\"@id\":\"https:\\\/\\\/www.marocchallenge.com\\\/it\\\/#\\\/schema\\\/person\\\/298a597a188b0019416217b2301b9e10\"},\"headline\":\"STIAMO GI\u00c0 PREPARANDO LA SPRING 2021!\",\"datePublished\":\"2020-11-03T18:33:43+00:00\",\"dateModified\":\"2020-11-04T06:12:06+00:00\",\"mainEntityOfPage\":{\"@id\":\"https:\\\/\\\/www.marocchallenge.com\\\/it\\\/stiamo-gia-preparando-la-spring-2021\\\/\"},\"wordCount\":260,\"publisher\":{\"@id\":\"https:\\\/\\\/www.marocchallenge.com\\\/it\\\/#organization\"},\"image\":{\"@id\":\"https:\\\/\\\/www.marocchallenge.com\\\/it\\\/stiamo-gia-preparando-la-spring-2021\\\/#primaryimage\"},\"thumbnailUrl\":\"https:\\\/\\\/www.marocchallenge.com\\\/wp-content\\\/uploads\\\/2020\\\/11\\\/Recorrido-Spring-Winter-2020b.png\",\"articleSection\":[\"Non categorizzato\"],\"inLanguage\":\"it-IT\"},{\"@type\":\"WebPage\",\"@id\":\"https:\\\/\\\/www.marocchallenge.com\\\/it\\\/stiamo-gia-preparando-la-spring-2021\\\/\",\"url\":\"https:\\\/\\\/www.marocchallenge.com\\\/it\\\/stiamo-gia-preparando-la-spring-2021\\\/\",\"name\":\"STIAMO GI\u00c0 PREPARANDO LA SPRING 2021! - Maroc Challenge\",\"isPartOf\":{\"@id\":\"https:\\\/\\\/www.marocchallenge.com\\\/it\\\/#website\"},\"primaryImageOfPage\":{\"@id\":\"https:\\\/\\\/www.marocchallenge.com\\\/it\\\/stiamo-gia-preparando-la-spring-2021\\\/#primaryimage\"},\"image\":{\"@id\":\"https:\\\/\\\/www.marocchallenge.com\\\/it\\\/stiamo-gia-preparando-la-spring-2021\\\/#primaryimage\"},\"thumbnailUrl\":\"https:\\\/\\\/www.marocchallenge.com\\\/wp-content\\\/uploads\\\/2020\\\/11\\\/Recorrido-Spring-Winter-2020b.png\",\"datePublished\":\"2020-11-03T18:33:43+00:00\",\"dateModified\":\"2020-11-04T06:12:06+00:00\",\"description\":\"Stiamo gi\u00e0 preparando la Spring 2021, che per la prima volta nella storia cambier\u00e0 le sue tradizionali date pasquali , si disputer\u00e0 infatti dal 28 maggio al 5 giugno.\",\"breadcrumb\":{\"@id\":\"https:\\\/\\\/www.marocchallenge.com\\\/it\\\/stiamo-gia-preparando-la-spring-2021\\\/#breadcrumb\"},\"inLanguage\":\"it-IT\",\"potentialAction\":[{\"@type\":\"ReadAction\",\"target\":[\"https:\\\/\\\/www.marocchallenge.com\\\/it\\\/stiamo-gia-preparando-la-spring-2021\\\/\"]}]},{\"@type\":\"ImageObject\",\"inLanguage\":\"it-IT\",\"@id\":\"https:\\\/\\\/www.marocchallenge.com\\\/it\\\/stiamo-gia-preparando-la-spring-2021\\\/#primaryimage\",\"url\":\"https:\\\/\\\/www.marocchallenge.com\\\/wp-content\\\/uploads\\\/2020\\\/11\\\/Recorrido-Spring-Winter-2020b.png\",\"contentUrl\":\"https:\\\/\\\/www.marocchallenge.com\\\/wp-content\\\/uploads\\\/2020\\\/11\\\/Recorrido-Spring-Winter-2020b.png\",\"width\":1200,\"height\":675},{\"@type\":\"BreadcrumbList\",\"@id\":\"https:\\\/\\\/www.marocchallenge.com\\\/it\\\/stiamo-gia-preparando-la-spring-2021\\\/#breadcrumb\",\"itemListElement\":[{\"@type\":\"ListItem\",\"position\":1,\"name\":\"Portada\",\"item\":\"https:\\\/\\\/www.marocchallenge.com\\\/it\\\/\"},{\"@type\":\"ListItem\",\"position\":2,\"name\":\"STIAMO GI\u00c0 PREPARANDO LA SPRING 2021!\"}]},{\"@type\":\"WebSite\",\"@id\":\"https:\\\/\\\/www.marocchallenge.com\\\/it\\\/#website\",\"url\":\"https:\\\/\\\/www.marocchallenge.com\\\/it\\\/\",\"name\":\"Maroc Challenge\",\"description\":\"La Dakar degli anni 70 pergli avventurosi di oggi\",\"publisher\":{\"@id\":\"https:\\\/\\\/www.marocchallenge.com\\\/it\\\/#organization\"},\"potentialAction\":[{\"@type\":\"SearchAction\",\"target\":{\"@type\":\"EntryPoint\",\"urlTemplate\":\"https:\\\/\\\/www.marocchallenge.com\\\/it\\\/?s={search_term_string}\"},\"query-input\":{\"@type\":\"PropertyValueSpecification\",\"valueRequired\":true,\"valueName\":\"search_term_string\"}}],\"inLanguage\":\"it-IT\"},{\"@type\":\"Organization\",\"@id\":\"https:\\\/\\\/www.marocchallenge.com\\\/it\\\/#organization\",\"name\":\"Maroc Challenge - El Dakar de los 70's para los aventureros de hoy\",\"url\":\"https:\\\/\\\/www.marocchallenge.com\\\/it\\\/\",\"logo\":{\"@type\":\"ImageObject\",\"inLanguage\":\"it-IT\",\"@id\":\"https:\\\/\\\/www.marocchallenge.com\\\/it\\\/#\\\/schema\\\/logo\\\/image\\\/\",\"url\":\"https:\\\/\\\/www.marocchallenge.com\\\/wp-content\\\/uploads\\\/2020\\\/03\\\/Logo-Maroc_Challenge.png\",\"contentUrl\":\"https:\\\/\\\/www.marocchallenge.com\\\/wp-content\\\/uploads\\\/2020\\\/03\\\/Logo-Maroc_Challenge.png\",\"width\":170,\"height\":96,\"caption\":\"Maroc Challenge - El Dakar de los 70's para los aventureros de hoy\"},\"image\":{\"@id\":\"https:\\\/\\\/www.marocchallenge.com\\\/it\\\/#\\\/schema\\\/logo\\\/image\\\/\"},\"sameAs\":[\"https:\\\/\\\/www.facebook.com\\\/MarocChallenge\\\/\",\"https:\\\/\\\/x.com\\\/marochallenge\",\"https:\\\/\\\/www.instagram.com\\\/marocchallenge\\\/\",\"https:\\\/\\\/www.linkedin.com\\\/company\\\/maroc-challenge\",\"https:\\\/\\\/www.youtube.com\\\/user\\\/MarocChallenge\"]},{\"@type\":\"Person\",\"@id\":\"https:\\\/\\\/www.marocchallenge.com\\\/it\\\/#\\\/schema\\\/person\\\/298a597a188b0019416217b2301b9e10\",\"name\":\"Rui Caba\u00e7o\",\"image\":{\"@type\":\"ImageObject\",\"inLanguage\":\"it-IT\",\"@id\":\"https:\\\/\\\/secure.gravatar.com\\\/avatar\\\/7ac3f434351cbd7875a5f064f6695a52ab4f6ffeb48c6bffb908c8e6f0e3bf73?s=96&d=mm&r=g\",\"url\":\"https:\\\/\\\/secure.gravatar.com\\\/avatar\\\/7ac3f434351cbd7875a5f064f6695a52ab4f6ffeb48c6bffb908c8e6f0e3bf73?s=96&d=mm&r=g\",\"contentUrl\":\"https:\\\/\\\/secure.gravatar.com\\\/avatar\\\/7ac3f434351cbd7875a5f064f6695a52ab4f6ffeb48c6bffb908c8e6f0e3bf73?s=96&d=mm&r=g\",\"caption\":\"Rui Caba\u00e7o\"}}]}<\/script>\n<!-- \/ Yoast SEO plugin. -->","yoast_head_json":{"title":"STIAMO GI\u00c0 PREPARANDO LA SPRING 2021! - Maroc Challenge","description":"Stiamo gi\u00e0 preparando la Spring 2021, che per la prima volta nella storia cambier\u00e0 le sue tradizionali date pasquali , si disputer\u00e0 infatti dal 28 maggio al 5 giugno.","robots":{"index":"index","follow":"follow","max-snippet":"max-snippet:-1","max-image-preview":"max-image-preview:large","max-video-preview":"max-video-preview:-1"},"canonical":"https:\/\/www.marocchallenge.com\/it\/stiamo-gia-preparando-la-spring-2021\/","og_locale":"it_IT","og_type":"article","og_title":"STIAMO GI\u00c0 PREPARANDO LA SPRING 2021","og_description":"Stiamo gi\u00e0 preparando la Spring 2021, che per la prima volta nella storia cambier\u00e0 le sue tradizionali date pasquali , si disputer\u00e0 infatti dal 28 maggio al 5 giugno.","og_url":"https:\/\/www.marocchallenge.com\/it\/stiamo-gia-preparando-la-spring-2021\/","og_site_name":"Maroc Challenge","article_publisher":"https:\/\/www.facebook.com\/MarocChallenge\/","article_published_time":"2020-11-03T18:33:43+00:00","article_modified_time":"2020-11-04T06:12:06+00:00","og_image":[{"width":1200,"height":675,"url":"https:\/\/www.marocchallenge.com\/wp-content\/uploads\/2020\/11\/Recorrido-Spring-Winter-2020b.png","type":"image\/png"}],"author":"Rui Caba\u00e7o","twitter_card":"summary_large_image","twitter_creator":"@marochallenge","twitter_site":"@marochallenge","twitter_misc":{"Scritto da":"Rui Caba\u00e7o","Tempo di lettura stimato":"1 minuto"},"schema":{"@context":"https:\/\/schema.org","@graph":[{"@type":"Article","@id":"https:\/\/www.marocchallenge.com\/it\/stiamo-gia-preparando-la-spring-2021\/#article","isPartOf":{"@id":"https:\/\/www.marocchallenge.com\/it\/stiamo-gia-preparando-la-spring-2021\/"},"author":{"name":"Rui Caba\u00e7o","@id":"https:\/\/www.marocchallenge.com\/it\/#\/schema\/person\/298a597a188b0019416217b2301b9e10"},"headline":"STIAMO GI\u00c0 PREPARANDO LA SPRING 2021!","datePublished":"2020-11-03T18:33:43+00:00","dateModified":"2020-11-04T06:12:06+00:00","mainEntityOfPage":{"@id":"https:\/\/www.marocchallenge.com\/it\/stiamo-gia-preparando-la-spring-2021\/"},"wordCount":260,"publisher":{"@id":"https:\/\/www.marocchallenge.com\/it\/#organization"},"image":{"@id":"https:\/\/www.marocchallenge.com\/it\/stiamo-gia-preparando-la-spring-2021\/#primaryimage"},"thumbnailUrl":"https:\/\/www.marocchallenge.com\/wp-content\/uploads\/2020\/11\/Recorrido-Spring-Winter-2020b.png","articleSection":["Non categorizzato"],"inLanguage":"it-IT"},{"@type":"WebPage","@id":"https:\/\/www.marocchallenge.com\/it\/stiamo-gia-preparando-la-spring-2021\/","url":"https:\/\/www.marocchallenge.com\/it\/stiamo-gia-preparando-la-spring-2021\/","name":"STIAMO GI\u00c0 PREPARANDO LA SPRING 2021! - Maroc Challenge","isPartOf":{"@id":"https:\/\/www.marocchallenge.com\/it\/#website"},"primaryImageOfPage":{"@id":"https:\/\/www.marocchallenge.com\/it\/stiamo-gia-preparando-la-spring-2021\/#primaryimage"},"image":{"@id":"https:\/\/www.marocchallenge.com\/it\/stiamo-gia-preparando-la-spring-2021\/#primaryimage"},"thumbnailUrl":"https:\/\/www.marocchallenge.com\/wp-content\/uploads\/2020\/11\/Recorrido-Spring-Winter-2020b.png","datePublished":"2020-11-03T18:33:43+00:00","dateModified":"2020-11-04T06:12:06+00:00","description":"Stiamo gi\u00e0 preparando la Spring 2021, che per la prima volta nella storia cambier\u00e0 le sue tradizionali date pasquali , si disputer\u00e0 infatti dal 28 maggio al 5 giugno.","breadcrumb":{"@id":"https:\/\/www.marocchallenge.com\/it\/stiamo-gia-preparando-la-spring-2021\/#breadcrumb"},"inLanguage":"it-IT","potentialAction":[{"@type":"ReadAction","target":["https:\/\/www.marocchallenge.com\/it\/stiamo-gia-preparando-la-spring-2021\/"]}]},{"@type":"ImageObject","inLanguage":"it-IT","@id":"https:\/\/www.marocchallenge.com\/it\/stiamo-gia-preparando-la-spring-2021\/#primaryimage","url":"https:\/\/www.marocchallenge.com\/wp-content\/uploads\/2020\/11\/Recorrido-Spring-Winter-2020b.png","contentUrl":"https:\/\/www.marocchallenge.com\/wp-content\/uploads\/2020\/11\/Recorrido-Spring-Winter-2020b.png","width":1200,"height":675},{"@type":"BreadcrumbList","@id":"https:\/\/www.marocchallenge.com\/it\/stiamo-gia-preparando-la-spring-2021\/#breadcrumb","itemListElement":[{"@type":"ListItem","position":1,"name":"Portada","item":"https:\/\/www.marocchallenge.com\/it\/"},{"@type":"ListItem","position":2,"name":"STIAMO GI\u00c0 PREPARANDO LA SPRING 2021!"}]},{"@type":"WebSite","@id":"https:\/\/www.marocchallenge.com\/it\/#website","url":"https:\/\/www.marocchallenge.com\/it\/","name":"Maroc Challenge","description":"La Dakar degli anni 70 pergli avventurosi di oggi","publisher":{"@id":"https:\/\/www.marocchallenge.com\/it\/#organization"},"potentialAction":[{"@type":"SearchAction","target":{"@type":"EntryPoint","urlTemplate":"https:\/\/www.marocchallenge.com\/it\/?s={search_term_string}"},"query-input":{"@type":"PropertyValueSpecification","valueRequired":true,"valueName":"search_term_string"}}],"inLanguage":"it-IT"},{"@type":"Organization","@id":"https:\/\/www.marocchallenge.com\/it\/#organization","name":"Maroc Challenge - El Dakar de los 70's para los aventureros de hoy","url":"https:\/\/www.marocchallenge.com\/it\/","logo":{"@type":"ImageObject","inLanguage":"it-IT","@id":"https:\/\/www.marocchallenge.com\/it\/#\/schema\/logo\/image\/","url":"https:\/\/www.marocchallenge.com\/wp-content\/uploads\/2020\/03\/Logo-Maroc_Challenge.png","contentUrl":"https:\/\/www.marocchallenge.com\/wp-content\/uploads\/2020\/03\/Logo-Maroc_Challenge.png","width":170,"height":96,"caption":"Maroc Challenge - El Dakar de los 70's para los aventureros de hoy"},"image":{"@id":"https:\/\/www.marocchallenge.com\/it\/#\/schema\/logo\/image\/"},"sameAs":["https:\/\/www.facebook.com\/MarocChallenge\/","https:\/\/x.com\/marochallenge","https:\/\/www.instagram.com\/marocchallenge\/","https:\/\/www.linkedin.com\/company\/maroc-challenge","https:\/\/www.youtube.com\/user\/MarocChallenge"]},{"@type":"Person","@id":"https:\/\/www.marocchallenge.com\/it\/#\/schema\/person\/298a597a188b0019416217b2301b9e10","name":"Rui Caba\u00e7o","image":{"@type":"ImageObject","inLanguage":"it-IT","@id":"https:\/\/secure.gravatar.com\/avatar\/7ac3f434351cbd7875a5f064f6695a52ab4f6ffeb48c6bffb908c8e6f0e3bf73?s=96&d=mm&r=g","url":"https:\/\/secure.gravatar.com\/avatar\/7ac3f434351cbd7875a5f064f6695a52ab4f6ffeb48c6bffb908c8e6f0e3bf73?s=96&d=mm&r=g","contentUrl":"https:\/\/secure.gravatar.com\/avatar\/7ac3f434351cbd7875a5f064f6695a52ab4f6ffeb48c6bffb908c8e6f0e3bf73?s=96&d=mm&r=g","caption":"Rui Caba\u00e7o"}}]}},"_links":{"self":[{"href":"https:\/\/www.marocchallenge.com\/it\/wp-json\/wp\/v2\/posts\/16054","targetHints":{"allow":["GET"]}}],"collection":[{"href":"https:\/\/www.marocchallenge.com\/it\/wp-json\/wp\/v2\/posts"}],"about":[{"href":"https:\/\/www.marocchallenge.com\/it\/wp-json\/wp\/v2\/types\/post"}],"author":[{"embeddable":true,"href":"https:\/\/www.marocchallenge.com\/it\/wp-json\/wp\/v2\/users\/2"}],"replies":[{"embeddable":true,"href":"https:\/\/www.marocchallenge.com\/it\/wp-json\/wp\/v2\/comments?post=16054"}],"version-history":[{"count":3,"href":"https:\/\/www.marocchallenge.com\/it\/wp-json\/wp\/v2\/posts\/16054\/revisions"}],"predecessor-version":[{"id":16057,"href":"https:\/\/www.marocchallenge.com\/it\/wp-json\/wp\/v2\/posts\/16054\/revisions\/16057"}],"wp:featuredmedia":[{"embeddable":true,"href":"https:\/\/www.marocchallenge.com\/it\/wp-json\/wp\/v2\/media\/16039"}],"wp:attachment":[{"href":"https:\/\/www.marocchallenge.com\/it\/wp-json\/wp\/v2\/media?parent=16054"}],"wp:term":[{"taxonomy":"category","embeddable":true,"href":"https:\/\/www.marocchallenge.com\/it\/wp-json\/wp\/v2\/categories?post=16054"},{"taxonomy":"post_tag","embeddable":true,"href":"https:\/\/www.marocchallenge.com\/it\/wp-json\/wp\/v2\/tags?post=16054"}],"curies":[{"name":"wp","href":"https:\/\/api.w.org\/{rel}","templated":true}]}}