{"id":18975,"date":"2022-11-29T18:19:43","date_gmt":"2022-11-29T18:19:43","guid":{"rendered":"https:\/\/www.marocchallenge.com\/midelt-dara-el-pistoletazo-de-salida-a-la-maroc-challenge\/"},"modified":"2022-11-29T18:48:14","modified_gmt":"2022-11-29T18:48:14","slug":"midelt-da-il-via-alla-maroc-challenge","status":"publish","type":"post","link":"https:\/\/www.marocchallenge.com\/it\/midelt-da-il-via-alla-maroc-challenge\/","title":{"rendered":"MIDELT D\u00c0 IL VIA ALLA MAROC CHALLENGE"},"content":{"rendered":"<h2><img decoding=\"async\" class=\"alignnone wp-image-18967 size-full\" src=\"https:\/\/www.marocchallenge.com\/wp-content\/uploads\/2022\/11\/Maroc-Challenge-29_11.png\" alt=\"\" width=\"1200\" height=\"675\" srcset=\"https:\/\/www.marocchallenge.com\/wp-content\/uploads\/2022\/11\/Maroc-Challenge-29_11-200x113.png 200w, https:\/\/www.marocchallenge.com\/wp-content\/uploads\/2022\/11\/Maroc-Challenge-29_11-300x169.png 300w, https:\/\/www.marocchallenge.com\/wp-content\/uploads\/2022\/11\/Maroc-Challenge-29_11-400x225.png 400w, https:\/\/www.marocchallenge.com\/wp-content\/uploads\/2022\/11\/Maroc-Challenge-29_11-600x338.png 600w, https:\/\/www.marocchallenge.com\/wp-content\/uploads\/2022\/11\/Maroc-Challenge-29_11-768x432.png 768w, https:\/\/www.marocchallenge.com\/wp-content\/uploads\/2022\/11\/Maroc-Challenge-29_11-800x450.png 800w, https:\/\/www.marocchallenge.com\/wp-content\/uploads\/2022\/11\/Maroc-Challenge-29_11-1024x576.png 1024w, https:\/\/www.marocchallenge.com\/wp-content\/uploads\/2022\/11\/Maroc-Challenge-29_11.png 1200w\" sizes=\"(max-width: 1200px) 100vw, 1200px\" \/><\/h2>\n<h2>180 squadre, record di partecipazione nella storia della prova, affrontano la sfida che si disputa dal 2 al 10 dicembre.<\/h2>\n<p><strong>\u00c8 tutto pronto per domenica, giorno in cui comincer\u00e0 la diciottesima edizione della Maroc Challenge, <\/strong>una prova che riprende l&#8217;azione dopo tre anni di parentesi. L&#8217;adrenalina scorre nelle vene dei partecipanti che venerd\u00ec 2 dicembre sono chiamati a passare le verifiche tecniche e amministrative ad Almeria.<\/p>\n<p>Sar\u00e0 un&#8217;edizione piena di emozioni e la voglia di riprendere l&#8217;avventura \u00e8 confermata da una straordinaria partecipazione. Il successo di partecipazione di questa diciottesima edizione \u00e8 totale. <strong>Si sono iscritti 180 veicoli, un record nella storia della prova<\/strong>.<\/p>\n<p>Le squadre partiranno dal porto di Almeria il sabato mattina e sbarcheranno a Nador nel pomeriggio, per poi intraprendere un lungo collegamento verso Midelt, nel cuore dell&#8217;Atlante, dove <strong>la mattina della domenica 4 dicembre si dar\u00e0 il via alla prima tappa.<\/strong><\/p>\n<p>La prima giornata sar\u00e0 un assaggio di quello che ci aspetta a partire da Erfoud, dato che<strong> questa Maroc avr\u00e0 pi\u00f9 sabbia e dune che mai. <\/strong>Nelle seguenti tappe ci addentreremo nelle zone di dune dell&#8217;erg Chebbi, Ouzina e Chegaga, passando per zone leggendarie come il fesh fesh di ramlia, l&#8217;Oasi Sacra e il lago Iriki. Al ritorno, prima di arrivare all&#8217;accampamento di Tendrara, attraverseremo la pianura di Rekkam, scenario di grandi battaglie quando la Dakar attraversava l&#8217;Africa. Saidia, sulle rive del Mediterraneo, sar\u00e0 il punto finale il prossimo venerd\u00ec 9 dicembre.<\/p>\n<p>Quest&#8217;edizione sar\u00e0 unica, alterneremo paesaggi storici della prova ed altri nuovi che permetteranno ai partecipanti di <strong>godersi appieno l&#8217;avventura, la guida e lo spirito che ha caratterizzato la Maroc <\/strong>nelle sue diciotto edizioni precedenti.<\/p>\n<p>&nbsp;<\/p>\n","protected":false},"excerpt":{"rendered":"<p>180 squadre, record di partecipazione nella storia della prova, affrontano<\/p>\n","protected":false},"author":2,"featured_media":18970,"comment_status":"closed","ping_status":"closed","sticky":false,"template":"","format":"standard","meta":{"footnotes":""},"categories":[4],"tags":[],"class_list":["post-18975","post","type-post","status-publish","format-standard","has-post-thumbnail","hentry","category-non-categorizzato"],"yoast_head":"<!-- This site is optimized with the Yoast SEO plugin v27.4 - https:\/\/yoast.com\/product\/yoast-seo-wordpress\/ -->\n<title>MIDELT D\u00c0 IL VIA ALLA MAROC CHALLENGE - Maroc Challenge<\/title>\n<meta name=\"description\" content=\"180 squadre, record di partecipazione nella storia della prova, affrontano la sfida che si disputa dal 2 al 10 dicembre.\" \/>\n<meta name=\"robots\" content=\"index, follow, max-snippet:-1, max-image-preview:large, max-video-preview:-1\" \/>\n<link rel=\"canonical\" href=\"https:\/\/www.marocchallenge.com\/it\/midelt-da-il-via-alla-maroc-challenge\/\" \/>\n<meta property=\"og:locale\" content=\"it_IT\" \/>\n<meta property=\"og:type\" content=\"article\" \/>\n<meta property=\"og:title\" content=\"MIDELT D\u00c0 IL VIA ALLA MAROC CHALLENGE - Maroc Challenge\" \/>\n<meta property=\"og:description\" content=\"180 squadre, record di partecipazione nella storia della prova, affrontano la sfida che si disputa dal 2 al 10 dicembre.\" \/>\n<meta property=\"og:url\" content=\"https:\/\/www.marocchallenge.com\/it\/midelt-da-il-via-alla-maroc-challenge\/\" \/>\n<meta property=\"og:site_name\" content=\"Maroc Challenge\" \/>\n<meta property=\"article:publisher\" content=\"https:\/\/www.facebook.com\/MarocChallenge\/\" \/>\n<meta property=\"article:published_time\" content=\"2022-11-29T18:19:43+00:00\" \/>\n<meta property=\"article:modified_time\" content=\"2022-11-29T18:48:14+00:00\" \/>\n<meta property=\"og:image\" content=\"https:\/\/www.marocchallenge.com\/wp-content\/uploads\/2022\/11\/Maroc-Challenge-29_11.png\" \/>\n\t<meta property=\"og:image:width\" content=\"1200\" \/>\n\t<meta property=\"og:image:height\" content=\"675\" \/>\n\t<meta property=\"og:image:type\" content=\"image\/png\" \/>\n<meta name=\"author\" content=\"Rui Caba\u00e7o\" \/>\n<meta name=\"twitter:card\" content=\"summary_large_image\" \/>\n<meta name=\"twitter:creator\" content=\"@marochallenge\" \/>\n<meta name=\"twitter:site\" content=\"@marochallenge\" \/>\n<meta name=\"twitter:label1\" content=\"Scritto da\" \/>\n\t<meta name=\"twitter:data1\" content=\"Rui Caba\u00e7o\" \/>\n\t<meta name=\"twitter:label2\" content=\"Tempo di lettura stimato\" \/>\n\t<meta name=\"twitter:data2\" content=\"2 minuti\" \/>\n<script type=\"application\/ld+json\" class=\"yoast-schema-graph\">{\"@context\":\"https:\\\/\\\/schema.org\",\"@graph\":[{\"@type\":\"Article\",\"@id\":\"https:\\\/\\\/www.marocchallenge.com\\\/it\\\/midelt-da-il-via-alla-maroc-challenge\\\/#article\",\"isPartOf\":{\"@id\":\"https:\\\/\\\/www.marocchallenge.com\\\/it\\\/midelt-da-il-via-alla-maroc-challenge\\\/\"},\"author\":{\"name\":\"Rui Caba\u00e7o\",\"@id\":\"https:\\\/\\\/www.marocchallenge.com\\\/it\\\/#\\\/schema\\\/person\\\/298a597a188b0019416217b2301b9e10\"},\"headline\":\"MIDELT D\u00c0 IL VIA ALLA MAROC CHALLENGE\",\"datePublished\":\"2022-11-29T18:19:43+00:00\",\"dateModified\":\"2022-11-29T18:48:14+00:00\",\"mainEntityOfPage\":{\"@id\":\"https:\\\/\\\/www.marocchallenge.com\\\/it\\\/midelt-da-il-via-alla-maroc-challenge\\\/\"},\"wordCount\":280,\"publisher\":{\"@id\":\"https:\\\/\\\/www.marocchallenge.com\\\/it\\\/#organization\"},\"image\":{\"@id\":\"https:\\\/\\\/www.marocchallenge.com\\\/it\\\/midelt-da-il-via-alla-maroc-challenge\\\/#primaryimage\"},\"thumbnailUrl\":\"https:\\\/\\\/www.marocchallenge.com\\\/wp-content\\\/uploads\\\/2022\\\/11\\\/Maroc-Challenge-29_11.png\",\"articleSection\":[\"Non categorizzato\"],\"inLanguage\":\"it-IT\"},{\"@type\":\"WebPage\",\"@id\":\"https:\\\/\\\/www.marocchallenge.com\\\/it\\\/midelt-da-il-via-alla-maroc-challenge\\\/\",\"url\":\"https:\\\/\\\/www.marocchallenge.com\\\/it\\\/midelt-da-il-via-alla-maroc-challenge\\\/\",\"name\":\"MIDELT D\u00c0 IL VIA ALLA MAROC CHALLENGE - Maroc Challenge\",\"isPartOf\":{\"@id\":\"https:\\\/\\\/www.marocchallenge.com\\\/it\\\/#website\"},\"primaryImageOfPage\":{\"@id\":\"https:\\\/\\\/www.marocchallenge.com\\\/it\\\/midelt-da-il-via-alla-maroc-challenge\\\/#primaryimage\"},\"image\":{\"@id\":\"https:\\\/\\\/www.marocchallenge.com\\\/it\\\/midelt-da-il-via-alla-maroc-challenge\\\/#primaryimage\"},\"thumbnailUrl\":\"https:\\\/\\\/www.marocchallenge.com\\\/wp-content\\\/uploads\\\/2022\\\/11\\\/Maroc-Challenge-29_11.png\",\"datePublished\":\"2022-11-29T18:19:43+00:00\",\"dateModified\":\"2022-11-29T18:48:14+00:00\",\"description\":\"180 squadre, record di partecipazione nella storia della prova, affrontano la sfida che si disputa dal 2 al 10 dicembre.\",\"breadcrumb\":{\"@id\":\"https:\\\/\\\/www.marocchallenge.com\\\/it\\\/midelt-da-il-via-alla-maroc-challenge\\\/#breadcrumb\"},\"inLanguage\":\"it-IT\",\"potentialAction\":[{\"@type\":\"ReadAction\",\"target\":[\"https:\\\/\\\/www.marocchallenge.com\\\/it\\\/midelt-da-il-via-alla-maroc-challenge\\\/\"]}]},{\"@type\":\"ImageObject\",\"inLanguage\":\"it-IT\",\"@id\":\"https:\\\/\\\/www.marocchallenge.com\\\/it\\\/midelt-da-il-via-alla-maroc-challenge\\\/#primaryimage\",\"url\":\"https:\\\/\\\/www.marocchallenge.com\\\/wp-content\\\/uploads\\\/2022\\\/11\\\/Maroc-Challenge-29_11.png\",\"contentUrl\":\"https:\\\/\\\/www.marocchallenge.com\\\/wp-content\\\/uploads\\\/2022\\\/11\\\/Maroc-Challenge-29_11.png\",\"width\":1200,\"height\":675},{\"@type\":\"BreadcrumbList\",\"@id\":\"https:\\\/\\\/www.marocchallenge.com\\\/it\\\/midelt-da-il-via-alla-maroc-challenge\\\/#breadcrumb\",\"itemListElement\":[{\"@type\":\"ListItem\",\"position\":1,\"name\":\"Portada\",\"item\":\"https:\\\/\\\/www.marocchallenge.com\\\/it\\\/\"},{\"@type\":\"ListItem\",\"position\":2,\"name\":\"MIDELT D\u00c0 IL VIA ALLA MAROC CHALLENGE\"}]},{\"@type\":\"WebSite\",\"@id\":\"https:\\\/\\\/www.marocchallenge.com\\\/it\\\/#website\",\"url\":\"https:\\\/\\\/www.marocchallenge.com\\\/it\\\/\",\"name\":\"Maroc Challenge\",\"description\":\"La Dakar degli anni 70 pergli avventurosi di oggi\",\"publisher\":{\"@id\":\"https:\\\/\\\/www.marocchallenge.com\\\/it\\\/#organization\"},\"potentialAction\":[{\"@type\":\"SearchAction\",\"target\":{\"@type\":\"EntryPoint\",\"urlTemplate\":\"https:\\\/\\\/www.marocchallenge.com\\\/it\\\/?s={search_term_string}\"},\"query-input\":{\"@type\":\"PropertyValueSpecification\",\"valueRequired\":true,\"valueName\":\"search_term_string\"}}],\"inLanguage\":\"it-IT\"},{\"@type\":\"Organization\",\"@id\":\"https:\\\/\\\/www.marocchallenge.com\\\/it\\\/#organization\",\"name\":\"Maroc Challenge - El Dakar de los 70's para los aventureros de hoy\",\"url\":\"https:\\\/\\\/www.marocchallenge.com\\\/it\\\/\",\"logo\":{\"@type\":\"ImageObject\",\"inLanguage\":\"it-IT\",\"@id\":\"https:\\\/\\\/www.marocchallenge.com\\\/it\\\/#\\\/schema\\\/logo\\\/image\\\/\",\"url\":\"https:\\\/\\\/www.marocchallenge.com\\\/wp-content\\\/uploads\\\/2020\\\/03\\\/Logo-Maroc_Challenge.png\",\"contentUrl\":\"https:\\\/\\\/www.marocchallenge.com\\\/wp-content\\\/uploads\\\/2020\\\/03\\\/Logo-Maroc_Challenge.png\",\"width\":170,\"height\":96,\"caption\":\"Maroc Challenge - El Dakar de los 70's para los aventureros de hoy\"},\"image\":{\"@id\":\"https:\\\/\\\/www.marocchallenge.com\\\/it\\\/#\\\/schema\\\/logo\\\/image\\\/\"},\"sameAs\":[\"https:\\\/\\\/www.facebook.com\\\/MarocChallenge\\\/\",\"https:\\\/\\\/x.com\\\/marochallenge\",\"https:\\\/\\\/www.instagram.com\\\/marocchallenge\\\/\",\"https:\\\/\\\/www.linkedin.com\\\/company\\\/maroc-challenge\",\"https:\\\/\\\/www.youtube.com\\\/user\\\/MarocChallenge\"]},{\"@type\":\"Person\",\"@id\":\"https:\\\/\\\/www.marocchallenge.com\\\/it\\\/#\\\/schema\\\/person\\\/298a597a188b0019416217b2301b9e10\",\"name\":\"Rui Caba\u00e7o\",\"image\":{\"@type\":\"ImageObject\",\"inLanguage\":\"it-IT\",\"@id\":\"https:\\\/\\\/secure.gravatar.com\\\/avatar\\\/7ac3f434351cbd7875a5f064f6695a52ab4f6ffeb48c6bffb908c8e6f0e3bf73?s=96&d=mm&r=g\",\"url\":\"https:\\\/\\\/secure.gravatar.com\\\/avatar\\\/7ac3f434351cbd7875a5f064f6695a52ab4f6ffeb48c6bffb908c8e6f0e3bf73?s=96&d=mm&r=g\",\"contentUrl\":\"https:\\\/\\\/secure.gravatar.com\\\/avatar\\\/7ac3f434351cbd7875a5f064f6695a52ab4f6ffeb48c6bffb908c8e6f0e3bf73?s=96&d=mm&r=g\",\"caption\":\"Rui Caba\u00e7o\"}}]}<\/script>\n<!-- \/ Yoast SEO plugin. -->","yoast_head_json":{"title":"MIDELT D\u00c0 IL VIA ALLA MAROC CHALLENGE - Maroc Challenge","description":"180 squadre, record di partecipazione nella storia della prova, affrontano la sfida che si disputa dal 2 al 10 dicembre.","robots":{"index":"index","follow":"follow","max-snippet":"max-snippet:-1","max-image-preview":"max-image-preview:large","max-video-preview":"max-video-preview:-1"},"canonical":"https:\/\/www.marocchallenge.com\/it\/midelt-da-il-via-alla-maroc-challenge\/","og_locale":"it_IT","og_type":"article","og_title":"MIDELT D\u00c0 IL VIA ALLA MAROC CHALLENGE - Maroc Challenge","og_description":"180 squadre, record di partecipazione nella storia della prova, affrontano la sfida che si disputa dal 2 al 10 dicembre.","og_url":"https:\/\/www.marocchallenge.com\/it\/midelt-da-il-via-alla-maroc-challenge\/","og_site_name":"Maroc Challenge","article_publisher":"https:\/\/www.facebook.com\/MarocChallenge\/","article_published_time":"2022-11-29T18:19:43+00:00","article_modified_time":"2022-11-29T18:48:14+00:00","og_image":[{"width":1200,"height":675,"url":"https:\/\/www.marocchallenge.com\/wp-content\/uploads\/2022\/11\/Maroc-Challenge-29_11.png","type":"image\/png"}],"author":"Rui Caba\u00e7o","twitter_card":"summary_large_image","twitter_creator":"@marochallenge","twitter_site":"@marochallenge","twitter_misc":{"Scritto da":"Rui Caba\u00e7o","Tempo di lettura stimato":"2 minuti"},"schema":{"@context":"https:\/\/schema.org","@graph":[{"@type":"Article","@id":"https:\/\/www.marocchallenge.com\/it\/midelt-da-il-via-alla-maroc-challenge\/#article","isPartOf":{"@id":"https:\/\/www.marocchallenge.com\/it\/midelt-da-il-via-alla-maroc-challenge\/"},"author":{"name":"Rui Caba\u00e7o","@id":"https:\/\/www.marocchallenge.com\/it\/#\/schema\/person\/298a597a188b0019416217b2301b9e10"},"headline":"MIDELT D\u00c0 IL VIA ALLA MAROC CHALLENGE","datePublished":"2022-11-29T18:19:43+00:00","dateModified":"2022-11-29T18:48:14+00:00","mainEntityOfPage":{"@id":"https:\/\/www.marocchallenge.com\/it\/midelt-da-il-via-alla-maroc-challenge\/"},"wordCount":280,"publisher":{"@id":"https:\/\/www.marocchallenge.com\/it\/#organization"},"image":{"@id":"https:\/\/www.marocchallenge.com\/it\/midelt-da-il-via-alla-maroc-challenge\/#primaryimage"},"thumbnailUrl":"https:\/\/www.marocchallenge.com\/wp-content\/uploads\/2022\/11\/Maroc-Challenge-29_11.png","articleSection":["Non categorizzato"],"inLanguage":"it-IT"},{"@type":"WebPage","@id":"https:\/\/www.marocchallenge.com\/it\/midelt-da-il-via-alla-maroc-challenge\/","url":"https:\/\/www.marocchallenge.com\/it\/midelt-da-il-via-alla-maroc-challenge\/","name":"MIDELT D\u00c0 IL VIA ALLA MAROC CHALLENGE - Maroc Challenge","isPartOf":{"@id":"https:\/\/www.marocchallenge.com\/it\/#website"},"primaryImageOfPage":{"@id":"https:\/\/www.marocchallenge.com\/it\/midelt-da-il-via-alla-maroc-challenge\/#primaryimage"},"image":{"@id":"https:\/\/www.marocchallenge.com\/it\/midelt-da-il-via-alla-maroc-challenge\/#primaryimage"},"thumbnailUrl":"https:\/\/www.marocchallenge.com\/wp-content\/uploads\/2022\/11\/Maroc-Challenge-29_11.png","datePublished":"2022-11-29T18:19:43+00:00","dateModified":"2022-11-29T18:48:14+00:00","description":"180 squadre, record di partecipazione nella storia della prova, affrontano la sfida che si disputa dal 2 al 10 dicembre.","breadcrumb":{"@id":"https:\/\/www.marocchallenge.com\/it\/midelt-da-il-via-alla-maroc-challenge\/#breadcrumb"},"inLanguage":"it-IT","potentialAction":[{"@type":"ReadAction","target":["https:\/\/www.marocchallenge.com\/it\/midelt-da-il-via-alla-maroc-challenge\/"]}]},{"@type":"ImageObject","inLanguage":"it-IT","@id":"https:\/\/www.marocchallenge.com\/it\/midelt-da-il-via-alla-maroc-challenge\/#primaryimage","url":"https:\/\/www.marocchallenge.com\/wp-content\/uploads\/2022\/11\/Maroc-Challenge-29_11.png","contentUrl":"https:\/\/www.marocchallenge.com\/wp-content\/uploads\/2022\/11\/Maroc-Challenge-29_11.png","width":1200,"height":675},{"@type":"BreadcrumbList","@id":"https:\/\/www.marocchallenge.com\/it\/midelt-da-il-via-alla-maroc-challenge\/#breadcrumb","itemListElement":[{"@type":"ListItem","position":1,"name":"Portada","item":"https:\/\/www.marocchallenge.com\/it\/"},{"@type":"ListItem","position":2,"name":"MIDELT D\u00c0 IL VIA ALLA MAROC CHALLENGE"}]},{"@type":"WebSite","@id":"https:\/\/www.marocchallenge.com\/it\/#website","url":"https:\/\/www.marocchallenge.com\/it\/","name":"Maroc Challenge","description":"La Dakar degli anni 70 pergli avventurosi di oggi","publisher":{"@id":"https:\/\/www.marocchallenge.com\/it\/#organization"},"potentialAction":[{"@type":"SearchAction","target":{"@type":"EntryPoint","urlTemplate":"https:\/\/www.marocchallenge.com\/it\/?s={search_term_string}"},"query-input":{"@type":"PropertyValueSpecification","valueRequired":true,"valueName":"search_term_string"}}],"inLanguage":"it-IT"},{"@type":"Organization","@id":"https:\/\/www.marocchallenge.com\/it\/#organization","name":"Maroc Challenge - El Dakar de los 70's para los aventureros de hoy","url":"https:\/\/www.marocchallenge.com\/it\/","logo":{"@type":"ImageObject","inLanguage":"it-IT","@id":"https:\/\/www.marocchallenge.com\/it\/#\/schema\/logo\/image\/","url":"https:\/\/www.marocchallenge.com\/wp-content\/uploads\/2020\/03\/Logo-Maroc_Challenge.png","contentUrl":"https:\/\/www.marocchallenge.com\/wp-content\/uploads\/2020\/03\/Logo-Maroc_Challenge.png","width":170,"height":96,"caption":"Maroc Challenge - El Dakar de los 70's para los aventureros de hoy"},"image":{"@id":"https:\/\/www.marocchallenge.com\/it\/#\/schema\/logo\/image\/"},"sameAs":["https:\/\/www.facebook.com\/MarocChallenge\/","https:\/\/x.com\/marochallenge","https:\/\/www.instagram.com\/marocchallenge\/","https:\/\/www.linkedin.com\/company\/maroc-challenge","https:\/\/www.youtube.com\/user\/MarocChallenge"]},{"@type":"Person","@id":"https:\/\/www.marocchallenge.com\/it\/#\/schema\/person\/298a597a188b0019416217b2301b9e10","name":"Rui Caba\u00e7o","image":{"@type":"ImageObject","inLanguage":"it-IT","@id":"https:\/\/secure.gravatar.com\/avatar\/7ac3f434351cbd7875a5f064f6695a52ab4f6ffeb48c6bffb908c8e6f0e3bf73?s=96&d=mm&r=g","url":"https:\/\/secure.gravatar.com\/avatar\/7ac3f434351cbd7875a5f064f6695a52ab4f6ffeb48c6bffb908c8e6f0e3bf73?s=96&d=mm&r=g","contentUrl":"https:\/\/secure.gravatar.com\/avatar\/7ac3f434351cbd7875a5f064f6695a52ab4f6ffeb48c6bffb908c8e6f0e3bf73?s=96&d=mm&r=g","caption":"Rui Caba\u00e7o"}}]}},"_links":{"self":[{"href":"https:\/\/www.marocchallenge.com\/it\/wp-json\/wp\/v2\/posts\/18975","targetHints":{"allow":["GET"]}}],"collection":[{"href":"https:\/\/www.marocchallenge.com\/it\/wp-json\/wp\/v2\/posts"}],"about":[{"href":"https:\/\/www.marocchallenge.com\/it\/wp-json\/wp\/v2\/types\/post"}],"author":[{"embeddable":true,"href":"https:\/\/www.marocchallenge.com\/it\/wp-json\/wp\/v2\/users\/2"}],"replies":[{"embeddable":true,"href":"https:\/\/www.marocchallenge.com\/it\/wp-json\/wp\/v2\/comments?post=18975"}],"version-history":[{"count":2,"href":"https:\/\/www.marocchallenge.com\/it\/wp-json\/wp\/v2\/posts\/18975\/revisions"}],"predecessor-version":[{"id":18982,"href":"https:\/\/www.marocchallenge.com\/it\/wp-json\/wp\/v2\/posts\/18975\/revisions\/18982"}],"wp:featuredmedia":[{"embeddable":true,"href":"https:\/\/www.marocchallenge.com\/it\/wp-json\/wp\/v2\/media\/18970"}],"wp:attachment":[{"href":"https:\/\/www.marocchallenge.com\/it\/wp-json\/wp\/v2\/media?parent=18975"}],"wp:term":[{"taxonomy":"category","embeddable":true,"href":"https:\/\/www.marocchallenge.com\/it\/wp-json\/wp\/v2\/categories?post=18975"},{"taxonomy":"post_tag","embeddable":true,"href":"https:\/\/www.marocchallenge.com\/it\/wp-json\/wp\/v2\/tags?post=18975"}],"curies":[{"name":"wp","href":"https:\/\/api.w.org\/{rel}","templated":true}]}}