{"id":20166,"date":"2023-03-18T19:47:28","date_gmt":"2023-03-18T19:47:28","guid":{"rendered":"https:\/\/www.marocchallenge.com\/la-navegacion-cobra-protagonismo\/"},"modified":"2023-03-20T06:13:25","modified_gmt":"2023-03-20T06:13:25","slug":"la-navigazione-diventa-protagonista","status":"publish","type":"post","link":"https:\/\/www.marocchallenge.com\/it\/la-navigazione-diventa-protagonista\/","title":{"rendered":"LA NAVIGAZIONE DIVENTA PROTAGONISTA"},"content":{"rendered":"<h2><img decoding=\"async\" class=\"alignnone wp-image-20179 size-full\" src=\"https:\/\/www.marocchallenge.com\/wp-content\/uploads\/2023\/03\/Maroc_Challenge-18_03.png\" alt=\"\" width=\"1200\" height=\"675\" srcset=\"https:\/\/www.marocchallenge.com\/wp-content\/uploads\/2023\/03\/Maroc_Challenge-18_03-200x113.png 200w, https:\/\/www.marocchallenge.com\/wp-content\/uploads\/2023\/03\/Maroc_Challenge-18_03-300x169.png 300w, https:\/\/www.marocchallenge.com\/wp-content\/uploads\/2023\/03\/Maroc_Challenge-18_03-400x225.png 400w, https:\/\/www.marocchallenge.com\/wp-content\/uploads\/2023\/03\/Maroc_Challenge-18_03-600x338.png 600w, https:\/\/www.marocchallenge.com\/wp-content\/uploads\/2023\/03\/Maroc_Challenge-18_03-768x432.png 768w, https:\/\/www.marocchallenge.com\/wp-content\/uploads\/2023\/03\/Maroc_Challenge-18_03-800x450.png 800w, https:\/\/www.marocchallenge.com\/wp-content\/uploads\/2023\/03\/Maroc_Challenge-18_03-1024x576.png 1024w, https:\/\/www.marocchallenge.com\/wp-content\/uploads\/2023\/03\/Maroc_Challenge-18_03.png 1200w\" sizes=\"(max-width: 1200px) 100vw, 1200px\" \/><\/h2>\n<h2>Una delle principali novit\u00e0 della prossima edizione della Maroc Challenge, che si svolger\u00e0 dal 31 marzo all\u20198 aprile, sar\u00e0 il cambio introdotto nell\u2019ultima tappa, dove manterremo i waypoints ma in maniera pi\u00f9 lineare e con meno punti di riferimento. La sesta tappa comincer\u00e0 ad Erfoud e terminer\u00e0 nei pressi dell\u2019Erg Chebbi.<\/h2>\n<p>Normalmente abbiamo sempre dato un totale di waypoints e i partecipanti dovevano passare per ognuno di essi, sempre in ordine. Durante la Spring 2023 invece, li collocheremo in forma lineare e diminuiremo il numero di waypoints, ovvero ci sar\u00e0 pi\u00f9 distanza tra ogni punto fornito, cosa che aumenter\u00e0 la difficolt\u00e0 di navigazione. Sar\u00e0 pi\u00f9 complicato per i partecipanti trovare i passaggi idonei a rendere valido il waypoint e completare il percorso nel tempo stabilito. L\u2019obiettivo \u00e8 rendere sempre pi\u00f9 nuova e stimolante la Maroc Challenge.<\/p>\n","protected":false},"excerpt":{"rendered":"<p>Una delle principali novit\u00e0 della prossima edizione della Maroc Challenge,<\/p>\n","protected":false},"author":2,"featured_media":20179,"comment_status":"closed","ping_status":"closed","sticky":false,"template":"","format":"standard","meta":{"footnotes":""},"categories":[92],"tags":[],"class_list":["post-20166","post","type-post","status-publish","format-standard","has-post-thumbnail","hentry","category-noticias-it"],"yoast_head":"<!-- This site is optimized with the Yoast SEO plugin v27.4 - https:\/\/yoast.com\/product\/yoast-seo-wordpress\/ -->\n<title>LA NAVIGAZIONE DIVENTA PROTAGONISTA - Maroc Challenge<\/title>\n<meta name=\"description\" content=\"Una delle principali novit\u00e0 della prossima edizione della Maroc Challenge, che si svolger\u00e0 dal 31 marzo all\u20198 aprile, sar\u00e0 il cambio introdotto nell\u2019ultima tappa, dove manterremo i waypoints ma in maniera pi\u00f9 lineare e con meno punti di riferimento.\" \/>\n<meta name=\"robots\" content=\"index, follow, max-snippet:-1, max-image-preview:large, max-video-preview:-1\" \/>\n<link rel=\"canonical\" href=\"https:\/\/www.marocchallenge.com\/it\/la-navigazione-diventa-protagonista\/\" \/>\n<meta property=\"og:locale\" content=\"it_IT\" \/>\n<meta property=\"og:type\" content=\"article\" \/>\n<meta property=\"og:title\" content=\"LA NAVIGAZIONE DIVENTA PROTAGONISTA - Maroc Challenge\" \/>\n<meta property=\"og:description\" content=\"Una delle principali novit\u00e0 della prossima edizione della Maroc Challenge, che si svolger\u00e0 dal 31 marzo all\u20198 aprile, sar\u00e0 il cambio introdotto nell\u2019ultima tappa, dove manterremo i waypoints ma in maniera pi\u00f9 lineare e con meno punti di riferimento.\" \/>\n<meta property=\"og:url\" content=\"https:\/\/www.marocchallenge.com\/it\/la-navigazione-diventa-protagonista\/\" \/>\n<meta property=\"og:site_name\" content=\"Maroc Challenge\" \/>\n<meta property=\"article:publisher\" content=\"https:\/\/www.facebook.com\/MarocChallenge\/\" \/>\n<meta property=\"article:published_time\" content=\"2023-03-18T19:47:28+00:00\" \/>\n<meta property=\"article:modified_time\" content=\"2023-03-20T06:13:25+00:00\" \/>\n<meta property=\"og:image\" content=\"https:\/\/www.marocchallenge.com\/wp-content\/uploads\/2023\/03\/Maroc_Challenge-18_03.png\" \/>\n\t<meta property=\"og:image:width\" content=\"1200\" \/>\n\t<meta property=\"og:image:height\" content=\"675\" \/>\n\t<meta property=\"og:image:type\" content=\"image\/png\" \/>\n<meta name=\"author\" content=\"Rui Caba\u00e7o\" \/>\n<meta name=\"twitter:card\" content=\"summary_large_image\" \/>\n<meta name=\"twitter:creator\" content=\"@marochallenge\" \/>\n<meta name=\"twitter:site\" content=\"@marochallenge\" \/>\n<meta name=\"twitter:label1\" content=\"Scritto da\" \/>\n\t<meta name=\"twitter:data1\" content=\"Rui Caba\u00e7o\" \/>\n\t<meta name=\"twitter:label2\" content=\"Tempo di lettura stimato\" \/>\n\t<meta name=\"twitter:data2\" content=\"1 minuto\" \/>\n<script type=\"application\/ld+json\" class=\"yoast-schema-graph\">{\"@context\":\"https:\\\/\\\/schema.org\",\"@graph\":[{\"@type\":\"Article\",\"@id\":\"https:\\\/\\\/www.marocchallenge.com\\\/it\\\/la-navigazione-diventa-protagonista\\\/#article\",\"isPartOf\":{\"@id\":\"https:\\\/\\\/www.marocchallenge.com\\\/it\\\/la-navigazione-diventa-protagonista\\\/\"},\"author\":{\"name\":\"Rui Caba\u00e7o\",\"@id\":\"https:\\\/\\\/www.marocchallenge.com\\\/it\\\/#\\\/schema\\\/person\\\/298a597a188b0019416217b2301b9e10\"},\"headline\":\"LA NAVIGAZIONE DIVENTA PROTAGONISTA\",\"datePublished\":\"2023-03-18T19:47:28+00:00\",\"dateModified\":\"2023-03-20T06:13:25+00:00\",\"mainEntityOfPage\":{\"@id\":\"https:\\\/\\\/www.marocchallenge.com\\\/it\\\/la-navigazione-diventa-protagonista\\\/\"},\"wordCount\":140,\"publisher\":{\"@id\":\"https:\\\/\\\/www.marocchallenge.com\\\/it\\\/#organization\"},\"image\":{\"@id\":\"https:\\\/\\\/www.marocchallenge.com\\\/it\\\/la-navigazione-diventa-protagonista\\\/#primaryimage\"},\"thumbnailUrl\":\"https:\\\/\\\/www.marocchallenge.com\\\/wp-content\\\/uploads\\\/2023\\\/03\\\/Maroc_Challenge-18_03.png\",\"articleSection\":[\"Noticias\"],\"inLanguage\":\"it-IT\"},{\"@type\":\"WebPage\",\"@id\":\"https:\\\/\\\/www.marocchallenge.com\\\/it\\\/la-navigazione-diventa-protagonista\\\/\",\"url\":\"https:\\\/\\\/www.marocchallenge.com\\\/it\\\/la-navigazione-diventa-protagonista\\\/\",\"name\":\"LA NAVIGAZIONE DIVENTA PROTAGONISTA - Maroc Challenge\",\"isPartOf\":{\"@id\":\"https:\\\/\\\/www.marocchallenge.com\\\/it\\\/#website\"},\"primaryImageOfPage\":{\"@id\":\"https:\\\/\\\/www.marocchallenge.com\\\/it\\\/la-navigazione-diventa-protagonista\\\/#primaryimage\"},\"image\":{\"@id\":\"https:\\\/\\\/www.marocchallenge.com\\\/it\\\/la-navigazione-diventa-protagonista\\\/#primaryimage\"},\"thumbnailUrl\":\"https:\\\/\\\/www.marocchallenge.com\\\/wp-content\\\/uploads\\\/2023\\\/03\\\/Maroc_Challenge-18_03.png\",\"datePublished\":\"2023-03-18T19:47:28+00:00\",\"dateModified\":\"2023-03-20T06:13:25+00:00\",\"description\":\"Una delle principali novit\u00e0 della prossima edizione della Maroc Challenge, che si svolger\u00e0 dal 31 marzo all\u20198 aprile, sar\u00e0 il cambio introdotto nell\u2019ultima tappa, dove manterremo i waypoints ma in maniera pi\u00f9 lineare e con meno punti di riferimento.\",\"breadcrumb\":{\"@id\":\"https:\\\/\\\/www.marocchallenge.com\\\/it\\\/la-navigazione-diventa-protagonista\\\/#breadcrumb\"},\"inLanguage\":\"it-IT\",\"potentialAction\":[{\"@type\":\"ReadAction\",\"target\":[\"https:\\\/\\\/www.marocchallenge.com\\\/it\\\/la-navigazione-diventa-protagonista\\\/\"]}]},{\"@type\":\"ImageObject\",\"inLanguage\":\"it-IT\",\"@id\":\"https:\\\/\\\/www.marocchallenge.com\\\/it\\\/la-navigazione-diventa-protagonista\\\/#primaryimage\",\"url\":\"https:\\\/\\\/www.marocchallenge.com\\\/wp-content\\\/uploads\\\/2023\\\/03\\\/Maroc_Challenge-18_03.png\",\"contentUrl\":\"https:\\\/\\\/www.marocchallenge.com\\\/wp-content\\\/uploads\\\/2023\\\/03\\\/Maroc_Challenge-18_03.png\",\"width\":1200,\"height\":675},{\"@type\":\"BreadcrumbList\",\"@id\":\"https:\\\/\\\/www.marocchallenge.com\\\/it\\\/la-navigazione-diventa-protagonista\\\/#breadcrumb\",\"itemListElement\":[{\"@type\":\"ListItem\",\"position\":1,\"name\":\"Portada\",\"item\":\"https:\\\/\\\/www.marocchallenge.com\\\/it\\\/\"},{\"@type\":\"ListItem\",\"position\":2,\"name\":\"LA NAVIGAZIONE DIVENTA PROTAGONISTA\"}]},{\"@type\":\"WebSite\",\"@id\":\"https:\\\/\\\/www.marocchallenge.com\\\/it\\\/#website\",\"url\":\"https:\\\/\\\/www.marocchallenge.com\\\/it\\\/\",\"name\":\"Maroc Challenge\",\"description\":\"La Dakar degli anni 70 pergli avventurosi di oggi\",\"publisher\":{\"@id\":\"https:\\\/\\\/www.marocchallenge.com\\\/it\\\/#organization\"},\"potentialAction\":[{\"@type\":\"SearchAction\",\"target\":{\"@type\":\"EntryPoint\",\"urlTemplate\":\"https:\\\/\\\/www.marocchallenge.com\\\/it\\\/?s={search_term_string}\"},\"query-input\":{\"@type\":\"PropertyValueSpecification\",\"valueRequired\":true,\"valueName\":\"search_term_string\"}}],\"inLanguage\":\"it-IT\"},{\"@type\":\"Organization\",\"@id\":\"https:\\\/\\\/www.marocchallenge.com\\\/it\\\/#organization\",\"name\":\"Maroc Challenge - El Dakar de los 70's para los aventureros de hoy\",\"url\":\"https:\\\/\\\/www.marocchallenge.com\\\/it\\\/\",\"logo\":{\"@type\":\"ImageObject\",\"inLanguage\":\"it-IT\",\"@id\":\"https:\\\/\\\/www.marocchallenge.com\\\/it\\\/#\\\/schema\\\/logo\\\/image\\\/\",\"url\":\"https:\\\/\\\/www.marocchallenge.com\\\/wp-content\\\/uploads\\\/2020\\\/03\\\/Logo-Maroc_Challenge.png\",\"contentUrl\":\"https:\\\/\\\/www.marocchallenge.com\\\/wp-content\\\/uploads\\\/2020\\\/03\\\/Logo-Maroc_Challenge.png\",\"width\":170,\"height\":96,\"caption\":\"Maroc Challenge - El Dakar de los 70's para los aventureros de hoy\"},\"image\":{\"@id\":\"https:\\\/\\\/www.marocchallenge.com\\\/it\\\/#\\\/schema\\\/logo\\\/image\\\/\"},\"sameAs\":[\"https:\\\/\\\/www.facebook.com\\\/MarocChallenge\\\/\",\"https:\\\/\\\/x.com\\\/marochallenge\",\"https:\\\/\\\/www.instagram.com\\\/marocchallenge\\\/\",\"https:\\\/\\\/www.linkedin.com\\\/company\\\/maroc-challenge\",\"https:\\\/\\\/www.youtube.com\\\/user\\\/MarocChallenge\"]},{\"@type\":\"Person\",\"@id\":\"https:\\\/\\\/www.marocchallenge.com\\\/it\\\/#\\\/schema\\\/person\\\/298a597a188b0019416217b2301b9e10\",\"name\":\"Rui Caba\u00e7o\",\"image\":{\"@type\":\"ImageObject\",\"inLanguage\":\"it-IT\",\"@id\":\"https:\\\/\\\/secure.gravatar.com\\\/avatar\\\/7ac3f434351cbd7875a5f064f6695a52ab4f6ffeb48c6bffb908c8e6f0e3bf73?s=96&d=mm&r=g\",\"url\":\"https:\\\/\\\/secure.gravatar.com\\\/avatar\\\/7ac3f434351cbd7875a5f064f6695a52ab4f6ffeb48c6bffb908c8e6f0e3bf73?s=96&d=mm&r=g\",\"contentUrl\":\"https:\\\/\\\/secure.gravatar.com\\\/avatar\\\/7ac3f434351cbd7875a5f064f6695a52ab4f6ffeb48c6bffb908c8e6f0e3bf73?s=96&d=mm&r=g\",\"caption\":\"Rui Caba\u00e7o\"}}]}<\/script>\n<!-- \/ Yoast SEO plugin. -->","yoast_head_json":{"title":"LA NAVIGAZIONE DIVENTA PROTAGONISTA - Maroc Challenge","description":"Una delle principali novit\u00e0 della prossima edizione della Maroc Challenge, che si svolger\u00e0 dal 31 marzo all\u20198 aprile, sar\u00e0 il cambio introdotto nell\u2019ultima tappa, dove manterremo i waypoints ma in maniera pi\u00f9 lineare e con meno punti di riferimento.","robots":{"index":"index","follow":"follow","max-snippet":"max-snippet:-1","max-image-preview":"max-image-preview:large","max-video-preview":"max-video-preview:-1"},"canonical":"https:\/\/www.marocchallenge.com\/it\/la-navigazione-diventa-protagonista\/","og_locale":"it_IT","og_type":"article","og_title":"LA NAVIGAZIONE DIVENTA PROTAGONISTA - Maroc Challenge","og_description":"Una delle principali novit\u00e0 della prossima edizione della Maroc Challenge, che si svolger\u00e0 dal 31 marzo all\u20198 aprile, sar\u00e0 il cambio introdotto nell\u2019ultima tappa, dove manterremo i waypoints ma in maniera pi\u00f9 lineare e con meno punti di riferimento.","og_url":"https:\/\/www.marocchallenge.com\/it\/la-navigazione-diventa-protagonista\/","og_site_name":"Maroc Challenge","article_publisher":"https:\/\/www.facebook.com\/MarocChallenge\/","article_published_time":"2023-03-18T19:47:28+00:00","article_modified_time":"2023-03-20T06:13:25+00:00","og_image":[{"width":1200,"height":675,"url":"https:\/\/www.marocchallenge.com\/wp-content\/uploads\/2023\/03\/Maroc_Challenge-18_03.png","type":"image\/png"}],"author":"Rui Caba\u00e7o","twitter_card":"summary_large_image","twitter_creator":"@marochallenge","twitter_site":"@marochallenge","twitter_misc":{"Scritto da":"Rui Caba\u00e7o","Tempo di lettura stimato":"1 minuto"},"schema":{"@context":"https:\/\/schema.org","@graph":[{"@type":"Article","@id":"https:\/\/www.marocchallenge.com\/it\/la-navigazione-diventa-protagonista\/#article","isPartOf":{"@id":"https:\/\/www.marocchallenge.com\/it\/la-navigazione-diventa-protagonista\/"},"author":{"name":"Rui Caba\u00e7o","@id":"https:\/\/www.marocchallenge.com\/it\/#\/schema\/person\/298a597a188b0019416217b2301b9e10"},"headline":"LA NAVIGAZIONE DIVENTA PROTAGONISTA","datePublished":"2023-03-18T19:47:28+00:00","dateModified":"2023-03-20T06:13:25+00:00","mainEntityOfPage":{"@id":"https:\/\/www.marocchallenge.com\/it\/la-navigazione-diventa-protagonista\/"},"wordCount":140,"publisher":{"@id":"https:\/\/www.marocchallenge.com\/it\/#organization"},"image":{"@id":"https:\/\/www.marocchallenge.com\/it\/la-navigazione-diventa-protagonista\/#primaryimage"},"thumbnailUrl":"https:\/\/www.marocchallenge.com\/wp-content\/uploads\/2023\/03\/Maroc_Challenge-18_03.png","articleSection":["Noticias"],"inLanguage":"it-IT"},{"@type":"WebPage","@id":"https:\/\/www.marocchallenge.com\/it\/la-navigazione-diventa-protagonista\/","url":"https:\/\/www.marocchallenge.com\/it\/la-navigazione-diventa-protagonista\/","name":"LA NAVIGAZIONE DIVENTA PROTAGONISTA - Maroc Challenge","isPartOf":{"@id":"https:\/\/www.marocchallenge.com\/it\/#website"},"primaryImageOfPage":{"@id":"https:\/\/www.marocchallenge.com\/it\/la-navigazione-diventa-protagonista\/#primaryimage"},"image":{"@id":"https:\/\/www.marocchallenge.com\/it\/la-navigazione-diventa-protagonista\/#primaryimage"},"thumbnailUrl":"https:\/\/www.marocchallenge.com\/wp-content\/uploads\/2023\/03\/Maroc_Challenge-18_03.png","datePublished":"2023-03-18T19:47:28+00:00","dateModified":"2023-03-20T06:13:25+00:00","description":"Una delle principali novit\u00e0 della prossima edizione della Maroc Challenge, che si svolger\u00e0 dal 31 marzo all\u20198 aprile, sar\u00e0 il cambio introdotto nell\u2019ultima tappa, dove manterremo i waypoints ma in maniera pi\u00f9 lineare e con meno punti di riferimento.","breadcrumb":{"@id":"https:\/\/www.marocchallenge.com\/it\/la-navigazione-diventa-protagonista\/#breadcrumb"},"inLanguage":"it-IT","potentialAction":[{"@type":"ReadAction","target":["https:\/\/www.marocchallenge.com\/it\/la-navigazione-diventa-protagonista\/"]}]},{"@type":"ImageObject","inLanguage":"it-IT","@id":"https:\/\/www.marocchallenge.com\/it\/la-navigazione-diventa-protagonista\/#primaryimage","url":"https:\/\/www.marocchallenge.com\/wp-content\/uploads\/2023\/03\/Maroc_Challenge-18_03.png","contentUrl":"https:\/\/www.marocchallenge.com\/wp-content\/uploads\/2023\/03\/Maroc_Challenge-18_03.png","width":1200,"height":675},{"@type":"BreadcrumbList","@id":"https:\/\/www.marocchallenge.com\/it\/la-navigazione-diventa-protagonista\/#breadcrumb","itemListElement":[{"@type":"ListItem","position":1,"name":"Portada","item":"https:\/\/www.marocchallenge.com\/it\/"},{"@type":"ListItem","position":2,"name":"LA NAVIGAZIONE DIVENTA PROTAGONISTA"}]},{"@type":"WebSite","@id":"https:\/\/www.marocchallenge.com\/it\/#website","url":"https:\/\/www.marocchallenge.com\/it\/","name":"Maroc Challenge","description":"La Dakar degli anni 70 pergli avventurosi di oggi","publisher":{"@id":"https:\/\/www.marocchallenge.com\/it\/#organization"},"potentialAction":[{"@type":"SearchAction","target":{"@type":"EntryPoint","urlTemplate":"https:\/\/www.marocchallenge.com\/it\/?s={search_term_string}"},"query-input":{"@type":"PropertyValueSpecification","valueRequired":true,"valueName":"search_term_string"}}],"inLanguage":"it-IT"},{"@type":"Organization","@id":"https:\/\/www.marocchallenge.com\/it\/#organization","name":"Maroc Challenge - El Dakar de los 70's para los aventureros de hoy","url":"https:\/\/www.marocchallenge.com\/it\/","logo":{"@type":"ImageObject","inLanguage":"it-IT","@id":"https:\/\/www.marocchallenge.com\/it\/#\/schema\/logo\/image\/","url":"https:\/\/www.marocchallenge.com\/wp-content\/uploads\/2020\/03\/Logo-Maroc_Challenge.png","contentUrl":"https:\/\/www.marocchallenge.com\/wp-content\/uploads\/2020\/03\/Logo-Maroc_Challenge.png","width":170,"height":96,"caption":"Maroc Challenge - El Dakar de los 70's para los aventureros de hoy"},"image":{"@id":"https:\/\/www.marocchallenge.com\/it\/#\/schema\/logo\/image\/"},"sameAs":["https:\/\/www.facebook.com\/MarocChallenge\/","https:\/\/x.com\/marochallenge","https:\/\/www.instagram.com\/marocchallenge\/","https:\/\/www.linkedin.com\/company\/maroc-challenge","https:\/\/www.youtube.com\/user\/MarocChallenge"]},{"@type":"Person","@id":"https:\/\/www.marocchallenge.com\/it\/#\/schema\/person\/298a597a188b0019416217b2301b9e10","name":"Rui Caba\u00e7o","image":{"@type":"ImageObject","inLanguage":"it-IT","@id":"https:\/\/secure.gravatar.com\/avatar\/7ac3f434351cbd7875a5f064f6695a52ab4f6ffeb48c6bffb908c8e6f0e3bf73?s=96&d=mm&r=g","url":"https:\/\/secure.gravatar.com\/avatar\/7ac3f434351cbd7875a5f064f6695a52ab4f6ffeb48c6bffb908c8e6f0e3bf73?s=96&d=mm&r=g","contentUrl":"https:\/\/secure.gravatar.com\/avatar\/7ac3f434351cbd7875a5f064f6695a52ab4f6ffeb48c6bffb908c8e6f0e3bf73?s=96&d=mm&r=g","caption":"Rui Caba\u00e7o"}}]}},"_links":{"self":[{"href":"https:\/\/www.marocchallenge.com\/it\/wp-json\/wp\/v2\/posts\/20166","targetHints":{"allow":["GET"]}}],"collection":[{"href":"https:\/\/www.marocchallenge.com\/it\/wp-json\/wp\/v2\/posts"}],"about":[{"href":"https:\/\/www.marocchallenge.com\/it\/wp-json\/wp\/v2\/types\/post"}],"author":[{"embeddable":true,"href":"https:\/\/www.marocchallenge.com\/it\/wp-json\/wp\/v2\/users\/2"}],"replies":[{"embeddable":true,"href":"https:\/\/www.marocchallenge.com\/it\/wp-json\/wp\/v2\/comments?post=20166"}],"version-history":[{"count":3,"href":"https:\/\/www.marocchallenge.com\/it\/wp-json\/wp\/v2\/posts\/20166\/revisions"}],"predecessor-version":[{"id":20184,"href":"https:\/\/www.marocchallenge.com\/it\/wp-json\/wp\/v2\/posts\/20166\/revisions\/20184"}],"wp:featuredmedia":[{"embeddable":true,"href":"https:\/\/www.marocchallenge.com\/it\/wp-json\/wp\/v2\/media\/20179"}],"wp:attachment":[{"href":"https:\/\/www.marocchallenge.com\/it\/wp-json\/wp\/v2\/media?parent=20166"}],"wp:term":[{"taxonomy":"category","embeddable":true,"href":"https:\/\/www.marocchallenge.com\/it\/wp-json\/wp\/v2\/categories?post=20166"},{"taxonomy":"post_tag","embeddable":true,"href":"https:\/\/www.marocchallenge.com\/it\/wp-json\/wp\/v2\/tags?post=20166"}],"curies":[{"name":"wp","href":"https:\/\/api.w.org\/{rel}","templated":true}]}}