{"id":23918,"date":"2025-11-28T08:41:43","date_gmt":"2025-11-28T08:41:43","guid":{"rendered":"https:\/\/www.marocchallenge.com\/24th-edition-of-the-maroc-challenge-sets-a-new-participation-record\/"},"modified":"2025-11-28T09:00:11","modified_gmt":"2025-11-28T09:00:11","slug":"la-24a-edizione-della-maroc-challenge-batte-il-record-di-partecipazione","status":"publish","type":"post","link":"https:\/\/www.marocchallenge.com\/it\/la-24a-edizione-della-maroc-challenge-batte-il-record-di-partecipazione\/","title":{"rendered":"LA 24\u00aa EDIZIONE DELLA MAROC CHALLENGE BATTE IL RECORD DI PARTECIPAZIONE"},"content":{"rendered":"<h2><img decoding=\"async\" class=\"alignnone wp-image-23910 size-full\" src=\"https:\/\/www.marocchallenge.com\/wp-content\/uploads\/2025\/11\/Maroc-Challenge-28_11.png\" alt=\"\" width=\"1200\" height=\"675\" srcset=\"https:\/\/www.marocchallenge.com\/wp-content\/uploads\/2025\/11\/Maroc-Challenge-28_11-200x113.png 200w, https:\/\/www.marocchallenge.com\/wp-content\/uploads\/2025\/11\/Maroc-Challenge-28_11-300x169.png 300w, https:\/\/www.marocchallenge.com\/wp-content\/uploads\/2025\/11\/Maroc-Challenge-28_11-400x225.png 400w, https:\/\/www.marocchallenge.com\/wp-content\/uploads\/2025\/11\/Maroc-Challenge-28_11-600x338.png 600w, https:\/\/www.marocchallenge.com\/wp-content\/uploads\/2025\/11\/Maroc-Challenge-28_11-768x432.png 768w, https:\/\/www.marocchallenge.com\/wp-content\/uploads\/2025\/11\/Maroc-Challenge-28_11-800x450.png 800w, https:\/\/www.marocchallenge.com\/wp-content\/uploads\/2025\/11\/Maroc-Challenge-28_11-1024x576.png 1024w, https:\/\/www.marocchallenge.com\/wp-content\/uploads\/2025\/11\/Maroc-Challenge-28_11.png 1200w\" sizes=\"(max-width: 1200px) 100vw, 1200px\" \/><\/h2>\n<h2>Questo fine settimana prende il via a Er-Rachidia, la porta del deserto marocchino, la 24\u00aa edizione della Maroc Challenge. Le verifiche amministrative e tecniche si svolgeranno sabato, mentre domenica ci sar\u00e0 la partenza ufficiale, che segna un record storico di squadre iscritte.<\/h2>\n<p>Con <strong>198 team<\/strong>, il numero pi\u00f9 alto della sua storia, la gara prevede <strong>sei impegnative tappe<\/strong>, con arrivo <strong>venerd\u00ec 5 dicembre<\/strong> ai piedi dell\u2019<strong>Erg Chebbi<\/strong>.<\/p>\n<p>Con quasi <strong>200 team<\/strong>, l\u2019evento conferma una partecipazione sempre pi\u00f9 internazionale e continua ad affermarsi come una delle principali competizioni amatoriali che si disputano in Marocco. I <strong>198 partecipanti provenienti da quindici Paesi<\/strong> sottolineano il grande fascino di questa avventura, che continua ad ampliare i propri orizzonti edizione dopo edizione.<\/p>\n<p>In questa edizione il <strong>deserto<\/strong> sar\u00e0 assoluto protagonista, con tappe <strong>100% off-road<\/strong> e pochissimi trasferimenti su asfalto. Il percorso \u00e8 stato rinnovato, alternando <strong>nuove zone<\/strong> con <strong>luoghi iconici<\/strong> della Maroc Challenge. Dalla prima all\u2019ultima giornata, <strong>sabbia e dune<\/strong> accompagneranno i partecipanti. Sar\u00e0 una delle edizioni pi\u00f9 <strong>avventurose e impegnative<\/strong> di sempre. Come di consueto, la difficolt\u00e0 sar\u00e0 adattata a ogni categoria. Inoltre, sono state introdotte <strong>quattro nuove categorie<\/strong> (C2 RAID, CX2 PRO RAID, CX4 PRO RAID e PRO RAID TT) per favorire la crescita dei concorrenti.<\/p>\n<p>La Winter 2025 inizier\u00e0 con una tappa tra <strong>Er-Rachidia e M\u2019Hamid<\/strong>, mentre la seconda terminer\u00e0 a <strong>Zagora<\/strong>. La tradizionale <strong>notte in bivacco<\/strong>, alla fine della terza tappa, si terr\u00e0 a <strong>Sidi Ali<\/strong>, vicino al lago Maider e al villaggio di Tafraoute. <strong>Erfoud<\/strong> ospiter\u00e0 l\u2019arrivo della quarta giornata e sar\u00e0 anche il centro dell\u2019<strong>anello<\/strong> previsto per la quinta tappa. La Maroc Challenge si concluder\u00e0 con una <strong>sesta tappa di navigazione a waypoint<\/strong> accanto al leggendario <strong>Erg Chebbi<\/strong>.<\/p>\n<p>Il regolamento presenta inoltre novit\u00e0 importanti. Allontanarsi di oltre <strong>100 metri<\/strong> dal track comporter\u00e0 una penalit\u00e0 di <strong>25 punti al minuto<\/strong> (prima erano consentiti 250 metri). Gli <strong>articoli 14 e 15<\/strong> sono stati parzialmente modificati: in caso di parit\u00e0, sar\u00e0 favorito il team che avr\u00e0 percorso <strong>la distanza minore<\/strong> nella zona consentita. Questa regola sar\u00e0 valida anche per definire eventuali parit\u00e0 nella classifica finale.<\/p>\n<p>Un altro cambiamento riguarda la <strong>velocit\u00e0 massima consentita su pista<\/strong> per alcune categorie che richiedono misure di sicurezza aggiuntive. Secondo l\u2019articolo 11.5, la velocit\u00e0 generale in pista \u00e8 di <strong>80 km\/h<\/strong>, ma per le categorie <strong>SSV, CX2 Pro Raid, CX4 Pro Raid e Pro Raid TT<\/strong> il limite sar\u00e0 di <strong>90 km\/h<\/strong>.<\/p>\n<p>Tutti i dettagli relativi alla gara sono disponibili sul sito web.<\/p>\n","protected":false},"excerpt":{"rendered":"<p>Questo fine settimana prende il via a Er-Rachidia, la porta<\/p>\n","protected":false},"author":2,"featured_media":23912,"comment_status":"closed","ping_status":"closed","sticky":false,"template":"","format":"standard","meta":{"footnotes":""},"categories":[92],"tags":[],"class_list":["post-23918","post","type-post","status-publish","format-standard","has-post-thumbnail","hentry","category-noticias-it"],"yoast_head":"<!-- This site is optimized with the Yoast SEO plugin v27.4 - https:\/\/yoast.com\/product\/yoast-seo-wordpress\/ -->\n<title>LA 24\u00aa EDIZIONE DELLA MAROC CHALLENGE BATTE IL RECORD DI PARTECIPAZIONE - Maroc Challenge<\/title>\n<meta name=\"description\" content=\"Questo fine settimana prende il via a Er-Rachidia, la porta del deserto marocchino, la 24\u00aa edizione della Maroc Challenge. Le verifiche amministrative e tecniche si svolgeranno sabato, mentre domenica ci sar\u00e0 la partenza ufficiale, che segna un record storico di squadre iscritte.\" \/>\n<meta name=\"robots\" content=\"index, follow, max-snippet:-1, max-image-preview:large, max-video-preview:-1\" \/>\n<link rel=\"canonical\" href=\"https:\/\/www.marocchallenge.com\/it\/la-24a-edizione-della-maroc-challenge-batte-il-record-di-partecipazione\/\" \/>\n<meta property=\"og:locale\" content=\"it_IT\" \/>\n<meta property=\"og:type\" content=\"article\" \/>\n<meta property=\"og:title\" content=\"LA 24\u00aa EDIZIONE DELLA MAROC CHALLENGE BATTE IL RECORD DI PARTECIPAZIONE - Maroc Challenge\" \/>\n<meta property=\"og:description\" content=\"Questo fine settimana prende il via a Er-Rachidia, la porta del deserto marocchino, la 24\u00aa edizione della Maroc Challenge. Le verifiche amministrative e tecniche si svolgeranno sabato, mentre domenica ci sar\u00e0 la partenza ufficiale, che segna un record storico di squadre iscritte.\" \/>\n<meta property=\"og:url\" content=\"https:\/\/www.marocchallenge.com\/it\/la-24a-edizione-della-maroc-challenge-batte-il-record-di-partecipazione\/\" \/>\n<meta property=\"og:site_name\" content=\"Maroc Challenge\" \/>\n<meta property=\"article:publisher\" content=\"https:\/\/www.facebook.com\/MarocChallenge\/\" \/>\n<meta property=\"article:published_time\" content=\"2025-11-28T08:41:43+00:00\" \/>\n<meta property=\"article:modified_time\" content=\"2025-11-28T09:00:11+00:00\" \/>\n<meta property=\"og:image\" content=\"https:\/\/www.marocchallenge.com\/wp-content\/uploads\/2025\/11\/Maroc-Challenge-28_11.png\" \/>\n\t<meta property=\"og:image:width\" content=\"1200\" \/>\n\t<meta property=\"og:image:height\" content=\"675\" \/>\n\t<meta property=\"og:image:type\" content=\"image\/png\" \/>\n<meta name=\"author\" content=\"Rui Caba\u00e7o\" \/>\n<meta name=\"twitter:card\" content=\"summary_large_image\" \/>\n<meta name=\"twitter:creator\" content=\"@marochallenge\" \/>\n<meta name=\"twitter:site\" content=\"@marochallenge\" \/>\n<meta name=\"twitter:label1\" content=\"Scritto da\" \/>\n\t<meta name=\"twitter:data1\" content=\"Rui Caba\u00e7o\" \/>\n\t<meta name=\"twitter:label2\" content=\"Tempo di lettura stimato\" \/>\n\t<meta name=\"twitter:data2\" content=\"3 minuti\" \/>\n<script type=\"application\/ld+json\" class=\"yoast-schema-graph\">{\"@context\":\"https:\\\/\\\/schema.org\",\"@graph\":[{\"@type\":\"Article\",\"@id\":\"https:\\\/\\\/www.marocchallenge.com\\\/it\\\/la-24a-edizione-della-maroc-challenge-batte-il-record-di-partecipazione\\\/#article\",\"isPartOf\":{\"@id\":\"https:\\\/\\\/www.marocchallenge.com\\\/it\\\/la-24a-edizione-della-maroc-challenge-batte-il-record-di-partecipazione\\\/\"},\"author\":{\"name\":\"Rui Caba\u00e7o\",\"@id\":\"https:\\\/\\\/www.marocchallenge.com\\\/it\\\/#\\\/schema\\\/person\\\/298a597a188b0019416217b2301b9e10\"},\"headline\":\"LA 24\u00aa EDIZIONE DELLA MAROC CHALLENGE BATTE IL RECORD DI PARTECIPAZIONE\",\"datePublished\":\"2025-11-28T08:41:43+00:00\",\"dateModified\":\"2025-11-28T09:00:11+00:00\",\"mainEntityOfPage\":{\"@id\":\"https:\\\/\\\/www.marocchallenge.com\\\/it\\\/la-24a-edizione-della-maroc-challenge-batte-il-record-di-partecipazione\\\/\"},\"wordCount\":408,\"publisher\":{\"@id\":\"https:\\\/\\\/www.marocchallenge.com\\\/it\\\/#organization\"},\"image\":{\"@id\":\"https:\\\/\\\/www.marocchallenge.com\\\/it\\\/la-24a-edizione-della-maroc-challenge-batte-il-record-di-partecipazione\\\/#primaryimage\"},\"thumbnailUrl\":\"https:\\\/\\\/www.marocchallenge.com\\\/wp-content\\\/uploads\\\/2025\\\/11\\\/Maroc-Challenge-28_11.png\",\"articleSection\":[\"Noticias\"],\"inLanguage\":\"it-IT\"},{\"@type\":\"WebPage\",\"@id\":\"https:\\\/\\\/www.marocchallenge.com\\\/it\\\/la-24a-edizione-della-maroc-challenge-batte-il-record-di-partecipazione\\\/\",\"url\":\"https:\\\/\\\/www.marocchallenge.com\\\/it\\\/la-24a-edizione-della-maroc-challenge-batte-il-record-di-partecipazione\\\/\",\"name\":\"LA 24\u00aa EDIZIONE DELLA MAROC CHALLENGE BATTE IL RECORD DI PARTECIPAZIONE - Maroc Challenge\",\"isPartOf\":{\"@id\":\"https:\\\/\\\/www.marocchallenge.com\\\/it\\\/#website\"},\"primaryImageOfPage\":{\"@id\":\"https:\\\/\\\/www.marocchallenge.com\\\/it\\\/la-24a-edizione-della-maroc-challenge-batte-il-record-di-partecipazione\\\/#primaryimage\"},\"image\":{\"@id\":\"https:\\\/\\\/www.marocchallenge.com\\\/it\\\/la-24a-edizione-della-maroc-challenge-batte-il-record-di-partecipazione\\\/#primaryimage\"},\"thumbnailUrl\":\"https:\\\/\\\/www.marocchallenge.com\\\/wp-content\\\/uploads\\\/2025\\\/11\\\/Maroc-Challenge-28_11.png\",\"datePublished\":\"2025-11-28T08:41:43+00:00\",\"dateModified\":\"2025-11-28T09:00:11+00:00\",\"description\":\"Questo fine settimana prende il via a Er-Rachidia, la porta del deserto marocchino, la 24\u00aa edizione della Maroc Challenge. Le verifiche amministrative e tecniche si svolgeranno sabato, mentre domenica ci sar\u00e0 la partenza ufficiale, che segna un record storico di squadre iscritte.\",\"breadcrumb\":{\"@id\":\"https:\\\/\\\/www.marocchallenge.com\\\/it\\\/la-24a-edizione-della-maroc-challenge-batte-il-record-di-partecipazione\\\/#breadcrumb\"},\"inLanguage\":\"it-IT\",\"potentialAction\":[{\"@type\":\"ReadAction\",\"target\":[\"https:\\\/\\\/www.marocchallenge.com\\\/it\\\/la-24a-edizione-della-maroc-challenge-batte-il-record-di-partecipazione\\\/\"]}]},{\"@type\":\"ImageObject\",\"inLanguage\":\"it-IT\",\"@id\":\"https:\\\/\\\/www.marocchallenge.com\\\/it\\\/la-24a-edizione-della-maroc-challenge-batte-il-record-di-partecipazione\\\/#primaryimage\",\"url\":\"https:\\\/\\\/www.marocchallenge.com\\\/wp-content\\\/uploads\\\/2025\\\/11\\\/Maroc-Challenge-28_11.png\",\"contentUrl\":\"https:\\\/\\\/www.marocchallenge.com\\\/wp-content\\\/uploads\\\/2025\\\/11\\\/Maroc-Challenge-28_11.png\",\"width\":1200,\"height\":675},{\"@type\":\"BreadcrumbList\",\"@id\":\"https:\\\/\\\/www.marocchallenge.com\\\/it\\\/la-24a-edizione-della-maroc-challenge-batte-il-record-di-partecipazione\\\/#breadcrumb\",\"itemListElement\":[{\"@type\":\"ListItem\",\"position\":1,\"name\":\"Portada\",\"item\":\"https:\\\/\\\/www.marocchallenge.com\\\/it\\\/\"},{\"@type\":\"ListItem\",\"position\":2,\"name\":\"LA 24\u00aa EDIZIONE DELLA MAROC CHALLENGE BATTE IL RECORD DI PARTECIPAZIONE\"}]},{\"@type\":\"WebSite\",\"@id\":\"https:\\\/\\\/www.marocchallenge.com\\\/it\\\/#website\",\"url\":\"https:\\\/\\\/www.marocchallenge.com\\\/it\\\/\",\"name\":\"Maroc Challenge\",\"description\":\"La Dakar degli anni 70 pergli avventurosi di oggi\",\"publisher\":{\"@id\":\"https:\\\/\\\/www.marocchallenge.com\\\/it\\\/#organization\"},\"potentialAction\":[{\"@type\":\"SearchAction\",\"target\":{\"@type\":\"EntryPoint\",\"urlTemplate\":\"https:\\\/\\\/www.marocchallenge.com\\\/it\\\/?s={search_term_string}\"},\"query-input\":{\"@type\":\"PropertyValueSpecification\",\"valueRequired\":true,\"valueName\":\"search_term_string\"}}],\"inLanguage\":\"it-IT\"},{\"@type\":\"Organization\",\"@id\":\"https:\\\/\\\/www.marocchallenge.com\\\/it\\\/#organization\",\"name\":\"Maroc Challenge - El Dakar de los 70's para los aventureros de hoy\",\"url\":\"https:\\\/\\\/www.marocchallenge.com\\\/it\\\/\",\"logo\":{\"@type\":\"ImageObject\",\"inLanguage\":\"it-IT\",\"@id\":\"https:\\\/\\\/www.marocchallenge.com\\\/it\\\/#\\\/schema\\\/logo\\\/image\\\/\",\"url\":\"https:\\\/\\\/www.marocchallenge.com\\\/wp-content\\\/uploads\\\/2020\\\/03\\\/Logo-Maroc_Challenge.png\",\"contentUrl\":\"https:\\\/\\\/www.marocchallenge.com\\\/wp-content\\\/uploads\\\/2020\\\/03\\\/Logo-Maroc_Challenge.png\",\"width\":170,\"height\":96,\"caption\":\"Maroc Challenge - El Dakar de los 70's para los aventureros de hoy\"},\"image\":{\"@id\":\"https:\\\/\\\/www.marocchallenge.com\\\/it\\\/#\\\/schema\\\/logo\\\/image\\\/\"},\"sameAs\":[\"https:\\\/\\\/www.facebook.com\\\/MarocChallenge\\\/\",\"https:\\\/\\\/x.com\\\/marochallenge\",\"https:\\\/\\\/www.instagram.com\\\/marocchallenge\\\/\",\"https:\\\/\\\/www.linkedin.com\\\/company\\\/maroc-challenge\",\"https:\\\/\\\/www.youtube.com\\\/user\\\/MarocChallenge\"]},{\"@type\":\"Person\",\"@id\":\"https:\\\/\\\/www.marocchallenge.com\\\/it\\\/#\\\/schema\\\/person\\\/298a597a188b0019416217b2301b9e10\",\"name\":\"Rui Caba\u00e7o\",\"image\":{\"@type\":\"ImageObject\",\"inLanguage\":\"it-IT\",\"@id\":\"https:\\\/\\\/secure.gravatar.com\\\/avatar\\\/7ac3f434351cbd7875a5f064f6695a52ab4f6ffeb48c6bffb908c8e6f0e3bf73?s=96&d=mm&r=g\",\"url\":\"https:\\\/\\\/secure.gravatar.com\\\/avatar\\\/7ac3f434351cbd7875a5f064f6695a52ab4f6ffeb48c6bffb908c8e6f0e3bf73?s=96&d=mm&r=g\",\"contentUrl\":\"https:\\\/\\\/secure.gravatar.com\\\/avatar\\\/7ac3f434351cbd7875a5f064f6695a52ab4f6ffeb48c6bffb908c8e6f0e3bf73?s=96&d=mm&r=g\",\"caption\":\"Rui Caba\u00e7o\"}}]}<\/script>\n<!-- \/ Yoast SEO plugin. -->","yoast_head_json":{"title":"LA 24\u00aa EDIZIONE DELLA MAROC CHALLENGE BATTE IL RECORD DI PARTECIPAZIONE - Maroc Challenge","description":"Questo fine settimana prende il via a Er-Rachidia, la porta del deserto marocchino, la 24\u00aa edizione della Maroc Challenge. Le verifiche amministrative e tecniche si svolgeranno sabato, mentre domenica ci sar\u00e0 la partenza ufficiale, che segna un record storico di squadre iscritte.","robots":{"index":"index","follow":"follow","max-snippet":"max-snippet:-1","max-image-preview":"max-image-preview:large","max-video-preview":"max-video-preview:-1"},"canonical":"https:\/\/www.marocchallenge.com\/it\/la-24a-edizione-della-maroc-challenge-batte-il-record-di-partecipazione\/","og_locale":"it_IT","og_type":"article","og_title":"LA 24\u00aa EDIZIONE DELLA MAROC CHALLENGE BATTE IL RECORD DI PARTECIPAZIONE - Maroc Challenge","og_description":"Questo fine settimana prende il via a Er-Rachidia, la porta del deserto marocchino, la 24\u00aa edizione della Maroc Challenge. Le verifiche amministrative e tecniche si svolgeranno sabato, mentre domenica ci sar\u00e0 la partenza ufficiale, che segna un record storico di squadre iscritte.","og_url":"https:\/\/www.marocchallenge.com\/it\/la-24a-edizione-della-maroc-challenge-batte-il-record-di-partecipazione\/","og_site_name":"Maroc Challenge","article_publisher":"https:\/\/www.facebook.com\/MarocChallenge\/","article_published_time":"2025-11-28T08:41:43+00:00","article_modified_time":"2025-11-28T09:00:11+00:00","og_image":[{"width":1200,"height":675,"url":"https:\/\/www.marocchallenge.com\/wp-content\/uploads\/2025\/11\/Maroc-Challenge-28_11.png","type":"image\/png"}],"author":"Rui Caba\u00e7o","twitter_card":"summary_large_image","twitter_creator":"@marochallenge","twitter_site":"@marochallenge","twitter_misc":{"Scritto da":"Rui Caba\u00e7o","Tempo di lettura stimato":"3 minuti"},"schema":{"@context":"https:\/\/schema.org","@graph":[{"@type":"Article","@id":"https:\/\/www.marocchallenge.com\/it\/la-24a-edizione-della-maroc-challenge-batte-il-record-di-partecipazione\/#article","isPartOf":{"@id":"https:\/\/www.marocchallenge.com\/it\/la-24a-edizione-della-maroc-challenge-batte-il-record-di-partecipazione\/"},"author":{"name":"Rui Caba\u00e7o","@id":"https:\/\/www.marocchallenge.com\/it\/#\/schema\/person\/298a597a188b0019416217b2301b9e10"},"headline":"LA 24\u00aa EDIZIONE DELLA MAROC CHALLENGE BATTE IL RECORD DI PARTECIPAZIONE","datePublished":"2025-11-28T08:41:43+00:00","dateModified":"2025-11-28T09:00:11+00:00","mainEntityOfPage":{"@id":"https:\/\/www.marocchallenge.com\/it\/la-24a-edizione-della-maroc-challenge-batte-il-record-di-partecipazione\/"},"wordCount":408,"publisher":{"@id":"https:\/\/www.marocchallenge.com\/it\/#organization"},"image":{"@id":"https:\/\/www.marocchallenge.com\/it\/la-24a-edizione-della-maroc-challenge-batte-il-record-di-partecipazione\/#primaryimage"},"thumbnailUrl":"https:\/\/www.marocchallenge.com\/wp-content\/uploads\/2025\/11\/Maroc-Challenge-28_11.png","articleSection":["Noticias"],"inLanguage":"it-IT"},{"@type":"WebPage","@id":"https:\/\/www.marocchallenge.com\/it\/la-24a-edizione-della-maroc-challenge-batte-il-record-di-partecipazione\/","url":"https:\/\/www.marocchallenge.com\/it\/la-24a-edizione-della-maroc-challenge-batte-il-record-di-partecipazione\/","name":"LA 24\u00aa EDIZIONE DELLA MAROC CHALLENGE BATTE IL RECORD DI PARTECIPAZIONE - Maroc Challenge","isPartOf":{"@id":"https:\/\/www.marocchallenge.com\/it\/#website"},"primaryImageOfPage":{"@id":"https:\/\/www.marocchallenge.com\/it\/la-24a-edizione-della-maroc-challenge-batte-il-record-di-partecipazione\/#primaryimage"},"image":{"@id":"https:\/\/www.marocchallenge.com\/it\/la-24a-edizione-della-maroc-challenge-batte-il-record-di-partecipazione\/#primaryimage"},"thumbnailUrl":"https:\/\/www.marocchallenge.com\/wp-content\/uploads\/2025\/11\/Maroc-Challenge-28_11.png","datePublished":"2025-11-28T08:41:43+00:00","dateModified":"2025-11-28T09:00:11+00:00","description":"Questo fine settimana prende il via a Er-Rachidia, la porta del deserto marocchino, la 24\u00aa edizione della Maroc Challenge. Le verifiche amministrative e tecniche si svolgeranno sabato, mentre domenica ci sar\u00e0 la partenza ufficiale, che segna un record storico di squadre iscritte.","breadcrumb":{"@id":"https:\/\/www.marocchallenge.com\/it\/la-24a-edizione-della-maroc-challenge-batte-il-record-di-partecipazione\/#breadcrumb"},"inLanguage":"it-IT","potentialAction":[{"@type":"ReadAction","target":["https:\/\/www.marocchallenge.com\/it\/la-24a-edizione-della-maroc-challenge-batte-il-record-di-partecipazione\/"]}]},{"@type":"ImageObject","inLanguage":"it-IT","@id":"https:\/\/www.marocchallenge.com\/it\/la-24a-edizione-della-maroc-challenge-batte-il-record-di-partecipazione\/#primaryimage","url":"https:\/\/www.marocchallenge.com\/wp-content\/uploads\/2025\/11\/Maroc-Challenge-28_11.png","contentUrl":"https:\/\/www.marocchallenge.com\/wp-content\/uploads\/2025\/11\/Maroc-Challenge-28_11.png","width":1200,"height":675},{"@type":"BreadcrumbList","@id":"https:\/\/www.marocchallenge.com\/it\/la-24a-edizione-della-maroc-challenge-batte-il-record-di-partecipazione\/#breadcrumb","itemListElement":[{"@type":"ListItem","position":1,"name":"Portada","item":"https:\/\/www.marocchallenge.com\/it\/"},{"@type":"ListItem","position":2,"name":"LA 24\u00aa EDIZIONE DELLA MAROC CHALLENGE BATTE IL RECORD DI PARTECIPAZIONE"}]},{"@type":"WebSite","@id":"https:\/\/www.marocchallenge.com\/it\/#website","url":"https:\/\/www.marocchallenge.com\/it\/","name":"Maroc Challenge","description":"La Dakar degli anni 70 pergli avventurosi di oggi","publisher":{"@id":"https:\/\/www.marocchallenge.com\/it\/#organization"},"potentialAction":[{"@type":"SearchAction","target":{"@type":"EntryPoint","urlTemplate":"https:\/\/www.marocchallenge.com\/it\/?s={search_term_string}"},"query-input":{"@type":"PropertyValueSpecification","valueRequired":true,"valueName":"search_term_string"}}],"inLanguage":"it-IT"},{"@type":"Organization","@id":"https:\/\/www.marocchallenge.com\/it\/#organization","name":"Maroc Challenge - El Dakar de los 70's para los aventureros de hoy","url":"https:\/\/www.marocchallenge.com\/it\/","logo":{"@type":"ImageObject","inLanguage":"it-IT","@id":"https:\/\/www.marocchallenge.com\/it\/#\/schema\/logo\/image\/","url":"https:\/\/www.marocchallenge.com\/wp-content\/uploads\/2020\/03\/Logo-Maroc_Challenge.png","contentUrl":"https:\/\/www.marocchallenge.com\/wp-content\/uploads\/2020\/03\/Logo-Maroc_Challenge.png","width":170,"height":96,"caption":"Maroc Challenge - El Dakar de los 70's para los aventureros de hoy"},"image":{"@id":"https:\/\/www.marocchallenge.com\/it\/#\/schema\/logo\/image\/"},"sameAs":["https:\/\/www.facebook.com\/MarocChallenge\/","https:\/\/x.com\/marochallenge","https:\/\/www.instagram.com\/marocchallenge\/","https:\/\/www.linkedin.com\/company\/maroc-challenge","https:\/\/www.youtube.com\/user\/MarocChallenge"]},{"@type":"Person","@id":"https:\/\/www.marocchallenge.com\/it\/#\/schema\/person\/298a597a188b0019416217b2301b9e10","name":"Rui Caba\u00e7o","image":{"@type":"ImageObject","inLanguage":"it-IT","@id":"https:\/\/secure.gravatar.com\/avatar\/7ac3f434351cbd7875a5f064f6695a52ab4f6ffeb48c6bffb908c8e6f0e3bf73?s=96&d=mm&r=g","url":"https:\/\/secure.gravatar.com\/avatar\/7ac3f434351cbd7875a5f064f6695a52ab4f6ffeb48c6bffb908c8e6f0e3bf73?s=96&d=mm&r=g","contentUrl":"https:\/\/secure.gravatar.com\/avatar\/7ac3f434351cbd7875a5f064f6695a52ab4f6ffeb48c6bffb908c8e6f0e3bf73?s=96&d=mm&r=g","caption":"Rui Caba\u00e7o"}}]}},"_links":{"self":[{"href":"https:\/\/www.marocchallenge.com\/it\/wp-json\/wp\/v2\/posts\/23918","targetHints":{"allow":["GET"]}}],"collection":[{"href":"https:\/\/www.marocchallenge.com\/it\/wp-json\/wp\/v2\/posts"}],"about":[{"href":"https:\/\/www.marocchallenge.com\/it\/wp-json\/wp\/v2\/types\/post"}],"author":[{"embeddable":true,"href":"https:\/\/www.marocchallenge.com\/it\/wp-json\/wp\/v2\/users\/2"}],"replies":[{"embeddable":true,"href":"https:\/\/www.marocchallenge.com\/it\/wp-json\/wp\/v2\/comments?post=23918"}],"version-history":[{"count":3,"href":"https:\/\/www.marocchallenge.com\/it\/wp-json\/wp\/v2\/posts\/23918\/revisions"}],"predecessor-version":[{"id":23926,"href":"https:\/\/www.marocchallenge.com\/it\/wp-json\/wp\/v2\/posts\/23918\/revisions\/23926"}],"wp:featuredmedia":[{"embeddable":true,"href":"https:\/\/www.marocchallenge.com\/it\/wp-json\/wp\/v2\/media\/23912"}],"wp:attachment":[{"href":"https:\/\/www.marocchallenge.com\/it\/wp-json\/wp\/v2\/media?parent=23918"}],"wp:term":[{"taxonomy":"category","embeddable":true,"href":"https:\/\/www.marocchallenge.com\/it\/wp-json\/wp\/v2\/categories?post=23918"},{"taxonomy":"post_tag","embeddable":true,"href":"https:\/\/www.marocchallenge.com\/it\/wp-json\/wp\/v2\/tags?post=23918"}],"curies":[{"name":"wp","href":"https:\/\/api.w.org\/{rel}","templated":true}]}}