{"id":11984,"date":"2019-09-24T11:01:11","date_gmt":"2019-09-24T11:01:11","guid":{"rendered":"http:\/\/www.marocchallenge.eu\/winter-2019-jumilla-se-vuelca-con-la-salida\/"},"modified":"2020-04-30T05:12:52","modified_gmt":"2020-04-30T05:12:52","slug":"winter-2019-jumilla-se-envolve-na-partida","status":"publish","type":"post","link":"https:\/\/www.marocchallenge.com\/pt-pt\/winter-2019-jumilla-se-envolve-na-partida\/","title":{"rendered":"WINTER 2019: JUMILLA SE ENVOLVE NA PARTIDA"},"content":{"rendered":"<p><img decoding=\"async\" class=\"alignnone size-full wp-image-9315\" src=\"https:\/\/senegalchallenge.com\/wp-content\/uploads\/sites\/5\/2019\/12\/Jumilla-Spain.jpg\" alt=\"\" width=\"1280\" height=\"687\" \/><\/p>\n<h2>Jumilla acolher\u00e1 pela sexta vez a partida da Maroc Challenge, que se disputar\u00e1 de 29 de novembro a 7 de dezembro. A cidade Murciana, com grande fama pelos seus vinhos de qualidade, ser\u00e1 a sede oficial da partida na pr\u00f3xima edi\u00e7\u00e3o de inverno e ser\u00e1 o ponto de encontro da caravana nos dias 29 e 30 de novembro.<\/h2>\n<p>Os participantes ir\u00e3o chegando a Jumilla sexta feira 29 de novembro, que ser\u00e1 quando irao realizar as verifica\u00e7\u00f5es t\u00e9cnicas e administrativas, a sa\u00edda oficial ser\u00e1 as 9:00 horas de s\u00e1bado do \u00a0Paseo Lorenzo Guardiola. Os entusiastas e amigos de Jumilla prepararam diversos atos para celebrar a passagem da prova pela cidade. Se adiantou o seu hor\u00e1rio com respeito as anteriores por causa do embarque, no porto de Motril, que esta previsto para as 15.30 horas.<\/p>\n<p>O acontecimento que foi apresentado esta sexta feira na sala de imprensa da Camara, ato este que foi presidido pela Alcaide, Juana Guardiola, e que tamb\u00e9m estiveram presentes o veriador do desporto, Jos\u00e9 Antonio Jim\u00e9nez, e o briefingman da Maroc Challenge, Rui Caba\u00e7o, o chefe de assist\u00eancia, Julio Tom\u00e1s, assim como Antonio T\u00e1rraga, em representa\u00e7\u00e3o do Club 4\u00d74 Montesinos, que \u00e9 a alma que mantem a organiza\u00e7\u00e3o da partida.<\/p>\n<p>Tanto a Alcaide, Juana Guardiola, como o veriador do desporto, Jos\u00e9 Antonio Jim\u00e9nez, ressalvaram \u201ca import\u00e2ncia que tem para Jumilla que esta prova nos elejapela sexta vez para iniciar a sua marcha\u201d. Rui Caba\u00e7o demonstrou a sua satisfa\u00e7\u00e3o pela \u201crepercuss\u00e3omediatica da prova, que cada vez \u00e9 mais internacional e maior\u201d. Por parte de Julio Tom\u00e1s assinalou que \u201ccada vez se empregam mais meios t\u00e9cnicos com o objetivo que os participantes estejam mais c\u00f3modos e seguros\u201d, enquanto Antonio T\u00e1rraga indicou que \u201c\u00e9 um orgulho que a prova retorne a Jumilla\u201d.<\/p>\n","protected":false},"excerpt":{"rendered":"<p>Jumilla acolher\u00e1 pela sexta vez a partida da Maroc Challenge,<\/p>\n","protected":false},"author":5,"featured_media":10985,"comment_status":"closed","ping_status":"closed","sticky":false,"template":"","format":"standard","meta":{"footnotes":""},"categories":[93],"tags":[],"class_list":["post-11984","post","type-post","status-publish","format-standard","has-post-thumbnail","hentry","category-noticias-pt-pt"],"yoast_head":"<!-- This site is optimized with the Yoast SEO plugin v27.4 - https:\/\/yoast.com\/product\/yoast-seo-wordpress\/ -->\n<title>WINTER 2019: JUMILLA SE ENVOLVE NA PARTIDA<\/title>\n<meta name=\"description\" content=\"Jumilla acolher\u00e1 pela sexta vez a partida da Maroc Challenge, que se disputar\u00e1 de 29 de novembro a 7 de dezembro.\" \/>\n<meta name=\"robots\" content=\"index, follow, max-snippet:-1, max-image-preview:large, max-video-preview:-1\" \/>\n<link rel=\"canonical\" href=\"https:\/\/www.marocchallenge.com\/pt-pt\/winter-2019-jumilla-se-envolve-na-partida\/\" \/>\n<meta property=\"og:locale\" content=\"pt_PT\" \/>\n<meta property=\"og:type\" content=\"article\" \/>\n<meta property=\"og:title\" content=\"WINTER 2019: JUMILLA SE ENVOLVE NA PARTIDA\" \/>\n<meta property=\"og:description\" content=\"Jumilla acolher\u00e1 pela sexta vez a partida da Maroc Challenge, que se disputar\u00e1 de 29 de novembro a 7 de dezembro.\" \/>\n<meta property=\"og:url\" content=\"https:\/\/www.marocchallenge.com\/pt-pt\/winter-2019-jumilla-se-envolve-na-partida\/\" \/>\n<meta property=\"og:site_name\" content=\"Maroc Challenge\" \/>\n<meta property=\"article:publisher\" content=\"https:\/\/www.facebook.com\/MarocChallenge\/\" \/>\n<meta property=\"article:published_time\" content=\"2019-09-24T11:01:11+00:00\" \/>\n<meta property=\"article:modified_time\" content=\"2020-04-30T05:12:52+00:00\" \/>\n<meta property=\"og:image\" content=\"https:\/\/www.marocchallenge.com\/wp-content\/uploads\/2019\/09\/Jumilla-Spain.jpg\" \/>\n\t<meta property=\"og:image:width\" content=\"800\" \/>\n\t<meta property=\"og:image:height\" content=\"418\" \/>\n\t<meta property=\"og:image:type\" content=\"image\/jpeg\" \/>\n<meta name=\"author\" content=\"Angel Reig\" \/>\n<meta name=\"twitter:card\" content=\"summary_large_image\" \/>\n<meta name=\"twitter:creator\" content=\"@marochallenge\" \/>\n<meta name=\"twitter:site\" content=\"@marochallenge\" \/>\n<meta name=\"twitter:label1\" content=\"Escrito por\" \/>\n\t<meta name=\"twitter:data1\" content=\"Angel Reig\" \/>\n\t<meta name=\"twitter:label2\" content=\"Tempo estimado de leitura\" \/>\n\t<meta name=\"twitter:data2\" content=\"2 minutos\" \/>\n<script type=\"application\/ld+json\" class=\"yoast-schema-graph\">{\"@context\":\"https:\\\/\\\/schema.org\",\"@graph\":[{\"@type\":\"Article\",\"@id\":\"https:\\\/\\\/www.marocchallenge.com\\\/pt-pt\\\/winter-2019-jumilla-se-envolve-na-partida\\\/#article\",\"isPartOf\":{\"@id\":\"https:\\\/\\\/www.marocchallenge.com\\\/pt-pt\\\/winter-2019-jumilla-se-envolve-na-partida\\\/\"},\"author\":{\"name\":\"Angel Reig\",\"@id\":\"https:\\\/\\\/www.marocchallenge.com\\\/pt-pt\\\/#\\\/schema\\\/person\\\/a2f08c303055ab5b0da4ad6b788f15a1\"},\"headline\":\"WINTER 2019: JUMILLA SE ENVOLVE NA PARTIDA\",\"datePublished\":\"2019-09-24T11:01:11+00:00\",\"dateModified\":\"2020-04-30T05:12:52+00:00\",\"mainEntityOfPage\":{\"@id\":\"https:\\\/\\\/www.marocchallenge.com\\\/pt-pt\\\/winter-2019-jumilla-se-envolve-na-partida\\\/\"},\"wordCount\":311,\"publisher\":{\"@id\":\"https:\\\/\\\/www.marocchallenge.com\\\/pt-pt\\\/#organization\"},\"image\":{\"@id\":\"https:\\\/\\\/www.marocchallenge.com\\\/pt-pt\\\/winter-2019-jumilla-se-envolve-na-partida\\\/#primaryimage\"},\"thumbnailUrl\":\"https:\\\/\\\/www.marocchallenge.com\\\/wp-content\\\/uploads\\\/2019\\\/09\\\/Jumilla-Spain.jpg\",\"articleSection\":[\"Noticias\"],\"inLanguage\":\"pt-PT\"},{\"@type\":\"WebPage\",\"@id\":\"https:\\\/\\\/www.marocchallenge.com\\\/pt-pt\\\/winter-2019-jumilla-se-envolve-na-partida\\\/\",\"url\":\"https:\\\/\\\/www.marocchallenge.com\\\/pt-pt\\\/winter-2019-jumilla-se-envolve-na-partida\\\/\",\"name\":\"WINTER 2019: JUMILLA SE ENVOLVE NA PARTIDA\",\"isPartOf\":{\"@id\":\"https:\\\/\\\/www.marocchallenge.com\\\/pt-pt\\\/#website\"},\"primaryImageOfPage\":{\"@id\":\"https:\\\/\\\/www.marocchallenge.com\\\/pt-pt\\\/winter-2019-jumilla-se-envolve-na-partida\\\/#primaryimage\"},\"image\":{\"@id\":\"https:\\\/\\\/www.marocchallenge.com\\\/pt-pt\\\/winter-2019-jumilla-se-envolve-na-partida\\\/#primaryimage\"},\"thumbnailUrl\":\"https:\\\/\\\/www.marocchallenge.com\\\/wp-content\\\/uploads\\\/2019\\\/09\\\/Jumilla-Spain.jpg\",\"datePublished\":\"2019-09-24T11:01:11+00:00\",\"dateModified\":\"2020-04-30T05:12:52+00:00\",\"description\":\"Jumilla acolher\u00e1 pela sexta vez a partida da Maroc Challenge, que se disputar\u00e1 de 29 de novembro a 7 de dezembro.\",\"breadcrumb\":{\"@id\":\"https:\\\/\\\/www.marocchallenge.com\\\/pt-pt\\\/winter-2019-jumilla-se-envolve-na-partida\\\/#breadcrumb\"},\"inLanguage\":\"pt-PT\",\"potentialAction\":[{\"@type\":\"ReadAction\",\"target\":[\"https:\\\/\\\/www.marocchallenge.com\\\/pt-pt\\\/winter-2019-jumilla-se-envolve-na-partida\\\/\"]}]},{\"@type\":\"ImageObject\",\"inLanguage\":\"pt-PT\",\"@id\":\"https:\\\/\\\/www.marocchallenge.com\\\/pt-pt\\\/winter-2019-jumilla-se-envolve-na-partida\\\/#primaryimage\",\"url\":\"https:\\\/\\\/www.marocchallenge.com\\\/wp-content\\\/uploads\\\/2019\\\/09\\\/Jumilla-Spain.jpg\",\"contentUrl\":\"https:\\\/\\\/www.marocchallenge.com\\\/wp-content\\\/uploads\\\/2019\\\/09\\\/Jumilla-Spain.jpg\",\"width\":800,\"height\":418,\"caption\":\"Salida oficial jumilla\"},{\"@type\":\"BreadcrumbList\",\"@id\":\"https:\\\/\\\/www.marocchallenge.com\\\/pt-pt\\\/winter-2019-jumilla-se-envolve-na-partida\\\/#breadcrumb\",\"itemListElement\":[{\"@type\":\"ListItem\",\"position\":1,\"name\":\"Portada\",\"item\":\"https:\\\/\\\/www.marocchallenge.com\\\/pt-pt\\\/\"},{\"@type\":\"ListItem\",\"position\":2,\"name\":\"WINTER 2019: JUMILLA SE ENVOLVE NA PARTIDA\"}]},{\"@type\":\"WebSite\",\"@id\":\"https:\\\/\\\/www.marocchallenge.com\\\/pt-pt\\\/#website\",\"url\":\"https:\\\/\\\/www.marocchallenge.com\\\/pt-pt\\\/\",\"name\":\"Maroc Challenge\",\"description\":\"O Dakar dos anos 70 para os aventureiros de hoje\",\"publisher\":{\"@id\":\"https:\\\/\\\/www.marocchallenge.com\\\/pt-pt\\\/#organization\"},\"potentialAction\":[{\"@type\":\"SearchAction\",\"target\":{\"@type\":\"EntryPoint\",\"urlTemplate\":\"https:\\\/\\\/www.marocchallenge.com\\\/pt-pt\\\/?s={search_term_string}\"},\"query-input\":{\"@type\":\"PropertyValueSpecification\",\"valueRequired\":true,\"valueName\":\"search_term_string\"}}],\"inLanguage\":\"pt-PT\"},{\"@type\":\"Organization\",\"@id\":\"https:\\\/\\\/www.marocchallenge.com\\\/pt-pt\\\/#organization\",\"name\":\"Maroc Challenge - El Dakar de los 70's para los aventureros de hoy\",\"url\":\"https:\\\/\\\/www.marocchallenge.com\\\/pt-pt\\\/\",\"logo\":{\"@type\":\"ImageObject\",\"inLanguage\":\"pt-PT\",\"@id\":\"https:\\\/\\\/www.marocchallenge.com\\\/pt-pt\\\/#\\\/schema\\\/logo\\\/image\\\/\",\"url\":\"https:\\\/\\\/www.marocchallenge.com\\\/wp-content\\\/uploads\\\/2020\\\/03\\\/Logo-Maroc_Challenge.png\",\"contentUrl\":\"https:\\\/\\\/www.marocchallenge.com\\\/wp-content\\\/uploads\\\/2020\\\/03\\\/Logo-Maroc_Challenge.png\",\"width\":170,\"height\":96,\"caption\":\"Maroc Challenge - El Dakar de los 70's para los aventureros de hoy\"},\"image\":{\"@id\":\"https:\\\/\\\/www.marocchallenge.com\\\/pt-pt\\\/#\\\/schema\\\/logo\\\/image\\\/\"},\"sameAs\":[\"https:\\\/\\\/www.facebook.com\\\/MarocChallenge\\\/\",\"https:\\\/\\\/x.com\\\/marochallenge\",\"https:\\\/\\\/www.instagram.com\\\/marocchallenge\\\/\",\"https:\\\/\\\/www.linkedin.com\\\/company\\\/maroc-challenge\",\"https:\\\/\\\/www.youtube.com\\\/user\\\/MarocChallenge\"]},{\"@type\":\"Person\",\"@id\":\"https:\\\/\\\/www.marocchallenge.com\\\/pt-pt\\\/#\\\/schema\\\/person\\\/a2f08c303055ab5b0da4ad6b788f15a1\",\"name\":\"Angel Reig\",\"image\":{\"@type\":\"ImageObject\",\"inLanguage\":\"pt-PT\",\"@id\":\"https:\\\/\\\/secure.gravatar.com\\\/avatar\\\/4e3ec081afc2d81d22c7c54c309c01cc86a8927798cad3495fc1087930fa385e?s=96&d=mm&r=g\",\"url\":\"https:\\\/\\\/secure.gravatar.com\\\/avatar\\\/4e3ec081afc2d81d22c7c54c309c01cc86a8927798cad3495fc1087930fa385e?s=96&d=mm&r=g\",\"contentUrl\":\"https:\\\/\\\/secure.gravatar.com\\\/avatar\\\/4e3ec081afc2d81d22c7c54c309c01cc86a8927798cad3495fc1087930fa385e?s=96&d=mm&r=g\",\"caption\":\"Angel Reig\"}}]}<\/script>\n<!-- \/ Yoast SEO plugin. -->","yoast_head_json":{"title":"WINTER 2019: JUMILLA SE ENVOLVE NA PARTIDA","description":"Jumilla acolher\u00e1 pela sexta vez a partida da Maroc Challenge, que se disputar\u00e1 de 29 de novembro a 7 de dezembro.","robots":{"index":"index","follow":"follow","max-snippet":"max-snippet:-1","max-image-preview":"max-image-preview:large","max-video-preview":"max-video-preview:-1"},"canonical":"https:\/\/www.marocchallenge.com\/pt-pt\/winter-2019-jumilla-se-envolve-na-partida\/","og_locale":"pt_PT","og_type":"article","og_title":"WINTER 2019: JUMILLA SE ENVOLVE NA PARTIDA","og_description":"Jumilla acolher\u00e1 pela sexta vez a partida da Maroc Challenge, que se disputar\u00e1 de 29 de novembro a 7 de dezembro.","og_url":"https:\/\/www.marocchallenge.com\/pt-pt\/winter-2019-jumilla-se-envolve-na-partida\/","og_site_name":"Maroc Challenge","article_publisher":"https:\/\/www.facebook.com\/MarocChallenge\/","article_published_time":"2019-09-24T11:01:11+00:00","article_modified_time":"2020-04-30T05:12:52+00:00","og_image":[{"width":800,"height":418,"url":"https:\/\/www.marocchallenge.com\/wp-content\/uploads\/2019\/09\/Jumilla-Spain.jpg","type":"image\/jpeg"}],"author":"Angel Reig","twitter_card":"summary_large_image","twitter_creator":"@marochallenge","twitter_site":"@marochallenge","twitter_misc":{"Escrito por":"Angel Reig","Tempo estimado de leitura":"2 minutos"},"schema":{"@context":"https:\/\/schema.org","@graph":[{"@type":"Article","@id":"https:\/\/www.marocchallenge.com\/pt-pt\/winter-2019-jumilla-se-envolve-na-partida\/#article","isPartOf":{"@id":"https:\/\/www.marocchallenge.com\/pt-pt\/winter-2019-jumilla-se-envolve-na-partida\/"},"author":{"name":"Angel Reig","@id":"https:\/\/www.marocchallenge.com\/pt-pt\/#\/schema\/person\/a2f08c303055ab5b0da4ad6b788f15a1"},"headline":"WINTER 2019: JUMILLA SE ENVOLVE NA PARTIDA","datePublished":"2019-09-24T11:01:11+00:00","dateModified":"2020-04-30T05:12:52+00:00","mainEntityOfPage":{"@id":"https:\/\/www.marocchallenge.com\/pt-pt\/winter-2019-jumilla-se-envolve-na-partida\/"},"wordCount":311,"publisher":{"@id":"https:\/\/www.marocchallenge.com\/pt-pt\/#organization"},"image":{"@id":"https:\/\/www.marocchallenge.com\/pt-pt\/winter-2019-jumilla-se-envolve-na-partida\/#primaryimage"},"thumbnailUrl":"https:\/\/www.marocchallenge.com\/wp-content\/uploads\/2019\/09\/Jumilla-Spain.jpg","articleSection":["Noticias"],"inLanguage":"pt-PT"},{"@type":"WebPage","@id":"https:\/\/www.marocchallenge.com\/pt-pt\/winter-2019-jumilla-se-envolve-na-partida\/","url":"https:\/\/www.marocchallenge.com\/pt-pt\/winter-2019-jumilla-se-envolve-na-partida\/","name":"WINTER 2019: JUMILLA SE ENVOLVE NA PARTIDA","isPartOf":{"@id":"https:\/\/www.marocchallenge.com\/pt-pt\/#website"},"primaryImageOfPage":{"@id":"https:\/\/www.marocchallenge.com\/pt-pt\/winter-2019-jumilla-se-envolve-na-partida\/#primaryimage"},"image":{"@id":"https:\/\/www.marocchallenge.com\/pt-pt\/winter-2019-jumilla-se-envolve-na-partida\/#primaryimage"},"thumbnailUrl":"https:\/\/www.marocchallenge.com\/wp-content\/uploads\/2019\/09\/Jumilla-Spain.jpg","datePublished":"2019-09-24T11:01:11+00:00","dateModified":"2020-04-30T05:12:52+00:00","description":"Jumilla acolher\u00e1 pela sexta vez a partida da Maroc Challenge, que se disputar\u00e1 de 29 de novembro a 7 de dezembro.","breadcrumb":{"@id":"https:\/\/www.marocchallenge.com\/pt-pt\/winter-2019-jumilla-se-envolve-na-partida\/#breadcrumb"},"inLanguage":"pt-PT","potentialAction":[{"@type":"ReadAction","target":["https:\/\/www.marocchallenge.com\/pt-pt\/winter-2019-jumilla-se-envolve-na-partida\/"]}]},{"@type":"ImageObject","inLanguage":"pt-PT","@id":"https:\/\/www.marocchallenge.com\/pt-pt\/winter-2019-jumilla-se-envolve-na-partida\/#primaryimage","url":"https:\/\/www.marocchallenge.com\/wp-content\/uploads\/2019\/09\/Jumilla-Spain.jpg","contentUrl":"https:\/\/www.marocchallenge.com\/wp-content\/uploads\/2019\/09\/Jumilla-Spain.jpg","width":800,"height":418,"caption":"Salida oficial jumilla"},{"@type":"BreadcrumbList","@id":"https:\/\/www.marocchallenge.com\/pt-pt\/winter-2019-jumilla-se-envolve-na-partida\/#breadcrumb","itemListElement":[{"@type":"ListItem","position":1,"name":"Portada","item":"https:\/\/www.marocchallenge.com\/pt-pt\/"},{"@type":"ListItem","position":2,"name":"WINTER 2019: JUMILLA SE ENVOLVE NA PARTIDA"}]},{"@type":"WebSite","@id":"https:\/\/www.marocchallenge.com\/pt-pt\/#website","url":"https:\/\/www.marocchallenge.com\/pt-pt\/","name":"Maroc Challenge","description":"O Dakar dos anos 70 para os aventureiros de hoje","publisher":{"@id":"https:\/\/www.marocchallenge.com\/pt-pt\/#organization"},"potentialAction":[{"@type":"SearchAction","target":{"@type":"EntryPoint","urlTemplate":"https:\/\/www.marocchallenge.com\/pt-pt\/?s={search_term_string}"},"query-input":{"@type":"PropertyValueSpecification","valueRequired":true,"valueName":"search_term_string"}}],"inLanguage":"pt-PT"},{"@type":"Organization","@id":"https:\/\/www.marocchallenge.com\/pt-pt\/#organization","name":"Maroc Challenge - El Dakar de los 70's para los aventureros de hoy","url":"https:\/\/www.marocchallenge.com\/pt-pt\/","logo":{"@type":"ImageObject","inLanguage":"pt-PT","@id":"https:\/\/www.marocchallenge.com\/pt-pt\/#\/schema\/logo\/image\/","url":"https:\/\/www.marocchallenge.com\/wp-content\/uploads\/2020\/03\/Logo-Maroc_Challenge.png","contentUrl":"https:\/\/www.marocchallenge.com\/wp-content\/uploads\/2020\/03\/Logo-Maroc_Challenge.png","width":170,"height":96,"caption":"Maroc Challenge - El Dakar de los 70's para los aventureros de hoy"},"image":{"@id":"https:\/\/www.marocchallenge.com\/pt-pt\/#\/schema\/logo\/image\/"},"sameAs":["https:\/\/www.facebook.com\/MarocChallenge\/","https:\/\/x.com\/marochallenge","https:\/\/www.instagram.com\/marocchallenge\/","https:\/\/www.linkedin.com\/company\/maroc-challenge","https:\/\/www.youtube.com\/user\/MarocChallenge"]},{"@type":"Person","@id":"https:\/\/www.marocchallenge.com\/pt-pt\/#\/schema\/person\/a2f08c303055ab5b0da4ad6b788f15a1","name":"Angel Reig","image":{"@type":"ImageObject","inLanguage":"pt-PT","@id":"https:\/\/secure.gravatar.com\/avatar\/4e3ec081afc2d81d22c7c54c309c01cc86a8927798cad3495fc1087930fa385e?s=96&d=mm&r=g","url":"https:\/\/secure.gravatar.com\/avatar\/4e3ec081afc2d81d22c7c54c309c01cc86a8927798cad3495fc1087930fa385e?s=96&d=mm&r=g","contentUrl":"https:\/\/secure.gravatar.com\/avatar\/4e3ec081afc2d81d22c7c54c309c01cc86a8927798cad3495fc1087930fa385e?s=96&d=mm&r=g","caption":"Angel Reig"}}]}},"_links":{"self":[{"href":"https:\/\/www.marocchallenge.com\/pt-pt\/wp-json\/wp\/v2\/posts\/11984","targetHints":{"allow":["GET"]}}],"collection":[{"href":"https:\/\/www.marocchallenge.com\/pt-pt\/wp-json\/wp\/v2\/posts"}],"about":[{"href":"https:\/\/www.marocchallenge.com\/pt-pt\/wp-json\/wp\/v2\/types\/post"}],"author":[{"embeddable":true,"href":"https:\/\/www.marocchallenge.com\/pt-pt\/wp-json\/wp\/v2\/users\/5"}],"replies":[{"embeddable":true,"href":"https:\/\/www.marocchallenge.com\/pt-pt\/wp-json\/wp\/v2\/comments?post=11984"}],"version-history":[{"count":2,"href":"https:\/\/www.marocchallenge.com\/pt-pt\/wp-json\/wp\/v2\/posts\/11984\/revisions"}],"predecessor-version":[{"id":11995,"href":"https:\/\/www.marocchallenge.com\/pt-pt\/wp-json\/wp\/v2\/posts\/11984\/revisions\/11995"}],"wp:featuredmedia":[{"embeddable":true,"href":"https:\/\/www.marocchallenge.com\/pt-pt\/wp-json\/wp\/v2\/media\/10985"}],"wp:attachment":[{"href":"https:\/\/www.marocchallenge.com\/pt-pt\/wp-json\/wp\/v2\/media?parent=11984"}],"wp:term":[{"taxonomy":"category","embeddable":true,"href":"https:\/\/www.marocchallenge.com\/pt-pt\/wp-json\/wp\/v2\/categories?post=11984"},{"taxonomy":"post_tag","embeddable":true,"href":"https:\/\/www.marocchallenge.com\/pt-pt\/wp-json\/wp\/v2\/tags?post=11984"}],"curies":[{"name":"wp","href":"https:\/\/api.w.org\/{rel}","templated":true}]}}