{"id":16528,"date":"2021-04-24T08:01:06","date_gmt":"2021-04-24T08:01:06","guid":{"rendered":"https:\/\/www.marocchallenge.com\/28-de-abril-abrimos-inscripciones\/"},"modified":"2021-04-24T08:13:12","modified_gmt":"2021-04-24T08:13:12","slug":"28-de-abril-abrimos-inscricoes","status":"publish","type":"post","link":"https:\/\/www.marocchallenge.com\/pt-pt\/28-de-abril-abrimos-inscricoes\/","title":{"rendered":"28 DE ABRIL, ABRIMOS INSCRI\u00c7\u00d5ES!"},"content":{"rendered":"<h2><img decoding=\"async\" class=\"alignnone wp-image-16523 size-full\" src=\"https:\/\/www.marocchallenge.com\/wp-content\/uploads\/2021\/04\/Spring-2021-1.jpg\" alt=\"\" width=\"1200\" height=\"675\" srcset=\"https:\/\/www.marocchallenge.com\/wp-content\/uploads\/2021\/04\/Spring-2021-1-200x113.jpg 200w, https:\/\/www.marocchallenge.com\/wp-content\/uploads\/2021\/04\/Spring-2021-1-300x169.jpg 300w, https:\/\/www.marocchallenge.com\/wp-content\/uploads\/2021\/04\/Spring-2021-1-400x225.jpg 400w, https:\/\/www.marocchallenge.com\/wp-content\/uploads\/2021\/04\/Spring-2021-1-600x338.jpg 600w, https:\/\/www.marocchallenge.com\/wp-content\/uploads\/2021\/04\/Spring-2021-1-768x432.jpg 768w, https:\/\/www.marocchallenge.com\/wp-content\/uploads\/2021\/04\/Spring-2021-1-800x450.jpg 800w, https:\/\/www.marocchallenge.com\/wp-content\/uploads\/2021\/04\/Spring-2021-1-1024x576.jpg 1024w, https:\/\/www.marocchallenge.com\/wp-content\/uploads\/2021\/04\/Spring-2021-1.jpg 1200w\" sizes=\"(max-width: 1200px) 100vw, 1200px\" \/><\/h2>\n<h2>As inscri\u00e7\u00f5es para a Winter 2021 abrem dia 28 de abril. Esta edi\u00e7\u00e3o tao especial para todos nos ter\u00e1 muitas novidades. A partida oficial ser\u00e1 em Al Hoceima, em Marrocos, nas margens do Mediterr\u00e2neo, o itiner\u00e1rio ser\u00e1 liniar e a prova acabar\u00e1 em Erfoud.<\/h2>\n<p>Estamos a preparar um percurso muito especial onde as plan\u00edcies des\u00e9rticas e a areia ser\u00e3o o habitat predominante passando por povoa\u00e7\u00f5es tao carism\u00e1ticas como <strong>Matarka, Erfoud, Foum-Zguid, Zagora e Merzouga<\/strong>.<\/p>\n<p>Na nossa\u00a0 web, podeis consultar todos los detalhes que fazem\u00a0 referencia as inscri\u00e7\u00f5es e ao per\u00edodos estabelecidos para encontrar as <strong>tarifas mais econ\u00f3micas<\/strong>. Em rela\u00e7\u00e3o a tarifa mais econ\u00f3mica, h\u00e1 que referir que estar\u00e1 dispon\u00edvel s\u00f3 de <strong>28 abril a 9 de maio<\/strong>.<\/p>\n","protected":false},"excerpt":{"rendered":"<p>As inscri\u00e7\u00f5es para a Winter 2021 abrem dia 28 de<\/p>\n","protected":false},"author":2,"featured_media":16523,"comment_status":"closed","ping_status":"closed","sticky":false,"template":"","format":"standard","meta":{"footnotes":""},"categories":[93],"tags":[],"class_list":["post-16528","post","type-post","status-publish","format-standard","has-post-thumbnail","hentry","category-noticias-pt-pt"],"yoast_head":"<!-- This site is optimized with the Yoast SEO plugin v27.4 - https:\/\/yoast.com\/product\/yoast-seo-wordpress\/ -->\n<title>28 DE ABRIL, ABRIMOS INSCRI\u00c7\u00d5ES! - Maroc Challenge<\/title>\n<meta name=\"description\" content=\"As inscri\u00e7\u00f5es para a Winter 2021 abrem dia 28 de abril. Esta edi\u00e7\u00e3o tao especial para todos nos ter\u00e1 muitas novidades. A partida oficial ser\u00e1 em Al Hoceima, em Marrocos, nas margens do Mediterr\u00e2neo, o itiner\u00e1rio ser\u00e1 liniar e a prova acabar\u00e1 em Erfoud.\" \/>\n<meta name=\"robots\" content=\"index, follow, max-snippet:-1, max-image-preview:large, max-video-preview:-1\" \/>\n<link rel=\"canonical\" href=\"https:\/\/www.marocchallenge.com\/pt-pt\/28-de-abril-abrimos-inscricoes\/\" \/>\n<meta property=\"og:locale\" content=\"pt_PT\" \/>\n<meta property=\"og:type\" content=\"article\" \/>\n<meta property=\"og:title\" content=\"28 DE ABRIL, ABRIMOS INSCRI\u00c7\u00d5ES! - Maroc Challenge\" \/>\n<meta property=\"og:description\" content=\"As inscri\u00e7\u00f5es para a Winter 2021 abrem dia 28 de abril. Esta edi\u00e7\u00e3o tao especial para todos nos ter\u00e1 muitas novidades. A partida oficial ser\u00e1 em Al Hoceima, em Marrocos, nas margens do Mediterr\u00e2neo, o itiner\u00e1rio ser\u00e1 liniar e a prova acabar\u00e1 em Erfoud.\" \/>\n<meta property=\"og:url\" content=\"https:\/\/www.marocchallenge.com\/pt-pt\/28-de-abril-abrimos-inscricoes\/\" \/>\n<meta property=\"og:site_name\" content=\"Maroc Challenge\" \/>\n<meta property=\"article:publisher\" content=\"https:\/\/www.facebook.com\/MarocChallenge\/\" \/>\n<meta property=\"article:published_time\" content=\"2021-04-24T08:01:06+00:00\" \/>\n<meta property=\"article:modified_time\" content=\"2021-04-24T08:13:12+00:00\" \/>\n<meta property=\"og:image\" content=\"https:\/\/www.marocchallenge.com\/wp-content\/uploads\/2021\/04\/Spring-2021-1.jpg\" \/>\n\t<meta property=\"og:image:width\" content=\"1200\" \/>\n\t<meta property=\"og:image:height\" content=\"675\" \/>\n\t<meta property=\"og:image:type\" content=\"image\/jpeg\" \/>\n<meta name=\"author\" content=\"Rui Caba\u00e7o\" \/>\n<meta name=\"twitter:card\" content=\"summary_large_image\" \/>\n<meta name=\"twitter:creator\" content=\"@marochallenge\" \/>\n<meta name=\"twitter:site\" content=\"@marochallenge\" \/>\n<meta name=\"twitter:label1\" content=\"Escrito por\" \/>\n\t<meta name=\"twitter:data1\" content=\"Rui Caba\u00e7o\" \/>\n\t<meta name=\"twitter:label2\" content=\"Tempo estimado de leitura\" \/>\n\t<meta name=\"twitter:data2\" content=\"1 minuto\" \/>\n<script type=\"application\/ld+json\" class=\"yoast-schema-graph\">{\"@context\":\"https:\\\/\\\/schema.org\",\"@graph\":[{\"@type\":\"Article\",\"@id\":\"https:\\\/\\\/www.marocchallenge.com\\\/pt-pt\\\/28-de-abril-abrimos-inscricoes\\\/#article\",\"isPartOf\":{\"@id\":\"https:\\\/\\\/www.marocchallenge.com\\\/pt-pt\\\/28-de-abril-abrimos-inscricoes\\\/\"},\"author\":{\"name\":\"Rui Caba\u00e7o\",\"@id\":\"https:\\\/\\\/www.marocchallenge.com\\\/pt-pt\\\/#\\\/schema\\\/person\\\/298a597a188b0019416217b2301b9e10\"},\"headline\":\"28 DE ABRIL, ABRIMOS INSCRI\u00c7\u00d5ES!\",\"datePublished\":\"2021-04-24T08:01:06+00:00\",\"dateModified\":\"2021-04-24T08:13:12+00:00\",\"mainEntityOfPage\":{\"@id\":\"https:\\\/\\\/www.marocchallenge.com\\\/pt-pt\\\/28-de-abril-abrimos-inscricoes\\\/\"},\"wordCount\":133,\"publisher\":{\"@id\":\"https:\\\/\\\/www.marocchallenge.com\\\/pt-pt\\\/#organization\"},\"image\":{\"@id\":\"https:\\\/\\\/www.marocchallenge.com\\\/pt-pt\\\/28-de-abril-abrimos-inscricoes\\\/#primaryimage\"},\"thumbnailUrl\":\"https:\\\/\\\/www.marocchallenge.com\\\/wp-content\\\/uploads\\\/2021\\\/04\\\/Spring-2021-1.jpg\",\"articleSection\":[\"Noticias\"],\"inLanguage\":\"pt-PT\"},{\"@type\":\"WebPage\",\"@id\":\"https:\\\/\\\/www.marocchallenge.com\\\/pt-pt\\\/28-de-abril-abrimos-inscricoes\\\/\",\"url\":\"https:\\\/\\\/www.marocchallenge.com\\\/pt-pt\\\/28-de-abril-abrimos-inscricoes\\\/\",\"name\":\"28 DE ABRIL, ABRIMOS INSCRI\u00c7\u00d5ES! - Maroc Challenge\",\"isPartOf\":{\"@id\":\"https:\\\/\\\/www.marocchallenge.com\\\/pt-pt\\\/#website\"},\"primaryImageOfPage\":{\"@id\":\"https:\\\/\\\/www.marocchallenge.com\\\/pt-pt\\\/28-de-abril-abrimos-inscricoes\\\/#primaryimage\"},\"image\":{\"@id\":\"https:\\\/\\\/www.marocchallenge.com\\\/pt-pt\\\/28-de-abril-abrimos-inscricoes\\\/#primaryimage\"},\"thumbnailUrl\":\"https:\\\/\\\/www.marocchallenge.com\\\/wp-content\\\/uploads\\\/2021\\\/04\\\/Spring-2021-1.jpg\",\"datePublished\":\"2021-04-24T08:01:06+00:00\",\"dateModified\":\"2021-04-24T08:13:12+00:00\",\"description\":\"As inscri\u00e7\u00f5es para a Winter 2021 abrem dia 28 de abril. Esta edi\u00e7\u00e3o tao especial para todos nos ter\u00e1 muitas novidades. A partida oficial ser\u00e1 em Al Hoceima, em Marrocos, nas margens do Mediterr\u00e2neo, o itiner\u00e1rio ser\u00e1 liniar e a prova acabar\u00e1 em Erfoud.\",\"breadcrumb\":{\"@id\":\"https:\\\/\\\/www.marocchallenge.com\\\/pt-pt\\\/28-de-abril-abrimos-inscricoes\\\/#breadcrumb\"},\"inLanguage\":\"pt-PT\",\"potentialAction\":[{\"@type\":\"ReadAction\",\"target\":[\"https:\\\/\\\/www.marocchallenge.com\\\/pt-pt\\\/28-de-abril-abrimos-inscricoes\\\/\"]}]},{\"@type\":\"ImageObject\",\"inLanguage\":\"pt-PT\",\"@id\":\"https:\\\/\\\/www.marocchallenge.com\\\/pt-pt\\\/28-de-abril-abrimos-inscricoes\\\/#primaryimage\",\"url\":\"https:\\\/\\\/www.marocchallenge.com\\\/wp-content\\\/uploads\\\/2021\\\/04\\\/Spring-2021-1.jpg\",\"contentUrl\":\"https:\\\/\\\/www.marocchallenge.com\\\/wp-content\\\/uploads\\\/2021\\\/04\\\/Spring-2021-1.jpg\",\"width\":1200,\"height\":675},{\"@type\":\"BreadcrumbList\",\"@id\":\"https:\\\/\\\/www.marocchallenge.com\\\/pt-pt\\\/28-de-abril-abrimos-inscricoes\\\/#breadcrumb\",\"itemListElement\":[{\"@type\":\"ListItem\",\"position\":1,\"name\":\"Portada\",\"item\":\"https:\\\/\\\/www.marocchallenge.com\\\/pt-pt\\\/\"},{\"@type\":\"ListItem\",\"position\":2,\"name\":\"28 DE ABRIL, ABRIMOS INSCRI\u00c7\u00d5ES!\"}]},{\"@type\":\"WebSite\",\"@id\":\"https:\\\/\\\/www.marocchallenge.com\\\/pt-pt\\\/#website\",\"url\":\"https:\\\/\\\/www.marocchallenge.com\\\/pt-pt\\\/\",\"name\":\"Maroc Challenge\",\"description\":\"O Dakar dos anos 70 para os aventureiros de hoje\",\"publisher\":{\"@id\":\"https:\\\/\\\/www.marocchallenge.com\\\/pt-pt\\\/#organization\"},\"potentialAction\":[{\"@type\":\"SearchAction\",\"target\":{\"@type\":\"EntryPoint\",\"urlTemplate\":\"https:\\\/\\\/www.marocchallenge.com\\\/pt-pt\\\/?s={search_term_string}\"},\"query-input\":{\"@type\":\"PropertyValueSpecification\",\"valueRequired\":true,\"valueName\":\"search_term_string\"}}],\"inLanguage\":\"pt-PT\"},{\"@type\":\"Organization\",\"@id\":\"https:\\\/\\\/www.marocchallenge.com\\\/pt-pt\\\/#organization\",\"name\":\"Maroc Challenge - El Dakar de los 70's para los aventureros de hoy\",\"url\":\"https:\\\/\\\/www.marocchallenge.com\\\/pt-pt\\\/\",\"logo\":{\"@type\":\"ImageObject\",\"inLanguage\":\"pt-PT\",\"@id\":\"https:\\\/\\\/www.marocchallenge.com\\\/pt-pt\\\/#\\\/schema\\\/logo\\\/image\\\/\",\"url\":\"https:\\\/\\\/www.marocchallenge.com\\\/wp-content\\\/uploads\\\/2020\\\/03\\\/Logo-Maroc_Challenge.png\",\"contentUrl\":\"https:\\\/\\\/www.marocchallenge.com\\\/wp-content\\\/uploads\\\/2020\\\/03\\\/Logo-Maroc_Challenge.png\",\"width\":170,\"height\":96,\"caption\":\"Maroc Challenge - El Dakar de los 70's para los aventureros de hoy\"},\"image\":{\"@id\":\"https:\\\/\\\/www.marocchallenge.com\\\/pt-pt\\\/#\\\/schema\\\/logo\\\/image\\\/\"},\"sameAs\":[\"https:\\\/\\\/www.facebook.com\\\/MarocChallenge\\\/\",\"https:\\\/\\\/x.com\\\/marochallenge\",\"https:\\\/\\\/www.instagram.com\\\/marocchallenge\\\/\",\"https:\\\/\\\/www.linkedin.com\\\/company\\\/maroc-challenge\",\"https:\\\/\\\/www.youtube.com\\\/user\\\/MarocChallenge\"]},{\"@type\":\"Person\",\"@id\":\"https:\\\/\\\/www.marocchallenge.com\\\/pt-pt\\\/#\\\/schema\\\/person\\\/298a597a188b0019416217b2301b9e10\",\"name\":\"Rui Caba\u00e7o\",\"image\":{\"@type\":\"ImageObject\",\"inLanguage\":\"pt-PT\",\"@id\":\"https:\\\/\\\/secure.gravatar.com\\\/avatar\\\/7ac3f434351cbd7875a5f064f6695a52ab4f6ffeb48c6bffb908c8e6f0e3bf73?s=96&d=mm&r=g\",\"url\":\"https:\\\/\\\/secure.gravatar.com\\\/avatar\\\/7ac3f434351cbd7875a5f064f6695a52ab4f6ffeb48c6bffb908c8e6f0e3bf73?s=96&d=mm&r=g\",\"contentUrl\":\"https:\\\/\\\/secure.gravatar.com\\\/avatar\\\/7ac3f434351cbd7875a5f064f6695a52ab4f6ffeb48c6bffb908c8e6f0e3bf73?s=96&d=mm&r=g\",\"caption\":\"Rui Caba\u00e7o\"}}]}<\/script>\n<!-- \/ Yoast SEO plugin. -->","yoast_head_json":{"title":"28 DE ABRIL, ABRIMOS INSCRI\u00c7\u00d5ES! - Maroc Challenge","description":"As inscri\u00e7\u00f5es para a Winter 2021 abrem dia 28 de abril. Esta edi\u00e7\u00e3o tao especial para todos nos ter\u00e1 muitas novidades. A partida oficial ser\u00e1 em Al Hoceima, em Marrocos, nas margens do Mediterr\u00e2neo, o itiner\u00e1rio ser\u00e1 liniar e a prova acabar\u00e1 em Erfoud.","robots":{"index":"index","follow":"follow","max-snippet":"max-snippet:-1","max-image-preview":"max-image-preview:large","max-video-preview":"max-video-preview:-1"},"canonical":"https:\/\/www.marocchallenge.com\/pt-pt\/28-de-abril-abrimos-inscricoes\/","og_locale":"pt_PT","og_type":"article","og_title":"28 DE ABRIL, ABRIMOS INSCRI\u00c7\u00d5ES! - Maroc Challenge","og_description":"As inscri\u00e7\u00f5es para a Winter 2021 abrem dia 28 de abril. Esta edi\u00e7\u00e3o tao especial para todos nos ter\u00e1 muitas novidades. A partida oficial ser\u00e1 em Al Hoceima, em Marrocos, nas margens do Mediterr\u00e2neo, o itiner\u00e1rio ser\u00e1 liniar e a prova acabar\u00e1 em Erfoud.","og_url":"https:\/\/www.marocchallenge.com\/pt-pt\/28-de-abril-abrimos-inscricoes\/","og_site_name":"Maroc Challenge","article_publisher":"https:\/\/www.facebook.com\/MarocChallenge\/","article_published_time":"2021-04-24T08:01:06+00:00","article_modified_time":"2021-04-24T08:13:12+00:00","og_image":[{"width":1200,"height":675,"url":"https:\/\/www.marocchallenge.com\/wp-content\/uploads\/2021\/04\/Spring-2021-1.jpg","type":"image\/jpeg"}],"author":"Rui Caba\u00e7o","twitter_card":"summary_large_image","twitter_creator":"@marochallenge","twitter_site":"@marochallenge","twitter_misc":{"Escrito por":"Rui Caba\u00e7o","Tempo estimado de leitura":"1 minuto"},"schema":{"@context":"https:\/\/schema.org","@graph":[{"@type":"Article","@id":"https:\/\/www.marocchallenge.com\/pt-pt\/28-de-abril-abrimos-inscricoes\/#article","isPartOf":{"@id":"https:\/\/www.marocchallenge.com\/pt-pt\/28-de-abril-abrimos-inscricoes\/"},"author":{"name":"Rui Caba\u00e7o","@id":"https:\/\/www.marocchallenge.com\/pt-pt\/#\/schema\/person\/298a597a188b0019416217b2301b9e10"},"headline":"28 DE ABRIL, ABRIMOS INSCRI\u00c7\u00d5ES!","datePublished":"2021-04-24T08:01:06+00:00","dateModified":"2021-04-24T08:13:12+00:00","mainEntityOfPage":{"@id":"https:\/\/www.marocchallenge.com\/pt-pt\/28-de-abril-abrimos-inscricoes\/"},"wordCount":133,"publisher":{"@id":"https:\/\/www.marocchallenge.com\/pt-pt\/#organization"},"image":{"@id":"https:\/\/www.marocchallenge.com\/pt-pt\/28-de-abril-abrimos-inscricoes\/#primaryimage"},"thumbnailUrl":"https:\/\/www.marocchallenge.com\/wp-content\/uploads\/2021\/04\/Spring-2021-1.jpg","articleSection":["Noticias"],"inLanguage":"pt-PT"},{"@type":"WebPage","@id":"https:\/\/www.marocchallenge.com\/pt-pt\/28-de-abril-abrimos-inscricoes\/","url":"https:\/\/www.marocchallenge.com\/pt-pt\/28-de-abril-abrimos-inscricoes\/","name":"28 DE ABRIL, ABRIMOS INSCRI\u00c7\u00d5ES! - Maroc Challenge","isPartOf":{"@id":"https:\/\/www.marocchallenge.com\/pt-pt\/#website"},"primaryImageOfPage":{"@id":"https:\/\/www.marocchallenge.com\/pt-pt\/28-de-abril-abrimos-inscricoes\/#primaryimage"},"image":{"@id":"https:\/\/www.marocchallenge.com\/pt-pt\/28-de-abril-abrimos-inscricoes\/#primaryimage"},"thumbnailUrl":"https:\/\/www.marocchallenge.com\/wp-content\/uploads\/2021\/04\/Spring-2021-1.jpg","datePublished":"2021-04-24T08:01:06+00:00","dateModified":"2021-04-24T08:13:12+00:00","description":"As inscri\u00e7\u00f5es para a Winter 2021 abrem dia 28 de abril. Esta edi\u00e7\u00e3o tao especial para todos nos ter\u00e1 muitas novidades. A partida oficial ser\u00e1 em Al Hoceima, em Marrocos, nas margens do Mediterr\u00e2neo, o itiner\u00e1rio ser\u00e1 liniar e a prova acabar\u00e1 em Erfoud.","breadcrumb":{"@id":"https:\/\/www.marocchallenge.com\/pt-pt\/28-de-abril-abrimos-inscricoes\/#breadcrumb"},"inLanguage":"pt-PT","potentialAction":[{"@type":"ReadAction","target":["https:\/\/www.marocchallenge.com\/pt-pt\/28-de-abril-abrimos-inscricoes\/"]}]},{"@type":"ImageObject","inLanguage":"pt-PT","@id":"https:\/\/www.marocchallenge.com\/pt-pt\/28-de-abril-abrimos-inscricoes\/#primaryimage","url":"https:\/\/www.marocchallenge.com\/wp-content\/uploads\/2021\/04\/Spring-2021-1.jpg","contentUrl":"https:\/\/www.marocchallenge.com\/wp-content\/uploads\/2021\/04\/Spring-2021-1.jpg","width":1200,"height":675},{"@type":"BreadcrumbList","@id":"https:\/\/www.marocchallenge.com\/pt-pt\/28-de-abril-abrimos-inscricoes\/#breadcrumb","itemListElement":[{"@type":"ListItem","position":1,"name":"Portada","item":"https:\/\/www.marocchallenge.com\/pt-pt\/"},{"@type":"ListItem","position":2,"name":"28 DE ABRIL, ABRIMOS INSCRI\u00c7\u00d5ES!"}]},{"@type":"WebSite","@id":"https:\/\/www.marocchallenge.com\/pt-pt\/#website","url":"https:\/\/www.marocchallenge.com\/pt-pt\/","name":"Maroc Challenge","description":"O Dakar dos anos 70 para os aventureiros de hoje","publisher":{"@id":"https:\/\/www.marocchallenge.com\/pt-pt\/#organization"},"potentialAction":[{"@type":"SearchAction","target":{"@type":"EntryPoint","urlTemplate":"https:\/\/www.marocchallenge.com\/pt-pt\/?s={search_term_string}"},"query-input":{"@type":"PropertyValueSpecification","valueRequired":true,"valueName":"search_term_string"}}],"inLanguage":"pt-PT"},{"@type":"Organization","@id":"https:\/\/www.marocchallenge.com\/pt-pt\/#organization","name":"Maroc Challenge - El Dakar de los 70's para los aventureros de hoy","url":"https:\/\/www.marocchallenge.com\/pt-pt\/","logo":{"@type":"ImageObject","inLanguage":"pt-PT","@id":"https:\/\/www.marocchallenge.com\/pt-pt\/#\/schema\/logo\/image\/","url":"https:\/\/www.marocchallenge.com\/wp-content\/uploads\/2020\/03\/Logo-Maroc_Challenge.png","contentUrl":"https:\/\/www.marocchallenge.com\/wp-content\/uploads\/2020\/03\/Logo-Maroc_Challenge.png","width":170,"height":96,"caption":"Maroc Challenge - El Dakar de los 70's para los aventureros de hoy"},"image":{"@id":"https:\/\/www.marocchallenge.com\/pt-pt\/#\/schema\/logo\/image\/"},"sameAs":["https:\/\/www.facebook.com\/MarocChallenge\/","https:\/\/x.com\/marochallenge","https:\/\/www.instagram.com\/marocchallenge\/","https:\/\/www.linkedin.com\/company\/maroc-challenge","https:\/\/www.youtube.com\/user\/MarocChallenge"]},{"@type":"Person","@id":"https:\/\/www.marocchallenge.com\/pt-pt\/#\/schema\/person\/298a597a188b0019416217b2301b9e10","name":"Rui Caba\u00e7o","image":{"@type":"ImageObject","inLanguage":"pt-PT","@id":"https:\/\/secure.gravatar.com\/avatar\/7ac3f434351cbd7875a5f064f6695a52ab4f6ffeb48c6bffb908c8e6f0e3bf73?s=96&d=mm&r=g","url":"https:\/\/secure.gravatar.com\/avatar\/7ac3f434351cbd7875a5f064f6695a52ab4f6ffeb48c6bffb908c8e6f0e3bf73?s=96&d=mm&r=g","contentUrl":"https:\/\/secure.gravatar.com\/avatar\/7ac3f434351cbd7875a5f064f6695a52ab4f6ffeb48c6bffb908c8e6f0e3bf73?s=96&d=mm&r=g","caption":"Rui Caba\u00e7o"}}]}},"_links":{"self":[{"href":"https:\/\/www.marocchallenge.com\/pt-pt\/wp-json\/wp\/v2\/posts\/16528","targetHints":{"allow":["GET"]}}],"collection":[{"href":"https:\/\/www.marocchallenge.com\/pt-pt\/wp-json\/wp\/v2\/posts"}],"about":[{"href":"https:\/\/www.marocchallenge.com\/pt-pt\/wp-json\/wp\/v2\/types\/post"}],"author":[{"embeddable":true,"href":"https:\/\/www.marocchallenge.com\/pt-pt\/wp-json\/wp\/v2\/users\/2"}],"replies":[{"embeddable":true,"href":"https:\/\/www.marocchallenge.com\/pt-pt\/wp-json\/wp\/v2\/comments?post=16528"}],"version-history":[{"count":2,"href":"https:\/\/www.marocchallenge.com\/pt-pt\/wp-json\/wp\/v2\/posts\/16528\/revisions"}],"predecessor-version":[{"id":16536,"href":"https:\/\/www.marocchallenge.com\/pt-pt\/wp-json\/wp\/v2\/posts\/16528\/revisions\/16536"}],"wp:featuredmedia":[{"embeddable":true,"href":"https:\/\/www.marocchallenge.com\/pt-pt\/wp-json\/wp\/v2\/media\/16523"}],"wp:attachment":[{"href":"https:\/\/www.marocchallenge.com\/pt-pt\/wp-json\/wp\/v2\/media?parent=16528"}],"wp:term":[{"taxonomy":"category","embeddable":true,"href":"https:\/\/www.marocchallenge.com\/pt-pt\/wp-json\/wp\/v2\/categories?post=16528"},{"taxonomy":"post_tag","embeddable":true,"href":"https:\/\/www.marocchallenge.com\/pt-pt\/wp-json\/wp\/v2\/tags?post=16528"}],"curies":[{"name":"wp","href":"https:\/\/api.w.org\/{rel}","templated":true}]}}