{"id":16656,"date":"2021-05-17T07:54:51","date_gmt":"2021-05-17T07:54:51","guid":{"rendered":"https:\/\/www.marocchallenge.com\/winter-2021-regreso-a-la-aventura\/"},"modified":"2021-05-18T05:31:52","modified_gmt":"2021-05-18T05:31:52","slug":"winter-2021-regresso-a-aventura","status":"publish","type":"post","link":"https:\/\/www.marocchallenge.com\/pt-pt\/winter-2021-regresso-a-aventura\/","title":{"rendered":"WINTER 2021 \u2013 REGRESSO \u00c0 AVENTURA"},"content":{"rendered":"<p><img decoding=\"async\" class=\"alignnone wp-image-16644 size-full\" src=\"https:\/\/www.marocchallenge.com\/wp-content\/uploads\/2021\/05\/Spring-2021-1.jpg\" alt=\"\" width=\"1200\" height=\"675\" srcset=\"https:\/\/www.marocchallenge.com\/wp-content\/uploads\/2021\/05\/Spring-2021-1-200x113.jpg 200w, https:\/\/www.marocchallenge.com\/wp-content\/uploads\/2021\/05\/Spring-2021-1-300x169.jpg 300w, https:\/\/www.marocchallenge.com\/wp-content\/uploads\/2021\/05\/Spring-2021-1-400x225.jpg 400w, https:\/\/www.marocchallenge.com\/wp-content\/uploads\/2021\/05\/Spring-2021-1-600x338.jpg 600w, https:\/\/www.marocchallenge.com\/wp-content\/uploads\/2021\/05\/Spring-2021-1-768x432.jpg 768w, https:\/\/www.marocchallenge.com\/wp-content\/uploads\/2021\/05\/Spring-2021-1-800x450.jpg 800w, https:\/\/www.marocchallenge.com\/wp-content\/uploads\/2021\/05\/Spring-2021-1-1024x576.jpg 1024w, https:\/\/www.marocchallenge.com\/wp-content\/uploads\/2021\/05\/Spring-2021-1.jpg 1200w\" sizes=\"(max-width: 1200px) 100vw, 1200px\" \/><\/p>\n<h2>A Maroc Challenge prepara com otimismo o regresso a Marrocos com a Winter 2021, a edi\u00e7\u00e3o do reencontro e que promete emo\u00e7\u00f5es fortes, uma alta participa\u00e7\u00e3o e que se celebrar\u00e1 de 3 al 11 de Dezembro.<\/h2>\n<p>Esta nova edici\u00f3n trar\u00e1 inevitavelmente muitas novidades, que pouco a pouco iremos revelando para que estejam atualizados sobre a aventura que todos sonhamos, desde que come\u00e7ou a pandemia que mudou as nossas vidas. Em modo de aperitivo, adiantamos que a partida oficial ser\u00e1 na cidade de <strong>Al Hoceima<\/strong>, em Marrocos, na costa do Mediterr\u00e2neo situada a pouco mais de uma centena de quil\u00f3metros de Nador.<\/p>\n<p>Estamos preparando para a ocasi\u00e3o um itiner\u00e1rio muito especial, onde as plan\u00edcies des\u00e9rticas e a areia ser\u00e1 o habitat predominante. Arrancaremos desde Al Hoceima e cruzaremos por povoa\u00e7\u00f5es tao carism\u00e1ticas como Matarka, Erfoud, FoumZguid, Zagora e Merzouga. <strong>Se manter\u00e1 a mesma filosofia desenvolvida nas ultimas edi\u00e7\u00f5es, com percursos adaptados para os distintos tipos de ve\u00edculos sejam de tra\u00e7\u00e3o 4&#215;2 ou 4&#215;4, e tamb\u00e9m por n\u00edveis de dificuldade<\/strong>.<\/p>\n<p><strong>Tr\u00eas notas importantes.<\/strong> Em primeiro, para os mais veteranos da Maroc, a primeira etapa que arrancar\u00e1 de <strong>Al-Hoceima<\/strong> se evitar\u00e1 seguir os leitos dos rios mais profundos que tanto nos complicaram a edi\u00e7\u00e3o em 2016. Segundo, em <strong>Matarka<\/strong> se instalar\u00e1 a j\u00e1 tradicional noite de acampamento. Terceiro, e por \u00faltimo, nos vos preocupeis que n\u00e3o vai faltar areia e cruzaremos durante esta edi\u00e7\u00e3o lugares tao emblem\u00e1ticos como o <strong>Erg Chebbi, Chegaga e as dunas de Ouzina<\/strong>.<\/p>\n<p>Para esta edi\u00e7\u00e3o escolhemos um percurso mais aventureiro, na busca de novos desafios para toda a caravana e familiarizarmos um pouco mais com esta terra que tanto nos apaixona. <strong>A Winter 2021 est\u00e1 pensada para recuperar a esperan\u00e7a, que se viva outra grande aventura, e como vem sendo habito ningu\u00e9m a espere f\u00e1cil<\/strong>\u2026 porque n\u00e3o ser\u00e1.<\/p>\n","protected":false},"excerpt":{"rendered":"<p>A Maroc Challenge prepara com otimismo o regresso a Marrocos<\/p>\n","protected":false},"author":2,"featured_media":16644,"comment_status":"closed","ping_status":"closed","sticky":false,"template":"","format":"standard","meta":{"footnotes":""},"categories":[93],"tags":[],"class_list":["post-16656","post","type-post","status-publish","format-standard","has-post-thumbnail","hentry","category-noticias-pt-pt"],"yoast_head":"<!-- This site is optimized with the Yoast SEO plugin v27.4 - https:\/\/yoast.com\/product\/yoast-seo-wordpress\/ -->\n<title>WINTER 2021 \u2013 REGRESSO \u00c0 AVENTURA - Maroc Challenge<\/title>\n<meta name=\"description\" content=\"A Maroc Challenge prepara com otimismo o regresso a Marrocos com a Winter 2021, a edi\u00e7\u00e3o do reencontro e que promete emo\u00e7\u00f5es fortes, uma alta participa\u00e7\u00e3o e que se celebrar\u00e1 de 3 al 11 de Dezembro.\" \/>\n<meta name=\"robots\" content=\"index, follow, max-snippet:-1, max-image-preview:large, max-video-preview:-1\" \/>\n<link rel=\"canonical\" href=\"https:\/\/www.marocchallenge.com\/pt-pt\/winter-2021-regresso-a-aventura\/\" \/>\n<meta property=\"og:locale\" content=\"pt_PT\" \/>\n<meta property=\"og:type\" content=\"article\" \/>\n<meta property=\"og:title\" content=\"WINTER 2021 \u2013 REGRESSO \u00c0 AVENTURA - Maroc Challenge\" \/>\n<meta property=\"og:description\" content=\"A Maroc Challenge prepara com otimismo o regresso a Marrocos com a Winter 2021, a edi\u00e7\u00e3o do reencontro e que promete emo\u00e7\u00f5es fortes, uma alta participa\u00e7\u00e3o e que se celebrar\u00e1 de 3 al 11 de Dezembro.\" \/>\n<meta property=\"og:url\" content=\"https:\/\/www.marocchallenge.com\/pt-pt\/winter-2021-regresso-a-aventura\/\" \/>\n<meta property=\"og:site_name\" content=\"Maroc Challenge\" \/>\n<meta property=\"article:publisher\" content=\"https:\/\/www.facebook.com\/MarocChallenge\/\" \/>\n<meta property=\"article:published_time\" content=\"2021-05-17T07:54:51+00:00\" \/>\n<meta property=\"article:modified_time\" content=\"2021-05-18T05:31:52+00:00\" \/>\n<meta property=\"og:image\" content=\"https:\/\/www.marocchallenge.com\/wp-content\/uploads\/2021\/05\/Spring-2021-1.jpg\" \/>\n\t<meta property=\"og:image:width\" content=\"1200\" \/>\n\t<meta property=\"og:image:height\" content=\"675\" \/>\n\t<meta property=\"og:image:type\" content=\"image\/jpeg\" \/>\n<meta name=\"author\" content=\"Rui Caba\u00e7o\" \/>\n<meta name=\"twitter:card\" content=\"summary_large_image\" \/>\n<meta name=\"twitter:creator\" content=\"@marochallenge\" \/>\n<meta name=\"twitter:site\" content=\"@marochallenge\" \/>\n<meta name=\"twitter:label1\" content=\"Escrito por\" \/>\n\t<meta name=\"twitter:data1\" content=\"Rui Caba\u00e7o\" \/>\n\t<meta name=\"twitter:label2\" content=\"Tempo estimado de leitura\" \/>\n\t<meta name=\"twitter:data2\" content=\"2 minutos\" \/>\n<script type=\"application\/ld+json\" class=\"yoast-schema-graph\">{\"@context\":\"https:\\\/\\\/schema.org\",\"@graph\":[{\"@type\":\"Article\",\"@id\":\"https:\\\/\\\/www.marocchallenge.com\\\/pt-pt\\\/winter-2021-regresso-a-aventura\\\/#article\",\"isPartOf\":{\"@id\":\"https:\\\/\\\/www.marocchallenge.com\\\/pt-pt\\\/winter-2021-regresso-a-aventura\\\/\"},\"author\":{\"name\":\"Rui Caba\u00e7o\",\"@id\":\"https:\\\/\\\/www.marocchallenge.com\\\/pt-pt\\\/#\\\/schema\\\/person\\\/298a597a188b0019416217b2301b9e10\"},\"headline\":\"WINTER 2021 \u2013 REGRESSO \u00c0 AVENTURA\",\"datePublished\":\"2021-05-17T07:54:51+00:00\",\"dateModified\":\"2021-05-18T05:31:52+00:00\",\"mainEntityOfPage\":{\"@id\":\"https:\\\/\\\/www.marocchallenge.com\\\/pt-pt\\\/winter-2021-regresso-a-aventura\\\/\"},\"wordCount\":326,\"publisher\":{\"@id\":\"https:\\\/\\\/www.marocchallenge.com\\\/pt-pt\\\/#organization\"},\"image\":{\"@id\":\"https:\\\/\\\/www.marocchallenge.com\\\/pt-pt\\\/winter-2021-regresso-a-aventura\\\/#primaryimage\"},\"thumbnailUrl\":\"https:\\\/\\\/www.marocchallenge.com\\\/wp-content\\\/uploads\\\/2021\\\/05\\\/Spring-2021-1.jpg\",\"articleSection\":[\"Noticias\"],\"inLanguage\":\"pt-PT\"},{\"@type\":\"WebPage\",\"@id\":\"https:\\\/\\\/www.marocchallenge.com\\\/pt-pt\\\/winter-2021-regresso-a-aventura\\\/\",\"url\":\"https:\\\/\\\/www.marocchallenge.com\\\/pt-pt\\\/winter-2021-regresso-a-aventura\\\/\",\"name\":\"WINTER 2021 \u2013 REGRESSO \u00c0 AVENTURA - Maroc Challenge\",\"isPartOf\":{\"@id\":\"https:\\\/\\\/www.marocchallenge.com\\\/pt-pt\\\/#website\"},\"primaryImageOfPage\":{\"@id\":\"https:\\\/\\\/www.marocchallenge.com\\\/pt-pt\\\/winter-2021-regresso-a-aventura\\\/#primaryimage\"},\"image\":{\"@id\":\"https:\\\/\\\/www.marocchallenge.com\\\/pt-pt\\\/winter-2021-regresso-a-aventura\\\/#primaryimage\"},\"thumbnailUrl\":\"https:\\\/\\\/www.marocchallenge.com\\\/wp-content\\\/uploads\\\/2021\\\/05\\\/Spring-2021-1.jpg\",\"datePublished\":\"2021-05-17T07:54:51+00:00\",\"dateModified\":\"2021-05-18T05:31:52+00:00\",\"description\":\"A Maroc Challenge prepara com otimismo o regresso a Marrocos com a Winter 2021, a edi\u00e7\u00e3o do reencontro e que promete emo\u00e7\u00f5es fortes, uma alta participa\u00e7\u00e3o e que se celebrar\u00e1 de 3 al 11 de Dezembro.\",\"breadcrumb\":{\"@id\":\"https:\\\/\\\/www.marocchallenge.com\\\/pt-pt\\\/winter-2021-regresso-a-aventura\\\/#breadcrumb\"},\"inLanguage\":\"pt-PT\",\"potentialAction\":[{\"@type\":\"ReadAction\",\"target\":[\"https:\\\/\\\/www.marocchallenge.com\\\/pt-pt\\\/winter-2021-regresso-a-aventura\\\/\"]}]},{\"@type\":\"ImageObject\",\"inLanguage\":\"pt-PT\",\"@id\":\"https:\\\/\\\/www.marocchallenge.com\\\/pt-pt\\\/winter-2021-regresso-a-aventura\\\/#primaryimage\",\"url\":\"https:\\\/\\\/www.marocchallenge.com\\\/wp-content\\\/uploads\\\/2021\\\/05\\\/Spring-2021-1.jpg\",\"contentUrl\":\"https:\\\/\\\/www.marocchallenge.com\\\/wp-content\\\/uploads\\\/2021\\\/05\\\/Spring-2021-1.jpg\",\"width\":1200,\"height\":675},{\"@type\":\"BreadcrumbList\",\"@id\":\"https:\\\/\\\/www.marocchallenge.com\\\/pt-pt\\\/winter-2021-regresso-a-aventura\\\/#breadcrumb\",\"itemListElement\":[{\"@type\":\"ListItem\",\"position\":1,\"name\":\"Portada\",\"item\":\"https:\\\/\\\/www.marocchallenge.com\\\/pt-pt\\\/\"},{\"@type\":\"ListItem\",\"position\":2,\"name\":\"WINTER 2021 \u2013 REGRESSO \u00c0 AVENTURA\"}]},{\"@type\":\"WebSite\",\"@id\":\"https:\\\/\\\/www.marocchallenge.com\\\/pt-pt\\\/#website\",\"url\":\"https:\\\/\\\/www.marocchallenge.com\\\/pt-pt\\\/\",\"name\":\"Maroc Challenge\",\"description\":\"O Dakar dos anos 70 para os aventureiros de hoje\",\"publisher\":{\"@id\":\"https:\\\/\\\/www.marocchallenge.com\\\/pt-pt\\\/#organization\"},\"potentialAction\":[{\"@type\":\"SearchAction\",\"target\":{\"@type\":\"EntryPoint\",\"urlTemplate\":\"https:\\\/\\\/www.marocchallenge.com\\\/pt-pt\\\/?s={search_term_string}\"},\"query-input\":{\"@type\":\"PropertyValueSpecification\",\"valueRequired\":true,\"valueName\":\"search_term_string\"}}],\"inLanguage\":\"pt-PT\"},{\"@type\":\"Organization\",\"@id\":\"https:\\\/\\\/www.marocchallenge.com\\\/pt-pt\\\/#organization\",\"name\":\"Maroc Challenge - El Dakar de los 70's para los aventureros de hoy\",\"url\":\"https:\\\/\\\/www.marocchallenge.com\\\/pt-pt\\\/\",\"logo\":{\"@type\":\"ImageObject\",\"inLanguage\":\"pt-PT\",\"@id\":\"https:\\\/\\\/www.marocchallenge.com\\\/pt-pt\\\/#\\\/schema\\\/logo\\\/image\\\/\",\"url\":\"https:\\\/\\\/www.marocchallenge.com\\\/wp-content\\\/uploads\\\/2020\\\/03\\\/Logo-Maroc_Challenge.png\",\"contentUrl\":\"https:\\\/\\\/www.marocchallenge.com\\\/wp-content\\\/uploads\\\/2020\\\/03\\\/Logo-Maroc_Challenge.png\",\"width\":170,\"height\":96,\"caption\":\"Maroc Challenge - El Dakar de los 70's para los aventureros de hoy\"},\"image\":{\"@id\":\"https:\\\/\\\/www.marocchallenge.com\\\/pt-pt\\\/#\\\/schema\\\/logo\\\/image\\\/\"},\"sameAs\":[\"https:\\\/\\\/www.facebook.com\\\/MarocChallenge\\\/\",\"https:\\\/\\\/x.com\\\/marochallenge\",\"https:\\\/\\\/www.instagram.com\\\/marocchallenge\\\/\",\"https:\\\/\\\/www.linkedin.com\\\/company\\\/maroc-challenge\",\"https:\\\/\\\/www.youtube.com\\\/user\\\/MarocChallenge\"]},{\"@type\":\"Person\",\"@id\":\"https:\\\/\\\/www.marocchallenge.com\\\/pt-pt\\\/#\\\/schema\\\/person\\\/298a597a188b0019416217b2301b9e10\",\"name\":\"Rui Caba\u00e7o\",\"image\":{\"@type\":\"ImageObject\",\"inLanguage\":\"pt-PT\",\"@id\":\"https:\\\/\\\/secure.gravatar.com\\\/avatar\\\/7ac3f434351cbd7875a5f064f6695a52ab4f6ffeb48c6bffb908c8e6f0e3bf73?s=96&d=mm&r=g\",\"url\":\"https:\\\/\\\/secure.gravatar.com\\\/avatar\\\/7ac3f434351cbd7875a5f064f6695a52ab4f6ffeb48c6bffb908c8e6f0e3bf73?s=96&d=mm&r=g\",\"contentUrl\":\"https:\\\/\\\/secure.gravatar.com\\\/avatar\\\/7ac3f434351cbd7875a5f064f6695a52ab4f6ffeb48c6bffb908c8e6f0e3bf73?s=96&d=mm&r=g\",\"caption\":\"Rui Caba\u00e7o\"}}]}<\/script>\n<!-- \/ Yoast SEO plugin. -->","yoast_head_json":{"title":"WINTER 2021 \u2013 REGRESSO \u00c0 AVENTURA - Maroc Challenge","description":"A Maroc Challenge prepara com otimismo o regresso a Marrocos com a Winter 2021, a edi\u00e7\u00e3o do reencontro e que promete emo\u00e7\u00f5es fortes, uma alta participa\u00e7\u00e3o e que se celebrar\u00e1 de 3 al 11 de Dezembro.","robots":{"index":"index","follow":"follow","max-snippet":"max-snippet:-1","max-image-preview":"max-image-preview:large","max-video-preview":"max-video-preview:-1"},"canonical":"https:\/\/www.marocchallenge.com\/pt-pt\/winter-2021-regresso-a-aventura\/","og_locale":"pt_PT","og_type":"article","og_title":"WINTER 2021 \u2013 REGRESSO \u00c0 AVENTURA - Maroc Challenge","og_description":"A Maroc Challenge prepara com otimismo o regresso a Marrocos com a Winter 2021, a edi\u00e7\u00e3o do reencontro e que promete emo\u00e7\u00f5es fortes, uma alta participa\u00e7\u00e3o e que se celebrar\u00e1 de 3 al 11 de Dezembro.","og_url":"https:\/\/www.marocchallenge.com\/pt-pt\/winter-2021-regresso-a-aventura\/","og_site_name":"Maroc Challenge","article_publisher":"https:\/\/www.facebook.com\/MarocChallenge\/","article_published_time":"2021-05-17T07:54:51+00:00","article_modified_time":"2021-05-18T05:31:52+00:00","og_image":[{"width":1200,"height":675,"url":"https:\/\/www.marocchallenge.com\/wp-content\/uploads\/2021\/05\/Spring-2021-1.jpg","type":"image\/jpeg"}],"author":"Rui Caba\u00e7o","twitter_card":"summary_large_image","twitter_creator":"@marochallenge","twitter_site":"@marochallenge","twitter_misc":{"Escrito por":"Rui Caba\u00e7o","Tempo estimado de leitura":"2 minutos"},"schema":{"@context":"https:\/\/schema.org","@graph":[{"@type":"Article","@id":"https:\/\/www.marocchallenge.com\/pt-pt\/winter-2021-regresso-a-aventura\/#article","isPartOf":{"@id":"https:\/\/www.marocchallenge.com\/pt-pt\/winter-2021-regresso-a-aventura\/"},"author":{"name":"Rui Caba\u00e7o","@id":"https:\/\/www.marocchallenge.com\/pt-pt\/#\/schema\/person\/298a597a188b0019416217b2301b9e10"},"headline":"WINTER 2021 \u2013 REGRESSO \u00c0 AVENTURA","datePublished":"2021-05-17T07:54:51+00:00","dateModified":"2021-05-18T05:31:52+00:00","mainEntityOfPage":{"@id":"https:\/\/www.marocchallenge.com\/pt-pt\/winter-2021-regresso-a-aventura\/"},"wordCount":326,"publisher":{"@id":"https:\/\/www.marocchallenge.com\/pt-pt\/#organization"},"image":{"@id":"https:\/\/www.marocchallenge.com\/pt-pt\/winter-2021-regresso-a-aventura\/#primaryimage"},"thumbnailUrl":"https:\/\/www.marocchallenge.com\/wp-content\/uploads\/2021\/05\/Spring-2021-1.jpg","articleSection":["Noticias"],"inLanguage":"pt-PT"},{"@type":"WebPage","@id":"https:\/\/www.marocchallenge.com\/pt-pt\/winter-2021-regresso-a-aventura\/","url":"https:\/\/www.marocchallenge.com\/pt-pt\/winter-2021-regresso-a-aventura\/","name":"WINTER 2021 \u2013 REGRESSO \u00c0 AVENTURA - Maroc Challenge","isPartOf":{"@id":"https:\/\/www.marocchallenge.com\/pt-pt\/#website"},"primaryImageOfPage":{"@id":"https:\/\/www.marocchallenge.com\/pt-pt\/winter-2021-regresso-a-aventura\/#primaryimage"},"image":{"@id":"https:\/\/www.marocchallenge.com\/pt-pt\/winter-2021-regresso-a-aventura\/#primaryimage"},"thumbnailUrl":"https:\/\/www.marocchallenge.com\/wp-content\/uploads\/2021\/05\/Spring-2021-1.jpg","datePublished":"2021-05-17T07:54:51+00:00","dateModified":"2021-05-18T05:31:52+00:00","description":"A Maroc Challenge prepara com otimismo o regresso a Marrocos com a Winter 2021, a edi\u00e7\u00e3o do reencontro e que promete emo\u00e7\u00f5es fortes, uma alta participa\u00e7\u00e3o e que se celebrar\u00e1 de 3 al 11 de Dezembro.","breadcrumb":{"@id":"https:\/\/www.marocchallenge.com\/pt-pt\/winter-2021-regresso-a-aventura\/#breadcrumb"},"inLanguage":"pt-PT","potentialAction":[{"@type":"ReadAction","target":["https:\/\/www.marocchallenge.com\/pt-pt\/winter-2021-regresso-a-aventura\/"]}]},{"@type":"ImageObject","inLanguage":"pt-PT","@id":"https:\/\/www.marocchallenge.com\/pt-pt\/winter-2021-regresso-a-aventura\/#primaryimage","url":"https:\/\/www.marocchallenge.com\/wp-content\/uploads\/2021\/05\/Spring-2021-1.jpg","contentUrl":"https:\/\/www.marocchallenge.com\/wp-content\/uploads\/2021\/05\/Spring-2021-1.jpg","width":1200,"height":675},{"@type":"BreadcrumbList","@id":"https:\/\/www.marocchallenge.com\/pt-pt\/winter-2021-regresso-a-aventura\/#breadcrumb","itemListElement":[{"@type":"ListItem","position":1,"name":"Portada","item":"https:\/\/www.marocchallenge.com\/pt-pt\/"},{"@type":"ListItem","position":2,"name":"WINTER 2021 \u2013 REGRESSO \u00c0 AVENTURA"}]},{"@type":"WebSite","@id":"https:\/\/www.marocchallenge.com\/pt-pt\/#website","url":"https:\/\/www.marocchallenge.com\/pt-pt\/","name":"Maroc Challenge","description":"O Dakar dos anos 70 para os aventureiros de hoje","publisher":{"@id":"https:\/\/www.marocchallenge.com\/pt-pt\/#organization"},"potentialAction":[{"@type":"SearchAction","target":{"@type":"EntryPoint","urlTemplate":"https:\/\/www.marocchallenge.com\/pt-pt\/?s={search_term_string}"},"query-input":{"@type":"PropertyValueSpecification","valueRequired":true,"valueName":"search_term_string"}}],"inLanguage":"pt-PT"},{"@type":"Organization","@id":"https:\/\/www.marocchallenge.com\/pt-pt\/#organization","name":"Maroc Challenge - El Dakar de los 70's para los aventureros de hoy","url":"https:\/\/www.marocchallenge.com\/pt-pt\/","logo":{"@type":"ImageObject","inLanguage":"pt-PT","@id":"https:\/\/www.marocchallenge.com\/pt-pt\/#\/schema\/logo\/image\/","url":"https:\/\/www.marocchallenge.com\/wp-content\/uploads\/2020\/03\/Logo-Maroc_Challenge.png","contentUrl":"https:\/\/www.marocchallenge.com\/wp-content\/uploads\/2020\/03\/Logo-Maroc_Challenge.png","width":170,"height":96,"caption":"Maroc Challenge - El Dakar de los 70's para los aventureros de hoy"},"image":{"@id":"https:\/\/www.marocchallenge.com\/pt-pt\/#\/schema\/logo\/image\/"},"sameAs":["https:\/\/www.facebook.com\/MarocChallenge\/","https:\/\/x.com\/marochallenge","https:\/\/www.instagram.com\/marocchallenge\/","https:\/\/www.linkedin.com\/company\/maroc-challenge","https:\/\/www.youtube.com\/user\/MarocChallenge"]},{"@type":"Person","@id":"https:\/\/www.marocchallenge.com\/pt-pt\/#\/schema\/person\/298a597a188b0019416217b2301b9e10","name":"Rui Caba\u00e7o","image":{"@type":"ImageObject","inLanguage":"pt-PT","@id":"https:\/\/secure.gravatar.com\/avatar\/7ac3f434351cbd7875a5f064f6695a52ab4f6ffeb48c6bffb908c8e6f0e3bf73?s=96&d=mm&r=g","url":"https:\/\/secure.gravatar.com\/avatar\/7ac3f434351cbd7875a5f064f6695a52ab4f6ffeb48c6bffb908c8e6f0e3bf73?s=96&d=mm&r=g","contentUrl":"https:\/\/secure.gravatar.com\/avatar\/7ac3f434351cbd7875a5f064f6695a52ab4f6ffeb48c6bffb908c8e6f0e3bf73?s=96&d=mm&r=g","caption":"Rui Caba\u00e7o"}}]}},"_links":{"self":[{"href":"https:\/\/www.marocchallenge.com\/pt-pt\/wp-json\/wp\/v2\/posts\/16656","targetHints":{"allow":["GET"]}}],"collection":[{"href":"https:\/\/www.marocchallenge.com\/pt-pt\/wp-json\/wp\/v2\/posts"}],"about":[{"href":"https:\/\/www.marocchallenge.com\/pt-pt\/wp-json\/wp\/v2\/types\/post"}],"author":[{"embeddable":true,"href":"https:\/\/www.marocchallenge.com\/pt-pt\/wp-json\/wp\/v2\/users\/2"}],"replies":[{"embeddable":true,"href":"https:\/\/www.marocchallenge.com\/pt-pt\/wp-json\/wp\/v2\/comments?post=16656"}],"version-history":[{"count":4,"href":"https:\/\/www.marocchallenge.com\/pt-pt\/wp-json\/wp\/v2\/posts\/16656\/revisions"}],"predecessor-version":[{"id":16689,"href":"https:\/\/www.marocchallenge.com\/pt-pt\/wp-json\/wp\/v2\/posts\/16656\/revisions\/16689"}],"wp:featuredmedia":[{"embeddable":true,"href":"https:\/\/www.marocchallenge.com\/pt-pt\/wp-json\/wp\/v2\/media\/16644"}],"wp:attachment":[{"href":"https:\/\/www.marocchallenge.com\/pt-pt\/wp-json\/wp\/v2\/media?parent=16656"}],"wp:term":[{"taxonomy":"category","embeddable":true,"href":"https:\/\/www.marocchallenge.com\/pt-pt\/wp-json\/wp\/v2\/categories?post=16656"},{"taxonomy":"post_tag","embeddable":true,"href":"https:\/\/www.marocchallenge.com\/pt-pt\/wp-json\/wp\/v2\/tags?post=16656"}],"curies":[{"name":"wp","href":"https:\/\/api.w.org\/{rel}","templated":true}]}}