{"id":18510,"date":"2022-07-13T15:51:56","date_gmt":"2022-07-13T15:51:56","guid":{"rendered":"https:\/\/www.marocchallenge.com\/la-maroc-ya-en-el-horizonte\/"},"modified":"2022-07-13T16:23:12","modified_gmt":"2022-07-13T16:23:12","slug":"a-maroc-ja-no-horizonte","status":"publish","type":"post","link":"https:\/\/www.marocchallenge.com\/pt-pt\/a-maroc-ja-no-horizonte\/","title":{"rendered":"A MAROC, J\u00c1 NO HORIZONTE"},"content":{"rendered":"<p><img decoding=\"async\" class=\"alignnone wp-image-18505 size-full\" src=\"https:\/\/www.marocchallenge.com\/wp-content\/uploads\/2022\/07\/Winter-2022_2.png\" alt=\"\" width=\"1200\" height=\"675\" srcset=\"https:\/\/www.marocchallenge.com\/wp-content\/uploads\/2022\/07\/Winter-2022_2-200x113.png 200w, https:\/\/www.marocchallenge.com\/wp-content\/uploads\/2022\/07\/Winter-2022_2-300x169.png 300w, https:\/\/www.marocchallenge.com\/wp-content\/uploads\/2022\/07\/Winter-2022_2-400x225.png 400w, https:\/\/www.marocchallenge.com\/wp-content\/uploads\/2022\/07\/Winter-2022_2-600x338.png 600w, https:\/\/www.marocchallenge.com\/wp-content\/uploads\/2022\/07\/Winter-2022_2-768x432.png 768w, https:\/\/www.marocchallenge.com\/wp-content\/uploads\/2022\/07\/Winter-2022_2-800x450.png 800w, https:\/\/www.marocchallenge.com\/wp-content\/uploads\/2022\/07\/Winter-2022_2-1024x576.png 1024w, https:\/\/www.marocchallenge.com\/wp-content\/uploads\/2022\/07\/Winter-2022_2.png 1200w\" sizes=\"(max-width: 1200px) 100vw, 1200px\" \/><\/p>\n<h2>A Maroc Challenge regressar\u00e1 em dezembro de 2022 a Marrocos para celebrar umas das edi\u00e7\u00f5es mais esperadas por todos depois de um grande par\u00eantesis causado pela pandemia. Quando faltam praticamente seis meses, j\u00e1 temos tra\u00e7ado as linhas mestras da prova que se disputar\u00e1 de 2 a 9 de dezembro.<\/h2>\n<p>A Winter 2022, cuja primeira etapa come\u00e7ar\u00e1 em<strong> Midelt a 4 de dezembro, em pleno cora\u00e7\u00e3o da Cordilheira do Atlas, se prolongar\u00e1 ate dia \u00a09, finalizando em Sa\u00efdia<\/strong>, na costa do Mediterr\u00e2neo.<\/p>\n<p>Estamos trabalhando com ambi\u00e7\u00e3o e com grande gana para que este reencontro seja um \u00eaxito inesquec\u00edvel. Ser\u00e1 uma edi\u00e7\u00e3o \u00fanica que alternar\u00e1 paisagens hist\u00f3ricas da Maroc com outras novas que nos permitir\u00e1 disfrutar ao m\u00e1ximo da aventura, com a condu\u00e7\u00e3o e o espirito que nos tem caracterizado nas suas 18 edi\u00e7\u00f5es anteriores.<\/p>\n<p><strong>O embarque ser\u00e1 em Almer\u00eda na noite de 2 de dezembro, realizando-se as verifica\u00e7\u00f5es t\u00e9cnicas antes do embarque.<\/strong> Depois da travessia noturna e o desembarque no porto de Nador temos tra\u00e7ado uma liga\u00e7\u00e3o a Midelt. Deve de ser uma jornada de relativa tranquilidade para chegar \u00e1 partida com tudo ao ponto.<\/p>\n<p>Num percurso linear de Midelt rumaremos a Erfoud, depois Zagor\u00e1 onde permeneceremos duas noites ate que no dia 9 regressaremos a Erfoud. N\u00e3o \u00e9 esperada uma edi\u00e7\u00e3o f\u00e1cil j\u00e1 que \u00a0<strong>as dunas do Erg Chebbi, Ouzina e Chegaga nos esperam, isso sim, com tra\u00e7ados adaptados a cada categoria. <\/strong>Antes de chegar a Sa\u00efdia se far\u00e1 uma pen\u00faltima etapa em Tendrara, donde se instalar\u00e1 o tradicional acampamento e onde se reencontrar\u00e3o todos os participantes.<\/p>\n","protected":false},"excerpt":{"rendered":"<p>A Maroc Challenge regressar\u00e1 em dezembro de 2022 a Marrocos<\/p>\n","protected":false},"author":2,"featured_media":18505,"comment_status":"closed","ping_status":"closed","sticky":false,"template":"","format":"standard","meta":{"footnotes":""},"categories":[93],"tags":[],"class_list":["post-18510","post","type-post","status-publish","format-standard","has-post-thumbnail","hentry","category-noticias-pt-pt"],"yoast_head":"<!-- This site is optimized with the Yoast SEO plugin v27.4 - https:\/\/yoast.com\/product\/yoast-seo-wordpress\/ -->\n<title>A MAROC, J\u00c1 NO HORIZONTE - Maroc Challenge<\/title>\n<meta name=\"description\" content=\"A Maroc Challenge regressar\u00e1 em dezembro de 2022 a Marrocos para celebrar umas das edi\u00e7\u00f5es mais esperadas por todos depois de um grande par\u00eantesis causado pela pandemia.\" \/>\n<meta name=\"robots\" content=\"index, follow, max-snippet:-1, max-image-preview:large, max-video-preview:-1\" \/>\n<link rel=\"canonical\" href=\"https:\/\/www.marocchallenge.com\/pt-pt\/a-maroc-ja-no-horizonte\/\" \/>\n<meta property=\"og:locale\" content=\"pt_PT\" \/>\n<meta property=\"og:type\" content=\"article\" \/>\n<meta property=\"og:title\" content=\"A MAROC, J\u00c1 NO HORIZONTE - Maroc Challenge\" \/>\n<meta property=\"og:description\" content=\"A Maroc Challenge regressar\u00e1 em dezembro de 2022 a Marrocos para celebrar umas das edi\u00e7\u00f5es mais esperadas por todos depois de um grande par\u00eantesis causado pela pandemia.\" \/>\n<meta property=\"og:url\" content=\"https:\/\/www.marocchallenge.com\/pt-pt\/a-maroc-ja-no-horizonte\/\" \/>\n<meta property=\"og:site_name\" content=\"Maroc Challenge\" \/>\n<meta property=\"article:publisher\" content=\"https:\/\/www.facebook.com\/MarocChallenge\/\" \/>\n<meta property=\"article:published_time\" content=\"2022-07-13T15:51:56+00:00\" \/>\n<meta property=\"article:modified_time\" content=\"2022-07-13T16:23:12+00:00\" \/>\n<meta property=\"og:image\" content=\"https:\/\/www.marocchallenge.com\/wp-content\/uploads\/2022\/07\/Winter-2022_2.png\" \/>\n\t<meta property=\"og:image:width\" content=\"1200\" \/>\n\t<meta property=\"og:image:height\" content=\"675\" \/>\n\t<meta property=\"og:image:type\" content=\"image\/png\" \/>\n<meta name=\"author\" content=\"Rui Caba\u00e7o\" \/>\n<meta name=\"twitter:card\" content=\"summary_large_image\" \/>\n<meta name=\"twitter:creator\" content=\"@marochallenge\" \/>\n<meta name=\"twitter:site\" content=\"@marochallenge\" \/>\n<meta name=\"twitter:label1\" content=\"Escrito por\" \/>\n\t<meta name=\"twitter:data1\" content=\"Rui Caba\u00e7o\" \/>\n\t<meta name=\"twitter:label2\" content=\"Tempo estimado de leitura\" \/>\n\t<meta name=\"twitter:data2\" content=\"2 minutos\" \/>\n<script type=\"application\/ld+json\" class=\"yoast-schema-graph\">{\"@context\":\"https:\\\/\\\/schema.org\",\"@graph\":[{\"@type\":\"Article\",\"@id\":\"https:\\\/\\\/www.marocchallenge.com\\\/pt-pt\\\/a-maroc-ja-no-horizonte\\\/#article\",\"isPartOf\":{\"@id\":\"https:\\\/\\\/www.marocchallenge.com\\\/pt-pt\\\/a-maroc-ja-no-horizonte\\\/\"},\"author\":{\"name\":\"Rui Caba\u00e7o\",\"@id\":\"https:\\\/\\\/www.marocchallenge.com\\\/pt-pt\\\/#\\\/schema\\\/person\\\/298a597a188b0019416217b2301b9e10\"},\"headline\":\"A MAROC, J\u00c1 NO HORIZONTE\",\"datePublished\":\"2022-07-13T15:51:56+00:00\",\"dateModified\":\"2022-07-13T16:23:12+00:00\",\"mainEntityOfPage\":{\"@id\":\"https:\\\/\\\/www.marocchallenge.com\\\/pt-pt\\\/a-maroc-ja-no-horizonte\\\/\"},\"wordCount\":277,\"publisher\":{\"@id\":\"https:\\\/\\\/www.marocchallenge.com\\\/pt-pt\\\/#organization\"},\"image\":{\"@id\":\"https:\\\/\\\/www.marocchallenge.com\\\/pt-pt\\\/a-maroc-ja-no-horizonte\\\/#primaryimage\"},\"thumbnailUrl\":\"https:\\\/\\\/www.marocchallenge.com\\\/wp-content\\\/uploads\\\/2022\\\/07\\\/Winter-2022_2.png\",\"articleSection\":[\"Noticias\"],\"inLanguage\":\"pt-PT\"},{\"@type\":\"WebPage\",\"@id\":\"https:\\\/\\\/www.marocchallenge.com\\\/pt-pt\\\/a-maroc-ja-no-horizonte\\\/\",\"url\":\"https:\\\/\\\/www.marocchallenge.com\\\/pt-pt\\\/a-maroc-ja-no-horizonte\\\/\",\"name\":\"A MAROC, J\u00c1 NO HORIZONTE - Maroc Challenge\",\"isPartOf\":{\"@id\":\"https:\\\/\\\/www.marocchallenge.com\\\/pt-pt\\\/#website\"},\"primaryImageOfPage\":{\"@id\":\"https:\\\/\\\/www.marocchallenge.com\\\/pt-pt\\\/a-maroc-ja-no-horizonte\\\/#primaryimage\"},\"image\":{\"@id\":\"https:\\\/\\\/www.marocchallenge.com\\\/pt-pt\\\/a-maroc-ja-no-horizonte\\\/#primaryimage\"},\"thumbnailUrl\":\"https:\\\/\\\/www.marocchallenge.com\\\/wp-content\\\/uploads\\\/2022\\\/07\\\/Winter-2022_2.png\",\"datePublished\":\"2022-07-13T15:51:56+00:00\",\"dateModified\":\"2022-07-13T16:23:12+00:00\",\"description\":\"A Maroc Challenge regressar\u00e1 em dezembro de 2022 a Marrocos para celebrar umas das edi\u00e7\u00f5es mais esperadas por todos depois de um grande par\u00eantesis causado pela pandemia.\",\"breadcrumb\":{\"@id\":\"https:\\\/\\\/www.marocchallenge.com\\\/pt-pt\\\/a-maroc-ja-no-horizonte\\\/#breadcrumb\"},\"inLanguage\":\"pt-PT\",\"potentialAction\":[{\"@type\":\"ReadAction\",\"target\":[\"https:\\\/\\\/www.marocchallenge.com\\\/pt-pt\\\/a-maroc-ja-no-horizonte\\\/\"]}]},{\"@type\":\"ImageObject\",\"inLanguage\":\"pt-PT\",\"@id\":\"https:\\\/\\\/www.marocchallenge.com\\\/pt-pt\\\/a-maroc-ja-no-horizonte\\\/#primaryimage\",\"url\":\"https:\\\/\\\/www.marocchallenge.com\\\/wp-content\\\/uploads\\\/2022\\\/07\\\/Winter-2022_2.png\",\"contentUrl\":\"https:\\\/\\\/www.marocchallenge.com\\\/wp-content\\\/uploads\\\/2022\\\/07\\\/Winter-2022_2.png\",\"width\":1200,\"height\":675},{\"@type\":\"BreadcrumbList\",\"@id\":\"https:\\\/\\\/www.marocchallenge.com\\\/pt-pt\\\/a-maroc-ja-no-horizonte\\\/#breadcrumb\",\"itemListElement\":[{\"@type\":\"ListItem\",\"position\":1,\"name\":\"Portada\",\"item\":\"https:\\\/\\\/www.marocchallenge.com\\\/pt-pt\\\/\"},{\"@type\":\"ListItem\",\"position\":2,\"name\":\"A MAROC, J\u00c1 NO HORIZONTE\"}]},{\"@type\":\"WebSite\",\"@id\":\"https:\\\/\\\/www.marocchallenge.com\\\/pt-pt\\\/#website\",\"url\":\"https:\\\/\\\/www.marocchallenge.com\\\/pt-pt\\\/\",\"name\":\"Maroc Challenge\",\"description\":\"O Dakar dos anos 70 para os aventureiros de hoje\",\"publisher\":{\"@id\":\"https:\\\/\\\/www.marocchallenge.com\\\/pt-pt\\\/#organization\"},\"potentialAction\":[{\"@type\":\"SearchAction\",\"target\":{\"@type\":\"EntryPoint\",\"urlTemplate\":\"https:\\\/\\\/www.marocchallenge.com\\\/pt-pt\\\/?s={search_term_string}\"},\"query-input\":{\"@type\":\"PropertyValueSpecification\",\"valueRequired\":true,\"valueName\":\"search_term_string\"}}],\"inLanguage\":\"pt-PT\"},{\"@type\":\"Organization\",\"@id\":\"https:\\\/\\\/www.marocchallenge.com\\\/pt-pt\\\/#organization\",\"name\":\"Maroc Challenge - El Dakar de los 70's para los aventureros de hoy\",\"url\":\"https:\\\/\\\/www.marocchallenge.com\\\/pt-pt\\\/\",\"logo\":{\"@type\":\"ImageObject\",\"inLanguage\":\"pt-PT\",\"@id\":\"https:\\\/\\\/www.marocchallenge.com\\\/pt-pt\\\/#\\\/schema\\\/logo\\\/image\\\/\",\"url\":\"https:\\\/\\\/www.marocchallenge.com\\\/wp-content\\\/uploads\\\/2020\\\/03\\\/Logo-Maroc_Challenge.png\",\"contentUrl\":\"https:\\\/\\\/www.marocchallenge.com\\\/wp-content\\\/uploads\\\/2020\\\/03\\\/Logo-Maroc_Challenge.png\",\"width\":170,\"height\":96,\"caption\":\"Maroc Challenge - El Dakar de los 70's para los aventureros de hoy\"},\"image\":{\"@id\":\"https:\\\/\\\/www.marocchallenge.com\\\/pt-pt\\\/#\\\/schema\\\/logo\\\/image\\\/\"},\"sameAs\":[\"https:\\\/\\\/www.facebook.com\\\/MarocChallenge\\\/\",\"https:\\\/\\\/x.com\\\/marochallenge\",\"https:\\\/\\\/www.instagram.com\\\/marocchallenge\\\/\",\"https:\\\/\\\/www.linkedin.com\\\/company\\\/maroc-challenge\",\"https:\\\/\\\/www.youtube.com\\\/user\\\/MarocChallenge\"]},{\"@type\":\"Person\",\"@id\":\"https:\\\/\\\/www.marocchallenge.com\\\/pt-pt\\\/#\\\/schema\\\/person\\\/298a597a188b0019416217b2301b9e10\",\"name\":\"Rui Caba\u00e7o\",\"image\":{\"@type\":\"ImageObject\",\"inLanguage\":\"pt-PT\",\"@id\":\"https:\\\/\\\/secure.gravatar.com\\\/avatar\\\/7ac3f434351cbd7875a5f064f6695a52ab4f6ffeb48c6bffb908c8e6f0e3bf73?s=96&d=mm&r=g\",\"url\":\"https:\\\/\\\/secure.gravatar.com\\\/avatar\\\/7ac3f434351cbd7875a5f064f6695a52ab4f6ffeb48c6bffb908c8e6f0e3bf73?s=96&d=mm&r=g\",\"contentUrl\":\"https:\\\/\\\/secure.gravatar.com\\\/avatar\\\/7ac3f434351cbd7875a5f064f6695a52ab4f6ffeb48c6bffb908c8e6f0e3bf73?s=96&d=mm&r=g\",\"caption\":\"Rui Caba\u00e7o\"}}]}<\/script>\n<!-- \/ Yoast SEO plugin. -->","yoast_head_json":{"title":"A MAROC, J\u00c1 NO HORIZONTE - Maroc Challenge","description":"A Maroc Challenge regressar\u00e1 em dezembro de 2022 a Marrocos para celebrar umas das edi\u00e7\u00f5es mais esperadas por todos depois de um grande par\u00eantesis causado pela pandemia.","robots":{"index":"index","follow":"follow","max-snippet":"max-snippet:-1","max-image-preview":"max-image-preview:large","max-video-preview":"max-video-preview:-1"},"canonical":"https:\/\/www.marocchallenge.com\/pt-pt\/a-maroc-ja-no-horizonte\/","og_locale":"pt_PT","og_type":"article","og_title":"A MAROC, J\u00c1 NO HORIZONTE - Maroc Challenge","og_description":"A Maroc Challenge regressar\u00e1 em dezembro de 2022 a Marrocos para celebrar umas das edi\u00e7\u00f5es mais esperadas por todos depois de um grande par\u00eantesis causado pela pandemia.","og_url":"https:\/\/www.marocchallenge.com\/pt-pt\/a-maroc-ja-no-horizonte\/","og_site_name":"Maroc Challenge","article_publisher":"https:\/\/www.facebook.com\/MarocChallenge\/","article_published_time":"2022-07-13T15:51:56+00:00","article_modified_time":"2022-07-13T16:23:12+00:00","og_image":[{"width":1200,"height":675,"url":"https:\/\/www.marocchallenge.com\/wp-content\/uploads\/2022\/07\/Winter-2022_2.png","type":"image\/png"}],"author":"Rui Caba\u00e7o","twitter_card":"summary_large_image","twitter_creator":"@marochallenge","twitter_site":"@marochallenge","twitter_misc":{"Escrito por":"Rui Caba\u00e7o","Tempo estimado de leitura":"2 minutos"},"schema":{"@context":"https:\/\/schema.org","@graph":[{"@type":"Article","@id":"https:\/\/www.marocchallenge.com\/pt-pt\/a-maroc-ja-no-horizonte\/#article","isPartOf":{"@id":"https:\/\/www.marocchallenge.com\/pt-pt\/a-maroc-ja-no-horizonte\/"},"author":{"name":"Rui Caba\u00e7o","@id":"https:\/\/www.marocchallenge.com\/pt-pt\/#\/schema\/person\/298a597a188b0019416217b2301b9e10"},"headline":"A MAROC, J\u00c1 NO HORIZONTE","datePublished":"2022-07-13T15:51:56+00:00","dateModified":"2022-07-13T16:23:12+00:00","mainEntityOfPage":{"@id":"https:\/\/www.marocchallenge.com\/pt-pt\/a-maroc-ja-no-horizonte\/"},"wordCount":277,"publisher":{"@id":"https:\/\/www.marocchallenge.com\/pt-pt\/#organization"},"image":{"@id":"https:\/\/www.marocchallenge.com\/pt-pt\/a-maroc-ja-no-horizonte\/#primaryimage"},"thumbnailUrl":"https:\/\/www.marocchallenge.com\/wp-content\/uploads\/2022\/07\/Winter-2022_2.png","articleSection":["Noticias"],"inLanguage":"pt-PT"},{"@type":"WebPage","@id":"https:\/\/www.marocchallenge.com\/pt-pt\/a-maroc-ja-no-horizonte\/","url":"https:\/\/www.marocchallenge.com\/pt-pt\/a-maroc-ja-no-horizonte\/","name":"A MAROC, J\u00c1 NO HORIZONTE - Maroc Challenge","isPartOf":{"@id":"https:\/\/www.marocchallenge.com\/pt-pt\/#website"},"primaryImageOfPage":{"@id":"https:\/\/www.marocchallenge.com\/pt-pt\/a-maroc-ja-no-horizonte\/#primaryimage"},"image":{"@id":"https:\/\/www.marocchallenge.com\/pt-pt\/a-maroc-ja-no-horizonte\/#primaryimage"},"thumbnailUrl":"https:\/\/www.marocchallenge.com\/wp-content\/uploads\/2022\/07\/Winter-2022_2.png","datePublished":"2022-07-13T15:51:56+00:00","dateModified":"2022-07-13T16:23:12+00:00","description":"A Maroc Challenge regressar\u00e1 em dezembro de 2022 a Marrocos para celebrar umas das edi\u00e7\u00f5es mais esperadas por todos depois de um grande par\u00eantesis causado pela pandemia.","breadcrumb":{"@id":"https:\/\/www.marocchallenge.com\/pt-pt\/a-maroc-ja-no-horizonte\/#breadcrumb"},"inLanguage":"pt-PT","potentialAction":[{"@type":"ReadAction","target":["https:\/\/www.marocchallenge.com\/pt-pt\/a-maroc-ja-no-horizonte\/"]}]},{"@type":"ImageObject","inLanguage":"pt-PT","@id":"https:\/\/www.marocchallenge.com\/pt-pt\/a-maroc-ja-no-horizonte\/#primaryimage","url":"https:\/\/www.marocchallenge.com\/wp-content\/uploads\/2022\/07\/Winter-2022_2.png","contentUrl":"https:\/\/www.marocchallenge.com\/wp-content\/uploads\/2022\/07\/Winter-2022_2.png","width":1200,"height":675},{"@type":"BreadcrumbList","@id":"https:\/\/www.marocchallenge.com\/pt-pt\/a-maroc-ja-no-horizonte\/#breadcrumb","itemListElement":[{"@type":"ListItem","position":1,"name":"Portada","item":"https:\/\/www.marocchallenge.com\/pt-pt\/"},{"@type":"ListItem","position":2,"name":"A MAROC, J\u00c1 NO HORIZONTE"}]},{"@type":"WebSite","@id":"https:\/\/www.marocchallenge.com\/pt-pt\/#website","url":"https:\/\/www.marocchallenge.com\/pt-pt\/","name":"Maroc Challenge","description":"O Dakar dos anos 70 para os aventureiros de hoje","publisher":{"@id":"https:\/\/www.marocchallenge.com\/pt-pt\/#organization"},"potentialAction":[{"@type":"SearchAction","target":{"@type":"EntryPoint","urlTemplate":"https:\/\/www.marocchallenge.com\/pt-pt\/?s={search_term_string}"},"query-input":{"@type":"PropertyValueSpecification","valueRequired":true,"valueName":"search_term_string"}}],"inLanguage":"pt-PT"},{"@type":"Organization","@id":"https:\/\/www.marocchallenge.com\/pt-pt\/#organization","name":"Maroc Challenge - El Dakar de los 70's para los aventureros de hoy","url":"https:\/\/www.marocchallenge.com\/pt-pt\/","logo":{"@type":"ImageObject","inLanguage":"pt-PT","@id":"https:\/\/www.marocchallenge.com\/pt-pt\/#\/schema\/logo\/image\/","url":"https:\/\/www.marocchallenge.com\/wp-content\/uploads\/2020\/03\/Logo-Maroc_Challenge.png","contentUrl":"https:\/\/www.marocchallenge.com\/wp-content\/uploads\/2020\/03\/Logo-Maroc_Challenge.png","width":170,"height":96,"caption":"Maroc Challenge - El Dakar de los 70's para los aventureros de hoy"},"image":{"@id":"https:\/\/www.marocchallenge.com\/pt-pt\/#\/schema\/logo\/image\/"},"sameAs":["https:\/\/www.facebook.com\/MarocChallenge\/","https:\/\/x.com\/marochallenge","https:\/\/www.instagram.com\/marocchallenge\/","https:\/\/www.linkedin.com\/company\/maroc-challenge","https:\/\/www.youtube.com\/user\/MarocChallenge"]},{"@type":"Person","@id":"https:\/\/www.marocchallenge.com\/pt-pt\/#\/schema\/person\/298a597a188b0019416217b2301b9e10","name":"Rui Caba\u00e7o","image":{"@type":"ImageObject","inLanguage":"pt-PT","@id":"https:\/\/secure.gravatar.com\/avatar\/7ac3f434351cbd7875a5f064f6695a52ab4f6ffeb48c6bffb908c8e6f0e3bf73?s=96&d=mm&r=g","url":"https:\/\/secure.gravatar.com\/avatar\/7ac3f434351cbd7875a5f064f6695a52ab4f6ffeb48c6bffb908c8e6f0e3bf73?s=96&d=mm&r=g","contentUrl":"https:\/\/secure.gravatar.com\/avatar\/7ac3f434351cbd7875a5f064f6695a52ab4f6ffeb48c6bffb908c8e6f0e3bf73?s=96&d=mm&r=g","caption":"Rui Caba\u00e7o"}}]}},"_links":{"self":[{"href":"https:\/\/www.marocchallenge.com\/pt-pt\/wp-json\/wp\/v2\/posts\/18510","targetHints":{"allow":["GET"]}}],"collection":[{"href":"https:\/\/www.marocchallenge.com\/pt-pt\/wp-json\/wp\/v2\/posts"}],"about":[{"href":"https:\/\/www.marocchallenge.com\/pt-pt\/wp-json\/wp\/v2\/types\/post"}],"author":[{"embeddable":true,"href":"https:\/\/www.marocchallenge.com\/pt-pt\/wp-json\/wp\/v2\/users\/2"}],"replies":[{"embeddable":true,"href":"https:\/\/www.marocchallenge.com\/pt-pt\/wp-json\/wp\/v2\/comments?post=18510"}],"version-history":[{"count":2,"href":"https:\/\/www.marocchallenge.com\/pt-pt\/wp-json\/wp\/v2\/posts\/18510\/revisions"}],"predecessor-version":[{"id":18518,"href":"https:\/\/www.marocchallenge.com\/pt-pt\/wp-json\/wp\/v2\/posts\/18510\/revisions\/18518"}],"wp:featuredmedia":[{"embeddable":true,"href":"https:\/\/www.marocchallenge.com\/pt-pt\/wp-json\/wp\/v2\/media\/18505"}],"wp:attachment":[{"href":"https:\/\/www.marocchallenge.com\/pt-pt\/wp-json\/wp\/v2\/media?parent=18510"}],"wp:term":[{"taxonomy":"category","embeddable":true,"href":"https:\/\/www.marocchallenge.com\/pt-pt\/wp-json\/wp\/v2\/categories?post=18510"},{"taxonomy":"post_tag","embeddable":true,"href":"https:\/\/www.marocchallenge.com\/pt-pt\/wp-json\/wp\/v2\/tags?post=18510"}],"curies":[{"name":"wp","href":"https:\/\/api.w.org\/{rel}","templated":true}]}}