{"id":18668,"date":"2022-09-15T09:07:38","date_gmt":"2022-09-15T09:07:38","guid":{"rendered":"https:\/\/www.marocchallenge.com\/la-maroc-challenge-retoma-la-aventura\/"},"modified":"2022-09-15T10:12:25","modified_gmt":"2022-09-15T10:12:25","slug":"a-maroc-challenge-retoma-a-aventura","status":"publish","type":"post","link":"https:\/\/www.marocchallenge.com\/pt-pt\/a-maroc-challenge-retoma-a-aventura\/","title":{"rendered":"A MAROC CHALLENGE RETOMA A AVENTURA"},"content":{"rendered":"<p><img decoding=\"async\" class=\"alignnone wp-image-18658 size-full\" src=\"https:\/\/www.marocchallenge.com\/wp-content\/uploads\/2022\/09\/Maroc-Challenge-15-09-news.png\" alt=\"\" width=\"1200\" height=\"675\" srcset=\"https:\/\/www.marocchallenge.com\/wp-content\/uploads\/2022\/09\/Maroc-Challenge-15-09-news-200x113.png 200w, https:\/\/www.marocchallenge.com\/wp-content\/uploads\/2022\/09\/Maroc-Challenge-15-09-news-300x169.png 300w, https:\/\/www.marocchallenge.com\/wp-content\/uploads\/2022\/09\/Maroc-Challenge-15-09-news-400x225.png 400w, https:\/\/www.marocchallenge.com\/wp-content\/uploads\/2022\/09\/Maroc-Challenge-15-09-news-600x338.png 600w, https:\/\/www.marocchallenge.com\/wp-content\/uploads\/2022\/09\/Maroc-Challenge-15-09-news-768x432.png 768w, https:\/\/www.marocchallenge.com\/wp-content\/uploads\/2022\/09\/Maroc-Challenge-15-09-news-800x450.png 800w, https:\/\/www.marocchallenge.com\/wp-content\/uploads\/2022\/09\/Maroc-Challenge-15-09-news-1024x576.png 1024w, https:\/\/www.marocchallenge.com\/wp-content\/uploads\/2022\/09\/Maroc-Challenge-15-09-news.png 1200w\" sizes=\"(max-width: 1200px) 100vw, 1200px\" \/><\/p>\n<h2>O desejado retorno a Marrocos esta mais perto. A Maroc Challenge prepara com entusiasmo o ansiado regresso para celebrar a Winter 2022, que ser\u00e1 a edi\u00e7\u00e3o do reencontro repleta de emo\u00e7\u00f5es que se celebrar\u00e1 de 2 a 10 de dezembro depois de tr\u00eas da ultima edi\u00e7\u00e3o disputada (Winter 2019)<\/h2>\n<p>Ser\u00e1 uma edi\u00e7\u00e3o \u00fanica, que alternar\u00e1 entre paisagens hist\u00f3ricas da prova e outros recantos novos que permitir\u00e1 aos participantes disfrutar ao m\u00e1ximo da aventura, da condu\u00e7\u00e3o e do espirito que tem caracterizado a Maroc nas suas 18 edi\u00e7\u00f5es.<\/p>\n<p><strong>A partida oficial ser\u00e1 a 4 de dezembro em Midelt, em pleno atlas, e a ultima etapa terminar\u00e1 em Sa\u00efdia \u00a0d\u00eda 9<\/strong>. A cidade e os seus arredores, principal produtor de ma\u00e7as de Marrocos, nos acolher\u00e1. A 1500 metros de altitude, Midelt onde faz muito frio em dezembro, porem um sitio ideal para rumar a sul. As suas variadas pistas permitir\u00e3o viver, de novo as sensa\u00e7\u00f5es da condu\u00e7\u00e3o offroad.<\/p>\n<p>Ser\u00e1 um aperitivo do que nos espera a partir de Erfoud, j\u00e1 que esta <strong>Maroc Challenge ter\u00e1 mais areia e dunas que nunca,<\/strong> porque se cruzaram no caminho de ida e volta todos os ergs desta localidade, famosa pelas suas t\u00e2maras Zagora, passando tamb\u00e9m pelo celebre lago Iriki. Se passar\u00e1 por Chebbi, Ouzina, Chegaga e alguma surpresa mais que ainda n\u00e3o esta definida. Os percursos como sempre estar\u00e3o adaptados a cada categoria.<\/p>\n<p>No caminho de volta, antes de chegar ao acampamento de Tendrara, que tao bem t\u00eam acolhido os participantes, se percorrer\u00e1 o <strong>Plateau de Rekkam, cen\u00e1rio de grandes batalhas quando o Dakar cruzava Africa.<\/strong> Sa\u00efdia, nas margens do Mediterr\u00e2neo, ser\u00e1 o ponto final e onde se poder\u00e1 recuperar for\u00e7as antes do regresso a casa.<\/p>\n","protected":false},"excerpt":{"rendered":"<p>O desejado retorno a Marrocos esta mais perto. A Maroc<\/p>\n","protected":false},"author":2,"featured_media":18658,"comment_status":"closed","ping_status":"closed","sticky":false,"template":"","format":"standard","meta":{"footnotes":""},"categories":[93],"tags":[],"class_list":["post-18668","post","type-post","status-publish","format-standard","has-post-thumbnail","hentry","category-noticias-pt-pt"],"yoast_head":"<!-- This site is optimized with the Yoast SEO plugin v27.4 - https:\/\/yoast.com\/product\/yoast-seo-wordpress\/ -->\n<title>A MAROC CHALLENGE RETOMA A AVENTURA - Maroc Challenge<\/title>\n<meta name=\"description\" content=\"Ser\u00e1 uma edi\u00e7\u00e3o \u00fanica, que alternar\u00e1 entre paisagens hist\u00f3ricas da prova e outros recantos novos que permitir\u00e1 aos participantes disfrutar ao m\u00e1ximo da aventura, da condu\u00e7\u00e3o e do espirito que tem caracterizado a Maroc nas suas 18 edi\u00e7\u00f5es.\" \/>\n<meta name=\"robots\" content=\"index, follow, max-snippet:-1, max-image-preview:large, max-video-preview:-1\" \/>\n<link rel=\"canonical\" href=\"https:\/\/www.marocchallenge.com\/pt-pt\/a-maroc-challenge-retoma-a-aventura\/\" \/>\n<meta property=\"og:locale\" content=\"pt_PT\" \/>\n<meta property=\"og:type\" content=\"article\" \/>\n<meta property=\"og:title\" content=\"A MAROC CHALLENGE RETOMA A AVENTURA - Maroc Challenge\" \/>\n<meta property=\"og:description\" content=\"Ser\u00e1 uma edi\u00e7\u00e3o \u00fanica, que alternar\u00e1 entre paisagens hist\u00f3ricas da prova e outros recantos novos que permitir\u00e1 aos participantes disfrutar ao m\u00e1ximo da aventura, da condu\u00e7\u00e3o e do espirito que tem caracterizado a Maroc nas suas 18 edi\u00e7\u00f5es.\" \/>\n<meta property=\"og:url\" content=\"https:\/\/www.marocchallenge.com\/pt-pt\/a-maroc-challenge-retoma-a-aventura\/\" \/>\n<meta property=\"og:site_name\" content=\"Maroc Challenge\" \/>\n<meta property=\"article:publisher\" content=\"https:\/\/www.facebook.com\/MarocChallenge\/\" \/>\n<meta property=\"article:published_time\" content=\"2022-09-15T09:07:38+00:00\" \/>\n<meta property=\"article:modified_time\" content=\"2022-09-15T10:12:25+00:00\" \/>\n<meta property=\"og:image\" content=\"https:\/\/www.marocchallenge.com\/wp-content\/uploads\/2022\/09\/Maroc-Challenge-15-09-news.png\" \/>\n\t<meta property=\"og:image:width\" content=\"1200\" \/>\n\t<meta property=\"og:image:height\" content=\"675\" \/>\n\t<meta property=\"og:image:type\" content=\"image\/png\" \/>\n<meta name=\"author\" content=\"Rui Caba\u00e7o\" \/>\n<meta name=\"twitter:card\" content=\"summary_large_image\" \/>\n<meta name=\"twitter:creator\" content=\"@marochallenge\" \/>\n<meta name=\"twitter:site\" content=\"@marochallenge\" \/>\n<meta name=\"twitter:label1\" content=\"Escrito por\" \/>\n\t<meta name=\"twitter:data1\" content=\"Rui Caba\u00e7o\" \/>\n\t<meta name=\"twitter:label2\" content=\"Tempo estimado de leitura\" \/>\n\t<meta name=\"twitter:data2\" content=\"2 minutos\" \/>\n<script type=\"application\/ld+json\" class=\"yoast-schema-graph\">{\"@context\":\"https:\\\/\\\/schema.org\",\"@graph\":[{\"@type\":\"Article\",\"@id\":\"https:\\\/\\\/www.marocchallenge.com\\\/pt-pt\\\/a-maroc-challenge-retoma-a-aventura\\\/#article\",\"isPartOf\":{\"@id\":\"https:\\\/\\\/www.marocchallenge.com\\\/pt-pt\\\/a-maroc-challenge-retoma-a-aventura\\\/\"},\"author\":{\"name\":\"Rui Caba\u00e7o\",\"@id\":\"https:\\\/\\\/www.marocchallenge.com\\\/pt-pt\\\/#\\\/schema\\\/person\\\/298a597a188b0019416217b2301b9e10\"},\"headline\":\"A MAROC CHALLENGE RETOMA A AVENTURA\",\"datePublished\":\"2022-09-15T09:07:38+00:00\",\"dateModified\":\"2022-09-15T10:12:25+00:00\",\"mainEntityOfPage\":{\"@id\":\"https:\\\/\\\/www.marocchallenge.com\\\/pt-pt\\\/a-maroc-challenge-retoma-a-aventura\\\/\"},\"wordCount\":303,\"publisher\":{\"@id\":\"https:\\\/\\\/www.marocchallenge.com\\\/pt-pt\\\/#organization\"},\"image\":{\"@id\":\"https:\\\/\\\/www.marocchallenge.com\\\/pt-pt\\\/a-maroc-challenge-retoma-a-aventura\\\/#primaryimage\"},\"thumbnailUrl\":\"https:\\\/\\\/www.marocchallenge.com\\\/wp-content\\\/uploads\\\/2022\\\/09\\\/Maroc-Challenge-15-09-news.png\",\"articleSection\":[\"Noticias\"],\"inLanguage\":\"pt-PT\"},{\"@type\":\"WebPage\",\"@id\":\"https:\\\/\\\/www.marocchallenge.com\\\/pt-pt\\\/a-maroc-challenge-retoma-a-aventura\\\/\",\"url\":\"https:\\\/\\\/www.marocchallenge.com\\\/pt-pt\\\/a-maroc-challenge-retoma-a-aventura\\\/\",\"name\":\"A MAROC CHALLENGE RETOMA A AVENTURA - Maroc Challenge\",\"isPartOf\":{\"@id\":\"https:\\\/\\\/www.marocchallenge.com\\\/pt-pt\\\/#website\"},\"primaryImageOfPage\":{\"@id\":\"https:\\\/\\\/www.marocchallenge.com\\\/pt-pt\\\/a-maroc-challenge-retoma-a-aventura\\\/#primaryimage\"},\"image\":{\"@id\":\"https:\\\/\\\/www.marocchallenge.com\\\/pt-pt\\\/a-maroc-challenge-retoma-a-aventura\\\/#primaryimage\"},\"thumbnailUrl\":\"https:\\\/\\\/www.marocchallenge.com\\\/wp-content\\\/uploads\\\/2022\\\/09\\\/Maroc-Challenge-15-09-news.png\",\"datePublished\":\"2022-09-15T09:07:38+00:00\",\"dateModified\":\"2022-09-15T10:12:25+00:00\",\"description\":\"Ser\u00e1 uma edi\u00e7\u00e3o \u00fanica, que alternar\u00e1 entre paisagens hist\u00f3ricas da prova e outros recantos novos que permitir\u00e1 aos participantes disfrutar ao m\u00e1ximo da aventura, da condu\u00e7\u00e3o e do espirito que tem caracterizado a Maroc nas suas 18 edi\u00e7\u00f5es.\",\"breadcrumb\":{\"@id\":\"https:\\\/\\\/www.marocchallenge.com\\\/pt-pt\\\/a-maroc-challenge-retoma-a-aventura\\\/#breadcrumb\"},\"inLanguage\":\"pt-PT\",\"potentialAction\":[{\"@type\":\"ReadAction\",\"target\":[\"https:\\\/\\\/www.marocchallenge.com\\\/pt-pt\\\/a-maroc-challenge-retoma-a-aventura\\\/\"]}]},{\"@type\":\"ImageObject\",\"inLanguage\":\"pt-PT\",\"@id\":\"https:\\\/\\\/www.marocchallenge.com\\\/pt-pt\\\/a-maroc-challenge-retoma-a-aventura\\\/#primaryimage\",\"url\":\"https:\\\/\\\/www.marocchallenge.com\\\/wp-content\\\/uploads\\\/2022\\\/09\\\/Maroc-Challenge-15-09-news.png\",\"contentUrl\":\"https:\\\/\\\/www.marocchallenge.com\\\/wp-content\\\/uploads\\\/2022\\\/09\\\/Maroc-Challenge-15-09-news.png\",\"width\":1200,\"height\":675},{\"@type\":\"BreadcrumbList\",\"@id\":\"https:\\\/\\\/www.marocchallenge.com\\\/pt-pt\\\/a-maroc-challenge-retoma-a-aventura\\\/#breadcrumb\",\"itemListElement\":[{\"@type\":\"ListItem\",\"position\":1,\"name\":\"Portada\",\"item\":\"https:\\\/\\\/www.marocchallenge.com\\\/pt-pt\\\/\"},{\"@type\":\"ListItem\",\"position\":2,\"name\":\"A MAROC CHALLENGE RETOMA A AVENTURA\"}]},{\"@type\":\"WebSite\",\"@id\":\"https:\\\/\\\/www.marocchallenge.com\\\/pt-pt\\\/#website\",\"url\":\"https:\\\/\\\/www.marocchallenge.com\\\/pt-pt\\\/\",\"name\":\"Maroc Challenge\",\"description\":\"O Dakar dos anos 70 para os aventureiros de hoje\",\"publisher\":{\"@id\":\"https:\\\/\\\/www.marocchallenge.com\\\/pt-pt\\\/#organization\"},\"potentialAction\":[{\"@type\":\"SearchAction\",\"target\":{\"@type\":\"EntryPoint\",\"urlTemplate\":\"https:\\\/\\\/www.marocchallenge.com\\\/pt-pt\\\/?s={search_term_string}\"},\"query-input\":{\"@type\":\"PropertyValueSpecification\",\"valueRequired\":true,\"valueName\":\"search_term_string\"}}],\"inLanguage\":\"pt-PT\"},{\"@type\":\"Organization\",\"@id\":\"https:\\\/\\\/www.marocchallenge.com\\\/pt-pt\\\/#organization\",\"name\":\"Maroc Challenge - El Dakar de los 70's para los aventureros de hoy\",\"url\":\"https:\\\/\\\/www.marocchallenge.com\\\/pt-pt\\\/\",\"logo\":{\"@type\":\"ImageObject\",\"inLanguage\":\"pt-PT\",\"@id\":\"https:\\\/\\\/www.marocchallenge.com\\\/pt-pt\\\/#\\\/schema\\\/logo\\\/image\\\/\",\"url\":\"https:\\\/\\\/www.marocchallenge.com\\\/wp-content\\\/uploads\\\/2020\\\/03\\\/Logo-Maroc_Challenge.png\",\"contentUrl\":\"https:\\\/\\\/www.marocchallenge.com\\\/wp-content\\\/uploads\\\/2020\\\/03\\\/Logo-Maroc_Challenge.png\",\"width\":170,\"height\":96,\"caption\":\"Maroc Challenge - El Dakar de los 70's para los aventureros de hoy\"},\"image\":{\"@id\":\"https:\\\/\\\/www.marocchallenge.com\\\/pt-pt\\\/#\\\/schema\\\/logo\\\/image\\\/\"},\"sameAs\":[\"https:\\\/\\\/www.facebook.com\\\/MarocChallenge\\\/\",\"https:\\\/\\\/x.com\\\/marochallenge\",\"https:\\\/\\\/www.instagram.com\\\/marocchallenge\\\/\",\"https:\\\/\\\/www.linkedin.com\\\/company\\\/maroc-challenge\",\"https:\\\/\\\/www.youtube.com\\\/user\\\/MarocChallenge\"]},{\"@type\":\"Person\",\"@id\":\"https:\\\/\\\/www.marocchallenge.com\\\/pt-pt\\\/#\\\/schema\\\/person\\\/298a597a188b0019416217b2301b9e10\",\"name\":\"Rui Caba\u00e7o\",\"image\":{\"@type\":\"ImageObject\",\"inLanguage\":\"pt-PT\",\"@id\":\"https:\\\/\\\/secure.gravatar.com\\\/avatar\\\/7ac3f434351cbd7875a5f064f6695a52ab4f6ffeb48c6bffb908c8e6f0e3bf73?s=96&d=mm&r=g\",\"url\":\"https:\\\/\\\/secure.gravatar.com\\\/avatar\\\/7ac3f434351cbd7875a5f064f6695a52ab4f6ffeb48c6bffb908c8e6f0e3bf73?s=96&d=mm&r=g\",\"contentUrl\":\"https:\\\/\\\/secure.gravatar.com\\\/avatar\\\/7ac3f434351cbd7875a5f064f6695a52ab4f6ffeb48c6bffb908c8e6f0e3bf73?s=96&d=mm&r=g\",\"caption\":\"Rui Caba\u00e7o\"}}]}<\/script>\n<!-- \/ Yoast SEO plugin. -->","yoast_head_json":{"title":"A MAROC CHALLENGE RETOMA A AVENTURA - Maroc Challenge","description":"Ser\u00e1 uma edi\u00e7\u00e3o \u00fanica, que alternar\u00e1 entre paisagens hist\u00f3ricas da prova e outros recantos novos que permitir\u00e1 aos participantes disfrutar ao m\u00e1ximo da aventura, da condu\u00e7\u00e3o e do espirito que tem caracterizado a Maroc nas suas 18 edi\u00e7\u00f5es.","robots":{"index":"index","follow":"follow","max-snippet":"max-snippet:-1","max-image-preview":"max-image-preview:large","max-video-preview":"max-video-preview:-1"},"canonical":"https:\/\/www.marocchallenge.com\/pt-pt\/a-maroc-challenge-retoma-a-aventura\/","og_locale":"pt_PT","og_type":"article","og_title":"A MAROC CHALLENGE RETOMA A AVENTURA - Maroc Challenge","og_description":"Ser\u00e1 uma edi\u00e7\u00e3o \u00fanica, que alternar\u00e1 entre paisagens hist\u00f3ricas da prova e outros recantos novos que permitir\u00e1 aos participantes disfrutar ao m\u00e1ximo da aventura, da condu\u00e7\u00e3o e do espirito que tem caracterizado a Maroc nas suas 18 edi\u00e7\u00f5es.","og_url":"https:\/\/www.marocchallenge.com\/pt-pt\/a-maroc-challenge-retoma-a-aventura\/","og_site_name":"Maroc Challenge","article_publisher":"https:\/\/www.facebook.com\/MarocChallenge\/","article_published_time":"2022-09-15T09:07:38+00:00","article_modified_time":"2022-09-15T10:12:25+00:00","og_image":[{"width":1200,"height":675,"url":"https:\/\/www.marocchallenge.com\/wp-content\/uploads\/2022\/09\/Maroc-Challenge-15-09-news.png","type":"image\/png"}],"author":"Rui Caba\u00e7o","twitter_card":"summary_large_image","twitter_creator":"@marochallenge","twitter_site":"@marochallenge","twitter_misc":{"Escrito por":"Rui Caba\u00e7o","Tempo estimado de leitura":"2 minutos"},"schema":{"@context":"https:\/\/schema.org","@graph":[{"@type":"Article","@id":"https:\/\/www.marocchallenge.com\/pt-pt\/a-maroc-challenge-retoma-a-aventura\/#article","isPartOf":{"@id":"https:\/\/www.marocchallenge.com\/pt-pt\/a-maroc-challenge-retoma-a-aventura\/"},"author":{"name":"Rui Caba\u00e7o","@id":"https:\/\/www.marocchallenge.com\/pt-pt\/#\/schema\/person\/298a597a188b0019416217b2301b9e10"},"headline":"A MAROC CHALLENGE RETOMA A AVENTURA","datePublished":"2022-09-15T09:07:38+00:00","dateModified":"2022-09-15T10:12:25+00:00","mainEntityOfPage":{"@id":"https:\/\/www.marocchallenge.com\/pt-pt\/a-maroc-challenge-retoma-a-aventura\/"},"wordCount":303,"publisher":{"@id":"https:\/\/www.marocchallenge.com\/pt-pt\/#organization"},"image":{"@id":"https:\/\/www.marocchallenge.com\/pt-pt\/a-maroc-challenge-retoma-a-aventura\/#primaryimage"},"thumbnailUrl":"https:\/\/www.marocchallenge.com\/wp-content\/uploads\/2022\/09\/Maroc-Challenge-15-09-news.png","articleSection":["Noticias"],"inLanguage":"pt-PT"},{"@type":"WebPage","@id":"https:\/\/www.marocchallenge.com\/pt-pt\/a-maroc-challenge-retoma-a-aventura\/","url":"https:\/\/www.marocchallenge.com\/pt-pt\/a-maroc-challenge-retoma-a-aventura\/","name":"A MAROC CHALLENGE RETOMA A AVENTURA - Maroc Challenge","isPartOf":{"@id":"https:\/\/www.marocchallenge.com\/pt-pt\/#website"},"primaryImageOfPage":{"@id":"https:\/\/www.marocchallenge.com\/pt-pt\/a-maroc-challenge-retoma-a-aventura\/#primaryimage"},"image":{"@id":"https:\/\/www.marocchallenge.com\/pt-pt\/a-maroc-challenge-retoma-a-aventura\/#primaryimage"},"thumbnailUrl":"https:\/\/www.marocchallenge.com\/wp-content\/uploads\/2022\/09\/Maroc-Challenge-15-09-news.png","datePublished":"2022-09-15T09:07:38+00:00","dateModified":"2022-09-15T10:12:25+00:00","description":"Ser\u00e1 uma edi\u00e7\u00e3o \u00fanica, que alternar\u00e1 entre paisagens hist\u00f3ricas da prova e outros recantos novos que permitir\u00e1 aos participantes disfrutar ao m\u00e1ximo da aventura, da condu\u00e7\u00e3o e do espirito que tem caracterizado a Maroc nas suas 18 edi\u00e7\u00f5es.","breadcrumb":{"@id":"https:\/\/www.marocchallenge.com\/pt-pt\/a-maroc-challenge-retoma-a-aventura\/#breadcrumb"},"inLanguage":"pt-PT","potentialAction":[{"@type":"ReadAction","target":["https:\/\/www.marocchallenge.com\/pt-pt\/a-maroc-challenge-retoma-a-aventura\/"]}]},{"@type":"ImageObject","inLanguage":"pt-PT","@id":"https:\/\/www.marocchallenge.com\/pt-pt\/a-maroc-challenge-retoma-a-aventura\/#primaryimage","url":"https:\/\/www.marocchallenge.com\/wp-content\/uploads\/2022\/09\/Maroc-Challenge-15-09-news.png","contentUrl":"https:\/\/www.marocchallenge.com\/wp-content\/uploads\/2022\/09\/Maroc-Challenge-15-09-news.png","width":1200,"height":675},{"@type":"BreadcrumbList","@id":"https:\/\/www.marocchallenge.com\/pt-pt\/a-maroc-challenge-retoma-a-aventura\/#breadcrumb","itemListElement":[{"@type":"ListItem","position":1,"name":"Portada","item":"https:\/\/www.marocchallenge.com\/pt-pt\/"},{"@type":"ListItem","position":2,"name":"A MAROC CHALLENGE RETOMA A AVENTURA"}]},{"@type":"WebSite","@id":"https:\/\/www.marocchallenge.com\/pt-pt\/#website","url":"https:\/\/www.marocchallenge.com\/pt-pt\/","name":"Maroc Challenge","description":"O Dakar dos anos 70 para os aventureiros de hoje","publisher":{"@id":"https:\/\/www.marocchallenge.com\/pt-pt\/#organization"},"potentialAction":[{"@type":"SearchAction","target":{"@type":"EntryPoint","urlTemplate":"https:\/\/www.marocchallenge.com\/pt-pt\/?s={search_term_string}"},"query-input":{"@type":"PropertyValueSpecification","valueRequired":true,"valueName":"search_term_string"}}],"inLanguage":"pt-PT"},{"@type":"Organization","@id":"https:\/\/www.marocchallenge.com\/pt-pt\/#organization","name":"Maroc Challenge - El Dakar de los 70's para los aventureros de hoy","url":"https:\/\/www.marocchallenge.com\/pt-pt\/","logo":{"@type":"ImageObject","inLanguage":"pt-PT","@id":"https:\/\/www.marocchallenge.com\/pt-pt\/#\/schema\/logo\/image\/","url":"https:\/\/www.marocchallenge.com\/wp-content\/uploads\/2020\/03\/Logo-Maroc_Challenge.png","contentUrl":"https:\/\/www.marocchallenge.com\/wp-content\/uploads\/2020\/03\/Logo-Maroc_Challenge.png","width":170,"height":96,"caption":"Maroc Challenge - El Dakar de los 70's para los aventureros de hoy"},"image":{"@id":"https:\/\/www.marocchallenge.com\/pt-pt\/#\/schema\/logo\/image\/"},"sameAs":["https:\/\/www.facebook.com\/MarocChallenge\/","https:\/\/x.com\/marochallenge","https:\/\/www.instagram.com\/marocchallenge\/","https:\/\/www.linkedin.com\/company\/maroc-challenge","https:\/\/www.youtube.com\/user\/MarocChallenge"]},{"@type":"Person","@id":"https:\/\/www.marocchallenge.com\/pt-pt\/#\/schema\/person\/298a597a188b0019416217b2301b9e10","name":"Rui Caba\u00e7o","image":{"@type":"ImageObject","inLanguage":"pt-PT","@id":"https:\/\/secure.gravatar.com\/avatar\/7ac3f434351cbd7875a5f064f6695a52ab4f6ffeb48c6bffb908c8e6f0e3bf73?s=96&d=mm&r=g","url":"https:\/\/secure.gravatar.com\/avatar\/7ac3f434351cbd7875a5f064f6695a52ab4f6ffeb48c6bffb908c8e6f0e3bf73?s=96&d=mm&r=g","contentUrl":"https:\/\/secure.gravatar.com\/avatar\/7ac3f434351cbd7875a5f064f6695a52ab4f6ffeb48c6bffb908c8e6f0e3bf73?s=96&d=mm&r=g","caption":"Rui Caba\u00e7o"}}]}},"_links":{"self":[{"href":"https:\/\/www.marocchallenge.com\/pt-pt\/wp-json\/wp\/v2\/posts\/18668","targetHints":{"allow":["GET"]}}],"collection":[{"href":"https:\/\/www.marocchallenge.com\/pt-pt\/wp-json\/wp\/v2\/posts"}],"about":[{"href":"https:\/\/www.marocchallenge.com\/pt-pt\/wp-json\/wp\/v2\/types\/post"}],"author":[{"embeddable":true,"href":"https:\/\/www.marocchallenge.com\/pt-pt\/wp-json\/wp\/v2\/users\/2"}],"replies":[{"embeddable":true,"href":"https:\/\/www.marocchallenge.com\/pt-pt\/wp-json\/wp\/v2\/comments?post=18668"}],"version-history":[{"count":2,"href":"https:\/\/www.marocchallenge.com\/pt-pt\/wp-json\/wp\/v2\/posts\/18668\/revisions"}],"predecessor-version":[{"id":18676,"href":"https:\/\/www.marocchallenge.com\/pt-pt\/wp-json\/wp\/v2\/posts\/18668\/revisions\/18676"}],"wp:featuredmedia":[{"embeddable":true,"href":"https:\/\/www.marocchallenge.com\/pt-pt\/wp-json\/wp\/v2\/media\/18658"}],"wp:attachment":[{"href":"https:\/\/www.marocchallenge.com\/pt-pt\/wp-json\/wp\/v2\/media?parent=18668"}],"wp:term":[{"taxonomy":"category","embeddable":true,"href":"https:\/\/www.marocchallenge.com\/pt-pt\/wp-json\/wp\/v2\/categories?post=18668"},{"taxonomy":"post_tag","embeddable":true,"href":"https:\/\/www.marocchallenge.com\/pt-pt\/wp-json\/wp\/v2\/tags?post=18668"}],"curies":[{"name":"wp","href":"https:\/\/api.w.org\/{rel}","templated":true}]}}