{"id":20684,"date":"2023-05-25T05:46:44","date_gmt":"2023-05-25T05:46:44","guid":{"rendered":"https:\/\/www.marocchallenge.com\/la-maroc-challenge-y-la-tunisie-challenge-en-el-penafiel-racing-fest\/"},"modified":"2023-05-25T06:58:39","modified_gmt":"2023-05-25T06:58:39","slug":"marroc-challenge-e-tunisia-challenge-no-penafiel-racing-fest","status":"publish","type":"post","link":"https:\/\/www.marocchallenge.com\/pt-pt\/marroc-challenge-e-tunisia-challenge-no-penafiel-racing-fest\/","title":{"rendered":"MAROC CHALLENGE E TUNISIA CHALLENGE NO PENAFIEL RACING FEST"},"content":{"rendered":"<p><img decoding=\"async\" class=\"alignnone wp-image-20672 size-full\" src=\"https:\/\/www.marocchallenge.com\/wp-content\/uploads\/2023\/05\/Maroc-Challenge-25_05-Recovered.png\" alt=\"\" width=\"1200\" height=\"675\" srcset=\"https:\/\/www.marocchallenge.com\/wp-content\/uploads\/2023\/05\/Maroc-Challenge-25_05-Recovered-200x113.png 200w, https:\/\/www.marocchallenge.com\/wp-content\/uploads\/2023\/05\/Maroc-Challenge-25_05-Recovered-300x169.png 300w, https:\/\/www.marocchallenge.com\/wp-content\/uploads\/2023\/05\/Maroc-Challenge-25_05-Recovered-400x225.png 400w, https:\/\/www.marocchallenge.com\/wp-content\/uploads\/2023\/05\/Maroc-Challenge-25_05-Recovered-600x338.png 600w, https:\/\/www.marocchallenge.com\/wp-content\/uploads\/2023\/05\/Maroc-Challenge-25_05-Recovered-768x432.png 768w, https:\/\/www.marocchallenge.com\/wp-content\/uploads\/2023\/05\/Maroc-Challenge-25_05-Recovered-800x450.png 800w, https:\/\/www.marocchallenge.com\/wp-content\/uploads\/2023\/05\/Maroc-Challenge-25_05-Recovered-1024x576.png 1024w, https:\/\/www.marocchallenge.com\/wp-content\/uploads\/2023\/05\/Maroc-Challenge-25_05-Recovered.png 1200w\" sizes=\"(max-width: 1200px) 100vw, 1200px\" \/><\/p>\n<h2>O Maroc Challenge e o Tunisie Challenge marcam presen\u00e7a no Penafiel Racing Fest, que decorre nesta cidade portuguesa de 16 a 18 de junho.<\/h2>\n<p>Estamos \u00e0 sua espera no nosso stand deste imponente evento do mundo autom\u00f3vel para lhe oferecer todos os detalhes de ambos os eventos. Nele tamb\u00e9m podem encontrar o <strong>Mercedes CLK V8 com 300 cv<\/strong> (BriefingCar) e outros ve\u00edculos que participaram de nossos eventos.<\/p>\n<p>A vig\u00e9sima edi\u00e7\u00e3o do <strong>Maroc Challenge<\/strong> ser\u00e1 realizada de <strong>1 a 9 de dezembro<\/strong>, come\u00e7ando em Ifrane e terminando em Merzouga, ao lado do imponente Erg Chebbi. O <strong>Tunisie Challenge<\/strong>, que chega \u00e0 sua terceira edi\u00e7\u00e3o e ser\u00e1 realizado de <strong>11 a 20 de outubro<\/strong>, come\u00e7ar\u00e1 em Hammamet e terminar\u00e1 ap\u00f3s cinco etapas na ilha de Djerba.<\/p>\n<p><strong>O sucesso deste evento, que re\u00fane dezenas de milhares de f\u00e3s nos seus tr\u00eas dias de competi\u00e7\u00e3o, \u00e9 impressionante e \u00e9 por isso que tanto o Maroc Challenge como o Tunisie Challenge<\/strong> se juntaram a ele para que os f\u00e3s portugueses e espanh\u00f3is que nos assistem possam conhecer-nos em primeira m\u00e3o e partilhar com eles a nossa paix\u00e3o pela aventura.<\/p>\n<p><strong>A cidade de Penafiel, perto do Porto e no cora\u00e7\u00e3o da emblem\u00e1tica etapa do Rali de Portugal<\/strong>, torna-se a capital do desporto motorizado em meados de junho. Durante tr\u00eas dias os f\u00e3s v\u00e3o poder desfrutar de um evento que re\u00fane <strong>6 modalidades com corridas de duas e quatro rodas, sendo o Trof\u00e9u Joaquim Santos o ponto alto do festival<\/strong>.<\/p>\n<p>Para mais informa\u00e7\u00f5es podem entrar no site do evento: <a href=\"https:\/\/racingfest.pt\/\" target=\"_blank\" rel=\"noopener\"><strong>https:\/\/racingfest.pt\/<\/strong><\/a><\/p>\n","protected":false},"excerpt":{"rendered":"<p>O Maroc Challenge e o Tunisie Challenge marcam presen\u00e7a no<\/p>\n","protected":false},"author":2,"featured_media":20676,"comment_status":"closed","ping_status":"closed","sticky":false,"template":"","format":"standard","meta":{"footnotes":""},"categories":[5],"tags":[],"class_list":["post-20684","post","type-post","status-publish","format-standard","has-post-thumbnail","hentry","category-sem-categoria"],"yoast_head":"<!-- This site is optimized with the Yoast SEO plugin v27.4 - https:\/\/yoast.com\/product\/yoast-seo-wordpress\/ -->\n<title>MAROC CHALLENGE E TUNISIA CHALLENGE NO PENAFIEL RACING FEST - Maroc Challenge<\/title>\n<meta name=\"description\" content=\"O Maroc Challenge e o Tunisie Challenge marcam presen\u00e7a no Penafiel Racing Fest, que decorre nesta cidade portuguesa de 16 a 18 de junho.\" \/>\n<meta name=\"robots\" content=\"index, follow, max-snippet:-1, max-image-preview:large, max-video-preview:-1\" \/>\n<link rel=\"canonical\" href=\"https:\/\/www.marocchallenge.com\/pt-pt\/marroc-challenge-e-tunisia-challenge-no-penafiel-racing-fest\/\" \/>\n<meta property=\"og:locale\" content=\"pt_PT\" \/>\n<meta property=\"og:type\" content=\"article\" \/>\n<meta property=\"og:title\" content=\"MAROC CHALLENGE E TUNISIA CHALLENGE NO PENAFIEL RACING FEST - Maroc Challenge\" \/>\n<meta property=\"og:description\" content=\"O Maroc Challenge e o Tunisie Challenge marcam presen\u00e7a no Penafiel Racing Fest, que decorre nesta cidade portuguesa de 16 a 18 de junho.\" \/>\n<meta property=\"og:url\" content=\"https:\/\/www.marocchallenge.com\/pt-pt\/marroc-challenge-e-tunisia-challenge-no-penafiel-racing-fest\/\" \/>\n<meta property=\"og:site_name\" content=\"Maroc Challenge\" \/>\n<meta property=\"article:publisher\" content=\"https:\/\/www.facebook.com\/MarocChallenge\/\" \/>\n<meta property=\"article:published_time\" content=\"2023-05-25T05:46:44+00:00\" \/>\n<meta property=\"article:modified_time\" content=\"2023-05-25T06:58:39+00:00\" \/>\n<meta property=\"og:image\" content=\"https:\/\/www.marocchallenge.com\/wp-content\/uploads\/2023\/05\/Maroc-Challenge-25_05-Recovered.png\" \/>\n\t<meta property=\"og:image:width\" content=\"1200\" \/>\n\t<meta property=\"og:image:height\" content=\"675\" \/>\n\t<meta property=\"og:image:type\" content=\"image\/png\" \/>\n<meta name=\"author\" content=\"Rui Caba\u00e7o\" \/>\n<meta name=\"twitter:card\" content=\"summary_large_image\" \/>\n<meta name=\"twitter:creator\" content=\"@marochallenge\" \/>\n<meta name=\"twitter:site\" content=\"@marochallenge\" \/>\n<meta name=\"twitter:label1\" content=\"Escrito por\" \/>\n\t<meta name=\"twitter:data1\" content=\"Rui Caba\u00e7o\" \/>\n\t<meta name=\"twitter:label2\" content=\"Tempo estimado de leitura\" \/>\n\t<meta name=\"twitter:data2\" content=\"2 minutos\" \/>\n<script type=\"application\/ld+json\" class=\"yoast-schema-graph\">{\"@context\":\"https:\\\/\\\/schema.org\",\"@graph\":[{\"@type\":\"Article\",\"@id\":\"https:\\\/\\\/www.marocchallenge.com\\\/pt-pt\\\/marroc-challenge-e-tunisia-challenge-no-penafiel-racing-fest\\\/#article\",\"isPartOf\":{\"@id\":\"https:\\\/\\\/www.marocchallenge.com\\\/pt-pt\\\/marroc-challenge-e-tunisia-challenge-no-penafiel-racing-fest\\\/\"},\"author\":{\"name\":\"Rui Caba\u00e7o\",\"@id\":\"https:\\\/\\\/www.marocchallenge.com\\\/pt-pt\\\/#\\\/schema\\\/person\\\/298a597a188b0019416217b2301b9e10\"},\"headline\":\"MAROC CHALLENGE E TUNISIA CHALLENGE NO PENAFIEL RACING FEST\",\"datePublished\":\"2023-05-25T05:46:44+00:00\",\"dateModified\":\"2023-05-25T06:58:39+00:00\",\"mainEntityOfPage\":{\"@id\":\"https:\\\/\\\/www.marocchallenge.com\\\/pt-pt\\\/marroc-challenge-e-tunisia-challenge-no-penafiel-racing-fest\\\/\"},\"wordCount\":278,\"publisher\":{\"@id\":\"https:\\\/\\\/www.marocchallenge.com\\\/pt-pt\\\/#organization\"},\"image\":{\"@id\":\"https:\\\/\\\/www.marocchallenge.com\\\/pt-pt\\\/marroc-challenge-e-tunisia-challenge-no-penafiel-racing-fest\\\/#primaryimage\"},\"thumbnailUrl\":\"https:\\\/\\\/www.marocchallenge.com\\\/wp-content\\\/uploads\\\/2023\\\/05\\\/Maroc-Challenge-25_05-Recovered.png\",\"inLanguage\":\"pt-PT\"},{\"@type\":\"WebPage\",\"@id\":\"https:\\\/\\\/www.marocchallenge.com\\\/pt-pt\\\/marroc-challenge-e-tunisia-challenge-no-penafiel-racing-fest\\\/\",\"url\":\"https:\\\/\\\/www.marocchallenge.com\\\/pt-pt\\\/marroc-challenge-e-tunisia-challenge-no-penafiel-racing-fest\\\/\",\"name\":\"MAROC CHALLENGE E TUNISIA CHALLENGE NO PENAFIEL RACING FEST - Maroc Challenge\",\"isPartOf\":{\"@id\":\"https:\\\/\\\/www.marocchallenge.com\\\/pt-pt\\\/#website\"},\"primaryImageOfPage\":{\"@id\":\"https:\\\/\\\/www.marocchallenge.com\\\/pt-pt\\\/marroc-challenge-e-tunisia-challenge-no-penafiel-racing-fest\\\/#primaryimage\"},\"image\":{\"@id\":\"https:\\\/\\\/www.marocchallenge.com\\\/pt-pt\\\/marroc-challenge-e-tunisia-challenge-no-penafiel-racing-fest\\\/#primaryimage\"},\"thumbnailUrl\":\"https:\\\/\\\/www.marocchallenge.com\\\/wp-content\\\/uploads\\\/2023\\\/05\\\/Maroc-Challenge-25_05-Recovered.png\",\"datePublished\":\"2023-05-25T05:46:44+00:00\",\"dateModified\":\"2023-05-25T06:58:39+00:00\",\"description\":\"O Maroc Challenge e o Tunisie Challenge marcam presen\u00e7a no Penafiel Racing Fest, que decorre nesta cidade portuguesa de 16 a 18 de junho.\",\"breadcrumb\":{\"@id\":\"https:\\\/\\\/www.marocchallenge.com\\\/pt-pt\\\/marroc-challenge-e-tunisia-challenge-no-penafiel-racing-fest\\\/#breadcrumb\"},\"inLanguage\":\"pt-PT\",\"potentialAction\":[{\"@type\":\"ReadAction\",\"target\":[\"https:\\\/\\\/www.marocchallenge.com\\\/pt-pt\\\/marroc-challenge-e-tunisia-challenge-no-penafiel-racing-fest\\\/\"]}]},{\"@type\":\"ImageObject\",\"inLanguage\":\"pt-PT\",\"@id\":\"https:\\\/\\\/www.marocchallenge.com\\\/pt-pt\\\/marroc-challenge-e-tunisia-challenge-no-penafiel-racing-fest\\\/#primaryimage\",\"url\":\"https:\\\/\\\/www.marocchallenge.com\\\/wp-content\\\/uploads\\\/2023\\\/05\\\/Maroc-Challenge-25_05-Recovered.png\",\"contentUrl\":\"https:\\\/\\\/www.marocchallenge.com\\\/wp-content\\\/uploads\\\/2023\\\/05\\\/Maroc-Challenge-25_05-Recovered.png\",\"width\":1200,\"height\":675},{\"@type\":\"BreadcrumbList\",\"@id\":\"https:\\\/\\\/www.marocchallenge.com\\\/pt-pt\\\/marroc-challenge-e-tunisia-challenge-no-penafiel-racing-fest\\\/#breadcrumb\",\"itemListElement\":[{\"@type\":\"ListItem\",\"position\":1,\"name\":\"Portada\",\"item\":\"https:\\\/\\\/www.marocchallenge.com\\\/pt-pt\\\/\"},{\"@type\":\"ListItem\",\"position\":2,\"name\":\"MAROC CHALLENGE E TUNISIA CHALLENGE NO PENAFIEL RACING FEST\"}]},{\"@type\":\"WebSite\",\"@id\":\"https:\\\/\\\/www.marocchallenge.com\\\/pt-pt\\\/#website\",\"url\":\"https:\\\/\\\/www.marocchallenge.com\\\/pt-pt\\\/\",\"name\":\"Maroc Challenge\",\"description\":\"O Dakar dos anos 70 para os aventureiros de hoje\",\"publisher\":{\"@id\":\"https:\\\/\\\/www.marocchallenge.com\\\/pt-pt\\\/#organization\"},\"potentialAction\":[{\"@type\":\"SearchAction\",\"target\":{\"@type\":\"EntryPoint\",\"urlTemplate\":\"https:\\\/\\\/www.marocchallenge.com\\\/pt-pt\\\/?s={search_term_string}\"},\"query-input\":{\"@type\":\"PropertyValueSpecification\",\"valueRequired\":true,\"valueName\":\"search_term_string\"}}],\"inLanguage\":\"pt-PT\"},{\"@type\":\"Organization\",\"@id\":\"https:\\\/\\\/www.marocchallenge.com\\\/pt-pt\\\/#organization\",\"name\":\"Maroc Challenge - El Dakar de los 70's para los aventureros de hoy\",\"url\":\"https:\\\/\\\/www.marocchallenge.com\\\/pt-pt\\\/\",\"logo\":{\"@type\":\"ImageObject\",\"inLanguage\":\"pt-PT\",\"@id\":\"https:\\\/\\\/www.marocchallenge.com\\\/pt-pt\\\/#\\\/schema\\\/logo\\\/image\\\/\",\"url\":\"https:\\\/\\\/www.marocchallenge.com\\\/wp-content\\\/uploads\\\/2020\\\/03\\\/Logo-Maroc_Challenge.png\",\"contentUrl\":\"https:\\\/\\\/www.marocchallenge.com\\\/wp-content\\\/uploads\\\/2020\\\/03\\\/Logo-Maroc_Challenge.png\",\"width\":170,\"height\":96,\"caption\":\"Maroc Challenge - El Dakar de los 70's para los aventureros de hoy\"},\"image\":{\"@id\":\"https:\\\/\\\/www.marocchallenge.com\\\/pt-pt\\\/#\\\/schema\\\/logo\\\/image\\\/\"},\"sameAs\":[\"https:\\\/\\\/www.facebook.com\\\/MarocChallenge\\\/\",\"https:\\\/\\\/x.com\\\/marochallenge\",\"https:\\\/\\\/www.instagram.com\\\/marocchallenge\\\/\",\"https:\\\/\\\/www.linkedin.com\\\/company\\\/maroc-challenge\",\"https:\\\/\\\/www.youtube.com\\\/user\\\/MarocChallenge\"]},{\"@type\":\"Person\",\"@id\":\"https:\\\/\\\/www.marocchallenge.com\\\/pt-pt\\\/#\\\/schema\\\/person\\\/298a597a188b0019416217b2301b9e10\",\"name\":\"Rui Caba\u00e7o\",\"image\":{\"@type\":\"ImageObject\",\"inLanguage\":\"pt-PT\",\"@id\":\"https:\\\/\\\/secure.gravatar.com\\\/avatar\\\/7ac3f434351cbd7875a5f064f6695a52ab4f6ffeb48c6bffb908c8e6f0e3bf73?s=96&d=mm&r=g\",\"url\":\"https:\\\/\\\/secure.gravatar.com\\\/avatar\\\/7ac3f434351cbd7875a5f064f6695a52ab4f6ffeb48c6bffb908c8e6f0e3bf73?s=96&d=mm&r=g\",\"contentUrl\":\"https:\\\/\\\/secure.gravatar.com\\\/avatar\\\/7ac3f434351cbd7875a5f064f6695a52ab4f6ffeb48c6bffb908c8e6f0e3bf73?s=96&d=mm&r=g\",\"caption\":\"Rui Caba\u00e7o\"}}]}<\/script>\n<!-- \/ Yoast SEO plugin. -->","yoast_head_json":{"title":"MAROC CHALLENGE E TUNISIA CHALLENGE NO PENAFIEL RACING FEST - Maroc Challenge","description":"O Maroc Challenge e o Tunisie Challenge marcam presen\u00e7a no Penafiel Racing Fest, que decorre nesta cidade portuguesa de 16 a 18 de junho.","robots":{"index":"index","follow":"follow","max-snippet":"max-snippet:-1","max-image-preview":"max-image-preview:large","max-video-preview":"max-video-preview:-1"},"canonical":"https:\/\/www.marocchallenge.com\/pt-pt\/marroc-challenge-e-tunisia-challenge-no-penafiel-racing-fest\/","og_locale":"pt_PT","og_type":"article","og_title":"MAROC CHALLENGE E TUNISIA CHALLENGE NO PENAFIEL RACING FEST - Maroc Challenge","og_description":"O Maroc Challenge e o Tunisie Challenge marcam presen\u00e7a no Penafiel Racing Fest, que decorre nesta cidade portuguesa de 16 a 18 de junho.","og_url":"https:\/\/www.marocchallenge.com\/pt-pt\/marroc-challenge-e-tunisia-challenge-no-penafiel-racing-fest\/","og_site_name":"Maroc Challenge","article_publisher":"https:\/\/www.facebook.com\/MarocChallenge\/","article_published_time":"2023-05-25T05:46:44+00:00","article_modified_time":"2023-05-25T06:58:39+00:00","og_image":[{"width":1200,"height":675,"url":"https:\/\/www.marocchallenge.com\/wp-content\/uploads\/2023\/05\/Maroc-Challenge-25_05-Recovered.png","type":"image\/png"}],"author":"Rui Caba\u00e7o","twitter_card":"summary_large_image","twitter_creator":"@marochallenge","twitter_site":"@marochallenge","twitter_misc":{"Escrito por":"Rui Caba\u00e7o","Tempo estimado de leitura":"2 minutos"},"schema":{"@context":"https:\/\/schema.org","@graph":[{"@type":"Article","@id":"https:\/\/www.marocchallenge.com\/pt-pt\/marroc-challenge-e-tunisia-challenge-no-penafiel-racing-fest\/#article","isPartOf":{"@id":"https:\/\/www.marocchallenge.com\/pt-pt\/marroc-challenge-e-tunisia-challenge-no-penafiel-racing-fest\/"},"author":{"name":"Rui Caba\u00e7o","@id":"https:\/\/www.marocchallenge.com\/pt-pt\/#\/schema\/person\/298a597a188b0019416217b2301b9e10"},"headline":"MAROC CHALLENGE E TUNISIA CHALLENGE NO PENAFIEL RACING FEST","datePublished":"2023-05-25T05:46:44+00:00","dateModified":"2023-05-25T06:58:39+00:00","mainEntityOfPage":{"@id":"https:\/\/www.marocchallenge.com\/pt-pt\/marroc-challenge-e-tunisia-challenge-no-penafiel-racing-fest\/"},"wordCount":278,"publisher":{"@id":"https:\/\/www.marocchallenge.com\/pt-pt\/#organization"},"image":{"@id":"https:\/\/www.marocchallenge.com\/pt-pt\/marroc-challenge-e-tunisia-challenge-no-penafiel-racing-fest\/#primaryimage"},"thumbnailUrl":"https:\/\/www.marocchallenge.com\/wp-content\/uploads\/2023\/05\/Maroc-Challenge-25_05-Recovered.png","inLanguage":"pt-PT"},{"@type":"WebPage","@id":"https:\/\/www.marocchallenge.com\/pt-pt\/marroc-challenge-e-tunisia-challenge-no-penafiel-racing-fest\/","url":"https:\/\/www.marocchallenge.com\/pt-pt\/marroc-challenge-e-tunisia-challenge-no-penafiel-racing-fest\/","name":"MAROC CHALLENGE E TUNISIA CHALLENGE NO PENAFIEL RACING FEST - Maroc Challenge","isPartOf":{"@id":"https:\/\/www.marocchallenge.com\/pt-pt\/#website"},"primaryImageOfPage":{"@id":"https:\/\/www.marocchallenge.com\/pt-pt\/marroc-challenge-e-tunisia-challenge-no-penafiel-racing-fest\/#primaryimage"},"image":{"@id":"https:\/\/www.marocchallenge.com\/pt-pt\/marroc-challenge-e-tunisia-challenge-no-penafiel-racing-fest\/#primaryimage"},"thumbnailUrl":"https:\/\/www.marocchallenge.com\/wp-content\/uploads\/2023\/05\/Maroc-Challenge-25_05-Recovered.png","datePublished":"2023-05-25T05:46:44+00:00","dateModified":"2023-05-25T06:58:39+00:00","description":"O Maroc Challenge e o Tunisie Challenge marcam presen\u00e7a no Penafiel Racing Fest, que decorre nesta cidade portuguesa de 16 a 18 de junho.","breadcrumb":{"@id":"https:\/\/www.marocchallenge.com\/pt-pt\/marroc-challenge-e-tunisia-challenge-no-penafiel-racing-fest\/#breadcrumb"},"inLanguage":"pt-PT","potentialAction":[{"@type":"ReadAction","target":["https:\/\/www.marocchallenge.com\/pt-pt\/marroc-challenge-e-tunisia-challenge-no-penafiel-racing-fest\/"]}]},{"@type":"ImageObject","inLanguage":"pt-PT","@id":"https:\/\/www.marocchallenge.com\/pt-pt\/marroc-challenge-e-tunisia-challenge-no-penafiel-racing-fest\/#primaryimage","url":"https:\/\/www.marocchallenge.com\/wp-content\/uploads\/2023\/05\/Maroc-Challenge-25_05-Recovered.png","contentUrl":"https:\/\/www.marocchallenge.com\/wp-content\/uploads\/2023\/05\/Maroc-Challenge-25_05-Recovered.png","width":1200,"height":675},{"@type":"BreadcrumbList","@id":"https:\/\/www.marocchallenge.com\/pt-pt\/marroc-challenge-e-tunisia-challenge-no-penafiel-racing-fest\/#breadcrumb","itemListElement":[{"@type":"ListItem","position":1,"name":"Portada","item":"https:\/\/www.marocchallenge.com\/pt-pt\/"},{"@type":"ListItem","position":2,"name":"MAROC CHALLENGE E TUNISIA CHALLENGE NO PENAFIEL RACING FEST"}]},{"@type":"WebSite","@id":"https:\/\/www.marocchallenge.com\/pt-pt\/#website","url":"https:\/\/www.marocchallenge.com\/pt-pt\/","name":"Maroc Challenge","description":"O Dakar dos anos 70 para os aventureiros de hoje","publisher":{"@id":"https:\/\/www.marocchallenge.com\/pt-pt\/#organization"},"potentialAction":[{"@type":"SearchAction","target":{"@type":"EntryPoint","urlTemplate":"https:\/\/www.marocchallenge.com\/pt-pt\/?s={search_term_string}"},"query-input":{"@type":"PropertyValueSpecification","valueRequired":true,"valueName":"search_term_string"}}],"inLanguage":"pt-PT"},{"@type":"Organization","@id":"https:\/\/www.marocchallenge.com\/pt-pt\/#organization","name":"Maroc Challenge - El Dakar de los 70's para los aventureros de hoy","url":"https:\/\/www.marocchallenge.com\/pt-pt\/","logo":{"@type":"ImageObject","inLanguage":"pt-PT","@id":"https:\/\/www.marocchallenge.com\/pt-pt\/#\/schema\/logo\/image\/","url":"https:\/\/www.marocchallenge.com\/wp-content\/uploads\/2020\/03\/Logo-Maroc_Challenge.png","contentUrl":"https:\/\/www.marocchallenge.com\/wp-content\/uploads\/2020\/03\/Logo-Maroc_Challenge.png","width":170,"height":96,"caption":"Maroc Challenge - El Dakar de los 70's para los aventureros de hoy"},"image":{"@id":"https:\/\/www.marocchallenge.com\/pt-pt\/#\/schema\/logo\/image\/"},"sameAs":["https:\/\/www.facebook.com\/MarocChallenge\/","https:\/\/x.com\/marochallenge","https:\/\/www.instagram.com\/marocchallenge\/","https:\/\/www.linkedin.com\/company\/maroc-challenge","https:\/\/www.youtube.com\/user\/MarocChallenge"]},{"@type":"Person","@id":"https:\/\/www.marocchallenge.com\/pt-pt\/#\/schema\/person\/298a597a188b0019416217b2301b9e10","name":"Rui Caba\u00e7o","image":{"@type":"ImageObject","inLanguage":"pt-PT","@id":"https:\/\/secure.gravatar.com\/avatar\/7ac3f434351cbd7875a5f064f6695a52ab4f6ffeb48c6bffb908c8e6f0e3bf73?s=96&d=mm&r=g","url":"https:\/\/secure.gravatar.com\/avatar\/7ac3f434351cbd7875a5f064f6695a52ab4f6ffeb48c6bffb908c8e6f0e3bf73?s=96&d=mm&r=g","contentUrl":"https:\/\/secure.gravatar.com\/avatar\/7ac3f434351cbd7875a5f064f6695a52ab4f6ffeb48c6bffb908c8e6f0e3bf73?s=96&d=mm&r=g","caption":"Rui Caba\u00e7o"}}]}},"_links":{"self":[{"href":"https:\/\/www.marocchallenge.com\/pt-pt\/wp-json\/wp\/v2\/posts\/20684","targetHints":{"allow":["GET"]}}],"collection":[{"href":"https:\/\/www.marocchallenge.com\/pt-pt\/wp-json\/wp\/v2\/posts"}],"about":[{"href":"https:\/\/www.marocchallenge.com\/pt-pt\/wp-json\/wp\/v2\/types\/post"}],"author":[{"embeddable":true,"href":"https:\/\/www.marocchallenge.com\/pt-pt\/wp-json\/wp\/v2\/users\/2"}],"replies":[{"embeddable":true,"href":"https:\/\/www.marocchallenge.com\/pt-pt\/wp-json\/wp\/v2\/comments?post=20684"}],"version-history":[{"count":4,"href":"https:\/\/www.marocchallenge.com\/pt-pt\/wp-json\/wp\/v2\/posts\/20684\/revisions"}],"predecessor-version":[{"id":20695,"href":"https:\/\/www.marocchallenge.com\/pt-pt\/wp-json\/wp\/v2\/posts\/20684\/revisions\/20695"}],"wp:featuredmedia":[{"embeddable":true,"href":"https:\/\/www.marocchallenge.com\/pt-pt\/wp-json\/wp\/v2\/media\/20676"}],"wp:attachment":[{"href":"https:\/\/www.marocchallenge.com\/pt-pt\/wp-json\/wp\/v2\/media?parent=20684"}],"wp:term":[{"taxonomy":"category","embeddable":true,"href":"https:\/\/www.marocchallenge.com\/pt-pt\/wp-json\/wp\/v2\/categories?post=20684"},{"taxonomy":"post_tag","embeddable":true,"href":"https:\/\/www.marocchallenge.com\/pt-pt\/wp-json\/wp\/v2\/tags?post=20684"}],"curies":[{"name":"wp","href":"https:\/\/api.w.org\/{rel}","templated":true}]}}