{"id":20864,"date":"2023-09-22T04:30:41","date_gmt":"2023-09-22T04:30:41","guid":{"rendered":"https:\/\/www.marocchallenge.com\/del-atlas-a-las-dunas-esencia-maroc\/"},"modified":"2023-09-22T04:49:08","modified_gmt":"2023-09-22T04:49:08","slug":"do-atlas-as-dunas-essencia-maroc","status":"publish","type":"post","link":"https:\/\/www.marocchallenge.com\/pt-pt\/do-atlas-as-dunas-essencia-maroc\/","title":{"rendered":"DO ATLAS \u00c0S DUNAS: ESS\u00caNCIA MAROC"},"content":{"rendered":"<h2><img decoding=\"async\" class=\"alignnone wp-image-20855 size-full\" src=\"https:\/\/www.marocchallenge.com\/wp-content\/uploads\/2023\/09\/Maroc-Challenge-22_09-1-1.png\" alt=\"\" width=\"1200\" height=\"675\" srcset=\"https:\/\/www.marocchallenge.com\/wp-content\/uploads\/2023\/09\/Maroc-Challenge-22_09-1-1-200x113.png 200w, https:\/\/www.marocchallenge.com\/wp-content\/uploads\/2023\/09\/Maroc-Challenge-22_09-1-1-300x169.png 300w, https:\/\/www.marocchallenge.com\/wp-content\/uploads\/2023\/09\/Maroc-Challenge-22_09-1-1-400x225.png 400w, https:\/\/www.marocchallenge.com\/wp-content\/uploads\/2023\/09\/Maroc-Challenge-22_09-1-1-600x338.png 600w, https:\/\/www.marocchallenge.com\/wp-content\/uploads\/2023\/09\/Maroc-Challenge-22_09-1-1-768x432.png 768w, https:\/\/www.marocchallenge.com\/wp-content\/uploads\/2023\/09\/Maroc-Challenge-22_09-1-1-800x450.png 800w, https:\/\/www.marocchallenge.com\/wp-content\/uploads\/2023\/09\/Maroc-Challenge-22_09-1-1-1024x576.png 1024w, https:\/\/www.marocchallenge.com\/wp-content\/uploads\/2023\/09\/Maroc-Challenge-22_09-1-1.png 1200w\" sizes=\"(max-width: 1200px) 100vw, 1200px\" \/><\/h2>\n<h2>O percurso da 20\u00aa Edi\u00e7\u00e3o do Maroc Challenge, que ser\u00e1 realizado de 2 a 9 de dezembro, foi materializado ap\u00f3s os reconhecimentos.<\/h2>\n<p>Nos \u00faltimos dias, procuramos as melhores pistas para desenhar um dos tra\u00e7ados mais carism\u00e1ticos da prova e onde <strong>atravessaremos a cordilheira do Atlas antes de entrar no deserto e acabar ao lado do Erg Chebbi<\/strong>.<\/p>\n<p>Como \u00e9 habitual em todas as edi\u00e7\u00f5es, <strong>aproveitamos estes reconhecimentos para renovar os percursos e fazer algumas varia\u00e7\u00f5es em todas as categorias, procurando terrenos de todos os tipos e gostos, adaptando-os \u00e0s caracter\u00edsticas dos diferentes ve\u00edculos<\/strong>. O Winter \u00a02023 come\u00e7ar\u00e1 em Ifrane, onde ter\u00e3o lugar as verifica\u00e7\u00f5es administrativas e t\u00e9cnicas, terminando em Merzouga ap\u00f3s seis intensas etapas em que tamb\u00e9m estaremos em Midelt, Talsint, Erfoud e Zagora.<\/p>\n<p><strong>Atravessar o Atlas \u00e9 sempre um desafio e no empenho condiciona muito a meteorologia<\/strong>, tanto a que nos pode fazer no in\u00edcio de dezembro como a das semanas anteriores porque o estado das pistas muda radicalmente. Os dois primeiros dias do Inverno 2023 decorrer\u00e3o, principalmente, por pistas de montanha, ou seja, pistas estreitas, \u00e1reas pedregosas e vadeamento de rios, mas temos trabalhado hoje em dia para minimiz\u00e1-lo ao m\u00e1ximo, procurando novos e melhores passos.<\/p>\n<p><strong>Do frio, chuva, lama e neve que pode haver em Ifrane ao sol, calor, areia e as dunas de Erfoud a aventura e os contrastes nos acompanhar\u00e3o<\/strong>. Quando chegarmos \u00e0s plan\u00edcies e especialmente depois da noite do acampamento de Talsint, entraremos no deserto e, \u00e0 medida que descermos para o sul, o habitat natural ser\u00e1 a areia, outro dos incentivos que nos esperam. A 20a edi\u00e7\u00e3o do Maroc Challenge terminar\u00e1 com a j\u00e1 habitual etapa de &#8216;waypoints&#8217;.<\/p>\n<p>Nas nossas redes sociais e no site pode acompanhar as \u00faltimas not\u00edcias e ver as imagens mais espetaculares destes reconhecimentos.<\/p>\n","protected":false},"excerpt":{"rendered":"<p>O percurso da 20\u00aa Edi\u00e7\u00e3o do Maroc Challenge, que ser\u00e1<\/p>\n","protected":false},"author":2,"featured_media":20859,"comment_status":"closed","ping_status":"closed","sticky":false,"template":"","format":"standard","meta":{"footnotes":""},"categories":[93],"tags":[],"class_list":["post-20864","post","type-post","status-publish","format-standard","has-post-thumbnail","hentry","category-noticias-pt-pt"],"yoast_head":"<!-- This site is optimized with the Yoast SEO plugin v27.4 - https:\/\/yoast.com\/product\/yoast-seo-wordpress\/ -->\n<title>DO ATLAS \u00c0S DUNAS: ESS\u00caNCIA MAROC - Maroc Challenge<\/title>\n<meta name=\"description\" content=\"O percurso da 20\u00aa Edi\u00e7\u00e3o do Maroc Challenge, que ser\u00e1 realizado de 2 a 9 de dezembro, foi materializado ap\u00f3s os reconhecimentos.\" \/>\n<meta name=\"robots\" content=\"index, follow, max-snippet:-1, max-image-preview:large, max-video-preview:-1\" \/>\n<link rel=\"canonical\" href=\"https:\/\/www.marocchallenge.com\/pt-pt\/do-atlas-as-dunas-essencia-maroc\/\" \/>\n<meta property=\"og:locale\" content=\"pt_PT\" \/>\n<meta property=\"og:type\" content=\"article\" \/>\n<meta property=\"og:title\" content=\"DO ATLAS \u00c0S DUNAS: ESS\u00caNCIA MAROC - Maroc Challenge\" \/>\n<meta property=\"og:description\" content=\"O percurso da 20\u00aa Edi\u00e7\u00e3o do Maroc Challenge, que ser\u00e1 realizado de 2 a 9 de dezembro, foi materializado ap\u00f3s os reconhecimentos.\" \/>\n<meta property=\"og:url\" content=\"https:\/\/www.marocchallenge.com\/pt-pt\/do-atlas-as-dunas-essencia-maroc\/\" \/>\n<meta property=\"og:site_name\" content=\"Maroc Challenge\" \/>\n<meta property=\"article:publisher\" content=\"https:\/\/www.facebook.com\/MarocChallenge\/\" \/>\n<meta property=\"article:published_time\" content=\"2023-09-22T04:30:41+00:00\" \/>\n<meta property=\"article:modified_time\" content=\"2023-09-22T04:49:08+00:00\" \/>\n<meta property=\"og:image\" content=\"https:\/\/www.marocchallenge.com\/wp-content\/uploads\/2023\/09\/Maroc-Challenge-22_09-1-1.png\" \/>\n\t<meta property=\"og:image:width\" content=\"1200\" \/>\n\t<meta property=\"og:image:height\" content=\"675\" \/>\n\t<meta property=\"og:image:type\" content=\"image\/png\" \/>\n<meta name=\"author\" content=\"Rui Caba\u00e7o\" \/>\n<meta name=\"twitter:card\" content=\"summary_large_image\" \/>\n<meta name=\"twitter:creator\" content=\"@marochallenge\" \/>\n<meta name=\"twitter:site\" content=\"@marochallenge\" \/>\n<meta name=\"twitter:label1\" content=\"Escrito por\" \/>\n\t<meta name=\"twitter:data1\" content=\"Rui Caba\u00e7o\" \/>\n\t<meta name=\"twitter:label2\" content=\"Tempo estimado de leitura\" \/>\n\t<meta name=\"twitter:data2\" content=\"2 minutos\" \/>\n<script type=\"application\/ld+json\" class=\"yoast-schema-graph\">{\"@context\":\"https:\\\/\\\/schema.org\",\"@graph\":[{\"@type\":\"Article\",\"@id\":\"https:\\\/\\\/www.marocchallenge.com\\\/pt-pt\\\/do-atlas-as-dunas-essencia-maroc\\\/#article\",\"isPartOf\":{\"@id\":\"https:\\\/\\\/www.marocchallenge.com\\\/pt-pt\\\/do-atlas-as-dunas-essencia-maroc\\\/\"},\"author\":{\"name\":\"Rui Caba\u00e7o\",\"@id\":\"https:\\\/\\\/www.marocchallenge.com\\\/pt-pt\\\/#\\\/schema\\\/person\\\/298a597a188b0019416217b2301b9e10\"},\"headline\":\"DO ATLAS \u00c0S DUNAS: ESS\u00caNCIA MAROC\",\"datePublished\":\"2023-09-22T04:30:41+00:00\",\"dateModified\":\"2023-09-22T04:49:08+00:00\",\"mainEntityOfPage\":{\"@id\":\"https:\\\/\\\/www.marocchallenge.com\\\/pt-pt\\\/do-atlas-as-dunas-essencia-maroc\\\/\"},\"wordCount\":316,\"publisher\":{\"@id\":\"https:\\\/\\\/www.marocchallenge.com\\\/pt-pt\\\/#organization\"},\"image\":{\"@id\":\"https:\\\/\\\/www.marocchallenge.com\\\/pt-pt\\\/do-atlas-as-dunas-essencia-maroc\\\/#primaryimage\"},\"thumbnailUrl\":\"https:\\\/\\\/www.marocchallenge.com\\\/wp-content\\\/uploads\\\/2023\\\/09\\\/Maroc-Challenge-22_09-1-1.png\",\"articleSection\":[\"Noticias\"],\"inLanguage\":\"pt-PT\"},{\"@type\":\"WebPage\",\"@id\":\"https:\\\/\\\/www.marocchallenge.com\\\/pt-pt\\\/do-atlas-as-dunas-essencia-maroc\\\/\",\"url\":\"https:\\\/\\\/www.marocchallenge.com\\\/pt-pt\\\/do-atlas-as-dunas-essencia-maroc\\\/\",\"name\":\"DO ATLAS \u00c0S DUNAS: ESS\u00caNCIA MAROC - Maroc Challenge\",\"isPartOf\":{\"@id\":\"https:\\\/\\\/www.marocchallenge.com\\\/pt-pt\\\/#website\"},\"primaryImageOfPage\":{\"@id\":\"https:\\\/\\\/www.marocchallenge.com\\\/pt-pt\\\/do-atlas-as-dunas-essencia-maroc\\\/#primaryimage\"},\"image\":{\"@id\":\"https:\\\/\\\/www.marocchallenge.com\\\/pt-pt\\\/do-atlas-as-dunas-essencia-maroc\\\/#primaryimage\"},\"thumbnailUrl\":\"https:\\\/\\\/www.marocchallenge.com\\\/wp-content\\\/uploads\\\/2023\\\/09\\\/Maroc-Challenge-22_09-1-1.png\",\"datePublished\":\"2023-09-22T04:30:41+00:00\",\"dateModified\":\"2023-09-22T04:49:08+00:00\",\"description\":\"O percurso da 20\u00aa Edi\u00e7\u00e3o do Maroc Challenge, que ser\u00e1 realizado de 2 a 9 de dezembro, foi materializado ap\u00f3s os reconhecimentos.\",\"breadcrumb\":{\"@id\":\"https:\\\/\\\/www.marocchallenge.com\\\/pt-pt\\\/do-atlas-as-dunas-essencia-maroc\\\/#breadcrumb\"},\"inLanguage\":\"pt-PT\",\"potentialAction\":[{\"@type\":\"ReadAction\",\"target\":[\"https:\\\/\\\/www.marocchallenge.com\\\/pt-pt\\\/do-atlas-as-dunas-essencia-maroc\\\/\"]}]},{\"@type\":\"ImageObject\",\"inLanguage\":\"pt-PT\",\"@id\":\"https:\\\/\\\/www.marocchallenge.com\\\/pt-pt\\\/do-atlas-as-dunas-essencia-maroc\\\/#primaryimage\",\"url\":\"https:\\\/\\\/www.marocchallenge.com\\\/wp-content\\\/uploads\\\/2023\\\/09\\\/Maroc-Challenge-22_09-1-1.png\",\"contentUrl\":\"https:\\\/\\\/www.marocchallenge.com\\\/wp-content\\\/uploads\\\/2023\\\/09\\\/Maroc-Challenge-22_09-1-1.png\",\"width\":1200,\"height\":675},{\"@type\":\"BreadcrumbList\",\"@id\":\"https:\\\/\\\/www.marocchallenge.com\\\/pt-pt\\\/do-atlas-as-dunas-essencia-maroc\\\/#breadcrumb\",\"itemListElement\":[{\"@type\":\"ListItem\",\"position\":1,\"name\":\"Portada\",\"item\":\"https:\\\/\\\/www.marocchallenge.com\\\/pt-pt\\\/\"},{\"@type\":\"ListItem\",\"position\":2,\"name\":\"DO ATLAS \u00c0S DUNAS: ESS\u00caNCIA MAROC\"}]},{\"@type\":\"WebSite\",\"@id\":\"https:\\\/\\\/www.marocchallenge.com\\\/pt-pt\\\/#website\",\"url\":\"https:\\\/\\\/www.marocchallenge.com\\\/pt-pt\\\/\",\"name\":\"Maroc Challenge\",\"description\":\"O Dakar dos anos 70 para os aventureiros de hoje\",\"publisher\":{\"@id\":\"https:\\\/\\\/www.marocchallenge.com\\\/pt-pt\\\/#organization\"},\"potentialAction\":[{\"@type\":\"SearchAction\",\"target\":{\"@type\":\"EntryPoint\",\"urlTemplate\":\"https:\\\/\\\/www.marocchallenge.com\\\/pt-pt\\\/?s={search_term_string}\"},\"query-input\":{\"@type\":\"PropertyValueSpecification\",\"valueRequired\":true,\"valueName\":\"search_term_string\"}}],\"inLanguage\":\"pt-PT\"},{\"@type\":\"Organization\",\"@id\":\"https:\\\/\\\/www.marocchallenge.com\\\/pt-pt\\\/#organization\",\"name\":\"Maroc Challenge - El Dakar de los 70's para los aventureros de hoy\",\"url\":\"https:\\\/\\\/www.marocchallenge.com\\\/pt-pt\\\/\",\"logo\":{\"@type\":\"ImageObject\",\"inLanguage\":\"pt-PT\",\"@id\":\"https:\\\/\\\/www.marocchallenge.com\\\/pt-pt\\\/#\\\/schema\\\/logo\\\/image\\\/\",\"url\":\"https:\\\/\\\/www.marocchallenge.com\\\/wp-content\\\/uploads\\\/2020\\\/03\\\/Logo-Maroc_Challenge.png\",\"contentUrl\":\"https:\\\/\\\/www.marocchallenge.com\\\/wp-content\\\/uploads\\\/2020\\\/03\\\/Logo-Maroc_Challenge.png\",\"width\":170,\"height\":96,\"caption\":\"Maroc Challenge - El Dakar de los 70's para los aventureros de hoy\"},\"image\":{\"@id\":\"https:\\\/\\\/www.marocchallenge.com\\\/pt-pt\\\/#\\\/schema\\\/logo\\\/image\\\/\"},\"sameAs\":[\"https:\\\/\\\/www.facebook.com\\\/MarocChallenge\\\/\",\"https:\\\/\\\/x.com\\\/marochallenge\",\"https:\\\/\\\/www.instagram.com\\\/marocchallenge\\\/\",\"https:\\\/\\\/www.linkedin.com\\\/company\\\/maroc-challenge\",\"https:\\\/\\\/www.youtube.com\\\/user\\\/MarocChallenge\"]},{\"@type\":\"Person\",\"@id\":\"https:\\\/\\\/www.marocchallenge.com\\\/pt-pt\\\/#\\\/schema\\\/person\\\/298a597a188b0019416217b2301b9e10\",\"name\":\"Rui Caba\u00e7o\",\"image\":{\"@type\":\"ImageObject\",\"inLanguage\":\"pt-PT\",\"@id\":\"https:\\\/\\\/secure.gravatar.com\\\/avatar\\\/7ac3f434351cbd7875a5f064f6695a52ab4f6ffeb48c6bffb908c8e6f0e3bf73?s=96&d=mm&r=g\",\"url\":\"https:\\\/\\\/secure.gravatar.com\\\/avatar\\\/7ac3f434351cbd7875a5f064f6695a52ab4f6ffeb48c6bffb908c8e6f0e3bf73?s=96&d=mm&r=g\",\"contentUrl\":\"https:\\\/\\\/secure.gravatar.com\\\/avatar\\\/7ac3f434351cbd7875a5f064f6695a52ab4f6ffeb48c6bffb908c8e6f0e3bf73?s=96&d=mm&r=g\",\"caption\":\"Rui Caba\u00e7o\"}}]}<\/script>\n<!-- \/ Yoast SEO plugin. -->","yoast_head_json":{"title":"DO ATLAS \u00c0S DUNAS: ESS\u00caNCIA MAROC - Maroc Challenge","description":"O percurso da 20\u00aa Edi\u00e7\u00e3o do Maroc Challenge, que ser\u00e1 realizado de 2 a 9 de dezembro, foi materializado ap\u00f3s os reconhecimentos.","robots":{"index":"index","follow":"follow","max-snippet":"max-snippet:-1","max-image-preview":"max-image-preview:large","max-video-preview":"max-video-preview:-1"},"canonical":"https:\/\/www.marocchallenge.com\/pt-pt\/do-atlas-as-dunas-essencia-maroc\/","og_locale":"pt_PT","og_type":"article","og_title":"DO ATLAS \u00c0S DUNAS: ESS\u00caNCIA MAROC - Maroc Challenge","og_description":"O percurso da 20\u00aa Edi\u00e7\u00e3o do Maroc Challenge, que ser\u00e1 realizado de 2 a 9 de dezembro, foi materializado ap\u00f3s os reconhecimentos.","og_url":"https:\/\/www.marocchallenge.com\/pt-pt\/do-atlas-as-dunas-essencia-maroc\/","og_site_name":"Maroc Challenge","article_publisher":"https:\/\/www.facebook.com\/MarocChallenge\/","article_published_time":"2023-09-22T04:30:41+00:00","article_modified_time":"2023-09-22T04:49:08+00:00","og_image":[{"width":1200,"height":675,"url":"https:\/\/www.marocchallenge.com\/wp-content\/uploads\/2023\/09\/Maroc-Challenge-22_09-1-1.png","type":"image\/png"}],"author":"Rui Caba\u00e7o","twitter_card":"summary_large_image","twitter_creator":"@marochallenge","twitter_site":"@marochallenge","twitter_misc":{"Escrito por":"Rui Caba\u00e7o","Tempo estimado de leitura":"2 minutos"},"schema":{"@context":"https:\/\/schema.org","@graph":[{"@type":"Article","@id":"https:\/\/www.marocchallenge.com\/pt-pt\/do-atlas-as-dunas-essencia-maroc\/#article","isPartOf":{"@id":"https:\/\/www.marocchallenge.com\/pt-pt\/do-atlas-as-dunas-essencia-maroc\/"},"author":{"name":"Rui Caba\u00e7o","@id":"https:\/\/www.marocchallenge.com\/pt-pt\/#\/schema\/person\/298a597a188b0019416217b2301b9e10"},"headline":"DO ATLAS \u00c0S DUNAS: ESS\u00caNCIA MAROC","datePublished":"2023-09-22T04:30:41+00:00","dateModified":"2023-09-22T04:49:08+00:00","mainEntityOfPage":{"@id":"https:\/\/www.marocchallenge.com\/pt-pt\/do-atlas-as-dunas-essencia-maroc\/"},"wordCount":316,"publisher":{"@id":"https:\/\/www.marocchallenge.com\/pt-pt\/#organization"},"image":{"@id":"https:\/\/www.marocchallenge.com\/pt-pt\/do-atlas-as-dunas-essencia-maroc\/#primaryimage"},"thumbnailUrl":"https:\/\/www.marocchallenge.com\/wp-content\/uploads\/2023\/09\/Maroc-Challenge-22_09-1-1.png","articleSection":["Noticias"],"inLanguage":"pt-PT"},{"@type":"WebPage","@id":"https:\/\/www.marocchallenge.com\/pt-pt\/do-atlas-as-dunas-essencia-maroc\/","url":"https:\/\/www.marocchallenge.com\/pt-pt\/do-atlas-as-dunas-essencia-maroc\/","name":"DO ATLAS \u00c0S DUNAS: ESS\u00caNCIA MAROC - Maroc Challenge","isPartOf":{"@id":"https:\/\/www.marocchallenge.com\/pt-pt\/#website"},"primaryImageOfPage":{"@id":"https:\/\/www.marocchallenge.com\/pt-pt\/do-atlas-as-dunas-essencia-maroc\/#primaryimage"},"image":{"@id":"https:\/\/www.marocchallenge.com\/pt-pt\/do-atlas-as-dunas-essencia-maroc\/#primaryimage"},"thumbnailUrl":"https:\/\/www.marocchallenge.com\/wp-content\/uploads\/2023\/09\/Maroc-Challenge-22_09-1-1.png","datePublished":"2023-09-22T04:30:41+00:00","dateModified":"2023-09-22T04:49:08+00:00","description":"O percurso da 20\u00aa Edi\u00e7\u00e3o do Maroc Challenge, que ser\u00e1 realizado de 2 a 9 de dezembro, foi materializado ap\u00f3s os reconhecimentos.","breadcrumb":{"@id":"https:\/\/www.marocchallenge.com\/pt-pt\/do-atlas-as-dunas-essencia-maroc\/#breadcrumb"},"inLanguage":"pt-PT","potentialAction":[{"@type":"ReadAction","target":["https:\/\/www.marocchallenge.com\/pt-pt\/do-atlas-as-dunas-essencia-maroc\/"]}]},{"@type":"ImageObject","inLanguage":"pt-PT","@id":"https:\/\/www.marocchallenge.com\/pt-pt\/do-atlas-as-dunas-essencia-maroc\/#primaryimage","url":"https:\/\/www.marocchallenge.com\/wp-content\/uploads\/2023\/09\/Maroc-Challenge-22_09-1-1.png","contentUrl":"https:\/\/www.marocchallenge.com\/wp-content\/uploads\/2023\/09\/Maroc-Challenge-22_09-1-1.png","width":1200,"height":675},{"@type":"BreadcrumbList","@id":"https:\/\/www.marocchallenge.com\/pt-pt\/do-atlas-as-dunas-essencia-maroc\/#breadcrumb","itemListElement":[{"@type":"ListItem","position":1,"name":"Portada","item":"https:\/\/www.marocchallenge.com\/pt-pt\/"},{"@type":"ListItem","position":2,"name":"DO ATLAS \u00c0S DUNAS: ESS\u00caNCIA MAROC"}]},{"@type":"WebSite","@id":"https:\/\/www.marocchallenge.com\/pt-pt\/#website","url":"https:\/\/www.marocchallenge.com\/pt-pt\/","name":"Maroc Challenge","description":"O Dakar dos anos 70 para os aventureiros de hoje","publisher":{"@id":"https:\/\/www.marocchallenge.com\/pt-pt\/#organization"},"potentialAction":[{"@type":"SearchAction","target":{"@type":"EntryPoint","urlTemplate":"https:\/\/www.marocchallenge.com\/pt-pt\/?s={search_term_string}"},"query-input":{"@type":"PropertyValueSpecification","valueRequired":true,"valueName":"search_term_string"}}],"inLanguage":"pt-PT"},{"@type":"Organization","@id":"https:\/\/www.marocchallenge.com\/pt-pt\/#organization","name":"Maroc Challenge - El Dakar de los 70's para los aventureros de hoy","url":"https:\/\/www.marocchallenge.com\/pt-pt\/","logo":{"@type":"ImageObject","inLanguage":"pt-PT","@id":"https:\/\/www.marocchallenge.com\/pt-pt\/#\/schema\/logo\/image\/","url":"https:\/\/www.marocchallenge.com\/wp-content\/uploads\/2020\/03\/Logo-Maroc_Challenge.png","contentUrl":"https:\/\/www.marocchallenge.com\/wp-content\/uploads\/2020\/03\/Logo-Maroc_Challenge.png","width":170,"height":96,"caption":"Maroc Challenge - El Dakar de los 70's para los aventureros de hoy"},"image":{"@id":"https:\/\/www.marocchallenge.com\/pt-pt\/#\/schema\/logo\/image\/"},"sameAs":["https:\/\/www.facebook.com\/MarocChallenge\/","https:\/\/x.com\/marochallenge","https:\/\/www.instagram.com\/marocchallenge\/","https:\/\/www.linkedin.com\/company\/maroc-challenge","https:\/\/www.youtube.com\/user\/MarocChallenge"]},{"@type":"Person","@id":"https:\/\/www.marocchallenge.com\/pt-pt\/#\/schema\/person\/298a597a188b0019416217b2301b9e10","name":"Rui Caba\u00e7o","image":{"@type":"ImageObject","inLanguage":"pt-PT","@id":"https:\/\/secure.gravatar.com\/avatar\/7ac3f434351cbd7875a5f064f6695a52ab4f6ffeb48c6bffb908c8e6f0e3bf73?s=96&d=mm&r=g","url":"https:\/\/secure.gravatar.com\/avatar\/7ac3f434351cbd7875a5f064f6695a52ab4f6ffeb48c6bffb908c8e6f0e3bf73?s=96&d=mm&r=g","contentUrl":"https:\/\/secure.gravatar.com\/avatar\/7ac3f434351cbd7875a5f064f6695a52ab4f6ffeb48c6bffb908c8e6f0e3bf73?s=96&d=mm&r=g","caption":"Rui Caba\u00e7o"}}]}},"_links":{"self":[{"href":"https:\/\/www.marocchallenge.com\/pt-pt\/wp-json\/wp\/v2\/posts\/20864","targetHints":{"allow":["GET"]}}],"collection":[{"href":"https:\/\/www.marocchallenge.com\/pt-pt\/wp-json\/wp\/v2\/posts"}],"about":[{"href":"https:\/\/www.marocchallenge.com\/pt-pt\/wp-json\/wp\/v2\/types\/post"}],"author":[{"embeddable":true,"href":"https:\/\/www.marocchallenge.com\/pt-pt\/wp-json\/wp\/v2\/users\/2"}],"replies":[{"embeddable":true,"href":"https:\/\/www.marocchallenge.com\/pt-pt\/wp-json\/wp\/v2\/comments?post=20864"}],"version-history":[{"count":3,"href":"https:\/\/www.marocchallenge.com\/pt-pt\/wp-json\/wp\/v2\/posts\/20864\/revisions"}],"predecessor-version":[{"id":20873,"href":"https:\/\/www.marocchallenge.com\/pt-pt\/wp-json\/wp\/v2\/posts\/20864\/revisions\/20873"}],"wp:featuredmedia":[{"embeddable":true,"href":"https:\/\/www.marocchallenge.com\/pt-pt\/wp-json\/wp\/v2\/media\/20859"}],"wp:attachment":[{"href":"https:\/\/www.marocchallenge.com\/pt-pt\/wp-json\/wp\/v2\/media?parent=20864"}],"wp:term":[{"taxonomy":"category","embeddable":true,"href":"https:\/\/www.marocchallenge.com\/pt-pt\/wp-json\/wp\/v2\/categories?post=20864"},{"taxonomy":"post_tag","embeddable":true,"href":"https:\/\/www.marocchallenge.com\/pt-pt\/wp-json\/wp\/v2\/tags?post=20864"}],"curies":[{"name":"wp","href":"https:\/\/api.w.org\/{rel}","templated":true}]}}