{"id":21582,"date":"2024-03-13T06:11:05","date_gmt":"2024-03-13T06:11:05","guid":{"rendered":"https:\/\/www.marocchallenge.com\/la-maroc-challenge-spring-2024-se-mueve-mas-al-sur-que-nunca\/"},"modified":"2024-03-13T06:30:20","modified_gmt":"2024-03-13T06:30:20","slug":"a-maroc-challenge-spring-2024-avanca-mais-para-sul-do-que-nunca","status":"publish","type":"post","link":"https:\/\/www.marocchallenge.com\/pt-pt\/a-maroc-challenge-spring-2024-avanca-mais-para-sul-do-que-nunca\/","title":{"rendered":"A MAROC CHALLENGE SPRING 2024 AVAN\u00c7A MAIS PARA SUL DO QUE NUNCA"},"content":{"rendered":"<h2><img decoding=\"async\" class=\"alignnone wp-image-21573 size-full\" src=\"https:\/\/www.marocchallenge.com\/wp-content\/uploads\/2024\/03\/Maroc-Challenge-13-03.png\" alt=\"\" width=\"1200\" height=\"675\" srcset=\"https:\/\/www.marocchallenge.com\/wp-content\/uploads\/2024\/03\/Maroc-Challenge-13-03-200x113.png 200w, https:\/\/www.marocchallenge.com\/wp-content\/uploads\/2024\/03\/Maroc-Challenge-13-03-300x169.png 300w, https:\/\/www.marocchallenge.com\/wp-content\/uploads\/2024\/03\/Maroc-Challenge-13-03-400x225.png 400w, https:\/\/www.marocchallenge.com\/wp-content\/uploads\/2024\/03\/Maroc-Challenge-13-03-600x338.png 600w, https:\/\/www.marocchallenge.com\/wp-content\/uploads\/2024\/03\/Maroc-Challenge-13-03-768x432.png 768w, https:\/\/www.marocchallenge.com\/wp-content\/uploads\/2024\/03\/Maroc-Challenge-13-03-800x450.png 800w, https:\/\/www.marocchallenge.com\/wp-content\/uploads\/2024\/03\/Maroc-Challenge-13-03-1024x576.png 1024w, https:\/\/www.marocchallenge.com\/wp-content\/uploads\/2024\/03\/Maroc-Challenge-13-03.png 1200w\" sizes=\"(max-width: 1200px) 100vw, 1200px\" \/><\/h2>\n<h2>A Maroc Challenge Spring edition 2024, que decorrer\u00e1 de 22 a 30 de mar\u00e7o, apresenta novidades importantes, tanto ao n\u00edvel do desenho do itiner\u00e1rio como dos seus percursos in\u00e9ditos. S\u00e3o praticamente 170 equipas escritas, pouco mais de metade delas de nacionalidade espanhola e presume-se que ser\u00e1 mais uma intensa batalha pela vit\u00f3ria nas diferentes categorias em disputa.<\/h2>\n<p>Renovar o percurso para gerar maiores doses de aventura \u00e9 um dos destaques que edi\u00e7\u00e3o ap\u00f3s edi\u00e7\u00e3o tem sido marcada pela organiza\u00e7\u00e3o de forma a manter em alta o esp\u00edrito aventureiro da Maroc Challenge. O desafio continua nesta Spring 2024 e o evento ir\u00e1 para sul para explorar uma parte totalmente nova que nunca se cruzou antes.<\/p>\n<p>A pr\u00f3xima Maroc Challenge ir\u00e1 mais para sul do que nunca e, no final da segunda etapa, o tradicional acampamento ser\u00e1 montado nas proximidades de Tissint, a meio caminho entre Zagora e Guelmin, nas proximidades de Tata, onde se espera um clima mais ameno, a priori, com sol e calor.<\/p>\n<p>Outra novidade para a primavera de 2024 representa o facto de a corrida ter in\u00edcio em Er-Rachidia, uma vez atravessadas as montanhas do Atlas, onde tamb\u00e9m decorrer\u00e3o as verifica\u00e7\u00f5es administrativas e t\u00e9cnicas, que oferece a oportunidade de entrar no deserto desde a primeira etapa.<\/p>\n<p>A largada ser\u00e1 em Er-Rachidia, de onde seguimos\u00a0para Zagora, a capital do Vale do Draa, onde o final da primeira etapa est\u00e1 localizado. De Zagora, o curso para sul ser\u00e1 mantido em dire\u00e7\u00e3o a Tissint, onde o bivouac estar\u00e1 localizado. De Tissint vamos subir em dire\u00e7\u00e3o a M&#8217;hamid, passando pelo Lago Iriki e os arredores do Chegaga por seu longo rio de areia. De M&#8217;hamid a caravana seguir\u00e1 para Erfoud, onde haver\u00e1 um loop espetacular na quinta etapa e terminar\u00e1 com a tradicional etapa de waypoint que terminar\u00e1 em Merzouga e aos p\u00e9s do Erg Chebbi, onde ser\u00e1 realizada a tradicional cerim\u00f4nia de premia\u00e7\u00e3o.<\/p>\n<p>As etapas, na sua maioria, ser\u00e3o feitas de terra e areia, embora n\u00e3o fiquem isentos de algumas \u00e1reas de pedras, ser\u00e3o r\u00e1pidas, exigentes e precisar\u00e3o de muito cuidado com a mec\u00e2nica e navega\u00e7\u00e3o, pois neles \u00e9 sempre f\u00e1cil encontrar algum obst\u00e1culo inesperado.<\/p>\n<p>De norte a sul e de sul a norte, a Maroc Challenge seguir\u00e1 os tra\u00e7os do antigo Paris-Dakar africano, mais um incentivo para as equipas participantes que ter\u00e3o pela frente etapas longas e pouco percorridas.<\/p>\n<p>Ser\u00e1, sem d\u00favida, uma das edi\u00e7\u00f5es mais aventureiras, desafiantes e des\u00e9rticas da Maroc Challenge, embora, como \u00e9 l\u00f3gico e habitual no evento, as dificuldades sejam sempre adaptadas \u00e0s diferentes categorias. As variadas condi\u00e7\u00f5es do terreno tornam o desafio maior e aumentam o desafio de poder desfrutar ao m\u00e1ximo da condu\u00e7\u00e3o e do esp\u00edrito que caracteriza este evento.<\/p>\n","protected":false},"excerpt":{"rendered":"<p>A Maroc Challenge Spring edition 2024, que decorrer\u00e1 de 22<\/p>\n","protected":false},"author":2,"featured_media":21577,"comment_status":"closed","ping_status":"closed","sticky":false,"template":"","format":"standard","meta":{"footnotes":""},"categories":[93],"tags":[],"class_list":["post-21582","post","type-post","status-publish","format-standard","has-post-thumbnail","hentry","category-noticias-pt-pt"],"yoast_head":"<!-- This site is optimized with the Yoast SEO plugin v27.4 - https:\/\/yoast.com\/product\/yoast-seo-wordpress\/ -->\n<title>A MAROC CHALLENGE SPRING 2024 AVAN\u00c7A MAIS PARA SUL DO QUE NUNCA - Maroc Challenge<\/title>\n<meta name=\"description\" content=\"A Maroc Challenge Spring edition 2024, que decorrer\u00e1 de 22 a 30 de mar\u00e7o, apresenta novidades importantes, tanto ao n\u00edvel do desenho do itiner\u00e1rio como dos seus percursos in\u00e9ditos.\" \/>\n<meta name=\"robots\" content=\"index, follow, max-snippet:-1, max-image-preview:large, max-video-preview:-1\" \/>\n<link rel=\"canonical\" href=\"https:\/\/www.marocchallenge.com\/pt-pt\/a-maroc-challenge-spring-2024-avanca-mais-para-sul-do-que-nunca\/\" \/>\n<meta property=\"og:locale\" content=\"pt_PT\" \/>\n<meta property=\"og:type\" content=\"article\" \/>\n<meta property=\"og:title\" content=\"A MAROC CHALLENGE SPRING 2024 AVAN\u00c7A MAIS PARA SUL DO QUE NUNCA - Maroc Challenge\" \/>\n<meta property=\"og:description\" content=\"A Maroc Challenge Spring edition 2024, que decorrer\u00e1 de 22 a 30 de mar\u00e7o, apresenta novidades importantes, tanto ao n\u00edvel do desenho do itiner\u00e1rio como dos seus percursos in\u00e9ditos.\" \/>\n<meta property=\"og:url\" content=\"https:\/\/www.marocchallenge.com\/pt-pt\/a-maroc-challenge-spring-2024-avanca-mais-para-sul-do-que-nunca\/\" \/>\n<meta property=\"og:site_name\" content=\"Maroc Challenge\" \/>\n<meta property=\"article:publisher\" content=\"https:\/\/www.facebook.com\/MarocChallenge\/\" \/>\n<meta property=\"article:published_time\" content=\"2024-03-13T06:11:05+00:00\" \/>\n<meta property=\"article:modified_time\" content=\"2024-03-13T06:30:20+00:00\" \/>\n<meta property=\"og:image\" content=\"https:\/\/www.marocchallenge.com\/wp-content\/uploads\/2024\/03\/Maroc-Challenge-13-03.png\" \/>\n\t<meta property=\"og:image:width\" content=\"1200\" \/>\n\t<meta property=\"og:image:height\" content=\"675\" \/>\n\t<meta property=\"og:image:type\" content=\"image\/png\" \/>\n<meta name=\"author\" content=\"Rui Caba\u00e7o\" \/>\n<meta name=\"twitter:card\" content=\"summary_large_image\" \/>\n<meta name=\"twitter:creator\" content=\"@marochallenge\" \/>\n<meta name=\"twitter:site\" content=\"@marochallenge\" \/>\n<meta name=\"twitter:label1\" content=\"Escrito por\" \/>\n\t<meta name=\"twitter:data1\" content=\"Rui Caba\u00e7o\" \/>\n\t<meta name=\"twitter:label2\" content=\"Tempo estimado de leitura\" \/>\n\t<meta name=\"twitter:data2\" content=\"3 minutos\" \/>\n<script type=\"application\/ld+json\" class=\"yoast-schema-graph\">{\"@context\":\"https:\\\/\\\/schema.org\",\"@graph\":[{\"@type\":\"Article\",\"@id\":\"https:\\\/\\\/www.marocchallenge.com\\\/pt-pt\\\/a-maroc-challenge-spring-2024-avanca-mais-para-sul-do-que-nunca\\\/#article\",\"isPartOf\":{\"@id\":\"https:\\\/\\\/www.marocchallenge.com\\\/pt-pt\\\/a-maroc-challenge-spring-2024-avanca-mais-para-sul-do-que-nunca\\\/\"},\"author\":{\"name\":\"Rui Caba\u00e7o\",\"@id\":\"https:\\\/\\\/www.marocchallenge.com\\\/pt-pt\\\/#\\\/schema\\\/person\\\/298a597a188b0019416217b2301b9e10\"},\"headline\":\"A MAROC CHALLENGE SPRING 2024 AVAN\u00c7A MAIS PARA SUL DO QUE NUNCA\",\"datePublished\":\"2024-03-13T06:11:05+00:00\",\"dateModified\":\"2024-03-13T06:30:20+00:00\",\"mainEntityOfPage\":{\"@id\":\"https:\\\/\\\/www.marocchallenge.com\\\/pt-pt\\\/a-maroc-challenge-spring-2024-avanca-mais-para-sul-do-que-nunca\\\/\"},\"wordCount\":493,\"publisher\":{\"@id\":\"https:\\\/\\\/www.marocchallenge.com\\\/pt-pt\\\/#organization\"},\"image\":{\"@id\":\"https:\\\/\\\/www.marocchallenge.com\\\/pt-pt\\\/a-maroc-challenge-spring-2024-avanca-mais-para-sul-do-que-nunca\\\/#primaryimage\"},\"thumbnailUrl\":\"https:\\\/\\\/www.marocchallenge.com\\\/wp-content\\\/uploads\\\/2024\\\/03\\\/Maroc-Challenge-13-03.png\",\"articleSection\":[\"Noticias\"],\"inLanguage\":\"pt-PT\"},{\"@type\":\"WebPage\",\"@id\":\"https:\\\/\\\/www.marocchallenge.com\\\/pt-pt\\\/a-maroc-challenge-spring-2024-avanca-mais-para-sul-do-que-nunca\\\/\",\"url\":\"https:\\\/\\\/www.marocchallenge.com\\\/pt-pt\\\/a-maroc-challenge-spring-2024-avanca-mais-para-sul-do-que-nunca\\\/\",\"name\":\"A MAROC CHALLENGE SPRING 2024 AVAN\u00c7A MAIS PARA SUL DO QUE NUNCA - Maroc Challenge\",\"isPartOf\":{\"@id\":\"https:\\\/\\\/www.marocchallenge.com\\\/pt-pt\\\/#website\"},\"primaryImageOfPage\":{\"@id\":\"https:\\\/\\\/www.marocchallenge.com\\\/pt-pt\\\/a-maroc-challenge-spring-2024-avanca-mais-para-sul-do-que-nunca\\\/#primaryimage\"},\"image\":{\"@id\":\"https:\\\/\\\/www.marocchallenge.com\\\/pt-pt\\\/a-maroc-challenge-spring-2024-avanca-mais-para-sul-do-que-nunca\\\/#primaryimage\"},\"thumbnailUrl\":\"https:\\\/\\\/www.marocchallenge.com\\\/wp-content\\\/uploads\\\/2024\\\/03\\\/Maroc-Challenge-13-03.png\",\"datePublished\":\"2024-03-13T06:11:05+00:00\",\"dateModified\":\"2024-03-13T06:30:20+00:00\",\"description\":\"A Maroc Challenge Spring edition 2024, que decorrer\u00e1 de 22 a 30 de mar\u00e7o, apresenta novidades importantes, tanto ao n\u00edvel do desenho do itiner\u00e1rio como dos seus percursos in\u00e9ditos.\",\"breadcrumb\":{\"@id\":\"https:\\\/\\\/www.marocchallenge.com\\\/pt-pt\\\/a-maroc-challenge-spring-2024-avanca-mais-para-sul-do-que-nunca\\\/#breadcrumb\"},\"inLanguage\":\"pt-PT\",\"potentialAction\":[{\"@type\":\"ReadAction\",\"target\":[\"https:\\\/\\\/www.marocchallenge.com\\\/pt-pt\\\/a-maroc-challenge-spring-2024-avanca-mais-para-sul-do-que-nunca\\\/\"]}]},{\"@type\":\"ImageObject\",\"inLanguage\":\"pt-PT\",\"@id\":\"https:\\\/\\\/www.marocchallenge.com\\\/pt-pt\\\/a-maroc-challenge-spring-2024-avanca-mais-para-sul-do-que-nunca\\\/#primaryimage\",\"url\":\"https:\\\/\\\/www.marocchallenge.com\\\/wp-content\\\/uploads\\\/2024\\\/03\\\/Maroc-Challenge-13-03.png\",\"contentUrl\":\"https:\\\/\\\/www.marocchallenge.com\\\/wp-content\\\/uploads\\\/2024\\\/03\\\/Maroc-Challenge-13-03.png\",\"width\":1200,\"height\":675},{\"@type\":\"BreadcrumbList\",\"@id\":\"https:\\\/\\\/www.marocchallenge.com\\\/pt-pt\\\/a-maroc-challenge-spring-2024-avanca-mais-para-sul-do-que-nunca\\\/#breadcrumb\",\"itemListElement\":[{\"@type\":\"ListItem\",\"position\":1,\"name\":\"Portada\",\"item\":\"https:\\\/\\\/www.marocchallenge.com\\\/pt-pt\\\/\"},{\"@type\":\"ListItem\",\"position\":2,\"name\":\"A MAROC CHALLENGE SPRING 2024 AVAN\u00c7A MAIS PARA SUL DO QUE NUNCA\"}]},{\"@type\":\"WebSite\",\"@id\":\"https:\\\/\\\/www.marocchallenge.com\\\/pt-pt\\\/#website\",\"url\":\"https:\\\/\\\/www.marocchallenge.com\\\/pt-pt\\\/\",\"name\":\"Maroc Challenge\",\"description\":\"O Dakar dos anos 70 para os aventureiros de hoje\",\"publisher\":{\"@id\":\"https:\\\/\\\/www.marocchallenge.com\\\/pt-pt\\\/#organization\"},\"potentialAction\":[{\"@type\":\"SearchAction\",\"target\":{\"@type\":\"EntryPoint\",\"urlTemplate\":\"https:\\\/\\\/www.marocchallenge.com\\\/pt-pt\\\/?s={search_term_string}\"},\"query-input\":{\"@type\":\"PropertyValueSpecification\",\"valueRequired\":true,\"valueName\":\"search_term_string\"}}],\"inLanguage\":\"pt-PT\"},{\"@type\":\"Organization\",\"@id\":\"https:\\\/\\\/www.marocchallenge.com\\\/pt-pt\\\/#organization\",\"name\":\"Maroc Challenge - El Dakar de los 70's para los aventureros de hoy\",\"url\":\"https:\\\/\\\/www.marocchallenge.com\\\/pt-pt\\\/\",\"logo\":{\"@type\":\"ImageObject\",\"inLanguage\":\"pt-PT\",\"@id\":\"https:\\\/\\\/www.marocchallenge.com\\\/pt-pt\\\/#\\\/schema\\\/logo\\\/image\\\/\",\"url\":\"https:\\\/\\\/www.marocchallenge.com\\\/wp-content\\\/uploads\\\/2020\\\/03\\\/Logo-Maroc_Challenge.png\",\"contentUrl\":\"https:\\\/\\\/www.marocchallenge.com\\\/wp-content\\\/uploads\\\/2020\\\/03\\\/Logo-Maroc_Challenge.png\",\"width\":170,\"height\":96,\"caption\":\"Maroc Challenge - El Dakar de los 70's para los aventureros de hoy\"},\"image\":{\"@id\":\"https:\\\/\\\/www.marocchallenge.com\\\/pt-pt\\\/#\\\/schema\\\/logo\\\/image\\\/\"},\"sameAs\":[\"https:\\\/\\\/www.facebook.com\\\/MarocChallenge\\\/\",\"https:\\\/\\\/x.com\\\/marochallenge\",\"https:\\\/\\\/www.instagram.com\\\/marocchallenge\\\/\",\"https:\\\/\\\/www.linkedin.com\\\/company\\\/maroc-challenge\",\"https:\\\/\\\/www.youtube.com\\\/user\\\/MarocChallenge\"]},{\"@type\":\"Person\",\"@id\":\"https:\\\/\\\/www.marocchallenge.com\\\/pt-pt\\\/#\\\/schema\\\/person\\\/298a597a188b0019416217b2301b9e10\",\"name\":\"Rui Caba\u00e7o\",\"image\":{\"@type\":\"ImageObject\",\"inLanguage\":\"pt-PT\",\"@id\":\"https:\\\/\\\/secure.gravatar.com\\\/avatar\\\/7ac3f434351cbd7875a5f064f6695a52ab4f6ffeb48c6bffb908c8e6f0e3bf73?s=96&d=mm&r=g\",\"url\":\"https:\\\/\\\/secure.gravatar.com\\\/avatar\\\/7ac3f434351cbd7875a5f064f6695a52ab4f6ffeb48c6bffb908c8e6f0e3bf73?s=96&d=mm&r=g\",\"contentUrl\":\"https:\\\/\\\/secure.gravatar.com\\\/avatar\\\/7ac3f434351cbd7875a5f064f6695a52ab4f6ffeb48c6bffb908c8e6f0e3bf73?s=96&d=mm&r=g\",\"caption\":\"Rui Caba\u00e7o\"}}]}<\/script>\n<!-- \/ Yoast SEO plugin. -->","yoast_head_json":{"title":"A MAROC CHALLENGE SPRING 2024 AVAN\u00c7A MAIS PARA SUL DO QUE NUNCA - Maroc Challenge","description":"A Maroc Challenge Spring edition 2024, que decorrer\u00e1 de 22 a 30 de mar\u00e7o, apresenta novidades importantes, tanto ao n\u00edvel do desenho do itiner\u00e1rio como dos seus percursos in\u00e9ditos.","robots":{"index":"index","follow":"follow","max-snippet":"max-snippet:-1","max-image-preview":"max-image-preview:large","max-video-preview":"max-video-preview:-1"},"canonical":"https:\/\/www.marocchallenge.com\/pt-pt\/a-maroc-challenge-spring-2024-avanca-mais-para-sul-do-que-nunca\/","og_locale":"pt_PT","og_type":"article","og_title":"A MAROC CHALLENGE SPRING 2024 AVAN\u00c7A MAIS PARA SUL DO QUE NUNCA - Maroc Challenge","og_description":"A Maroc Challenge Spring edition 2024, que decorrer\u00e1 de 22 a 30 de mar\u00e7o, apresenta novidades importantes, tanto ao n\u00edvel do desenho do itiner\u00e1rio como dos seus percursos in\u00e9ditos.","og_url":"https:\/\/www.marocchallenge.com\/pt-pt\/a-maroc-challenge-spring-2024-avanca-mais-para-sul-do-que-nunca\/","og_site_name":"Maroc Challenge","article_publisher":"https:\/\/www.facebook.com\/MarocChallenge\/","article_published_time":"2024-03-13T06:11:05+00:00","article_modified_time":"2024-03-13T06:30:20+00:00","og_image":[{"width":1200,"height":675,"url":"https:\/\/www.marocchallenge.com\/wp-content\/uploads\/2024\/03\/Maroc-Challenge-13-03.png","type":"image\/png"}],"author":"Rui Caba\u00e7o","twitter_card":"summary_large_image","twitter_creator":"@marochallenge","twitter_site":"@marochallenge","twitter_misc":{"Escrito por":"Rui Caba\u00e7o","Tempo estimado de leitura":"3 minutos"},"schema":{"@context":"https:\/\/schema.org","@graph":[{"@type":"Article","@id":"https:\/\/www.marocchallenge.com\/pt-pt\/a-maroc-challenge-spring-2024-avanca-mais-para-sul-do-que-nunca\/#article","isPartOf":{"@id":"https:\/\/www.marocchallenge.com\/pt-pt\/a-maroc-challenge-spring-2024-avanca-mais-para-sul-do-que-nunca\/"},"author":{"name":"Rui Caba\u00e7o","@id":"https:\/\/www.marocchallenge.com\/pt-pt\/#\/schema\/person\/298a597a188b0019416217b2301b9e10"},"headline":"A MAROC CHALLENGE SPRING 2024 AVAN\u00c7A MAIS PARA SUL DO QUE NUNCA","datePublished":"2024-03-13T06:11:05+00:00","dateModified":"2024-03-13T06:30:20+00:00","mainEntityOfPage":{"@id":"https:\/\/www.marocchallenge.com\/pt-pt\/a-maroc-challenge-spring-2024-avanca-mais-para-sul-do-que-nunca\/"},"wordCount":493,"publisher":{"@id":"https:\/\/www.marocchallenge.com\/pt-pt\/#organization"},"image":{"@id":"https:\/\/www.marocchallenge.com\/pt-pt\/a-maroc-challenge-spring-2024-avanca-mais-para-sul-do-que-nunca\/#primaryimage"},"thumbnailUrl":"https:\/\/www.marocchallenge.com\/wp-content\/uploads\/2024\/03\/Maroc-Challenge-13-03.png","articleSection":["Noticias"],"inLanguage":"pt-PT"},{"@type":"WebPage","@id":"https:\/\/www.marocchallenge.com\/pt-pt\/a-maroc-challenge-spring-2024-avanca-mais-para-sul-do-que-nunca\/","url":"https:\/\/www.marocchallenge.com\/pt-pt\/a-maroc-challenge-spring-2024-avanca-mais-para-sul-do-que-nunca\/","name":"A MAROC CHALLENGE SPRING 2024 AVAN\u00c7A MAIS PARA SUL DO QUE NUNCA - Maroc Challenge","isPartOf":{"@id":"https:\/\/www.marocchallenge.com\/pt-pt\/#website"},"primaryImageOfPage":{"@id":"https:\/\/www.marocchallenge.com\/pt-pt\/a-maroc-challenge-spring-2024-avanca-mais-para-sul-do-que-nunca\/#primaryimage"},"image":{"@id":"https:\/\/www.marocchallenge.com\/pt-pt\/a-maroc-challenge-spring-2024-avanca-mais-para-sul-do-que-nunca\/#primaryimage"},"thumbnailUrl":"https:\/\/www.marocchallenge.com\/wp-content\/uploads\/2024\/03\/Maroc-Challenge-13-03.png","datePublished":"2024-03-13T06:11:05+00:00","dateModified":"2024-03-13T06:30:20+00:00","description":"A Maroc Challenge Spring edition 2024, que decorrer\u00e1 de 22 a 30 de mar\u00e7o, apresenta novidades importantes, tanto ao n\u00edvel do desenho do itiner\u00e1rio como dos seus percursos in\u00e9ditos.","breadcrumb":{"@id":"https:\/\/www.marocchallenge.com\/pt-pt\/a-maroc-challenge-spring-2024-avanca-mais-para-sul-do-que-nunca\/#breadcrumb"},"inLanguage":"pt-PT","potentialAction":[{"@type":"ReadAction","target":["https:\/\/www.marocchallenge.com\/pt-pt\/a-maroc-challenge-spring-2024-avanca-mais-para-sul-do-que-nunca\/"]}]},{"@type":"ImageObject","inLanguage":"pt-PT","@id":"https:\/\/www.marocchallenge.com\/pt-pt\/a-maroc-challenge-spring-2024-avanca-mais-para-sul-do-que-nunca\/#primaryimage","url":"https:\/\/www.marocchallenge.com\/wp-content\/uploads\/2024\/03\/Maroc-Challenge-13-03.png","contentUrl":"https:\/\/www.marocchallenge.com\/wp-content\/uploads\/2024\/03\/Maroc-Challenge-13-03.png","width":1200,"height":675},{"@type":"BreadcrumbList","@id":"https:\/\/www.marocchallenge.com\/pt-pt\/a-maroc-challenge-spring-2024-avanca-mais-para-sul-do-que-nunca\/#breadcrumb","itemListElement":[{"@type":"ListItem","position":1,"name":"Portada","item":"https:\/\/www.marocchallenge.com\/pt-pt\/"},{"@type":"ListItem","position":2,"name":"A MAROC CHALLENGE SPRING 2024 AVAN\u00c7A MAIS PARA SUL DO QUE NUNCA"}]},{"@type":"WebSite","@id":"https:\/\/www.marocchallenge.com\/pt-pt\/#website","url":"https:\/\/www.marocchallenge.com\/pt-pt\/","name":"Maroc Challenge","description":"O Dakar dos anos 70 para os aventureiros de hoje","publisher":{"@id":"https:\/\/www.marocchallenge.com\/pt-pt\/#organization"},"potentialAction":[{"@type":"SearchAction","target":{"@type":"EntryPoint","urlTemplate":"https:\/\/www.marocchallenge.com\/pt-pt\/?s={search_term_string}"},"query-input":{"@type":"PropertyValueSpecification","valueRequired":true,"valueName":"search_term_string"}}],"inLanguage":"pt-PT"},{"@type":"Organization","@id":"https:\/\/www.marocchallenge.com\/pt-pt\/#organization","name":"Maroc Challenge - El Dakar de los 70's para los aventureros de hoy","url":"https:\/\/www.marocchallenge.com\/pt-pt\/","logo":{"@type":"ImageObject","inLanguage":"pt-PT","@id":"https:\/\/www.marocchallenge.com\/pt-pt\/#\/schema\/logo\/image\/","url":"https:\/\/www.marocchallenge.com\/wp-content\/uploads\/2020\/03\/Logo-Maroc_Challenge.png","contentUrl":"https:\/\/www.marocchallenge.com\/wp-content\/uploads\/2020\/03\/Logo-Maroc_Challenge.png","width":170,"height":96,"caption":"Maroc Challenge - El Dakar de los 70's para los aventureros de hoy"},"image":{"@id":"https:\/\/www.marocchallenge.com\/pt-pt\/#\/schema\/logo\/image\/"},"sameAs":["https:\/\/www.facebook.com\/MarocChallenge\/","https:\/\/x.com\/marochallenge","https:\/\/www.instagram.com\/marocchallenge\/","https:\/\/www.linkedin.com\/company\/maroc-challenge","https:\/\/www.youtube.com\/user\/MarocChallenge"]},{"@type":"Person","@id":"https:\/\/www.marocchallenge.com\/pt-pt\/#\/schema\/person\/298a597a188b0019416217b2301b9e10","name":"Rui Caba\u00e7o","image":{"@type":"ImageObject","inLanguage":"pt-PT","@id":"https:\/\/secure.gravatar.com\/avatar\/7ac3f434351cbd7875a5f064f6695a52ab4f6ffeb48c6bffb908c8e6f0e3bf73?s=96&d=mm&r=g","url":"https:\/\/secure.gravatar.com\/avatar\/7ac3f434351cbd7875a5f064f6695a52ab4f6ffeb48c6bffb908c8e6f0e3bf73?s=96&d=mm&r=g","contentUrl":"https:\/\/secure.gravatar.com\/avatar\/7ac3f434351cbd7875a5f064f6695a52ab4f6ffeb48c6bffb908c8e6f0e3bf73?s=96&d=mm&r=g","caption":"Rui Caba\u00e7o"}}]}},"_links":{"self":[{"href":"https:\/\/www.marocchallenge.com\/pt-pt\/wp-json\/wp\/v2\/posts\/21582","targetHints":{"allow":["GET"]}}],"collection":[{"href":"https:\/\/www.marocchallenge.com\/pt-pt\/wp-json\/wp\/v2\/posts"}],"about":[{"href":"https:\/\/www.marocchallenge.com\/pt-pt\/wp-json\/wp\/v2\/types\/post"}],"author":[{"embeddable":true,"href":"https:\/\/www.marocchallenge.com\/pt-pt\/wp-json\/wp\/v2\/users\/2"}],"replies":[{"embeddable":true,"href":"https:\/\/www.marocchallenge.com\/pt-pt\/wp-json\/wp\/v2\/comments?post=21582"}],"version-history":[{"count":2,"href":"https:\/\/www.marocchallenge.com\/pt-pt\/wp-json\/wp\/v2\/posts\/21582\/revisions"}],"predecessor-version":[{"id":21590,"href":"https:\/\/www.marocchallenge.com\/pt-pt\/wp-json\/wp\/v2\/posts\/21582\/revisions\/21590"}],"wp:featuredmedia":[{"embeddable":true,"href":"https:\/\/www.marocchallenge.com\/pt-pt\/wp-json\/wp\/v2\/media\/21577"}],"wp:attachment":[{"href":"https:\/\/www.marocchallenge.com\/pt-pt\/wp-json\/wp\/v2\/media?parent=21582"}],"wp:term":[{"taxonomy":"category","embeddable":true,"href":"https:\/\/www.marocchallenge.com\/pt-pt\/wp-json\/wp\/v2\/categories?post=21582"},{"taxonomy":"post_tag","embeddable":true,"href":"https:\/\/www.marocchallenge.com\/pt-pt\/wp-json\/wp\/v2\/tags?post=21582"}],"curies":[{"name":"wp","href":"https:\/\/api.w.org\/{rel}","templated":true}]}}