{"id":22403,"date":"2024-12-11T09:07:02","date_gmt":"2024-12-11T09:07:02","guid":{"rendered":"https:\/\/www.marocchallenge.com\/las-inscripciones-de-la-spring-2025-se-abriran-el-16-de-diciembre\/"},"modified":"2024-12-11T18:35:10","modified_gmt":"2024-12-11T18:35:10","slug":"as-inscricoes-para-a-spring-2025-abrem-no-dia-16-de-dezembro","status":"publish","type":"post","link":"https:\/\/www.marocchallenge.com\/pt-pt\/as-inscricoes-para-a-spring-2025-abrem-no-dia-16-de-dezembro\/","title":{"rendered":"AS INSCRI\u00c7\u00d5ES PARA A SPRING 2025 ABREM NO DIA 16 DE DEZEMBRO!"},"content":{"rendered":"<h2><img decoding=\"async\" class=\"alignnone wp-image-22394 size-full\" src=\"https:\/\/www.marocchallenge.com\/wp-content\/uploads\/2024\/12\/Maroc-Challenge-12_12-Recovered.png\" alt=\"\" width=\"1200\" height=\"675\" srcset=\"https:\/\/www.marocchallenge.com\/wp-content\/uploads\/2024\/12\/Maroc-Challenge-12_12-Recovered-200x113.png 200w, https:\/\/www.marocchallenge.com\/wp-content\/uploads\/2024\/12\/Maroc-Challenge-12_12-Recovered-300x169.png 300w, https:\/\/www.marocchallenge.com\/wp-content\/uploads\/2024\/12\/Maroc-Challenge-12_12-Recovered-400x225.png 400w, https:\/\/www.marocchallenge.com\/wp-content\/uploads\/2024\/12\/Maroc-Challenge-12_12-Recovered-600x338.png 600w, https:\/\/www.marocchallenge.com\/wp-content\/uploads\/2024\/12\/Maroc-Challenge-12_12-Recovered-768x432.png 768w, https:\/\/www.marocchallenge.com\/wp-content\/uploads\/2024\/12\/Maroc-Challenge-12_12-Recovered-800x450.png 800w, https:\/\/www.marocchallenge.com\/wp-content\/uploads\/2024\/12\/Maroc-Challenge-12_12-Recovered-1024x576.png 1024w, https:\/\/www.marocchallenge.com\/wp-content\/uploads\/2024\/12\/Maroc-Challenge-12_12-Recovered.png 1200w\" sizes=\"(max-width: 1200px) 100vw, 1200px\" \/><\/h2>\n<h2>Marque esta data no calend\u00e1rio, porque a partir de 16 de dezembro come\u00e7am as inscri\u00e7\u00f5es para a Maroc Challenge SPRING 2025, que acontecer\u00e1 de 11 a 19 de abril de 2025.<\/h2>\n<p>Se n\u00e3o quer perder esta aventura emocionante, comece a organizar sua agenda e avise os amigos: 16 de dezembro ser\u00e1 o ponto de partida para uma nova e inesquec\u00edvel aventura na Maroc Challenge. Prepare-se para uma edi\u00e7\u00e3o cheia de adrenalina, com novidades e o compromisso de consolidar este evento como uma das principais refer\u00eancias amadoras realizadas em Marrocos.<\/p>\n<p>Neste mesmo dia, revelaremos os principais detalhes desta edi\u00e7\u00e3o. Estamos trabalhando duro para renovar o itiner\u00e1rio e as etapas, garantindo surpresas incr\u00edveis que tornar\u00e3o a SPRING 2025 ainda mais atrativa. Mas uma coisa \u00e9 certa: os percursos, como sempre, ser\u00e3o desenhados para respeitar a nossa filosofia, mantendo-se adaptados e acess\u00edveis a todas as categorias.<\/p>\n","protected":false},"excerpt":{"rendered":"<p>Marque esta data no calend\u00e1rio, porque a partir de 16<\/p>\n","protected":false},"author":2,"featured_media":22398,"comment_status":"closed","ping_status":"closed","sticky":false,"template":"","format":"standard","meta":{"footnotes":""},"categories":[93],"tags":[],"class_list":["post-22403","post","type-post","status-publish","format-standard","has-post-thumbnail","hentry","category-noticias-pt-pt"],"yoast_head":"<!-- This site is optimized with the Yoast SEO plugin v27.4 - https:\/\/yoast.com\/product\/yoast-seo-wordpress\/ -->\n<title>AS INSCRI\u00c7\u00d5ES PARA A SPRING 2025 ABREM NO DIA 16 DE DEZEMBRO! - Maroc Challenge<\/title>\n<meta name=\"description\" content=\"Marque esta data no calend\u00e1rio, porque a partir de 16 de dezembro come\u00e7am as inscri\u00e7\u00f5es para a Maroc Challenge SPRING 2025, que acontecer\u00e1 de 11 a 19 de abril de 2025.\" \/>\n<meta name=\"robots\" content=\"index, follow, max-snippet:-1, max-image-preview:large, max-video-preview:-1\" \/>\n<link rel=\"canonical\" href=\"https:\/\/www.marocchallenge.com\/pt-pt\/as-inscricoes-para-a-spring-2025-abrem-no-dia-16-de-dezembro\/\" \/>\n<meta property=\"og:locale\" content=\"pt_PT\" \/>\n<meta property=\"og:type\" content=\"article\" \/>\n<meta property=\"og:title\" content=\"AS INSCRI\u00c7\u00d5ES PARA A SPRING 2025 ABREM NO DIA 16 DE DEZEMBRO! - Maroc Challenge\" \/>\n<meta property=\"og:description\" content=\"Marque esta data no calend\u00e1rio, porque a partir de 16 de dezembro come\u00e7am as inscri\u00e7\u00f5es para a Maroc Challenge SPRING 2025, que acontecer\u00e1 de 11 a 19 de abril de 2025.\" \/>\n<meta property=\"og:url\" content=\"https:\/\/www.marocchallenge.com\/pt-pt\/as-inscricoes-para-a-spring-2025-abrem-no-dia-16-de-dezembro\/\" \/>\n<meta property=\"og:site_name\" content=\"Maroc Challenge\" \/>\n<meta property=\"article:publisher\" content=\"https:\/\/www.facebook.com\/MarocChallenge\/\" \/>\n<meta property=\"article:published_time\" content=\"2024-12-11T09:07:02+00:00\" \/>\n<meta property=\"article:modified_time\" content=\"2024-12-11T18:35:10+00:00\" \/>\n<meta property=\"og:image\" content=\"https:\/\/www.marocchallenge.com\/wp-content\/uploads\/2024\/12\/Maroc-Challenge-12_12-Recovered.png\" \/>\n\t<meta property=\"og:image:width\" content=\"1200\" \/>\n\t<meta property=\"og:image:height\" content=\"675\" \/>\n\t<meta property=\"og:image:type\" content=\"image\/png\" \/>\n<meta name=\"author\" content=\"Rui Caba\u00e7o\" \/>\n<meta name=\"twitter:card\" content=\"summary_large_image\" \/>\n<meta name=\"twitter:creator\" content=\"@marochallenge\" \/>\n<meta name=\"twitter:site\" content=\"@marochallenge\" \/>\n<meta name=\"twitter:label1\" content=\"Escrito por\" \/>\n\t<meta name=\"twitter:data1\" content=\"Rui Caba\u00e7o\" \/>\n\t<meta name=\"twitter:label2\" content=\"Tempo estimado de leitura\" \/>\n\t<meta name=\"twitter:data2\" content=\"2 minutos\" \/>\n<script type=\"application\/ld+json\" class=\"yoast-schema-graph\">{\"@context\":\"https:\\\/\\\/schema.org\",\"@graph\":[{\"@type\":\"Article\",\"@id\":\"https:\\\/\\\/www.marocchallenge.com\\\/pt-pt\\\/as-inscricoes-para-a-spring-2025-abrem-no-dia-16-de-dezembro\\\/#article\",\"isPartOf\":{\"@id\":\"https:\\\/\\\/www.marocchallenge.com\\\/pt-pt\\\/as-inscricoes-para-a-spring-2025-abrem-no-dia-16-de-dezembro\\\/\"},\"author\":{\"name\":\"Rui Caba\u00e7o\",\"@id\":\"https:\\\/\\\/www.marocchallenge.com\\\/pt-pt\\\/#\\\/schema\\\/person\\\/298a597a188b0019416217b2301b9e10\"},\"headline\":\"AS INSCRI\u00c7\u00d5ES PARA A SPRING 2025 ABREM NO DIA 16 DE DEZEMBRO!\",\"datePublished\":\"2024-12-11T09:07:02+00:00\",\"dateModified\":\"2024-12-11T18:35:10+00:00\",\"mainEntityOfPage\":{\"@id\":\"https:\\\/\\\/www.marocchallenge.com\\\/pt-pt\\\/as-inscricoes-para-a-spring-2025-abrem-no-dia-16-de-dezembro\\\/\"},\"wordCount\":159,\"publisher\":{\"@id\":\"https:\\\/\\\/www.marocchallenge.com\\\/pt-pt\\\/#organization\"},\"image\":{\"@id\":\"https:\\\/\\\/www.marocchallenge.com\\\/pt-pt\\\/as-inscricoes-para-a-spring-2025-abrem-no-dia-16-de-dezembro\\\/#primaryimage\"},\"thumbnailUrl\":\"https:\\\/\\\/www.marocchallenge.com\\\/wp-content\\\/uploads\\\/2024\\\/12\\\/Maroc-Challenge-12_12-Recovered.png\",\"articleSection\":[\"Noticias\"],\"inLanguage\":\"pt-PT\"},{\"@type\":\"WebPage\",\"@id\":\"https:\\\/\\\/www.marocchallenge.com\\\/pt-pt\\\/as-inscricoes-para-a-spring-2025-abrem-no-dia-16-de-dezembro\\\/\",\"url\":\"https:\\\/\\\/www.marocchallenge.com\\\/pt-pt\\\/as-inscricoes-para-a-spring-2025-abrem-no-dia-16-de-dezembro\\\/\",\"name\":\"AS INSCRI\u00c7\u00d5ES PARA A SPRING 2025 ABREM NO DIA 16 DE DEZEMBRO! - Maroc Challenge\",\"isPartOf\":{\"@id\":\"https:\\\/\\\/www.marocchallenge.com\\\/pt-pt\\\/#website\"},\"primaryImageOfPage\":{\"@id\":\"https:\\\/\\\/www.marocchallenge.com\\\/pt-pt\\\/as-inscricoes-para-a-spring-2025-abrem-no-dia-16-de-dezembro\\\/#primaryimage\"},\"image\":{\"@id\":\"https:\\\/\\\/www.marocchallenge.com\\\/pt-pt\\\/as-inscricoes-para-a-spring-2025-abrem-no-dia-16-de-dezembro\\\/#primaryimage\"},\"thumbnailUrl\":\"https:\\\/\\\/www.marocchallenge.com\\\/wp-content\\\/uploads\\\/2024\\\/12\\\/Maroc-Challenge-12_12-Recovered.png\",\"datePublished\":\"2024-12-11T09:07:02+00:00\",\"dateModified\":\"2024-12-11T18:35:10+00:00\",\"description\":\"Marque esta data no calend\u00e1rio, porque a partir de 16 de dezembro come\u00e7am as inscri\u00e7\u00f5es para a Maroc Challenge SPRING 2025, que acontecer\u00e1 de 11 a 19 de abril de 2025.\",\"breadcrumb\":{\"@id\":\"https:\\\/\\\/www.marocchallenge.com\\\/pt-pt\\\/as-inscricoes-para-a-spring-2025-abrem-no-dia-16-de-dezembro\\\/#breadcrumb\"},\"inLanguage\":\"pt-PT\",\"potentialAction\":[{\"@type\":\"ReadAction\",\"target\":[\"https:\\\/\\\/www.marocchallenge.com\\\/pt-pt\\\/as-inscricoes-para-a-spring-2025-abrem-no-dia-16-de-dezembro\\\/\"]}]},{\"@type\":\"ImageObject\",\"inLanguage\":\"pt-PT\",\"@id\":\"https:\\\/\\\/www.marocchallenge.com\\\/pt-pt\\\/as-inscricoes-para-a-spring-2025-abrem-no-dia-16-de-dezembro\\\/#primaryimage\",\"url\":\"https:\\\/\\\/www.marocchallenge.com\\\/wp-content\\\/uploads\\\/2024\\\/12\\\/Maroc-Challenge-12_12-Recovered.png\",\"contentUrl\":\"https:\\\/\\\/www.marocchallenge.com\\\/wp-content\\\/uploads\\\/2024\\\/12\\\/Maroc-Challenge-12_12-Recovered.png\",\"width\":1200,\"height\":675},{\"@type\":\"BreadcrumbList\",\"@id\":\"https:\\\/\\\/www.marocchallenge.com\\\/pt-pt\\\/as-inscricoes-para-a-spring-2025-abrem-no-dia-16-de-dezembro\\\/#breadcrumb\",\"itemListElement\":[{\"@type\":\"ListItem\",\"position\":1,\"name\":\"Portada\",\"item\":\"https:\\\/\\\/www.marocchallenge.com\\\/pt-pt\\\/\"},{\"@type\":\"ListItem\",\"position\":2,\"name\":\"AS INSCRI\u00c7\u00d5ES PARA A SPRING 2025 ABREM NO DIA 16 DE DEZEMBRO!\"}]},{\"@type\":\"WebSite\",\"@id\":\"https:\\\/\\\/www.marocchallenge.com\\\/pt-pt\\\/#website\",\"url\":\"https:\\\/\\\/www.marocchallenge.com\\\/pt-pt\\\/\",\"name\":\"Maroc Challenge\",\"description\":\"O Dakar dos anos 70 para os aventureiros de hoje\",\"publisher\":{\"@id\":\"https:\\\/\\\/www.marocchallenge.com\\\/pt-pt\\\/#organization\"},\"potentialAction\":[{\"@type\":\"SearchAction\",\"target\":{\"@type\":\"EntryPoint\",\"urlTemplate\":\"https:\\\/\\\/www.marocchallenge.com\\\/pt-pt\\\/?s={search_term_string}\"},\"query-input\":{\"@type\":\"PropertyValueSpecification\",\"valueRequired\":true,\"valueName\":\"search_term_string\"}}],\"inLanguage\":\"pt-PT\"},{\"@type\":\"Organization\",\"@id\":\"https:\\\/\\\/www.marocchallenge.com\\\/pt-pt\\\/#organization\",\"name\":\"Maroc Challenge - El Dakar de los 70's para los aventureros de hoy\",\"url\":\"https:\\\/\\\/www.marocchallenge.com\\\/pt-pt\\\/\",\"logo\":{\"@type\":\"ImageObject\",\"inLanguage\":\"pt-PT\",\"@id\":\"https:\\\/\\\/www.marocchallenge.com\\\/pt-pt\\\/#\\\/schema\\\/logo\\\/image\\\/\",\"url\":\"https:\\\/\\\/www.marocchallenge.com\\\/wp-content\\\/uploads\\\/2020\\\/03\\\/Logo-Maroc_Challenge.png\",\"contentUrl\":\"https:\\\/\\\/www.marocchallenge.com\\\/wp-content\\\/uploads\\\/2020\\\/03\\\/Logo-Maroc_Challenge.png\",\"width\":170,\"height\":96,\"caption\":\"Maroc Challenge - El Dakar de los 70's para los aventureros de hoy\"},\"image\":{\"@id\":\"https:\\\/\\\/www.marocchallenge.com\\\/pt-pt\\\/#\\\/schema\\\/logo\\\/image\\\/\"},\"sameAs\":[\"https:\\\/\\\/www.facebook.com\\\/MarocChallenge\\\/\",\"https:\\\/\\\/x.com\\\/marochallenge\",\"https:\\\/\\\/www.instagram.com\\\/marocchallenge\\\/\",\"https:\\\/\\\/www.linkedin.com\\\/company\\\/maroc-challenge\",\"https:\\\/\\\/www.youtube.com\\\/user\\\/MarocChallenge\"]},{\"@type\":\"Person\",\"@id\":\"https:\\\/\\\/www.marocchallenge.com\\\/pt-pt\\\/#\\\/schema\\\/person\\\/298a597a188b0019416217b2301b9e10\",\"name\":\"Rui Caba\u00e7o\",\"image\":{\"@type\":\"ImageObject\",\"inLanguage\":\"pt-PT\",\"@id\":\"https:\\\/\\\/secure.gravatar.com\\\/avatar\\\/7ac3f434351cbd7875a5f064f6695a52ab4f6ffeb48c6bffb908c8e6f0e3bf73?s=96&d=mm&r=g\",\"url\":\"https:\\\/\\\/secure.gravatar.com\\\/avatar\\\/7ac3f434351cbd7875a5f064f6695a52ab4f6ffeb48c6bffb908c8e6f0e3bf73?s=96&d=mm&r=g\",\"contentUrl\":\"https:\\\/\\\/secure.gravatar.com\\\/avatar\\\/7ac3f434351cbd7875a5f064f6695a52ab4f6ffeb48c6bffb908c8e6f0e3bf73?s=96&d=mm&r=g\",\"caption\":\"Rui Caba\u00e7o\"}}]}<\/script>\n<!-- \/ Yoast SEO plugin. -->","yoast_head_json":{"title":"AS INSCRI\u00c7\u00d5ES PARA A SPRING 2025 ABREM NO DIA 16 DE DEZEMBRO! - Maroc Challenge","description":"Marque esta data no calend\u00e1rio, porque a partir de 16 de dezembro come\u00e7am as inscri\u00e7\u00f5es para a Maroc Challenge SPRING 2025, que acontecer\u00e1 de 11 a 19 de abril de 2025.","robots":{"index":"index","follow":"follow","max-snippet":"max-snippet:-1","max-image-preview":"max-image-preview:large","max-video-preview":"max-video-preview:-1"},"canonical":"https:\/\/www.marocchallenge.com\/pt-pt\/as-inscricoes-para-a-spring-2025-abrem-no-dia-16-de-dezembro\/","og_locale":"pt_PT","og_type":"article","og_title":"AS INSCRI\u00c7\u00d5ES PARA A SPRING 2025 ABREM NO DIA 16 DE DEZEMBRO! - Maroc Challenge","og_description":"Marque esta data no calend\u00e1rio, porque a partir de 16 de dezembro come\u00e7am as inscri\u00e7\u00f5es para a Maroc Challenge SPRING 2025, que acontecer\u00e1 de 11 a 19 de abril de 2025.","og_url":"https:\/\/www.marocchallenge.com\/pt-pt\/as-inscricoes-para-a-spring-2025-abrem-no-dia-16-de-dezembro\/","og_site_name":"Maroc Challenge","article_publisher":"https:\/\/www.facebook.com\/MarocChallenge\/","article_published_time":"2024-12-11T09:07:02+00:00","article_modified_time":"2024-12-11T18:35:10+00:00","og_image":[{"width":1200,"height":675,"url":"https:\/\/www.marocchallenge.com\/wp-content\/uploads\/2024\/12\/Maroc-Challenge-12_12-Recovered.png","type":"image\/png"}],"author":"Rui Caba\u00e7o","twitter_card":"summary_large_image","twitter_creator":"@marochallenge","twitter_site":"@marochallenge","twitter_misc":{"Escrito por":"Rui Caba\u00e7o","Tempo estimado de leitura":"2 minutos"},"schema":{"@context":"https:\/\/schema.org","@graph":[{"@type":"Article","@id":"https:\/\/www.marocchallenge.com\/pt-pt\/as-inscricoes-para-a-spring-2025-abrem-no-dia-16-de-dezembro\/#article","isPartOf":{"@id":"https:\/\/www.marocchallenge.com\/pt-pt\/as-inscricoes-para-a-spring-2025-abrem-no-dia-16-de-dezembro\/"},"author":{"name":"Rui Caba\u00e7o","@id":"https:\/\/www.marocchallenge.com\/pt-pt\/#\/schema\/person\/298a597a188b0019416217b2301b9e10"},"headline":"AS INSCRI\u00c7\u00d5ES PARA A SPRING 2025 ABREM NO DIA 16 DE DEZEMBRO!","datePublished":"2024-12-11T09:07:02+00:00","dateModified":"2024-12-11T18:35:10+00:00","mainEntityOfPage":{"@id":"https:\/\/www.marocchallenge.com\/pt-pt\/as-inscricoes-para-a-spring-2025-abrem-no-dia-16-de-dezembro\/"},"wordCount":159,"publisher":{"@id":"https:\/\/www.marocchallenge.com\/pt-pt\/#organization"},"image":{"@id":"https:\/\/www.marocchallenge.com\/pt-pt\/as-inscricoes-para-a-spring-2025-abrem-no-dia-16-de-dezembro\/#primaryimage"},"thumbnailUrl":"https:\/\/www.marocchallenge.com\/wp-content\/uploads\/2024\/12\/Maroc-Challenge-12_12-Recovered.png","articleSection":["Noticias"],"inLanguage":"pt-PT"},{"@type":"WebPage","@id":"https:\/\/www.marocchallenge.com\/pt-pt\/as-inscricoes-para-a-spring-2025-abrem-no-dia-16-de-dezembro\/","url":"https:\/\/www.marocchallenge.com\/pt-pt\/as-inscricoes-para-a-spring-2025-abrem-no-dia-16-de-dezembro\/","name":"AS INSCRI\u00c7\u00d5ES PARA A SPRING 2025 ABREM NO DIA 16 DE DEZEMBRO! - Maroc Challenge","isPartOf":{"@id":"https:\/\/www.marocchallenge.com\/pt-pt\/#website"},"primaryImageOfPage":{"@id":"https:\/\/www.marocchallenge.com\/pt-pt\/as-inscricoes-para-a-spring-2025-abrem-no-dia-16-de-dezembro\/#primaryimage"},"image":{"@id":"https:\/\/www.marocchallenge.com\/pt-pt\/as-inscricoes-para-a-spring-2025-abrem-no-dia-16-de-dezembro\/#primaryimage"},"thumbnailUrl":"https:\/\/www.marocchallenge.com\/wp-content\/uploads\/2024\/12\/Maroc-Challenge-12_12-Recovered.png","datePublished":"2024-12-11T09:07:02+00:00","dateModified":"2024-12-11T18:35:10+00:00","description":"Marque esta data no calend\u00e1rio, porque a partir de 16 de dezembro come\u00e7am as inscri\u00e7\u00f5es para a Maroc Challenge SPRING 2025, que acontecer\u00e1 de 11 a 19 de abril de 2025.","breadcrumb":{"@id":"https:\/\/www.marocchallenge.com\/pt-pt\/as-inscricoes-para-a-spring-2025-abrem-no-dia-16-de-dezembro\/#breadcrumb"},"inLanguage":"pt-PT","potentialAction":[{"@type":"ReadAction","target":["https:\/\/www.marocchallenge.com\/pt-pt\/as-inscricoes-para-a-spring-2025-abrem-no-dia-16-de-dezembro\/"]}]},{"@type":"ImageObject","inLanguage":"pt-PT","@id":"https:\/\/www.marocchallenge.com\/pt-pt\/as-inscricoes-para-a-spring-2025-abrem-no-dia-16-de-dezembro\/#primaryimage","url":"https:\/\/www.marocchallenge.com\/wp-content\/uploads\/2024\/12\/Maroc-Challenge-12_12-Recovered.png","contentUrl":"https:\/\/www.marocchallenge.com\/wp-content\/uploads\/2024\/12\/Maroc-Challenge-12_12-Recovered.png","width":1200,"height":675},{"@type":"BreadcrumbList","@id":"https:\/\/www.marocchallenge.com\/pt-pt\/as-inscricoes-para-a-spring-2025-abrem-no-dia-16-de-dezembro\/#breadcrumb","itemListElement":[{"@type":"ListItem","position":1,"name":"Portada","item":"https:\/\/www.marocchallenge.com\/pt-pt\/"},{"@type":"ListItem","position":2,"name":"AS INSCRI\u00c7\u00d5ES PARA A SPRING 2025 ABREM NO DIA 16 DE DEZEMBRO!"}]},{"@type":"WebSite","@id":"https:\/\/www.marocchallenge.com\/pt-pt\/#website","url":"https:\/\/www.marocchallenge.com\/pt-pt\/","name":"Maroc Challenge","description":"O Dakar dos anos 70 para os aventureiros de hoje","publisher":{"@id":"https:\/\/www.marocchallenge.com\/pt-pt\/#organization"},"potentialAction":[{"@type":"SearchAction","target":{"@type":"EntryPoint","urlTemplate":"https:\/\/www.marocchallenge.com\/pt-pt\/?s={search_term_string}"},"query-input":{"@type":"PropertyValueSpecification","valueRequired":true,"valueName":"search_term_string"}}],"inLanguage":"pt-PT"},{"@type":"Organization","@id":"https:\/\/www.marocchallenge.com\/pt-pt\/#organization","name":"Maroc Challenge - El Dakar de los 70's para los aventureros de hoy","url":"https:\/\/www.marocchallenge.com\/pt-pt\/","logo":{"@type":"ImageObject","inLanguage":"pt-PT","@id":"https:\/\/www.marocchallenge.com\/pt-pt\/#\/schema\/logo\/image\/","url":"https:\/\/www.marocchallenge.com\/wp-content\/uploads\/2020\/03\/Logo-Maroc_Challenge.png","contentUrl":"https:\/\/www.marocchallenge.com\/wp-content\/uploads\/2020\/03\/Logo-Maroc_Challenge.png","width":170,"height":96,"caption":"Maroc Challenge - El Dakar de los 70's para los aventureros de hoy"},"image":{"@id":"https:\/\/www.marocchallenge.com\/pt-pt\/#\/schema\/logo\/image\/"},"sameAs":["https:\/\/www.facebook.com\/MarocChallenge\/","https:\/\/x.com\/marochallenge","https:\/\/www.instagram.com\/marocchallenge\/","https:\/\/www.linkedin.com\/company\/maroc-challenge","https:\/\/www.youtube.com\/user\/MarocChallenge"]},{"@type":"Person","@id":"https:\/\/www.marocchallenge.com\/pt-pt\/#\/schema\/person\/298a597a188b0019416217b2301b9e10","name":"Rui Caba\u00e7o","image":{"@type":"ImageObject","inLanguage":"pt-PT","@id":"https:\/\/secure.gravatar.com\/avatar\/7ac3f434351cbd7875a5f064f6695a52ab4f6ffeb48c6bffb908c8e6f0e3bf73?s=96&d=mm&r=g","url":"https:\/\/secure.gravatar.com\/avatar\/7ac3f434351cbd7875a5f064f6695a52ab4f6ffeb48c6bffb908c8e6f0e3bf73?s=96&d=mm&r=g","contentUrl":"https:\/\/secure.gravatar.com\/avatar\/7ac3f434351cbd7875a5f064f6695a52ab4f6ffeb48c6bffb908c8e6f0e3bf73?s=96&d=mm&r=g","caption":"Rui Caba\u00e7o"}}]}},"_links":{"self":[{"href":"https:\/\/www.marocchallenge.com\/pt-pt\/wp-json\/wp\/v2\/posts\/22403","targetHints":{"allow":["GET"]}}],"collection":[{"href":"https:\/\/www.marocchallenge.com\/pt-pt\/wp-json\/wp\/v2\/posts"}],"about":[{"href":"https:\/\/www.marocchallenge.com\/pt-pt\/wp-json\/wp\/v2\/types\/post"}],"author":[{"embeddable":true,"href":"https:\/\/www.marocchallenge.com\/pt-pt\/wp-json\/wp\/v2\/users\/2"}],"replies":[{"embeddable":true,"href":"https:\/\/www.marocchallenge.com\/pt-pt\/wp-json\/wp\/v2\/comments?post=22403"}],"version-history":[{"count":2,"href":"https:\/\/www.marocchallenge.com\/pt-pt\/wp-json\/wp\/v2\/posts\/22403\/revisions"}],"predecessor-version":[{"id":22415,"href":"https:\/\/www.marocchallenge.com\/pt-pt\/wp-json\/wp\/v2\/posts\/22403\/revisions\/22415"}],"wp:featuredmedia":[{"embeddable":true,"href":"https:\/\/www.marocchallenge.com\/pt-pt\/wp-json\/wp\/v2\/media\/22398"}],"wp:attachment":[{"href":"https:\/\/www.marocchallenge.com\/pt-pt\/wp-json\/wp\/v2\/media?parent=22403"}],"wp:term":[{"taxonomy":"category","embeddable":true,"href":"https:\/\/www.marocchallenge.com\/pt-pt\/wp-json\/wp\/v2\/categories?post=22403"},{"taxonomy":"post_tag","embeddable":true,"href":"https:\/\/www.marocchallenge.com\/pt-pt\/wp-json\/wp\/v2\/tags?post=22403"}],"curies":[{"name":"wp","href":"https:\/\/api.w.org\/{rel}","templated":true}]}}