{"id":22774,"date":"2025-01-29T13:11:00","date_gmt":"2025-01-29T13:11:00","guid":{"rendered":"https:\/\/www.marocchallenge.com\/los-reconocimientos-en-febrero\/"},"modified":"2025-01-29T13:45:09","modified_gmt":"2025-01-29T13:45:09","slug":"os-reconhecimentos-comecam-em-fevereiro","status":"publish","type":"post","link":"https:\/\/www.marocchallenge.com\/pt-pt\/os-reconhecimentos-comecam-em-fevereiro\/","title":{"rendered":"OS RECONHECIMENTOS COME\u00c7AM EM FEVEREIRO!"},"content":{"rendered":"<h2><img decoding=\"async\" class=\"alignnone size-full wp-image-22765\" src=\"https:\/\/www.marocchallenge.com\/wp-content\/uploads\/2025\/01\/Maroc-Challenge-29_01-Recovered.png\" alt=\"\" width=\"1200\" height=\"675\" srcset=\"https:\/\/www.marocchallenge.com\/wp-content\/uploads\/2025\/01\/Maroc-Challenge-29_01-Recovered-200x113.png 200w, https:\/\/www.marocchallenge.com\/wp-content\/uploads\/2025\/01\/Maroc-Challenge-29_01-Recovered-300x169.png 300w, https:\/\/www.marocchallenge.com\/wp-content\/uploads\/2025\/01\/Maroc-Challenge-29_01-Recovered-400x225.png 400w, https:\/\/www.marocchallenge.com\/wp-content\/uploads\/2025\/01\/Maroc-Challenge-29_01-Recovered-600x338.png 600w, https:\/\/www.marocchallenge.com\/wp-content\/uploads\/2025\/01\/Maroc-Challenge-29_01-Recovered-768x432.png 768w, https:\/\/www.marocchallenge.com\/wp-content\/uploads\/2025\/01\/Maroc-Challenge-29_01-Recovered-800x450.png 800w, https:\/\/www.marocchallenge.com\/wp-content\/uploads\/2025\/01\/Maroc-Challenge-29_01-Recovered-1024x576.png 1024w, https:\/\/www.marocchallenge.com\/wp-content\/uploads\/2025\/01\/Maroc-Challenge-29_01-Recovered.png 1200w\" sizes=\"(max-width: 1200px) 100vw, 1200px\" \/><\/h2>\n<h2>A Maroc Challenge Spring 2025, que ter\u00e1 lugar de 11 a 19 de abril, j\u00e1 iniciou oficialmente a contagem decrescente. No in\u00edcio de fevereiro, uma equipa ir\u00e1 deslocar-se a Marrocos para realizar os reconhecimentos do itiner\u00e1rio planeado e verificar as diferentes zonas que ser\u00e3o atravessadas nesta edi\u00e7\u00e3o, com o objetivo de apresentar um percurso \u00e0 altura das expectativas dos participantes.<\/h2>\n<p>Esta edi\u00e7\u00e3o traz novidades importantes. Uma das altera\u00e7\u00f5es mais significativas \u00e9 que o rally ter\u00e1 in\u00edcio e fim em Sa\u00efdia, com um itiner\u00e1rio renovado, pensado para explorar novas \u00e1reas que prometem ser um verdadeiro desafio para os participantes.<\/p>\n<p>Na Spring 2025, ser\u00e1 retomada a passagem pelo Atlas, um dos elementos mais ic\u00f3nicos da prova, conhecido pelos seus cen\u00e1rios deslumbrantes e pelo desafio adicional das condi\u00e7\u00f5es meteorol\u00f3gicas imprevis\u00edveis. De Midelt, o percurso levar\u00e1 os participantes at\u00e9 Erfoud, onde ser\u00e3o realizadas duas etapas em circuito. Estas etapas permitir\u00e3o \u00e0s equipas enfrentar os percursos com os ve\u00edculos descarregados, oferecendo maior seguran\u00e7a e conforto. A areia ser\u00e1 predominante, e como sempre, o foco estar\u00e1 em explorar as \u00e1reas mais in\u00f3spitas do deserto marroquino.<\/p>\n<p>Em breve, partilharemos mais detalhes sobre o itiner\u00e1rio, mas podemos j\u00e1 confirmar que os percursos, fi\u00e9is \u00e0 filosofia da Maroc Challenge, ser\u00e3o cuidadosamente adaptados para serem vi\u00e1veis em todas as categorias.<\/p>\n","protected":false},"excerpt":{"rendered":"<p>A Maroc Challenge Spring 2025, que ter\u00e1 lugar de 11<\/p>\n","protected":false},"author":2,"featured_media":22769,"comment_status":"closed","ping_status":"closed","sticky":false,"template":"","format":"standard","meta":{"footnotes":""},"categories":[93],"tags":[],"class_list":["post-22774","post","type-post","status-publish","format-standard","has-post-thumbnail","hentry","category-noticias-pt-pt"],"yoast_head":"<!-- This site is optimized with the Yoast SEO plugin v27.4 - https:\/\/yoast.com\/product\/yoast-seo-wordpress\/ -->\n<title>OS RECONHECIMENTOS COME\u00c7AM EM FEVEREIRO! - Maroc Challenge<\/title>\n<meta name=\"description\" content=\"No in\u00edcio de fevereiro, uma equipa ir\u00e1 deslocar-se a Marrocos para realizar os reconhecimentos do itiner\u00e1rio planeado e verificar as diferentes zonas que ser\u00e3o atravessadas nesta edi\u00e7\u00e3o, com o objetivo de apresentar um percurso \u00e0 altura das expectativas dos participantes.\" \/>\n<meta name=\"robots\" content=\"index, follow, max-snippet:-1, max-image-preview:large, max-video-preview:-1\" \/>\n<link rel=\"canonical\" href=\"https:\/\/www.marocchallenge.com\/pt-pt\/os-reconhecimentos-comecam-em-fevereiro\/\" \/>\n<meta property=\"og:locale\" content=\"pt_PT\" \/>\n<meta property=\"og:type\" content=\"article\" \/>\n<meta property=\"og:title\" content=\"OS RECONHECIMENTOS COME\u00c7AM EM FEVEREIRO! - Maroc Challenge\" \/>\n<meta property=\"og:description\" content=\"No in\u00edcio de fevereiro, uma equipa ir\u00e1 deslocar-se a Marrocos para realizar os reconhecimentos do itiner\u00e1rio planeado e verificar as diferentes zonas que ser\u00e3o atravessadas nesta edi\u00e7\u00e3o, com o objetivo de apresentar um percurso \u00e0 altura das expectativas dos participantes.\" \/>\n<meta property=\"og:url\" content=\"https:\/\/www.marocchallenge.com\/pt-pt\/os-reconhecimentos-comecam-em-fevereiro\/\" \/>\n<meta property=\"og:site_name\" content=\"Maroc Challenge\" \/>\n<meta property=\"article:publisher\" content=\"https:\/\/www.facebook.com\/MarocChallenge\/\" \/>\n<meta property=\"article:published_time\" content=\"2025-01-29T13:11:00+00:00\" \/>\n<meta property=\"article:modified_time\" content=\"2025-01-29T13:45:09+00:00\" \/>\n<meta property=\"og:image\" content=\"https:\/\/www.marocchallenge.com\/wp-content\/uploads\/2025\/01\/Maroc-Challenge-29_01-Recovered.png\" \/>\n\t<meta property=\"og:image:width\" content=\"1200\" \/>\n\t<meta property=\"og:image:height\" content=\"675\" \/>\n\t<meta property=\"og:image:type\" content=\"image\/png\" \/>\n<meta name=\"author\" content=\"Rui Caba\u00e7o\" \/>\n<meta name=\"twitter:card\" content=\"summary_large_image\" \/>\n<meta name=\"twitter:creator\" content=\"@marochallenge\" \/>\n<meta name=\"twitter:site\" content=\"@marochallenge\" \/>\n<meta name=\"twitter:label1\" content=\"Escrito por\" \/>\n\t<meta name=\"twitter:data1\" content=\"Rui Caba\u00e7o\" \/>\n\t<meta name=\"twitter:label2\" content=\"Tempo estimado de leitura\" \/>\n\t<meta name=\"twitter:data2\" content=\"2 minutos\" \/>\n<script type=\"application\/ld+json\" class=\"yoast-schema-graph\">{\"@context\":\"https:\\\/\\\/schema.org\",\"@graph\":[{\"@type\":\"Article\",\"@id\":\"https:\\\/\\\/www.marocchallenge.com\\\/pt-pt\\\/os-reconhecimentos-comecam-em-fevereiro\\\/#article\",\"isPartOf\":{\"@id\":\"https:\\\/\\\/www.marocchallenge.com\\\/pt-pt\\\/os-reconhecimentos-comecam-em-fevereiro\\\/\"},\"author\":{\"name\":\"Rui Caba\u00e7o\",\"@id\":\"https:\\\/\\\/www.marocchallenge.com\\\/pt-pt\\\/#\\\/schema\\\/person\\\/298a597a188b0019416217b2301b9e10\"},\"headline\":\"OS RECONHECIMENTOS COME\u00c7AM EM FEVEREIRO!\",\"datePublished\":\"2025-01-29T13:11:00+00:00\",\"dateModified\":\"2025-01-29T13:45:09+00:00\",\"mainEntityOfPage\":{\"@id\":\"https:\\\/\\\/www.marocchallenge.com\\\/pt-pt\\\/os-reconhecimentos-comecam-em-fevereiro\\\/\"},\"wordCount\":232,\"publisher\":{\"@id\":\"https:\\\/\\\/www.marocchallenge.com\\\/pt-pt\\\/#organization\"},\"image\":{\"@id\":\"https:\\\/\\\/www.marocchallenge.com\\\/pt-pt\\\/os-reconhecimentos-comecam-em-fevereiro\\\/#primaryimage\"},\"thumbnailUrl\":\"https:\\\/\\\/www.marocchallenge.com\\\/wp-content\\\/uploads\\\/2025\\\/01\\\/Maroc-Challenge-29_01-Recovered.png\",\"articleSection\":[\"Noticias\"],\"inLanguage\":\"pt-PT\"},{\"@type\":\"WebPage\",\"@id\":\"https:\\\/\\\/www.marocchallenge.com\\\/pt-pt\\\/os-reconhecimentos-comecam-em-fevereiro\\\/\",\"url\":\"https:\\\/\\\/www.marocchallenge.com\\\/pt-pt\\\/os-reconhecimentos-comecam-em-fevereiro\\\/\",\"name\":\"OS RECONHECIMENTOS COME\u00c7AM EM FEVEREIRO! - Maroc Challenge\",\"isPartOf\":{\"@id\":\"https:\\\/\\\/www.marocchallenge.com\\\/pt-pt\\\/#website\"},\"primaryImageOfPage\":{\"@id\":\"https:\\\/\\\/www.marocchallenge.com\\\/pt-pt\\\/os-reconhecimentos-comecam-em-fevereiro\\\/#primaryimage\"},\"image\":{\"@id\":\"https:\\\/\\\/www.marocchallenge.com\\\/pt-pt\\\/os-reconhecimentos-comecam-em-fevereiro\\\/#primaryimage\"},\"thumbnailUrl\":\"https:\\\/\\\/www.marocchallenge.com\\\/wp-content\\\/uploads\\\/2025\\\/01\\\/Maroc-Challenge-29_01-Recovered.png\",\"datePublished\":\"2025-01-29T13:11:00+00:00\",\"dateModified\":\"2025-01-29T13:45:09+00:00\",\"description\":\"No in\u00edcio de fevereiro, uma equipa ir\u00e1 deslocar-se a Marrocos para realizar os reconhecimentos do itiner\u00e1rio planeado e verificar as diferentes zonas que ser\u00e3o atravessadas nesta edi\u00e7\u00e3o, com o objetivo de apresentar um percurso \u00e0 altura das expectativas dos participantes.\",\"breadcrumb\":{\"@id\":\"https:\\\/\\\/www.marocchallenge.com\\\/pt-pt\\\/os-reconhecimentos-comecam-em-fevereiro\\\/#breadcrumb\"},\"inLanguage\":\"pt-PT\",\"potentialAction\":[{\"@type\":\"ReadAction\",\"target\":[\"https:\\\/\\\/www.marocchallenge.com\\\/pt-pt\\\/os-reconhecimentos-comecam-em-fevereiro\\\/\"]}]},{\"@type\":\"ImageObject\",\"inLanguage\":\"pt-PT\",\"@id\":\"https:\\\/\\\/www.marocchallenge.com\\\/pt-pt\\\/os-reconhecimentos-comecam-em-fevereiro\\\/#primaryimage\",\"url\":\"https:\\\/\\\/www.marocchallenge.com\\\/wp-content\\\/uploads\\\/2025\\\/01\\\/Maroc-Challenge-29_01-Recovered.png\",\"contentUrl\":\"https:\\\/\\\/www.marocchallenge.com\\\/wp-content\\\/uploads\\\/2025\\\/01\\\/Maroc-Challenge-29_01-Recovered.png\",\"width\":1200,\"height\":675},{\"@type\":\"BreadcrumbList\",\"@id\":\"https:\\\/\\\/www.marocchallenge.com\\\/pt-pt\\\/os-reconhecimentos-comecam-em-fevereiro\\\/#breadcrumb\",\"itemListElement\":[{\"@type\":\"ListItem\",\"position\":1,\"name\":\"Portada\",\"item\":\"https:\\\/\\\/www.marocchallenge.com\\\/pt-pt\\\/\"},{\"@type\":\"ListItem\",\"position\":2,\"name\":\"OS RECONHECIMENTOS COME\u00c7AM EM FEVEREIRO!\"}]},{\"@type\":\"WebSite\",\"@id\":\"https:\\\/\\\/www.marocchallenge.com\\\/pt-pt\\\/#website\",\"url\":\"https:\\\/\\\/www.marocchallenge.com\\\/pt-pt\\\/\",\"name\":\"Maroc Challenge\",\"description\":\"O Dakar dos anos 70 para os aventureiros de hoje\",\"publisher\":{\"@id\":\"https:\\\/\\\/www.marocchallenge.com\\\/pt-pt\\\/#organization\"},\"potentialAction\":[{\"@type\":\"SearchAction\",\"target\":{\"@type\":\"EntryPoint\",\"urlTemplate\":\"https:\\\/\\\/www.marocchallenge.com\\\/pt-pt\\\/?s={search_term_string}\"},\"query-input\":{\"@type\":\"PropertyValueSpecification\",\"valueRequired\":true,\"valueName\":\"search_term_string\"}}],\"inLanguage\":\"pt-PT\"},{\"@type\":\"Organization\",\"@id\":\"https:\\\/\\\/www.marocchallenge.com\\\/pt-pt\\\/#organization\",\"name\":\"Maroc Challenge - El Dakar de los 70's para los aventureros de hoy\",\"url\":\"https:\\\/\\\/www.marocchallenge.com\\\/pt-pt\\\/\",\"logo\":{\"@type\":\"ImageObject\",\"inLanguage\":\"pt-PT\",\"@id\":\"https:\\\/\\\/www.marocchallenge.com\\\/pt-pt\\\/#\\\/schema\\\/logo\\\/image\\\/\",\"url\":\"https:\\\/\\\/www.marocchallenge.com\\\/wp-content\\\/uploads\\\/2020\\\/03\\\/Logo-Maroc_Challenge.png\",\"contentUrl\":\"https:\\\/\\\/www.marocchallenge.com\\\/wp-content\\\/uploads\\\/2020\\\/03\\\/Logo-Maroc_Challenge.png\",\"width\":170,\"height\":96,\"caption\":\"Maroc Challenge - El Dakar de los 70's para los aventureros de hoy\"},\"image\":{\"@id\":\"https:\\\/\\\/www.marocchallenge.com\\\/pt-pt\\\/#\\\/schema\\\/logo\\\/image\\\/\"},\"sameAs\":[\"https:\\\/\\\/www.facebook.com\\\/MarocChallenge\\\/\",\"https:\\\/\\\/x.com\\\/marochallenge\",\"https:\\\/\\\/www.instagram.com\\\/marocchallenge\\\/\",\"https:\\\/\\\/www.linkedin.com\\\/company\\\/maroc-challenge\",\"https:\\\/\\\/www.youtube.com\\\/user\\\/MarocChallenge\"]},{\"@type\":\"Person\",\"@id\":\"https:\\\/\\\/www.marocchallenge.com\\\/pt-pt\\\/#\\\/schema\\\/person\\\/298a597a188b0019416217b2301b9e10\",\"name\":\"Rui Caba\u00e7o\",\"image\":{\"@type\":\"ImageObject\",\"inLanguage\":\"pt-PT\",\"@id\":\"https:\\\/\\\/secure.gravatar.com\\\/avatar\\\/7ac3f434351cbd7875a5f064f6695a52ab4f6ffeb48c6bffb908c8e6f0e3bf73?s=96&d=mm&r=g\",\"url\":\"https:\\\/\\\/secure.gravatar.com\\\/avatar\\\/7ac3f434351cbd7875a5f064f6695a52ab4f6ffeb48c6bffb908c8e6f0e3bf73?s=96&d=mm&r=g\",\"contentUrl\":\"https:\\\/\\\/secure.gravatar.com\\\/avatar\\\/7ac3f434351cbd7875a5f064f6695a52ab4f6ffeb48c6bffb908c8e6f0e3bf73?s=96&d=mm&r=g\",\"caption\":\"Rui Caba\u00e7o\"}}]}<\/script>\n<!-- \/ Yoast SEO plugin. -->","yoast_head_json":{"title":"OS RECONHECIMENTOS COME\u00c7AM EM FEVEREIRO! - Maroc Challenge","description":"No in\u00edcio de fevereiro, uma equipa ir\u00e1 deslocar-se a Marrocos para realizar os reconhecimentos do itiner\u00e1rio planeado e verificar as diferentes zonas que ser\u00e3o atravessadas nesta edi\u00e7\u00e3o, com o objetivo de apresentar um percurso \u00e0 altura das expectativas dos participantes.","robots":{"index":"index","follow":"follow","max-snippet":"max-snippet:-1","max-image-preview":"max-image-preview:large","max-video-preview":"max-video-preview:-1"},"canonical":"https:\/\/www.marocchallenge.com\/pt-pt\/os-reconhecimentos-comecam-em-fevereiro\/","og_locale":"pt_PT","og_type":"article","og_title":"OS RECONHECIMENTOS COME\u00c7AM EM FEVEREIRO! - Maroc Challenge","og_description":"No in\u00edcio de fevereiro, uma equipa ir\u00e1 deslocar-se a Marrocos para realizar os reconhecimentos do itiner\u00e1rio planeado e verificar as diferentes zonas que ser\u00e3o atravessadas nesta edi\u00e7\u00e3o, com o objetivo de apresentar um percurso \u00e0 altura das expectativas dos participantes.","og_url":"https:\/\/www.marocchallenge.com\/pt-pt\/os-reconhecimentos-comecam-em-fevereiro\/","og_site_name":"Maroc Challenge","article_publisher":"https:\/\/www.facebook.com\/MarocChallenge\/","article_published_time":"2025-01-29T13:11:00+00:00","article_modified_time":"2025-01-29T13:45:09+00:00","og_image":[{"width":1200,"height":675,"url":"https:\/\/www.marocchallenge.com\/wp-content\/uploads\/2025\/01\/Maroc-Challenge-29_01-Recovered.png","type":"image\/png"}],"author":"Rui Caba\u00e7o","twitter_card":"summary_large_image","twitter_creator":"@marochallenge","twitter_site":"@marochallenge","twitter_misc":{"Escrito por":"Rui Caba\u00e7o","Tempo estimado de leitura":"2 minutos"},"schema":{"@context":"https:\/\/schema.org","@graph":[{"@type":"Article","@id":"https:\/\/www.marocchallenge.com\/pt-pt\/os-reconhecimentos-comecam-em-fevereiro\/#article","isPartOf":{"@id":"https:\/\/www.marocchallenge.com\/pt-pt\/os-reconhecimentos-comecam-em-fevereiro\/"},"author":{"name":"Rui Caba\u00e7o","@id":"https:\/\/www.marocchallenge.com\/pt-pt\/#\/schema\/person\/298a597a188b0019416217b2301b9e10"},"headline":"OS RECONHECIMENTOS COME\u00c7AM EM FEVEREIRO!","datePublished":"2025-01-29T13:11:00+00:00","dateModified":"2025-01-29T13:45:09+00:00","mainEntityOfPage":{"@id":"https:\/\/www.marocchallenge.com\/pt-pt\/os-reconhecimentos-comecam-em-fevereiro\/"},"wordCount":232,"publisher":{"@id":"https:\/\/www.marocchallenge.com\/pt-pt\/#organization"},"image":{"@id":"https:\/\/www.marocchallenge.com\/pt-pt\/os-reconhecimentos-comecam-em-fevereiro\/#primaryimage"},"thumbnailUrl":"https:\/\/www.marocchallenge.com\/wp-content\/uploads\/2025\/01\/Maroc-Challenge-29_01-Recovered.png","articleSection":["Noticias"],"inLanguage":"pt-PT"},{"@type":"WebPage","@id":"https:\/\/www.marocchallenge.com\/pt-pt\/os-reconhecimentos-comecam-em-fevereiro\/","url":"https:\/\/www.marocchallenge.com\/pt-pt\/os-reconhecimentos-comecam-em-fevereiro\/","name":"OS RECONHECIMENTOS COME\u00c7AM EM FEVEREIRO! - Maroc Challenge","isPartOf":{"@id":"https:\/\/www.marocchallenge.com\/pt-pt\/#website"},"primaryImageOfPage":{"@id":"https:\/\/www.marocchallenge.com\/pt-pt\/os-reconhecimentos-comecam-em-fevereiro\/#primaryimage"},"image":{"@id":"https:\/\/www.marocchallenge.com\/pt-pt\/os-reconhecimentos-comecam-em-fevereiro\/#primaryimage"},"thumbnailUrl":"https:\/\/www.marocchallenge.com\/wp-content\/uploads\/2025\/01\/Maroc-Challenge-29_01-Recovered.png","datePublished":"2025-01-29T13:11:00+00:00","dateModified":"2025-01-29T13:45:09+00:00","description":"No in\u00edcio de fevereiro, uma equipa ir\u00e1 deslocar-se a Marrocos para realizar os reconhecimentos do itiner\u00e1rio planeado e verificar as diferentes zonas que ser\u00e3o atravessadas nesta edi\u00e7\u00e3o, com o objetivo de apresentar um percurso \u00e0 altura das expectativas dos participantes.","breadcrumb":{"@id":"https:\/\/www.marocchallenge.com\/pt-pt\/os-reconhecimentos-comecam-em-fevereiro\/#breadcrumb"},"inLanguage":"pt-PT","potentialAction":[{"@type":"ReadAction","target":["https:\/\/www.marocchallenge.com\/pt-pt\/os-reconhecimentos-comecam-em-fevereiro\/"]}]},{"@type":"ImageObject","inLanguage":"pt-PT","@id":"https:\/\/www.marocchallenge.com\/pt-pt\/os-reconhecimentos-comecam-em-fevereiro\/#primaryimage","url":"https:\/\/www.marocchallenge.com\/wp-content\/uploads\/2025\/01\/Maroc-Challenge-29_01-Recovered.png","contentUrl":"https:\/\/www.marocchallenge.com\/wp-content\/uploads\/2025\/01\/Maroc-Challenge-29_01-Recovered.png","width":1200,"height":675},{"@type":"BreadcrumbList","@id":"https:\/\/www.marocchallenge.com\/pt-pt\/os-reconhecimentos-comecam-em-fevereiro\/#breadcrumb","itemListElement":[{"@type":"ListItem","position":1,"name":"Portada","item":"https:\/\/www.marocchallenge.com\/pt-pt\/"},{"@type":"ListItem","position":2,"name":"OS RECONHECIMENTOS COME\u00c7AM EM FEVEREIRO!"}]},{"@type":"WebSite","@id":"https:\/\/www.marocchallenge.com\/pt-pt\/#website","url":"https:\/\/www.marocchallenge.com\/pt-pt\/","name":"Maroc Challenge","description":"O Dakar dos anos 70 para os aventureiros de hoje","publisher":{"@id":"https:\/\/www.marocchallenge.com\/pt-pt\/#organization"},"potentialAction":[{"@type":"SearchAction","target":{"@type":"EntryPoint","urlTemplate":"https:\/\/www.marocchallenge.com\/pt-pt\/?s={search_term_string}"},"query-input":{"@type":"PropertyValueSpecification","valueRequired":true,"valueName":"search_term_string"}}],"inLanguage":"pt-PT"},{"@type":"Organization","@id":"https:\/\/www.marocchallenge.com\/pt-pt\/#organization","name":"Maroc Challenge - El Dakar de los 70's para los aventureros de hoy","url":"https:\/\/www.marocchallenge.com\/pt-pt\/","logo":{"@type":"ImageObject","inLanguage":"pt-PT","@id":"https:\/\/www.marocchallenge.com\/pt-pt\/#\/schema\/logo\/image\/","url":"https:\/\/www.marocchallenge.com\/wp-content\/uploads\/2020\/03\/Logo-Maroc_Challenge.png","contentUrl":"https:\/\/www.marocchallenge.com\/wp-content\/uploads\/2020\/03\/Logo-Maroc_Challenge.png","width":170,"height":96,"caption":"Maroc Challenge - El Dakar de los 70's para los aventureros de hoy"},"image":{"@id":"https:\/\/www.marocchallenge.com\/pt-pt\/#\/schema\/logo\/image\/"},"sameAs":["https:\/\/www.facebook.com\/MarocChallenge\/","https:\/\/x.com\/marochallenge","https:\/\/www.instagram.com\/marocchallenge\/","https:\/\/www.linkedin.com\/company\/maroc-challenge","https:\/\/www.youtube.com\/user\/MarocChallenge"]},{"@type":"Person","@id":"https:\/\/www.marocchallenge.com\/pt-pt\/#\/schema\/person\/298a597a188b0019416217b2301b9e10","name":"Rui Caba\u00e7o","image":{"@type":"ImageObject","inLanguage":"pt-PT","@id":"https:\/\/secure.gravatar.com\/avatar\/7ac3f434351cbd7875a5f064f6695a52ab4f6ffeb48c6bffb908c8e6f0e3bf73?s=96&d=mm&r=g","url":"https:\/\/secure.gravatar.com\/avatar\/7ac3f434351cbd7875a5f064f6695a52ab4f6ffeb48c6bffb908c8e6f0e3bf73?s=96&d=mm&r=g","contentUrl":"https:\/\/secure.gravatar.com\/avatar\/7ac3f434351cbd7875a5f064f6695a52ab4f6ffeb48c6bffb908c8e6f0e3bf73?s=96&d=mm&r=g","caption":"Rui Caba\u00e7o"}}]}},"_links":{"self":[{"href":"https:\/\/www.marocchallenge.com\/pt-pt\/wp-json\/wp\/v2\/posts\/22774","targetHints":{"allow":["GET"]}}],"collection":[{"href":"https:\/\/www.marocchallenge.com\/pt-pt\/wp-json\/wp\/v2\/posts"}],"about":[{"href":"https:\/\/www.marocchallenge.com\/pt-pt\/wp-json\/wp\/v2\/types\/post"}],"author":[{"embeddable":true,"href":"https:\/\/www.marocchallenge.com\/pt-pt\/wp-json\/wp\/v2\/users\/2"}],"replies":[{"embeddable":true,"href":"https:\/\/www.marocchallenge.com\/pt-pt\/wp-json\/wp\/v2\/comments?post=22774"}],"version-history":[{"count":2,"href":"https:\/\/www.marocchallenge.com\/pt-pt\/wp-json\/wp\/v2\/posts\/22774\/revisions"}],"predecessor-version":[{"id":22782,"href":"https:\/\/www.marocchallenge.com\/pt-pt\/wp-json\/wp\/v2\/posts\/22774\/revisions\/22782"}],"wp:featuredmedia":[{"embeddable":true,"href":"https:\/\/www.marocchallenge.com\/pt-pt\/wp-json\/wp\/v2\/media\/22769"}],"wp:attachment":[{"href":"https:\/\/www.marocchallenge.com\/pt-pt\/wp-json\/wp\/v2\/media?parent=22774"}],"wp:term":[{"taxonomy":"category","embeddable":true,"href":"https:\/\/www.marocchallenge.com\/pt-pt\/wp-json\/wp\/v2\/categories?post=22774"},{"taxonomy":"post_tag","embeddable":true,"href":"https:\/\/www.marocchallenge.com\/pt-pt\/wp-json\/wp\/v2\/tags?post=22774"}],"curies":[{"name":"wp","href":"https:\/\/api.w.org\/{rel}","templated":true}]}}