{"id":23919,"date":"2025-11-28T08:41:43","date_gmt":"2025-11-28T08:41:43","guid":{"rendered":"https:\/\/www.marocchallenge.com\/24th-edition-of-the-maroc-challenge-sets-a-new-participation-record\/"},"modified":"2025-11-28T08:59:02","modified_gmt":"2025-11-28T08:59:02","slug":"a-24-a-edicao-da-maroc-challenge-bate-o-recorde-de-participacao","status":"publish","type":"post","link":"https:\/\/www.marocchallenge.com\/pt-pt\/a-24-a-edicao-da-maroc-challenge-bate-o-recorde-de-participacao\/","title":{"rendered":"A 24.\u00aa EDI\u00c7\u00c3O DA MAROC CHALLENGE BATE O RECORDE DE PARTICIPA\u00c7\u00c3O"},"content":{"rendered":"<h2><img decoding=\"async\" class=\"alignnone wp-image-23910 size-full\" src=\"https:\/\/www.marocchallenge.com\/wp-content\/uploads\/2025\/11\/Maroc-Challenge-28_11.png\" alt=\"\" width=\"1200\" height=\"675\" srcset=\"https:\/\/www.marocchallenge.com\/wp-content\/uploads\/2025\/11\/Maroc-Challenge-28_11-200x113.png 200w, https:\/\/www.marocchallenge.com\/wp-content\/uploads\/2025\/11\/Maroc-Challenge-28_11-300x169.png 300w, https:\/\/www.marocchallenge.com\/wp-content\/uploads\/2025\/11\/Maroc-Challenge-28_11-400x225.png 400w, https:\/\/www.marocchallenge.com\/wp-content\/uploads\/2025\/11\/Maroc-Challenge-28_11-600x338.png 600w, https:\/\/www.marocchallenge.com\/wp-content\/uploads\/2025\/11\/Maroc-Challenge-28_11-768x432.png 768w, https:\/\/www.marocchallenge.com\/wp-content\/uploads\/2025\/11\/Maroc-Challenge-28_11-800x450.png 800w, https:\/\/www.marocchallenge.com\/wp-content\/uploads\/2025\/11\/Maroc-Challenge-28_11-1024x576.png 1024w, https:\/\/www.marocchallenge.com\/wp-content\/uploads\/2025\/11\/Maroc-Challenge-28_11.png 1200w\" sizes=\"(max-width: 1200px) 100vw, 1200px\" \/><\/h2>\n<h2>Este fim de semana arranca em Er-Rachidia, a porta do deserto marroquino, a 24.\u00aa edi\u00e7\u00e3o da Maroc Challenge. As verifica\u00e7\u00f5es administrativas e t\u00e9cnicas ter\u00e3o lugar no s\u00e1bado e, no domingo, ser\u00e1 dada a partida oficial, com um recorde hist\u00f3rico de equipas inscritas.<\/h2>\n<p>Com <strong>198 equipas<\/strong>, o n\u00famero mais elevado de sempre, a prova ser\u00e1 composta por <strong>seis etapas exigentes<\/strong>, terminando na <strong>sexta-feira, 5 de dezembro<\/strong>, aos p\u00e9s do <strong>Erg Chebbi<\/strong>.<\/p>\n<p>Com quase <strong>200 equipas<\/strong>, o evento destaca-se pelo seu car\u00e1cter cada vez mais internacional, afirmando-se como uma das provas amadoras de refer\u00eancia realizadas em Marrocos. Os <strong>198 participantes provenientes de quinze pa\u00edses<\/strong> confirmam o enorme atrativo desta aventura, que continua a alargar horizontes edi\u00e7\u00e3o ap\u00f3s edi\u00e7\u00e3o.<\/p>\n<p>Esta edi\u00e7\u00e3o ser\u00e1 marcadamente dedicada ao <strong>deserto<\/strong>, com etapas <strong>100% off-road<\/strong> e poucos tro\u00e7os de liga\u00e7\u00e3o em estrada. O percurso foi renovado, combinando <strong>zonas novas<\/strong> com <strong>pontos ic\u00f3nicos<\/strong> da Maroc Challenge. Desde o primeiro ao \u00faltimo dia, <strong>areia e dunas<\/strong> ser\u00e3o protagonistas. Ser\u00e1 uma das edi\u00e7\u00f5es mais <strong>aventureiras e desafiantes<\/strong> da hist\u00f3ria da prova. Como habitual, a dificuldade ser\u00e1 sempre adaptada a cada categoria. Al\u00e9m disso, foram introduzidas <strong>quatro novas categorias<\/strong> (C2 RAID, CX2 PRO RAID, CX4 PRO RAID e PRO RAID TT) para acompanhar a evolu\u00e7\u00e3o natural dos participantes.<\/p>\n<p>A Winter 2025 come\u00e7ar\u00e1 com uma etapa entre <strong>Er-Rachidia e M\u2019Hamid<\/strong>, enquanto a segunda terminar\u00e1 em <strong>Zagora<\/strong>. A tradicional <strong>noite de acampamento<\/strong>, no final da terceira etapa, ser\u00e1 em <strong>Sidi Ali<\/strong>, junto ao lago Maider e \u00e0 localidade de Tafraoute. <strong>Erfoud<\/strong> acolher\u00e1 a chegada do quarto dia e ser\u00e1 tamb\u00e9m o centro do <strong>loop<\/strong> desenhado para a quinta etapa. A Maroc Challenge terminar\u00e1 ap\u00f3s uma <strong>sexta etapa de navega\u00e7\u00e3o por waypoints<\/strong> junto ao lend\u00e1rio <strong>Erg Chebbi<\/strong>.<\/p>\n<p>O regulamento apresenta tamb\u00e9m altera\u00e7\u00f5es importantes. Afastar-se mais de <strong>100 metros<\/strong> do track implicar\u00e1 uma penaliza\u00e7\u00e3o de <strong>25 pontos por minuto<\/strong> (antes eram permitidos 250 metros). Os <strong>artigos 14 e 15<\/strong> foram parcialmente modificados: em caso de empate, ser\u00e1 melhor classificada a equipa que tiver percorrido <strong>a menor dist\u00e2ncia<\/strong> dentro da \u00e1rea permitida. Esta regra aplica-se igualmente em caso de empate na classifica\u00e7\u00e3o final.<\/p>\n<p>Outra altera\u00e7\u00e3o relevante diz respeito \u00e0 <strong>velocidade m\u00e1xima em pista<\/strong> para algumas categorias que adotam medidas de seguran\u00e7a adicionais. De acordo com o artigo 11.5, a velocidade m\u00e1xima geral em pista \u00e9 de <strong>80 km\/h<\/strong>, mas para as categorias <strong>SSV, CX2 Pro Raid, CX4 Pro Raid e Pro Raid TT<\/strong> passa a ser de <strong>90 km\/h<\/strong>.<\/p>\n<p>Todos os detalhes da prova podem ser consultados na nossa web.<\/p>\n","protected":false},"excerpt":{"rendered":"<p>Este fim de semana arranca em Er-Rachidia, a porta do<\/p>\n","protected":false},"author":2,"featured_media":23913,"comment_status":"closed","ping_status":"closed","sticky":false,"template":"","format":"standard","meta":{"footnotes":""},"categories":[93],"tags":[],"class_list":["post-23919","post","type-post","status-publish","format-standard","has-post-thumbnail","hentry","category-noticias-pt-pt"],"yoast_head":"<!-- This site is optimized with the Yoast SEO plugin v27.4 - https:\/\/yoast.com\/product\/yoast-seo-wordpress\/ -->\n<title>A 24.\u00aa EDI\u00c7\u00c3O DA MAROC CHALLENGE BATE O RECORDE DE PARTICIPA\u00c7\u00c3O - Maroc Challenge<\/title>\n<meta name=\"description\" content=\"Este fim de semana arranca em Er-Rachidia, a porta do deserto marroquino, a 24.\u00aa edi\u00e7\u00e3o da Maroc Challenge. As verifica\u00e7\u00f5es administrativas e t\u00e9cnicas ter\u00e3o lugar no s\u00e1bado e, no domingo, ser\u00e1 dada a partida oficial, com um recorde hist\u00f3rico de equipas inscritas.\" \/>\n<meta name=\"robots\" content=\"index, follow, max-snippet:-1, max-image-preview:large, max-video-preview:-1\" \/>\n<link rel=\"canonical\" href=\"https:\/\/www.marocchallenge.com\/pt-pt\/a-24-a-edicao-da-maroc-challenge-bate-o-recorde-de-participacao\/\" \/>\n<meta property=\"og:locale\" content=\"pt_PT\" \/>\n<meta property=\"og:type\" content=\"article\" \/>\n<meta property=\"og:title\" content=\"A 24.\u00aa EDI\u00c7\u00c3O DA MAROC CHALLENGE BATE O RECORDE DE PARTICIPA\u00c7\u00c3O - Maroc Challenge\" \/>\n<meta property=\"og:description\" content=\"Este fim de semana arranca em Er-Rachidia, a porta do deserto marroquino, a 24.\u00aa edi\u00e7\u00e3o da Maroc Challenge. As verifica\u00e7\u00f5es administrativas e t\u00e9cnicas ter\u00e3o lugar no s\u00e1bado e, no domingo, ser\u00e1 dada a partida oficial, com um recorde hist\u00f3rico de equipas inscritas.\" \/>\n<meta property=\"og:url\" content=\"https:\/\/www.marocchallenge.com\/pt-pt\/a-24-a-edicao-da-maroc-challenge-bate-o-recorde-de-participacao\/\" \/>\n<meta property=\"og:site_name\" content=\"Maroc Challenge\" \/>\n<meta property=\"article:publisher\" content=\"https:\/\/www.facebook.com\/MarocChallenge\/\" \/>\n<meta property=\"article:published_time\" content=\"2025-11-28T08:41:43+00:00\" \/>\n<meta property=\"article:modified_time\" content=\"2025-11-28T08:59:02+00:00\" \/>\n<meta property=\"og:image\" content=\"https:\/\/www.marocchallenge.com\/wp-content\/uploads\/2025\/11\/Maroc-Challenge-28_11.png\" \/>\n\t<meta property=\"og:image:width\" content=\"1200\" \/>\n\t<meta property=\"og:image:height\" content=\"675\" \/>\n\t<meta property=\"og:image:type\" content=\"image\/png\" \/>\n<meta name=\"author\" content=\"Rui Caba\u00e7o\" \/>\n<meta name=\"twitter:card\" content=\"summary_large_image\" \/>\n<meta name=\"twitter:creator\" content=\"@marochallenge\" \/>\n<meta name=\"twitter:site\" content=\"@marochallenge\" \/>\n<meta name=\"twitter:label1\" content=\"Escrito por\" \/>\n\t<meta name=\"twitter:data1\" content=\"Rui Caba\u00e7o\" \/>\n\t<meta name=\"twitter:label2\" content=\"Tempo estimado de leitura\" \/>\n\t<meta name=\"twitter:data2\" content=\"3 minutos\" \/>\n<script type=\"application\/ld+json\" class=\"yoast-schema-graph\">{\"@context\":\"https:\\\/\\\/schema.org\",\"@graph\":[{\"@type\":\"Article\",\"@id\":\"https:\\\/\\\/www.marocchallenge.com\\\/pt-pt\\\/a-24-a-edicao-da-maroc-challenge-bate-o-recorde-de-participacao\\\/#article\",\"isPartOf\":{\"@id\":\"https:\\\/\\\/www.marocchallenge.com\\\/pt-pt\\\/a-24-a-edicao-da-maroc-challenge-bate-o-recorde-de-participacao\\\/\"},\"author\":{\"name\":\"Rui Caba\u00e7o\",\"@id\":\"https:\\\/\\\/www.marocchallenge.com\\\/pt-pt\\\/#\\\/schema\\\/person\\\/298a597a188b0019416217b2301b9e10\"},\"headline\":\"A 24.\u00aa EDI\u00c7\u00c3O DA MAROC CHALLENGE BATE O RECORDE DE PARTICIPA\u00c7\u00c3O\",\"datePublished\":\"2025-11-28T08:41:43+00:00\",\"dateModified\":\"2025-11-28T08:59:02+00:00\",\"mainEntityOfPage\":{\"@id\":\"https:\\\/\\\/www.marocchallenge.com\\\/pt-pt\\\/a-24-a-edicao-da-maroc-challenge-bate-o-recorde-de-participacao\\\/\"},\"wordCount\":447,\"publisher\":{\"@id\":\"https:\\\/\\\/www.marocchallenge.com\\\/pt-pt\\\/#organization\"},\"image\":{\"@id\":\"https:\\\/\\\/www.marocchallenge.com\\\/pt-pt\\\/a-24-a-edicao-da-maroc-challenge-bate-o-recorde-de-participacao\\\/#primaryimage\"},\"thumbnailUrl\":\"https:\\\/\\\/www.marocchallenge.com\\\/wp-content\\\/uploads\\\/2025\\\/11\\\/Maroc-Challenge-28_11.png\",\"articleSection\":[\"Noticias\"],\"inLanguage\":\"pt-PT\"},{\"@type\":\"WebPage\",\"@id\":\"https:\\\/\\\/www.marocchallenge.com\\\/pt-pt\\\/a-24-a-edicao-da-maroc-challenge-bate-o-recorde-de-participacao\\\/\",\"url\":\"https:\\\/\\\/www.marocchallenge.com\\\/pt-pt\\\/a-24-a-edicao-da-maroc-challenge-bate-o-recorde-de-participacao\\\/\",\"name\":\"A 24.\u00aa EDI\u00c7\u00c3O DA MAROC CHALLENGE BATE O RECORDE DE PARTICIPA\u00c7\u00c3O - Maroc Challenge\",\"isPartOf\":{\"@id\":\"https:\\\/\\\/www.marocchallenge.com\\\/pt-pt\\\/#website\"},\"primaryImageOfPage\":{\"@id\":\"https:\\\/\\\/www.marocchallenge.com\\\/pt-pt\\\/a-24-a-edicao-da-maroc-challenge-bate-o-recorde-de-participacao\\\/#primaryimage\"},\"image\":{\"@id\":\"https:\\\/\\\/www.marocchallenge.com\\\/pt-pt\\\/a-24-a-edicao-da-maroc-challenge-bate-o-recorde-de-participacao\\\/#primaryimage\"},\"thumbnailUrl\":\"https:\\\/\\\/www.marocchallenge.com\\\/wp-content\\\/uploads\\\/2025\\\/11\\\/Maroc-Challenge-28_11.png\",\"datePublished\":\"2025-11-28T08:41:43+00:00\",\"dateModified\":\"2025-11-28T08:59:02+00:00\",\"description\":\"Este fim de semana arranca em Er-Rachidia, a porta do deserto marroquino, a 24.\u00aa edi\u00e7\u00e3o da Maroc Challenge. As verifica\u00e7\u00f5es administrativas e t\u00e9cnicas ter\u00e3o lugar no s\u00e1bado e, no domingo, ser\u00e1 dada a partida oficial, com um recorde hist\u00f3rico de equipas inscritas.\",\"breadcrumb\":{\"@id\":\"https:\\\/\\\/www.marocchallenge.com\\\/pt-pt\\\/a-24-a-edicao-da-maroc-challenge-bate-o-recorde-de-participacao\\\/#breadcrumb\"},\"inLanguage\":\"pt-PT\",\"potentialAction\":[{\"@type\":\"ReadAction\",\"target\":[\"https:\\\/\\\/www.marocchallenge.com\\\/pt-pt\\\/a-24-a-edicao-da-maroc-challenge-bate-o-recorde-de-participacao\\\/\"]}]},{\"@type\":\"ImageObject\",\"inLanguage\":\"pt-PT\",\"@id\":\"https:\\\/\\\/www.marocchallenge.com\\\/pt-pt\\\/a-24-a-edicao-da-maroc-challenge-bate-o-recorde-de-participacao\\\/#primaryimage\",\"url\":\"https:\\\/\\\/www.marocchallenge.com\\\/wp-content\\\/uploads\\\/2025\\\/11\\\/Maroc-Challenge-28_11.png\",\"contentUrl\":\"https:\\\/\\\/www.marocchallenge.com\\\/wp-content\\\/uploads\\\/2025\\\/11\\\/Maroc-Challenge-28_11.png\",\"width\":1200,\"height\":675},{\"@type\":\"BreadcrumbList\",\"@id\":\"https:\\\/\\\/www.marocchallenge.com\\\/pt-pt\\\/a-24-a-edicao-da-maroc-challenge-bate-o-recorde-de-participacao\\\/#breadcrumb\",\"itemListElement\":[{\"@type\":\"ListItem\",\"position\":1,\"name\":\"Portada\",\"item\":\"https:\\\/\\\/www.marocchallenge.com\\\/pt-pt\\\/\"},{\"@type\":\"ListItem\",\"position\":2,\"name\":\"A 24.\u00aa EDI\u00c7\u00c3O DA MAROC CHALLENGE BATE O RECORDE DE PARTICIPA\u00c7\u00c3O\"}]},{\"@type\":\"WebSite\",\"@id\":\"https:\\\/\\\/www.marocchallenge.com\\\/pt-pt\\\/#website\",\"url\":\"https:\\\/\\\/www.marocchallenge.com\\\/pt-pt\\\/\",\"name\":\"Maroc Challenge\",\"description\":\"O Dakar dos anos 70 para os aventureiros de hoje\",\"publisher\":{\"@id\":\"https:\\\/\\\/www.marocchallenge.com\\\/pt-pt\\\/#organization\"},\"potentialAction\":[{\"@type\":\"SearchAction\",\"target\":{\"@type\":\"EntryPoint\",\"urlTemplate\":\"https:\\\/\\\/www.marocchallenge.com\\\/pt-pt\\\/?s={search_term_string}\"},\"query-input\":{\"@type\":\"PropertyValueSpecification\",\"valueRequired\":true,\"valueName\":\"search_term_string\"}}],\"inLanguage\":\"pt-PT\"},{\"@type\":\"Organization\",\"@id\":\"https:\\\/\\\/www.marocchallenge.com\\\/pt-pt\\\/#organization\",\"name\":\"Maroc Challenge - El Dakar de los 70's para los aventureros de hoy\",\"url\":\"https:\\\/\\\/www.marocchallenge.com\\\/pt-pt\\\/\",\"logo\":{\"@type\":\"ImageObject\",\"inLanguage\":\"pt-PT\",\"@id\":\"https:\\\/\\\/www.marocchallenge.com\\\/pt-pt\\\/#\\\/schema\\\/logo\\\/image\\\/\",\"url\":\"https:\\\/\\\/www.marocchallenge.com\\\/wp-content\\\/uploads\\\/2020\\\/03\\\/Logo-Maroc_Challenge.png\",\"contentUrl\":\"https:\\\/\\\/www.marocchallenge.com\\\/wp-content\\\/uploads\\\/2020\\\/03\\\/Logo-Maroc_Challenge.png\",\"width\":170,\"height\":96,\"caption\":\"Maroc Challenge - El Dakar de los 70's para los aventureros de hoy\"},\"image\":{\"@id\":\"https:\\\/\\\/www.marocchallenge.com\\\/pt-pt\\\/#\\\/schema\\\/logo\\\/image\\\/\"},\"sameAs\":[\"https:\\\/\\\/www.facebook.com\\\/MarocChallenge\\\/\",\"https:\\\/\\\/x.com\\\/marochallenge\",\"https:\\\/\\\/www.instagram.com\\\/marocchallenge\\\/\",\"https:\\\/\\\/www.linkedin.com\\\/company\\\/maroc-challenge\",\"https:\\\/\\\/www.youtube.com\\\/user\\\/MarocChallenge\"]},{\"@type\":\"Person\",\"@id\":\"https:\\\/\\\/www.marocchallenge.com\\\/pt-pt\\\/#\\\/schema\\\/person\\\/298a597a188b0019416217b2301b9e10\",\"name\":\"Rui Caba\u00e7o\",\"image\":{\"@type\":\"ImageObject\",\"inLanguage\":\"pt-PT\",\"@id\":\"https:\\\/\\\/secure.gravatar.com\\\/avatar\\\/7ac3f434351cbd7875a5f064f6695a52ab4f6ffeb48c6bffb908c8e6f0e3bf73?s=96&d=mm&r=g\",\"url\":\"https:\\\/\\\/secure.gravatar.com\\\/avatar\\\/7ac3f434351cbd7875a5f064f6695a52ab4f6ffeb48c6bffb908c8e6f0e3bf73?s=96&d=mm&r=g\",\"contentUrl\":\"https:\\\/\\\/secure.gravatar.com\\\/avatar\\\/7ac3f434351cbd7875a5f064f6695a52ab4f6ffeb48c6bffb908c8e6f0e3bf73?s=96&d=mm&r=g\",\"caption\":\"Rui Caba\u00e7o\"}}]}<\/script>\n<!-- \/ Yoast SEO plugin. -->","yoast_head_json":{"title":"A 24.\u00aa EDI\u00c7\u00c3O DA MAROC CHALLENGE BATE O RECORDE DE PARTICIPA\u00c7\u00c3O - Maroc Challenge","description":"Este fim de semana arranca em Er-Rachidia, a porta do deserto marroquino, a 24.\u00aa edi\u00e7\u00e3o da Maroc Challenge. As verifica\u00e7\u00f5es administrativas e t\u00e9cnicas ter\u00e3o lugar no s\u00e1bado e, no domingo, ser\u00e1 dada a partida oficial, com um recorde hist\u00f3rico de equipas inscritas.","robots":{"index":"index","follow":"follow","max-snippet":"max-snippet:-1","max-image-preview":"max-image-preview:large","max-video-preview":"max-video-preview:-1"},"canonical":"https:\/\/www.marocchallenge.com\/pt-pt\/a-24-a-edicao-da-maroc-challenge-bate-o-recorde-de-participacao\/","og_locale":"pt_PT","og_type":"article","og_title":"A 24.\u00aa EDI\u00c7\u00c3O DA MAROC CHALLENGE BATE O RECORDE DE PARTICIPA\u00c7\u00c3O - Maroc Challenge","og_description":"Este fim de semana arranca em Er-Rachidia, a porta do deserto marroquino, a 24.\u00aa edi\u00e7\u00e3o da Maroc Challenge. As verifica\u00e7\u00f5es administrativas e t\u00e9cnicas ter\u00e3o lugar no s\u00e1bado e, no domingo, ser\u00e1 dada a partida oficial, com um recorde hist\u00f3rico de equipas inscritas.","og_url":"https:\/\/www.marocchallenge.com\/pt-pt\/a-24-a-edicao-da-maroc-challenge-bate-o-recorde-de-participacao\/","og_site_name":"Maroc Challenge","article_publisher":"https:\/\/www.facebook.com\/MarocChallenge\/","article_published_time":"2025-11-28T08:41:43+00:00","article_modified_time":"2025-11-28T08:59:02+00:00","og_image":[{"width":1200,"height":675,"url":"https:\/\/www.marocchallenge.com\/wp-content\/uploads\/2025\/11\/Maroc-Challenge-28_11.png","type":"image\/png"}],"author":"Rui Caba\u00e7o","twitter_card":"summary_large_image","twitter_creator":"@marochallenge","twitter_site":"@marochallenge","twitter_misc":{"Escrito por":"Rui Caba\u00e7o","Tempo estimado de leitura":"3 minutos"},"schema":{"@context":"https:\/\/schema.org","@graph":[{"@type":"Article","@id":"https:\/\/www.marocchallenge.com\/pt-pt\/a-24-a-edicao-da-maroc-challenge-bate-o-recorde-de-participacao\/#article","isPartOf":{"@id":"https:\/\/www.marocchallenge.com\/pt-pt\/a-24-a-edicao-da-maroc-challenge-bate-o-recorde-de-participacao\/"},"author":{"name":"Rui Caba\u00e7o","@id":"https:\/\/www.marocchallenge.com\/pt-pt\/#\/schema\/person\/298a597a188b0019416217b2301b9e10"},"headline":"A 24.\u00aa EDI\u00c7\u00c3O DA MAROC CHALLENGE BATE O RECORDE DE PARTICIPA\u00c7\u00c3O","datePublished":"2025-11-28T08:41:43+00:00","dateModified":"2025-11-28T08:59:02+00:00","mainEntityOfPage":{"@id":"https:\/\/www.marocchallenge.com\/pt-pt\/a-24-a-edicao-da-maroc-challenge-bate-o-recorde-de-participacao\/"},"wordCount":447,"publisher":{"@id":"https:\/\/www.marocchallenge.com\/pt-pt\/#organization"},"image":{"@id":"https:\/\/www.marocchallenge.com\/pt-pt\/a-24-a-edicao-da-maroc-challenge-bate-o-recorde-de-participacao\/#primaryimage"},"thumbnailUrl":"https:\/\/www.marocchallenge.com\/wp-content\/uploads\/2025\/11\/Maroc-Challenge-28_11.png","articleSection":["Noticias"],"inLanguage":"pt-PT"},{"@type":"WebPage","@id":"https:\/\/www.marocchallenge.com\/pt-pt\/a-24-a-edicao-da-maroc-challenge-bate-o-recorde-de-participacao\/","url":"https:\/\/www.marocchallenge.com\/pt-pt\/a-24-a-edicao-da-maroc-challenge-bate-o-recorde-de-participacao\/","name":"A 24.\u00aa EDI\u00c7\u00c3O DA MAROC CHALLENGE BATE O RECORDE DE PARTICIPA\u00c7\u00c3O - Maroc Challenge","isPartOf":{"@id":"https:\/\/www.marocchallenge.com\/pt-pt\/#website"},"primaryImageOfPage":{"@id":"https:\/\/www.marocchallenge.com\/pt-pt\/a-24-a-edicao-da-maroc-challenge-bate-o-recorde-de-participacao\/#primaryimage"},"image":{"@id":"https:\/\/www.marocchallenge.com\/pt-pt\/a-24-a-edicao-da-maroc-challenge-bate-o-recorde-de-participacao\/#primaryimage"},"thumbnailUrl":"https:\/\/www.marocchallenge.com\/wp-content\/uploads\/2025\/11\/Maroc-Challenge-28_11.png","datePublished":"2025-11-28T08:41:43+00:00","dateModified":"2025-11-28T08:59:02+00:00","description":"Este fim de semana arranca em Er-Rachidia, a porta do deserto marroquino, a 24.\u00aa edi\u00e7\u00e3o da Maroc Challenge. As verifica\u00e7\u00f5es administrativas e t\u00e9cnicas ter\u00e3o lugar no s\u00e1bado e, no domingo, ser\u00e1 dada a partida oficial, com um recorde hist\u00f3rico de equipas inscritas.","breadcrumb":{"@id":"https:\/\/www.marocchallenge.com\/pt-pt\/a-24-a-edicao-da-maroc-challenge-bate-o-recorde-de-participacao\/#breadcrumb"},"inLanguage":"pt-PT","potentialAction":[{"@type":"ReadAction","target":["https:\/\/www.marocchallenge.com\/pt-pt\/a-24-a-edicao-da-maroc-challenge-bate-o-recorde-de-participacao\/"]}]},{"@type":"ImageObject","inLanguage":"pt-PT","@id":"https:\/\/www.marocchallenge.com\/pt-pt\/a-24-a-edicao-da-maroc-challenge-bate-o-recorde-de-participacao\/#primaryimage","url":"https:\/\/www.marocchallenge.com\/wp-content\/uploads\/2025\/11\/Maroc-Challenge-28_11.png","contentUrl":"https:\/\/www.marocchallenge.com\/wp-content\/uploads\/2025\/11\/Maroc-Challenge-28_11.png","width":1200,"height":675},{"@type":"BreadcrumbList","@id":"https:\/\/www.marocchallenge.com\/pt-pt\/a-24-a-edicao-da-maroc-challenge-bate-o-recorde-de-participacao\/#breadcrumb","itemListElement":[{"@type":"ListItem","position":1,"name":"Portada","item":"https:\/\/www.marocchallenge.com\/pt-pt\/"},{"@type":"ListItem","position":2,"name":"A 24.\u00aa EDI\u00c7\u00c3O DA MAROC CHALLENGE BATE O RECORDE DE PARTICIPA\u00c7\u00c3O"}]},{"@type":"WebSite","@id":"https:\/\/www.marocchallenge.com\/pt-pt\/#website","url":"https:\/\/www.marocchallenge.com\/pt-pt\/","name":"Maroc Challenge","description":"O Dakar dos anos 70 para os aventureiros de hoje","publisher":{"@id":"https:\/\/www.marocchallenge.com\/pt-pt\/#organization"},"potentialAction":[{"@type":"SearchAction","target":{"@type":"EntryPoint","urlTemplate":"https:\/\/www.marocchallenge.com\/pt-pt\/?s={search_term_string}"},"query-input":{"@type":"PropertyValueSpecification","valueRequired":true,"valueName":"search_term_string"}}],"inLanguage":"pt-PT"},{"@type":"Organization","@id":"https:\/\/www.marocchallenge.com\/pt-pt\/#organization","name":"Maroc Challenge - El Dakar de los 70's para los aventureros de hoy","url":"https:\/\/www.marocchallenge.com\/pt-pt\/","logo":{"@type":"ImageObject","inLanguage":"pt-PT","@id":"https:\/\/www.marocchallenge.com\/pt-pt\/#\/schema\/logo\/image\/","url":"https:\/\/www.marocchallenge.com\/wp-content\/uploads\/2020\/03\/Logo-Maroc_Challenge.png","contentUrl":"https:\/\/www.marocchallenge.com\/wp-content\/uploads\/2020\/03\/Logo-Maroc_Challenge.png","width":170,"height":96,"caption":"Maroc Challenge - El Dakar de los 70's para los aventureros de hoy"},"image":{"@id":"https:\/\/www.marocchallenge.com\/pt-pt\/#\/schema\/logo\/image\/"},"sameAs":["https:\/\/www.facebook.com\/MarocChallenge\/","https:\/\/x.com\/marochallenge","https:\/\/www.instagram.com\/marocchallenge\/","https:\/\/www.linkedin.com\/company\/maroc-challenge","https:\/\/www.youtube.com\/user\/MarocChallenge"]},{"@type":"Person","@id":"https:\/\/www.marocchallenge.com\/pt-pt\/#\/schema\/person\/298a597a188b0019416217b2301b9e10","name":"Rui Caba\u00e7o","image":{"@type":"ImageObject","inLanguage":"pt-PT","@id":"https:\/\/secure.gravatar.com\/avatar\/7ac3f434351cbd7875a5f064f6695a52ab4f6ffeb48c6bffb908c8e6f0e3bf73?s=96&d=mm&r=g","url":"https:\/\/secure.gravatar.com\/avatar\/7ac3f434351cbd7875a5f064f6695a52ab4f6ffeb48c6bffb908c8e6f0e3bf73?s=96&d=mm&r=g","contentUrl":"https:\/\/secure.gravatar.com\/avatar\/7ac3f434351cbd7875a5f064f6695a52ab4f6ffeb48c6bffb908c8e6f0e3bf73?s=96&d=mm&r=g","caption":"Rui Caba\u00e7o"}}]}},"_links":{"self":[{"href":"https:\/\/www.marocchallenge.com\/pt-pt\/wp-json\/wp\/v2\/posts\/23919","targetHints":{"allow":["GET"]}}],"collection":[{"href":"https:\/\/www.marocchallenge.com\/pt-pt\/wp-json\/wp\/v2\/posts"}],"about":[{"href":"https:\/\/www.marocchallenge.com\/pt-pt\/wp-json\/wp\/v2\/types\/post"}],"author":[{"embeddable":true,"href":"https:\/\/www.marocchallenge.com\/pt-pt\/wp-json\/wp\/v2\/users\/2"}],"replies":[{"embeddable":true,"href":"https:\/\/www.marocchallenge.com\/pt-pt\/wp-json\/wp\/v2\/comments?post=23919"}],"version-history":[{"count":2,"href":"https:\/\/www.marocchallenge.com\/pt-pt\/wp-json\/wp\/v2\/posts\/23919\/revisions"}],"predecessor-version":[{"id":23925,"href":"https:\/\/www.marocchallenge.com\/pt-pt\/wp-json\/wp\/v2\/posts\/23919\/revisions\/23925"}],"wp:featuredmedia":[{"embeddable":true,"href":"https:\/\/www.marocchallenge.com\/pt-pt\/wp-json\/wp\/v2\/media\/23913"}],"wp:attachment":[{"href":"https:\/\/www.marocchallenge.com\/pt-pt\/wp-json\/wp\/v2\/media?parent=23919"}],"wp:term":[{"taxonomy":"category","embeddable":true,"href":"https:\/\/www.marocchallenge.com\/pt-pt\/wp-json\/wp\/v2\/categories?post=23919"},{"taxonomy":"post_tag","embeddable":true,"href":"https:\/\/www.marocchallenge.com\/pt-pt\/wp-json\/wp\/v2\/tags?post=23919"}],"curies":[{"name":"wp","href":"https:\/\/api.w.org\/{rel}","templated":true}]}}