{"id":23948,"date":"2025-12-09T08:15:23","date_gmt":"2025-12-09T08:15:23","guid":{"rendered":"https:\/\/www.marocchallenge.com\/arena-y-dunas-para-una-maroc-challenge-de-record\/"},"modified":"2025-12-09T08:48:55","modified_gmt":"2025-12-09T08:48:55","slug":"areia-e-dunas-para-uma-maroc-challenge-de-recordes","status":"publish","type":"post","link":"https:\/\/www.marocchallenge.com\/pt-pt\/areia-e-dunas-para-uma-maroc-challenge-de-recordes\/","title":{"rendered":"AREIA E DUNAS PARA UMA MAROC CHALLENGE DE RECORDES"},"content":{"rendered":"<h2><img decoding=\"async\" class=\"alignnone wp-image-23936 size-full\" src=\"https:\/\/www.marocchallenge.com\/wp-content\/uploads\/2025\/12\/Maroc-Challenge-09_12.png\" alt=\"\" width=\"1200\" height=\"675\" srcset=\"https:\/\/www.marocchallenge.com\/wp-content\/uploads\/2025\/12\/Maroc-Challenge-09_12-200x113.png 200w, https:\/\/www.marocchallenge.com\/wp-content\/uploads\/2025\/12\/Maroc-Challenge-09_12-300x169.png 300w, https:\/\/www.marocchallenge.com\/wp-content\/uploads\/2025\/12\/Maroc-Challenge-09_12-400x225.png 400w, https:\/\/www.marocchallenge.com\/wp-content\/uploads\/2025\/12\/Maroc-Challenge-09_12-600x338.png 600w, https:\/\/www.marocchallenge.com\/wp-content\/uploads\/2025\/12\/Maroc-Challenge-09_12-768x432.png 768w, https:\/\/www.marocchallenge.com\/wp-content\/uploads\/2025\/12\/Maroc-Challenge-09_12-800x450.png 800w, https:\/\/www.marocchallenge.com\/wp-content\/uploads\/2025\/12\/Maroc-Challenge-09_12-1024x576.png 1024w, https:\/\/www.marocchallenge.com\/wp-content\/uploads\/2025\/12\/Maroc-Challenge-09_12.png 1200w\" sizes=\"(max-width: 1200px) 100vw, 1200px\" \/><\/h2>\n<h2>A 24.\u00aa edi\u00e7\u00e3o da Maroc Challenge, realizada de 29 de novembro a 5 de dezembro, com um percurso renovado, muita areia e seis etapas cheias de aventura, superou plenamente as expectativas.<\/h2>\n<p data-start=\"10768\" data-end=\"11132\">Os participantes, beneficiados por condi\u00e7\u00f5es meteorol\u00f3gicas mais amenas do que nas \u00faltimas edi\u00e7\u00f5es, enfrentaram um trajeto exigente, concebido com amplas zonas de areia e dunas.<\/p>\n<p data-start=\"11134\" data-end=\"11698\"><strong>Com 198 equipas inscritas provenientes de quinze pa\u00edses, a prova \u00e9 cada vez mais internacional e, ap\u00f3s 24 edi\u00e7\u00f5es, consolidou-se como um evento de refer\u00eancia<\/strong> entre as competi\u00e7\u00f5es automobil\u00edsticas amadoras organizadas em Marrocos. A aventura foi emocionante, espetacular e implac\u00e1vel, combinando diversos tipos de pistas com grandes extens\u00f5es de areia e dunas. Devido \u00e0 falta de chuva e ao calor dos \u00faltimos meses, o terreno encontrava-se particularmente dif\u00edcil, com areia extremamente solta e macia, exigindo m\u00e1xima aten\u00e7\u00e3o, sobretudo nas zonas de p\u00f3 e fesh-fesh.<\/p>\n<p data-start=\"11700\" data-end=\"11947\">O recorde de inscri\u00e7\u00f5es proporcionou um ambiente excecional e confirmou a sensa\u00e7\u00e3o de dever cumprido. Dos 198 ve\u00edculos que partiram nesta Winter 2025, <strong>135 conseguiram concluir a prova, que se revelou t\u00e3o dura e exigente quanto t\u00e9cnica e divertida<\/strong>.<\/p>\n<p data-start=\"11949\" data-end=\"12345\"><strong>Esta 24.\u00aa edi\u00e7\u00e3o voltou a ser uma experi\u00eancia memor\u00e1vel<\/strong>. A aventura come\u00e7ou em Er-Rachidia, onde, ap\u00f3s as verifica\u00e7\u00f5es, teve in\u00edcio a primeira etapa rumo a M\u2019Hamid, dando in\u00edcio a uma edi\u00e7\u00e3o espetacular que contou com finais de etapa em Zagora, Sidi Ali \u2014com a tradicional noite de bivouac\u2014 e Erfoud, localidade que acolheu a partida de duas etapas antes da conclus\u00e3o junto ao ic\u00f3nico Erg Chebbi.<\/p>\n<p data-start=\"12347\" data-end=\"13039\"><strong>Rui Caba\u00e7o, briefingman da Maroc Challenge, afirma que \u00abo balan\u00e7o da prova \u00e9 positivo. Tivemos uma grande participa\u00e7\u00e3o, uma grande diversidade de nacionalidades, uma variedade impressionante de ve\u00edculos, alguns deles muito curiosos\u00bb<\/strong>. Destaca ainda que \u00abos percursos est\u00e3o cada vez mais adaptados \u00e0s categorias e s\u00e3o preparados com maior detalhe, procurando varia\u00e7\u00f5es que melhor se ajustem ao terreno para garantir que todos se divirtam\u00bb. Por fim, em rela\u00e7\u00e3o ao futuro, acrescenta: \u00abPrometemos mais areia, e cumprimos, mas percebemos que ser\u00e1 necess\u00e1rio aumentar as zonas de dunas para os SSV. Necessitam de mais areia e mais dunas, e j\u00e1 estamos a trabalhar em solu\u00e7\u00f5es para a pr\u00f3xima edi\u00e7\u00e3o\u00bb.<\/p>\n<h3 data-start=\"13041\" data-end=\"13063\"><strong data-start=\"13045\" data-end=\"13063\">CLASSIFICA\u00c7\u00d5ES<\/strong><\/h3>\n<p data-start=\"13065\" data-end=\"13317\"><strong data-start=\"13065\" data-end=\"13090\">Adventure (Ligeiros):<\/strong><\/p>\n<p data-start=\"13065\" data-end=\"13317\">\u2022 Adventure C1: <em data-start=\"13109\" data-end=\"13122\">JORDIS TEAM<\/em> (Peugeot 205)<br data-start=\"13136\" data-end=\"13139\" \/>\u2022 Adventure C2: <em data-start=\"13155\" data-end=\"13170\">TEAM TOURAINE<\/em> (BMW 1602)<br data-start=\"13181\" data-end=\"13184\" \/>\u2022 Adventure C3: <em data-start=\"13200\" data-end=\"13222\">TEAM 2CV RTH &#8211; DD4\/4<\/em> (Citro\u00ebn 2CV 4&#215;4)<br data-start=\"13240\" data-end=\"13243\" \/>\u2022 Adventure C4: <em data-start=\"13259\" data-end=\"13300\">GORDITOS TEAM &amp; PILOTES PER UN SOMRIURE<\/em> (Subaru Impreza)<\/p>\n<p data-start=\"13319\" data-end=\"13497\"><strong data-start=\"13319\" data-end=\"13339\">Raid (Ligeiros):<\/strong><\/p>\n<p data-start=\"13319\" data-end=\"13497\">\u2022 C2 RAID: <em data-start=\"13353\" data-end=\"13372\">ON THE ROAD AGAIN<\/em> (BMW E28)<br data-start=\"13382\" data-end=\"13385\" \/>\u2022 CX2 PRO RAID: <em data-start=\"13401\" data-end=\"13435\">TEAM 2CV RTH &#8211; DEUGGY 001 PEGASE<\/em> (Citro\u00ebn 2CV)<br data-start=\"13449\" data-end=\"13452\" \/>\u2022 CX4 PRO RAID: <em data-start=\"13468\" data-end=\"13483\">TEAM MC QUEEN<\/em> (Porsche 964)<\/p>\n<p data-start=\"13499\" data-end=\"13806\"><strong data-start=\"13499\" data-end=\"13533\">Adventure TT (Todo-o-Terreno):<\/strong><\/p>\n<p data-start=\"13499\" data-end=\"13806\">\u2022 Adventure TT1: <em data-start=\"13553\" data-end=\"13573\">TEAM MAGIA MOTOR 1<\/em> (Suzuki Jimny)<br data-start=\"13588\" data-end=\"13591\" \/>\u2022 Adventure TT2: <em data-start=\"13608\" data-end=\"13626\">SOLER MOTORSPORT<\/em> (Jeep Wrangler)<br data-start=\"13642\" data-end=\"13645\" \/>\u2022 Adventure TT3: <em data-start=\"13662\" data-end=\"13675\">TRAIL DUNES<\/em> (Toyota Land Cruiser KDJ 155)<br data-start=\"13705\" data-end=\"13708\" \/>\u2022 Adventure Lite: <em data-start=\"13726\" data-end=\"13742\">BIG GREEN TEAM<\/em> (Toyota Land Cruiser)<br data-start=\"13764\" data-end=\"13767\" \/>\u2022 Adventure SUV: <em data-start=\"13784\" data-end=\"13792\">RODSAN<\/em> (Toyota RAV4)<\/p>\n<p data-start=\"13808\" data-end=\"13927\"><strong data-start=\"13808\" data-end=\"13826\">Raid TT &amp; SSV:<\/strong><\/p>\n<p data-start=\"13808\" data-end=\"13927\">\u2022 Raid TT: <em data-start=\"13840\" data-end=\"13856\">HOTEL SUR TEAM<\/em> (Mitsubishi Montero)<br data-start=\"13877\" data-end=\"13880\" \/>\u2022 SSV: <em data-start=\"13887\" data-end=\"13906\">FREEBUGGY1-JOANKI<\/em> (Can-Am Maverick X3)<\/p>\n<p data-start=\"13929\" data-end=\"14014\">Classifica\u00e7\u00f5es completas:<\/p>\n<p><a href=\"https:\/\/lb.suckmytrack.com\/maroc-challenge-we-2025\/generals\"><strong>https:\/\/lb.suckmytrack.com\/maroc-challenge-we-2025\/generals<\/strong><\/a><\/p>\n","protected":false},"excerpt":{"rendered":"<p>A 24.\u00aa edi\u00e7\u00e3o da Maroc Challenge, realizada de 29 de<\/p>\n","protected":false},"author":2,"featured_media":23940,"comment_status":"closed","ping_status":"closed","sticky":false,"template":"","format":"standard","meta":{"footnotes":""},"categories":[93],"tags":[],"class_list":["post-23948","post","type-post","status-publish","format-standard","has-post-thumbnail","hentry","category-noticias-pt-pt"],"yoast_head":"<!-- This site is optimized with the Yoast SEO plugin v27.4 - https:\/\/yoast.com\/product\/yoast-seo-wordpress\/ -->\n<title>AREIA E DUNAS PARA UMA MAROC CHALLENGE DE RECORDES - Maroc Challenge<\/title>\n<meta name=\"description\" content=\"A 24.\u00aa edi\u00e7\u00e3o da Maroc Challenge, realizada de 29 de novembro a 5 de dezembro, com um percurso renovado, muita areia e seis etapas cheias de aventura, superou plenamente as expectativas.\" \/>\n<meta name=\"robots\" content=\"index, follow, max-snippet:-1, max-image-preview:large, max-video-preview:-1\" \/>\n<link rel=\"canonical\" href=\"https:\/\/www.marocchallenge.com\/pt-pt\/areia-e-dunas-para-uma-maroc-challenge-de-recordes\/\" \/>\n<meta property=\"og:locale\" content=\"pt_PT\" \/>\n<meta property=\"og:type\" content=\"article\" \/>\n<meta property=\"og:title\" content=\"AREIA E DUNAS PARA UMA MAROC CHALLENGE DE RECORDES - Maroc Challenge\" \/>\n<meta property=\"og:description\" content=\"A 24.\u00aa edi\u00e7\u00e3o da Maroc Challenge, realizada de 29 de novembro a 5 de dezembro, com um percurso renovado, muita areia e seis etapas cheias de aventura, superou plenamente as expectativas.\" \/>\n<meta property=\"og:url\" content=\"https:\/\/www.marocchallenge.com\/pt-pt\/areia-e-dunas-para-uma-maroc-challenge-de-recordes\/\" \/>\n<meta property=\"og:site_name\" content=\"Maroc Challenge\" \/>\n<meta property=\"article:publisher\" content=\"https:\/\/www.facebook.com\/MarocChallenge\/\" \/>\n<meta property=\"article:published_time\" content=\"2025-12-09T08:15:23+00:00\" \/>\n<meta property=\"article:modified_time\" content=\"2025-12-09T08:48:55+00:00\" \/>\n<meta property=\"og:image\" content=\"https:\/\/www.marocchallenge.com\/wp-content\/uploads\/2025\/12\/Maroc-Challenge-09_12.png\" \/>\n\t<meta property=\"og:image:width\" content=\"1200\" \/>\n\t<meta property=\"og:image:height\" content=\"675\" \/>\n\t<meta property=\"og:image:type\" content=\"image\/png\" \/>\n<meta name=\"author\" content=\"Rui Caba\u00e7o\" \/>\n<meta name=\"twitter:card\" content=\"summary_large_image\" \/>\n<meta name=\"twitter:creator\" content=\"@marochallenge\" \/>\n<meta name=\"twitter:site\" content=\"@marochallenge\" \/>\n<meta name=\"twitter:label1\" content=\"Escrito por\" \/>\n\t<meta name=\"twitter:data1\" content=\"Rui Caba\u00e7o\" \/>\n\t<meta name=\"twitter:label2\" content=\"Tempo estimado de leitura\" \/>\n\t<meta name=\"twitter:data2\" content=\"4 minutos\" \/>\n<script type=\"application\/ld+json\" class=\"yoast-schema-graph\">{\"@context\":\"https:\\\/\\\/schema.org\",\"@graph\":[{\"@type\":\"Article\",\"@id\":\"https:\\\/\\\/www.marocchallenge.com\\\/pt-pt\\\/areia-e-dunas-para-uma-maroc-challenge-de-recordes\\\/#article\",\"isPartOf\":{\"@id\":\"https:\\\/\\\/www.marocchallenge.com\\\/pt-pt\\\/areia-e-dunas-para-uma-maroc-challenge-de-recordes\\\/\"},\"author\":{\"name\":\"Rui Caba\u00e7o\",\"@id\":\"https:\\\/\\\/www.marocchallenge.com\\\/pt-pt\\\/#\\\/schema\\\/person\\\/298a597a188b0019416217b2301b9e10\"},\"headline\":\"AREIA E DUNAS PARA UMA MAROC CHALLENGE DE RECORDES\",\"datePublished\":\"2025-12-09T08:15:23+00:00\",\"dateModified\":\"2025-12-09T08:48:55+00:00\",\"mainEntityOfPage\":{\"@id\":\"https:\\\/\\\/www.marocchallenge.com\\\/pt-pt\\\/areia-e-dunas-para-uma-maroc-challenge-de-recordes\\\/\"},\"wordCount\":521,\"publisher\":{\"@id\":\"https:\\\/\\\/www.marocchallenge.com\\\/pt-pt\\\/#organization\"},\"image\":{\"@id\":\"https:\\\/\\\/www.marocchallenge.com\\\/pt-pt\\\/areia-e-dunas-para-uma-maroc-challenge-de-recordes\\\/#primaryimage\"},\"thumbnailUrl\":\"https:\\\/\\\/www.marocchallenge.com\\\/wp-content\\\/uploads\\\/2025\\\/12\\\/Maroc-Challenge-09_12.png\",\"articleSection\":[\"Noticias\"],\"inLanguage\":\"pt-PT\"},{\"@type\":\"WebPage\",\"@id\":\"https:\\\/\\\/www.marocchallenge.com\\\/pt-pt\\\/areia-e-dunas-para-uma-maroc-challenge-de-recordes\\\/\",\"url\":\"https:\\\/\\\/www.marocchallenge.com\\\/pt-pt\\\/areia-e-dunas-para-uma-maroc-challenge-de-recordes\\\/\",\"name\":\"AREIA E DUNAS PARA UMA MAROC CHALLENGE DE RECORDES - Maroc Challenge\",\"isPartOf\":{\"@id\":\"https:\\\/\\\/www.marocchallenge.com\\\/pt-pt\\\/#website\"},\"primaryImageOfPage\":{\"@id\":\"https:\\\/\\\/www.marocchallenge.com\\\/pt-pt\\\/areia-e-dunas-para-uma-maroc-challenge-de-recordes\\\/#primaryimage\"},\"image\":{\"@id\":\"https:\\\/\\\/www.marocchallenge.com\\\/pt-pt\\\/areia-e-dunas-para-uma-maroc-challenge-de-recordes\\\/#primaryimage\"},\"thumbnailUrl\":\"https:\\\/\\\/www.marocchallenge.com\\\/wp-content\\\/uploads\\\/2025\\\/12\\\/Maroc-Challenge-09_12.png\",\"datePublished\":\"2025-12-09T08:15:23+00:00\",\"dateModified\":\"2025-12-09T08:48:55+00:00\",\"description\":\"A 24.\u00aa edi\u00e7\u00e3o da Maroc Challenge, realizada de 29 de novembro a 5 de dezembro, com um percurso renovado, muita areia e seis etapas cheias de aventura, superou plenamente as expectativas.\",\"breadcrumb\":{\"@id\":\"https:\\\/\\\/www.marocchallenge.com\\\/pt-pt\\\/areia-e-dunas-para-uma-maroc-challenge-de-recordes\\\/#breadcrumb\"},\"inLanguage\":\"pt-PT\",\"potentialAction\":[{\"@type\":\"ReadAction\",\"target\":[\"https:\\\/\\\/www.marocchallenge.com\\\/pt-pt\\\/areia-e-dunas-para-uma-maroc-challenge-de-recordes\\\/\"]}]},{\"@type\":\"ImageObject\",\"inLanguage\":\"pt-PT\",\"@id\":\"https:\\\/\\\/www.marocchallenge.com\\\/pt-pt\\\/areia-e-dunas-para-uma-maroc-challenge-de-recordes\\\/#primaryimage\",\"url\":\"https:\\\/\\\/www.marocchallenge.com\\\/wp-content\\\/uploads\\\/2025\\\/12\\\/Maroc-Challenge-09_12.png\",\"contentUrl\":\"https:\\\/\\\/www.marocchallenge.com\\\/wp-content\\\/uploads\\\/2025\\\/12\\\/Maroc-Challenge-09_12.png\",\"width\":1200,\"height\":675},{\"@type\":\"BreadcrumbList\",\"@id\":\"https:\\\/\\\/www.marocchallenge.com\\\/pt-pt\\\/areia-e-dunas-para-uma-maroc-challenge-de-recordes\\\/#breadcrumb\",\"itemListElement\":[{\"@type\":\"ListItem\",\"position\":1,\"name\":\"Portada\",\"item\":\"https:\\\/\\\/www.marocchallenge.com\\\/pt-pt\\\/\"},{\"@type\":\"ListItem\",\"position\":2,\"name\":\"AREIA E DUNAS PARA UMA MAROC CHALLENGE DE RECORDES\"}]},{\"@type\":\"WebSite\",\"@id\":\"https:\\\/\\\/www.marocchallenge.com\\\/pt-pt\\\/#website\",\"url\":\"https:\\\/\\\/www.marocchallenge.com\\\/pt-pt\\\/\",\"name\":\"Maroc Challenge\",\"description\":\"O Dakar dos anos 70 para os aventureiros de hoje\",\"publisher\":{\"@id\":\"https:\\\/\\\/www.marocchallenge.com\\\/pt-pt\\\/#organization\"},\"potentialAction\":[{\"@type\":\"SearchAction\",\"target\":{\"@type\":\"EntryPoint\",\"urlTemplate\":\"https:\\\/\\\/www.marocchallenge.com\\\/pt-pt\\\/?s={search_term_string}\"},\"query-input\":{\"@type\":\"PropertyValueSpecification\",\"valueRequired\":true,\"valueName\":\"search_term_string\"}}],\"inLanguage\":\"pt-PT\"},{\"@type\":\"Organization\",\"@id\":\"https:\\\/\\\/www.marocchallenge.com\\\/pt-pt\\\/#organization\",\"name\":\"Maroc Challenge - El Dakar de los 70's para los aventureros de hoy\",\"url\":\"https:\\\/\\\/www.marocchallenge.com\\\/pt-pt\\\/\",\"logo\":{\"@type\":\"ImageObject\",\"inLanguage\":\"pt-PT\",\"@id\":\"https:\\\/\\\/www.marocchallenge.com\\\/pt-pt\\\/#\\\/schema\\\/logo\\\/image\\\/\",\"url\":\"https:\\\/\\\/www.marocchallenge.com\\\/wp-content\\\/uploads\\\/2020\\\/03\\\/Logo-Maroc_Challenge.png\",\"contentUrl\":\"https:\\\/\\\/www.marocchallenge.com\\\/wp-content\\\/uploads\\\/2020\\\/03\\\/Logo-Maroc_Challenge.png\",\"width\":170,\"height\":96,\"caption\":\"Maroc Challenge - El Dakar de los 70's para los aventureros de hoy\"},\"image\":{\"@id\":\"https:\\\/\\\/www.marocchallenge.com\\\/pt-pt\\\/#\\\/schema\\\/logo\\\/image\\\/\"},\"sameAs\":[\"https:\\\/\\\/www.facebook.com\\\/MarocChallenge\\\/\",\"https:\\\/\\\/x.com\\\/marochallenge\",\"https:\\\/\\\/www.instagram.com\\\/marocchallenge\\\/\",\"https:\\\/\\\/www.linkedin.com\\\/company\\\/maroc-challenge\",\"https:\\\/\\\/www.youtube.com\\\/user\\\/MarocChallenge\"]},{\"@type\":\"Person\",\"@id\":\"https:\\\/\\\/www.marocchallenge.com\\\/pt-pt\\\/#\\\/schema\\\/person\\\/298a597a188b0019416217b2301b9e10\",\"name\":\"Rui Caba\u00e7o\",\"image\":{\"@type\":\"ImageObject\",\"inLanguage\":\"pt-PT\",\"@id\":\"https:\\\/\\\/secure.gravatar.com\\\/avatar\\\/7ac3f434351cbd7875a5f064f6695a52ab4f6ffeb48c6bffb908c8e6f0e3bf73?s=96&d=mm&r=g\",\"url\":\"https:\\\/\\\/secure.gravatar.com\\\/avatar\\\/7ac3f434351cbd7875a5f064f6695a52ab4f6ffeb48c6bffb908c8e6f0e3bf73?s=96&d=mm&r=g\",\"contentUrl\":\"https:\\\/\\\/secure.gravatar.com\\\/avatar\\\/7ac3f434351cbd7875a5f064f6695a52ab4f6ffeb48c6bffb908c8e6f0e3bf73?s=96&d=mm&r=g\",\"caption\":\"Rui Caba\u00e7o\"}}]}<\/script>\n<!-- \/ Yoast SEO plugin. -->","yoast_head_json":{"title":"AREIA E DUNAS PARA UMA MAROC CHALLENGE DE RECORDES - Maroc Challenge","description":"A 24.\u00aa edi\u00e7\u00e3o da Maroc Challenge, realizada de 29 de novembro a 5 de dezembro, com um percurso renovado, muita areia e seis etapas cheias de aventura, superou plenamente as expectativas.","robots":{"index":"index","follow":"follow","max-snippet":"max-snippet:-1","max-image-preview":"max-image-preview:large","max-video-preview":"max-video-preview:-1"},"canonical":"https:\/\/www.marocchallenge.com\/pt-pt\/areia-e-dunas-para-uma-maroc-challenge-de-recordes\/","og_locale":"pt_PT","og_type":"article","og_title":"AREIA E DUNAS PARA UMA MAROC CHALLENGE DE RECORDES - Maroc Challenge","og_description":"A 24.\u00aa edi\u00e7\u00e3o da Maroc Challenge, realizada de 29 de novembro a 5 de dezembro, com um percurso renovado, muita areia e seis etapas cheias de aventura, superou plenamente as expectativas.","og_url":"https:\/\/www.marocchallenge.com\/pt-pt\/areia-e-dunas-para-uma-maroc-challenge-de-recordes\/","og_site_name":"Maroc Challenge","article_publisher":"https:\/\/www.facebook.com\/MarocChallenge\/","article_published_time":"2025-12-09T08:15:23+00:00","article_modified_time":"2025-12-09T08:48:55+00:00","og_image":[{"width":1200,"height":675,"url":"https:\/\/www.marocchallenge.com\/wp-content\/uploads\/2025\/12\/Maroc-Challenge-09_12.png","type":"image\/png"}],"author":"Rui Caba\u00e7o","twitter_card":"summary_large_image","twitter_creator":"@marochallenge","twitter_site":"@marochallenge","twitter_misc":{"Escrito por":"Rui Caba\u00e7o","Tempo estimado de leitura":"4 minutos"},"schema":{"@context":"https:\/\/schema.org","@graph":[{"@type":"Article","@id":"https:\/\/www.marocchallenge.com\/pt-pt\/areia-e-dunas-para-uma-maroc-challenge-de-recordes\/#article","isPartOf":{"@id":"https:\/\/www.marocchallenge.com\/pt-pt\/areia-e-dunas-para-uma-maroc-challenge-de-recordes\/"},"author":{"name":"Rui Caba\u00e7o","@id":"https:\/\/www.marocchallenge.com\/pt-pt\/#\/schema\/person\/298a597a188b0019416217b2301b9e10"},"headline":"AREIA E DUNAS PARA UMA MAROC CHALLENGE DE RECORDES","datePublished":"2025-12-09T08:15:23+00:00","dateModified":"2025-12-09T08:48:55+00:00","mainEntityOfPage":{"@id":"https:\/\/www.marocchallenge.com\/pt-pt\/areia-e-dunas-para-uma-maroc-challenge-de-recordes\/"},"wordCount":521,"publisher":{"@id":"https:\/\/www.marocchallenge.com\/pt-pt\/#organization"},"image":{"@id":"https:\/\/www.marocchallenge.com\/pt-pt\/areia-e-dunas-para-uma-maroc-challenge-de-recordes\/#primaryimage"},"thumbnailUrl":"https:\/\/www.marocchallenge.com\/wp-content\/uploads\/2025\/12\/Maroc-Challenge-09_12.png","articleSection":["Noticias"],"inLanguage":"pt-PT"},{"@type":"WebPage","@id":"https:\/\/www.marocchallenge.com\/pt-pt\/areia-e-dunas-para-uma-maroc-challenge-de-recordes\/","url":"https:\/\/www.marocchallenge.com\/pt-pt\/areia-e-dunas-para-uma-maroc-challenge-de-recordes\/","name":"AREIA E DUNAS PARA UMA MAROC CHALLENGE DE RECORDES - Maroc Challenge","isPartOf":{"@id":"https:\/\/www.marocchallenge.com\/pt-pt\/#website"},"primaryImageOfPage":{"@id":"https:\/\/www.marocchallenge.com\/pt-pt\/areia-e-dunas-para-uma-maroc-challenge-de-recordes\/#primaryimage"},"image":{"@id":"https:\/\/www.marocchallenge.com\/pt-pt\/areia-e-dunas-para-uma-maroc-challenge-de-recordes\/#primaryimage"},"thumbnailUrl":"https:\/\/www.marocchallenge.com\/wp-content\/uploads\/2025\/12\/Maroc-Challenge-09_12.png","datePublished":"2025-12-09T08:15:23+00:00","dateModified":"2025-12-09T08:48:55+00:00","description":"A 24.\u00aa edi\u00e7\u00e3o da Maroc Challenge, realizada de 29 de novembro a 5 de dezembro, com um percurso renovado, muita areia e seis etapas cheias de aventura, superou plenamente as expectativas.","breadcrumb":{"@id":"https:\/\/www.marocchallenge.com\/pt-pt\/areia-e-dunas-para-uma-maroc-challenge-de-recordes\/#breadcrumb"},"inLanguage":"pt-PT","potentialAction":[{"@type":"ReadAction","target":["https:\/\/www.marocchallenge.com\/pt-pt\/areia-e-dunas-para-uma-maroc-challenge-de-recordes\/"]}]},{"@type":"ImageObject","inLanguage":"pt-PT","@id":"https:\/\/www.marocchallenge.com\/pt-pt\/areia-e-dunas-para-uma-maroc-challenge-de-recordes\/#primaryimage","url":"https:\/\/www.marocchallenge.com\/wp-content\/uploads\/2025\/12\/Maroc-Challenge-09_12.png","contentUrl":"https:\/\/www.marocchallenge.com\/wp-content\/uploads\/2025\/12\/Maroc-Challenge-09_12.png","width":1200,"height":675},{"@type":"BreadcrumbList","@id":"https:\/\/www.marocchallenge.com\/pt-pt\/areia-e-dunas-para-uma-maroc-challenge-de-recordes\/#breadcrumb","itemListElement":[{"@type":"ListItem","position":1,"name":"Portada","item":"https:\/\/www.marocchallenge.com\/pt-pt\/"},{"@type":"ListItem","position":2,"name":"AREIA E DUNAS PARA UMA MAROC CHALLENGE DE RECORDES"}]},{"@type":"WebSite","@id":"https:\/\/www.marocchallenge.com\/pt-pt\/#website","url":"https:\/\/www.marocchallenge.com\/pt-pt\/","name":"Maroc Challenge","description":"O Dakar dos anos 70 para os aventureiros de hoje","publisher":{"@id":"https:\/\/www.marocchallenge.com\/pt-pt\/#organization"},"potentialAction":[{"@type":"SearchAction","target":{"@type":"EntryPoint","urlTemplate":"https:\/\/www.marocchallenge.com\/pt-pt\/?s={search_term_string}"},"query-input":{"@type":"PropertyValueSpecification","valueRequired":true,"valueName":"search_term_string"}}],"inLanguage":"pt-PT"},{"@type":"Organization","@id":"https:\/\/www.marocchallenge.com\/pt-pt\/#organization","name":"Maroc Challenge - El Dakar de los 70's para los aventureros de hoy","url":"https:\/\/www.marocchallenge.com\/pt-pt\/","logo":{"@type":"ImageObject","inLanguage":"pt-PT","@id":"https:\/\/www.marocchallenge.com\/pt-pt\/#\/schema\/logo\/image\/","url":"https:\/\/www.marocchallenge.com\/wp-content\/uploads\/2020\/03\/Logo-Maroc_Challenge.png","contentUrl":"https:\/\/www.marocchallenge.com\/wp-content\/uploads\/2020\/03\/Logo-Maroc_Challenge.png","width":170,"height":96,"caption":"Maroc Challenge - El Dakar de los 70's para los aventureros de hoy"},"image":{"@id":"https:\/\/www.marocchallenge.com\/pt-pt\/#\/schema\/logo\/image\/"},"sameAs":["https:\/\/www.facebook.com\/MarocChallenge\/","https:\/\/x.com\/marochallenge","https:\/\/www.instagram.com\/marocchallenge\/","https:\/\/www.linkedin.com\/company\/maroc-challenge","https:\/\/www.youtube.com\/user\/MarocChallenge"]},{"@type":"Person","@id":"https:\/\/www.marocchallenge.com\/pt-pt\/#\/schema\/person\/298a597a188b0019416217b2301b9e10","name":"Rui Caba\u00e7o","image":{"@type":"ImageObject","inLanguage":"pt-PT","@id":"https:\/\/secure.gravatar.com\/avatar\/7ac3f434351cbd7875a5f064f6695a52ab4f6ffeb48c6bffb908c8e6f0e3bf73?s=96&d=mm&r=g","url":"https:\/\/secure.gravatar.com\/avatar\/7ac3f434351cbd7875a5f064f6695a52ab4f6ffeb48c6bffb908c8e6f0e3bf73?s=96&d=mm&r=g","contentUrl":"https:\/\/secure.gravatar.com\/avatar\/7ac3f434351cbd7875a5f064f6695a52ab4f6ffeb48c6bffb908c8e6f0e3bf73?s=96&d=mm&r=g","caption":"Rui Caba\u00e7o"}}]}},"_links":{"self":[{"href":"https:\/\/www.marocchallenge.com\/pt-pt\/wp-json\/wp\/v2\/posts\/23948","targetHints":{"allow":["GET"]}}],"collection":[{"href":"https:\/\/www.marocchallenge.com\/pt-pt\/wp-json\/wp\/v2\/posts"}],"about":[{"href":"https:\/\/www.marocchallenge.com\/pt-pt\/wp-json\/wp\/v2\/types\/post"}],"author":[{"embeddable":true,"href":"https:\/\/www.marocchallenge.com\/pt-pt\/wp-json\/wp\/v2\/users\/2"}],"replies":[{"embeddable":true,"href":"https:\/\/www.marocchallenge.com\/pt-pt\/wp-json\/wp\/v2\/comments?post=23948"}],"version-history":[{"count":3,"href":"https:\/\/www.marocchallenge.com\/pt-pt\/wp-json\/wp\/v2\/posts\/23948\/revisions"}],"predecessor-version":[{"id":23960,"href":"https:\/\/www.marocchallenge.com\/pt-pt\/wp-json\/wp\/v2\/posts\/23948\/revisions\/23960"}],"wp:featuredmedia":[{"embeddable":true,"href":"https:\/\/www.marocchallenge.com\/pt-pt\/wp-json\/wp\/v2\/media\/23940"}],"wp:attachment":[{"href":"https:\/\/www.marocchallenge.com\/pt-pt\/wp-json\/wp\/v2\/media?parent=23948"}],"wp:term":[{"taxonomy":"category","embeddable":true,"href":"https:\/\/www.marocchallenge.com\/pt-pt\/wp-json\/wp\/v2\/categories?post=23948"},{"taxonomy":"post_tag","embeddable":true,"href":"https:\/\/www.marocchallenge.com\/pt-pt\/wp-json\/wp\/v2\/tags?post=23948"}],"curies":[{"name":"wp","href":"https:\/\/api.w.org\/{rel}","templated":true}]}}