{"id":24000,"date":"2025-12-11T06:21:14","date_gmt":"2025-12-11T06:21:14","guid":{"rendered":"https:\/\/www.marocchallenge.com\/spring-2026-abrimos-inscripciones-el-15-de-diciembre\/"},"modified":"2025-12-11T06:40:13","modified_gmt":"2025-12-11T06:40:13","slug":"spring-2026-abrimos-inscricoes-a-15-de-dezembro","status":"publish","type":"post","link":"https:\/\/www.marocchallenge.com\/pt-pt\/spring-2026-abrimos-inscricoes-a-15-de-dezembro\/","title":{"rendered":"SPRING 2026: ABRIMOS INSCRI\u00c7\u00d5ES A 15 DE DEZEMBRO!"},"content":{"rendered":"<h2><img decoding=\"async\" class=\"alignnone wp-image-23991 size-full\" src=\"https:\/\/www.marocchallenge.com\/wp-content\/uploads\/2025\/12\/MarocChallenge-11-12.png\" alt=\"\" width=\"1200\" height=\"675\" srcset=\"https:\/\/www.marocchallenge.com\/wp-content\/uploads\/2025\/12\/MarocChallenge-11-12-200x113.png 200w, https:\/\/www.marocchallenge.com\/wp-content\/uploads\/2025\/12\/MarocChallenge-11-12-300x169.png 300w, https:\/\/www.marocchallenge.com\/wp-content\/uploads\/2025\/12\/MarocChallenge-11-12-400x225.png 400w, https:\/\/www.marocchallenge.com\/wp-content\/uploads\/2025\/12\/MarocChallenge-11-12-600x338.png 600w, https:\/\/www.marocchallenge.com\/wp-content\/uploads\/2025\/12\/MarocChallenge-11-12-768x432.png 768w, https:\/\/www.marocchallenge.com\/wp-content\/uploads\/2025\/12\/MarocChallenge-11-12-800x450.png 800w, https:\/\/www.marocchallenge.com\/wp-content\/uploads\/2025\/12\/MarocChallenge-11-12-1024x576.png 1024w, https:\/\/www.marocchallenge.com\/wp-content\/uploads\/2025\/12\/MarocChallenge-11-12.png 1200w\" sizes=\"(max-width: 1200px) 100vw, 1200px\" \/><\/h2>\n<h2>As inscri\u00e7\u00f5es para a pr\u00f3xima edi\u00e7\u00e3o da Maroc Challenge abrir\u00e3o no dia 15 de dezembro. Os primeiros detalhes da Spring 2026, que se realizar\u00e1 de 27 de mar\u00e7o a 4 de abril, ser\u00e3o apresentados nas pr\u00f3ximas semanas.<\/h2>\n<p>Acab\u00e1mos de regressar de Marrocos e estamos j\u00e1 a <strong>finalizar o programa provis\u00f3rio, que iremos revelar muito em breve. Ser\u00e1 repleto de desafios, com muita areia e dunas<\/strong>, e com a ambi\u00e7\u00e3o de nos consolidarmos como uma das provas amadoras de refer\u00eancia realizadas em Marrocos.<\/p>\n<p><strong>Se n\u00e3o querem perder esta experi\u00eancia apaixonante, j\u00e1 podem reservar as datas de 27 de mar\u00e7o a 4 de abril e partilh\u00e1-las com os vossos amigos<\/strong>: ser\u00e1 o ponto de encontro desta nova aventura da Maroc Challenge, uma 25.\u00aa edi\u00e7\u00e3o muito especial e cheia de novidades.<\/p>\n<p>A partir de 15 de dezembro, poder\u00e3o consultar no nosso site todos os detalhes relativos \u00e0s inscri\u00e7\u00f5es e os per\u00edodos definidos para aceder \u00e0s tarifas mais econ\u00f3micas.<\/p>\n","protected":false},"excerpt":{"rendered":"<p>As inscri\u00e7\u00f5es para a pr\u00f3xima edi\u00e7\u00e3o da Maroc Challenge abrir\u00e3o<\/p>\n","protected":false},"author":2,"featured_media":23995,"comment_status":"closed","ping_status":"closed","sticky":false,"template":"","format":"standard","meta":{"footnotes":""},"categories":[93],"tags":[],"class_list":["post-24000","post","type-post","status-publish","format-standard","has-post-thumbnail","hentry","category-noticias-pt-pt"],"yoast_head":"<!-- This site is optimized with the Yoast SEO plugin v27.4 - https:\/\/yoast.com\/product\/yoast-seo-wordpress\/ -->\n<title>SPRING 2026: ABRIMOS INSCRI\u00c7\u00d5ES A 15 DE DEZEMBRO! - Maroc Challenge<\/title>\n<meta name=\"description\" content=\"As inscri\u00e7\u00f5es para a pr\u00f3xima edi\u00e7\u00e3o da Maroc Challenge abrir\u00e3o no dia 15 de dezembro. Os primeiros detalhes da Spring 2026, que se realizar\u00e1 de 27 de mar\u00e7o a 4 de abril, ser\u00e3o apresentados nas pr\u00f3ximas semanas.\" \/>\n<meta name=\"robots\" content=\"index, follow, max-snippet:-1, max-image-preview:large, max-video-preview:-1\" \/>\n<link rel=\"canonical\" href=\"https:\/\/www.marocchallenge.com\/pt-pt\/spring-2026-abrimos-inscricoes-a-15-de-dezembro\/\" \/>\n<meta property=\"og:locale\" content=\"pt_PT\" \/>\n<meta property=\"og:type\" content=\"article\" \/>\n<meta property=\"og:title\" content=\"SPRING 2026: ABRIMOS INSCRI\u00c7\u00d5ES A 15 DE DEZEMBRO! - Maroc Challenge\" \/>\n<meta property=\"og:description\" content=\"As inscri\u00e7\u00f5es para a pr\u00f3xima edi\u00e7\u00e3o da Maroc Challenge abrir\u00e3o no dia 15 de dezembro. Os primeiros detalhes da Spring 2026, que se realizar\u00e1 de 27 de mar\u00e7o a 4 de abril, ser\u00e3o apresentados nas pr\u00f3ximas semanas.\" \/>\n<meta property=\"og:url\" content=\"https:\/\/www.marocchallenge.com\/pt-pt\/spring-2026-abrimos-inscricoes-a-15-de-dezembro\/\" \/>\n<meta property=\"og:site_name\" content=\"Maroc Challenge\" \/>\n<meta property=\"article:publisher\" content=\"https:\/\/www.facebook.com\/MarocChallenge\/\" \/>\n<meta property=\"article:published_time\" content=\"2025-12-11T06:21:14+00:00\" \/>\n<meta property=\"article:modified_time\" content=\"2025-12-11T06:40:13+00:00\" \/>\n<meta property=\"og:image\" content=\"https:\/\/www.marocchallenge.com\/wp-content\/uploads\/2025\/12\/MarocChallenge-11-12.png\" \/>\n\t<meta property=\"og:image:width\" content=\"1200\" \/>\n\t<meta property=\"og:image:height\" content=\"675\" \/>\n\t<meta property=\"og:image:type\" content=\"image\/png\" \/>\n<meta name=\"author\" content=\"Rui Caba\u00e7o\" \/>\n<meta name=\"twitter:card\" content=\"summary_large_image\" \/>\n<meta name=\"twitter:creator\" content=\"@marochallenge\" \/>\n<meta name=\"twitter:site\" content=\"@marochallenge\" \/>\n<meta name=\"twitter:label1\" content=\"Escrito por\" \/>\n\t<meta name=\"twitter:data1\" content=\"Rui Caba\u00e7o\" \/>\n\t<meta name=\"twitter:label2\" content=\"Tempo estimado de leitura\" \/>\n\t<meta name=\"twitter:data2\" content=\"2 minutos\" \/>\n<script type=\"application\/ld+json\" class=\"yoast-schema-graph\">{\"@context\":\"https:\\\/\\\/schema.org\",\"@graph\":[{\"@type\":\"Article\",\"@id\":\"https:\\\/\\\/www.marocchallenge.com\\\/pt-pt\\\/spring-2026-abrimos-inscricoes-a-15-de-dezembro\\\/#article\",\"isPartOf\":{\"@id\":\"https:\\\/\\\/www.marocchallenge.com\\\/pt-pt\\\/spring-2026-abrimos-inscricoes-a-15-de-dezembro\\\/\"},\"author\":{\"name\":\"Rui Caba\u00e7o\",\"@id\":\"https:\\\/\\\/www.marocchallenge.com\\\/pt-pt\\\/#\\\/schema\\\/person\\\/298a597a188b0019416217b2301b9e10\"},\"headline\":\"SPRING 2026: ABRIMOS INSCRI\u00c7\u00d5ES A 15 DE DEZEMBRO!\",\"datePublished\":\"2025-12-11T06:21:14+00:00\",\"dateModified\":\"2025-12-11T06:40:13+00:00\",\"mainEntityOfPage\":{\"@id\":\"https:\\\/\\\/www.marocchallenge.com\\\/pt-pt\\\/spring-2026-abrimos-inscricoes-a-15-de-dezembro\\\/\"},\"wordCount\":174,\"publisher\":{\"@id\":\"https:\\\/\\\/www.marocchallenge.com\\\/pt-pt\\\/#organization\"},\"image\":{\"@id\":\"https:\\\/\\\/www.marocchallenge.com\\\/pt-pt\\\/spring-2026-abrimos-inscricoes-a-15-de-dezembro\\\/#primaryimage\"},\"thumbnailUrl\":\"https:\\\/\\\/www.marocchallenge.com\\\/wp-content\\\/uploads\\\/2025\\\/12\\\/MarocChallenge-11-12.png\",\"articleSection\":[\"Noticias\"],\"inLanguage\":\"pt-PT\"},{\"@type\":\"WebPage\",\"@id\":\"https:\\\/\\\/www.marocchallenge.com\\\/pt-pt\\\/spring-2026-abrimos-inscricoes-a-15-de-dezembro\\\/\",\"url\":\"https:\\\/\\\/www.marocchallenge.com\\\/pt-pt\\\/spring-2026-abrimos-inscricoes-a-15-de-dezembro\\\/\",\"name\":\"SPRING 2026: ABRIMOS INSCRI\u00c7\u00d5ES A 15 DE DEZEMBRO! - Maroc Challenge\",\"isPartOf\":{\"@id\":\"https:\\\/\\\/www.marocchallenge.com\\\/pt-pt\\\/#website\"},\"primaryImageOfPage\":{\"@id\":\"https:\\\/\\\/www.marocchallenge.com\\\/pt-pt\\\/spring-2026-abrimos-inscricoes-a-15-de-dezembro\\\/#primaryimage\"},\"image\":{\"@id\":\"https:\\\/\\\/www.marocchallenge.com\\\/pt-pt\\\/spring-2026-abrimos-inscricoes-a-15-de-dezembro\\\/#primaryimage\"},\"thumbnailUrl\":\"https:\\\/\\\/www.marocchallenge.com\\\/wp-content\\\/uploads\\\/2025\\\/12\\\/MarocChallenge-11-12.png\",\"datePublished\":\"2025-12-11T06:21:14+00:00\",\"dateModified\":\"2025-12-11T06:40:13+00:00\",\"description\":\"As inscri\u00e7\u00f5es para a pr\u00f3xima edi\u00e7\u00e3o da Maroc Challenge abrir\u00e3o no dia 15 de dezembro. Os primeiros detalhes da Spring 2026, que se realizar\u00e1 de 27 de mar\u00e7o a 4 de abril, ser\u00e3o apresentados nas pr\u00f3ximas semanas.\",\"breadcrumb\":{\"@id\":\"https:\\\/\\\/www.marocchallenge.com\\\/pt-pt\\\/spring-2026-abrimos-inscricoes-a-15-de-dezembro\\\/#breadcrumb\"},\"inLanguage\":\"pt-PT\",\"potentialAction\":[{\"@type\":\"ReadAction\",\"target\":[\"https:\\\/\\\/www.marocchallenge.com\\\/pt-pt\\\/spring-2026-abrimos-inscricoes-a-15-de-dezembro\\\/\"]}]},{\"@type\":\"ImageObject\",\"inLanguage\":\"pt-PT\",\"@id\":\"https:\\\/\\\/www.marocchallenge.com\\\/pt-pt\\\/spring-2026-abrimos-inscricoes-a-15-de-dezembro\\\/#primaryimage\",\"url\":\"https:\\\/\\\/www.marocchallenge.com\\\/wp-content\\\/uploads\\\/2025\\\/12\\\/MarocChallenge-11-12.png\",\"contentUrl\":\"https:\\\/\\\/www.marocchallenge.com\\\/wp-content\\\/uploads\\\/2025\\\/12\\\/MarocChallenge-11-12.png\",\"width\":1200,\"height\":675},{\"@type\":\"BreadcrumbList\",\"@id\":\"https:\\\/\\\/www.marocchallenge.com\\\/pt-pt\\\/spring-2026-abrimos-inscricoes-a-15-de-dezembro\\\/#breadcrumb\",\"itemListElement\":[{\"@type\":\"ListItem\",\"position\":1,\"name\":\"Portada\",\"item\":\"https:\\\/\\\/www.marocchallenge.com\\\/pt-pt\\\/\"},{\"@type\":\"ListItem\",\"position\":2,\"name\":\"SPRING 2026: ABRIMOS INSCRI\u00c7\u00d5ES A 15 DE DEZEMBRO!\"}]},{\"@type\":\"WebSite\",\"@id\":\"https:\\\/\\\/www.marocchallenge.com\\\/pt-pt\\\/#website\",\"url\":\"https:\\\/\\\/www.marocchallenge.com\\\/pt-pt\\\/\",\"name\":\"Maroc Challenge\",\"description\":\"O Dakar dos anos 70 para os aventureiros de hoje\",\"publisher\":{\"@id\":\"https:\\\/\\\/www.marocchallenge.com\\\/pt-pt\\\/#organization\"},\"potentialAction\":[{\"@type\":\"SearchAction\",\"target\":{\"@type\":\"EntryPoint\",\"urlTemplate\":\"https:\\\/\\\/www.marocchallenge.com\\\/pt-pt\\\/?s={search_term_string}\"},\"query-input\":{\"@type\":\"PropertyValueSpecification\",\"valueRequired\":true,\"valueName\":\"search_term_string\"}}],\"inLanguage\":\"pt-PT\"},{\"@type\":\"Organization\",\"@id\":\"https:\\\/\\\/www.marocchallenge.com\\\/pt-pt\\\/#organization\",\"name\":\"Maroc Challenge - El Dakar de los 70's para los aventureros de hoy\",\"url\":\"https:\\\/\\\/www.marocchallenge.com\\\/pt-pt\\\/\",\"logo\":{\"@type\":\"ImageObject\",\"inLanguage\":\"pt-PT\",\"@id\":\"https:\\\/\\\/www.marocchallenge.com\\\/pt-pt\\\/#\\\/schema\\\/logo\\\/image\\\/\",\"url\":\"https:\\\/\\\/www.marocchallenge.com\\\/wp-content\\\/uploads\\\/2020\\\/03\\\/Logo-Maroc_Challenge.png\",\"contentUrl\":\"https:\\\/\\\/www.marocchallenge.com\\\/wp-content\\\/uploads\\\/2020\\\/03\\\/Logo-Maroc_Challenge.png\",\"width\":170,\"height\":96,\"caption\":\"Maroc Challenge - El Dakar de los 70's para los aventureros de hoy\"},\"image\":{\"@id\":\"https:\\\/\\\/www.marocchallenge.com\\\/pt-pt\\\/#\\\/schema\\\/logo\\\/image\\\/\"},\"sameAs\":[\"https:\\\/\\\/www.facebook.com\\\/MarocChallenge\\\/\",\"https:\\\/\\\/x.com\\\/marochallenge\",\"https:\\\/\\\/www.instagram.com\\\/marocchallenge\\\/\",\"https:\\\/\\\/www.linkedin.com\\\/company\\\/maroc-challenge\",\"https:\\\/\\\/www.youtube.com\\\/user\\\/MarocChallenge\"]},{\"@type\":\"Person\",\"@id\":\"https:\\\/\\\/www.marocchallenge.com\\\/pt-pt\\\/#\\\/schema\\\/person\\\/298a597a188b0019416217b2301b9e10\",\"name\":\"Rui Caba\u00e7o\",\"image\":{\"@type\":\"ImageObject\",\"inLanguage\":\"pt-PT\",\"@id\":\"https:\\\/\\\/secure.gravatar.com\\\/avatar\\\/7ac3f434351cbd7875a5f064f6695a52ab4f6ffeb48c6bffb908c8e6f0e3bf73?s=96&d=mm&r=g\",\"url\":\"https:\\\/\\\/secure.gravatar.com\\\/avatar\\\/7ac3f434351cbd7875a5f064f6695a52ab4f6ffeb48c6bffb908c8e6f0e3bf73?s=96&d=mm&r=g\",\"contentUrl\":\"https:\\\/\\\/secure.gravatar.com\\\/avatar\\\/7ac3f434351cbd7875a5f064f6695a52ab4f6ffeb48c6bffb908c8e6f0e3bf73?s=96&d=mm&r=g\",\"caption\":\"Rui Caba\u00e7o\"}}]}<\/script>\n<!-- \/ Yoast SEO plugin. -->","yoast_head_json":{"title":"SPRING 2026: ABRIMOS INSCRI\u00c7\u00d5ES A 15 DE DEZEMBRO! - Maroc Challenge","description":"As inscri\u00e7\u00f5es para a pr\u00f3xima edi\u00e7\u00e3o da Maroc Challenge abrir\u00e3o no dia 15 de dezembro. Os primeiros detalhes da Spring 2026, que se realizar\u00e1 de 27 de mar\u00e7o a 4 de abril, ser\u00e3o apresentados nas pr\u00f3ximas semanas.","robots":{"index":"index","follow":"follow","max-snippet":"max-snippet:-1","max-image-preview":"max-image-preview:large","max-video-preview":"max-video-preview:-1"},"canonical":"https:\/\/www.marocchallenge.com\/pt-pt\/spring-2026-abrimos-inscricoes-a-15-de-dezembro\/","og_locale":"pt_PT","og_type":"article","og_title":"SPRING 2026: ABRIMOS INSCRI\u00c7\u00d5ES A 15 DE DEZEMBRO! - Maroc Challenge","og_description":"As inscri\u00e7\u00f5es para a pr\u00f3xima edi\u00e7\u00e3o da Maroc Challenge abrir\u00e3o no dia 15 de dezembro. Os primeiros detalhes da Spring 2026, que se realizar\u00e1 de 27 de mar\u00e7o a 4 de abril, ser\u00e3o apresentados nas pr\u00f3ximas semanas.","og_url":"https:\/\/www.marocchallenge.com\/pt-pt\/spring-2026-abrimos-inscricoes-a-15-de-dezembro\/","og_site_name":"Maroc Challenge","article_publisher":"https:\/\/www.facebook.com\/MarocChallenge\/","article_published_time":"2025-12-11T06:21:14+00:00","article_modified_time":"2025-12-11T06:40:13+00:00","og_image":[{"width":1200,"height":675,"url":"https:\/\/www.marocchallenge.com\/wp-content\/uploads\/2025\/12\/MarocChallenge-11-12.png","type":"image\/png"}],"author":"Rui Caba\u00e7o","twitter_card":"summary_large_image","twitter_creator":"@marochallenge","twitter_site":"@marochallenge","twitter_misc":{"Escrito por":"Rui Caba\u00e7o","Tempo estimado de leitura":"2 minutos"},"schema":{"@context":"https:\/\/schema.org","@graph":[{"@type":"Article","@id":"https:\/\/www.marocchallenge.com\/pt-pt\/spring-2026-abrimos-inscricoes-a-15-de-dezembro\/#article","isPartOf":{"@id":"https:\/\/www.marocchallenge.com\/pt-pt\/spring-2026-abrimos-inscricoes-a-15-de-dezembro\/"},"author":{"name":"Rui Caba\u00e7o","@id":"https:\/\/www.marocchallenge.com\/pt-pt\/#\/schema\/person\/298a597a188b0019416217b2301b9e10"},"headline":"SPRING 2026: ABRIMOS INSCRI\u00c7\u00d5ES A 15 DE DEZEMBRO!","datePublished":"2025-12-11T06:21:14+00:00","dateModified":"2025-12-11T06:40:13+00:00","mainEntityOfPage":{"@id":"https:\/\/www.marocchallenge.com\/pt-pt\/spring-2026-abrimos-inscricoes-a-15-de-dezembro\/"},"wordCount":174,"publisher":{"@id":"https:\/\/www.marocchallenge.com\/pt-pt\/#organization"},"image":{"@id":"https:\/\/www.marocchallenge.com\/pt-pt\/spring-2026-abrimos-inscricoes-a-15-de-dezembro\/#primaryimage"},"thumbnailUrl":"https:\/\/www.marocchallenge.com\/wp-content\/uploads\/2025\/12\/MarocChallenge-11-12.png","articleSection":["Noticias"],"inLanguage":"pt-PT"},{"@type":"WebPage","@id":"https:\/\/www.marocchallenge.com\/pt-pt\/spring-2026-abrimos-inscricoes-a-15-de-dezembro\/","url":"https:\/\/www.marocchallenge.com\/pt-pt\/spring-2026-abrimos-inscricoes-a-15-de-dezembro\/","name":"SPRING 2026: ABRIMOS INSCRI\u00c7\u00d5ES A 15 DE DEZEMBRO! - Maroc Challenge","isPartOf":{"@id":"https:\/\/www.marocchallenge.com\/pt-pt\/#website"},"primaryImageOfPage":{"@id":"https:\/\/www.marocchallenge.com\/pt-pt\/spring-2026-abrimos-inscricoes-a-15-de-dezembro\/#primaryimage"},"image":{"@id":"https:\/\/www.marocchallenge.com\/pt-pt\/spring-2026-abrimos-inscricoes-a-15-de-dezembro\/#primaryimage"},"thumbnailUrl":"https:\/\/www.marocchallenge.com\/wp-content\/uploads\/2025\/12\/MarocChallenge-11-12.png","datePublished":"2025-12-11T06:21:14+00:00","dateModified":"2025-12-11T06:40:13+00:00","description":"As inscri\u00e7\u00f5es para a pr\u00f3xima edi\u00e7\u00e3o da Maroc Challenge abrir\u00e3o no dia 15 de dezembro. Os primeiros detalhes da Spring 2026, que se realizar\u00e1 de 27 de mar\u00e7o a 4 de abril, ser\u00e3o apresentados nas pr\u00f3ximas semanas.","breadcrumb":{"@id":"https:\/\/www.marocchallenge.com\/pt-pt\/spring-2026-abrimos-inscricoes-a-15-de-dezembro\/#breadcrumb"},"inLanguage":"pt-PT","potentialAction":[{"@type":"ReadAction","target":["https:\/\/www.marocchallenge.com\/pt-pt\/spring-2026-abrimos-inscricoes-a-15-de-dezembro\/"]}]},{"@type":"ImageObject","inLanguage":"pt-PT","@id":"https:\/\/www.marocchallenge.com\/pt-pt\/spring-2026-abrimos-inscricoes-a-15-de-dezembro\/#primaryimage","url":"https:\/\/www.marocchallenge.com\/wp-content\/uploads\/2025\/12\/MarocChallenge-11-12.png","contentUrl":"https:\/\/www.marocchallenge.com\/wp-content\/uploads\/2025\/12\/MarocChallenge-11-12.png","width":1200,"height":675},{"@type":"BreadcrumbList","@id":"https:\/\/www.marocchallenge.com\/pt-pt\/spring-2026-abrimos-inscricoes-a-15-de-dezembro\/#breadcrumb","itemListElement":[{"@type":"ListItem","position":1,"name":"Portada","item":"https:\/\/www.marocchallenge.com\/pt-pt\/"},{"@type":"ListItem","position":2,"name":"SPRING 2026: ABRIMOS INSCRI\u00c7\u00d5ES A 15 DE DEZEMBRO!"}]},{"@type":"WebSite","@id":"https:\/\/www.marocchallenge.com\/pt-pt\/#website","url":"https:\/\/www.marocchallenge.com\/pt-pt\/","name":"Maroc Challenge","description":"O Dakar dos anos 70 para os aventureiros de hoje","publisher":{"@id":"https:\/\/www.marocchallenge.com\/pt-pt\/#organization"},"potentialAction":[{"@type":"SearchAction","target":{"@type":"EntryPoint","urlTemplate":"https:\/\/www.marocchallenge.com\/pt-pt\/?s={search_term_string}"},"query-input":{"@type":"PropertyValueSpecification","valueRequired":true,"valueName":"search_term_string"}}],"inLanguage":"pt-PT"},{"@type":"Organization","@id":"https:\/\/www.marocchallenge.com\/pt-pt\/#organization","name":"Maroc Challenge - El Dakar de los 70's para los aventureros de hoy","url":"https:\/\/www.marocchallenge.com\/pt-pt\/","logo":{"@type":"ImageObject","inLanguage":"pt-PT","@id":"https:\/\/www.marocchallenge.com\/pt-pt\/#\/schema\/logo\/image\/","url":"https:\/\/www.marocchallenge.com\/wp-content\/uploads\/2020\/03\/Logo-Maroc_Challenge.png","contentUrl":"https:\/\/www.marocchallenge.com\/wp-content\/uploads\/2020\/03\/Logo-Maroc_Challenge.png","width":170,"height":96,"caption":"Maroc Challenge - El Dakar de los 70's para los aventureros de hoy"},"image":{"@id":"https:\/\/www.marocchallenge.com\/pt-pt\/#\/schema\/logo\/image\/"},"sameAs":["https:\/\/www.facebook.com\/MarocChallenge\/","https:\/\/x.com\/marochallenge","https:\/\/www.instagram.com\/marocchallenge\/","https:\/\/www.linkedin.com\/company\/maroc-challenge","https:\/\/www.youtube.com\/user\/MarocChallenge"]},{"@type":"Person","@id":"https:\/\/www.marocchallenge.com\/pt-pt\/#\/schema\/person\/298a597a188b0019416217b2301b9e10","name":"Rui Caba\u00e7o","image":{"@type":"ImageObject","inLanguage":"pt-PT","@id":"https:\/\/secure.gravatar.com\/avatar\/7ac3f434351cbd7875a5f064f6695a52ab4f6ffeb48c6bffb908c8e6f0e3bf73?s=96&d=mm&r=g","url":"https:\/\/secure.gravatar.com\/avatar\/7ac3f434351cbd7875a5f064f6695a52ab4f6ffeb48c6bffb908c8e6f0e3bf73?s=96&d=mm&r=g","contentUrl":"https:\/\/secure.gravatar.com\/avatar\/7ac3f434351cbd7875a5f064f6695a52ab4f6ffeb48c6bffb908c8e6f0e3bf73?s=96&d=mm&r=g","caption":"Rui Caba\u00e7o"}}]}},"_links":{"self":[{"href":"https:\/\/www.marocchallenge.com\/pt-pt\/wp-json\/wp\/v2\/posts\/24000","targetHints":{"allow":["GET"]}}],"collection":[{"href":"https:\/\/www.marocchallenge.com\/pt-pt\/wp-json\/wp\/v2\/posts"}],"about":[{"href":"https:\/\/www.marocchallenge.com\/pt-pt\/wp-json\/wp\/v2\/types\/post"}],"author":[{"embeddable":true,"href":"https:\/\/www.marocchallenge.com\/pt-pt\/wp-json\/wp\/v2\/users\/2"}],"replies":[{"embeddable":true,"href":"https:\/\/www.marocchallenge.com\/pt-pt\/wp-json\/wp\/v2\/comments?post=24000"}],"version-history":[{"count":3,"href":"https:\/\/www.marocchallenge.com\/pt-pt\/wp-json\/wp\/v2\/posts\/24000\/revisions"}],"predecessor-version":[{"id":24013,"href":"https:\/\/www.marocchallenge.com\/pt-pt\/wp-json\/wp\/v2\/posts\/24000\/revisions\/24013"}],"wp:featuredmedia":[{"embeddable":true,"href":"https:\/\/www.marocchallenge.com\/pt-pt\/wp-json\/wp\/v2\/media\/23995"}],"wp:attachment":[{"href":"https:\/\/www.marocchallenge.com\/pt-pt\/wp-json\/wp\/v2\/media?parent=24000"}],"wp:term":[{"taxonomy":"category","embeddable":true,"href":"https:\/\/www.marocchallenge.com\/pt-pt\/wp-json\/wp\/v2\/categories?post=24000"},{"taxonomy":"post_tag","embeddable":true,"href":"https:\/\/www.marocchallenge.com\/pt-pt\/wp-json\/wp\/v2\/tags?post=24000"}],"curies":[{"name":"wp","href":"https:\/\/api.w.org\/{rel}","templated":true}]}}