{"id":24113,"date":"2025-12-15T08:25:31","date_gmt":"2025-12-15T08:25:31","guid":{"rendered":"https:\/\/www.marocchallenge.com\/arena-de-principio-a-fin-para-la-spring-2026\/"},"modified":"2025-12-15T08:39:06","modified_gmt":"2025-12-15T08:39:06","slug":"areia-do-inicio-ao-fim-na-spring-2026","status":"publish","type":"post","link":"https:\/\/www.marocchallenge.com\/pt-pt\/areia-do-inicio-ao-fim-na-spring-2026\/","title":{"rendered":"AREIA DO IN\u00cdCIO AO FIM NA SPRING 2026!"},"content":{"rendered":"<h2><img decoding=\"async\" class=\"alignnone wp-image-24103 size-full\" src=\"https:\/\/www.marocchallenge.com\/wp-content\/uploads\/2025\/12\/MarocChallenge-14-12.png\" alt=\"\" width=\"1200\" height=\"675\" srcset=\"https:\/\/www.marocchallenge.com\/wp-content\/uploads\/2025\/12\/MarocChallenge-14-12-200x113.png 200w, https:\/\/www.marocchallenge.com\/wp-content\/uploads\/2025\/12\/MarocChallenge-14-12-300x169.png 300w, https:\/\/www.marocchallenge.com\/wp-content\/uploads\/2025\/12\/MarocChallenge-14-12-400x225.png 400w, https:\/\/www.marocchallenge.com\/wp-content\/uploads\/2025\/12\/MarocChallenge-14-12-600x338.png 600w, https:\/\/www.marocchallenge.com\/wp-content\/uploads\/2025\/12\/MarocChallenge-14-12-768x432.png 768w, https:\/\/www.marocchallenge.com\/wp-content\/uploads\/2025\/12\/MarocChallenge-14-12-800x450.png 800w, https:\/\/www.marocchallenge.com\/wp-content\/uploads\/2025\/12\/MarocChallenge-14-12-1024x576.png 1024w, https:\/\/www.marocchallenge.com\/wp-content\/uploads\/2025\/12\/MarocChallenge-14-12.png 1200w\" sizes=\"(max-width: 1200px) 100vw, 1200px\" \/><\/h2>\n<h2>As inscri\u00e7\u00f5es para a Spring 2026 j\u00e1 est\u00e3o abertas e queremos partilhar os primeiros detalhes de uma edi\u00e7\u00e3o em que a areia e as dunas voltar\u00e3o a ser as grandes protagonistas, seguindo a linha definida na Winter 2025.<\/h2>\n<p>A <strong>25.\u00aa edi\u00e7\u00e3o da Maroc Challenge<\/strong>, que se realizar\u00e1 de <strong>27 de mar\u00e7o a 4 de abril<\/strong>, ter\u00e1 in\u00edcio em <strong>Erfoud<\/strong>, onde tamb\u00e9m decorrer\u00e3o as <strong>verifica\u00e7\u00f5es administrativas e t\u00e9cnicas<\/strong>. Ap\u00f3s <strong>seis etapas<\/strong>, a prova terminar\u00e1 aos p\u00e9s do <strong>Erg Chebbi<\/strong>, com areia do <strong>primeiro ao \u00faltimo quil\u00f3metro<\/strong>.<\/p>\n<p>O percurso da <strong>Spring 2026<\/strong> ser\u00e1 uma combina\u00e7\u00e3o da \u00faltima <strong>Winter<\/strong>, mas com <strong>etapas diferentes<\/strong>. Desenvolver-se-\u00e1, de forma geral, nas mesmas zonas, embora com <strong>varia\u00e7\u00f5es nos percursos<\/strong>, com o objetivo de voltar a oferecer uma edi\u00e7\u00e3o com <strong>muito deserto e dunas<\/strong>.<\/p>\n<p>Mantemos o compromisso de desenhar <strong>percursos adaptados \u00e0s diferentes categorias<\/strong>, alargando as zonas de areia para os <strong>SSV<\/strong>, ve\u00edculos que se adaptam na perfei\u00e7\u00e3o \u00e0s dunas. Para al\u00e9m do <strong>Erg Chebbi<\/strong> e das dunas de <strong>Ouzina<\/strong>, o itiner\u00e1rio voltar\u00e1 a atravessar o <strong>Erg Chegaga<\/strong>, tal como fizemos pela primeira vez na <strong>Winter 2025<\/strong>.<\/p>\n<p>Estamos a trabalhar para melhorar uma edi\u00e7\u00e3o cujo percurso j\u00e1 foi muito apreciado pelos participantes, cuidando de todos os detalhes com base na experi\u00eancia adquirida em dezembro.<\/p>\n<p><strong>Zagora<\/strong> acolher\u00e1 o final da <strong>segunda etapa<\/strong>, <strong>M\u2019Hamid<\/strong> o da <strong>terceira<\/strong>, e a <strong>quarta etapa<\/strong> terminar\u00e1 no <strong>acampamento de Sidi Ali<\/strong>. O tradicional <strong>bivouac<\/strong> ficar\u00e1 novamente situado junto ao <strong>lago Maider<\/strong>, perto da localidade de <strong>Tafraoute<\/strong>, a meio caminho entre <strong>M\u2019Hamid e Erfoud<\/strong>.<\/p>\n<p>Ser\u00e1 uma edi\u00e7\u00e3o <strong>muito especial<\/strong>. Em primeiro lugar, porque celebraremos o <strong>25.\u00ba anivers\u00e1rio<\/strong> da Maroc Challenge e, em segundo lugar, porque ser\u00e1 uma das edi\u00e7\u00f5es <strong>mais aventureiras e desafiantes<\/strong>, absolutamente <strong>inesquec\u00edvel<\/strong>, com <strong>muita areia e dunas<\/strong>.<\/p>\n<p>No nosso <strong>site<\/strong>, poder\u00e3o consultar mais informa\u00e7\u00f5es sobre a prova, bem como o <strong>calend\u00e1rio de inscri\u00e7\u00f5es<\/strong> e os <strong>prazos definidos<\/strong> para aceder \u00e0s <strong>tarifas mais econ\u00f3micas<\/strong>.<\/p>\n","protected":false},"excerpt":{"rendered":"<p>As inscri\u00e7\u00f5es para a Spring 2026 j\u00e1 est\u00e3o abertas e<\/p>\n","protected":false},"author":2,"featured_media":24107,"comment_status":"closed","ping_status":"closed","sticky":false,"template":"","format":"standard","meta":{"footnotes":""},"categories":[93],"tags":[],"class_list":["post-24113","post","type-post","status-publish","format-standard","has-post-thumbnail","hentry","category-noticias-pt-pt"],"yoast_head":"<!-- This site is optimized with the Yoast SEO plugin v27.4 - https:\/\/yoast.com\/product\/yoast-seo-wordpress\/ -->\n<title>AREIA DO IN\u00cdCIO AO FIM NA SPRING 2026! - Maroc Challenge<\/title>\n<meta name=\"description\" content=\"As inscri\u00e7\u00f5es para a Spring 2026 j\u00e1 est\u00e3o abertas e queremos partilhar os primeiros detalhes de uma edi\u00e7\u00e3o em que a areia e as dunas voltar\u00e3o a ser as grandes protagonistas, seguindo a linha definida na Winter 2025.\" \/>\n<meta name=\"robots\" content=\"index, follow, max-snippet:-1, max-image-preview:large, max-video-preview:-1\" \/>\n<link rel=\"canonical\" href=\"https:\/\/www.marocchallenge.com\/pt-pt\/areia-do-inicio-ao-fim-na-spring-2026\/\" \/>\n<meta property=\"og:locale\" content=\"pt_PT\" \/>\n<meta property=\"og:type\" content=\"article\" \/>\n<meta property=\"og:title\" content=\"AREIA DO IN\u00cdCIO AO FIM NA SPRING 2026! - Maroc Challenge\" \/>\n<meta property=\"og:description\" content=\"As inscri\u00e7\u00f5es para a Spring 2026 j\u00e1 est\u00e3o abertas e queremos partilhar os primeiros detalhes de uma edi\u00e7\u00e3o em que a areia e as dunas voltar\u00e3o a ser as grandes protagonistas, seguindo a linha definida na Winter 2025.\" \/>\n<meta property=\"og:url\" content=\"https:\/\/www.marocchallenge.com\/pt-pt\/areia-do-inicio-ao-fim-na-spring-2026\/\" \/>\n<meta property=\"og:site_name\" content=\"Maroc Challenge\" \/>\n<meta property=\"article:publisher\" content=\"https:\/\/www.facebook.com\/MarocChallenge\/\" \/>\n<meta property=\"article:published_time\" content=\"2025-12-15T08:25:31+00:00\" \/>\n<meta property=\"article:modified_time\" content=\"2025-12-15T08:39:06+00:00\" \/>\n<meta property=\"og:image\" content=\"https:\/\/www.marocchallenge.com\/wp-content\/uploads\/2025\/12\/MarocChallenge-14-12.png\" \/>\n\t<meta property=\"og:image:width\" content=\"1200\" \/>\n\t<meta property=\"og:image:height\" content=\"675\" \/>\n\t<meta property=\"og:image:type\" content=\"image\/png\" \/>\n<meta name=\"author\" content=\"Rui Caba\u00e7o\" \/>\n<meta name=\"twitter:card\" content=\"summary_large_image\" \/>\n<meta name=\"twitter:creator\" content=\"@marochallenge\" \/>\n<meta name=\"twitter:site\" content=\"@marochallenge\" \/>\n<meta name=\"twitter:label1\" content=\"Escrito por\" \/>\n\t<meta name=\"twitter:data1\" content=\"Rui Caba\u00e7o\" \/>\n\t<meta name=\"twitter:label2\" content=\"Tempo estimado de leitura\" \/>\n\t<meta name=\"twitter:data2\" content=\"2 minutos\" \/>\n<script type=\"application\/ld+json\" class=\"yoast-schema-graph\">{\"@context\":\"https:\\\/\\\/schema.org\",\"@graph\":[{\"@type\":\"Article\",\"@id\":\"https:\\\/\\\/www.marocchallenge.com\\\/pt-pt\\\/areia-do-inicio-ao-fim-na-spring-2026\\\/#article\",\"isPartOf\":{\"@id\":\"https:\\\/\\\/www.marocchallenge.com\\\/pt-pt\\\/areia-do-inicio-ao-fim-na-spring-2026\\\/\"},\"author\":{\"name\":\"Rui Caba\u00e7o\",\"@id\":\"https:\\\/\\\/www.marocchallenge.com\\\/pt-pt\\\/#\\\/schema\\\/person\\\/298a597a188b0019416217b2301b9e10\"},\"headline\":\"AREIA DO IN\u00cdCIO AO FIM NA SPRING 2026!\",\"datePublished\":\"2025-12-15T08:25:31+00:00\",\"dateModified\":\"2025-12-15T08:39:06+00:00\",\"mainEntityOfPage\":{\"@id\":\"https:\\\/\\\/www.marocchallenge.com\\\/pt-pt\\\/areia-do-inicio-ao-fim-na-spring-2026\\\/\"},\"wordCount\":345,\"publisher\":{\"@id\":\"https:\\\/\\\/www.marocchallenge.com\\\/pt-pt\\\/#organization\"},\"image\":{\"@id\":\"https:\\\/\\\/www.marocchallenge.com\\\/pt-pt\\\/areia-do-inicio-ao-fim-na-spring-2026\\\/#primaryimage\"},\"thumbnailUrl\":\"https:\\\/\\\/www.marocchallenge.com\\\/wp-content\\\/uploads\\\/2025\\\/12\\\/MarocChallenge-14-12.png\",\"articleSection\":[\"Noticias\"],\"inLanguage\":\"pt-PT\"},{\"@type\":\"WebPage\",\"@id\":\"https:\\\/\\\/www.marocchallenge.com\\\/pt-pt\\\/areia-do-inicio-ao-fim-na-spring-2026\\\/\",\"url\":\"https:\\\/\\\/www.marocchallenge.com\\\/pt-pt\\\/areia-do-inicio-ao-fim-na-spring-2026\\\/\",\"name\":\"AREIA DO IN\u00cdCIO AO FIM NA SPRING 2026! - Maroc Challenge\",\"isPartOf\":{\"@id\":\"https:\\\/\\\/www.marocchallenge.com\\\/pt-pt\\\/#website\"},\"primaryImageOfPage\":{\"@id\":\"https:\\\/\\\/www.marocchallenge.com\\\/pt-pt\\\/areia-do-inicio-ao-fim-na-spring-2026\\\/#primaryimage\"},\"image\":{\"@id\":\"https:\\\/\\\/www.marocchallenge.com\\\/pt-pt\\\/areia-do-inicio-ao-fim-na-spring-2026\\\/#primaryimage\"},\"thumbnailUrl\":\"https:\\\/\\\/www.marocchallenge.com\\\/wp-content\\\/uploads\\\/2025\\\/12\\\/MarocChallenge-14-12.png\",\"datePublished\":\"2025-12-15T08:25:31+00:00\",\"dateModified\":\"2025-12-15T08:39:06+00:00\",\"description\":\"As inscri\u00e7\u00f5es para a Spring 2026 j\u00e1 est\u00e3o abertas e queremos partilhar os primeiros detalhes de uma edi\u00e7\u00e3o em que a areia e as dunas voltar\u00e3o a ser as grandes protagonistas, seguindo a linha definida na Winter 2025.\",\"breadcrumb\":{\"@id\":\"https:\\\/\\\/www.marocchallenge.com\\\/pt-pt\\\/areia-do-inicio-ao-fim-na-spring-2026\\\/#breadcrumb\"},\"inLanguage\":\"pt-PT\",\"potentialAction\":[{\"@type\":\"ReadAction\",\"target\":[\"https:\\\/\\\/www.marocchallenge.com\\\/pt-pt\\\/areia-do-inicio-ao-fim-na-spring-2026\\\/\"]}]},{\"@type\":\"ImageObject\",\"inLanguage\":\"pt-PT\",\"@id\":\"https:\\\/\\\/www.marocchallenge.com\\\/pt-pt\\\/areia-do-inicio-ao-fim-na-spring-2026\\\/#primaryimage\",\"url\":\"https:\\\/\\\/www.marocchallenge.com\\\/wp-content\\\/uploads\\\/2025\\\/12\\\/MarocChallenge-14-12.png\",\"contentUrl\":\"https:\\\/\\\/www.marocchallenge.com\\\/wp-content\\\/uploads\\\/2025\\\/12\\\/MarocChallenge-14-12.png\",\"width\":1200,\"height\":675},{\"@type\":\"BreadcrumbList\",\"@id\":\"https:\\\/\\\/www.marocchallenge.com\\\/pt-pt\\\/areia-do-inicio-ao-fim-na-spring-2026\\\/#breadcrumb\",\"itemListElement\":[{\"@type\":\"ListItem\",\"position\":1,\"name\":\"Portada\",\"item\":\"https:\\\/\\\/www.marocchallenge.com\\\/pt-pt\\\/\"},{\"@type\":\"ListItem\",\"position\":2,\"name\":\"AREIA DO IN\u00cdCIO AO FIM NA SPRING 2026!\"}]},{\"@type\":\"WebSite\",\"@id\":\"https:\\\/\\\/www.marocchallenge.com\\\/pt-pt\\\/#website\",\"url\":\"https:\\\/\\\/www.marocchallenge.com\\\/pt-pt\\\/\",\"name\":\"Maroc Challenge\",\"description\":\"O Dakar dos anos 70 para os aventureiros de hoje\",\"publisher\":{\"@id\":\"https:\\\/\\\/www.marocchallenge.com\\\/pt-pt\\\/#organization\"},\"potentialAction\":[{\"@type\":\"SearchAction\",\"target\":{\"@type\":\"EntryPoint\",\"urlTemplate\":\"https:\\\/\\\/www.marocchallenge.com\\\/pt-pt\\\/?s={search_term_string}\"},\"query-input\":{\"@type\":\"PropertyValueSpecification\",\"valueRequired\":true,\"valueName\":\"search_term_string\"}}],\"inLanguage\":\"pt-PT\"},{\"@type\":\"Organization\",\"@id\":\"https:\\\/\\\/www.marocchallenge.com\\\/pt-pt\\\/#organization\",\"name\":\"Maroc Challenge - El Dakar de los 70's para los aventureros de hoy\",\"url\":\"https:\\\/\\\/www.marocchallenge.com\\\/pt-pt\\\/\",\"logo\":{\"@type\":\"ImageObject\",\"inLanguage\":\"pt-PT\",\"@id\":\"https:\\\/\\\/www.marocchallenge.com\\\/pt-pt\\\/#\\\/schema\\\/logo\\\/image\\\/\",\"url\":\"https:\\\/\\\/www.marocchallenge.com\\\/wp-content\\\/uploads\\\/2020\\\/03\\\/Logo-Maroc_Challenge.png\",\"contentUrl\":\"https:\\\/\\\/www.marocchallenge.com\\\/wp-content\\\/uploads\\\/2020\\\/03\\\/Logo-Maroc_Challenge.png\",\"width\":170,\"height\":96,\"caption\":\"Maroc Challenge - El Dakar de los 70's para los aventureros de hoy\"},\"image\":{\"@id\":\"https:\\\/\\\/www.marocchallenge.com\\\/pt-pt\\\/#\\\/schema\\\/logo\\\/image\\\/\"},\"sameAs\":[\"https:\\\/\\\/www.facebook.com\\\/MarocChallenge\\\/\",\"https:\\\/\\\/x.com\\\/marochallenge\",\"https:\\\/\\\/www.instagram.com\\\/marocchallenge\\\/\",\"https:\\\/\\\/www.linkedin.com\\\/company\\\/maroc-challenge\",\"https:\\\/\\\/www.youtube.com\\\/user\\\/MarocChallenge\"]},{\"@type\":\"Person\",\"@id\":\"https:\\\/\\\/www.marocchallenge.com\\\/pt-pt\\\/#\\\/schema\\\/person\\\/298a597a188b0019416217b2301b9e10\",\"name\":\"Rui Caba\u00e7o\",\"image\":{\"@type\":\"ImageObject\",\"inLanguage\":\"pt-PT\",\"@id\":\"https:\\\/\\\/secure.gravatar.com\\\/avatar\\\/7ac3f434351cbd7875a5f064f6695a52ab4f6ffeb48c6bffb908c8e6f0e3bf73?s=96&d=mm&r=g\",\"url\":\"https:\\\/\\\/secure.gravatar.com\\\/avatar\\\/7ac3f434351cbd7875a5f064f6695a52ab4f6ffeb48c6bffb908c8e6f0e3bf73?s=96&d=mm&r=g\",\"contentUrl\":\"https:\\\/\\\/secure.gravatar.com\\\/avatar\\\/7ac3f434351cbd7875a5f064f6695a52ab4f6ffeb48c6bffb908c8e6f0e3bf73?s=96&d=mm&r=g\",\"caption\":\"Rui Caba\u00e7o\"}}]}<\/script>\n<!-- \/ Yoast SEO plugin. -->","yoast_head_json":{"title":"AREIA DO IN\u00cdCIO AO FIM NA SPRING 2026! - Maroc Challenge","description":"As inscri\u00e7\u00f5es para a Spring 2026 j\u00e1 est\u00e3o abertas e queremos partilhar os primeiros detalhes de uma edi\u00e7\u00e3o em que a areia e as dunas voltar\u00e3o a ser as grandes protagonistas, seguindo a linha definida na Winter 2025.","robots":{"index":"index","follow":"follow","max-snippet":"max-snippet:-1","max-image-preview":"max-image-preview:large","max-video-preview":"max-video-preview:-1"},"canonical":"https:\/\/www.marocchallenge.com\/pt-pt\/areia-do-inicio-ao-fim-na-spring-2026\/","og_locale":"pt_PT","og_type":"article","og_title":"AREIA DO IN\u00cdCIO AO FIM NA SPRING 2026! - Maroc Challenge","og_description":"As inscri\u00e7\u00f5es para a Spring 2026 j\u00e1 est\u00e3o abertas e queremos partilhar os primeiros detalhes de uma edi\u00e7\u00e3o em que a areia e as dunas voltar\u00e3o a ser as grandes protagonistas, seguindo a linha definida na Winter 2025.","og_url":"https:\/\/www.marocchallenge.com\/pt-pt\/areia-do-inicio-ao-fim-na-spring-2026\/","og_site_name":"Maroc Challenge","article_publisher":"https:\/\/www.facebook.com\/MarocChallenge\/","article_published_time":"2025-12-15T08:25:31+00:00","article_modified_time":"2025-12-15T08:39:06+00:00","og_image":[{"width":1200,"height":675,"url":"https:\/\/www.marocchallenge.com\/wp-content\/uploads\/2025\/12\/MarocChallenge-14-12.png","type":"image\/png"}],"author":"Rui Caba\u00e7o","twitter_card":"summary_large_image","twitter_creator":"@marochallenge","twitter_site":"@marochallenge","twitter_misc":{"Escrito por":"Rui Caba\u00e7o","Tempo estimado de leitura":"2 minutos"},"schema":{"@context":"https:\/\/schema.org","@graph":[{"@type":"Article","@id":"https:\/\/www.marocchallenge.com\/pt-pt\/areia-do-inicio-ao-fim-na-spring-2026\/#article","isPartOf":{"@id":"https:\/\/www.marocchallenge.com\/pt-pt\/areia-do-inicio-ao-fim-na-spring-2026\/"},"author":{"name":"Rui Caba\u00e7o","@id":"https:\/\/www.marocchallenge.com\/pt-pt\/#\/schema\/person\/298a597a188b0019416217b2301b9e10"},"headline":"AREIA DO IN\u00cdCIO AO FIM NA SPRING 2026!","datePublished":"2025-12-15T08:25:31+00:00","dateModified":"2025-12-15T08:39:06+00:00","mainEntityOfPage":{"@id":"https:\/\/www.marocchallenge.com\/pt-pt\/areia-do-inicio-ao-fim-na-spring-2026\/"},"wordCount":345,"publisher":{"@id":"https:\/\/www.marocchallenge.com\/pt-pt\/#organization"},"image":{"@id":"https:\/\/www.marocchallenge.com\/pt-pt\/areia-do-inicio-ao-fim-na-spring-2026\/#primaryimage"},"thumbnailUrl":"https:\/\/www.marocchallenge.com\/wp-content\/uploads\/2025\/12\/MarocChallenge-14-12.png","articleSection":["Noticias"],"inLanguage":"pt-PT"},{"@type":"WebPage","@id":"https:\/\/www.marocchallenge.com\/pt-pt\/areia-do-inicio-ao-fim-na-spring-2026\/","url":"https:\/\/www.marocchallenge.com\/pt-pt\/areia-do-inicio-ao-fim-na-spring-2026\/","name":"AREIA DO IN\u00cdCIO AO FIM NA SPRING 2026! - Maroc Challenge","isPartOf":{"@id":"https:\/\/www.marocchallenge.com\/pt-pt\/#website"},"primaryImageOfPage":{"@id":"https:\/\/www.marocchallenge.com\/pt-pt\/areia-do-inicio-ao-fim-na-spring-2026\/#primaryimage"},"image":{"@id":"https:\/\/www.marocchallenge.com\/pt-pt\/areia-do-inicio-ao-fim-na-spring-2026\/#primaryimage"},"thumbnailUrl":"https:\/\/www.marocchallenge.com\/wp-content\/uploads\/2025\/12\/MarocChallenge-14-12.png","datePublished":"2025-12-15T08:25:31+00:00","dateModified":"2025-12-15T08:39:06+00:00","description":"As inscri\u00e7\u00f5es para a Spring 2026 j\u00e1 est\u00e3o abertas e queremos partilhar os primeiros detalhes de uma edi\u00e7\u00e3o em que a areia e as dunas voltar\u00e3o a ser as grandes protagonistas, seguindo a linha definida na Winter 2025.","breadcrumb":{"@id":"https:\/\/www.marocchallenge.com\/pt-pt\/areia-do-inicio-ao-fim-na-spring-2026\/#breadcrumb"},"inLanguage":"pt-PT","potentialAction":[{"@type":"ReadAction","target":["https:\/\/www.marocchallenge.com\/pt-pt\/areia-do-inicio-ao-fim-na-spring-2026\/"]}]},{"@type":"ImageObject","inLanguage":"pt-PT","@id":"https:\/\/www.marocchallenge.com\/pt-pt\/areia-do-inicio-ao-fim-na-spring-2026\/#primaryimage","url":"https:\/\/www.marocchallenge.com\/wp-content\/uploads\/2025\/12\/MarocChallenge-14-12.png","contentUrl":"https:\/\/www.marocchallenge.com\/wp-content\/uploads\/2025\/12\/MarocChallenge-14-12.png","width":1200,"height":675},{"@type":"BreadcrumbList","@id":"https:\/\/www.marocchallenge.com\/pt-pt\/areia-do-inicio-ao-fim-na-spring-2026\/#breadcrumb","itemListElement":[{"@type":"ListItem","position":1,"name":"Portada","item":"https:\/\/www.marocchallenge.com\/pt-pt\/"},{"@type":"ListItem","position":2,"name":"AREIA DO IN\u00cdCIO AO FIM NA SPRING 2026!"}]},{"@type":"WebSite","@id":"https:\/\/www.marocchallenge.com\/pt-pt\/#website","url":"https:\/\/www.marocchallenge.com\/pt-pt\/","name":"Maroc Challenge","description":"O Dakar dos anos 70 para os aventureiros de hoje","publisher":{"@id":"https:\/\/www.marocchallenge.com\/pt-pt\/#organization"},"potentialAction":[{"@type":"SearchAction","target":{"@type":"EntryPoint","urlTemplate":"https:\/\/www.marocchallenge.com\/pt-pt\/?s={search_term_string}"},"query-input":{"@type":"PropertyValueSpecification","valueRequired":true,"valueName":"search_term_string"}}],"inLanguage":"pt-PT"},{"@type":"Organization","@id":"https:\/\/www.marocchallenge.com\/pt-pt\/#organization","name":"Maroc Challenge - El Dakar de los 70's para los aventureros de hoy","url":"https:\/\/www.marocchallenge.com\/pt-pt\/","logo":{"@type":"ImageObject","inLanguage":"pt-PT","@id":"https:\/\/www.marocchallenge.com\/pt-pt\/#\/schema\/logo\/image\/","url":"https:\/\/www.marocchallenge.com\/wp-content\/uploads\/2020\/03\/Logo-Maroc_Challenge.png","contentUrl":"https:\/\/www.marocchallenge.com\/wp-content\/uploads\/2020\/03\/Logo-Maroc_Challenge.png","width":170,"height":96,"caption":"Maroc Challenge - El Dakar de los 70's para los aventureros de hoy"},"image":{"@id":"https:\/\/www.marocchallenge.com\/pt-pt\/#\/schema\/logo\/image\/"},"sameAs":["https:\/\/www.facebook.com\/MarocChallenge\/","https:\/\/x.com\/marochallenge","https:\/\/www.instagram.com\/marocchallenge\/","https:\/\/www.linkedin.com\/company\/maroc-challenge","https:\/\/www.youtube.com\/user\/MarocChallenge"]},{"@type":"Person","@id":"https:\/\/www.marocchallenge.com\/pt-pt\/#\/schema\/person\/298a597a188b0019416217b2301b9e10","name":"Rui Caba\u00e7o","image":{"@type":"ImageObject","inLanguage":"pt-PT","@id":"https:\/\/secure.gravatar.com\/avatar\/7ac3f434351cbd7875a5f064f6695a52ab4f6ffeb48c6bffb908c8e6f0e3bf73?s=96&d=mm&r=g","url":"https:\/\/secure.gravatar.com\/avatar\/7ac3f434351cbd7875a5f064f6695a52ab4f6ffeb48c6bffb908c8e6f0e3bf73?s=96&d=mm&r=g","contentUrl":"https:\/\/secure.gravatar.com\/avatar\/7ac3f434351cbd7875a5f064f6695a52ab4f6ffeb48c6bffb908c8e6f0e3bf73?s=96&d=mm&r=g","caption":"Rui Caba\u00e7o"}}]}},"_links":{"self":[{"href":"https:\/\/www.marocchallenge.com\/pt-pt\/wp-json\/wp\/v2\/posts\/24113","targetHints":{"allow":["GET"]}}],"collection":[{"href":"https:\/\/www.marocchallenge.com\/pt-pt\/wp-json\/wp\/v2\/posts"}],"about":[{"href":"https:\/\/www.marocchallenge.com\/pt-pt\/wp-json\/wp\/v2\/types\/post"}],"author":[{"embeddable":true,"href":"https:\/\/www.marocchallenge.com\/pt-pt\/wp-json\/wp\/v2\/users\/2"}],"replies":[{"embeddable":true,"href":"https:\/\/www.marocchallenge.com\/pt-pt\/wp-json\/wp\/v2\/comments?post=24113"}],"version-history":[{"count":2,"href":"https:\/\/www.marocchallenge.com\/pt-pt\/wp-json\/wp\/v2\/posts\/24113\/revisions"}],"predecessor-version":[{"id":24121,"href":"https:\/\/www.marocchallenge.com\/pt-pt\/wp-json\/wp\/v2\/posts\/24113\/revisions\/24121"}],"wp:featuredmedia":[{"embeddable":true,"href":"https:\/\/www.marocchallenge.com\/pt-pt\/wp-json\/wp\/v2\/media\/24107"}],"wp:attachment":[{"href":"https:\/\/www.marocchallenge.com\/pt-pt\/wp-json\/wp\/v2\/media?parent=24113"}],"wp:term":[{"taxonomy":"category","embeddable":true,"href":"https:\/\/www.marocchallenge.com\/pt-pt\/wp-json\/wp\/v2\/categories?post=24113"},{"taxonomy":"post_tag","embeddable":true,"href":"https:\/\/www.marocchallenge.com\/pt-pt\/wp-json\/wp\/v2\/tags?post=24113"}],"curies":[{"name":"wp","href":"https:\/\/api.w.org\/{rel}","templated":true}]}}