{"id":24309,"date":"2026-03-05T14:21:58","date_gmt":"2026-03-05T14:21:58","guid":{"rendered":"https:\/\/www.marocchallenge.com\/mas-arena-y-dunas-que-nunca\/"},"modified":"2026-03-05T14:32:57","modified_gmt":"2026-03-05T14:32:57","slug":"mais-areia-e-dunas-do-que-nunca","status":"publish","type":"post","link":"https:\/\/www.marocchallenge.com\/pt-pt\/mais-areia-e-dunas-do-que-nunca\/","title":{"rendered":"MAIS AREIA E DUNAS DO QUE NUNCA!"},"content":{"rendered":"<h2><img decoding=\"async\" class=\"alignnone wp-image-24300 size-full\" src=\"https:\/\/www.marocchallenge.com\/wp-content\/uploads\/2026\/03\/MarocChallenge-05-03-Recuperado.png\" alt=\"\" width=\"1200\" height=\"675\" srcset=\"https:\/\/www.marocchallenge.com\/wp-content\/uploads\/2026\/03\/MarocChallenge-05-03-Recuperado-200x113.png 200w, https:\/\/www.marocchallenge.com\/wp-content\/uploads\/2026\/03\/MarocChallenge-05-03-Recuperado-300x169.png 300w, https:\/\/www.marocchallenge.com\/wp-content\/uploads\/2026\/03\/MarocChallenge-05-03-Recuperado-400x225.png 400w, https:\/\/www.marocchallenge.com\/wp-content\/uploads\/2026\/03\/MarocChallenge-05-03-Recuperado-600x338.png 600w, https:\/\/www.marocchallenge.com\/wp-content\/uploads\/2026\/03\/MarocChallenge-05-03-Recuperado-768x432.png 768w, https:\/\/www.marocchallenge.com\/wp-content\/uploads\/2026\/03\/MarocChallenge-05-03-Recuperado-800x450.png 800w, https:\/\/www.marocchallenge.com\/wp-content\/uploads\/2026\/03\/MarocChallenge-05-03-Recuperado-1024x576.png 1024w, https:\/\/www.marocchallenge.com\/wp-content\/uploads\/2026\/03\/MarocChallenge-05-03-Recuperado.png 1200w\" sizes=\"(max-width: 1200px) 100vw, 1200px\" \/><\/h2>\n<h2>Conclu\u00edmos os reconhecimentos da Spring 2026, que decorrer\u00e1 de 27 de mar\u00e7o a 4 de abril, e estamos certos de que ser\u00e1 novamente uma edi\u00e7\u00e3o inesquec\u00edvel.<\/h2>\n<p>Uma equipa da organiza\u00e7\u00e3o deslocou-se a Marrocos para rever os tracks e verificar as diferentes zonas por onde esta edi\u00e7\u00e3o ir\u00e1 passar, apresentando um percurso \u00e0 altura das expectativas geradas.<\/p>\n<p>Ser\u00e1 uma das edi\u00e7\u00f5es mais aventureiras e exigentes do Maroc Challenge, absolutamente desafiante, com mais areia e dunas do que nunca nas 24 edi\u00e7\u00f5es j\u00e1 realizadas, e com n\u00edveis de dificuldade claramente definidos em fun\u00e7\u00e3o de cada categoria.<\/p>\n<p>Conclu\u00edmos esta longa e intensa semana de reconhecimentos junto ao Erg Chebbi, um dos pontos mais ic\u00f3nicos do deserto marroquino. Iremos atravess\u00e1-lo duas vezes na sua totalidade, de norte a sul e vice-versa, bem como de forma longitudinal pelo Passo dos Camelos, atravessando tamb\u00e9m os rios de areia que o rodeiam.<\/p>\n<p>Al\u00e9m do Erg Chebbi, das dunas de Ouzina e do Erg Chegaga, incorpor\u00e1mos ao percurso novas zonas de areia in\u00e9ditas na hist\u00f3ria do Maroc. Ao longo de seis etapas, com Erfoud como ponto mais a norte e Foum Zguid como o mais a sul, ser\u00e3o tamb\u00e9m atravessadas imponentes plan\u00edcies com zonas de fesh-fesh, passagens a vau, pistas arenosas e outras mais r\u00e1pidas e t\u00e9cnicas, procurando sempre os melhores tra\u00e7ados.<\/p>\n<p>Importa ainda destacar as paisagens majestosas, que permitir\u00e3o viver ao m\u00e1ximo a aventura do Maroc Challenge.<\/p>\n<p>A utiliza\u00e7\u00e3o de tr\u00eas ve\u00edculos com caracter\u00edsticas distintas \u2014 Mercedes CLK (Coches), Nissan Patrol longo (Adventure TT) e Nissan Patrol curto (Raid e SSV) \u2014 permitiu-nos adaptar com maior precis\u00e3o os percursos e os tracks \u00e0s exig\u00eancias espec\u00edficas de cada categoria.<\/p>\n<p>Todos os detalhes da prova podem ser consultados nas nossas redes sociais, no nosso website e na nova App do Maroc Challenge.<\/p>\n","protected":false},"excerpt":{"rendered":"<p>Conclu\u00edmos os reconhecimentos da Spring 2026, que decorrer\u00e1 de 27<\/p>\n","protected":false},"author":2,"featured_media":24304,"comment_status":"closed","ping_status":"closed","sticky":false,"template":"","format":"standard","meta":{"footnotes":""},"categories":[93],"tags":[],"class_list":["post-24309","post","type-post","status-publish","format-standard","has-post-thumbnail","hentry","category-noticias-pt-pt"],"yoast_head":"<!-- This site is optimized with the Yoast SEO plugin v27.4 - https:\/\/yoast.com\/product\/yoast-seo-wordpress\/ -->\n<title>MAIS AREIA E DUNAS DO QUE NUNCA! - Maroc Challenge<\/title>\n<meta name=\"description\" content=\"Conclu\u00edmos os reconhecimentos da Spring 2026, que decorrer\u00e1 de 27 de mar\u00e7o a 4 de abril, e estamos certos de que ser\u00e1 novamente uma edi\u00e7\u00e3o inesquec\u00edvel.\" \/>\n<meta name=\"robots\" content=\"index, follow, max-snippet:-1, max-image-preview:large, max-video-preview:-1\" \/>\n<link rel=\"canonical\" href=\"https:\/\/www.marocchallenge.com\/pt-pt\/mais-areia-e-dunas-do-que-nunca\/\" \/>\n<meta property=\"og:locale\" content=\"pt_PT\" \/>\n<meta property=\"og:type\" content=\"article\" \/>\n<meta property=\"og:title\" content=\"MAIS AREIA E DUNAS DO QUE NUNCA! - Maroc Challenge\" \/>\n<meta property=\"og:description\" content=\"Conclu\u00edmos os reconhecimentos da Spring 2026, que decorrer\u00e1 de 27 de mar\u00e7o a 4 de abril, e estamos certos de que ser\u00e1 novamente uma edi\u00e7\u00e3o inesquec\u00edvel.\" \/>\n<meta property=\"og:url\" content=\"https:\/\/www.marocchallenge.com\/pt-pt\/mais-areia-e-dunas-do-que-nunca\/\" \/>\n<meta property=\"og:site_name\" content=\"Maroc Challenge\" \/>\n<meta property=\"article:publisher\" content=\"https:\/\/www.facebook.com\/MarocChallenge\/\" \/>\n<meta property=\"article:published_time\" content=\"2026-03-05T14:21:58+00:00\" \/>\n<meta property=\"article:modified_time\" content=\"2026-03-05T14:32:57+00:00\" \/>\n<meta property=\"og:image\" content=\"https:\/\/www.marocchallenge.com\/wp-content\/uploads\/2026\/03\/MarocChallenge-05-03-Recuperado.png\" \/>\n\t<meta property=\"og:image:width\" content=\"1200\" \/>\n\t<meta property=\"og:image:height\" content=\"675\" \/>\n\t<meta property=\"og:image:type\" content=\"image\/png\" \/>\n<meta name=\"author\" content=\"Rui Caba\u00e7o\" \/>\n<meta name=\"twitter:card\" content=\"summary_large_image\" \/>\n<meta name=\"twitter:creator\" content=\"@marochallenge\" \/>\n<meta name=\"twitter:site\" content=\"@marochallenge\" \/>\n<meta name=\"twitter:label1\" content=\"Escrito por\" \/>\n\t<meta name=\"twitter:data1\" content=\"Rui Caba\u00e7o\" \/>\n\t<meta name=\"twitter:label2\" content=\"Tempo estimado de leitura\" \/>\n\t<meta name=\"twitter:data2\" content=\"2 minutos\" \/>\n<script type=\"application\/ld+json\" class=\"yoast-schema-graph\">{\"@context\":\"https:\\\/\\\/schema.org\",\"@graph\":[{\"@type\":\"Article\",\"@id\":\"https:\\\/\\\/www.marocchallenge.com\\\/pt-pt\\\/mais-areia-e-dunas-do-que-nunca\\\/#article\",\"isPartOf\":{\"@id\":\"https:\\\/\\\/www.marocchallenge.com\\\/pt-pt\\\/mais-areia-e-dunas-do-que-nunca\\\/\"},\"author\":{\"name\":\"Rui Caba\u00e7o\",\"@id\":\"https:\\\/\\\/www.marocchallenge.com\\\/pt-pt\\\/#\\\/schema\\\/person\\\/298a597a188b0019416217b2301b9e10\"},\"headline\":\"MAIS AREIA E DUNAS DO QUE NUNCA!\",\"datePublished\":\"2026-03-05T14:21:58+00:00\",\"dateModified\":\"2026-03-05T14:32:57+00:00\",\"mainEntityOfPage\":{\"@id\":\"https:\\\/\\\/www.marocchallenge.com\\\/pt-pt\\\/mais-areia-e-dunas-do-que-nunca\\\/\"},\"wordCount\":326,\"publisher\":{\"@id\":\"https:\\\/\\\/www.marocchallenge.com\\\/pt-pt\\\/#organization\"},\"image\":{\"@id\":\"https:\\\/\\\/www.marocchallenge.com\\\/pt-pt\\\/mais-areia-e-dunas-do-que-nunca\\\/#primaryimage\"},\"thumbnailUrl\":\"https:\\\/\\\/www.marocchallenge.com\\\/wp-content\\\/uploads\\\/2026\\\/03\\\/MarocChallenge-05-03-Recuperado.png\",\"articleSection\":[\"Noticias\"],\"inLanguage\":\"pt-PT\"},{\"@type\":\"WebPage\",\"@id\":\"https:\\\/\\\/www.marocchallenge.com\\\/pt-pt\\\/mais-areia-e-dunas-do-que-nunca\\\/\",\"url\":\"https:\\\/\\\/www.marocchallenge.com\\\/pt-pt\\\/mais-areia-e-dunas-do-que-nunca\\\/\",\"name\":\"MAIS AREIA E DUNAS DO QUE NUNCA! - Maroc Challenge\",\"isPartOf\":{\"@id\":\"https:\\\/\\\/www.marocchallenge.com\\\/pt-pt\\\/#website\"},\"primaryImageOfPage\":{\"@id\":\"https:\\\/\\\/www.marocchallenge.com\\\/pt-pt\\\/mais-areia-e-dunas-do-que-nunca\\\/#primaryimage\"},\"image\":{\"@id\":\"https:\\\/\\\/www.marocchallenge.com\\\/pt-pt\\\/mais-areia-e-dunas-do-que-nunca\\\/#primaryimage\"},\"thumbnailUrl\":\"https:\\\/\\\/www.marocchallenge.com\\\/wp-content\\\/uploads\\\/2026\\\/03\\\/MarocChallenge-05-03-Recuperado.png\",\"datePublished\":\"2026-03-05T14:21:58+00:00\",\"dateModified\":\"2026-03-05T14:32:57+00:00\",\"description\":\"Conclu\u00edmos os reconhecimentos da Spring 2026, que decorrer\u00e1 de 27 de mar\u00e7o a 4 de abril, e estamos certos de que ser\u00e1 novamente uma edi\u00e7\u00e3o inesquec\u00edvel.\",\"breadcrumb\":{\"@id\":\"https:\\\/\\\/www.marocchallenge.com\\\/pt-pt\\\/mais-areia-e-dunas-do-que-nunca\\\/#breadcrumb\"},\"inLanguage\":\"pt-PT\",\"potentialAction\":[{\"@type\":\"ReadAction\",\"target\":[\"https:\\\/\\\/www.marocchallenge.com\\\/pt-pt\\\/mais-areia-e-dunas-do-que-nunca\\\/\"]}]},{\"@type\":\"ImageObject\",\"inLanguage\":\"pt-PT\",\"@id\":\"https:\\\/\\\/www.marocchallenge.com\\\/pt-pt\\\/mais-areia-e-dunas-do-que-nunca\\\/#primaryimage\",\"url\":\"https:\\\/\\\/www.marocchallenge.com\\\/wp-content\\\/uploads\\\/2026\\\/03\\\/MarocChallenge-05-03-Recuperado.png\",\"contentUrl\":\"https:\\\/\\\/www.marocchallenge.com\\\/wp-content\\\/uploads\\\/2026\\\/03\\\/MarocChallenge-05-03-Recuperado.png\",\"width\":1200,\"height\":675},{\"@type\":\"BreadcrumbList\",\"@id\":\"https:\\\/\\\/www.marocchallenge.com\\\/pt-pt\\\/mais-areia-e-dunas-do-que-nunca\\\/#breadcrumb\",\"itemListElement\":[{\"@type\":\"ListItem\",\"position\":1,\"name\":\"Portada\",\"item\":\"https:\\\/\\\/www.marocchallenge.com\\\/pt-pt\\\/\"},{\"@type\":\"ListItem\",\"position\":2,\"name\":\"MAIS AREIA E DUNAS DO QUE NUNCA!\"}]},{\"@type\":\"WebSite\",\"@id\":\"https:\\\/\\\/www.marocchallenge.com\\\/pt-pt\\\/#website\",\"url\":\"https:\\\/\\\/www.marocchallenge.com\\\/pt-pt\\\/\",\"name\":\"Maroc Challenge\",\"description\":\"O Dakar dos anos 70 para os aventureiros de hoje\",\"publisher\":{\"@id\":\"https:\\\/\\\/www.marocchallenge.com\\\/pt-pt\\\/#organization\"},\"potentialAction\":[{\"@type\":\"SearchAction\",\"target\":{\"@type\":\"EntryPoint\",\"urlTemplate\":\"https:\\\/\\\/www.marocchallenge.com\\\/pt-pt\\\/?s={search_term_string}\"},\"query-input\":{\"@type\":\"PropertyValueSpecification\",\"valueRequired\":true,\"valueName\":\"search_term_string\"}}],\"inLanguage\":\"pt-PT\"},{\"@type\":\"Organization\",\"@id\":\"https:\\\/\\\/www.marocchallenge.com\\\/pt-pt\\\/#organization\",\"name\":\"Maroc Challenge - El Dakar de los 70's para los aventureros de hoy\",\"url\":\"https:\\\/\\\/www.marocchallenge.com\\\/pt-pt\\\/\",\"logo\":{\"@type\":\"ImageObject\",\"inLanguage\":\"pt-PT\",\"@id\":\"https:\\\/\\\/www.marocchallenge.com\\\/pt-pt\\\/#\\\/schema\\\/logo\\\/image\\\/\",\"url\":\"https:\\\/\\\/www.marocchallenge.com\\\/wp-content\\\/uploads\\\/2020\\\/03\\\/Logo-Maroc_Challenge.png\",\"contentUrl\":\"https:\\\/\\\/www.marocchallenge.com\\\/wp-content\\\/uploads\\\/2020\\\/03\\\/Logo-Maroc_Challenge.png\",\"width\":170,\"height\":96,\"caption\":\"Maroc Challenge - El Dakar de los 70's para los aventureros de hoy\"},\"image\":{\"@id\":\"https:\\\/\\\/www.marocchallenge.com\\\/pt-pt\\\/#\\\/schema\\\/logo\\\/image\\\/\"},\"sameAs\":[\"https:\\\/\\\/www.facebook.com\\\/MarocChallenge\\\/\",\"https:\\\/\\\/x.com\\\/marochallenge\",\"https:\\\/\\\/www.instagram.com\\\/marocchallenge\\\/\",\"https:\\\/\\\/www.linkedin.com\\\/company\\\/maroc-challenge\",\"https:\\\/\\\/www.youtube.com\\\/user\\\/MarocChallenge\"]},{\"@type\":\"Person\",\"@id\":\"https:\\\/\\\/www.marocchallenge.com\\\/pt-pt\\\/#\\\/schema\\\/person\\\/298a597a188b0019416217b2301b9e10\",\"name\":\"Rui Caba\u00e7o\",\"image\":{\"@type\":\"ImageObject\",\"inLanguage\":\"pt-PT\",\"@id\":\"https:\\\/\\\/secure.gravatar.com\\\/avatar\\\/7ac3f434351cbd7875a5f064f6695a52ab4f6ffeb48c6bffb908c8e6f0e3bf73?s=96&d=mm&r=g\",\"url\":\"https:\\\/\\\/secure.gravatar.com\\\/avatar\\\/7ac3f434351cbd7875a5f064f6695a52ab4f6ffeb48c6bffb908c8e6f0e3bf73?s=96&d=mm&r=g\",\"contentUrl\":\"https:\\\/\\\/secure.gravatar.com\\\/avatar\\\/7ac3f434351cbd7875a5f064f6695a52ab4f6ffeb48c6bffb908c8e6f0e3bf73?s=96&d=mm&r=g\",\"caption\":\"Rui Caba\u00e7o\"}}]}<\/script>\n<!-- \/ Yoast SEO plugin. -->","yoast_head_json":{"title":"MAIS AREIA E DUNAS DO QUE NUNCA! - Maroc Challenge","description":"Conclu\u00edmos os reconhecimentos da Spring 2026, que decorrer\u00e1 de 27 de mar\u00e7o a 4 de abril, e estamos certos de que ser\u00e1 novamente uma edi\u00e7\u00e3o inesquec\u00edvel.","robots":{"index":"index","follow":"follow","max-snippet":"max-snippet:-1","max-image-preview":"max-image-preview:large","max-video-preview":"max-video-preview:-1"},"canonical":"https:\/\/www.marocchallenge.com\/pt-pt\/mais-areia-e-dunas-do-que-nunca\/","og_locale":"pt_PT","og_type":"article","og_title":"MAIS AREIA E DUNAS DO QUE NUNCA! - Maroc Challenge","og_description":"Conclu\u00edmos os reconhecimentos da Spring 2026, que decorrer\u00e1 de 27 de mar\u00e7o a 4 de abril, e estamos certos de que ser\u00e1 novamente uma edi\u00e7\u00e3o inesquec\u00edvel.","og_url":"https:\/\/www.marocchallenge.com\/pt-pt\/mais-areia-e-dunas-do-que-nunca\/","og_site_name":"Maroc Challenge","article_publisher":"https:\/\/www.facebook.com\/MarocChallenge\/","article_published_time":"2026-03-05T14:21:58+00:00","article_modified_time":"2026-03-05T14:32:57+00:00","og_image":[{"width":1200,"height":675,"url":"https:\/\/www.marocchallenge.com\/wp-content\/uploads\/2026\/03\/MarocChallenge-05-03-Recuperado.png","type":"image\/png"}],"author":"Rui Caba\u00e7o","twitter_card":"summary_large_image","twitter_creator":"@marochallenge","twitter_site":"@marochallenge","twitter_misc":{"Escrito por":"Rui Caba\u00e7o","Tempo estimado de leitura":"2 minutos"},"schema":{"@context":"https:\/\/schema.org","@graph":[{"@type":"Article","@id":"https:\/\/www.marocchallenge.com\/pt-pt\/mais-areia-e-dunas-do-que-nunca\/#article","isPartOf":{"@id":"https:\/\/www.marocchallenge.com\/pt-pt\/mais-areia-e-dunas-do-que-nunca\/"},"author":{"name":"Rui Caba\u00e7o","@id":"https:\/\/www.marocchallenge.com\/pt-pt\/#\/schema\/person\/298a597a188b0019416217b2301b9e10"},"headline":"MAIS AREIA E DUNAS DO QUE NUNCA!","datePublished":"2026-03-05T14:21:58+00:00","dateModified":"2026-03-05T14:32:57+00:00","mainEntityOfPage":{"@id":"https:\/\/www.marocchallenge.com\/pt-pt\/mais-areia-e-dunas-do-que-nunca\/"},"wordCount":326,"publisher":{"@id":"https:\/\/www.marocchallenge.com\/pt-pt\/#organization"},"image":{"@id":"https:\/\/www.marocchallenge.com\/pt-pt\/mais-areia-e-dunas-do-que-nunca\/#primaryimage"},"thumbnailUrl":"https:\/\/www.marocchallenge.com\/wp-content\/uploads\/2026\/03\/MarocChallenge-05-03-Recuperado.png","articleSection":["Noticias"],"inLanguage":"pt-PT"},{"@type":"WebPage","@id":"https:\/\/www.marocchallenge.com\/pt-pt\/mais-areia-e-dunas-do-que-nunca\/","url":"https:\/\/www.marocchallenge.com\/pt-pt\/mais-areia-e-dunas-do-que-nunca\/","name":"MAIS AREIA E DUNAS DO QUE NUNCA! - Maroc Challenge","isPartOf":{"@id":"https:\/\/www.marocchallenge.com\/pt-pt\/#website"},"primaryImageOfPage":{"@id":"https:\/\/www.marocchallenge.com\/pt-pt\/mais-areia-e-dunas-do-que-nunca\/#primaryimage"},"image":{"@id":"https:\/\/www.marocchallenge.com\/pt-pt\/mais-areia-e-dunas-do-que-nunca\/#primaryimage"},"thumbnailUrl":"https:\/\/www.marocchallenge.com\/wp-content\/uploads\/2026\/03\/MarocChallenge-05-03-Recuperado.png","datePublished":"2026-03-05T14:21:58+00:00","dateModified":"2026-03-05T14:32:57+00:00","description":"Conclu\u00edmos os reconhecimentos da Spring 2026, que decorrer\u00e1 de 27 de mar\u00e7o a 4 de abril, e estamos certos de que ser\u00e1 novamente uma edi\u00e7\u00e3o inesquec\u00edvel.","breadcrumb":{"@id":"https:\/\/www.marocchallenge.com\/pt-pt\/mais-areia-e-dunas-do-que-nunca\/#breadcrumb"},"inLanguage":"pt-PT","potentialAction":[{"@type":"ReadAction","target":["https:\/\/www.marocchallenge.com\/pt-pt\/mais-areia-e-dunas-do-que-nunca\/"]}]},{"@type":"ImageObject","inLanguage":"pt-PT","@id":"https:\/\/www.marocchallenge.com\/pt-pt\/mais-areia-e-dunas-do-que-nunca\/#primaryimage","url":"https:\/\/www.marocchallenge.com\/wp-content\/uploads\/2026\/03\/MarocChallenge-05-03-Recuperado.png","contentUrl":"https:\/\/www.marocchallenge.com\/wp-content\/uploads\/2026\/03\/MarocChallenge-05-03-Recuperado.png","width":1200,"height":675},{"@type":"BreadcrumbList","@id":"https:\/\/www.marocchallenge.com\/pt-pt\/mais-areia-e-dunas-do-que-nunca\/#breadcrumb","itemListElement":[{"@type":"ListItem","position":1,"name":"Portada","item":"https:\/\/www.marocchallenge.com\/pt-pt\/"},{"@type":"ListItem","position":2,"name":"MAIS AREIA E DUNAS DO QUE NUNCA!"}]},{"@type":"WebSite","@id":"https:\/\/www.marocchallenge.com\/pt-pt\/#website","url":"https:\/\/www.marocchallenge.com\/pt-pt\/","name":"Maroc Challenge","description":"O Dakar dos anos 70 para os aventureiros de hoje","publisher":{"@id":"https:\/\/www.marocchallenge.com\/pt-pt\/#organization"},"potentialAction":[{"@type":"SearchAction","target":{"@type":"EntryPoint","urlTemplate":"https:\/\/www.marocchallenge.com\/pt-pt\/?s={search_term_string}"},"query-input":{"@type":"PropertyValueSpecification","valueRequired":true,"valueName":"search_term_string"}}],"inLanguage":"pt-PT"},{"@type":"Organization","@id":"https:\/\/www.marocchallenge.com\/pt-pt\/#organization","name":"Maroc Challenge - El Dakar de los 70's para los aventureros de hoy","url":"https:\/\/www.marocchallenge.com\/pt-pt\/","logo":{"@type":"ImageObject","inLanguage":"pt-PT","@id":"https:\/\/www.marocchallenge.com\/pt-pt\/#\/schema\/logo\/image\/","url":"https:\/\/www.marocchallenge.com\/wp-content\/uploads\/2020\/03\/Logo-Maroc_Challenge.png","contentUrl":"https:\/\/www.marocchallenge.com\/wp-content\/uploads\/2020\/03\/Logo-Maroc_Challenge.png","width":170,"height":96,"caption":"Maroc Challenge - El Dakar de los 70's para los aventureros de hoy"},"image":{"@id":"https:\/\/www.marocchallenge.com\/pt-pt\/#\/schema\/logo\/image\/"},"sameAs":["https:\/\/www.facebook.com\/MarocChallenge\/","https:\/\/x.com\/marochallenge","https:\/\/www.instagram.com\/marocchallenge\/","https:\/\/www.linkedin.com\/company\/maroc-challenge","https:\/\/www.youtube.com\/user\/MarocChallenge"]},{"@type":"Person","@id":"https:\/\/www.marocchallenge.com\/pt-pt\/#\/schema\/person\/298a597a188b0019416217b2301b9e10","name":"Rui Caba\u00e7o","image":{"@type":"ImageObject","inLanguage":"pt-PT","@id":"https:\/\/secure.gravatar.com\/avatar\/7ac3f434351cbd7875a5f064f6695a52ab4f6ffeb48c6bffb908c8e6f0e3bf73?s=96&d=mm&r=g","url":"https:\/\/secure.gravatar.com\/avatar\/7ac3f434351cbd7875a5f064f6695a52ab4f6ffeb48c6bffb908c8e6f0e3bf73?s=96&d=mm&r=g","contentUrl":"https:\/\/secure.gravatar.com\/avatar\/7ac3f434351cbd7875a5f064f6695a52ab4f6ffeb48c6bffb908c8e6f0e3bf73?s=96&d=mm&r=g","caption":"Rui Caba\u00e7o"}}]}},"_links":{"self":[{"href":"https:\/\/www.marocchallenge.com\/pt-pt\/wp-json\/wp\/v2\/posts\/24309","targetHints":{"allow":["GET"]}}],"collection":[{"href":"https:\/\/www.marocchallenge.com\/pt-pt\/wp-json\/wp\/v2\/posts"}],"about":[{"href":"https:\/\/www.marocchallenge.com\/pt-pt\/wp-json\/wp\/v2\/types\/post"}],"author":[{"embeddable":true,"href":"https:\/\/www.marocchallenge.com\/pt-pt\/wp-json\/wp\/v2\/users\/2"}],"replies":[{"embeddable":true,"href":"https:\/\/www.marocchallenge.com\/pt-pt\/wp-json\/wp\/v2\/comments?post=24309"}],"version-history":[{"count":2,"href":"https:\/\/www.marocchallenge.com\/pt-pt\/wp-json\/wp\/v2\/posts\/24309\/revisions"}],"predecessor-version":[{"id":24317,"href":"https:\/\/www.marocchallenge.com\/pt-pt\/wp-json\/wp\/v2\/posts\/24309\/revisions\/24317"}],"wp:featuredmedia":[{"embeddable":true,"href":"https:\/\/www.marocchallenge.com\/pt-pt\/wp-json\/wp\/v2\/media\/24304"}],"wp:attachment":[{"href":"https:\/\/www.marocchallenge.com\/pt-pt\/wp-json\/wp\/v2\/media?parent=24309"}],"wp:term":[{"taxonomy":"category","embeddable":true,"href":"https:\/\/www.marocchallenge.com\/pt-pt\/wp-json\/wp\/v2\/categories?post=24309"},{"taxonomy":"post_tag","embeddable":true,"href":"https:\/\/www.marocchallenge.com\/pt-pt\/wp-json\/wp\/v2\/tags?post=24309"}],"curies":[{"name":"wp","href":"https:\/\/api.w.org\/{rel}","templated":true}]}}